{"id":76957,"date":"2024-04-24T12:26:10","date_gmt":"2024-04-24T15:26:10","guid":{"rendered":"https:\/\/cleitonpinheiro.com.br\/site\/?p=76957"},"modified":"2024-04-24T12:26:15","modified_gmt":"2024-04-24T15:26:15","slug":"libertadores-flamengo-enfrenta-bolivar-na-altitude-de-la-paz","status":"publish","type":"post","link":"https:\/\/cleitonpinheiro.com.br\/site\/libertadores-flamengo-enfrenta-bolivar-na-altitude-de-la-paz\/","title":{"rendered":"Libertadores: Flamengo enfrenta Bol\u00edvar na altitude de La Paz"},"content":{"rendered":"\n<figure class=\"wp-block-image size-large\"><img decoding=\"async\" src=\"https:\/\/cleitonpinheiro.com.br\/site\/wp-content\/uploads\/2024\/04\/glylhrnwyaaxnbl-1024x613.webp\" alt=\"\" class=\"wp-image-76958\"\/><figcaption class=\"wp-element-caption\">Foto: Gilvan de Souza\/CRF<\/figcaption><\/figure>\n\n\n\n<p>O Flamengo tem o seu maior desafio na atual edi\u00e7\u00e3o da Copa Libertadores at\u00e9 aqui, subir os 3.640 metros de altitude de La Paz para encarar o Bol\u00edvar (Bol\u00edvia) no est\u00e1dio Hernando Siles, nesta quarta-feira (24) a partir das 21h30 (hor\u00e1rio de Bras\u00edlia). A\u00a0<strong>R\u00e1dio Nacional<\/strong>\u00a0transmite o jogo v\u00e1lido pela 3\u00aa rodada da fase de grupos da competi\u00e7\u00e3o.<\/p>\n\n\n\n<p>Ocupando a vice-lideran\u00e7a da classifica\u00e7\u00e3o do Grupo E com quatro pontos conquistados, o Rubro-Negro ter\u00e1 pela frente justamente o l\u00edder da classifica\u00e7\u00e3o, a equipe boliviana, que tem seis pontos at\u00e9 aqui.<\/p>\n\n\n\n<p>Um grande temor da equipe brasileira para esta partida s\u00e3o os efeitos da altitude, como afirmou, em entrevista coletiva, o preparador f\u00edsico Fabio Mahseradjian: \u201cQuanto mais voc\u00ea sobe, menor \u00e9 a densidade do ar. E a\u00ed voc\u00ea afeta a capta\u00e7\u00e3o de oxig\u00eanio do seu alv\u00e9olo pulmonar, porque a press\u00e3o parcial de oxig\u00eanio cai\u201d.<\/p>\n\n\n\n<p>Mesmo prevendo dificuldades diante do Bol\u00edvar, o Flamengo optou por n\u00e3o levar sete de seus principais jogadores para La Paz, entre eles o atacante Pedro e o meia uruguaio Arrascaeta.<\/p>\n\n\n\n<p>\u201cO Clube de Regatas do Flamengo informa que os atletas Allan, que apresenta tra\u00e7os falc\u00eamicos que podem prejudicar a alta performance em altitude, e L\u00e9o Pereira, com quadro viral, n\u00e3o viajar\u00e3o para a Bol\u00edvia. J\u00e1 os atletas Varela, Ayrton Lucas, Erick, Arrascaeta e Pedro tamb\u00e9m n\u00e3o ser\u00e3o relacionados de acordo com o planejamento da comiss\u00e3o t\u00e9cnica, sempre guiado pela ci\u00eancia na busca da mais alta performance\u201d, afirmou a equipe da G\u00e1vea em nota.<\/p>\n\n\n\n<p>Desta forma, o Flamengo deve entrar em campo com uma equipe muito modificada. Uma prov\u00e1vel escala\u00e7\u00e3o \u00e9: Rossi; Wesley, Leo Ortiz, David Luiz e Vi\u00f1a; Igor Jesus, Gerson, De la Cruz e Victor Hugo; Luiz Ara\u00fajo e Bruno Henrique.<\/p>\n\n\n\n<p>Outra arma do Bol\u00edvar que o Flamengo deve levar em considera\u00e7\u00e3o \u00e9 o atacante brasileiro Francisco da Costa. O jogador, conhecido como Chico, \u00e9 o artilheiro da equipe boliviana at\u00e9 aqui na competi\u00e7\u00e3o, com tr\u00eas marcados.<\/p>\n\n\n\n<h2 class=\"wp-block-heading\">Transmiss\u00e3o da R\u00e1dio Nacional<\/h2>\n\n\n\n<p>A\u00a0<strong><a href=\"https:\/\/radios.ebc.com.br\/\">R\u00e1dio Nacional<\/a><\/strong>\u00a0transmite Bolivar e Flamengo com a narra\u00e7\u00e3o de Andr\u00e9 Marques, coment\u00e1rios de Waldir Luiz, reportagem de Rodrigo Ricardo e plant\u00e3o de Bruno Mendes.<\/p>\n\n\n\n<p>Texto: Ag\u00eancia Brasil<\/p>\n","protected":false},"excerpt":{"rendered":"<p>O Flamengo tem o seu maior desafio na atual edi\u00e7\u00e3o da Copa Libertadores at\u00e9 aqui, subir os 3.640 metros de altitude de La Paz para encarar o Bol\u00edvar (Bol\u00edvia) no est\u00e1dio Hernando Siles, nesta quarta-feira (24) a partir das 21h30 (hor\u00e1rio de Bras\u00edlia). A\u00a0R\u00e1dio Nacional\u00a0transmite o jogo v\u00e1lido pela 3\u00aa rodada da fase de grupos [&hellip;]<\/p>\n","protected":false},"author":10,"featured_media":0,"comment_status":"open","ping_status":"open","sticky":false,"template":"","format":"standard","meta":{"_acf_changed":false,"footnotes":""},"categories":[1,20,21],"tags":[],"class_list":["post-76957","post","type-post","status-publish","format-standard","hentry","category-esporte","category-noticias-em-destaque","category-todas-noticias"],"acf":[],"yoast_head":"<!-- This site is optimized with the Yoast SEO plugin v24.4 - https:\/\/yoast.com\/wordpress\/plugins\/seo\/ -->\n<title>Libertadores: Flamengo enfrenta Bol\u00edvar na altitude de La Paz - PORTAL DE NOT\u00cdCIAS CLEITON PINHEIRO<\/title>\n<meta name=\"robots\" content=\"index, follow, max-snippet:-1, max-image-preview:large, max-video-preview:-1\" \/>\n<link rel=\"canonical\" href=\"https:\/\/cleitonpinheiro.com.br\/site\/libertadores-flamengo-enfrenta-bolivar-na-altitude-de-la-paz\/\" \/>\n<meta property=\"og:locale\" content=\"pt_BR\" \/>\n<meta property=\"og:type\" content=\"article\" \/>\n<meta property=\"og:title\" content=\"Libertadores: Flamengo enfrenta Bol\u00edvar na altitude de La Paz - PORTAL DE NOT\u00cdCIAS CLEITON PINHEIRO\" \/>\n<meta property=\"og:description\" content=\"O Flamengo tem o seu maior desafio na atual edi\u00e7\u00e3o da Copa Libertadores at\u00e9 aqui, subir os 3.640 metros de altitude de La Paz para encarar o Bol\u00edvar (Bol\u00edvia) no est\u00e1dio Hernando Siles, nesta quarta-feira (24) a partir das 21h30 (hor\u00e1rio de Bras\u00edlia). A\u00a0R\u00e1dio Nacional\u00a0transmite o jogo v\u00e1lido pela 3\u00aa rodada da fase de grupos [&hellip;]\" \/>\n<meta property=\"og:url\" content=\"https:\/\/cleitonpinheiro.com.br\/site\/libertadores-flamengo-enfrenta-bolivar-na-altitude-de-la-paz\/\" \/>\n<meta property=\"og:site_name\" content=\"PORTAL DE NOT\u00cdCIAS CLEITON PINHEIRO\" \/>\n<meta property=\"article:publisher\" content=\"https:\/\/www.facebook.com\/portalcpnoticias\/\" \/>\n<meta property=\"article:published_time\" content=\"2024-04-24T15:26:10+00:00\" \/>\n<meta property=\"article:modified_time\" content=\"2024-04-24T15:26:15+00:00\" \/>\n<meta property=\"og:image\" content=\"https:\/\/cleitonpinheiro.com.br\/site\/wp-content\/uploads\/2024\/04\/glylhrnwyaaxnbl.webp\" \/>\n\t<meta property=\"og:image:width\" content=\"1170\" \/>\n\t<meta property=\"og:image:height\" content=\"700\" \/>\n\t<meta property=\"og:image:type\" content=\"image\/webp\" \/>\n<meta name=\"author\" content=\"Cleiton Pinheiro\" \/>\n<meta name=\"twitter:card\" content=\"summary_large_image\" \/>\n<meta name=\"twitter:label1\" content=\"Escrito por\" \/>\n\t<meta name=\"twitter:data1\" content=\"Cleiton Pinheiro\" \/>\n\t<meta name=\"twitter:label2\" content=\"Est. tempo de leitura\" \/>\n\t<meta name=\"twitter:data2\" content=\"3 minutos\" \/>\n<script type=\"application\/ld+json\" class=\"yoast-schema-graph\">{\"@context\":\"https:\/\/schema.org\",\"@graph\":[{\"@type\":\"Article\",\"@id\":\"https:\/\/cleitonpinheiro.com.br\/site\/libertadores-flamengo-enfrenta-bolivar-na-altitude-de-la-paz\/#article\",\"isPartOf\":{\"@id\":\"https:\/\/cleitonpinheiro.com.br\/site\/libertadores-flamengo-enfrenta-bolivar-na-altitude-de-la-paz\/\"},\"author\":{\"name\":\"Cleiton Pinheiro\",\"@id\":\"https:\/\/cleitonpinheiro.com.br\/site\/#\/schema\/person\/62fd4eb98fcc8bd3fc477aaff264af51\"},\"headline\":\"Libertadores: Flamengo enfrenta Bol\u00edvar na altitude de La Paz\",\"datePublished\":\"2024-04-24T15:26:10+00:00\",\"dateModified\":\"2024-04-24T15:26:15+00:00\",\"mainEntityOfPage\":{\"@id\":\"https:\/\/cleitonpinheiro.com.br\/site\/libertadores-flamengo-enfrenta-bolivar-na-altitude-de-la-paz\/\"},\"wordCount\":412,\"commentCount\":0,\"publisher\":{\"@id\":\"https:\/\/cleitonpinheiro.com.br\/site\/#organization\"},\"image\":{\"@id\":\"https:\/\/cleitonpinheiro.com.br\/site\/libertadores-flamengo-enfrenta-bolivar-na-altitude-de-la-paz\/#primaryimage\"},\"thumbnailUrl\":\"https:\/\/cleitonpinheiro.com.br\/site\/wp-content\/uploads\/2024\/04\/glylhrnwyaaxnbl-1024x613.webp\",\"articleSection\":[\"ESPORTE\",\"NOT\u00cdCIAS EM DESTAQUE\",\"TODAS NOTICIAS\"],\"inLanguage\":\"pt-BR\",\"potentialAction\":[{\"@type\":\"CommentAction\",\"name\":\"Comment\",\"target\":[\"https:\/\/cleitonpinheiro.com.br\/site\/libertadores-flamengo-enfrenta-bolivar-na-altitude-de-la-paz\/#respond\"]}]},{\"@type\":\"WebPage\",\"@id\":\"https:\/\/cleitonpinheiro.com.br\/site\/libertadores-flamengo-enfrenta-bolivar-na-altitude-de-la-paz\/\",\"url\":\"https:\/\/cleitonpinheiro.com.br\/site\/libertadores-flamengo-enfrenta-bolivar-na-altitude-de-la-paz\/\",\"name\":\"Libertadores: Flamengo enfrenta Bol\u00edvar na altitude de La Paz - PORTAL DE NOT\u00cdCIAS CLEITON PINHEIRO\",\"isPartOf\":{\"@id\":\"https:\/\/cleitonpinheiro.com.br\/site\/#website\"},\"primaryImageOfPage\":{\"@id\":\"https:\/\/cleitonpinheiro.com.br\/site\/libertadores-flamengo-enfrenta-bolivar-na-altitude-de-la-paz\/#primaryimage\"},\"image\":{\"@id\":\"https:\/\/cleitonpinheiro.com.br\/site\/libertadores-flamengo-enfrenta-bolivar-na-altitude-de-la-paz\/#primaryimage\"},\"thumbnailUrl\":\"https:\/\/cleitonpinheiro.com.br\/site\/wp-content\/uploads\/2024\/04\/glylhrnwyaaxnbl-1024x613.webp\",\"datePublished\":\"2024-04-24T15:26:10+00:00\",\"dateModified\":\"2024-04-24T15:26:15+00:00\",\"breadcrumb\":{\"@id\":\"https:\/\/cleitonpinheiro.com.br\/site\/libertadores-flamengo-enfrenta-bolivar-na-altitude-de-la-paz\/#breadcrumb\"},\"inLanguage\":\"pt-BR\",\"potentialAction\":[{\"@type\":\"ReadAction\",\"target\":[\"https:\/\/cleitonpinheiro.com.br\/site\/libertadores-flamengo-enfrenta-bolivar-na-altitude-de-la-paz\/\"]}]},{\"@type\":\"ImageObject\",\"inLanguage\":\"pt-BR\",\"@id\":\"https:\/\/cleitonpinheiro.com.br\/site\/libertadores-flamengo-enfrenta-bolivar-na-altitude-de-la-paz\/#primaryimage\",\"url\":\"\",\"contentUrl\":\"\"},{\"@type\":\"BreadcrumbList\",\"@id\":\"https:\/\/cleitonpinheiro.com.br\/site\/libertadores-flamengo-enfrenta-bolivar-na-altitude-de-la-paz\/#breadcrumb\",\"itemListElement\":[{\"@type\":\"ListItem\",\"position\":1,\"name\":\"In\u00edcio\",\"item\":\"https:\/\/cleitonpinheiro.com.br\/site\/\"},{\"@type\":\"ListItem\",\"position\":2,\"name\":\"Libertadores: Flamengo enfrenta Bol\u00edvar na altitude de La Paz\"}]},{\"@type\":\"WebSite\",\"@id\":\"https:\/\/cleitonpinheiro.com.br\/site\/#website\",\"url\":\"https:\/\/cleitonpinheiro.com.br\/site\/\",\"name\":\"PORTAL DE NOT\u00cdCIAS CLEITON PINHEIRO\",\"description\":\"FALANDO A VERDADE\",\"publisher\":{\"@id\":\"https:\/\/cleitonpinheiro.com.br\/site\/#organization\"},\"potentialAction\":[{\"@type\":\"SearchAction\",\"target\":{\"@type\":\"EntryPoint\",\"urlTemplate\":\"https:\/\/cleitonpinheiro.com.br\/site\/?s={search_term_string}\"},\"query-input\":{\"@type\":\"PropertyValueSpecification\",\"valueRequired\":true,\"valueName\":\"search_term_string\"}}],\"inLanguage\":\"pt-BR\"},{\"@type\":\"Organization\",\"@id\":\"https:\/\/cleitonpinheiro.com.br\/site\/#organization\",\"name\":\"CPNOT\u00cdCIAS\",\"url\":\"https:\/\/cleitonpinheiro.com.br\/site\/\",\"logo\":{\"@type\":\"ImageObject\",\"inLanguage\":\"pt-BR\",\"@id\":\"https:\/\/cleitonpinheiro.com.br\/site\/#\/schema\/logo\/image\/\",\"url\":\"https:\/\/cleitonpinheiro.com.br\/site\/wp-content\/uploads\/2022\/08\/Logo-pequena-2.png\",\"contentUrl\":\"https:\/\/cleitonpinheiro.com.br\/site\/wp-content\/uploads\/2022\/08\/Logo-pequena-2.png\",\"width\":500,\"height\":500,\"caption\":\"CPNOT\u00cdCIAS\"},\"image\":{\"@id\":\"https:\/\/cleitonpinheiro.com.br\/site\/#\/schema\/logo\/image\/\"},\"sameAs\":[\"https:\/\/www.facebook.com\/portalcpnoticias\/\"]},{\"@type\":\"Person\",\"@id\":\"https:\/\/cleitonpinheiro.com.br\/site\/#\/schema\/person\/62fd4eb98fcc8bd3fc477aaff264af51\",\"name\":\"Cleiton Pinheiro\",\"image\":{\"@type\":\"ImageObject\",\"inLanguage\":\"pt-BR\",\"@id\":\"https:\/\/cleitonpinheiro.com.br\/site\/#\/schema\/person\/image\/\",\"url\":\"https:\/\/secure.gravatar.com\/avatar\/15642ec35b78fe5eed3cfa8e4a3f3211d73a3df4f35f0566b4324958cba1b1b9?s=96&r=g\",\"contentUrl\":\"https:\/\/secure.gravatar.com\/avatar\/15642ec35b78fe5eed3cfa8e4a3f3211d73a3df4f35f0566b4324958cba1b1b9?s=96&r=g\",\"caption\":\"Cleiton Pinheiro\"},\"url\":\"https:\/\/cleitonpinheiro.com.br\/site\/author\/cleiton\/\"}]}<\/script>\n<!-- \/ Yoast SEO plugin. -->","yoast_head_json":{"title":"Libertadores: Flamengo enfrenta Bol\u00edvar na altitude de La Paz - PORTAL DE NOT\u00cdCIAS CLEITON PINHEIRO","robots":{"index":"index","follow":"follow","max-snippet":"max-snippet:-1","max-image-preview":"max-image-preview:large","max-video-preview":"max-video-preview:-1"},"canonical":"https:\/\/cleitonpinheiro.com.br\/site\/libertadores-flamengo-enfrenta-bolivar-na-altitude-de-la-paz\/","og_locale":"pt_BR","og_type":"article","og_title":"Libertadores: Flamengo enfrenta Bol\u00edvar na altitude de La Paz - PORTAL DE NOT\u00cdCIAS CLEITON PINHEIRO","og_description":"O Flamengo tem o seu maior desafio na atual edi\u00e7\u00e3o da Copa Libertadores at\u00e9 aqui, subir os 3.640 metros de altitude de La Paz para encarar o Bol\u00edvar (Bol\u00edvia) no est\u00e1dio Hernando Siles, nesta quarta-feira (24) a partir das 21h30 (hor\u00e1rio de Bras\u00edlia). A\u00a0R\u00e1dio Nacional\u00a0transmite o jogo v\u00e1lido pela 3\u00aa rodada da fase de grupos [&hellip;]","og_url":"https:\/\/cleitonpinheiro.com.br\/site\/libertadores-flamengo-enfrenta-bolivar-na-altitude-de-la-paz\/","og_site_name":"PORTAL DE NOT\u00cdCIAS CLEITON PINHEIRO","article_publisher":"https:\/\/www.facebook.com\/portalcpnoticias\/","article_published_time":"2024-04-24T15:26:10+00:00","article_modified_time":"2024-04-24T15:26:15+00:00","og_image":[{"width":1170,"height":700,"url":"https:\/\/cleitonpinheiro.com.br\/site\/wp-content\/uploads\/2024\/04\/glylhrnwyaaxnbl.webp","type":"image\/webp"}],"author":"Cleiton Pinheiro","twitter_card":"summary_large_image","twitter_misc":{"Escrito por":"Cleiton Pinheiro","Est. tempo de leitura":"3 minutos"},"schema":{"@context":"https:\/\/schema.org","@graph":[{"@type":"Article","@id":"https:\/\/cleitonpinheiro.com.br\/site\/libertadores-flamengo-enfrenta-bolivar-na-altitude-de-la-paz\/#article","isPartOf":{"@id":"https:\/\/cleitonpinheiro.com.br\/site\/libertadores-flamengo-enfrenta-bolivar-na-altitude-de-la-paz\/"},"author":{"name":"Cleiton Pinheiro","@id":"https:\/\/cleitonpinheiro.com.br\/site\/#\/schema\/person\/62fd4eb98fcc8bd3fc477aaff264af51"},"headline":"Libertadores: Flamengo enfrenta Bol\u00edvar na altitude de La Paz","datePublished":"2024-04-24T15:26:10+00:00","dateModified":"2024-04-24T15:26:15+00:00","mainEntityOfPage":{"@id":"https:\/\/cleitonpinheiro.com.br\/site\/libertadores-flamengo-enfrenta-bolivar-na-altitude-de-la-paz\/"},"wordCount":412,"commentCount":0,"publisher":{"@id":"https:\/\/cleitonpinheiro.com.br\/site\/#organization"},"image":{"@id":"https:\/\/cleitonpinheiro.com.br\/site\/libertadores-flamengo-enfrenta-bolivar-na-altitude-de-la-paz\/#primaryimage"},"thumbnailUrl":"https:\/\/cleitonpinheiro.com.br\/site\/wp-content\/uploads\/2024\/04\/glylhrnwyaaxnbl-1024x613.webp","articleSection":["ESPORTE","NOT\u00cdCIAS EM DESTAQUE","TODAS NOTICIAS"],"inLanguage":"pt-BR","potentialAction":[{"@type":"CommentAction","name":"Comment","target":["https:\/\/cleitonpinheiro.com.br\/site\/libertadores-flamengo-enfrenta-bolivar-na-altitude-de-la-paz\/#respond"]}]},{"@type":"WebPage","@id":"https:\/\/cleitonpinheiro.com.br\/site\/libertadores-flamengo-enfrenta-bolivar-na-altitude-de-la-paz\/","url":"https:\/\/cleitonpinheiro.com.br\/site\/libertadores-flamengo-enfrenta-bolivar-na-altitude-de-la-paz\/","name":"Libertadores: Flamengo enfrenta Bol\u00edvar na altitude de La Paz - PORTAL DE NOT\u00cdCIAS CLEITON PINHEIRO","isPartOf":{"@id":"https:\/\/cleitonpinheiro.com.br\/site\/#website"},"primaryImageOfPage":{"@id":"https:\/\/cleitonpinheiro.com.br\/site\/libertadores-flamengo-enfrenta-bolivar-na-altitude-de-la-paz\/#primaryimage"},"image":{"@id":"https:\/\/cleitonpinheiro.com.br\/site\/libertadores-flamengo-enfrenta-bolivar-na-altitude-de-la-paz\/#primaryimage"},"thumbnailUrl":"https:\/\/cleitonpinheiro.com.br\/site\/wp-content\/uploads\/2024\/04\/glylhrnwyaaxnbl-1024x613.webp","datePublished":"2024-04-24T15:26:10+00:00","dateModified":"2024-04-24T15:26:15+00:00","breadcrumb":{"@id":"https:\/\/cleitonpinheiro.com.br\/site\/libertadores-flamengo-enfrenta-bolivar-na-altitude-de-la-paz\/#breadcrumb"},"inLanguage":"pt-BR","potentialAction":[{"@type":"ReadAction","target":["https:\/\/cleitonpinheiro.com.br\/site\/libertadores-flamengo-enfrenta-bolivar-na-altitude-de-la-paz\/"]}]},{"@type":"ImageObject","inLanguage":"pt-BR","@id":"https:\/\/cleitonpinheiro.com.br\/site\/libertadores-flamengo-enfrenta-bolivar-na-altitude-de-la-paz\/#primaryimage","url":"","contentUrl":""},{"@type":"BreadcrumbList","@id":"https:\/\/cleitonpinheiro.com.br\/site\/libertadores-flamengo-enfrenta-bolivar-na-altitude-de-la-paz\/#breadcrumb","itemListElement":[{"@type":"ListItem","position":1,"name":"In\u00edcio","item":"https:\/\/cleitonpinheiro.com.br\/site\/"},{"@type":"ListItem","position":2,"name":"Libertadores: Flamengo enfrenta Bol\u00edvar na altitude de La Paz"}]},{"@type":"WebSite","@id":"https:\/\/cleitonpinheiro.com.br\/site\/#website","url":"https:\/\/cleitonpinheiro.com.br\/site\/","name":"PORTAL DE NOT\u00cdCIAS CLEITON PINHEIRO","description":"FALANDO A VERDADE","publisher":{"@id":"https:\/\/cleitonpinheiro.com.br\/site\/#organization"},"potentialAction":[{"@type":"SearchAction","target":{"@type":"EntryPoint","urlTemplate":"https:\/\/cleitonpinheiro.com.br\/site\/?s={search_term_string}"},"query-input":{"@type":"PropertyValueSpecification","valueRequired":true,"valueName":"search_term_string"}}],"inLanguage":"pt-BR"},{"@type":"Organization","@id":"https:\/\/cleitonpinheiro.com.br\/site\/#organization","name":"CPNOT\u00cdCIAS","url":"https:\/\/cleitonpinheiro.com.br\/site\/","logo":{"@type":"ImageObject","inLanguage":"pt-BR","@id":"https:\/\/cleitonpinheiro.com.br\/site\/#\/schema\/logo\/image\/","url":"https:\/\/cleitonpinheiro.com.br\/site\/wp-content\/uploads\/2022\/08\/Logo-pequena-2.png","contentUrl":"https:\/\/cleitonpinheiro.com.br\/site\/wp-content\/uploads\/2022\/08\/Logo-pequena-2.png","width":500,"height":500,"caption":"CPNOT\u00cdCIAS"},"image":{"@id":"https:\/\/cleitonpinheiro.com.br\/site\/#\/schema\/logo\/image\/"},"sameAs":["https:\/\/www.facebook.com\/portalcpnoticias\/"]},{"@type":"Person","@id":"https:\/\/cleitonpinheiro.com.br\/site\/#\/schema\/person\/62fd4eb98fcc8bd3fc477aaff264af51","name":"Cleiton Pinheiro","image":{"@type":"ImageObject","inLanguage":"pt-BR","@id":"https:\/\/cleitonpinheiro.com.br\/site\/#\/schema\/person\/image\/","url":"https:\/\/secure.gravatar.com\/avatar\/15642ec35b78fe5eed3cfa8e4a3f3211d73a3df4f35f0566b4324958cba1b1b9?s=96&r=g","contentUrl":"https:\/\/secure.gravatar.com\/avatar\/15642ec35b78fe5eed3cfa8e4a3f3211d73a3df4f35f0566b4324958cba1b1b9?s=96&r=g","caption":"Cleiton Pinheiro"},"url":"https:\/\/cleitonpinheiro.com.br\/site\/author\/cleiton\/"}]}},"views":145,"_links":{"self":[{"href":"https:\/\/cleitonpinheiro.com.br\/site\/wp-json\/wp\/v2\/posts\/76957","targetHints":{"allow":["GET"]}}],"collection":[{"href":"https:\/\/cleitonpinheiro.com.br\/site\/wp-json\/wp\/v2\/posts"}],"about":[{"href":"https:\/\/cleitonpinheiro.com.br\/site\/wp-json\/wp\/v2\/types\/post"}],"author":[{"embeddable":true,"href":"https:\/\/cleitonpinheiro.com.br\/site\/wp-json\/wp\/v2\/users\/10"}],"replies":[{"embeddable":true,"href":"https:\/\/cleitonpinheiro.com.br\/site\/wp-json\/wp\/v2\/comments?post=76957"}],"version-history":[{"count":1,"href":"https:\/\/cleitonpinheiro.com.br\/site\/wp-json\/wp\/v2\/posts\/76957\/revisions"}],"predecessor-version":[{"id":76959,"href":"https:\/\/cleitonpinheiro.com.br\/site\/wp-json\/wp\/v2\/posts\/76957\/revisions\/76959"}],"wp:attachment":[{"href":"https:\/\/cleitonpinheiro.com.br\/site\/wp-json\/wp\/v2\/media?parent=76957"}],"wp:term":[{"taxonomy":"category","embeddable":true,"href":"https:\/\/cleitonpinheiro.com.br\/site\/wp-json\/wp\/v2\/categories?post=76957"},{"taxonomy":"post_tag","embeddable":true,"href":"https:\/\/cleitonpinheiro.com.br\/site\/wp-json\/wp\/v2\/tags?post=76957"}],"curies":[{"name":"wp","href":"https:\/\/api.w.org\/{rel}","templated":true}]}}