{"id":76962,"date":"2024-04-24T12:34:07","date_gmt":"2024-04-24T15:34:07","guid":{"rendered":"https:\/\/cleitonpinheiro.com.br\/site\/?p=76962"},"modified":"2024-04-24T12:34:11","modified_gmt":"2024-04-24T15:34:11","slug":"pf-tem-aval-para-aprofundar-investigacao-sobre-vacina-de-bolsonaro","status":"publish","type":"post","link":"https:\/\/cleitonpinheiro.com.br\/site\/pf-tem-aval-para-aprofundar-investigacao-sobre-vacina-de-bolsonaro\/","title":{"rendered":"PF tem aval para\u00a0aprofundar\u00a0investiga\u00e7\u00e3o sobre vacina de Bolsonaro"},"content":{"rendered":"\n<figure class=\"wp-block-image size-large\"><img decoding=\"async\" src=\"https:\/\/cleitonpinheiro.com.br\/site\/wp-content\/uploads\/2024\/04\/img_2487-1024x613.webp\" alt=\"\" class=\"wp-image-76963\"\/><figcaption class=\"wp-element-caption\">Autoriza\u00e7\u00e3o foi concedida pelo ministro do STF Alexandre de Moraes\n&#8211; Foto: Valter Campanato\/Ag\u00eancia Brasil<\/figcaption><\/figure>\n\n\n\n<p>O ministro do Supremo Tribunal Federal (STF) Alexandre de Moraes autorizou nesta ter\u00e7a-feira (23) o aprofundamento das investiga\u00e7\u00f5es envolvendo o ex-presidente Jair Bolsonaro no caso da fraude em certificados de vacina\u00e7\u00e3o contra a covid-19.<\/p>\n\n\n\n<p>Conforme a decis\u00e3o, a Pol\u00edcia Federal (PF) dever\u00e1 esclarecer se Bolsonaro apresentou um cart\u00e3o da vacina\u00e7\u00e3o ao entrar nos Estados Unidos, realizar novas per\u00edcias e produzir laudos dos celulares apreendidos com o ex-ajudante de ordens Mauro Cid.<\/p>\n\n\n\n<p>Mais cedo, o pedido de aprofundamento foi feito ao Supremo&nbsp;<a href=\"https:\/\/agenciabrasil.ebc.com.br\/justica\/noticia\/2024-04\/pgr-pede-mais-investigacao-sobre-cartao-de-vacina-de-bolsonaro\" target=\"_blank\" rel=\"noreferrer noopener\">pelo procurador-geral da Rep\u00fablica, Paulo Gonet<\/a>.<\/p>\n\n\n\n<p>No m\u00eas passado,&nbsp;<a href=\"https:\/\/agenciabrasil.ebc.com.br\/justica\/noticia\/2024-03\/bolsonaro-deu-a-ordem-para-fraudar-cartao-de-vacina-diz-pf\" target=\"_blank\" rel=\"noreferrer noopener\">Bolsonaro, Cid e mais 15 acusados<\/a>&nbsp;foram indiciados pela PF. Ap\u00f3s o indiciamento, o inqu\u00e9rito foi enviado para a PGR decidir se uma den\u00fancia ser\u00e1 oferecida contra o ex-presidente e os demais investigados.<\/p>\n\n\n\n<p>O procurador entendeu que algumas dilig\u00eancias s\u00e3o necess\u00e1rias para aprofundar a investiga\u00e7\u00e3o, como juntada de laudos periciais em celulares e computadores apreendidos e informa\u00e7\u00f5es do Departamento de Justi\u00e7a dos Estados Unidos.<\/p>\n\n\n\n<p>&#8216;\u00c9 relevante saber se algum certificado de vacina\u00e7\u00e3o foi apresentado por Jair Bolsonaro e pelos demais integrantes da comitiva presidencial, quando da entrada e perman\u00eancia no territ\u00f3rio norte-americano. Ao menos seria de interesse apurar se havia, \u00e0 \u00e9poca, norma no local de entrada da comitiva nos EUA impositiva para o ingresso no pa\u00eds da apresenta\u00e7\u00e3o do certificado de vacina de todo estrangeiro, mesmo que detentor de passaporte e visto diplom\u00e1tico&#8221;, escreveu Gonet.<\/p>\n\n\n\n<p>De acordo com as investiga\u00e7\u00f5es, a fraude para inclus\u00e3o de informa\u00e7\u00f5es falsas no sistema do Minist\u00e9rio da Sa\u00fade tinha&nbsp;como objetivo facilitar a perman\u00eancia de Bolsonaro nos Estados Unidos, pa\u00eds que adotou medidas sanit\u00e1rias contra estrangeiros que n\u00e3o se vacinaram contra a covid-19.<\/p>\n\n\n\n<p>No dia 30 de dezembro de 2022, um dia do t\u00e9rmino do mandato, Bolsonaro viajou para os Estados Unidos. Dias depois, em 8 de janeiro de 2023, as sedes dos Tr\u00eas Poderes, em Bras\u00edlia,\u00a0foram invadidas e depredadas.<\/p>\n\n\n\n<p>Texto: Andr\u00e9 Richter\/Ag\u00eancia Brasil<\/p>\n","protected":false},"excerpt":{"rendered":"<p>O ministro do Supremo Tribunal Federal (STF) Alexandre de Moraes autorizou nesta ter\u00e7a-feira (23) o aprofundamento das investiga\u00e7\u00f5es envolvendo o ex-presidente Jair Bolsonaro no caso da fraude em certificados de vacina\u00e7\u00e3o contra a covid-19. Conforme a decis\u00e3o, a Pol\u00edcia Federal (PF) dever\u00e1 esclarecer se Bolsonaro apresentou um cart\u00e3o da vacina\u00e7\u00e3o ao entrar nos Estados Unidos, [&hellip;]<\/p>\n","protected":false},"author":10,"featured_media":0,"comment_status":"open","ping_status":"open","sticky":false,"template":"","format":"standard","meta":{"_acf_changed":false,"footnotes":""},"categories":[19,898,21],"tags":[],"class_list":["post-76962","post","type-post","status-publish","format-standard","hentry","category-brasil-mundo","category-manchete-segundaria","category-todas-noticias"],"acf":[],"yoast_head":"<!-- This site is optimized with the Yoast SEO plugin v24.4 - https:\/\/yoast.com\/wordpress\/plugins\/seo\/ -->\n<title>PF tem aval para\u00a0aprofundar\u00a0investiga\u00e7\u00e3o sobre vacina de Bolsonaro - PORTAL DE NOT\u00cdCIAS CLEITON PINHEIRO<\/title>\n<meta name=\"robots\" content=\"index, follow, max-snippet:-1, max-image-preview:large, max-video-preview:-1\" \/>\n<link rel=\"canonical\" href=\"https:\/\/cleitonpinheiro.com.br\/site\/pf-tem-aval-para-aprofundar-investigacao-sobre-vacina-de-bolsonaro\/\" \/>\n<meta property=\"og:locale\" content=\"pt_BR\" \/>\n<meta property=\"og:type\" content=\"article\" \/>\n<meta property=\"og:title\" content=\"PF tem aval para\u00a0aprofundar\u00a0investiga\u00e7\u00e3o sobre vacina de Bolsonaro - PORTAL DE NOT\u00cdCIAS CLEITON PINHEIRO\" \/>\n<meta property=\"og:description\" content=\"O ministro do Supremo Tribunal Federal (STF) Alexandre de Moraes autorizou nesta ter\u00e7a-feira (23) o aprofundamento das investiga\u00e7\u00f5es envolvendo o ex-presidente Jair Bolsonaro no caso da fraude em certificados de vacina\u00e7\u00e3o contra a covid-19. Conforme a decis\u00e3o, a Pol\u00edcia Federal (PF) dever\u00e1 esclarecer se Bolsonaro apresentou um cart\u00e3o da vacina\u00e7\u00e3o ao entrar nos Estados Unidos, [&hellip;]\" \/>\n<meta property=\"og:url\" content=\"https:\/\/cleitonpinheiro.com.br\/site\/pf-tem-aval-para-aprofundar-investigacao-sobre-vacina-de-bolsonaro\/\" \/>\n<meta property=\"og:site_name\" content=\"PORTAL DE NOT\u00cdCIAS CLEITON PINHEIRO\" \/>\n<meta property=\"article:publisher\" content=\"https:\/\/www.facebook.com\/portalcpnoticias\/\" \/>\n<meta property=\"article:published_time\" content=\"2024-04-24T15:34:07+00:00\" \/>\n<meta property=\"article:modified_time\" content=\"2024-04-24T15:34:11+00:00\" \/>\n<meta property=\"og:image\" content=\"https:\/\/cleitonpinheiro.com.br\/site\/wp-content\/uploads\/2024\/04\/img_2487.webp\" \/>\n\t<meta property=\"og:image:width\" content=\"1170\" \/>\n\t<meta property=\"og:image:height\" content=\"700\" \/>\n\t<meta property=\"og:image:type\" content=\"image\/webp\" \/>\n<meta name=\"author\" content=\"Cleiton Pinheiro\" \/>\n<meta name=\"twitter:card\" content=\"summary_large_image\" \/>\n<meta name=\"twitter:label1\" content=\"Escrito por\" \/>\n\t<meta name=\"twitter:data1\" content=\"Cleiton Pinheiro\" \/>\n\t<meta name=\"twitter:label2\" content=\"Est. tempo de leitura\" \/>\n\t<meta name=\"twitter:data2\" content=\"3 minutos\" \/>\n<script type=\"application\/ld+json\" class=\"yoast-schema-graph\">{\"@context\":\"https:\/\/schema.org\",\"@graph\":[{\"@type\":\"Article\",\"@id\":\"https:\/\/cleitonpinheiro.com.br\/site\/pf-tem-aval-para-aprofundar-investigacao-sobre-vacina-de-bolsonaro\/#article\",\"isPartOf\":{\"@id\":\"https:\/\/cleitonpinheiro.com.br\/site\/pf-tem-aval-para-aprofundar-investigacao-sobre-vacina-de-bolsonaro\/\"},\"author\":{\"name\":\"Cleiton Pinheiro\",\"@id\":\"https:\/\/cleitonpinheiro.com.br\/site\/#\/schema\/person\/62fd4eb98fcc8bd3fc477aaff264af51\"},\"headline\":\"PF tem aval para\u00a0aprofundar\u00a0investiga\u00e7\u00e3o sobre vacina de Bolsonaro\",\"datePublished\":\"2024-04-24T15:34:07+00:00\",\"dateModified\":\"2024-04-24T15:34:11+00:00\",\"mainEntityOfPage\":{\"@id\":\"https:\/\/cleitonpinheiro.com.br\/site\/pf-tem-aval-para-aprofundar-investigacao-sobre-vacina-de-bolsonaro\/\"},\"wordCount\":376,\"commentCount\":0,\"publisher\":{\"@id\":\"https:\/\/cleitonpinheiro.com.br\/site\/#organization\"},\"image\":{\"@id\":\"https:\/\/cleitonpinheiro.com.br\/site\/pf-tem-aval-para-aprofundar-investigacao-sobre-vacina-de-bolsonaro\/#primaryimage\"},\"thumbnailUrl\":\"https:\/\/cleitonpinheiro.com.br\/site\/wp-content\/uploads\/2024\/04\/img_2487-1024x613.webp\",\"articleSection\":[\"BRASIL \/ MUNDO\",\"MANCHETE SEGUND\u00c1RIA\",\"TODAS NOTICIAS\"],\"inLanguage\":\"pt-BR\",\"potentialAction\":[{\"@type\":\"CommentAction\",\"name\":\"Comment\",\"target\":[\"https:\/\/cleitonpinheiro.com.br\/site\/pf-tem-aval-para-aprofundar-investigacao-sobre-vacina-de-bolsonaro\/#respond\"]}]},{\"@type\":\"WebPage\",\"@id\":\"https:\/\/cleitonpinheiro.com.br\/site\/pf-tem-aval-para-aprofundar-investigacao-sobre-vacina-de-bolsonaro\/\",\"url\":\"https:\/\/cleitonpinheiro.com.br\/site\/pf-tem-aval-para-aprofundar-investigacao-sobre-vacina-de-bolsonaro\/\",\"name\":\"PF tem aval para\u00a0aprofundar\u00a0investiga\u00e7\u00e3o sobre vacina de Bolsonaro - PORTAL DE NOT\u00cdCIAS CLEITON PINHEIRO\",\"isPartOf\":{\"@id\":\"https:\/\/cleitonpinheiro.com.br\/site\/#website\"},\"primaryImageOfPage\":{\"@id\":\"https:\/\/cleitonpinheiro.com.br\/site\/pf-tem-aval-para-aprofundar-investigacao-sobre-vacina-de-bolsonaro\/#primaryimage\"},\"image\":{\"@id\":\"https:\/\/cleitonpinheiro.com.br\/site\/pf-tem-aval-para-aprofundar-investigacao-sobre-vacina-de-bolsonaro\/#primaryimage\"},\"thumbnailUrl\":\"https:\/\/cleitonpinheiro.com.br\/site\/wp-content\/uploads\/2024\/04\/img_2487-1024x613.webp\",\"datePublished\":\"2024-04-24T15:34:07+00:00\",\"dateModified\":\"2024-04-24T15:34:11+00:00\",\"breadcrumb\":{\"@id\":\"https:\/\/cleitonpinheiro.com.br\/site\/pf-tem-aval-para-aprofundar-investigacao-sobre-vacina-de-bolsonaro\/#breadcrumb\"},\"inLanguage\":\"pt-BR\",\"potentialAction\":[{\"@type\":\"ReadAction\",\"target\":[\"https:\/\/cleitonpinheiro.com.br\/site\/pf-tem-aval-para-aprofundar-investigacao-sobre-vacina-de-bolsonaro\/\"]}]},{\"@type\":\"ImageObject\",\"inLanguage\":\"pt-BR\",\"@id\":\"https:\/\/cleitonpinheiro.com.br\/site\/pf-tem-aval-para-aprofundar-investigacao-sobre-vacina-de-bolsonaro\/#primaryimage\",\"url\":\"\",\"contentUrl\":\"\"},{\"@type\":\"BreadcrumbList\",\"@id\":\"https:\/\/cleitonpinheiro.com.br\/site\/pf-tem-aval-para-aprofundar-investigacao-sobre-vacina-de-bolsonaro\/#breadcrumb\",\"itemListElement\":[{\"@type\":\"ListItem\",\"position\":1,\"name\":\"In\u00edcio\",\"item\":\"https:\/\/cleitonpinheiro.com.br\/site\/\"},{\"@type\":\"ListItem\",\"position\":2,\"name\":\"PF tem aval para\u00a0aprofundar\u00a0investiga\u00e7\u00e3o sobre vacina de Bolsonaro\"}]},{\"@type\":\"WebSite\",\"@id\":\"https:\/\/cleitonpinheiro.com.br\/site\/#website\",\"url\":\"https:\/\/cleitonpinheiro.com.br\/site\/\",\"name\":\"PORTAL DE NOT\u00cdCIAS CLEITON PINHEIRO\",\"description\":\"FALANDO A VERDADE\",\"publisher\":{\"@id\":\"https:\/\/cleitonpinheiro.com.br\/site\/#organization\"},\"potentialAction\":[{\"@type\":\"SearchAction\",\"target\":{\"@type\":\"EntryPoint\",\"urlTemplate\":\"https:\/\/cleitonpinheiro.com.br\/site\/?s={search_term_string}\"},\"query-input\":{\"@type\":\"PropertyValueSpecification\",\"valueRequired\":true,\"valueName\":\"search_term_string\"}}],\"inLanguage\":\"pt-BR\"},{\"@type\":\"Organization\",\"@id\":\"https:\/\/cleitonpinheiro.com.br\/site\/#organization\",\"name\":\"CPNOT\u00cdCIAS\",\"url\":\"https:\/\/cleitonpinheiro.com.br\/site\/\",\"logo\":{\"@type\":\"ImageObject\",\"inLanguage\":\"pt-BR\",\"@id\":\"https:\/\/cleitonpinheiro.com.br\/site\/#\/schema\/logo\/image\/\",\"url\":\"https:\/\/cleitonpinheiro.com.br\/site\/wp-content\/uploads\/2022\/08\/Logo-pequena-2.png\",\"contentUrl\":\"https:\/\/cleitonpinheiro.com.br\/site\/wp-content\/uploads\/2022\/08\/Logo-pequena-2.png\",\"width\":500,\"height\":500,\"caption\":\"CPNOT\u00cdCIAS\"},\"image\":{\"@id\":\"https:\/\/cleitonpinheiro.com.br\/site\/#\/schema\/logo\/image\/\"},\"sameAs\":[\"https:\/\/www.facebook.com\/portalcpnoticias\/\"]},{\"@type\":\"Person\",\"@id\":\"https:\/\/cleitonpinheiro.com.br\/site\/#\/schema\/person\/62fd4eb98fcc8bd3fc477aaff264af51\",\"name\":\"Cleiton Pinheiro\",\"image\":{\"@type\":\"ImageObject\",\"inLanguage\":\"pt-BR\",\"@id\":\"https:\/\/cleitonpinheiro.com.br\/site\/#\/schema\/person\/image\/\",\"url\":\"https:\/\/secure.gravatar.com\/avatar\/15642ec35b78fe5eed3cfa8e4a3f3211d73a3df4f35f0566b4324958cba1b1b9?s=96&r=g\",\"contentUrl\":\"https:\/\/secure.gravatar.com\/avatar\/15642ec35b78fe5eed3cfa8e4a3f3211d73a3df4f35f0566b4324958cba1b1b9?s=96&r=g\",\"caption\":\"Cleiton Pinheiro\"},\"url\":\"https:\/\/cleitonpinheiro.com.br\/site\/author\/cleiton\/\"}]}<\/script>\n<!-- \/ Yoast SEO plugin. -->","yoast_head_json":{"title":"PF tem aval para\u00a0aprofundar\u00a0investiga\u00e7\u00e3o sobre vacina de Bolsonaro - PORTAL DE NOT\u00cdCIAS CLEITON PINHEIRO","robots":{"index":"index","follow":"follow","max-snippet":"max-snippet:-1","max-image-preview":"max-image-preview:large","max-video-preview":"max-video-preview:-1"},"canonical":"https:\/\/cleitonpinheiro.com.br\/site\/pf-tem-aval-para-aprofundar-investigacao-sobre-vacina-de-bolsonaro\/","og_locale":"pt_BR","og_type":"article","og_title":"PF tem aval para\u00a0aprofundar\u00a0investiga\u00e7\u00e3o sobre vacina de Bolsonaro - PORTAL DE NOT\u00cdCIAS CLEITON PINHEIRO","og_description":"O ministro do Supremo Tribunal Federal (STF) Alexandre de Moraes autorizou nesta ter\u00e7a-feira (23) o aprofundamento das investiga\u00e7\u00f5es envolvendo o ex-presidente Jair Bolsonaro no caso da fraude em certificados de vacina\u00e7\u00e3o contra a covid-19. Conforme a decis\u00e3o, a Pol\u00edcia Federal (PF) dever\u00e1 esclarecer se Bolsonaro apresentou um cart\u00e3o da vacina\u00e7\u00e3o ao entrar nos Estados Unidos, [&hellip;]","og_url":"https:\/\/cleitonpinheiro.com.br\/site\/pf-tem-aval-para-aprofundar-investigacao-sobre-vacina-de-bolsonaro\/","og_site_name":"PORTAL DE NOT\u00cdCIAS CLEITON PINHEIRO","article_publisher":"https:\/\/www.facebook.com\/portalcpnoticias\/","article_published_time":"2024-04-24T15:34:07+00:00","article_modified_time":"2024-04-24T15:34:11+00:00","og_image":[{"width":1170,"height":700,"url":"https:\/\/cleitonpinheiro.com.br\/site\/wp-content\/uploads\/2024\/04\/img_2487.webp","type":"image\/webp"}],"author":"Cleiton Pinheiro","twitter_card":"summary_large_image","twitter_misc":{"Escrito por":"Cleiton Pinheiro","Est. tempo de leitura":"3 minutos"},"schema":{"@context":"https:\/\/schema.org","@graph":[{"@type":"Article","@id":"https:\/\/cleitonpinheiro.com.br\/site\/pf-tem-aval-para-aprofundar-investigacao-sobre-vacina-de-bolsonaro\/#article","isPartOf":{"@id":"https:\/\/cleitonpinheiro.com.br\/site\/pf-tem-aval-para-aprofundar-investigacao-sobre-vacina-de-bolsonaro\/"},"author":{"name":"Cleiton Pinheiro","@id":"https:\/\/cleitonpinheiro.com.br\/site\/#\/schema\/person\/62fd4eb98fcc8bd3fc477aaff264af51"},"headline":"PF tem aval para\u00a0aprofundar\u00a0investiga\u00e7\u00e3o sobre vacina de Bolsonaro","datePublished":"2024-04-24T15:34:07+00:00","dateModified":"2024-04-24T15:34:11+00:00","mainEntityOfPage":{"@id":"https:\/\/cleitonpinheiro.com.br\/site\/pf-tem-aval-para-aprofundar-investigacao-sobre-vacina-de-bolsonaro\/"},"wordCount":376,"commentCount":0,"publisher":{"@id":"https:\/\/cleitonpinheiro.com.br\/site\/#organization"},"image":{"@id":"https:\/\/cleitonpinheiro.com.br\/site\/pf-tem-aval-para-aprofundar-investigacao-sobre-vacina-de-bolsonaro\/#primaryimage"},"thumbnailUrl":"https:\/\/cleitonpinheiro.com.br\/site\/wp-content\/uploads\/2024\/04\/img_2487-1024x613.webp","articleSection":["BRASIL \/ MUNDO","MANCHETE SEGUND\u00c1RIA","TODAS NOTICIAS"],"inLanguage":"pt-BR","potentialAction":[{"@type":"CommentAction","name":"Comment","target":["https:\/\/cleitonpinheiro.com.br\/site\/pf-tem-aval-para-aprofundar-investigacao-sobre-vacina-de-bolsonaro\/#respond"]}]},{"@type":"WebPage","@id":"https:\/\/cleitonpinheiro.com.br\/site\/pf-tem-aval-para-aprofundar-investigacao-sobre-vacina-de-bolsonaro\/","url":"https:\/\/cleitonpinheiro.com.br\/site\/pf-tem-aval-para-aprofundar-investigacao-sobre-vacina-de-bolsonaro\/","name":"PF tem aval para\u00a0aprofundar\u00a0investiga\u00e7\u00e3o sobre vacina de Bolsonaro - PORTAL DE NOT\u00cdCIAS CLEITON PINHEIRO","isPartOf":{"@id":"https:\/\/cleitonpinheiro.com.br\/site\/#website"},"primaryImageOfPage":{"@id":"https:\/\/cleitonpinheiro.com.br\/site\/pf-tem-aval-para-aprofundar-investigacao-sobre-vacina-de-bolsonaro\/#primaryimage"},"image":{"@id":"https:\/\/cleitonpinheiro.com.br\/site\/pf-tem-aval-para-aprofundar-investigacao-sobre-vacina-de-bolsonaro\/#primaryimage"},"thumbnailUrl":"https:\/\/cleitonpinheiro.com.br\/site\/wp-content\/uploads\/2024\/04\/img_2487-1024x613.webp","datePublished":"2024-04-24T15:34:07+00:00","dateModified":"2024-04-24T15:34:11+00:00","breadcrumb":{"@id":"https:\/\/cleitonpinheiro.com.br\/site\/pf-tem-aval-para-aprofundar-investigacao-sobre-vacina-de-bolsonaro\/#breadcrumb"},"inLanguage":"pt-BR","potentialAction":[{"@type":"ReadAction","target":["https:\/\/cleitonpinheiro.com.br\/site\/pf-tem-aval-para-aprofundar-investigacao-sobre-vacina-de-bolsonaro\/"]}]},{"@type":"ImageObject","inLanguage":"pt-BR","@id":"https:\/\/cleitonpinheiro.com.br\/site\/pf-tem-aval-para-aprofundar-investigacao-sobre-vacina-de-bolsonaro\/#primaryimage","url":"","contentUrl":""},{"@type":"BreadcrumbList","@id":"https:\/\/cleitonpinheiro.com.br\/site\/pf-tem-aval-para-aprofundar-investigacao-sobre-vacina-de-bolsonaro\/#breadcrumb","itemListElement":[{"@type":"ListItem","position":1,"name":"In\u00edcio","item":"https:\/\/cleitonpinheiro.com.br\/site\/"},{"@type":"ListItem","position":2,"name":"PF tem aval para\u00a0aprofundar\u00a0investiga\u00e7\u00e3o sobre vacina de Bolsonaro"}]},{"@type":"WebSite","@id":"https:\/\/cleitonpinheiro.com.br\/site\/#website","url":"https:\/\/cleitonpinheiro.com.br\/site\/","name":"PORTAL DE NOT\u00cdCIAS CLEITON PINHEIRO","description":"FALANDO A VERDADE","publisher":{"@id":"https:\/\/cleitonpinheiro.com.br\/site\/#organization"},"potentialAction":[{"@type":"SearchAction","target":{"@type":"EntryPoint","urlTemplate":"https:\/\/cleitonpinheiro.com.br\/site\/?s={search_term_string}"},"query-input":{"@type":"PropertyValueSpecification","valueRequired":true,"valueName":"search_term_string"}}],"inLanguage":"pt-BR"},{"@type":"Organization","@id":"https:\/\/cleitonpinheiro.com.br\/site\/#organization","name":"CPNOT\u00cdCIAS","url":"https:\/\/cleitonpinheiro.com.br\/site\/","logo":{"@type":"ImageObject","inLanguage":"pt-BR","@id":"https:\/\/cleitonpinheiro.com.br\/site\/#\/schema\/logo\/image\/","url":"https:\/\/cleitonpinheiro.com.br\/site\/wp-content\/uploads\/2022\/08\/Logo-pequena-2.png","contentUrl":"https:\/\/cleitonpinheiro.com.br\/site\/wp-content\/uploads\/2022\/08\/Logo-pequena-2.png","width":500,"height":500,"caption":"CPNOT\u00cdCIAS"},"image":{"@id":"https:\/\/cleitonpinheiro.com.br\/site\/#\/schema\/logo\/image\/"},"sameAs":["https:\/\/www.facebook.com\/portalcpnoticias\/"]},{"@type":"Person","@id":"https:\/\/cleitonpinheiro.com.br\/site\/#\/schema\/person\/62fd4eb98fcc8bd3fc477aaff264af51","name":"Cleiton Pinheiro","image":{"@type":"ImageObject","inLanguage":"pt-BR","@id":"https:\/\/cleitonpinheiro.com.br\/site\/#\/schema\/person\/image\/","url":"https:\/\/secure.gravatar.com\/avatar\/15642ec35b78fe5eed3cfa8e4a3f3211d73a3df4f35f0566b4324958cba1b1b9?s=96&r=g","contentUrl":"https:\/\/secure.gravatar.com\/avatar\/15642ec35b78fe5eed3cfa8e4a3f3211d73a3df4f35f0566b4324958cba1b1b9?s=96&r=g","caption":"Cleiton Pinheiro"},"url":"https:\/\/cleitonpinheiro.com.br\/site\/author\/cleiton\/"}]}},"views":154,"_links":{"self":[{"href":"https:\/\/cleitonpinheiro.com.br\/site\/wp-json\/wp\/v2\/posts\/76962","targetHints":{"allow":["GET"]}}],"collection":[{"href":"https:\/\/cleitonpinheiro.com.br\/site\/wp-json\/wp\/v2\/posts"}],"about":[{"href":"https:\/\/cleitonpinheiro.com.br\/site\/wp-json\/wp\/v2\/types\/post"}],"author":[{"embeddable":true,"href":"https:\/\/cleitonpinheiro.com.br\/site\/wp-json\/wp\/v2\/users\/10"}],"replies":[{"embeddable":true,"href":"https:\/\/cleitonpinheiro.com.br\/site\/wp-json\/wp\/v2\/comments?post=76962"}],"version-history":[{"count":1,"href":"https:\/\/cleitonpinheiro.com.br\/site\/wp-json\/wp\/v2\/posts\/76962\/revisions"}],"predecessor-version":[{"id":76964,"href":"https:\/\/cleitonpinheiro.com.br\/site\/wp-json\/wp\/v2\/posts\/76962\/revisions\/76964"}],"wp:attachment":[{"href":"https:\/\/cleitonpinheiro.com.br\/site\/wp-json\/wp\/v2\/media?parent=76962"}],"wp:term":[{"taxonomy":"category","embeddable":true,"href":"https:\/\/cleitonpinheiro.com.br\/site\/wp-json\/wp\/v2\/categories?post=76962"},{"taxonomy":"post_tag","embeddable":true,"href":"https:\/\/cleitonpinheiro.com.br\/site\/wp-json\/wp\/v2\/tags?post=76962"}],"curies":[{"name":"wp","href":"https:\/\/api.w.org\/{rel}","templated":true}]}}