{"id":76965,"date":"2024-04-24T14:12:49","date_gmt":"2024-04-24T17:12:49","guid":{"rendered":"https:\/\/cleitonpinheiro.com.br\/site\/?p=76965"},"modified":"2024-04-24T14:12:53","modified_gmt":"2024-04-24T17:12:53","slug":"camara-municipal-aprova-nova-gratificacao-aos-servidores-da-saude-da-prefeitura-de-palmas","status":"publish","type":"post","link":"https:\/\/cleitonpinheiro.com.br\/site\/camara-municipal-aprova-nova-gratificacao-aos-servidores-da-saude-da-prefeitura-de-palmas\/","title":{"rendered":"C\u00e2mara Municipal aprova nova gratifica\u00e7\u00e3o aos servidores da sa\u00fade da Prefeitura de Palmas"},"content":{"rendered":"\n<figure class=\"wp-block-image size-full\"><img decoding=\"async\" src=\"https:\/\/cleitonpinheiro.com.br\/site\/wp-content\/uploads\/2024\/04\/foto-01-66283db9b4ffc.jpeg\" alt=\"\" class=\"wp-image-76966\"\/><figcaption class=\"wp-element-caption\">Fot\u00f3grafo: Chico Sisto\/C\u00e2mara Municipal de Palmas<\/figcaption><\/figure>\n\n\n\n<p>Os vereadores da C\u00e2mara Municipal de Palmas (CMP) aprovaram na tarde desta ter\u00e7a-feira (23), em sess\u00f5es extraordin\u00e1rias sem remunera\u00e7\u00e3o, o Projeto de Lei n\u00ba 08\/2024, de autoria do Executivo, que institui verba indenizat\u00f3ria por atividade especial aos servidores efetivos que integram a rede de aten\u00e7\u00e3o do Sistema \u00danico de Sa\u00fade (SUS).\u00a0<\/p>\n\n\n\n<p>O PL n\u00b0 8\/2024 institui verba indenizat\u00f3ria por atividade especial aos servidores p\u00fablicos que desempenhem a\u00e7\u00f5es final\u00edsticas e\/ou t\u00e9cnicas em sa\u00fade, sendo o Adicional por Produtividade no Sistema \u00danico de Sa\u00fade (APSa\u00fade); o Aux\u00edlio Pecuni\u00e1rio &#8211; Programa Mais M\u00e9dicos para o Brasil &#8211; Alimenta\u00e7\u00e3o e Moradia; e Indeniza\u00e7\u00e3o de Transporte.&nbsp;<\/p>\n\n\n\n<p>De acordo com o Executivo, o adicional por produtividade ser\u00e1 concedido\u00a0conforme a avalia\u00e7\u00e3o individual de cada trabalhador e mediante o alcance de metas e resultados. Al\u00e9m disso, o benef\u00edcio\u00a0n\u00e3o deve implicar no aumento das despesas or\u00e7ament\u00e1rias, visto que os custos para a concess\u00e3o j\u00e1 est\u00e3o previstos na Lei Or\u00e7ament\u00e1ria Anual, relativo \u00e0 Gratifica\u00e7\u00e3o T\u00e9cnica Final\u00edstica do SUS \u2013 Lei n\u00b0 2.324\/2017.<\/p>\n\n\n\n<p>Texto: C\u00e2mara Municipal de Palmas<\/p>\n","protected":false},"excerpt":{"rendered":"<p>Os vereadores da C\u00e2mara Municipal de Palmas (CMP) aprovaram na tarde desta ter\u00e7a-feira (23), em sess\u00f5es extraordin\u00e1rias sem remunera\u00e7\u00e3o, o Projeto de Lei n\u00ba 08\/2024, de autoria do Executivo, que institui verba indenizat\u00f3ria por atividade especial aos servidores efetivos que integram a rede de aten\u00e7\u00e3o do Sistema \u00danico de Sa\u00fade (SUS).\u00a0 O PL n\u00b0 8\/2024 [&hellip;]<\/p>\n","protected":false},"author":10,"featured_media":0,"comment_status":"open","ping_status":"open","sticky":false,"template":"","format":"standard","meta":{"_acf_changed":false,"footnotes":""},"categories":[25,898,21],"tags":[],"class_list":["post-76965","post","type-post","status-publish","format-standard","hentry","category-funcionalismo","category-manchete-segundaria","category-todas-noticias"],"acf":[],"yoast_head":"<!-- This site is optimized with the Yoast SEO plugin v24.4 - https:\/\/yoast.com\/wordpress\/plugins\/seo\/ -->\n<title>C\u00e2mara Municipal aprova nova gratifica\u00e7\u00e3o aos servidores da sa\u00fade da Prefeitura de Palmas - PORTAL DE NOT\u00cdCIAS CLEITON PINHEIRO<\/title>\n<meta name=\"robots\" content=\"index, follow, max-snippet:-1, max-image-preview:large, max-video-preview:-1\" \/>\n<link rel=\"canonical\" href=\"https:\/\/cleitonpinheiro.com.br\/site\/camara-municipal-aprova-nova-gratificacao-aos-servidores-da-saude-da-prefeitura-de-palmas\/\" \/>\n<meta property=\"og:locale\" content=\"pt_BR\" \/>\n<meta property=\"og:type\" content=\"article\" \/>\n<meta property=\"og:title\" content=\"C\u00e2mara Municipal aprova nova gratifica\u00e7\u00e3o aos servidores da sa\u00fade da Prefeitura de Palmas - PORTAL DE NOT\u00cdCIAS CLEITON PINHEIRO\" \/>\n<meta property=\"og:description\" content=\"Os vereadores da C\u00e2mara Municipal de Palmas (CMP) aprovaram na tarde desta ter\u00e7a-feira (23), em sess\u00f5es extraordin\u00e1rias sem remunera\u00e7\u00e3o, o Projeto de Lei n\u00ba 08\/2024, de autoria do Executivo, que institui verba indenizat\u00f3ria por atividade especial aos servidores efetivos que integram a rede de aten\u00e7\u00e3o do Sistema \u00danico de Sa\u00fade (SUS).\u00a0 O PL n\u00b0 8\/2024 [&hellip;]\" \/>\n<meta property=\"og:url\" content=\"https:\/\/cleitonpinheiro.com.br\/site\/camara-municipal-aprova-nova-gratificacao-aos-servidores-da-saude-da-prefeitura-de-palmas\/\" \/>\n<meta property=\"og:site_name\" content=\"PORTAL DE NOT\u00cdCIAS CLEITON PINHEIRO\" \/>\n<meta property=\"article:publisher\" content=\"https:\/\/www.facebook.com\/portalcpnoticias\/\" \/>\n<meta property=\"article:published_time\" content=\"2024-04-24T17:12:49+00:00\" \/>\n<meta property=\"article:modified_time\" content=\"2024-04-24T17:12:53+00:00\" \/>\n<meta property=\"og:image\" content=\"https:\/\/cleitonpinheiro.com.br\/site\/wp-content\/uploads\/2024\/04\/foto-01-66283db9b4ffc.jpeg\" \/>\n\t<meta property=\"og:image:width\" content=\"1024\" \/>\n\t<meta property=\"og:image:height\" content=\"614\" \/>\n\t<meta property=\"og:image:type\" content=\"image\/jpeg\" \/>\n<meta name=\"author\" content=\"Cleiton Pinheiro\" \/>\n<meta name=\"twitter:card\" content=\"summary_large_image\" \/>\n<meta name=\"twitter:label1\" content=\"Escrito por\" \/>\n\t<meta name=\"twitter:data1\" content=\"Cleiton Pinheiro\" \/>\n\t<meta name=\"twitter:label2\" content=\"Est. tempo de leitura\" \/>\n\t<meta name=\"twitter:data2\" content=\"2 minutos\" \/>\n<script type=\"application\/ld+json\" class=\"yoast-schema-graph\">{\"@context\":\"https:\/\/schema.org\",\"@graph\":[{\"@type\":\"Article\",\"@id\":\"https:\/\/cleitonpinheiro.com.br\/site\/camara-municipal-aprova-nova-gratificacao-aos-servidores-da-saude-da-prefeitura-de-palmas\/#article\",\"isPartOf\":{\"@id\":\"https:\/\/cleitonpinheiro.com.br\/site\/camara-municipal-aprova-nova-gratificacao-aos-servidores-da-saude-da-prefeitura-de-palmas\/\"},\"author\":{\"name\":\"Cleiton Pinheiro\",\"@id\":\"https:\/\/cleitonpinheiro.com.br\/site\/#\/schema\/person\/62fd4eb98fcc8bd3fc477aaff264af51\"},\"headline\":\"C\u00e2mara Municipal aprova nova gratifica\u00e7\u00e3o aos servidores da sa\u00fade da Prefeitura de Palmas\",\"datePublished\":\"2024-04-24T17:12:49+00:00\",\"dateModified\":\"2024-04-24T17:12:53+00:00\",\"mainEntityOfPage\":{\"@id\":\"https:\/\/cleitonpinheiro.com.br\/site\/camara-municipal-aprova-nova-gratificacao-aos-servidores-da-saude-da-prefeitura-de-palmas\/\"},\"wordCount\":225,\"commentCount\":0,\"publisher\":{\"@id\":\"https:\/\/cleitonpinheiro.com.br\/site\/#organization\"},\"image\":{\"@id\":\"https:\/\/cleitonpinheiro.com.br\/site\/camara-municipal-aprova-nova-gratificacao-aos-servidores-da-saude-da-prefeitura-de-palmas\/#primaryimage\"},\"thumbnailUrl\":\"https:\/\/cleitonpinheiro.com.br\/site\/wp-content\/uploads\/2024\/04\/foto-01-66283db9b4ffc.jpeg\",\"articleSection\":[\"FUNCIONALISMO\",\"MANCHETE SEGUND\u00c1RIA\",\"TODAS NOTICIAS\"],\"inLanguage\":\"pt-BR\",\"potentialAction\":[{\"@type\":\"CommentAction\",\"name\":\"Comment\",\"target\":[\"https:\/\/cleitonpinheiro.com.br\/site\/camara-municipal-aprova-nova-gratificacao-aos-servidores-da-saude-da-prefeitura-de-palmas\/#respond\"]}]},{\"@type\":\"WebPage\",\"@id\":\"https:\/\/cleitonpinheiro.com.br\/site\/camara-municipal-aprova-nova-gratificacao-aos-servidores-da-saude-da-prefeitura-de-palmas\/\",\"url\":\"https:\/\/cleitonpinheiro.com.br\/site\/camara-municipal-aprova-nova-gratificacao-aos-servidores-da-saude-da-prefeitura-de-palmas\/\",\"name\":\"C\u00e2mara Municipal aprova nova gratifica\u00e7\u00e3o aos servidores da sa\u00fade da Prefeitura de Palmas - PORTAL DE NOT\u00cdCIAS CLEITON PINHEIRO\",\"isPartOf\":{\"@id\":\"https:\/\/cleitonpinheiro.com.br\/site\/#website\"},\"primaryImageOfPage\":{\"@id\":\"https:\/\/cleitonpinheiro.com.br\/site\/camara-municipal-aprova-nova-gratificacao-aos-servidores-da-saude-da-prefeitura-de-palmas\/#primaryimage\"},\"image\":{\"@id\":\"https:\/\/cleitonpinheiro.com.br\/site\/camara-municipal-aprova-nova-gratificacao-aos-servidores-da-saude-da-prefeitura-de-palmas\/#primaryimage\"},\"thumbnailUrl\":\"https:\/\/cleitonpinheiro.com.br\/site\/wp-content\/uploads\/2024\/04\/foto-01-66283db9b4ffc.jpeg\",\"datePublished\":\"2024-04-24T17:12:49+00:00\",\"dateModified\":\"2024-04-24T17:12:53+00:00\",\"breadcrumb\":{\"@id\":\"https:\/\/cleitonpinheiro.com.br\/site\/camara-municipal-aprova-nova-gratificacao-aos-servidores-da-saude-da-prefeitura-de-palmas\/#breadcrumb\"},\"inLanguage\":\"pt-BR\",\"potentialAction\":[{\"@type\":\"ReadAction\",\"target\":[\"https:\/\/cleitonpinheiro.com.br\/site\/camara-municipal-aprova-nova-gratificacao-aos-servidores-da-saude-da-prefeitura-de-palmas\/\"]}]},{\"@type\":\"ImageObject\",\"inLanguage\":\"pt-BR\",\"@id\":\"https:\/\/cleitonpinheiro.com.br\/site\/camara-municipal-aprova-nova-gratificacao-aos-servidores-da-saude-da-prefeitura-de-palmas\/#primaryimage\",\"url\":\"\",\"contentUrl\":\"\"},{\"@type\":\"BreadcrumbList\",\"@id\":\"https:\/\/cleitonpinheiro.com.br\/site\/camara-municipal-aprova-nova-gratificacao-aos-servidores-da-saude-da-prefeitura-de-palmas\/#breadcrumb\",\"itemListElement\":[{\"@type\":\"ListItem\",\"position\":1,\"name\":\"In\u00edcio\",\"item\":\"https:\/\/cleitonpinheiro.com.br\/site\/\"},{\"@type\":\"ListItem\",\"position\":2,\"name\":\"C\u00e2mara Municipal aprova nova gratifica\u00e7\u00e3o aos servidores da sa\u00fade da Prefeitura de Palmas\"}]},{\"@type\":\"WebSite\",\"@id\":\"https:\/\/cleitonpinheiro.com.br\/site\/#website\",\"url\":\"https:\/\/cleitonpinheiro.com.br\/site\/\",\"name\":\"PORTAL DE NOT\u00cdCIAS CLEITON PINHEIRO\",\"description\":\"FALANDO A VERDADE\",\"publisher\":{\"@id\":\"https:\/\/cleitonpinheiro.com.br\/site\/#organization\"},\"potentialAction\":[{\"@type\":\"SearchAction\",\"target\":{\"@type\":\"EntryPoint\",\"urlTemplate\":\"https:\/\/cleitonpinheiro.com.br\/site\/?s={search_term_string}\"},\"query-input\":{\"@type\":\"PropertyValueSpecification\",\"valueRequired\":true,\"valueName\":\"search_term_string\"}}],\"inLanguage\":\"pt-BR\"},{\"@type\":\"Organization\",\"@id\":\"https:\/\/cleitonpinheiro.com.br\/site\/#organization\",\"name\":\"CPNOT\u00cdCIAS\",\"url\":\"https:\/\/cleitonpinheiro.com.br\/site\/\",\"logo\":{\"@type\":\"ImageObject\",\"inLanguage\":\"pt-BR\",\"@id\":\"https:\/\/cleitonpinheiro.com.br\/site\/#\/schema\/logo\/image\/\",\"url\":\"https:\/\/cleitonpinheiro.com.br\/site\/wp-content\/uploads\/2022\/08\/Logo-pequena-2.png\",\"contentUrl\":\"https:\/\/cleitonpinheiro.com.br\/site\/wp-content\/uploads\/2022\/08\/Logo-pequena-2.png\",\"width\":500,\"height\":500,\"caption\":\"CPNOT\u00cdCIAS\"},\"image\":{\"@id\":\"https:\/\/cleitonpinheiro.com.br\/site\/#\/schema\/logo\/image\/\"},\"sameAs\":[\"https:\/\/www.facebook.com\/portalcpnoticias\/\"]},{\"@type\":\"Person\",\"@id\":\"https:\/\/cleitonpinheiro.com.br\/site\/#\/schema\/person\/62fd4eb98fcc8bd3fc477aaff264af51\",\"name\":\"Cleiton Pinheiro\",\"image\":{\"@type\":\"ImageObject\",\"inLanguage\":\"pt-BR\",\"@id\":\"https:\/\/cleitonpinheiro.com.br\/site\/#\/schema\/person\/image\/\",\"url\":\"https:\/\/secure.gravatar.com\/avatar\/15642ec35b78fe5eed3cfa8e4a3f3211d73a3df4f35f0566b4324958cba1b1b9?s=96&r=g\",\"contentUrl\":\"https:\/\/secure.gravatar.com\/avatar\/15642ec35b78fe5eed3cfa8e4a3f3211d73a3df4f35f0566b4324958cba1b1b9?s=96&r=g\",\"caption\":\"Cleiton Pinheiro\"},\"url\":\"https:\/\/cleitonpinheiro.com.br\/site\/author\/cleiton\/\"}]}<\/script>\n<!-- \/ Yoast SEO plugin. -->","yoast_head_json":{"title":"C\u00e2mara Municipal aprova nova gratifica\u00e7\u00e3o aos servidores da sa\u00fade da Prefeitura de Palmas - PORTAL DE NOT\u00cdCIAS CLEITON PINHEIRO","robots":{"index":"index","follow":"follow","max-snippet":"max-snippet:-1","max-image-preview":"max-image-preview:large","max-video-preview":"max-video-preview:-1"},"canonical":"https:\/\/cleitonpinheiro.com.br\/site\/camara-municipal-aprova-nova-gratificacao-aos-servidores-da-saude-da-prefeitura-de-palmas\/","og_locale":"pt_BR","og_type":"article","og_title":"C\u00e2mara Municipal aprova nova gratifica\u00e7\u00e3o aos servidores da sa\u00fade da Prefeitura de Palmas - PORTAL DE NOT\u00cdCIAS CLEITON PINHEIRO","og_description":"Os vereadores da C\u00e2mara Municipal de Palmas (CMP) aprovaram na tarde desta ter\u00e7a-feira (23), em sess\u00f5es extraordin\u00e1rias sem remunera\u00e7\u00e3o, o Projeto de Lei n\u00ba 08\/2024, de autoria do Executivo, que institui verba indenizat\u00f3ria por atividade especial aos servidores efetivos que integram a rede de aten\u00e7\u00e3o do Sistema \u00danico de Sa\u00fade (SUS).\u00a0 O PL n\u00b0 8\/2024 [&hellip;]","og_url":"https:\/\/cleitonpinheiro.com.br\/site\/camara-municipal-aprova-nova-gratificacao-aos-servidores-da-saude-da-prefeitura-de-palmas\/","og_site_name":"PORTAL DE NOT\u00cdCIAS CLEITON PINHEIRO","article_publisher":"https:\/\/www.facebook.com\/portalcpnoticias\/","article_published_time":"2024-04-24T17:12:49+00:00","article_modified_time":"2024-04-24T17:12:53+00:00","og_image":[{"width":1024,"height":614,"url":"https:\/\/cleitonpinheiro.com.br\/site\/wp-content\/uploads\/2024\/04\/foto-01-66283db9b4ffc.jpeg","type":"image\/jpeg"}],"author":"Cleiton Pinheiro","twitter_card":"summary_large_image","twitter_misc":{"Escrito por":"Cleiton Pinheiro","Est. tempo de leitura":"2 minutos"},"schema":{"@context":"https:\/\/schema.org","@graph":[{"@type":"Article","@id":"https:\/\/cleitonpinheiro.com.br\/site\/camara-municipal-aprova-nova-gratificacao-aos-servidores-da-saude-da-prefeitura-de-palmas\/#article","isPartOf":{"@id":"https:\/\/cleitonpinheiro.com.br\/site\/camara-municipal-aprova-nova-gratificacao-aos-servidores-da-saude-da-prefeitura-de-palmas\/"},"author":{"name":"Cleiton Pinheiro","@id":"https:\/\/cleitonpinheiro.com.br\/site\/#\/schema\/person\/62fd4eb98fcc8bd3fc477aaff264af51"},"headline":"C\u00e2mara Municipal aprova nova gratifica\u00e7\u00e3o aos servidores da sa\u00fade da Prefeitura de Palmas","datePublished":"2024-04-24T17:12:49+00:00","dateModified":"2024-04-24T17:12:53+00:00","mainEntityOfPage":{"@id":"https:\/\/cleitonpinheiro.com.br\/site\/camara-municipal-aprova-nova-gratificacao-aos-servidores-da-saude-da-prefeitura-de-palmas\/"},"wordCount":225,"commentCount":0,"publisher":{"@id":"https:\/\/cleitonpinheiro.com.br\/site\/#organization"},"image":{"@id":"https:\/\/cleitonpinheiro.com.br\/site\/camara-municipal-aprova-nova-gratificacao-aos-servidores-da-saude-da-prefeitura-de-palmas\/#primaryimage"},"thumbnailUrl":"https:\/\/cleitonpinheiro.com.br\/site\/wp-content\/uploads\/2024\/04\/foto-01-66283db9b4ffc.jpeg","articleSection":["FUNCIONALISMO","MANCHETE SEGUND\u00c1RIA","TODAS NOTICIAS"],"inLanguage":"pt-BR","potentialAction":[{"@type":"CommentAction","name":"Comment","target":["https:\/\/cleitonpinheiro.com.br\/site\/camara-municipal-aprova-nova-gratificacao-aos-servidores-da-saude-da-prefeitura-de-palmas\/#respond"]}]},{"@type":"WebPage","@id":"https:\/\/cleitonpinheiro.com.br\/site\/camara-municipal-aprova-nova-gratificacao-aos-servidores-da-saude-da-prefeitura-de-palmas\/","url":"https:\/\/cleitonpinheiro.com.br\/site\/camara-municipal-aprova-nova-gratificacao-aos-servidores-da-saude-da-prefeitura-de-palmas\/","name":"C\u00e2mara Municipal aprova nova gratifica\u00e7\u00e3o aos servidores da sa\u00fade da Prefeitura de Palmas - PORTAL DE NOT\u00cdCIAS CLEITON PINHEIRO","isPartOf":{"@id":"https:\/\/cleitonpinheiro.com.br\/site\/#website"},"primaryImageOfPage":{"@id":"https:\/\/cleitonpinheiro.com.br\/site\/camara-municipal-aprova-nova-gratificacao-aos-servidores-da-saude-da-prefeitura-de-palmas\/#primaryimage"},"image":{"@id":"https:\/\/cleitonpinheiro.com.br\/site\/camara-municipal-aprova-nova-gratificacao-aos-servidores-da-saude-da-prefeitura-de-palmas\/#primaryimage"},"thumbnailUrl":"https:\/\/cleitonpinheiro.com.br\/site\/wp-content\/uploads\/2024\/04\/foto-01-66283db9b4ffc.jpeg","datePublished":"2024-04-24T17:12:49+00:00","dateModified":"2024-04-24T17:12:53+00:00","breadcrumb":{"@id":"https:\/\/cleitonpinheiro.com.br\/site\/camara-municipal-aprova-nova-gratificacao-aos-servidores-da-saude-da-prefeitura-de-palmas\/#breadcrumb"},"inLanguage":"pt-BR","potentialAction":[{"@type":"ReadAction","target":["https:\/\/cleitonpinheiro.com.br\/site\/camara-municipal-aprova-nova-gratificacao-aos-servidores-da-saude-da-prefeitura-de-palmas\/"]}]},{"@type":"ImageObject","inLanguage":"pt-BR","@id":"https:\/\/cleitonpinheiro.com.br\/site\/camara-municipal-aprova-nova-gratificacao-aos-servidores-da-saude-da-prefeitura-de-palmas\/#primaryimage","url":"","contentUrl":""},{"@type":"BreadcrumbList","@id":"https:\/\/cleitonpinheiro.com.br\/site\/camara-municipal-aprova-nova-gratificacao-aos-servidores-da-saude-da-prefeitura-de-palmas\/#breadcrumb","itemListElement":[{"@type":"ListItem","position":1,"name":"In\u00edcio","item":"https:\/\/cleitonpinheiro.com.br\/site\/"},{"@type":"ListItem","position":2,"name":"C\u00e2mara Municipal aprova nova gratifica\u00e7\u00e3o aos servidores da sa\u00fade da Prefeitura de Palmas"}]},{"@type":"WebSite","@id":"https:\/\/cleitonpinheiro.com.br\/site\/#website","url":"https:\/\/cleitonpinheiro.com.br\/site\/","name":"PORTAL DE NOT\u00cdCIAS CLEITON PINHEIRO","description":"FALANDO A VERDADE","publisher":{"@id":"https:\/\/cleitonpinheiro.com.br\/site\/#organization"},"potentialAction":[{"@type":"SearchAction","target":{"@type":"EntryPoint","urlTemplate":"https:\/\/cleitonpinheiro.com.br\/site\/?s={search_term_string}"},"query-input":{"@type":"PropertyValueSpecification","valueRequired":true,"valueName":"search_term_string"}}],"inLanguage":"pt-BR"},{"@type":"Organization","@id":"https:\/\/cleitonpinheiro.com.br\/site\/#organization","name":"CPNOT\u00cdCIAS","url":"https:\/\/cleitonpinheiro.com.br\/site\/","logo":{"@type":"ImageObject","inLanguage":"pt-BR","@id":"https:\/\/cleitonpinheiro.com.br\/site\/#\/schema\/logo\/image\/","url":"https:\/\/cleitonpinheiro.com.br\/site\/wp-content\/uploads\/2022\/08\/Logo-pequena-2.png","contentUrl":"https:\/\/cleitonpinheiro.com.br\/site\/wp-content\/uploads\/2022\/08\/Logo-pequena-2.png","width":500,"height":500,"caption":"CPNOT\u00cdCIAS"},"image":{"@id":"https:\/\/cleitonpinheiro.com.br\/site\/#\/schema\/logo\/image\/"},"sameAs":["https:\/\/www.facebook.com\/portalcpnoticias\/"]},{"@type":"Person","@id":"https:\/\/cleitonpinheiro.com.br\/site\/#\/schema\/person\/62fd4eb98fcc8bd3fc477aaff264af51","name":"Cleiton Pinheiro","image":{"@type":"ImageObject","inLanguage":"pt-BR","@id":"https:\/\/cleitonpinheiro.com.br\/site\/#\/schema\/person\/image\/","url":"https:\/\/secure.gravatar.com\/avatar\/15642ec35b78fe5eed3cfa8e4a3f3211d73a3df4f35f0566b4324958cba1b1b9?s=96&r=g","contentUrl":"https:\/\/secure.gravatar.com\/avatar\/15642ec35b78fe5eed3cfa8e4a3f3211d73a3df4f35f0566b4324958cba1b1b9?s=96&r=g","caption":"Cleiton Pinheiro"},"url":"https:\/\/cleitonpinheiro.com.br\/site\/author\/cleiton\/"}]}},"views":157,"_links":{"self":[{"href":"https:\/\/cleitonpinheiro.com.br\/site\/wp-json\/wp\/v2\/posts\/76965","targetHints":{"allow":["GET"]}}],"collection":[{"href":"https:\/\/cleitonpinheiro.com.br\/site\/wp-json\/wp\/v2\/posts"}],"about":[{"href":"https:\/\/cleitonpinheiro.com.br\/site\/wp-json\/wp\/v2\/types\/post"}],"author":[{"embeddable":true,"href":"https:\/\/cleitonpinheiro.com.br\/site\/wp-json\/wp\/v2\/users\/10"}],"replies":[{"embeddable":true,"href":"https:\/\/cleitonpinheiro.com.br\/site\/wp-json\/wp\/v2\/comments?post=76965"}],"version-history":[{"count":1,"href":"https:\/\/cleitonpinheiro.com.br\/site\/wp-json\/wp\/v2\/posts\/76965\/revisions"}],"predecessor-version":[{"id":76967,"href":"https:\/\/cleitonpinheiro.com.br\/site\/wp-json\/wp\/v2\/posts\/76965\/revisions\/76967"}],"wp:attachment":[{"href":"https:\/\/cleitonpinheiro.com.br\/site\/wp-json\/wp\/v2\/media?parent=76965"}],"wp:term":[{"taxonomy":"category","embeddable":true,"href":"https:\/\/cleitonpinheiro.com.br\/site\/wp-json\/wp\/v2\/categories?post=76965"},{"taxonomy":"post_tag","embeddable":true,"href":"https:\/\/cleitonpinheiro.com.br\/site\/wp-json\/wp\/v2\/tags?post=76965"}],"curies":[{"name":"wp","href":"https:\/\/api.w.org\/{rel}","templated":true}]}}