{"id":76981,"date":"2024-04-24T08:26:00","date_gmt":"2024-04-24T11:26:00","guid":{"rendered":"https:\/\/cleitonpinheiro.com.br\/site\/?p=76981"},"modified":"2024-04-24T14:29:28","modified_gmt":"2024-04-24T17:29:28","slug":"agu-pede-ao-stf-apuracao-de-posts-com-divulgacao-de-decisoes-de-moraes","status":"publish","type":"post","link":"https:\/\/cleitonpinheiro.com.br\/site\/agu-pede-ao-stf-apuracao-de-posts-com-divulgacao-de-decisoes-de-moraes\/","title":{"rendered":"AGU pede ao STF apura\u00e7\u00e3o de posts com divulga\u00e7\u00e3o de decis\u00f5es de Moraes"},"content":{"rendered":"\n<figure class=\"wp-block-image size-large\"><img decoding=\"async\" src=\"https:\/\/cleitonpinheiro.com.br\/site\/wp-content\/uploads\/2024\/04\/posse-diretor-pf_mcamgo_abr_100120231818-13-1024x613.webp\" alt=\"stf alexandre moraes\" class=\"wp-image-76982\"\/><figcaption class=\"wp-element-caption\">H\u00e1 suspeita de crime contra Estado Democr\u00e1tico de Direito\n&#8211; Foto: Marcelo Camargo\/Ag\u00eancia Brasil<\/figcaption><\/figure>\n\n\n\n<p>A Advocacia-Geral da Uni\u00e3o (AGU) pediu nesta ter\u00e7a-feira (23) ao Supremo Tribunal Federal (STF) a abertura de investiga\u00e7\u00e3o sobre a divulga\u00e7\u00e3o de decis\u00f5es judiciais determinadas pelo ministro Alexandre de Moraes para<a href=\"https:\/\/agenciabrasil.ebc.com.br\/justica\/noticia\/2024-04\/pf-diz-que-perfis-bloqueados-por-moraes-continuam-realizando-lives\" target=\"_blank\" rel=\"noreferrer noopener\">\u00a0retirar conte\u00fados ilegais\u00a0<\/a>postados por usu\u00e1rios da rede social X, antigo Twitter. Para o \u00f3rg\u00e3o, h\u00e1 suspeita de ocorr\u00eancia de crimes contra o Estado Democr\u00e1tico de Direito e contra as institui\u00e7\u00f5es.\u00a0<\/p>\n\n\n\n<p>Na semana passada, parte das decis\u00f5es foi&nbsp;divulgada&nbsp;pelo<a href=\"https:\/\/agenciabrasil.ebc.com.br\/politica\/noticia\/2024-04\/senado-ouve-jornalistas-citados-por-musk-para-atacar-moraes-e-o-stf\" target=\"_blank\" rel=\"noreferrer noopener\">&nbsp;jornalista Michael Shellenberger na rede social<\/a>. O caso \u00e9 conhecido como &#8220;Twitter Files&#8221;.&nbsp; Nas postagens, foram reproduzidas partes de decis\u00f5es sigilosas proferidas por Moraes entre 2020 e 2022.&nbsp;<\/p>\n\n\n\n<p>No entendimento do advogado-geral da Uni\u00e3o, Jorge Messias, a divulga\u00e7\u00e3o dos documentos causa interfer\u00eancia no andamento dos processos e viola o dever de sigilo na guarda dos documentos.<\/p>\n\n\n\n<p>&#8220;Os fatos ora delineados indicam que foram divulgadas, em detrimento do Poder Judici\u00e1rio da Uni\u00e3o, e sem as respectivas autoriza\u00e7\u00f5es judiciais, uma enorme quantidade de informa\u00e7\u00f5es aos quais foi atribu\u00eddo segredo de Justi\u00e7a, comprometendo investiga\u00e7\u00f5es em curso tanto nessa Suprema Corte como no TSE a respeito de condutas antidemocr\u00e1ticas ocorridas no Brasil e que culminaram nos atos de vandalismo de 8 de janeiro de 2023&#8221;, afirmou Messias.<\/p>\n\n\n\n<p>Com a medida, a AGU pede que Alexandre de Moraes envie a not\u00edcia-crime apresentada pelo \u00f3rg\u00e3o&nbsp;ao Minist\u00e9rio P\u00fablico Federal (STF) para apura\u00e7\u00e3o.<\/p>\n\n\n\n<p>&#8220;\u00c9 necess\u00e1rio n\u00e3o apenas identificar e punir os poss\u00edveis culpados, como tamb\u00e9m deixar clara a absoluta avers\u00e3o \u00e0 natureza dos fatos, cuja reitera\u00e7\u00e3o n\u00e3o ser\u00e1, em hip\u00f3tese alguma, admitida pelos poderes constitu\u00eddo&#8221;, concluiu o AGU.<\/p>\n\n\n\n<h2 class=\"wp-block-heading\">Musk<\/h2>\n\n\n\n<p>Na semana passada, o empres\u00e1rio norte-americano Elon Musk foi inclu\u00eddo pelo ministro Alexandre de Moraes no inqu\u00e9rito que investiga a atua\u00e7\u00e3o de mil\u00edcias digitais para dissemina\u00e7\u00e3o de not\u00edcias falsas no pa\u00eds.<\/p>\n\n\n\n<p>A medida foi tomada ap\u00f3s Musk insinuar que n\u00e3o vai cumprir determina\u00e7\u00f5es do Supremo para retirada de postagens que forem consideradas ilegais.<\/p>\n\n\n\n<p>Nas postagens publicadas no in\u00edcio deste m\u00eas, Musk prometeu \u201clevantar\u201d (desobedecer)\u00a0todas as restri\u00e7\u00f5es judiciais, alegando que Moraes amea\u00e7ou prender funcion\u00e1rios do X no Brasil ao determinar a remo\u00e7\u00e3o de conte\u00fados ilegais. O empres\u00e1rio tamb\u00e9m acusou Moraes de trair \u201cdescarada e repetidamente a Constitui\u00e7\u00e3o e o povo brasileiro\u201d.<\/p>\n\n\n\n<p>Texto: Andr\u00e9 Richter\/Ag\u00eancia Brasil<\/p>\n","protected":false},"excerpt":{"rendered":"<p>A Advocacia-Geral da Uni\u00e3o (AGU) pediu nesta ter\u00e7a-feira (23) ao Supremo Tribunal Federal (STF) a abertura de investiga\u00e7\u00e3o sobre a divulga\u00e7\u00e3o de decis\u00f5es judiciais determinadas pelo ministro Alexandre de Moraes para\u00a0retirar conte\u00fados ilegais\u00a0postados por usu\u00e1rios da rede social X, antigo Twitter. Para o \u00f3rg\u00e3o, h\u00e1 suspeita de ocorr\u00eancia de crimes contra o Estado Democr\u00e1tico de [&hellip;]<\/p>\n","protected":false},"author":10,"featured_media":0,"comment_status":"open","ping_status":"open","sticky":false,"template":"","format":"standard","meta":{"_acf_changed":false,"footnotes":""},"categories":[19,898,21],"tags":[1276,159,1275,142],"class_list":["post-76981","post","type-post","status-publish","format-standard","hentry","category-brasil-mundo","category-manchete-segundaria","category-todas-noticias","tag-agu","tag-alexandre-de-moraes","tag-elon-musk","tag-stf"],"acf":[],"yoast_head":"<!-- This site is optimized with the Yoast SEO plugin v24.4 - https:\/\/yoast.com\/wordpress\/plugins\/seo\/ -->\n<title>AGU pede ao STF apura\u00e7\u00e3o de posts com divulga\u00e7\u00e3o de decis\u00f5es de Moraes - PORTAL DE NOT\u00cdCIAS CLEITON PINHEIRO<\/title>\n<meta name=\"robots\" content=\"index, follow, max-snippet:-1, max-image-preview:large, max-video-preview:-1\" \/>\n<link rel=\"canonical\" href=\"https:\/\/cleitonpinheiro.com.br\/site\/agu-pede-ao-stf-apuracao-de-posts-com-divulgacao-de-decisoes-de-moraes\/\" \/>\n<meta property=\"og:locale\" content=\"pt_BR\" \/>\n<meta property=\"og:type\" content=\"article\" \/>\n<meta property=\"og:title\" content=\"AGU pede ao STF apura\u00e7\u00e3o de posts com divulga\u00e7\u00e3o de decis\u00f5es de Moraes - PORTAL DE NOT\u00cdCIAS CLEITON PINHEIRO\" \/>\n<meta property=\"og:description\" content=\"A Advocacia-Geral da Uni\u00e3o (AGU) pediu nesta ter\u00e7a-feira (23) ao Supremo Tribunal Federal (STF) a abertura de investiga\u00e7\u00e3o sobre a divulga\u00e7\u00e3o de decis\u00f5es judiciais determinadas pelo ministro Alexandre de Moraes para\u00a0retirar conte\u00fados ilegais\u00a0postados por usu\u00e1rios da rede social X, antigo Twitter. Para o \u00f3rg\u00e3o, h\u00e1 suspeita de ocorr\u00eancia de crimes contra o Estado Democr\u00e1tico de [&hellip;]\" \/>\n<meta property=\"og:url\" content=\"https:\/\/cleitonpinheiro.com.br\/site\/agu-pede-ao-stf-apuracao-de-posts-com-divulgacao-de-decisoes-de-moraes\/\" \/>\n<meta property=\"og:site_name\" content=\"PORTAL DE NOT\u00cdCIAS CLEITON PINHEIRO\" \/>\n<meta property=\"article:publisher\" content=\"https:\/\/www.facebook.com\/portalcpnoticias\/\" \/>\n<meta property=\"article:published_time\" content=\"2024-04-24T11:26:00+00:00\" \/>\n<meta property=\"article:modified_time\" content=\"2024-04-24T17:29:28+00:00\" \/>\n<meta property=\"og:image\" content=\"https:\/\/cleitonpinheiro.com.br\/site\/wp-content\/uploads\/2024\/04\/posse-diretor-pf_mcamgo_abr_100120231818-13.webp\" \/>\n\t<meta property=\"og:image:width\" content=\"1170\" \/>\n\t<meta property=\"og:image:height\" content=\"700\" \/>\n\t<meta property=\"og:image:type\" content=\"image\/webp\" \/>\n<meta name=\"author\" content=\"Cleiton Pinheiro\" \/>\n<meta name=\"twitter:card\" content=\"summary_large_image\" \/>\n<meta name=\"twitter:label1\" content=\"Escrito por\" \/>\n\t<meta name=\"twitter:data1\" content=\"Cleiton Pinheiro\" \/>\n\t<meta name=\"twitter:label2\" content=\"Est. tempo de leitura\" \/>\n\t<meta name=\"twitter:data2\" content=\"3 minutos\" \/>\n<script type=\"application\/ld+json\" class=\"yoast-schema-graph\">{\"@context\":\"https:\/\/schema.org\",\"@graph\":[{\"@type\":\"Article\",\"@id\":\"https:\/\/cleitonpinheiro.com.br\/site\/agu-pede-ao-stf-apuracao-de-posts-com-divulgacao-de-decisoes-de-moraes\/#article\",\"isPartOf\":{\"@id\":\"https:\/\/cleitonpinheiro.com.br\/site\/agu-pede-ao-stf-apuracao-de-posts-com-divulgacao-de-decisoes-de-moraes\/\"},\"author\":{\"name\":\"Cleiton Pinheiro\",\"@id\":\"https:\/\/cleitonpinheiro.com.br\/site\/#\/schema\/person\/62fd4eb98fcc8bd3fc477aaff264af51\"},\"headline\":\"AGU pede ao STF apura\u00e7\u00e3o de posts com divulga\u00e7\u00e3o de decis\u00f5es de Moraes\",\"datePublished\":\"2024-04-24T11:26:00+00:00\",\"dateModified\":\"2024-04-24T17:29:28+00:00\",\"mainEntityOfPage\":{\"@id\":\"https:\/\/cleitonpinheiro.com.br\/site\/agu-pede-ao-stf-apuracao-de-posts-com-divulgacao-de-decisoes-de-moraes\/\"},\"wordCount\":450,\"commentCount\":0,\"publisher\":{\"@id\":\"https:\/\/cleitonpinheiro.com.br\/site\/#organization\"},\"image\":{\"@id\":\"https:\/\/cleitonpinheiro.com.br\/site\/agu-pede-ao-stf-apuracao-de-posts-com-divulgacao-de-decisoes-de-moraes\/#primaryimage\"},\"thumbnailUrl\":\"https:\/\/cleitonpinheiro.com.br\/site\/wp-content\/uploads\/2024\/04\/posse-diretor-pf_mcamgo_abr_100120231818-13-1024x613.webp\",\"keywords\":[\"AGU\",\"Alexandre de Moraes\",\"Elon Musk\",\"STF\"],\"articleSection\":[\"BRASIL \/ MUNDO\",\"MANCHETE SEGUND\u00c1RIA\",\"TODAS NOTICIAS\"],\"inLanguage\":\"pt-BR\",\"potentialAction\":[{\"@type\":\"CommentAction\",\"name\":\"Comment\",\"target\":[\"https:\/\/cleitonpinheiro.com.br\/site\/agu-pede-ao-stf-apuracao-de-posts-com-divulgacao-de-decisoes-de-moraes\/#respond\"]}]},{\"@type\":\"WebPage\",\"@id\":\"https:\/\/cleitonpinheiro.com.br\/site\/agu-pede-ao-stf-apuracao-de-posts-com-divulgacao-de-decisoes-de-moraes\/\",\"url\":\"https:\/\/cleitonpinheiro.com.br\/site\/agu-pede-ao-stf-apuracao-de-posts-com-divulgacao-de-decisoes-de-moraes\/\",\"name\":\"AGU pede ao STF apura\u00e7\u00e3o de posts com divulga\u00e7\u00e3o de decis\u00f5es de Moraes - PORTAL DE NOT\u00cdCIAS CLEITON PINHEIRO\",\"isPartOf\":{\"@id\":\"https:\/\/cleitonpinheiro.com.br\/site\/#website\"},\"primaryImageOfPage\":{\"@id\":\"https:\/\/cleitonpinheiro.com.br\/site\/agu-pede-ao-stf-apuracao-de-posts-com-divulgacao-de-decisoes-de-moraes\/#primaryimage\"},\"image\":{\"@id\":\"https:\/\/cleitonpinheiro.com.br\/site\/agu-pede-ao-stf-apuracao-de-posts-com-divulgacao-de-decisoes-de-moraes\/#primaryimage\"},\"thumbnailUrl\":\"https:\/\/cleitonpinheiro.com.br\/site\/wp-content\/uploads\/2024\/04\/posse-diretor-pf_mcamgo_abr_100120231818-13-1024x613.webp\",\"datePublished\":\"2024-04-24T11:26:00+00:00\",\"dateModified\":\"2024-04-24T17:29:28+00:00\",\"breadcrumb\":{\"@id\":\"https:\/\/cleitonpinheiro.com.br\/site\/agu-pede-ao-stf-apuracao-de-posts-com-divulgacao-de-decisoes-de-moraes\/#breadcrumb\"},\"inLanguage\":\"pt-BR\",\"potentialAction\":[{\"@type\":\"ReadAction\",\"target\":[\"https:\/\/cleitonpinheiro.com.br\/site\/agu-pede-ao-stf-apuracao-de-posts-com-divulgacao-de-decisoes-de-moraes\/\"]}]},{\"@type\":\"ImageObject\",\"inLanguage\":\"pt-BR\",\"@id\":\"https:\/\/cleitonpinheiro.com.br\/site\/agu-pede-ao-stf-apuracao-de-posts-com-divulgacao-de-decisoes-de-moraes\/#primaryimage\",\"url\":\"\",\"contentUrl\":\"\"},{\"@type\":\"BreadcrumbList\",\"@id\":\"https:\/\/cleitonpinheiro.com.br\/site\/agu-pede-ao-stf-apuracao-de-posts-com-divulgacao-de-decisoes-de-moraes\/#breadcrumb\",\"itemListElement\":[{\"@type\":\"ListItem\",\"position\":1,\"name\":\"In\u00edcio\",\"item\":\"https:\/\/cleitonpinheiro.com.br\/site\/\"},{\"@type\":\"ListItem\",\"position\":2,\"name\":\"AGU pede ao STF apura\u00e7\u00e3o de posts com divulga\u00e7\u00e3o de decis\u00f5es de Moraes\"}]},{\"@type\":\"WebSite\",\"@id\":\"https:\/\/cleitonpinheiro.com.br\/site\/#website\",\"url\":\"https:\/\/cleitonpinheiro.com.br\/site\/\",\"name\":\"PORTAL DE NOT\u00cdCIAS CLEITON PINHEIRO\",\"description\":\"FALANDO A VERDADE\",\"publisher\":{\"@id\":\"https:\/\/cleitonpinheiro.com.br\/site\/#organization\"},\"potentialAction\":[{\"@type\":\"SearchAction\",\"target\":{\"@type\":\"EntryPoint\",\"urlTemplate\":\"https:\/\/cleitonpinheiro.com.br\/site\/?s={search_term_string}\"},\"query-input\":{\"@type\":\"PropertyValueSpecification\",\"valueRequired\":true,\"valueName\":\"search_term_string\"}}],\"inLanguage\":\"pt-BR\"},{\"@type\":\"Organization\",\"@id\":\"https:\/\/cleitonpinheiro.com.br\/site\/#organization\",\"name\":\"CPNOT\u00cdCIAS\",\"url\":\"https:\/\/cleitonpinheiro.com.br\/site\/\",\"logo\":{\"@type\":\"ImageObject\",\"inLanguage\":\"pt-BR\",\"@id\":\"https:\/\/cleitonpinheiro.com.br\/site\/#\/schema\/logo\/image\/\",\"url\":\"https:\/\/cleitonpinheiro.com.br\/site\/wp-content\/uploads\/2022\/08\/Logo-pequena-2.png\",\"contentUrl\":\"https:\/\/cleitonpinheiro.com.br\/site\/wp-content\/uploads\/2022\/08\/Logo-pequena-2.png\",\"width\":500,\"height\":500,\"caption\":\"CPNOT\u00cdCIAS\"},\"image\":{\"@id\":\"https:\/\/cleitonpinheiro.com.br\/site\/#\/schema\/logo\/image\/\"},\"sameAs\":[\"https:\/\/www.facebook.com\/portalcpnoticias\/\"]},{\"@type\":\"Person\",\"@id\":\"https:\/\/cleitonpinheiro.com.br\/site\/#\/schema\/person\/62fd4eb98fcc8bd3fc477aaff264af51\",\"name\":\"Cleiton Pinheiro\",\"image\":{\"@type\":\"ImageObject\",\"inLanguage\":\"pt-BR\",\"@id\":\"https:\/\/cleitonpinheiro.com.br\/site\/#\/schema\/person\/image\/\",\"url\":\"https:\/\/secure.gravatar.com\/avatar\/15642ec35b78fe5eed3cfa8e4a3f3211d73a3df4f35f0566b4324958cba1b1b9?s=96&r=g\",\"contentUrl\":\"https:\/\/secure.gravatar.com\/avatar\/15642ec35b78fe5eed3cfa8e4a3f3211d73a3df4f35f0566b4324958cba1b1b9?s=96&r=g\",\"caption\":\"Cleiton Pinheiro\"},\"url\":\"https:\/\/cleitonpinheiro.com.br\/site\/author\/cleiton\/\"}]}<\/script>\n<!-- \/ Yoast SEO plugin. -->","yoast_head_json":{"title":"AGU pede ao STF apura\u00e7\u00e3o de posts com divulga\u00e7\u00e3o de decis\u00f5es de Moraes - PORTAL DE NOT\u00cdCIAS CLEITON PINHEIRO","robots":{"index":"index","follow":"follow","max-snippet":"max-snippet:-1","max-image-preview":"max-image-preview:large","max-video-preview":"max-video-preview:-1"},"canonical":"https:\/\/cleitonpinheiro.com.br\/site\/agu-pede-ao-stf-apuracao-de-posts-com-divulgacao-de-decisoes-de-moraes\/","og_locale":"pt_BR","og_type":"article","og_title":"AGU pede ao STF apura\u00e7\u00e3o de posts com divulga\u00e7\u00e3o de decis\u00f5es de Moraes - PORTAL DE NOT\u00cdCIAS CLEITON PINHEIRO","og_description":"A Advocacia-Geral da Uni\u00e3o (AGU) pediu nesta ter\u00e7a-feira (23) ao Supremo Tribunal Federal (STF) a abertura de investiga\u00e7\u00e3o sobre a divulga\u00e7\u00e3o de decis\u00f5es judiciais determinadas pelo ministro Alexandre de Moraes para\u00a0retirar conte\u00fados ilegais\u00a0postados por usu\u00e1rios da rede social X, antigo Twitter. Para o \u00f3rg\u00e3o, h\u00e1 suspeita de ocorr\u00eancia de crimes contra o Estado Democr\u00e1tico de [&hellip;]","og_url":"https:\/\/cleitonpinheiro.com.br\/site\/agu-pede-ao-stf-apuracao-de-posts-com-divulgacao-de-decisoes-de-moraes\/","og_site_name":"PORTAL DE NOT\u00cdCIAS CLEITON PINHEIRO","article_publisher":"https:\/\/www.facebook.com\/portalcpnoticias\/","article_published_time":"2024-04-24T11:26:00+00:00","article_modified_time":"2024-04-24T17:29:28+00:00","og_image":[{"width":1170,"height":700,"url":"https:\/\/cleitonpinheiro.com.br\/site\/wp-content\/uploads\/2024\/04\/posse-diretor-pf_mcamgo_abr_100120231818-13.webp","type":"image\/webp"}],"author":"Cleiton Pinheiro","twitter_card":"summary_large_image","twitter_misc":{"Escrito por":"Cleiton Pinheiro","Est. tempo de leitura":"3 minutos"},"schema":{"@context":"https:\/\/schema.org","@graph":[{"@type":"Article","@id":"https:\/\/cleitonpinheiro.com.br\/site\/agu-pede-ao-stf-apuracao-de-posts-com-divulgacao-de-decisoes-de-moraes\/#article","isPartOf":{"@id":"https:\/\/cleitonpinheiro.com.br\/site\/agu-pede-ao-stf-apuracao-de-posts-com-divulgacao-de-decisoes-de-moraes\/"},"author":{"name":"Cleiton Pinheiro","@id":"https:\/\/cleitonpinheiro.com.br\/site\/#\/schema\/person\/62fd4eb98fcc8bd3fc477aaff264af51"},"headline":"AGU pede ao STF apura\u00e7\u00e3o de posts com divulga\u00e7\u00e3o de decis\u00f5es de Moraes","datePublished":"2024-04-24T11:26:00+00:00","dateModified":"2024-04-24T17:29:28+00:00","mainEntityOfPage":{"@id":"https:\/\/cleitonpinheiro.com.br\/site\/agu-pede-ao-stf-apuracao-de-posts-com-divulgacao-de-decisoes-de-moraes\/"},"wordCount":450,"commentCount":0,"publisher":{"@id":"https:\/\/cleitonpinheiro.com.br\/site\/#organization"},"image":{"@id":"https:\/\/cleitonpinheiro.com.br\/site\/agu-pede-ao-stf-apuracao-de-posts-com-divulgacao-de-decisoes-de-moraes\/#primaryimage"},"thumbnailUrl":"https:\/\/cleitonpinheiro.com.br\/site\/wp-content\/uploads\/2024\/04\/posse-diretor-pf_mcamgo_abr_100120231818-13-1024x613.webp","keywords":["AGU","Alexandre de Moraes","Elon Musk","STF"],"articleSection":["BRASIL \/ MUNDO","MANCHETE SEGUND\u00c1RIA","TODAS NOTICIAS"],"inLanguage":"pt-BR","potentialAction":[{"@type":"CommentAction","name":"Comment","target":["https:\/\/cleitonpinheiro.com.br\/site\/agu-pede-ao-stf-apuracao-de-posts-com-divulgacao-de-decisoes-de-moraes\/#respond"]}]},{"@type":"WebPage","@id":"https:\/\/cleitonpinheiro.com.br\/site\/agu-pede-ao-stf-apuracao-de-posts-com-divulgacao-de-decisoes-de-moraes\/","url":"https:\/\/cleitonpinheiro.com.br\/site\/agu-pede-ao-stf-apuracao-de-posts-com-divulgacao-de-decisoes-de-moraes\/","name":"AGU pede ao STF apura\u00e7\u00e3o de posts com divulga\u00e7\u00e3o de decis\u00f5es de Moraes - PORTAL DE NOT\u00cdCIAS CLEITON PINHEIRO","isPartOf":{"@id":"https:\/\/cleitonpinheiro.com.br\/site\/#website"},"primaryImageOfPage":{"@id":"https:\/\/cleitonpinheiro.com.br\/site\/agu-pede-ao-stf-apuracao-de-posts-com-divulgacao-de-decisoes-de-moraes\/#primaryimage"},"image":{"@id":"https:\/\/cleitonpinheiro.com.br\/site\/agu-pede-ao-stf-apuracao-de-posts-com-divulgacao-de-decisoes-de-moraes\/#primaryimage"},"thumbnailUrl":"https:\/\/cleitonpinheiro.com.br\/site\/wp-content\/uploads\/2024\/04\/posse-diretor-pf_mcamgo_abr_100120231818-13-1024x613.webp","datePublished":"2024-04-24T11:26:00+00:00","dateModified":"2024-04-24T17:29:28+00:00","breadcrumb":{"@id":"https:\/\/cleitonpinheiro.com.br\/site\/agu-pede-ao-stf-apuracao-de-posts-com-divulgacao-de-decisoes-de-moraes\/#breadcrumb"},"inLanguage":"pt-BR","potentialAction":[{"@type":"ReadAction","target":["https:\/\/cleitonpinheiro.com.br\/site\/agu-pede-ao-stf-apuracao-de-posts-com-divulgacao-de-decisoes-de-moraes\/"]}]},{"@type":"ImageObject","inLanguage":"pt-BR","@id":"https:\/\/cleitonpinheiro.com.br\/site\/agu-pede-ao-stf-apuracao-de-posts-com-divulgacao-de-decisoes-de-moraes\/#primaryimage","url":"","contentUrl":""},{"@type":"BreadcrumbList","@id":"https:\/\/cleitonpinheiro.com.br\/site\/agu-pede-ao-stf-apuracao-de-posts-com-divulgacao-de-decisoes-de-moraes\/#breadcrumb","itemListElement":[{"@type":"ListItem","position":1,"name":"In\u00edcio","item":"https:\/\/cleitonpinheiro.com.br\/site\/"},{"@type":"ListItem","position":2,"name":"AGU pede ao STF apura\u00e7\u00e3o de posts com divulga\u00e7\u00e3o de decis\u00f5es de Moraes"}]},{"@type":"WebSite","@id":"https:\/\/cleitonpinheiro.com.br\/site\/#website","url":"https:\/\/cleitonpinheiro.com.br\/site\/","name":"PORTAL DE NOT\u00cdCIAS CLEITON PINHEIRO","description":"FALANDO A VERDADE","publisher":{"@id":"https:\/\/cleitonpinheiro.com.br\/site\/#organization"},"potentialAction":[{"@type":"SearchAction","target":{"@type":"EntryPoint","urlTemplate":"https:\/\/cleitonpinheiro.com.br\/site\/?s={search_term_string}"},"query-input":{"@type":"PropertyValueSpecification","valueRequired":true,"valueName":"search_term_string"}}],"inLanguage":"pt-BR"},{"@type":"Organization","@id":"https:\/\/cleitonpinheiro.com.br\/site\/#organization","name":"CPNOT\u00cdCIAS","url":"https:\/\/cleitonpinheiro.com.br\/site\/","logo":{"@type":"ImageObject","inLanguage":"pt-BR","@id":"https:\/\/cleitonpinheiro.com.br\/site\/#\/schema\/logo\/image\/","url":"https:\/\/cleitonpinheiro.com.br\/site\/wp-content\/uploads\/2022\/08\/Logo-pequena-2.png","contentUrl":"https:\/\/cleitonpinheiro.com.br\/site\/wp-content\/uploads\/2022\/08\/Logo-pequena-2.png","width":500,"height":500,"caption":"CPNOT\u00cdCIAS"},"image":{"@id":"https:\/\/cleitonpinheiro.com.br\/site\/#\/schema\/logo\/image\/"},"sameAs":["https:\/\/www.facebook.com\/portalcpnoticias\/"]},{"@type":"Person","@id":"https:\/\/cleitonpinheiro.com.br\/site\/#\/schema\/person\/62fd4eb98fcc8bd3fc477aaff264af51","name":"Cleiton Pinheiro","image":{"@type":"ImageObject","inLanguage":"pt-BR","@id":"https:\/\/cleitonpinheiro.com.br\/site\/#\/schema\/person\/image\/","url":"https:\/\/secure.gravatar.com\/avatar\/15642ec35b78fe5eed3cfa8e4a3f3211d73a3df4f35f0566b4324958cba1b1b9?s=96&r=g","contentUrl":"https:\/\/secure.gravatar.com\/avatar\/15642ec35b78fe5eed3cfa8e4a3f3211d73a3df4f35f0566b4324958cba1b1b9?s=96&r=g","caption":"Cleiton Pinheiro"},"url":"https:\/\/cleitonpinheiro.com.br\/site\/author\/cleiton\/"}]}},"views":147,"_links":{"self":[{"href":"https:\/\/cleitonpinheiro.com.br\/site\/wp-json\/wp\/v2\/posts\/76981","targetHints":{"allow":["GET"]}}],"collection":[{"href":"https:\/\/cleitonpinheiro.com.br\/site\/wp-json\/wp\/v2\/posts"}],"about":[{"href":"https:\/\/cleitonpinheiro.com.br\/site\/wp-json\/wp\/v2\/types\/post"}],"author":[{"embeddable":true,"href":"https:\/\/cleitonpinheiro.com.br\/site\/wp-json\/wp\/v2\/users\/10"}],"replies":[{"embeddable":true,"href":"https:\/\/cleitonpinheiro.com.br\/site\/wp-json\/wp\/v2\/comments?post=76981"}],"version-history":[{"count":1,"href":"https:\/\/cleitonpinheiro.com.br\/site\/wp-json\/wp\/v2\/posts\/76981\/revisions"}],"predecessor-version":[{"id":76983,"href":"https:\/\/cleitonpinheiro.com.br\/site\/wp-json\/wp\/v2\/posts\/76981\/revisions\/76983"}],"wp:attachment":[{"href":"https:\/\/cleitonpinheiro.com.br\/site\/wp-json\/wp\/v2\/media?parent=76981"}],"wp:term":[{"taxonomy":"category","embeddable":true,"href":"https:\/\/cleitonpinheiro.com.br\/site\/wp-json\/wp\/v2\/categories?post=76981"},{"taxonomy":"post_tag","embeddable":true,"href":"https:\/\/cleitonpinheiro.com.br\/site\/wp-json\/wp\/v2\/tags?post=76981"}],"curies":[{"name":"wp","href":"https:\/\/api.w.org\/{rel}","templated":true}]}}