{"id":76984,"date":"2024-04-24T14:37:11","date_gmt":"2024-04-24T17:37:11","guid":{"rendered":"https:\/\/cleitonpinheiro.com.br\/site\/?p=76984"},"modified":"2024-04-24T14:37:15","modified_gmt":"2024-04-24T17:37:15","slug":"camara-aprova-programa-para-setor-de-eventos-com-teto-de-r-15-bilhoes","status":"publish","type":"post","link":"https:\/\/cleitonpinheiro.com.br\/site\/camara-aprova-programa-para-setor-de-eventos-com-teto-de-r-15-bilhoes\/","title":{"rendered":"C\u00e2mara aprova programa para setor de eventos com teto de R$ 15 bilh\u00f5es"},"content":{"rendered":"\n<figure class=\"wp-block-image size-large\"><img decoding=\"async\" src=\"https:\/\/cleitonpinheiro.com.br\/site\/wp-content\/uploads\/2024\/04\/lula0049-6-1024x613.webp\" alt=\"\" class=\"wp-image-76985\"\/><figcaption class=\"wp-element-caption\">Foto: Lula Marques\/Ag\u00eancia Brasil<\/figcaption><\/figure>\n\n\n\n<p>A C\u00e2mara dos Deputados aprovou nesta ter\u00e7a-feira (23) o projeto de lei que restringiu a\u00a0R$ 15 bilh\u00f5es a ren\u00fancia fiscal do\u00a0Programa Emergencial de Retomada do Setor de Servi\u00e7os (Perse), de incentivo ao setor de eventos, at\u00e9\u00a0dezembro de 2026. A proposta reduziu ainda de 44 para 30 as atividades beneficiadas pelo programa. O texto segue para vota\u00e7\u00e3o no\u00a0Senado.<\/p>\n\n\n\n<p>A aprova\u00e7\u00e3o ocorre ap\u00f3s consenso firmado entre deputados federais e o governo federal.&nbsp;<\/p>\n\n\n\n<p>Em entrevista \u00e0 imprensa nessa segunda-feira (22), o ministro da Fazenda, Fernando Haddad, informou que&nbsp;<a href=\"https:\/\/agenciabrasil.ebc.com.br\/economia\/noticia\/2024-04\/governo-adiara-um-dos-projetos-da-regulamentacao-da-reforma-tributaria\" target=\"_blank\" rel=\"noreferrer noopener\">houve acordo sobre os pontos principais do projeto de lei do Perse<\/a>: a limita\u00e7\u00e3o da ren\u00fancia fiscal em R$ 15 bilh\u00f5es at\u00e9 2026 e um pente-fino na habilita\u00e7\u00e3o das empresas a receberem o benef\u00edcio. O Perse foi criado para socorrer empresas do setor de eventos afetadas pela pandemia de covid-19.<\/p>\n\n\n\n<p>A vers\u00e3o original do projeto, de&nbsp;autoria dos deputados Jos\u00e9 Guimar\u00e3es (PT-CE) e Odair Cunha (PT-MG), previa redu\u00e7\u00e3o dos benef\u00edcios tribut\u00e1rios, chegando \u00e0 extin\u00e7\u00e3o a partir de 2027.<\/p>\n\n\n\n<p>Os deputados federais aprovaram o&nbsp;substitutivo da deputada Renata Abreu (Pode-SP), que estabelece acompanhamento bimestral da Receita Federal da isen\u00e7\u00e3o fiscal dos cinco tributos listados no programa&nbsp;(IRPJ, CSLL, PIS e Cofins). Os relat\u00f3rios devem apresentar os valores pagos pelas empresas beneficiadas.&nbsp;<\/p>\n\n\n\n<p>Para a deputada, o acordo com o governo foi &#8220;necess\u00e1rio para n\u00e3o termos preju\u00edzo ou inseguran\u00e7a jur\u00eddica&#8221;.<\/p>\n\n\n\n<p>O l\u00edder do governo,\u00a0Jos\u00e9 Guimar\u00e3es, garantiu que o governo manter\u00e1 os R$ 15 bilh\u00f5es e informou que a redu\u00e7\u00e3o no n\u00famero de atividades beneficiadas foi solicitada pelos l\u00edderes da C\u00e2mara, e n\u00e3o pelo governo.<\/p>\n\n\n\n<p>Texto: Ag\u00eancia Brasil<\/p>\n","protected":false},"excerpt":{"rendered":"<p>A C\u00e2mara dos Deputados aprovou nesta ter\u00e7a-feira (23) o projeto de lei que restringiu a\u00a0R$ 15 bilh\u00f5es a ren\u00fancia fiscal do\u00a0Programa Emergencial de Retomada do Setor de Servi\u00e7os (Perse), de incentivo ao setor de eventos, at\u00e9\u00a0dezembro de 2026. A proposta reduziu ainda de 44 para 30 as atividades beneficiadas pelo programa. O texto segue para [&hellip;]<\/p>\n","protected":false},"author":10,"featured_media":0,"comment_status":"open","ping_status":"open","sticky":false,"template":"","format":"standard","meta":{"_acf_changed":false,"footnotes":""},"categories":[20,23,21],"tags":[],"class_list":["post-76984","post","type-post","status-publish","format-standard","hentry","category-noticias-em-destaque","category-politica","category-todas-noticias"],"acf":[],"yoast_head":"<!-- This site is optimized with the Yoast SEO plugin v24.4 - https:\/\/yoast.com\/wordpress\/plugins\/seo\/ -->\n<title>C\u00e2mara aprova programa para setor de eventos com teto de R$ 15 bilh\u00f5es - PORTAL DE NOT\u00cdCIAS CLEITON PINHEIRO<\/title>\n<meta name=\"robots\" content=\"index, follow, max-snippet:-1, max-image-preview:large, max-video-preview:-1\" \/>\n<link rel=\"canonical\" href=\"https:\/\/cleitonpinheiro.com.br\/site\/camara-aprova-programa-para-setor-de-eventos-com-teto-de-r-15-bilhoes\/\" \/>\n<meta property=\"og:locale\" content=\"pt_BR\" \/>\n<meta property=\"og:type\" content=\"article\" \/>\n<meta property=\"og:title\" content=\"C\u00e2mara aprova programa para setor de eventos com teto de R$ 15 bilh\u00f5es - PORTAL DE NOT\u00cdCIAS CLEITON PINHEIRO\" \/>\n<meta property=\"og:description\" content=\"A C\u00e2mara dos Deputados aprovou nesta ter\u00e7a-feira (23) o projeto de lei que restringiu a\u00a0R$ 15 bilh\u00f5es a ren\u00fancia fiscal do\u00a0Programa Emergencial de Retomada do Setor de Servi\u00e7os (Perse), de incentivo ao setor de eventos, at\u00e9\u00a0dezembro de 2026. A proposta reduziu ainda de 44 para 30 as atividades beneficiadas pelo programa. O texto segue para [&hellip;]\" \/>\n<meta property=\"og:url\" content=\"https:\/\/cleitonpinheiro.com.br\/site\/camara-aprova-programa-para-setor-de-eventos-com-teto-de-r-15-bilhoes\/\" \/>\n<meta property=\"og:site_name\" content=\"PORTAL DE NOT\u00cdCIAS CLEITON PINHEIRO\" \/>\n<meta property=\"article:publisher\" content=\"https:\/\/www.facebook.com\/portalcpnoticias\/\" \/>\n<meta property=\"article:published_time\" content=\"2024-04-24T17:37:11+00:00\" \/>\n<meta property=\"article:modified_time\" content=\"2024-04-24T17:37:15+00:00\" \/>\n<meta property=\"og:image\" content=\"https:\/\/cleitonpinheiro.com.br\/site\/wp-content\/uploads\/2024\/04\/lula0049-6.webp\" \/>\n\t<meta property=\"og:image:width\" content=\"1170\" \/>\n\t<meta property=\"og:image:height\" content=\"700\" \/>\n\t<meta property=\"og:image:type\" content=\"image\/webp\" \/>\n<meta name=\"author\" content=\"Cleiton Pinheiro\" \/>\n<meta name=\"twitter:card\" content=\"summary_large_image\" \/>\n<meta name=\"twitter:label1\" content=\"Escrito por\" \/>\n\t<meta name=\"twitter:data1\" content=\"Cleiton Pinheiro\" \/>\n\t<meta name=\"twitter:label2\" content=\"Est. tempo de leitura\" \/>\n\t<meta name=\"twitter:data2\" content=\"2 minutos\" \/>\n<script type=\"application\/ld+json\" class=\"yoast-schema-graph\">{\"@context\":\"https:\/\/schema.org\",\"@graph\":[{\"@type\":\"Article\",\"@id\":\"https:\/\/cleitonpinheiro.com.br\/site\/camara-aprova-programa-para-setor-de-eventos-com-teto-de-r-15-bilhoes\/#article\",\"isPartOf\":{\"@id\":\"https:\/\/cleitonpinheiro.com.br\/site\/camara-aprova-programa-para-setor-de-eventos-com-teto-de-r-15-bilhoes\/\"},\"author\":{\"name\":\"Cleiton Pinheiro\",\"@id\":\"https:\/\/cleitonpinheiro.com.br\/site\/#\/schema\/person\/62fd4eb98fcc8bd3fc477aaff264af51\"},\"headline\":\"C\u00e2mara aprova programa para setor de eventos com teto de R$ 15 bilh\u00f5es\",\"datePublished\":\"2024-04-24T17:37:11+00:00\",\"dateModified\":\"2024-04-24T17:37:15+00:00\",\"mainEntityOfPage\":{\"@id\":\"https:\/\/cleitonpinheiro.com.br\/site\/camara-aprova-programa-para-setor-de-eventos-com-teto-de-r-15-bilhoes\/\"},\"wordCount\":313,\"commentCount\":0,\"publisher\":{\"@id\":\"https:\/\/cleitonpinheiro.com.br\/site\/#organization\"},\"image\":{\"@id\":\"https:\/\/cleitonpinheiro.com.br\/site\/camara-aprova-programa-para-setor-de-eventos-com-teto-de-r-15-bilhoes\/#primaryimage\"},\"thumbnailUrl\":\"https:\/\/cleitonpinheiro.com.br\/site\/wp-content\/uploads\/2024\/04\/lula0049-6-1024x613.webp\",\"articleSection\":[\"NOT\u00cdCIAS EM DESTAQUE\",\"POL\u00cdTICA\",\"TODAS NOTICIAS\"],\"inLanguage\":\"pt-BR\",\"potentialAction\":[{\"@type\":\"CommentAction\",\"name\":\"Comment\",\"target\":[\"https:\/\/cleitonpinheiro.com.br\/site\/camara-aprova-programa-para-setor-de-eventos-com-teto-de-r-15-bilhoes\/#respond\"]}]},{\"@type\":\"WebPage\",\"@id\":\"https:\/\/cleitonpinheiro.com.br\/site\/camara-aprova-programa-para-setor-de-eventos-com-teto-de-r-15-bilhoes\/\",\"url\":\"https:\/\/cleitonpinheiro.com.br\/site\/camara-aprova-programa-para-setor-de-eventos-com-teto-de-r-15-bilhoes\/\",\"name\":\"C\u00e2mara aprova programa para setor de eventos com teto de R$ 15 bilh\u00f5es - PORTAL DE NOT\u00cdCIAS CLEITON PINHEIRO\",\"isPartOf\":{\"@id\":\"https:\/\/cleitonpinheiro.com.br\/site\/#website\"},\"primaryImageOfPage\":{\"@id\":\"https:\/\/cleitonpinheiro.com.br\/site\/camara-aprova-programa-para-setor-de-eventos-com-teto-de-r-15-bilhoes\/#primaryimage\"},\"image\":{\"@id\":\"https:\/\/cleitonpinheiro.com.br\/site\/camara-aprova-programa-para-setor-de-eventos-com-teto-de-r-15-bilhoes\/#primaryimage\"},\"thumbnailUrl\":\"https:\/\/cleitonpinheiro.com.br\/site\/wp-content\/uploads\/2024\/04\/lula0049-6-1024x613.webp\",\"datePublished\":\"2024-04-24T17:37:11+00:00\",\"dateModified\":\"2024-04-24T17:37:15+00:00\",\"breadcrumb\":{\"@id\":\"https:\/\/cleitonpinheiro.com.br\/site\/camara-aprova-programa-para-setor-de-eventos-com-teto-de-r-15-bilhoes\/#breadcrumb\"},\"inLanguage\":\"pt-BR\",\"potentialAction\":[{\"@type\":\"ReadAction\",\"target\":[\"https:\/\/cleitonpinheiro.com.br\/site\/camara-aprova-programa-para-setor-de-eventos-com-teto-de-r-15-bilhoes\/\"]}]},{\"@type\":\"ImageObject\",\"inLanguage\":\"pt-BR\",\"@id\":\"https:\/\/cleitonpinheiro.com.br\/site\/camara-aprova-programa-para-setor-de-eventos-com-teto-de-r-15-bilhoes\/#primaryimage\",\"url\":\"\",\"contentUrl\":\"\"},{\"@type\":\"BreadcrumbList\",\"@id\":\"https:\/\/cleitonpinheiro.com.br\/site\/camara-aprova-programa-para-setor-de-eventos-com-teto-de-r-15-bilhoes\/#breadcrumb\",\"itemListElement\":[{\"@type\":\"ListItem\",\"position\":1,\"name\":\"In\u00edcio\",\"item\":\"https:\/\/cleitonpinheiro.com.br\/site\/\"},{\"@type\":\"ListItem\",\"position\":2,\"name\":\"C\u00e2mara aprova programa para setor de eventos com teto de R$ 15 bilh\u00f5es\"}]},{\"@type\":\"WebSite\",\"@id\":\"https:\/\/cleitonpinheiro.com.br\/site\/#website\",\"url\":\"https:\/\/cleitonpinheiro.com.br\/site\/\",\"name\":\"PORTAL DE NOT\u00cdCIAS CLEITON PINHEIRO\",\"description\":\"FALANDO A VERDADE\",\"publisher\":{\"@id\":\"https:\/\/cleitonpinheiro.com.br\/site\/#organization\"},\"potentialAction\":[{\"@type\":\"SearchAction\",\"target\":{\"@type\":\"EntryPoint\",\"urlTemplate\":\"https:\/\/cleitonpinheiro.com.br\/site\/?s={search_term_string}\"},\"query-input\":{\"@type\":\"PropertyValueSpecification\",\"valueRequired\":true,\"valueName\":\"search_term_string\"}}],\"inLanguage\":\"pt-BR\"},{\"@type\":\"Organization\",\"@id\":\"https:\/\/cleitonpinheiro.com.br\/site\/#organization\",\"name\":\"CPNOT\u00cdCIAS\",\"url\":\"https:\/\/cleitonpinheiro.com.br\/site\/\",\"logo\":{\"@type\":\"ImageObject\",\"inLanguage\":\"pt-BR\",\"@id\":\"https:\/\/cleitonpinheiro.com.br\/site\/#\/schema\/logo\/image\/\",\"url\":\"https:\/\/cleitonpinheiro.com.br\/site\/wp-content\/uploads\/2022\/08\/Logo-pequena-2.png\",\"contentUrl\":\"https:\/\/cleitonpinheiro.com.br\/site\/wp-content\/uploads\/2022\/08\/Logo-pequena-2.png\",\"width\":500,\"height\":500,\"caption\":\"CPNOT\u00cdCIAS\"},\"image\":{\"@id\":\"https:\/\/cleitonpinheiro.com.br\/site\/#\/schema\/logo\/image\/\"},\"sameAs\":[\"https:\/\/www.facebook.com\/portalcpnoticias\/\"]},{\"@type\":\"Person\",\"@id\":\"https:\/\/cleitonpinheiro.com.br\/site\/#\/schema\/person\/62fd4eb98fcc8bd3fc477aaff264af51\",\"name\":\"Cleiton Pinheiro\",\"image\":{\"@type\":\"ImageObject\",\"inLanguage\":\"pt-BR\",\"@id\":\"https:\/\/cleitonpinheiro.com.br\/site\/#\/schema\/person\/image\/\",\"url\":\"https:\/\/secure.gravatar.com\/avatar\/15642ec35b78fe5eed3cfa8e4a3f3211d73a3df4f35f0566b4324958cba1b1b9?s=96&r=g\",\"contentUrl\":\"https:\/\/secure.gravatar.com\/avatar\/15642ec35b78fe5eed3cfa8e4a3f3211d73a3df4f35f0566b4324958cba1b1b9?s=96&r=g\",\"caption\":\"Cleiton Pinheiro\"},\"url\":\"https:\/\/cleitonpinheiro.com.br\/site\/author\/cleiton\/\"}]}<\/script>\n<!-- \/ Yoast SEO plugin. -->","yoast_head_json":{"title":"C\u00e2mara aprova programa para setor de eventos com teto de R$ 15 bilh\u00f5es - PORTAL DE NOT\u00cdCIAS CLEITON PINHEIRO","robots":{"index":"index","follow":"follow","max-snippet":"max-snippet:-1","max-image-preview":"max-image-preview:large","max-video-preview":"max-video-preview:-1"},"canonical":"https:\/\/cleitonpinheiro.com.br\/site\/camara-aprova-programa-para-setor-de-eventos-com-teto-de-r-15-bilhoes\/","og_locale":"pt_BR","og_type":"article","og_title":"C\u00e2mara aprova programa para setor de eventos com teto de R$ 15 bilh\u00f5es - PORTAL DE NOT\u00cdCIAS CLEITON PINHEIRO","og_description":"A C\u00e2mara dos Deputados aprovou nesta ter\u00e7a-feira (23) o projeto de lei que restringiu a\u00a0R$ 15 bilh\u00f5es a ren\u00fancia fiscal do\u00a0Programa Emergencial de Retomada do Setor de Servi\u00e7os (Perse), de incentivo ao setor de eventos, at\u00e9\u00a0dezembro de 2026. A proposta reduziu ainda de 44 para 30 as atividades beneficiadas pelo programa. O texto segue para [&hellip;]","og_url":"https:\/\/cleitonpinheiro.com.br\/site\/camara-aprova-programa-para-setor-de-eventos-com-teto-de-r-15-bilhoes\/","og_site_name":"PORTAL DE NOT\u00cdCIAS CLEITON PINHEIRO","article_publisher":"https:\/\/www.facebook.com\/portalcpnoticias\/","article_published_time":"2024-04-24T17:37:11+00:00","article_modified_time":"2024-04-24T17:37:15+00:00","og_image":[{"width":1170,"height":700,"url":"https:\/\/cleitonpinheiro.com.br\/site\/wp-content\/uploads\/2024\/04\/lula0049-6.webp","type":"image\/webp"}],"author":"Cleiton Pinheiro","twitter_card":"summary_large_image","twitter_misc":{"Escrito por":"Cleiton Pinheiro","Est. tempo de leitura":"2 minutos"},"schema":{"@context":"https:\/\/schema.org","@graph":[{"@type":"Article","@id":"https:\/\/cleitonpinheiro.com.br\/site\/camara-aprova-programa-para-setor-de-eventos-com-teto-de-r-15-bilhoes\/#article","isPartOf":{"@id":"https:\/\/cleitonpinheiro.com.br\/site\/camara-aprova-programa-para-setor-de-eventos-com-teto-de-r-15-bilhoes\/"},"author":{"name":"Cleiton Pinheiro","@id":"https:\/\/cleitonpinheiro.com.br\/site\/#\/schema\/person\/62fd4eb98fcc8bd3fc477aaff264af51"},"headline":"C\u00e2mara aprova programa para setor de eventos com teto de R$ 15 bilh\u00f5es","datePublished":"2024-04-24T17:37:11+00:00","dateModified":"2024-04-24T17:37:15+00:00","mainEntityOfPage":{"@id":"https:\/\/cleitonpinheiro.com.br\/site\/camara-aprova-programa-para-setor-de-eventos-com-teto-de-r-15-bilhoes\/"},"wordCount":313,"commentCount":0,"publisher":{"@id":"https:\/\/cleitonpinheiro.com.br\/site\/#organization"},"image":{"@id":"https:\/\/cleitonpinheiro.com.br\/site\/camara-aprova-programa-para-setor-de-eventos-com-teto-de-r-15-bilhoes\/#primaryimage"},"thumbnailUrl":"https:\/\/cleitonpinheiro.com.br\/site\/wp-content\/uploads\/2024\/04\/lula0049-6-1024x613.webp","articleSection":["NOT\u00cdCIAS EM DESTAQUE","POL\u00cdTICA","TODAS NOTICIAS"],"inLanguage":"pt-BR","potentialAction":[{"@type":"CommentAction","name":"Comment","target":["https:\/\/cleitonpinheiro.com.br\/site\/camara-aprova-programa-para-setor-de-eventos-com-teto-de-r-15-bilhoes\/#respond"]}]},{"@type":"WebPage","@id":"https:\/\/cleitonpinheiro.com.br\/site\/camara-aprova-programa-para-setor-de-eventos-com-teto-de-r-15-bilhoes\/","url":"https:\/\/cleitonpinheiro.com.br\/site\/camara-aprova-programa-para-setor-de-eventos-com-teto-de-r-15-bilhoes\/","name":"C\u00e2mara aprova programa para setor de eventos com teto de R$ 15 bilh\u00f5es - PORTAL DE NOT\u00cdCIAS CLEITON PINHEIRO","isPartOf":{"@id":"https:\/\/cleitonpinheiro.com.br\/site\/#website"},"primaryImageOfPage":{"@id":"https:\/\/cleitonpinheiro.com.br\/site\/camara-aprova-programa-para-setor-de-eventos-com-teto-de-r-15-bilhoes\/#primaryimage"},"image":{"@id":"https:\/\/cleitonpinheiro.com.br\/site\/camara-aprova-programa-para-setor-de-eventos-com-teto-de-r-15-bilhoes\/#primaryimage"},"thumbnailUrl":"https:\/\/cleitonpinheiro.com.br\/site\/wp-content\/uploads\/2024\/04\/lula0049-6-1024x613.webp","datePublished":"2024-04-24T17:37:11+00:00","dateModified":"2024-04-24T17:37:15+00:00","breadcrumb":{"@id":"https:\/\/cleitonpinheiro.com.br\/site\/camara-aprova-programa-para-setor-de-eventos-com-teto-de-r-15-bilhoes\/#breadcrumb"},"inLanguage":"pt-BR","potentialAction":[{"@type":"ReadAction","target":["https:\/\/cleitonpinheiro.com.br\/site\/camara-aprova-programa-para-setor-de-eventos-com-teto-de-r-15-bilhoes\/"]}]},{"@type":"ImageObject","inLanguage":"pt-BR","@id":"https:\/\/cleitonpinheiro.com.br\/site\/camara-aprova-programa-para-setor-de-eventos-com-teto-de-r-15-bilhoes\/#primaryimage","url":"","contentUrl":""},{"@type":"BreadcrumbList","@id":"https:\/\/cleitonpinheiro.com.br\/site\/camara-aprova-programa-para-setor-de-eventos-com-teto-de-r-15-bilhoes\/#breadcrumb","itemListElement":[{"@type":"ListItem","position":1,"name":"In\u00edcio","item":"https:\/\/cleitonpinheiro.com.br\/site\/"},{"@type":"ListItem","position":2,"name":"C\u00e2mara aprova programa para setor de eventos com teto de R$ 15 bilh\u00f5es"}]},{"@type":"WebSite","@id":"https:\/\/cleitonpinheiro.com.br\/site\/#website","url":"https:\/\/cleitonpinheiro.com.br\/site\/","name":"PORTAL DE NOT\u00cdCIAS CLEITON PINHEIRO","description":"FALANDO A VERDADE","publisher":{"@id":"https:\/\/cleitonpinheiro.com.br\/site\/#organization"},"potentialAction":[{"@type":"SearchAction","target":{"@type":"EntryPoint","urlTemplate":"https:\/\/cleitonpinheiro.com.br\/site\/?s={search_term_string}"},"query-input":{"@type":"PropertyValueSpecification","valueRequired":true,"valueName":"search_term_string"}}],"inLanguage":"pt-BR"},{"@type":"Organization","@id":"https:\/\/cleitonpinheiro.com.br\/site\/#organization","name":"CPNOT\u00cdCIAS","url":"https:\/\/cleitonpinheiro.com.br\/site\/","logo":{"@type":"ImageObject","inLanguage":"pt-BR","@id":"https:\/\/cleitonpinheiro.com.br\/site\/#\/schema\/logo\/image\/","url":"https:\/\/cleitonpinheiro.com.br\/site\/wp-content\/uploads\/2022\/08\/Logo-pequena-2.png","contentUrl":"https:\/\/cleitonpinheiro.com.br\/site\/wp-content\/uploads\/2022\/08\/Logo-pequena-2.png","width":500,"height":500,"caption":"CPNOT\u00cdCIAS"},"image":{"@id":"https:\/\/cleitonpinheiro.com.br\/site\/#\/schema\/logo\/image\/"},"sameAs":["https:\/\/www.facebook.com\/portalcpnoticias\/"]},{"@type":"Person","@id":"https:\/\/cleitonpinheiro.com.br\/site\/#\/schema\/person\/62fd4eb98fcc8bd3fc477aaff264af51","name":"Cleiton Pinheiro","image":{"@type":"ImageObject","inLanguage":"pt-BR","@id":"https:\/\/cleitonpinheiro.com.br\/site\/#\/schema\/person\/image\/","url":"https:\/\/secure.gravatar.com\/avatar\/15642ec35b78fe5eed3cfa8e4a3f3211d73a3df4f35f0566b4324958cba1b1b9?s=96&r=g","contentUrl":"https:\/\/secure.gravatar.com\/avatar\/15642ec35b78fe5eed3cfa8e4a3f3211d73a3df4f35f0566b4324958cba1b1b9?s=96&r=g","caption":"Cleiton Pinheiro"},"url":"https:\/\/cleitonpinheiro.com.br\/site\/author\/cleiton\/"}]}},"views":247,"_links":{"self":[{"href":"https:\/\/cleitonpinheiro.com.br\/site\/wp-json\/wp\/v2\/posts\/76984","targetHints":{"allow":["GET"]}}],"collection":[{"href":"https:\/\/cleitonpinheiro.com.br\/site\/wp-json\/wp\/v2\/posts"}],"about":[{"href":"https:\/\/cleitonpinheiro.com.br\/site\/wp-json\/wp\/v2\/types\/post"}],"author":[{"embeddable":true,"href":"https:\/\/cleitonpinheiro.com.br\/site\/wp-json\/wp\/v2\/users\/10"}],"replies":[{"embeddable":true,"href":"https:\/\/cleitonpinheiro.com.br\/site\/wp-json\/wp\/v2\/comments?post=76984"}],"version-history":[{"count":1,"href":"https:\/\/cleitonpinheiro.com.br\/site\/wp-json\/wp\/v2\/posts\/76984\/revisions"}],"predecessor-version":[{"id":76986,"href":"https:\/\/cleitonpinheiro.com.br\/site\/wp-json\/wp\/v2\/posts\/76984\/revisions\/76986"}],"wp:attachment":[{"href":"https:\/\/cleitonpinheiro.com.br\/site\/wp-json\/wp\/v2\/media?parent=76984"}],"wp:term":[{"taxonomy":"category","embeddable":true,"href":"https:\/\/cleitonpinheiro.com.br\/site\/wp-json\/wp\/v2\/categories?post=76984"},{"taxonomy":"post_tag","embeddable":true,"href":"https:\/\/cleitonpinheiro.com.br\/site\/wp-json\/wp\/v2\/tags?post=76984"}],"curies":[{"name":"wp","href":"https:\/\/api.w.org\/{rel}","templated":true}]}}