{"id":76995,"date":"2024-04-24T10:50:00","date_gmt":"2024-04-24T13:50:00","guid":{"rendered":"https:\/\/cleitonpinheiro.com.br\/site\/?p=76995"},"modified":"2024-04-24T14:57:03","modified_gmt":"2024-04-24T17:57:03","slug":"caciques-das-5-regioes-afirmam-que-mudancas-climaticas-impactam-campo","status":"publish","type":"post","link":"https:\/\/cleitonpinheiro.com.br\/site\/caciques-das-5-regioes-afirmam-que-mudancas-climaticas-impactam-campo\/","title":{"rendered":"Caciques das cinco regi\u00f5es afirmam que mudan\u00e7as clim\u00e1ticas impactam campo"},"content":{"rendered":"\n<figure class=\"wp-block-image size-large\"><img decoding=\"async\" src=\"https:\/\/cleitonpinheiro.com.br\/site\/wp-content\/uploads\/2024\/04\/0d9a3382-1-1024x613.jpg\" alt=\"\" class=\"wp-image-76996\"\/><figcaption class=\"wp-element-caption\">Foto: Jos\u00e9 Cruz\/Ag\u00eancia Brasil<\/figcaption><\/figure>\n\n\n\n<p>Per\u00edodos longos de estiagem ou temporadas de chuvas intensas causam estranhamento em l\u00edderes ind\u00edgenas nas cinco regi\u00f5es do pa\u00eds. Mais do que surpresa, as mudan\u00e7as clim\u00e1ticas impactam a produ\u00e7\u00e3o no campo e afetam a qualidade de vida de comunidades inteiras, segundo caciques que est\u00e3o presentes no Acampamento Terra Livre (ATL), em Bras\u00edlia, nesta semana.\u00a0<\/p>\n\n\n\n<p>Ouvidos pela&nbsp;<strong>Ag\u00eancia Brasil<\/strong>, cinco caciques de diferentes partes do Brasil lamentam a destrui\u00e7\u00e3o e a polui\u00e7\u00e3o dos recursos naturais e tamb\u00e9m as press\u00f5es dos n\u00e3o ind\u00edgenas contra seus locais preservados.<\/p>\n\n\n\n<h2 class=\"wp-block-heading\">Regi\u00e3o Sudeste<\/h2>\n\n\n\n<figure class=\"wp-block-image alignleft\"><img decoding=\"async\" src=\"https:\/\/imagens.ebc.com.br\/-hPz39hW5E7ddeRvQu-Igp2I508=\/365x0\/smart\/https:\/\/agenciabrasil.ebc.com.br\/sites\/default\/files\/thumbnails\/image\/2024\/04\/23\/img_9052.jpg?itok=9ShzP1Ru\" alt=\"Bras\u00edlia (DF), 23.04.2024 - Cacique Baiar\u00e1 Pataxo fala sobre muda\u00e7a de clima em sua regia\u00e3o,  no Acampamento Terra Livre 2024\nFoto: Jo\u00e9dson Alves\/Ag\u00eancia Brasil\" title=\"Jo\u00e9dson Alves\/Ag\u00eancia Brasil\"\/><\/figure>\n\n\n\n<p>Baiara Patax\u00f3 &#8211;&nbsp;<strong>Jo\u00e9dson Alves\/Ag\u00eancia Brasil<\/strong><\/p>\n\n\n\n<p>O cacique Baiara Patax\u00f3, de 64 anos, que vive em uma comunidade na cidade de A\u00e7ucena, Minas Gerais, testemunha que, na \u00faltima d\u00e9cada, as planta\u00e7\u00f5es de mandioca, milho e feij\u00e3o deixaram de render como antes. Os produtos s\u00e3o vendidos para comerciantes das cidades pr\u00f3ximas e sustentam a comunidade formada por 80 pessoas.<br><br>\u201cAntes, as chuvas come\u00e7avam em setembro. Nos \u00faltimos anos, s\u00f3 em dezembro. Claro que isso n\u00e3o \u00e9 normal\u201d, diz Baiara Patax\u00f3.<\/p>\n\n\n\n<p>Al\u00e9m das mudan\u00e7as clim\u00e1ticas, a comunidade em Minas Gerais foi impactada pelo crime ambiental de 25 de janeiro de 2019, quando a barragem da Mina C\u00f3rrego do Feij\u00e3o, da mineradora Vale, em Brumadinho, se rompeu. Al\u00e9m de causar a morte de 272 pessoas, os rejeitos polu\u00edram os rios Doce e Corrente, na regi\u00e3o. \u201cTudo isso tem sido terr\u00edvel. Atualmente, estamos trabalhando na recomposi\u00e7\u00e3o de 45 mil mudas de \u00e1rvores nativas e frut\u00edferas. Vinte ind\u00edgenas est\u00e3o trabalhando nessa tarefa\u201d, afirma.<\/p>\n\n\n\n<h2 class=\"wp-block-heading\">&nbsp;<\/h2>\n\n\n\n<h2 class=\"wp-block-heading\">Regi\u00e3o Norte<\/h2>\n\n\n\n<figure class=\"wp-block-image alignright\"><img decoding=\"async\" src=\"https:\/\/imagens.ebc.com.br\/9y0xdp65JrOVuaha8x3Rh-zRINk=\/365x0\/smart\/https:\/\/agenciabrasil.ebc.com.br\/sites\/default\/files\/thumbnails\/image\/2024\/04\/23\/img_9061.jpg?itok=OJON-C8V\" alt=\"Bras\u00edlia (DF), 23.04.2024 - Cacique D\u00e1rio Kopenawa Yanomami fala sobre muda\u00e7a de clima em sua regia\u00e3o,  no Acampamento Terra Livre 2024\nFoto: Jo\u00e9dson Alves\/Ag\u00eancia Brasil\" title=\"Jo\u00e9dson Alves\/Ag\u00eancia Brasil\"\/><\/figure>\n\n\n\n<p>Dario Kopenawa &#8211;&nbsp;<strong>Jo\u00e9dson Alves\/Ag\u00eancia Brasil<\/strong><\/p>\n\n\n\n<p>A rela\u00e7\u00e3o das mudan\u00e7as clim\u00e1ticas com outras a\u00e7\u00f5es criminais tamb\u00e9m \u00e9 presenciada pelo cacique Dario Kopenawa Yanomami, de 39 anos, que vive em Roraima.<br><br>\u201cEstamos convivendo l\u00e1 com a invas\u00e3o dos mineradores e garimpeiros. Somos uma comunidade de 32 mil pessoas sofrendo com mudan\u00e7as clim\u00e1ticas e, ao mesmo tempo, com a contamina\u00e7\u00e3o pelo merc\u00fario\u201d, lamenta.<\/p>\n\n\n\n<p>O cacique verifica que as chuvas tiveram regime alterado e est\u00e3o \u201cbem diferentes\u201d do que eram na adolesc\u00eancia e inf\u00e2ncia dele na regi\u00e3o.<br><br>\u201cTemos&nbsp; pedido nossas chuvas aos nossos xam\u00e3s [guias religiosos]. Mas \u00e9 fato que a ro\u00e7a de taioba, a macaxeira e a banana n\u00e3o s\u00e3o como antes.\u201d<\/p>\n\n\n\n<h2 class=\"wp-block-heading\">Regi\u00e3o Nordeste<\/h2>\n\n\n\n<figure class=\"wp-block-image alignleft\"><img decoding=\"async\" src=\"https:\/\/imagens.ebc.com.br\/nuS0HtI93V6JXfKyNnYFCaj3XA4=\/365x0\/smart\/https:\/\/agenciabrasil.ebc.com.br\/sites\/default\/files\/thumbnails\/image\/2024\/04\/23\/img_9068.jpg?itok=rIQOHml_\" alt=\"Bras\u00edlia (DF), 23.04.2024 - Cacique Tchydjou\u00ea Fucax\u00f4 fala sobre muda\u00e7a de clima em sua regia\u00e3o,  no Acampamento Terra Livre 2024\nFoto: Jo\u00e9dson Alves\/Ag\u00eancia Brasil\" title=\"Jo\u00e9dson Alves\/Ag\u00eancia Brasil\"\/><\/figure>\n\n\n\n<p>Cacique Tchydjo Ue &#8211;&nbsp;<strong>Jo\u00e9dson Alves\/Ag\u00eancia Brasil<\/strong><\/p>\n\n\n\n<p>O cacique Tchydjo Ue, de 76 anos, do povo Fulni-\u00f4, vive em uma aldeia, na cidade de Pacatuba, em Sergipe, onde est\u00e3o 86 fam\u00edlias. Ele considera que hoje o cen\u00e1rio \u00e9 completamente transformado em rela\u00e7\u00e3o ao tempo da juventude.<br><br>\u201cEstamos pr\u00f3ximos do litoral (96 quil\u00f4metros), mas \u00e9 muito mais quente do que antes. Os mais jovens t\u00eam sentido a dificuldade de trabalhar na ro\u00e7a e acabam desistindo\u201d, diz o cacique.<br><br>As mudan\u00e7as de clima combinaram com as de comportamento.<br><br>\u201cOs jovens tamb\u00e9m se transformaram. Querem ir embora. Vivem na internet e no celular\u201d, afirma. Para diversificar as atividades, o l\u00edder ind\u00edgena diz que tem estimulado a atividade do artesanato, j\u00e1 que o milho, a mandioca e o feij\u00e3o nem s\u00e3o o suficiente para subsist\u00eancia.&nbsp; Outra atividade \u00e9 de conhecimento da natureza. \u201cSou chamado para falar na Europa e nos Estados Unidos sobre os saberes ind\u00edgenas, mas \u00e9 preciso que saibam mais da gente por aqui.\u201d<\/p>\n\n\n\n<h2 class=\"wp-block-heading\">Regi\u00e3o Centro-Oeste<\/h2>\n\n\n\n<figure class=\"wp-block-image alignleft\"><img decoding=\"async\" src=\"https:\/\/imagens.ebc.com.br\/RX51OxqQlu29kROs2XxzWmatQPk=\/365x0\/smart\/https:\/\/agenciabrasil.ebc.com.br\/sites\/default\/files\/thumbnails\/image\/2024\/04\/23\/img_9095.jpg?itok=8UlcBKuQ\" alt=\"Bras\u00edlia (DF), 23.04.2024 - Cacique Tanon\u00e9 Carir\u00ed Xoc\u00f3 fala sobre muda\u00e7a de clima em sua regia\u00e3o,  no Acampamento Terra Livre 2024\nFoto: Jo\u00e9dson Alves\/Ag\u00eancia Brasil\" title=\"Jo\u00e9dson Alves\/Ag\u00eancia Brasil\"\/><\/figure>\n\n\n\n<p>Tanon\u00e9 Carir\u00ed Xoc\u00f3 &#8211;&nbsp;<strong>Jo\u00e9dson Alves\/Ag\u00eancia Brasil<\/strong><\/p>\n\n\n\n<p>A destrui\u00e7\u00e3o do cerrado e as mudan\u00e7as de clima foram acompanhadas de perto pela cacique Tanon\u00e9, que tem 70 anos e vive no Distrito Federal desde o ano de 1986. Ela lembra, com lamento, que Bras\u00edlia tinha temporadas frias, o que \u201cdesapareceu\u201d.&nbsp;<\/p>\n\n\n\n<p>Na comunidade em que ela vive, no Setor Noroeste, h\u00e1 16 fam\u00edlias. Na regi\u00e3o, que cresceu com a expans\u00e3o imobili\u00e1ria, ela diz que tem atuado para recompor o cen\u00e1rio. S\u00e3o 16 hectares de \u00e1rea em que as planta\u00e7\u00f5es de milho, feij\u00e3o, jatob\u00e1 e algod\u00e3o iluminavam o cen\u00e1rio.<\/p>\n\n\n\n<p>\u201cO feij\u00e3o virou raro. O algod\u00e3o, tamb\u00e9m. Ou \u00e9 falta de chuvas ou temporais intensos\u201d. A cacique pediu a entes governamentais a planta\u00e7\u00e3o dos ip\u00eas para voltar a deixar o lugar com cores novas.&nbsp;<\/p>\n\n\n\n<h2 class=\"wp-block-heading\">Regi\u00e3o Sul<\/h2>\n\n\n\n<p>Na cidade de Jos\u00e9 Boiteux, em Santa Catarina, uma comunidade de 2,3 mil pessoas da etnia xokleng est\u00e1 preocupada com a aproxima\u00e7\u00e3o da temporada de chuvas, que se tornaram mais intensas na \u00faltima d\u00e9cada.<\/p>\n\n\n\n<figure class=\"wp-block-image alignleft\"><img decoding=\"async\" src=\"https:\/\/imagens.ebc.com.br\/KKRz6AeWSYuh08TfkBlkeJPata0=\/365x0\/smart\/https:\/\/agenciabrasil.ebc.com.br\/sites\/default\/files\/thumbnails\/image\/2024\/04\/23\/img_9121.jpg?itok=XFXK_4Kr\" alt=\"Bras\u00edlia (DF), 23.04.2024 - Cacique Setembrino Kokleng (c) fala sobre muda\u00e7a de clima em sua regia\u00e3o,  no Acampamento Terra Livre 2024\nFoto: Jo\u00e9dson Alves\/Ag\u00eancia Brasil\" title=\"Jo\u00e9dson Alves\/Ag\u00eancia Brasil\"\/><\/figure>\n\n\n\n<p>Setembrino Kokleng &#8211;&nbsp;<strong>Joedson Alves\/Ag\u00eancia Brasil<\/strong><\/p>\n\n\n\n<p>Segundo o cacique Setembrino, de 53 anos, da mesma etnia, o trabalho principal agora \u00e9 ficar atento \u00e0s cheias e ensinar preserva\u00e7\u00e3o ambiental para os ind\u00edgenas em sala de aula.<br><br>\u201c\u00c9 certo estar atento \u00e0 Amaz\u00f4nia, mas precisamos lembrar tamb\u00e9m do Sul. Estamos trabalhando agora com o plantio do pinheiro. A gente tem que olhar para agora e depois.\u201d&nbsp;&nbsp;<\/p>\n\n\n\n<p>\u201cComo passou a chover muito mais, a barragem de conten\u00e7\u00e3o costuma chegar ao limite com recorr\u00eancia. N\u00f3s n\u00e3o temos mais lugar seguro para morar\u201d, diz uma das lideran\u00e7as da comunidade etnia xokleng, Geomar Crend\u00f4.\u00a0<\/p>\n\n\n\n<p>Texto: Luiz Claudio Ferreira \u2013 Ag\u00eancia Brasil<\/p>\n","protected":false},"excerpt":{"rendered":"<p>Per\u00edodos longos de estiagem ou temporadas de chuvas intensas causam estranhamento em l\u00edderes ind\u00edgenas nas cinco regi\u00f5es do pa\u00eds. Mais do que surpresa, as mudan\u00e7as clim\u00e1ticas impactam a produ\u00e7\u00e3o no campo e afetam a qualidade de vida de comunidades inteiras, segundo caciques que est\u00e3o presentes no Acampamento Terra Livre (ATL), em Bras\u00edlia, nesta semana.\u00a0 Ouvidos [&hellip;]<\/p>\n","protected":false},"author":10,"featured_media":0,"comment_status":"open","ping_status":"open","sticky":false,"template":"","format":"standard","meta":{"_acf_changed":false,"footnotes":""},"categories":[19,898,21],"tags":[1278,155,1277],"class_list":["post-76995","post","type-post","status-publish","format-standard","hentry","category-brasil-mundo","category-manchete-segundaria","category-todas-noticias","tag-acampamento-terra-livre","tag-brasilia","tag-indigenas"],"acf":[],"yoast_head":"<!-- This site is optimized with the Yoast SEO plugin v24.4 - https:\/\/yoast.com\/wordpress\/plugins\/seo\/ -->\n<title>Caciques das cinco regi\u00f5es afirmam que mudan\u00e7as clim\u00e1ticas impactam campo - PORTAL DE NOT\u00cdCIAS CLEITON PINHEIRO<\/title>\n<meta name=\"robots\" content=\"index, follow, max-snippet:-1, max-image-preview:large, max-video-preview:-1\" \/>\n<link rel=\"canonical\" href=\"https:\/\/cleitonpinheiro.com.br\/site\/caciques-das-5-regioes-afirmam-que-mudancas-climaticas-impactam-campo\/\" \/>\n<meta property=\"og:locale\" content=\"pt_BR\" \/>\n<meta property=\"og:type\" content=\"article\" \/>\n<meta property=\"og:title\" content=\"Caciques das cinco regi\u00f5es afirmam que mudan\u00e7as clim\u00e1ticas impactam campo - PORTAL DE NOT\u00cdCIAS CLEITON PINHEIRO\" \/>\n<meta property=\"og:description\" content=\"Per\u00edodos longos de estiagem ou temporadas de chuvas intensas causam estranhamento em l\u00edderes ind\u00edgenas nas cinco regi\u00f5es do pa\u00eds. Mais do que surpresa, as mudan\u00e7as clim\u00e1ticas impactam a produ\u00e7\u00e3o no campo e afetam a qualidade de vida de comunidades inteiras, segundo caciques que est\u00e3o presentes no Acampamento Terra Livre (ATL), em Bras\u00edlia, nesta semana.\u00a0 Ouvidos [&hellip;]\" \/>\n<meta property=\"og:url\" content=\"https:\/\/cleitonpinheiro.com.br\/site\/caciques-das-5-regioes-afirmam-que-mudancas-climaticas-impactam-campo\/\" \/>\n<meta property=\"og:site_name\" content=\"PORTAL DE NOT\u00cdCIAS CLEITON PINHEIRO\" \/>\n<meta property=\"article:publisher\" content=\"https:\/\/www.facebook.com\/portalcpnoticias\/\" \/>\n<meta property=\"article:published_time\" content=\"2024-04-24T13:50:00+00:00\" \/>\n<meta property=\"article:modified_time\" content=\"2024-04-24T17:57:03+00:00\" \/>\n<meta property=\"og:image\" content=\"https:\/\/cleitonpinheiro.com.br\/site\/wp-content\/uploads\/2024\/04\/0d9a3382-1.jpg\" \/>\n\t<meta property=\"og:image:width\" content=\"1170\" \/>\n\t<meta property=\"og:image:height\" content=\"700\" \/>\n\t<meta property=\"og:image:type\" content=\"image\/jpeg\" \/>\n<meta name=\"author\" content=\"Cleiton Pinheiro\" \/>\n<meta name=\"twitter:card\" content=\"summary_large_image\" \/>\n<meta name=\"twitter:label1\" content=\"Escrito por\" \/>\n\t<meta name=\"twitter:data1\" content=\"Cleiton Pinheiro\" \/>\n\t<meta name=\"twitter:label2\" content=\"Est. tempo de leitura\" \/>\n\t<meta name=\"twitter:data2\" content=\"6 minutos\" \/>\n<script type=\"application\/ld+json\" class=\"yoast-schema-graph\">{\"@context\":\"https:\/\/schema.org\",\"@graph\":[{\"@type\":\"Article\",\"@id\":\"https:\/\/cleitonpinheiro.com.br\/site\/caciques-das-5-regioes-afirmam-que-mudancas-climaticas-impactam-campo\/#article\",\"isPartOf\":{\"@id\":\"https:\/\/cleitonpinheiro.com.br\/site\/caciques-das-5-regioes-afirmam-que-mudancas-climaticas-impactam-campo\/\"},\"author\":{\"name\":\"Cleiton Pinheiro\",\"@id\":\"https:\/\/cleitonpinheiro.com.br\/site\/#\/schema\/person\/62fd4eb98fcc8bd3fc477aaff264af51\"},\"headline\":\"Caciques das cinco regi\u00f5es afirmam que mudan\u00e7as clim\u00e1ticas impactam campo\",\"datePublished\":\"2024-04-24T13:50:00+00:00\",\"dateModified\":\"2024-04-24T17:57:03+00:00\",\"mainEntityOfPage\":{\"@id\":\"https:\/\/cleitonpinheiro.com.br\/site\/caciques-das-5-regioes-afirmam-que-mudancas-climaticas-impactam-campo\/\"},\"wordCount\":919,\"commentCount\":0,\"publisher\":{\"@id\":\"https:\/\/cleitonpinheiro.com.br\/site\/#organization\"},\"image\":{\"@id\":\"https:\/\/cleitonpinheiro.com.br\/site\/caciques-das-5-regioes-afirmam-que-mudancas-climaticas-impactam-campo\/#primaryimage\"},\"thumbnailUrl\":\"https:\/\/cleitonpinheiro.com.br\/site\/wp-content\/uploads\/2024\/04\/0d9a3382-1-1024x613.jpg\",\"keywords\":[\"Acampamento Terra Livre\",\"Bras\u00edlia\",\"ind\u00edgenas\"],\"articleSection\":[\"BRASIL \/ MUNDO\",\"MANCHETE SEGUND\u00c1RIA\",\"TODAS NOTICIAS\"],\"inLanguage\":\"pt-BR\",\"potentialAction\":[{\"@type\":\"CommentAction\",\"name\":\"Comment\",\"target\":[\"https:\/\/cleitonpinheiro.com.br\/site\/caciques-das-5-regioes-afirmam-que-mudancas-climaticas-impactam-campo\/#respond\"]}]},{\"@type\":\"WebPage\",\"@id\":\"https:\/\/cleitonpinheiro.com.br\/site\/caciques-das-5-regioes-afirmam-que-mudancas-climaticas-impactam-campo\/\",\"url\":\"https:\/\/cleitonpinheiro.com.br\/site\/caciques-das-5-regioes-afirmam-que-mudancas-climaticas-impactam-campo\/\",\"name\":\"Caciques das cinco regi\u00f5es afirmam que mudan\u00e7as clim\u00e1ticas impactam campo - PORTAL DE NOT\u00cdCIAS CLEITON PINHEIRO\",\"isPartOf\":{\"@id\":\"https:\/\/cleitonpinheiro.com.br\/site\/#website\"},\"primaryImageOfPage\":{\"@id\":\"https:\/\/cleitonpinheiro.com.br\/site\/caciques-das-5-regioes-afirmam-que-mudancas-climaticas-impactam-campo\/#primaryimage\"},\"image\":{\"@id\":\"https:\/\/cleitonpinheiro.com.br\/site\/caciques-das-5-regioes-afirmam-que-mudancas-climaticas-impactam-campo\/#primaryimage\"},\"thumbnailUrl\":\"https:\/\/cleitonpinheiro.com.br\/site\/wp-content\/uploads\/2024\/04\/0d9a3382-1-1024x613.jpg\",\"datePublished\":\"2024-04-24T13:50:00+00:00\",\"dateModified\":\"2024-04-24T17:57:03+00:00\",\"breadcrumb\":{\"@id\":\"https:\/\/cleitonpinheiro.com.br\/site\/caciques-das-5-regioes-afirmam-que-mudancas-climaticas-impactam-campo\/#breadcrumb\"},\"inLanguage\":\"pt-BR\",\"potentialAction\":[{\"@type\":\"ReadAction\",\"target\":[\"https:\/\/cleitonpinheiro.com.br\/site\/caciques-das-5-regioes-afirmam-que-mudancas-climaticas-impactam-campo\/\"]}]},{\"@type\":\"ImageObject\",\"inLanguage\":\"pt-BR\",\"@id\":\"https:\/\/cleitonpinheiro.com.br\/site\/caciques-das-5-regioes-afirmam-que-mudancas-climaticas-impactam-campo\/#primaryimage\",\"url\":\"\",\"contentUrl\":\"\"},{\"@type\":\"BreadcrumbList\",\"@id\":\"https:\/\/cleitonpinheiro.com.br\/site\/caciques-das-5-regioes-afirmam-que-mudancas-climaticas-impactam-campo\/#breadcrumb\",\"itemListElement\":[{\"@type\":\"ListItem\",\"position\":1,\"name\":\"In\u00edcio\",\"item\":\"https:\/\/cleitonpinheiro.com.br\/site\/\"},{\"@type\":\"ListItem\",\"position\":2,\"name\":\"Caciques das cinco regi\u00f5es afirmam que mudan\u00e7as clim\u00e1ticas impactam campo\"}]},{\"@type\":\"WebSite\",\"@id\":\"https:\/\/cleitonpinheiro.com.br\/site\/#website\",\"url\":\"https:\/\/cleitonpinheiro.com.br\/site\/\",\"name\":\"PORTAL DE NOT\u00cdCIAS CLEITON PINHEIRO\",\"description\":\"FALANDO A VERDADE\",\"publisher\":{\"@id\":\"https:\/\/cleitonpinheiro.com.br\/site\/#organization\"},\"potentialAction\":[{\"@type\":\"SearchAction\",\"target\":{\"@type\":\"EntryPoint\",\"urlTemplate\":\"https:\/\/cleitonpinheiro.com.br\/site\/?s={search_term_string}\"},\"query-input\":{\"@type\":\"PropertyValueSpecification\",\"valueRequired\":true,\"valueName\":\"search_term_string\"}}],\"inLanguage\":\"pt-BR\"},{\"@type\":\"Organization\",\"@id\":\"https:\/\/cleitonpinheiro.com.br\/site\/#organization\",\"name\":\"CPNOT\u00cdCIAS\",\"url\":\"https:\/\/cleitonpinheiro.com.br\/site\/\",\"logo\":{\"@type\":\"ImageObject\",\"inLanguage\":\"pt-BR\",\"@id\":\"https:\/\/cleitonpinheiro.com.br\/site\/#\/schema\/logo\/image\/\",\"url\":\"https:\/\/cleitonpinheiro.com.br\/site\/wp-content\/uploads\/2022\/08\/Logo-pequena-2.png\",\"contentUrl\":\"https:\/\/cleitonpinheiro.com.br\/site\/wp-content\/uploads\/2022\/08\/Logo-pequena-2.png\",\"width\":500,\"height\":500,\"caption\":\"CPNOT\u00cdCIAS\"},\"image\":{\"@id\":\"https:\/\/cleitonpinheiro.com.br\/site\/#\/schema\/logo\/image\/\"},\"sameAs\":[\"https:\/\/www.facebook.com\/portalcpnoticias\/\"]},{\"@type\":\"Person\",\"@id\":\"https:\/\/cleitonpinheiro.com.br\/site\/#\/schema\/person\/62fd4eb98fcc8bd3fc477aaff264af51\",\"name\":\"Cleiton Pinheiro\",\"image\":{\"@type\":\"ImageObject\",\"inLanguage\":\"pt-BR\",\"@id\":\"https:\/\/cleitonpinheiro.com.br\/site\/#\/schema\/person\/image\/\",\"url\":\"https:\/\/secure.gravatar.com\/avatar\/15642ec35b78fe5eed3cfa8e4a3f3211d73a3df4f35f0566b4324958cba1b1b9?s=96&r=g\",\"contentUrl\":\"https:\/\/secure.gravatar.com\/avatar\/15642ec35b78fe5eed3cfa8e4a3f3211d73a3df4f35f0566b4324958cba1b1b9?s=96&r=g\",\"caption\":\"Cleiton Pinheiro\"},\"url\":\"https:\/\/cleitonpinheiro.com.br\/site\/author\/cleiton\/\"}]}<\/script>\n<!-- \/ Yoast SEO plugin. -->","yoast_head_json":{"title":"Caciques das cinco regi\u00f5es afirmam que mudan\u00e7as clim\u00e1ticas impactam campo - PORTAL DE NOT\u00cdCIAS CLEITON PINHEIRO","robots":{"index":"index","follow":"follow","max-snippet":"max-snippet:-1","max-image-preview":"max-image-preview:large","max-video-preview":"max-video-preview:-1"},"canonical":"https:\/\/cleitonpinheiro.com.br\/site\/caciques-das-5-regioes-afirmam-que-mudancas-climaticas-impactam-campo\/","og_locale":"pt_BR","og_type":"article","og_title":"Caciques das cinco regi\u00f5es afirmam que mudan\u00e7as clim\u00e1ticas impactam campo - PORTAL DE NOT\u00cdCIAS CLEITON PINHEIRO","og_description":"Per\u00edodos longos de estiagem ou temporadas de chuvas intensas causam estranhamento em l\u00edderes ind\u00edgenas nas cinco regi\u00f5es do pa\u00eds. Mais do que surpresa, as mudan\u00e7as clim\u00e1ticas impactam a produ\u00e7\u00e3o no campo e afetam a qualidade de vida de comunidades inteiras, segundo caciques que est\u00e3o presentes no Acampamento Terra Livre (ATL), em Bras\u00edlia, nesta semana.\u00a0 Ouvidos [&hellip;]","og_url":"https:\/\/cleitonpinheiro.com.br\/site\/caciques-das-5-regioes-afirmam-que-mudancas-climaticas-impactam-campo\/","og_site_name":"PORTAL DE NOT\u00cdCIAS CLEITON PINHEIRO","article_publisher":"https:\/\/www.facebook.com\/portalcpnoticias\/","article_published_time":"2024-04-24T13:50:00+00:00","article_modified_time":"2024-04-24T17:57:03+00:00","og_image":[{"width":1170,"height":700,"url":"https:\/\/cleitonpinheiro.com.br\/site\/wp-content\/uploads\/2024\/04\/0d9a3382-1.jpg","type":"image\/jpeg"}],"author":"Cleiton Pinheiro","twitter_card":"summary_large_image","twitter_misc":{"Escrito por":"Cleiton Pinheiro","Est. tempo de leitura":"6 minutos"},"schema":{"@context":"https:\/\/schema.org","@graph":[{"@type":"Article","@id":"https:\/\/cleitonpinheiro.com.br\/site\/caciques-das-5-regioes-afirmam-que-mudancas-climaticas-impactam-campo\/#article","isPartOf":{"@id":"https:\/\/cleitonpinheiro.com.br\/site\/caciques-das-5-regioes-afirmam-que-mudancas-climaticas-impactam-campo\/"},"author":{"name":"Cleiton Pinheiro","@id":"https:\/\/cleitonpinheiro.com.br\/site\/#\/schema\/person\/62fd4eb98fcc8bd3fc477aaff264af51"},"headline":"Caciques das cinco regi\u00f5es afirmam que mudan\u00e7as clim\u00e1ticas impactam campo","datePublished":"2024-04-24T13:50:00+00:00","dateModified":"2024-04-24T17:57:03+00:00","mainEntityOfPage":{"@id":"https:\/\/cleitonpinheiro.com.br\/site\/caciques-das-5-regioes-afirmam-que-mudancas-climaticas-impactam-campo\/"},"wordCount":919,"commentCount":0,"publisher":{"@id":"https:\/\/cleitonpinheiro.com.br\/site\/#organization"},"image":{"@id":"https:\/\/cleitonpinheiro.com.br\/site\/caciques-das-5-regioes-afirmam-que-mudancas-climaticas-impactam-campo\/#primaryimage"},"thumbnailUrl":"https:\/\/cleitonpinheiro.com.br\/site\/wp-content\/uploads\/2024\/04\/0d9a3382-1-1024x613.jpg","keywords":["Acampamento Terra Livre","Bras\u00edlia","ind\u00edgenas"],"articleSection":["BRASIL \/ MUNDO","MANCHETE SEGUND\u00c1RIA","TODAS NOTICIAS"],"inLanguage":"pt-BR","potentialAction":[{"@type":"CommentAction","name":"Comment","target":["https:\/\/cleitonpinheiro.com.br\/site\/caciques-das-5-regioes-afirmam-que-mudancas-climaticas-impactam-campo\/#respond"]}]},{"@type":"WebPage","@id":"https:\/\/cleitonpinheiro.com.br\/site\/caciques-das-5-regioes-afirmam-que-mudancas-climaticas-impactam-campo\/","url":"https:\/\/cleitonpinheiro.com.br\/site\/caciques-das-5-regioes-afirmam-que-mudancas-climaticas-impactam-campo\/","name":"Caciques das cinco regi\u00f5es afirmam que mudan\u00e7as clim\u00e1ticas impactam campo - PORTAL DE NOT\u00cdCIAS CLEITON PINHEIRO","isPartOf":{"@id":"https:\/\/cleitonpinheiro.com.br\/site\/#website"},"primaryImageOfPage":{"@id":"https:\/\/cleitonpinheiro.com.br\/site\/caciques-das-5-regioes-afirmam-que-mudancas-climaticas-impactam-campo\/#primaryimage"},"image":{"@id":"https:\/\/cleitonpinheiro.com.br\/site\/caciques-das-5-regioes-afirmam-que-mudancas-climaticas-impactam-campo\/#primaryimage"},"thumbnailUrl":"https:\/\/cleitonpinheiro.com.br\/site\/wp-content\/uploads\/2024\/04\/0d9a3382-1-1024x613.jpg","datePublished":"2024-04-24T13:50:00+00:00","dateModified":"2024-04-24T17:57:03+00:00","breadcrumb":{"@id":"https:\/\/cleitonpinheiro.com.br\/site\/caciques-das-5-regioes-afirmam-que-mudancas-climaticas-impactam-campo\/#breadcrumb"},"inLanguage":"pt-BR","potentialAction":[{"@type":"ReadAction","target":["https:\/\/cleitonpinheiro.com.br\/site\/caciques-das-5-regioes-afirmam-que-mudancas-climaticas-impactam-campo\/"]}]},{"@type":"ImageObject","inLanguage":"pt-BR","@id":"https:\/\/cleitonpinheiro.com.br\/site\/caciques-das-5-regioes-afirmam-que-mudancas-climaticas-impactam-campo\/#primaryimage","url":"","contentUrl":""},{"@type":"BreadcrumbList","@id":"https:\/\/cleitonpinheiro.com.br\/site\/caciques-das-5-regioes-afirmam-que-mudancas-climaticas-impactam-campo\/#breadcrumb","itemListElement":[{"@type":"ListItem","position":1,"name":"In\u00edcio","item":"https:\/\/cleitonpinheiro.com.br\/site\/"},{"@type":"ListItem","position":2,"name":"Caciques das cinco regi\u00f5es afirmam que mudan\u00e7as clim\u00e1ticas impactam campo"}]},{"@type":"WebSite","@id":"https:\/\/cleitonpinheiro.com.br\/site\/#website","url":"https:\/\/cleitonpinheiro.com.br\/site\/","name":"PORTAL DE NOT\u00cdCIAS CLEITON PINHEIRO","description":"FALANDO A VERDADE","publisher":{"@id":"https:\/\/cleitonpinheiro.com.br\/site\/#organization"},"potentialAction":[{"@type":"SearchAction","target":{"@type":"EntryPoint","urlTemplate":"https:\/\/cleitonpinheiro.com.br\/site\/?s={search_term_string}"},"query-input":{"@type":"PropertyValueSpecification","valueRequired":true,"valueName":"search_term_string"}}],"inLanguage":"pt-BR"},{"@type":"Organization","@id":"https:\/\/cleitonpinheiro.com.br\/site\/#organization","name":"CPNOT\u00cdCIAS","url":"https:\/\/cleitonpinheiro.com.br\/site\/","logo":{"@type":"ImageObject","inLanguage":"pt-BR","@id":"https:\/\/cleitonpinheiro.com.br\/site\/#\/schema\/logo\/image\/","url":"https:\/\/cleitonpinheiro.com.br\/site\/wp-content\/uploads\/2022\/08\/Logo-pequena-2.png","contentUrl":"https:\/\/cleitonpinheiro.com.br\/site\/wp-content\/uploads\/2022\/08\/Logo-pequena-2.png","width":500,"height":500,"caption":"CPNOT\u00cdCIAS"},"image":{"@id":"https:\/\/cleitonpinheiro.com.br\/site\/#\/schema\/logo\/image\/"},"sameAs":["https:\/\/www.facebook.com\/portalcpnoticias\/"]},{"@type":"Person","@id":"https:\/\/cleitonpinheiro.com.br\/site\/#\/schema\/person\/62fd4eb98fcc8bd3fc477aaff264af51","name":"Cleiton Pinheiro","image":{"@type":"ImageObject","inLanguage":"pt-BR","@id":"https:\/\/cleitonpinheiro.com.br\/site\/#\/schema\/person\/image\/","url":"https:\/\/secure.gravatar.com\/avatar\/15642ec35b78fe5eed3cfa8e4a3f3211d73a3df4f35f0566b4324958cba1b1b9?s=96&r=g","contentUrl":"https:\/\/secure.gravatar.com\/avatar\/15642ec35b78fe5eed3cfa8e4a3f3211d73a3df4f35f0566b4324958cba1b1b9?s=96&r=g","caption":"Cleiton Pinheiro"},"url":"https:\/\/cleitonpinheiro.com.br\/site\/author\/cleiton\/"}]}},"views":132,"_links":{"self":[{"href":"https:\/\/cleitonpinheiro.com.br\/site\/wp-json\/wp\/v2\/posts\/76995","targetHints":{"allow":["GET"]}}],"collection":[{"href":"https:\/\/cleitonpinheiro.com.br\/site\/wp-json\/wp\/v2\/posts"}],"about":[{"href":"https:\/\/cleitonpinheiro.com.br\/site\/wp-json\/wp\/v2\/types\/post"}],"author":[{"embeddable":true,"href":"https:\/\/cleitonpinheiro.com.br\/site\/wp-json\/wp\/v2\/users\/10"}],"replies":[{"embeddable":true,"href":"https:\/\/cleitonpinheiro.com.br\/site\/wp-json\/wp\/v2\/comments?post=76995"}],"version-history":[{"count":2,"href":"https:\/\/cleitonpinheiro.com.br\/site\/wp-json\/wp\/v2\/posts\/76995\/revisions"}],"predecessor-version":[{"id":76998,"href":"https:\/\/cleitonpinheiro.com.br\/site\/wp-json\/wp\/v2\/posts\/76995\/revisions\/76998"}],"wp:attachment":[{"href":"https:\/\/cleitonpinheiro.com.br\/site\/wp-json\/wp\/v2\/media?parent=76995"}],"wp:term":[{"taxonomy":"category","embeddable":true,"href":"https:\/\/cleitonpinheiro.com.br\/site\/wp-json\/wp\/v2\/categories?post=76995"},{"taxonomy":"post_tag","embeddable":true,"href":"https:\/\/cleitonpinheiro.com.br\/site\/wp-json\/wp\/v2\/tags?post=76995"}],"curies":[{"name":"wp","href":"https:\/\/api.w.org\/{rel}","templated":true}]}}