{"id":77002,"date":"2024-04-25T13:41:52","date_gmt":"2024-04-25T16:41:52","guid":{"rendered":"https:\/\/cleitonpinheiro.com.br\/site\/?p=77002"},"modified":"2024-04-25T13:41:56","modified_gmt":"2024-04-25T16:41:56","slug":"plenario-determina-que-psl-devolva-r-765-mil-aos-cofres-publicos","status":"publish","type":"post","link":"https:\/\/cleitonpinheiro.com.br\/site\/plenario-determina-que-psl-devolva-r-765-mil-aos-cofres-publicos\/","title":{"rendered":"Plen\u00e1rio determina que PSL devolva R$ 765 mil aos cofres p\u00fablicos"},"content":{"rendered":"\n<figure class=\"wp-block-image aligncenter size-full\"><img decoding=\"async\" src=\"https:\/\/cleitonpinheiro.com.br\/site\/wp-content\/uploads\/2024\/04\/1334b5e2-01f7-48f4-96a9-c8e21dac48e6.jpeg\" alt=\"\" class=\"wp-image-77003\"\/><\/figure>\n\n\n\n<p>Na sess\u00e3o desta ter\u00e7a-feira (23), por unanimidade, o Tribunal Superior Eleitoral (TSE) aprovou, com ressalvas, a presta\u00e7\u00e3o de contas do Diret\u00f3rio Nacional do Partido Social Liberal (PSL) referente ao exerc\u00edcio 2018. Por maioria, o Plen\u00e1rio acompanhou o voto do relator, ministro Ramos Tavares, que determinou \u00e0 agremia\u00e7\u00e3o o recolhimento de R$ 765.585,50 aos cofres p\u00fablicos. O valor dever\u00e1 ser ressarcido de forma atualizada e com recursos pr\u00f3prios da legenda.<\/p>\n\n\n\n<p>Segundo o relator, o conjunto de irregularidades totalizou R$ 788.462,58, montante que equivale a 8,17% do total de recursos do Fundo Partid\u00e1rio (R$ 9.645.319,78) recebidos pela sigla em 2018. Por entender que o percentual de irregularidades foi baixo e por n\u00e3o haver ind\u00edcios de m\u00e1-f\u00e9 ou \u00f3bice \u00e0 fiscaliza\u00e7\u00e3o, Ramos Tavares votou pela aprova\u00e7\u00e3o, com ressalvas, das contas do PSL.<\/p>\n\n\n\n<p><strong>Entenda o caso<\/strong><\/p>\n\n\n\n<p>O julgamento das contas de 2018 do PSL foi iniciado no dia 16 de abril deste ano com o voto do relator e manifesta\u00e7\u00e3o do ministro Raul Ara\u00fajo, que sugeriu altera\u00e7\u00f5es pontuais. Um pedido de vista da ministra Edilene L\u00f4bo suspendeu a an\u00e1lise do caso pelo Plen\u00e1rio.<\/p>\n\n\n\n<p>Naquela ocasi\u00e3o, devido \u00e0 insufici\u00eancia de documenta\u00e7\u00e3o que comprovasse a regularidade da movimenta\u00e7\u00e3o de recursos p\u00fablicos e a necess\u00e1ria vincula\u00e7\u00e3o com a atividade partid\u00e1ria, o relator considerou inconsistentes 12 despesas pagas pela agremia\u00e7\u00e3o com dinheiro do Fundo Partid\u00e1rio.<\/p>\n\n\n\n<p>Entre elas, est\u00e3o:<\/p>\n\n\n\n<ul class=\"wp-block-list\">\n<li>d\u00e9bitos na conta banc\u00e1ria que movimenta os recursos do Fundo com diverg\u00eancia ou aus\u00eancia de informa\u00e7\u00f5es no Sistema de Presta\u00e7\u00e3o de Contas Anual (SPCA) e sem respaldo em documenta\u00e7\u00e3o id\u00f4nea (R$ 100.501,86);<\/li>\n\n\n\n<li>gastos irregulares com passagens a\u00e9reas, hospedagens e loca\u00e7\u00e3o de ve\u00edculos sem comprova\u00e7\u00e3o do v\u00ednculo com atividade partid\u00e1ria (R$ 86.705,53);<\/li>\n\n\n\n<li>despesas indevidas com reembolsos (R$ 162.527,59);<\/li>\n\n\n\n<li>repasse de recursos a diret\u00f3rio suspenso (R$ 6.037,00);<\/li>\n\n\n\n<li>despesas irregulares com t\u00e1xi (R$ 17.050,87); e<\/li>\n\n\n\n<li>n\u00e3o atendimento ao repasse m\u00ednimo de 20% do Fundo \u00e0 Funda\u00e7\u00e3o Instituto de Inova\u00e7\u00e3o &amp; Governan\u00e7a, mantida pelo PSL (R$ 114.324,33).<\/li>\n<\/ul>\n\n\n\n<p>Ele destacou o repasse de R$ 6 mil ao Diret\u00f3rio Regional do PSL em Sergipe, que estava impedido de receber cotas do Fundo. Al\u00e9m disso, o ministro observou que a ado\u00e7\u00e3o reiterada de reembolso a pessoas f\u00edsicas mediante apresenta\u00e7\u00e3o de documentos fiscais emitidos com dados partid\u00e1rios sem que houvesse a emiss\u00e3o de comprovante id\u00f4neo \u00e9 recha\u00e7ada pela jurisprud\u00eancia do TSE.<\/p>\n\n\n\n<p>Quanto \u00e0s irregularidades referentes ao recebimento de recursos de fonte vedada e de origem n\u00e3o identificada, o ministro enfatizou que:<\/p>\n\n\n\n<ul class=\"wp-block-list\">\n<li>ao arrecadar recursos via internet, o recebimento de cr\u00e9dito de empresa prestadora de servi\u00e7o de arrecada\u00e7\u00e3o, sem o esclarecimento quanto \u00e0 origem dos valores, n\u00e3o afasta a configura\u00e7\u00e3o de recursos de fonte vedada, precisamente de pessoa jur\u00eddica. A irregularidade totalizou R$ 2.713,10, valor que deve ser ressarcido aos cofres p\u00fablicos;<br><\/li>\n\n\n\n<li>a documenta\u00e7\u00e3o apresentada pela legenda, em confronto com informa\u00e7\u00f5es prestadas pelas institui\u00e7\u00f5es financeiras, n\u00e3o possibilita atestar a origem de supostas doa\u00e7\u00f5es de pessoas f\u00edsicas no valor de R$ 128.872,86, que tamb\u00e9m deve ser destinado ao er\u00e1rio.<\/li>\n<\/ul>\n\n\n\n<p><strong>Ajuste<\/strong><\/p>\n\n\n\n<p>Na sess\u00e3o de hoje, o relator adaptou seu voto para acolher a sugest\u00e3o apresentada pelo ministro Raul Ara\u00fajo, na sess\u00e3o da \u00faltima ter\u00e7a-feira (16), e determinar que a legenda fa\u00e7a ajuste no demonstrativo de obriga\u00e7\u00f5es a pagar no Sistema de Presta\u00e7\u00e3o de Contas Anual (SPCA), com o objetivo de possibilitar ao TSE a fiscaliza\u00e7\u00e3o da quita\u00e7\u00e3o das d\u00edvidas nos exerc\u00edcios futuros.<\/p>\n\n\n\n<p>BA\/LC<\/p>\n\n\n\n<p><strong>Processo relacionado:\u00a0<\/strong><a href=\"https:\/\/consultaunificadapje.tse.jus.br\/#\/public\/resultado\/0600228-53.2019.6.00.0000\">PC 0600228-53.2019.6.00.0000<\/a>.<\/p>\n\n\n\n<p>Texto: STF<\/p>\n","protected":false},"excerpt":{"rendered":"<p>Na sess\u00e3o desta ter\u00e7a-feira (23), por unanimidade, o Tribunal Superior Eleitoral (TSE) aprovou, com ressalvas, a presta\u00e7\u00e3o de contas do Diret\u00f3rio Nacional do Partido Social Liberal (PSL) referente ao exerc\u00edcio 2018. Por maioria, o Plen\u00e1rio acompanhou o voto do relator, ministro Ramos Tavares, que determinou \u00e0 agremia\u00e7\u00e3o o recolhimento de R$ 765.585,50 aos cofres p\u00fablicos. [&hellip;]<\/p>\n","protected":false},"author":10,"featured_media":0,"comment_status":"open","ping_status":"open","sticky":false,"template":"","format":"standard","meta":{"_acf_changed":false,"footnotes":""},"categories":[898,23,21],"tags":[],"class_list":["post-77002","post","type-post","status-publish","format-standard","hentry","category-manchete-segundaria","category-politica","category-todas-noticias"],"acf":[],"yoast_head":"<!-- This site is optimized with the Yoast SEO plugin v24.4 - https:\/\/yoast.com\/wordpress\/plugins\/seo\/ -->\n<title>Plen\u00e1rio determina que PSL devolva R$ 765 mil aos cofres p\u00fablicos - PORTAL DE NOT\u00cdCIAS CLEITON PINHEIRO<\/title>\n<meta name=\"robots\" content=\"index, follow, max-snippet:-1, max-image-preview:large, max-video-preview:-1\" \/>\n<link rel=\"canonical\" href=\"https:\/\/cleitonpinheiro.com.br\/site\/plenario-determina-que-psl-devolva-r-765-mil-aos-cofres-publicos\/\" \/>\n<meta property=\"og:locale\" content=\"pt_BR\" \/>\n<meta property=\"og:type\" content=\"article\" \/>\n<meta property=\"og:title\" content=\"Plen\u00e1rio determina que PSL devolva R$ 765 mil aos cofres p\u00fablicos - PORTAL DE NOT\u00cdCIAS CLEITON PINHEIRO\" \/>\n<meta property=\"og:description\" content=\"Na sess\u00e3o desta ter\u00e7a-feira (23), por unanimidade, o Tribunal Superior Eleitoral (TSE) aprovou, com ressalvas, a presta\u00e7\u00e3o de contas do Diret\u00f3rio Nacional do Partido Social Liberal (PSL) referente ao exerc\u00edcio 2018. Por maioria, o Plen\u00e1rio acompanhou o voto do relator, ministro Ramos Tavares, que determinou \u00e0 agremia\u00e7\u00e3o o recolhimento de R$ 765.585,50 aos cofres p\u00fablicos. [&hellip;]\" \/>\n<meta property=\"og:url\" content=\"https:\/\/cleitonpinheiro.com.br\/site\/plenario-determina-que-psl-devolva-r-765-mil-aos-cofres-publicos\/\" \/>\n<meta property=\"og:site_name\" content=\"PORTAL DE NOT\u00cdCIAS CLEITON PINHEIRO\" \/>\n<meta property=\"article:publisher\" content=\"https:\/\/www.facebook.com\/portalcpnoticias\/\" \/>\n<meta property=\"article:published_time\" content=\"2024-04-25T16:41:52+00:00\" \/>\n<meta property=\"article:modified_time\" content=\"2024-04-25T16:41:56+00:00\" \/>\n<meta property=\"og:image\" content=\"https:\/\/cleitonpinheiro.com.br\/site\/wp-content\/uploads\/2024\/04\/1334b5e2-01f7-48f4-96a9-c8e21dac48e6.jpeg\" \/>\n\t<meta property=\"og:image:width\" content=\"620\" \/>\n\t<meta property=\"og:image:height\" content=\"300\" \/>\n\t<meta property=\"og:image:type\" content=\"image\/jpeg\" \/>\n<meta name=\"author\" content=\"Cleiton Pinheiro\" \/>\n<meta name=\"twitter:card\" content=\"summary_large_image\" \/>\n<meta name=\"twitter:label1\" content=\"Escrito por\" \/>\n\t<meta name=\"twitter:data1\" content=\"Cleiton Pinheiro\" \/>\n\t<meta name=\"twitter:label2\" content=\"Est. tempo de leitura\" \/>\n\t<meta name=\"twitter:data2\" content=\"4 minutos\" \/>\n<script type=\"application\/ld+json\" class=\"yoast-schema-graph\">{\"@context\":\"https:\/\/schema.org\",\"@graph\":[{\"@type\":\"Article\",\"@id\":\"https:\/\/cleitonpinheiro.com.br\/site\/plenario-determina-que-psl-devolva-r-765-mil-aos-cofres-publicos\/#article\",\"isPartOf\":{\"@id\":\"https:\/\/cleitonpinheiro.com.br\/site\/plenario-determina-que-psl-devolva-r-765-mil-aos-cofres-publicos\/\"},\"author\":{\"name\":\"Cleiton Pinheiro\",\"@id\":\"https:\/\/cleitonpinheiro.com.br\/site\/#\/schema\/person\/62fd4eb98fcc8bd3fc477aaff264af51\"},\"headline\":\"Plen\u00e1rio determina que PSL devolva R$ 765 mil aos cofres p\u00fablicos\",\"datePublished\":\"2024-04-25T16:41:52+00:00\",\"dateModified\":\"2024-04-25T16:41:56+00:00\",\"mainEntityOfPage\":{\"@id\":\"https:\/\/cleitonpinheiro.com.br\/site\/plenario-determina-que-psl-devolva-r-765-mil-aos-cofres-publicos\/\"},\"wordCount\":625,\"commentCount\":0,\"publisher\":{\"@id\":\"https:\/\/cleitonpinheiro.com.br\/site\/#organization\"},\"image\":{\"@id\":\"https:\/\/cleitonpinheiro.com.br\/site\/plenario-determina-que-psl-devolva-r-765-mil-aos-cofres-publicos\/#primaryimage\"},\"thumbnailUrl\":\"https:\/\/cleitonpinheiro.com.br\/site\/wp-content\/uploads\/2024\/04\/1334b5e2-01f7-48f4-96a9-c8e21dac48e6.jpeg\",\"articleSection\":[\"MANCHETE SEGUND\u00c1RIA\",\"POL\u00cdTICA\",\"TODAS NOTICIAS\"],\"inLanguage\":\"pt-BR\",\"potentialAction\":[{\"@type\":\"CommentAction\",\"name\":\"Comment\",\"target\":[\"https:\/\/cleitonpinheiro.com.br\/site\/plenario-determina-que-psl-devolva-r-765-mil-aos-cofres-publicos\/#respond\"]}]},{\"@type\":\"WebPage\",\"@id\":\"https:\/\/cleitonpinheiro.com.br\/site\/plenario-determina-que-psl-devolva-r-765-mil-aos-cofres-publicos\/\",\"url\":\"https:\/\/cleitonpinheiro.com.br\/site\/plenario-determina-que-psl-devolva-r-765-mil-aos-cofres-publicos\/\",\"name\":\"Plen\u00e1rio determina que PSL devolva R$ 765 mil aos cofres p\u00fablicos - PORTAL DE NOT\u00cdCIAS CLEITON PINHEIRO\",\"isPartOf\":{\"@id\":\"https:\/\/cleitonpinheiro.com.br\/site\/#website\"},\"primaryImageOfPage\":{\"@id\":\"https:\/\/cleitonpinheiro.com.br\/site\/plenario-determina-que-psl-devolva-r-765-mil-aos-cofres-publicos\/#primaryimage\"},\"image\":{\"@id\":\"https:\/\/cleitonpinheiro.com.br\/site\/plenario-determina-que-psl-devolva-r-765-mil-aos-cofres-publicos\/#primaryimage\"},\"thumbnailUrl\":\"https:\/\/cleitonpinheiro.com.br\/site\/wp-content\/uploads\/2024\/04\/1334b5e2-01f7-48f4-96a9-c8e21dac48e6.jpeg\",\"datePublished\":\"2024-04-25T16:41:52+00:00\",\"dateModified\":\"2024-04-25T16:41:56+00:00\",\"breadcrumb\":{\"@id\":\"https:\/\/cleitonpinheiro.com.br\/site\/plenario-determina-que-psl-devolva-r-765-mil-aos-cofres-publicos\/#breadcrumb\"},\"inLanguage\":\"pt-BR\",\"potentialAction\":[{\"@type\":\"ReadAction\",\"target\":[\"https:\/\/cleitonpinheiro.com.br\/site\/plenario-determina-que-psl-devolva-r-765-mil-aos-cofres-publicos\/\"]}]},{\"@type\":\"ImageObject\",\"inLanguage\":\"pt-BR\",\"@id\":\"https:\/\/cleitonpinheiro.com.br\/site\/plenario-determina-que-psl-devolva-r-765-mil-aos-cofres-publicos\/#primaryimage\",\"url\":\"\",\"contentUrl\":\"\"},{\"@type\":\"BreadcrumbList\",\"@id\":\"https:\/\/cleitonpinheiro.com.br\/site\/plenario-determina-que-psl-devolva-r-765-mil-aos-cofres-publicos\/#breadcrumb\",\"itemListElement\":[{\"@type\":\"ListItem\",\"position\":1,\"name\":\"In\u00edcio\",\"item\":\"https:\/\/cleitonpinheiro.com.br\/site\/\"},{\"@type\":\"ListItem\",\"position\":2,\"name\":\"Plen\u00e1rio determina que PSL devolva R$ 765 mil aos cofres p\u00fablicos\"}]},{\"@type\":\"WebSite\",\"@id\":\"https:\/\/cleitonpinheiro.com.br\/site\/#website\",\"url\":\"https:\/\/cleitonpinheiro.com.br\/site\/\",\"name\":\"PORTAL DE NOT\u00cdCIAS CLEITON PINHEIRO\",\"description\":\"FALANDO A VERDADE\",\"publisher\":{\"@id\":\"https:\/\/cleitonpinheiro.com.br\/site\/#organization\"},\"potentialAction\":[{\"@type\":\"SearchAction\",\"target\":{\"@type\":\"EntryPoint\",\"urlTemplate\":\"https:\/\/cleitonpinheiro.com.br\/site\/?s={search_term_string}\"},\"query-input\":{\"@type\":\"PropertyValueSpecification\",\"valueRequired\":true,\"valueName\":\"search_term_string\"}}],\"inLanguage\":\"pt-BR\"},{\"@type\":\"Organization\",\"@id\":\"https:\/\/cleitonpinheiro.com.br\/site\/#organization\",\"name\":\"CPNOT\u00cdCIAS\",\"url\":\"https:\/\/cleitonpinheiro.com.br\/site\/\",\"logo\":{\"@type\":\"ImageObject\",\"inLanguage\":\"pt-BR\",\"@id\":\"https:\/\/cleitonpinheiro.com.br\/site\/#\/schema\/logo\/image\/\",\"url\":\"https:\/\/cleitonpinheiro.com.br\/site\/wp-content\/uploads\/2022\/08\/Logo-pequena-2.png\",\"contentUrl\":\"https:\/\/cleitonpinheiro.com.br\/site\/wp-content\/uploads\/2022\/08\/Logo-pequena-2.png\",\"width\":500,\"height\":500,\"caption\":\"CPNOT\u00cdCIAS\"},\"image\":{\"@id\":\"https:\/\/cleitonpinheiro.com.br\/site\/#\/schema\/logo\/image\/\"},\"sameAs\":[\"https:\/\/www.facebook.com\/portalcpnoticias\/\"]},{\"@type\":\"Person\",\"@id\":\"https:\/\/cleitonpinheiro.com.br\/site\/#\/schema\/person\/62fd4eb98fcc8bd3fc477aaff264af51\",\"name\":\"Cleiton Pinheiro\",\"image\":{\"@type\":\"ImageObject\",\"inLanguage\":\"pt-BR\",\"@id\":\"https:\/\/cleitonpinheiro.com.br\/site\/#\/schema\/person\/image\/\",\"url\":\"https:\/\/secure.gravatar.com\/avatar\/15642ec35b78fe5eed3cfa8e4a3f3211d73a3df4f35f0566b4324958cba1b1b9?s=96&r=g\",\"contentUrl\":\"https:\/\/secure.gravatar.com\/avatar\/15642ec35b78fe5eed3cfa8e4a3f3211d73a3df4f35f0566b4324958cba1b1b9?s=96&r=g\",\"caption\":\"Cleiton Pinheiro\"},\"url\":\"https:\/\/cleitonpinheiro.com.br\/site\/author\/cleiton\/\"}]}<\/script>\n<!-- \/ Yoast SEO plugin. -->","yoast_head_json":{"title":"Plen\u00e1rio determina que PSL devolva R$ 765 mil aos cofres p\u00fablicos - PORTAL DE NOT\u00cdCIAS CLEITON PINHEIRO","robots":{"index":"index","follow":"follow","max-snippet":"max-snippet:-1","max-image-preview":"max-image-preview:large","max-video-preview":"max-video-preview:-1"},"canonical":"https:\/\/cleitonpinheiro.com.br\/site\/plenario-determina-que-psl-devolva-r-765-mil-aos-cofres-publicos\/","og_locale":"pt_BR","og_type":"article","og_title":"Plen\u00e1rio determina que PSL devolva R$ 765 mil aos cofres p\u00fablicos - PORTAL DE NOT\u00cdCIAS CLEITON PINHEIRO","og_description":"Na sess\u00e3o desta ter\u00e7a-feira (23), por unanimidade, o Tribunal Superior Eleitoral (TSE) aprovou, com ressalvas, a presta\u00e7\u00e3o de contas do Diret\u00f3rio Nacional do Partido Social Liberal (PSL) referente ao exerc\u00edcio 2018. Por maioria, o Plen\u00e1rio acompanhou o voto do relator, ministro Ramos Tavares, que determinou \u00e0 agremia\u00e7\u00e3o o recolhimento de R$ 765.585,50 aos cofres p\u00fablicos. [&hellip;]","og_url":"https:\/\/cleitonpinheiro.com.br\/site\/plenario-determina-que-psl-devolva-r-765-mil-aos-cofres-publicos\/","og_site_name":"PORTAL DE NOT\u00cdCIAS CLEITON PINHEIRO","article_publisher":"https:\/\/www.facebook.com\/portalcpnoticias\/","article_published_time":"2024-04-25T16:41:52+00:00","article_modified_time":"2024-04-25T16:41:56+00:00","og_image":[{"width":620,"height":300,"url":"https:\/\/cleitonpinheiro.com.br\/site\/wp-content\/uploads\/2024\/04\/1334b5e2-01f7-48f4-96a9-c8e21dac48e6.jpeg","type":"image\/jpeg"}],"author":"Cleiton Pinheiro","twitter_card":"summary_large_image","twitter_misc":{"Escrito por":"Cleiton Pinheiro","Est. tempo de leitura":"4 minutos"},"schema":{"@context":"https:\/\/schema.org","@graph":[{"@type":"Article","@id":"https:\/\/cleitonpinheiro.com.br\/site\/plenario-determina-que-psl-devolva-r-765-mil-aos-cofres-publicos\/#article","isPartOf":{"@id":"https:\/\/cleitonpinheiro.com.br\/site\/plenario-determina-que-psl-devolva-r-765-mil-aos-cofres-publicos\/"},"author":{"name":"Cleiton Pinheiro","@id":"https:\/\/cleitonpinheiro.com.br\/site\/#\/schema\/person\/62fd4eb98fcc8bd3fc477aaff264af51"},"headline":"Plen\u00e1rio determina que PSL devolva R$ 765 mil aos cofres p\u00fablicos","datePublished":"2024-04-25T16:41:52+00:00","dateModified":"2024-04-25T16:41:56+00:00","mainEntityOfPage":{"@id":"https:\/\/cleitonpinheiro.com.br\/site\/plenario-determina-que-psl-devolva-r-765-mil-aos-cofres-publicos\/"},"wordCount":625,"commentCount":0,"publisher":{"@id":"https:\/\/cleitonpinheiro.com.br\/site\/#organization"},"image":{"@id":"https:\/\/cleitonpinheiro.com.br\/site\/plenario-determina-que-psl-devolva-r-765-mil-aos-cofres-publicos\/#primaryimage"},"thumbnailUrl":"https:\/\/cleitonpinheiro.com.br\/site\/wp-content\/uploads\/2024\/04\/1334b5e2-01f7-48f4-96a9-c8e21dac48e6.jpeg","articleSection":["MANCHETE SEGUND\u00c1RIA","POL\u00cdTICA","TODAS NOTICIAS"],"inLanguage":"pt-BR","potentialAction":[{"@type":"CommentAction","name":"Comment","target":["https:\/\/cleitonpinheiro.com.br\/site\/plenario-determina-que-psl-devolva-r-765-mil-aos-cofres-publicos\/#respond"]}]},{"@type":"WebPage","@id":"https:\/\/cleitonpinheiro.com.br\/site\/plenario-determina-que-psl-devolva-r-765-mil-aos-cofres-publicos\/","url":"https:\/\/cleitonpinheiro.com.br\/site\/plenario-determina-que-psl-devolva-r-765-mil-aos-cofres-publicos\/","name":"Plen\u00e1rio determina que PSL devolva R$ 765 mil aos cofres p\u00fablicos - PORTAL DE NOT\u00cdCIAS CLEITON PINHEIRO","isPartOf":{"@id":"https:\/\/cleitonpinheiro.com.br\/site\/#website"},"primaryImageOfPage":{"@id":"https:\/\/cleitonpinheiro.com.br\/site\/plenario-determina-que-psl-devolva-r-765-mil-aos-cofres-publicos\/#primaryimage"},"image":{"@id":"https:\/\/cleitonpinheiro.com.br\/site\/plenario-determina-que-psl-devolva-r-765-mil-aos-cofres-publicos\/#primaryimage"},"thumbnailUrl":"https:\/\/cleitonpinheiro.com.br\/site\/wp-content\/uploads\/2024\/04\/1334b5e2-01f7-48f4-96a9-c8e21dac48e6.jpeg","datePublished":"2024-04-25T16:41:52+00:00","dateModified":"2024-04-25T16:41:56+00:00","breadcrumb":{"@id":"https:\/\/cleitonpinheiro.com.br\/site\/plenario-determina-que-psl-devolva-r-765-mil-aos-cofres-publicos\/#breadcrumb"},"inLanguage":"pt-BR","potentialAction":[{"@type":"ReadAction","target":["https:\/\/cleitonpinheiro.com.br\/site\/plenario-determina-que-psl-devolva-r-765-mil-aos-cofres-publicos\/"]}]},{"@type":"ImageObject","inLanguage":"pt-BR","@id":"https:\/\/cleitonpinheiro.com.br\/site\/plenario-determina-que-psl-devolva-r-765-mil-aos-cofres-publicos\/#primaryimage","url":"","contentUrl":""},{"@type":"BreadcrumbList","@id":"https:\/\/cleitonpinheiro.com.br\/site\/plenario-determina-que-psl-devolva-r-765-mil-aos-cofres-publicos\/#breadcrumb","itemListElement":[{"@type":"ListItem","position":1,"name":"In\u00edcio","item":"https:\/\/cleitonpinheiro.com.br\/site\/"},{"@type":"ListItem","position":2,"name":"Plen\u00e1rio determina que PSL devolva R$ 765 mil aos cofres p\u00fablicos"}]},{"@type":"WebSite","@id":"https:\/\/cleitonpinheiro.com.br\/site\/#website","url":"https:\/\/cleitonpinheiro.com.br\/site\/","name":"PORTAL DE NOT\u00cdCIAS CLEITON PINHEIRO","description":"FALANDO A VERDADE","publisher":{"@id":"https:\/\/cleitonpinheiro.com.br\/site\/#organization"},"potentialAction":[{"@type":"SearchAction","target":{"@type":"EntryPoint","urlTemplate":"https:\/\/cleitonpinheiro.com.br\/site\/?s={search_term_string}"},"query-input":{"@type":"PropertyValueSpecification","valueRequired":true,"valueName":"search_term_string"}}],"inLanguage":"pt-BR"},{"@type":"Organization","@id":"https:\/\/cleitonpinheiro.com.br\/site\/#organization","name":"CPNOT\u00cdCIAS","url":"https:\/\/cleitonpinheiro.com.br\/site\/","logo":{"@type":"ImageObject","inLanguage":"pt-BR","@id":"https:\/\/cleitonpinheiro.com.br\/site\/#\/schema\/logo\/image\/","url":"https:\/\/cleitonpinheiro.com.br\/site\/wp-content\/uploads\/2022\/08\/Logo-pequena-2.png","contentUrl":"https:\/\/cleitonpinheiro.com.br\/site\/wp-content\/uploads\/2022\/08\/Logo-pequena-2.png","width":500,"height":500,"caption":"CPNOT\u00cdCIAS"},"image":{"@id":"https:\/\/cleitonpinheiro.com.br\/site\/#\/schema\/logo\/image\/"},"sameAs":["https:\/\/www.facebook.com\/portalcpnoticias\/"]},{"@type":"Person","@id":"https:\/\/cleitonpinheiro.com.br\/site\/#\/schema\/person\/62fd4eb98fcc8bd3fc477aaff264af51","name":"Cleiton Pinheiro","image":{"@type":"ImageObject","inLanguage":"pt-BR","@id":"https:\/\/cleitonpinheiro.com.br\/site\/#\/schema\/person\/image\/","url":"https:\/\/secure.gravatar.com\/avatar\/15642ec35b78fe5eed3cfa8e4a3f3211d73a3df4f35f0566b4324958cba1b1b9?s=96&r=g","contentUrl":"https:\/\/secure.gravatar.com\/avatar\/15642ec35b78fe5eed3cfa8e4a3f3211d73a3df4f35f0566b4324958cba1b1b9?s=96&r=g","caption":"Cleiton Pinheiro"},"url":"https:\/\/cleitonpinheiro.com.br\/site\/author\/cleiton\/"}]}},"views":279,"_links":{"self":[{"href":"https:\/\/cleitonpinheiro.com.br\/site\/wp-json\/wp\/v2\/posts\/77002","targetHints":{"allow":["GET"]}}],"collection":[{"href":"https:\/\/cleitonpinheiro.com.br\/site\/wp-json\/wp\/v2\/posts"}],"about":[{"href":"https:\/\/cleitonpinheiro.com.br\/site\/wp-json\/wp\/v2\/types\/post"}],"author":[{"embeddable":true,"href":"https:\/\/cleitonpinheiro.com.br\/site\/wp-json\/wp\/v2\/users\/10"}],"replies":[{"embeddable":true,"href":"https:\/\/cleitonpinheiro.com.br\/site\/wp-json\/wp\/v2\/comments?post=77002"}],"version-history":[{"count":1,"href":"https:\/\/cleitonpinheiro.com.br\/site\/wp-json\/wp\/v2\/posts\/77002\/revisions"}],"predecessor-version":[{"id":77004,"href":"https:\/\/cleitonpinheiro.com.br\/site\/wp-json\/wp\/v2\/posts\/77002\/revisions\/77004"}],"wp:attachment":[{"href":"https:\/\/cleitonpinheiro.com.br\/site\/wp-json\/wp\/v2\/media?parent=77002"}],"wp:term":[{"taxonomy":"category","embeddable":true,"href":"https:\/\/cleitonpinheiro.com.br\/site\/wp-json\/wp\/v2\/categories?post=77002"},{"taxonomy":"post_tag","embeddable":true,"href":"https:\/\/cleitonpinheiro.com.br\/site\/wp-json\/wp\/v2\/tags?post=77002"}],"curies":[{"name":"wp","href":"https:\/\/api.w.org\/{rel}","templated":true}]}}