{"id":77012,"date":"2024-04-26T11:23:18","date_gmt":"2024-04-26T14:23:18","guid":{"rendered":"https:\/\/cleitonpinheiro.com.br\/site\/?p=77012"},"modified":"2024-04-27T12:02:29","modified_gmt":"2024-04-27T15:02:29","slug":"prefeita-cinthia-anuncia-nas-redes-sociais-dj-alok-sera-a-atracao-dos-35-anos-de-palmas","status":"publish","type":"post","link":"https:\/\/cleitonpinheiro.com.br\/site\/prefeita-cinthia-anuncia-nas-redes-sociais-dj-alok-sera-a-atracao-dos-35-anos-de-palmas\/","title":{"rendered":"Prefeita Cinthia anuncia nas redes sociais: DJ Alok ser\u00e1 a atra\u00e7\u00e3o dos 35 anos de Palmas"},"content":{"rendered":"\n<figure class=\"wp-block-image size-full\"><img decoding=\"async\" src=\"https:\/\/cleitonpinheiro.com.br\/site\/wp-content\/uploads\/2024\/04\/db7f15e4bde94208a3ed3c4405476493-1.jpg\" alt=\"\" class=\"wp-image-77013\"\/><\/figure>\n\n\n\n<p>\u201cNingu\u00e9m mais, ningu\u00e9m menos\u00a0para comemorar os 35 anos da Capital mais linda do Brasil, o melhor DJ do mundo, DJ Alok\u201d, declarou Cinthia Ribeiro anunciando a atra\u00e7\u00e3o do anivers\u00e1rio de Palmas. Alok \u00e9 goiano, reconhecido mundialmente no cen\u00e1rio da m\u00fasica eletr\u00f4nica. Em seu perfil na plataforma de rede social Instagram, a gestora fez o an\u00fancio logo no in\u00edcio da manh\u00e3 desta sexta, 26, destacando que \u201cj\u00e1 tinha avisado que o ano de 2024 seria extraordin\u00e1rio\u201d.\u00a0<\/p>\n\n\n\n<p>O show est\u00e1 marcado para o dia 19 de maio, v\u00e9spera do anivers\u00e1rio. A programa\u00e7\u00e3o ter\u00e1 apresenta\u00e7\u00e3o de artistas regionais, corte de bolo e desfile. Mais detalhes ser\u00e3o divulgados pela Prefeitura de Palmas em breve.&nbsp;<\/p>\n\n\n\n<p>A programa\u00e7\u00e3o de anivers\u00e1rio \u00e9 uma das mais aguardadas na agenda cultural da cidade, dentre os artistas que j\u00e1 participaram est\u00e3o Simone Mendes, em 2023, e Le\u00f3 Santana, em 2022.<\/p>\n\n\n\n<p><strong>De Goi\u00e1s para o Mundo<\/strong><\/p>\n\n\n\n<p>Nascido na capital vizinha, Goi\u00e2nia, o DJ e produtor musical, Alok Achkar Peres Petrillo, \u00e9 considerado na atualidade um dos melhores representantes de m\u00fasica eletr\u00f4nica do mundo. Ele iniciou a carreira tocando com seu irm\u00e3o g\u00eameo, Baskhar, e resolveu seguir carreira solo em 2010. Seis anos depois emplacou o sucesso &#8216;Hear Me Now&#8217; em parceria com Zeeba, que rendeu seu destaque internacional. Fora dos palcos, o artista tamb\u00e9m \u00e9 conhecido pela ativa participa\u00e7\u00e3o em a\u00e7\u00f5es humanit\u00e1rias, a exemplo, da colabora\u00e7\u00e3o com a ONG Fraternidade sem Fronteiras, em projetos realizados em Madagascar, Mo\u00e7ambique e Malawi, na \u00c1frica; al\u00e9m de atividades que o artista desenvolve no sert\u00e3o da Bahia, em Campo Grande, no Mato Grosso do Sul e em Campina Grande, na Para\u00edba.<\/p>\n\n\n\n<p><strong>Texto:<\/strong>\u00a0Lorena Karlla Mascarenhas\/Prefeitura de Palmas<\/p>\n","protected":false},"excerpt":{"rendered":"<p>\u201cNingu\u00e9m mais, ningu\u00e9m menos\u00a0para comemorar os 35 anos da Capital mais linda do Brasil, o melhor DJ do mundo, DJ Alok\u201d, declarou Cinthia Ribeiro anunciando a atra\u00e7\u00e3o do anivers\u00e1rio de Palmas. Alok \u00e9 goiano, reconhecido mundialmente no cen\u00e1rio da m\u00fasica eletr\u00f4nica. Em seu perfil na plataforma de rede social Instagram, a gestora fez o an\u00fancio [&hellip;]<\/p>\n","protected":false},"author":10,"featured_media":0,"comment_status":"open","ping_status":"open","sticky":false,"template":"","format":"standard","meta":{"_acf_changed":false,"footnotes":""},"categories":[22,898,21],"tags":[],"class_list":["post-77012","post","type-post","status-publish","format-standard","hentry","category-cidades","category-manchete-segundaria","category-todas-noticias"],"acf":[],"yoast_head":"<!-- This site is optimized with the Yoast SEO plugin v24.4 - https:\/\/yoast.com\/wordpress\/plugins\/seo\/ -->\n<title>Prefeita Cinthia anuncia nas redes sociais: DJ Alok ser\u00e1 a atra\u00e7\u00e3o dos 35 anos de Palmas - PORTAL DE NOT\u00cdCIAS CLEITON PINHEIRO<\/title>\n<meta name=\"robots\" content=\"index, follow, max-snippet:-1, max-image-preview:large, max-video-preview:-1\" \/>\n<link rel=\"canonical\" href=\"https:\/\/cleitonpinheiro.com.br\/site\/prefeita-cinthia-anuncia-nas-redes-sociais-dj-alok-sera-a-atracao-dos-35-anos-de-palmas\/\" \/>\n<meta property=\"og:locale\" content=\"pt_BR\" \/>\n<meta property=\"og:type\" content=\"article\" \/>\n<meta property=\"og:title\" content=\"Prefeita Cinthia anuncia nas redes sociais: DJ Alok ser\u00e1 a atra\u00e7\u00e3o dos 35 anos de Palmas - PORTAL DE NOT\u00cdCIAS CLEITON PINHEIRO\" \/>\n<meta property=\"og:description\" content=\"\u201cNingu\u00e9m mais, ningu\u00e9m menos\u00a0para comemorar os 35 anos da Capital mais linda do Brasil, o melhor DJ do mundo, DJ Alok\u201d, declarou Cinthia Ribeiro anunciando a atra\u00e7\u00e3o do anivers\u00e1rio de Palmas. Alok \u00e9 goiano, reconhecido mundialmente no cen\u00e1rio da m\u00fasica eletr\u00f4nica. Em seu perfil na plataforma de rede social Instagram, a gestora fez o an\u00fancio [&hellip;]\" \/>\n<meta property=\"og:url\" content=\"https:\/\/cleitonpinheiro.com.br\/site\/prefeita-cinthia-anuncia-nas-redes-sociais-dj-alok-sera-a-atracao-dos-35-anos-de-palmas\/\" \/>\n<meta property=\"og:site_name\" content=\"PORTAL DE NOT\u00cdCIAS CLEITON PINHEIRO\" \/>\n<meta property=\"article:publisher\" content=\"https:\/\/www.facebook.com\/portalcpnoticias\/\" \/>\n<meta property=\"article:published_time\" content=\"2024-04-26T14:23:18+00:00\" \/>\n<meta property=\"article:modified_time\" content=\"2024-04-27T15:02:29+00:00\" \/>\n<meta property=\"og:image\" content=\"https:\/\/cleitonpinheiro.com.br\/site\/wp-content\/uploads\/2024\/04\/db7f15e4bde94208a3ed3c4405476493-1.jpg\" \/>\n\t<meta property=\"og:image:width\" content=\"800\" \/>\n\t<meta property=\"og:image:height\" content=\"450\" \/>\n\t<meta property=\"og:image:type\" content=\"image\/jpeg\" \/>\n<meta name=\"author\" content=\"Cleiton Pinheiro\" \/>\n<meta name=\"twitter:card\" content=\"summary_large_image\" \/>\n<meta name=\"twitter:label1\" content=\"Escrito por\" \/>\n\t<meta name=\"twitter:data1\" content=\"Cleiton Pinheiro\" \/>\n\t<meta name=\"twitter:label2\" content=\"Est. tempo de leitura\" \/>\n\t<meta name=\"twitter:data2\" content=\"2 minutos\" \/>\n<script type=\"application\/ld+json\" class=\"yoast-schema-graph\">{\"@context\":\"https:\/\/schema.org\",\"@graph\":[{\"@type\":\"Article\",\"@id\":\"https:\/\/cleitonpinheiro.com.br\/site\/prefeita-cinthia-anuncia-nas-redes-sociais-dj-alok-sera-a-atracao-dos-35-anos-de-palmas\/#article\",\"isPartOf\":{\"@id\":\"https:\/\/cleitonpinheiro.com.br\/site\/prefeita-cinthia-anuncia-nas-redes-sociais-dj-alok-sera-a-atracao-dos-35-anos-de-palmas\/\"},\"author\":{\"name\":\"Cleiton Pinheiro\",\"@id\":\"https:\/\/cleitonpinheiro.com.br\/site\/#\/schema\/person\/62fd4eb98fcc8bd3fc477aaff264af51\"},\"headline\":\"Prefeita Cinthia anuncia nas redes sociais: DJ Alok ser\u00e1 a atra\u00e7\u00e3o dos 35 anos de Palmas\",\"datePublished\":\"2024-04-26T14:23:18+00:00\",\"dateModified\":\"2024-04-27T15:02:29+00:00\",\"mainEntityOfPage\":{\"@id\":\"https:\/\/cleitonpinheiro.com.br\/site\/prefeita-cinthia-anuncia-nas-redes-sociais-dj-alok-sera-a-atracao-dos-35-anos-de-palmas\/\"},\"wordCount\":313,\"commentCount\":0,\"publisher\":{\"@id\":\"https:\/\/cleitonpinheiro.com.br\/site\/#organization\"},\"image\":{\"@id\":\"https:\/\/cleitonpinheiro.com.br\/site\/prefeita-cinthia-anuncia-nas-redes-sociais-dj-alok-sera-a-atracao-dos-35-anos-de-palmas\/#primaryimage\"},\"thumbnailUrl\":\"https:\/\/cleitonpinheiro.com.br\/site\/wp-content\/uploads\/2024\/04\/db7f15e4bde94208a3ed3c4405476493-1.jpg\",\"articleSection\":[\"CIDADES\",\"MANCHETE SEGUND\u00c1RIA\",\"TODAS NOTICIAS\"],\"inLanguage\":\"pt-BR\",\"potentialAction\":[{\"@type\":\"CommentAction\",\"name\":\"Comment\",\"target\":[\"https:\/\/cleitonpinheiro.com.br\/site\/prefeita-cinthia-anuncia-nas-redes-sociais-dj-alok-sera-a-atracao-dos-35-anos-de-palmas\/#respond\"]}]},{\"@type\":\"WebPage\",\"@id\":\"https:\/\/cleitonpinheiro.com.br\/site\/prefeita-cinthia-anuncia-nas-redes-sociais-dj-alok-sera-a-atracao-dos-35-anos-de-palmas\/\",\"url\":\"https:\/\/cleitonpinheiro.com.br\/site\/prefeita-cinthia-anuncia-nas-redes-sociais-dj-alok-sera-a-atracao-dos-35-anos-de-palmas\/\",\"name\":\"Prefeita Cinthia anuncia nas redes sociais: DJ Alok ser\u00e1 a atra\u00e7\u00e3o dos 35 anos de Palmas - PORTAL DE NOT\u00cdCIAS CLEITON PINHEIRO\",\"isPartOf\":{\"@id\":\"https:\/\/cleitonpinheiro.com.br\/site\/#website\"},\"primaryImageOfPage\":{\"@id\":\"https:\/\/cleitonpinheiro.com.br\/site\/prefeita-cinthia-anuncia-nas-redes-sociais-dj-alok-sera-a-atracao-dos-35-anos-de-palmas\/#primaryimage\"},\"image\":{\"@id\":\"https:\/\/cleitonpinheiro.com.br\/site\/prefeita-cinthia-anuncia-nas-redes-sociais-dj-alok-sera-a-atracao-dos-35-anos-de-palmas\/#primaryimage\"},\"thumbnailUrl\":\"https:\/\/cleitonpinheiro.com.br\/site\/wp-content\/uploads\/2024\/04\/db7f15e4bde94208a3ed3c4405476493-1.jpg\",\"datePublished\":\"2024-04-26T14:23:18+00:00\",\"dateModified\":\"2024-04-27T15:02:29+00:00\",\"breadcrumb\":{\"@id\":\"https:\/\/cleitonpinheiro.com.br\/site\/prefeita-cinthia-anuncia-nas-redes-sociais-dj-alok-sera-a-atracao-dos-35-anos-de-palmas\/#breadcrumb\"},\"inLanguage\":\"pt-BR\",\"potentialAction\":[{\"@type\":\"ReadAction\",\"target\":[\"https:\/\/cleitonpinheiro.com.br\/site\/prefeita-cinthia-anuncia-nas-redes-sociais-dj-alok-sera-a-atracao-dos-35-anos-de-palmas\/\"]}]},{\"@type\":\"ImageObject\",\"inLanguage\":\"pt-BR\",\"@id\":\"https:\/\/cleitonpinheiro.com.br\/site\/prefeita-cinthia-anuncia-nas-redes-sociais-dj-alok-sera-a-atracao-dos-35-anos-de-palmas\/#primaryimage\",\"url\":\"\",\"contentUrl\":\"\"},{\"@type\":\"BreadcrumbList\",\"@id\":\"https:\/\/cleitonpinheiro.com.br\/site\/prefeita-cinthia-anuncia-nas-redes-sociais-dj-alok-sera-a-atracao-dos-35-anos-de-palmas\/#breadcrumb\",\"itemListElement\":[{\"@type\":\"ListItem\",\"position\":1,\"name\":\"In\u00edcio\",\"item\":\"https:\/\/cleitonpinheiro.com.br\/site\/\"},{\"@type\":\"ListItem\",\"position\":2,\"name\":\"Prefeita Cinthia anuncia nas redes sociais: DJ Alok ser\u00e1 a atra\u00e7\u00e3o dos 35 anos de Palmas\"}]},{\"@type\":\"WebSite\",\"@id\":\"https:\/\/cleitonpinheiro.com.br\/site\/#website\",\"url\":\"https:\/\/cleitonpinheiro.com.br\/site\/\",\"name\":\"PORTAL DE NOT\u00cdCIAS CLEITON PINHEIRO\",\"description\":\"FALANDO A VERDADE\",\"publisher\":{\"@id\":\"https:\/\/cleitonpinheiro.com.br\/site\/#organization\"},\"potentialAction\":[{\"@type\":\"SearchAction\",\"target\":{\"@type\":\"EntryPoint\",\"urlTemplate\":\"https:\/\/cleitonpinheiro.com.br\/site\/?s={search_term_string}\"},\"query-input\":{\"@type\":\"PropertyValueSpecification\",\"valueRequired\":true,\"valueName\":\"search_term_string\"}}],\"inLanguage\":\"pt-BR\"},{\"@type\":\"Organization\",\"@id\":\"https:\/\/cleitonpinheiro.com.br\/site\/#organization\",\"name\":\"CPNOT\u00cdCIAS\",\"url\":\"https:\/\/cleitonpinheiro.com.br\/site\/\",\"logo\":{\"@type\":\"ImageObject\",\"inLanguage\":\"pt-BR\",\"@id\":\"https:\/\/cleitonpinheiro.com.br\/site\/#\/schema\/logo\/image\/\",\"url\":\"https:\/\/cleitonpinheiro.com.br\/site\/wp-content\/uploads\/2022\/08\/Logo-pequena-2.png\",\"contentUrl\":\"https:\/\/cleitonpinheiro.com.br\/site\/wp-content\/uploads\/2022\/08\/Logo-pequena-2.png\",\"width\":500,\"height\":500,\"caption\":\"CPNOT\u00cdCIAS\"},\"image\":{\"@id\":\"https:\/\/cleitonpinheiro.com.br\/site\/#\/schema\/logo\/image\/\"},\"sameAs\":[\"https:\/\/www.facebook.com\/portalcpnoticias\/\"]},{\"@type\":\"Person\",\"@id\":\"https:\/\/cleitonpinheiro.com.br\/site\/#\/schema\/person\/62fd4eb98fcc8bd3fc477aaff264af51\",\"name\":\"Cleiton Pinheiro\",\"image\":{\"@type\":\"ImageObject\",\"inLanguage\":\"pt-BR\",\"@id\":\"https:\/\/cleitonpinheiro.com.br\/site\/#\/schema\/person\/image\/\",\"url\":\"https:\/\/secure.gravatar.com\/avatar\/15642ec35b78fe5eed3cfa8e4a3f3211d73a3df4f35f0566b4324958cba1b1b9?s=96&r=g\",\"contentUrl\":\"https:\/\/secure.gravatar.com\/avatar\/15642ec35b78fe5eed3cfa8e4a3f3211d73a3df4f35f0566b4324958cba1b1b9?s=96&r=g\",\"caption\":\"Cleiton Pinheiro\"},\"url\":\"https:\/\/cleitonpinheiro.com.br\/site\/author\/cleiton\/\"}]}<\/script>\n<!-- \/ Yoast SEO plugin. -->","yoast_head_json":{"title":"Prefeita Cinthia anuncia nas redes sociais: DJ Alok ser\u00e1 a atra\u00e7\u00e3o dos 35 anos de Palmas - PORTAL DE NOT\u00cdCIAS CLEITON PINHEIRO","robots":{"index":"index","follow":"follow","max-snippet":"max-snippet:-1","max-image-preview":"max-image-preview:large","max-video-preview":"max-video-preview:-1"},"canonical":"https:\/\/cleitonpinheiro.com.br\/site\/prefeita-cinthia-anuncia-nas-redes-sociais-dj-alok-sera-a-atracao-dos-35-anos-de-palmas\/","og_locale":"pt_BR","og_type":"article","og_title":"Prefeita Cinthia anuncia nas redes sociais: DJ Alok ser\u00e1 a atra\u00e7\u00e3o dos 35 anos de Palmas - PORTAL DE NOT\u00cdCIAS CLEITON PINHEIRO","og_description":"\u201cNingu\u00e9m mais, ningu\u00e9m menos\u00a0para comemorar os 35 anos da Capital mais linda do Brasil, o melhor DJ do mundo, DJ Alok\u201d, declarou Cinthia Ribeiro anunciando a atra\u00e7\u00e3o do anivers\u00e1rio de Palmas. Alok \u00e9 goiano, reconhecido mundialmente no cen\u00e1rio da m\u00fasica eletr\u00f4nica. Em seu perfil na plataforma de rede social Instagram, a gestora fez o an\u00fancio [&hellip;]","og_url":"https:\/\/cleitonpinheiro.com.br\/site\/prefeita-cinthia-anuncia-nas-redes-sociais-dj-alok-sera-a-atracao-dos-35-anos-de-palmas\/","og_site_name":"PORTAL DE NOT\u00cdCIAS CLEITON PINHEIRO","article_publisher":"https:\/\/www.facebook.com\/portalcpnoticias\/","article_published_time":"2024-04-26T14:23:18+00:00","article_modified_time":"2024-04-27T15:02:29+00:00","og_image":[{"width":800,"height":450,"url":"https:\/\/cleitonpinheiro.com.br\/site\/wp-content\/uploads\/2024\/04\/db7f15e4bde94208a3ed3c4405476493-1.jpg","type":"image\/jpeg"}],"author":"Cleiton Pinheiro","twitter_card":"summary_large_image","twitter_misc":{"Escrito por":"Cleiton Pinheiro","Est. tempo de leitura":"2 minutos"},"schema":{"@context":"https:\/\/schema.org","@graph":[{"@type":"Article","@id":"https:\/\/cleitonpinheiro.com.br\/site\/prefeita-cinthia-anuncia-nas-redes-sociais-dj-alok-sera-a-atracao-dos-35-anos-de-palmas\/#article","isPartOf":{"@id":"https:\/\/cleitonpinheiro.com.br\/site\/prefeita-cinthia-anuncia-nas-redes-sociais-dj-alok-sera-a-atracao-dos-35-anos-de-palmas\/"},"author":{"name":"Cleiton Pinheiro","@id":"https:\/\/cleitonpinheiro.com.br\/site\/#\/schema\/person\/62fd4eb98fcc8bd3fc477aaff264af51"},"headline":"Prefeita Cinthia anuncia nas redes sociais: DJ Alok ser\u00e1 a atra\u00e7\u00e3o dos 35 anos de Palmas","datePublished":"2024-04-26T14:23:18+00:00","dateModified":"2024-04-27T15:02:29+00:00","mainEntityOfPage":{"@id":"https:\/\/cleitonpinheiro.com.br\/site\/prefeita-cinthia-anuncia-nas-redes-sociais-dj-alok-sera-a-atracao-dos-35-anos-de-palmas\/"},"wordCount":313,"commentCount":0,"publisher":{"@id":"https:\/\/cleitonpinheiro.com.br\/site\/#organization"},"image":{"@id":"https:\/\/cleitonpinheiro.com.br\/site\/prefeita-cinthia-anuncia-nas-redes-sociais-dj-alok-sera-a-atracao-dos-35-anos-de-palmas\/#primaryimage"},"thumbnailUrl":"https:\/\/cleitonpinheiro.com.br\/site\/wp-content\/uploads\/2024\/04\/db7f15e4bde94208a3ed3c4405476493-1.jpg","articleSection":["CIDADES","MANCHETE SEGUND\u00c1RIA","TODAS NOTICIAS"],"inLanguage":"pt-BR","potentialAction":[{"@type":"CommentAction","name":"Comment","target":["https:\/\/cleitonpinheiro.com.br\/site\/prefeita-cinthia-anuncia-nas-redes-sociais-dj-alok-sera-a-atracao-dos-35-anos-de-palmas\/#respond"]}]},{"@type":"WebPage","@id":"https:\/\/cleitonpinheiro.com.br\/site\/prefeita-cinthia-anuncia-nas-redes-sociais-dj-alok-sera-a-atracao-dos-35-anos-de-palmas\/","url":"https:\/\/cleitonpinheiro.com.br\/site\/prefeita-cinthia-anuncia-nas-redes-sociais-dj-alok-sera-a-atracao-dos-35-anos-de-palmas\/","name":"Prefeita Cinthia anuncia nas redes sociais: DJ Alok ser\u00e1 a atra\u00e7\u00e3o dos 35 anos de Palmas - PORTAL DE NOT\u00cdCIAS CLEITON PINHEIRO","isPartOf":{"@id":"https:\/\/cleitonpinheiro.com.br\/site\/#website"},"primaryImageOfPage":{"@id":"https:\/\/cleitonpinheiro.com.br\/site\/prefeita-cinthia-anuncia-nas-redes-sociais-dj-alok-sera-a-atracao-dos-35-anos-de-palmas\/#primaryimage"},"image":{"@id":"https:\/\/cleitonpinheiro.com.br\/site\/prefeita-cinthia-anuncia-nas-redes-sociais-dj-alok-sera-a-atracao-dos-35-anos-de-palmas\/#primaryimage"},"thumbnailUrl":"https:\/\/cleitonpinheiro.com.br\/site\/wp-content\/uploads\/2024\/04\/db7f15e4bde94208a3ed3c4405476493-1.jpg","datePublished":"2024-04-26T14:23:18+00:00","dateModified":"2024-04-27T15:02:29+00:00","breadcrumb":{"@id":"https:\/\/cleitonpinheiro.com.br\/site\/prefeita-cinthia-anuncia-nas-redes-sociais-dj-alok-sera-a-atracao-dos-35-anos-de-palmas\/#breadcrumb"},"inLanguage":"pt-BR","potentialAction":[{"@type":"ReadAction","target":["https:\/\/cleitonpinheiro.com.br\/site\/prefeita-cinthia-anuncia-nas-redes-sociais-dj-alok-sera-a-atracao-dos-35-anos-de-palmas\/"]}]},{"@type":"ImageObject","inLanguage":"pt-BR","@id":"https:\/\/cleitonpinheiro.com.br\/site\/prefeita-cinthia-anuncia-nas-redes-sociais-dj-alok-sera-a-atracao-dos-35-anos-de-palmas\/#primaryimage","url":"","contentUrl":""},{"@type":"BreadcrumbList","@id":"https:\/\/cleitonpinheiro.com.br\/site\/prefeita-cinthia-anuncia-nas-redes-sociais-dj-alok-sera-a-atracao-dos-35-anos-de-palmas\/#breadcrumb","itemListElement":[{"@type":"ListItem","position":1,"name":"In\u00edcio","item":"https:\/\/cleitonpinheiro.com.br\/site\/"},{"@type":"ListItem","position":2,"name":"Prefeita Cinthia anuncia nas redes sociais: DJ Alok ser\u00e1 a atra\u00e7\u00e3o dos 35 anos de Palmas"}]},{"@type":"WebSite","@id":"https:\/\/cleitonpinheiro.com.br\/site\/#website","url":"https:\/\/cleitonpinheiro.com.br\/site\/","name":"PORTAL DE NOT\u00cdCIAS CLEITON PINHEIRO","description":"FALANDO A VERDADE","publisher":{"@id":"https:\/\/cleitonpinheiro.com.br\/site\/#organization"},"potentialAction":[{"@type":"SearchAction","target":{"@type":"EntryPoint","urlTemplate":"https:\/\/cleitonpinheiro.com.br\/site\/?s={search_term_string}"},"query-input":{"@type":"PropertyValueSpecification","valueRequired":true,"valueName":"search_term_string"}}],"inLanguage":"pt-BR"},{"@type":"Organization","@id":"https:\/\/cleitonpinheiro.com.br\/site\/#organization","name":"CPNOT\u00cdCIAS","url":"https:\/\/cleitonpinheiro.com.br\/site\/","logo":{"@type":"ImageObject","inLanguage":"pt-BR","@id":"https:\/\/cleitonpinheiro.com.br\/site\/#\/schema\/logo\/image\/","url":"https:\/\/cleitonpinheiro.com.br\/site\/wp-content\/uploads\/2022\/08\/Logo-pequena-2.png","contentUrl":"https:\/\/cleitonpinheiro.com.br\/site\/wp-content\/uploads\/2022\/08\/Logo-pequena-2.png","width":500,"height":500,"caption":"CPNOT\u00cdCIAS"},"image":{"@id":"https:\/\/cleitonpinheiro.com.br\/site\/#\/schema\/logo\/image\/"},"sameAs":["https:\/\/www.facebook.com\/portalcpnoticias\/"]},{"@type":"Person","@id":"https:\/\/cleitonpinheiro.com.br\/site\/#\/schema\/person\/62fd4eb98fcc8bd3fc477aaff264af51","name":"Cleiton Pinheiro","image":{"@type":"ImageObject","inLanguage":"pt-BR","@id":"https:\/\/cleitonpinheiro.com.br\/site\/#\/schema\/person\/image\/","url":"https:\/\/secure.gravatar.com\/avatar\/15642ec35b78fe5eed3cfa8e4a3f3211d73a3df4f35f0566b4324958cba1b1b9?s=96&r=g","contentUrl":"https:\/\/secure.gravatar.com\/avatar\/15642ec35b78fe5eed3cfa8e4a3f3211d73a3df4f35f0566b4324958cba1b1b9?s=96&r=g","caption":"Cleiton Pinheiro"},"url":"https:\/\/cleitonpinheiro.com.br\/site\/author\/cleiton\/"}]}},"views":187,"_links":{"self":[{"href":"https:\/\/cleitonpinheiro.com.br\/site\/wp-json\/wp\/v2\/posts\/77012","targetHints":{"allow":["GET"]}}],"collection":[{"href":"https:\/\/cleitonpinheiro.com.br\/site\/wp-json\/wp\/v2\/posts"}],"about":[{"href":"https:\/\/cleitonpinheiro.com.br\/site\/wp-json\/wp\/v2\/types\/post"}],"author":[{"embeddable":true,"href":"https:\/\/cleitonpinheiro.com.br\/site\/wp-json\/wp\/v2\/users\/10"}],"replies":[{"embeddable":true,"href":"https:\/\/cleitonpinheiro.com.br\/site\/wp-json\/wp\/v2\/comments?post=77012"}],"version-history":[{"count":1,"href":"https:\/\/cleitonpinheiro.com.br\/site\/wp-json\/wp\/v2\/posts\/77012\/revisions"}],"predecessor-version":[{"id":77014,"href":"https:\/\/cleitonpinheiro.com.br\/site\/wp-json\/wp\/v2\/posts\/77012\/revisions\/77014"}],"wp:attachment":[{"href":"https:\/\/cleitonpinheiro.com.br\/site\/wp-json\/wp\/v2\/media?parent=77012"}],"wp:term":[{"taxonomy":"category","embeddable":true,"href":"https:\/\/cleitonpinheiro.com.br\/site\/wp-json\/wp\/v2\/categories?post=77012"},{"taxonomy":"post_tag","embeddable":true,"href":"https:\/\/cleitonpinheiro.com.br\/site\/wp-json\/wp\/v2\/tags?post=77012"}],"curies":[{"name":"wp","href":"https:\/\/api.w.org\/{rel}","templated":true}]}}