{"id":77015,"date":"2024-04-26T14:02:40","date_gmt":"2024-04-26T17:02:40","guid":{"rendered":"https:\/\/cleitonpinheiro.com.br\/site\/?p=77015"},"modified":"2024-04-26T14:02:44","modified_gmt":"2024-04-26T17:02:44","slug":"em-palmas-prefeita-cinthia-entrega-reforma-da-usf-do-jardim-taquari","status":"publish","type":"post","link":"https:\/\/cleitonpinheiro.com.br\/site\/em-palmas-prefeita-cinthia-entrega-reforma-da-usf-do-jardim-taquari\/","title":{"rendered":"Em Palmas, prefeita Cinthia entrega reforma da USF do Jardim Taquari"},"content":{"rendered":"\n<figure class=\"wp-block-image size-full\"><img decoding=\"async\" src=\"https:\/\/cleitonpinheiro.com.br\/site\/wp-content\/uploads\/2024\/04\/e5e2c48fe5d54aa3a32b1348e14ac3e4.jpeg\" alt=\"\" class=\"wp-image-77016\"\/><\/figure>\n\n\n\n<p>Nesta sexta-feira, 26, a prefeita Cinthia Ribeiro far\u00e1 a entrega\u00a0de reforma \u00a0da Unidade de Sa\u00fade da Fam\u00edlia (USF) do Jardim Taquari, al\u00e9m de tr\u00eas ambul\u00e2ncias, cinco vans para transporte de pacientes de hemodi\u00e1lise na Rede Municipal de Sa\u00fade de Palmas\u00a0e um ve\u00edculo para o Conselho Municipal da Sa\u00fade (CMS). O evento ser\u00e1 realizado a partir das 16 horas, na sede da USF, localizada na\u00a0Avenida TLO-05, Quadra T-31, APM 23 e 24.\u00a0<\/p>\n\n\n\n<p>Somente na reforma da USF Jardim Taquari, o investimento \u00e9 de R$ 827.576,39. Dentre as melhorias est\u00e3o a troca do piso, nova pintura e telhado, constru\u00e7\u00e3o de estacionamento e cercamento, al\u00e9m de novos equipamentos e mobili\u00e1rio.&nbsp;<\/p>\n\n\n\n<p>Dos cinco ve\u00edculos destinados a pacientes em hemodi\u00e1lise, um ser\u00e1 para atendimento exclusivo para suporte dos moradores de Taquaru\u00e7u e Taquaru\u00e7u Grande. &nbsp;Entre&nbsp;as ambul\u00e2ncias, uma ser\u00e1 destinada aos servi\u00e7os da Superintend\u00eancia da Aten\u00e7\u00e3o Prim\u00e1ria (Supavs) para remo\u00e7\u00e3o de enfermos acamados e de pacientes das Unidades de Sa\u00fade da Fam\u00edlia (USF) que precisam de atendimento nas Unidades de Pronto Atendimento (UPA), no Hospital Infantil de Palmas ou Hospital e Maternidade&nbsp;Dona Regina. Uma das ambul\u00e2ncias ser\u00e1 exclusiva para o transporte de pacientes da USF do Jardim Taquari. A outra ambul\u00e2ncia ficar\u00e1 de suporte \u00e0s atividades do Servi\u00e7o de Atendimento M\u00f3vel de Urg\u00eancia (Samu).<\/p>\n","protected":false},"excerpt":{"rendered":"<p>Nesta sexta-feira, 26, a prefeita Cinthia Ribeiro far\u00e1 a entrega\u00a0de reforma \u00a0da Unidade de Sa\u00fade da Fam\u00edlia (USF) do Jardim Taquari, al\u00e9m de tr\u00eas ambul\u00e2ncias, cinco vans para transporte de pacientes de hemodi\u00e1lise na Rede Municipal de Sa\u00fade de Palmas\u00a0e um ve\u00edculo para o Conselho Municipal da Sa\u00fade (CMS). O evento ser\u00e1 realizado a partir [&hellip;]<\/p>\n","protected":false},"author":10,"featured_media":0,"comment_status":"open","ping_status":"open","sticky":false,"template":"","format":"standard","meta":{"_acf_changed":false,"footnotes":""},"categories":[22,898,21],"tags":[],"class_list":["post-77015","post","type-post","status-publish","format-standard","hentry","category-cidades","category-manchete-segundaria","category-todas-noticias"],"acf":[],"yoast_head":"<!-- This site is optimized with the Yoast SEO plugin v24.4 - https:\/\/yoast.com\/wordpress\/plugins\/seo\/ -->\n<title>Em Palmas, prefeita Cinthia entrega reforma da USF do Jardim Taquari - PORTAL DE NOT\u00cdCIAS CLEITON PINHEIRO<\/title>\n<meta name=\"robots\" content=\"index, follow, max-snippet:-1, max-image-preview:large, max-video-preview:-1\" \/>\n<link rel=\"canonical\" href=\"https:\/\/cleitonpinheiro.com.br\/site\/em-palmas-prefeita-cinthia-entrega-reforma-da-usf-do-jardim-taquari\/\" \/>\n<meta property=\"og:locale\" content=\"pt_BR\" \/>\n<meta property=\"og:type\" content=\"article\" \/>\n<meta property=\"og:title\" content=\"Em Palmas, prefeita Cinthia entrega reforma da USF do Jardim Taquari - PORTAL DE NOT\u00cdCIAS CLEITON PINHEIRO\" \/>\n<meta property=\"og:description\" content=\"Nesta sexta-feira, 26, a prefeita Cinthia Ribeiro far\u00e1 a entrega\u00a0de reforma \u00a0da Unidade de Sa\u00fade da Fam\u00edlia (USF) do Jardim Taquari, al\u00e9m de tr\u00eas ambul\u00e2ncias, cinco vans para transporte de pacientes de hemodi\u00e1lise na Rede Municipal de Sa\u00fade de Palmas\u00a0e um ve\u00edculo para o Conselho Municipal da Sa\u00fade (CMS). O evento ser\u00e1 realizado a partir [&hellip;]\" \/>\n<meta property=\"og:url\" content=\"https:\/\/cleitonpinheiro.com.br\/site\/em-palmas-prefeita-cinthia-entrega-reforma-da-usf-do-jardim-taquari\/\" \/>\n<meta property=\"og:site_name\" content=\"PORTAL DE NOT\u00cdCIAS CLEITON PINHEIRO\" \/>\n<meta property=\"article:publisher\" content=\"https:\/\/www.facebook.com\/portalcpnoticias\/\" \/>\n<meta property=\"article:published_time\" content=\"2024-04-26T17:02:40+00:00\" \/>\n<meta property=\"article:modified_time\" content=\"2024-04-26T17:02:44+00:00\" \/>\n<meta property=\"og:image\" content=\"https:\/\/cleitonpinheiro.com.br\/site\/wp-content\/uploads\/2024\/04\/e5e2c48fe5d54aa3a32b1348e14ac3e4.jpeg\" \/>\n\t<meta property=\"og:image:width\" content=\"800\" \/>\n\t<meta property=\"og:image:height\" content=\"600\" \/>\n\t<meta property=\"og:image:type\" content=\"image\/jpeg\" \/>\n<meta name=\"author\" content=\"Cleiton Pinheiro\" \/>\n<meta name=\"twitter:card\" content=\"summary_large_image\" \/>\n<meta name=\"twitter:label1\" content=\"Escrito por\" \/>\n\t<meta name=\"twitter:data1\" content=\"Cleiton Pinheiro\" \/>\n\t<meta name=\"twitter:label2\" content=\"Est. tempo de leitura\" \/>\n\t<meta name=\"twitter:data2\" content=\"2 minutos\" \/>\n<script type=\"application\/ld+json\" class=\"yoast-schema-graph\">{\"@context\":\"https:\/\/schema.org\",\"@graph\":[{\"@type\":\"Article\",\"@id\":\"https:\/\/cleitonpinheiro.com.br\/site\/em-palmas-prefeita-cinthia-entrega-reforma-da-usf-do-jardim-taquari\/#article\",\"isPartOf\":{\"@id\":\"https:\/\/cleitonpinheiro.com.br\/site\/em-palmas-prefeita-cinthia-entrega-reforma-da-usf-do-jardim-taquari\/\"},\"author\":{\"name\":\"Cleiton Pinheiro\",\"@id\":\"https:\/\/cleitonpinheiro.com.br\/site\/#\/schema\/person\/62fd4eb98fcc8bd3fc477aaff264af51\"},\"headline\":\"Em Palmas, prefeita Cinthia entrega reforma da USF do Jardim Taquari\",\"datePublished\":\"2024-04-26T17:02:40+00:00\",\"dateModified\":\"2024-04-26T17:02:44+00:00\",\"mainEntityOfPage\":{\"@id\":\"https:\/\/cleitonpinheiro.com.br\/site\/em-palmas-prefeita-cinthia-entrega-reforma-da-usf-do-jardim-taquari\/\"},\"wordCount\":252,\"commentCount\":0,\"publisher\":{\"@id\":\"https:\/\/cleitonpinheiro.com.br\/site\/#organization\"},\"image\":{\"@id\":\"https:\/\/cleitonpinheiro.com.br\/site\/em-palmas-prefeita-cinthia-entrega-reforma-da-usf-do-jardim-taquari\/#primaryimage\"},\"thumbnailUrl\":\"https:\/\/cleitonpinheiro.com.br\/site\/wp-content\/uploads\/2024\/04\/e5e2c48fe5d54aa3a32b1348e14ac3e4.jpeg\",\"articleSection\":[\"CIDADES\",\"MANCHETE SEGUND\u00c1RIA\",\"TODAS NOTICIAS\"],\"inLanguage\":\"pt-BR\",\"potentialAction\":[{\"@type\":\"CommentAction\",\"name\":\"Comment\",\"target\":[\"https:\/\/cleitonpinheiro.com.br\/site\/em-palmas-prefeita-cinthia-entrega-reforma-da-usf-do-jardim-taquari\/#respond\"]}]},{\"@type\":\"WebPage\",\"@id\":\"https:\/\/cleitonpinheiro.com.br\/site\/em-palmas-prefeita-cinthia-entrega-reforma-da-usf-do-jardim-taquari\/\",\"url\":\"https:\/\/cleitonpinheiro.com.br\/site\/em-palmas-prefeita-cinthia-entrega-reforma-da-usf-do-jardim-taquari\/\",\"name\":\"Em Palmas, prefeita Cinthia entrega reforma da USF do Jardim Taquari - PORTAL DE NOT\u00cdCIAS CLEITON PINHEIRO\",\"isPartOf\":{\"@id\":\"https:\/\/cleitonpinheiro.com.br\/site\/#website\"},\"primaryImageOfPage\":{\"@id\":\"https:\/\/cleitonpinheiro.com.br\/site\/em-palmas-prefeita-cinthia-entrega-reforma-da-usf-do-jardim-taquari\/#primaryimage\"},\"image\":{\"@id\":\"https:\/\/cleitonpinheiro.com.br\/site\/em-palmas-prefeita-cinthia-entrega-reforma-da-usf-do-jardim-taquari\/#primaryimage\"},\"thumbnailUrl\":\"https:\/\/cleitonpinheiro.com.br\/site\/wp-content\/uploads\/2024\/04\/e5e2c48fe5d54aa3a32b1348e14ac3e4.jpeg\",\"datePublished\":\"2024-04-26T17:02:40+00:00\",\"dateModified\":\"2024-04-26T17:02:44+00:00\",\"breadcrumb\":{\"@id\":\"https:\/\/cleitonpinheiro.com.br\/site\/em-palmas-prefeita-cinthia-entrega-reforma-da-usf-do-jardim-taquari\/#breadcrumb\"},\"inLanguage\":\"pt-BR\",\"potentialAction\":[{\"@type\":\"ReadAction\",\"target\":[\"https:\/\/cleitonpinheiro.com.br\/site\/em-palmas-prefeita-cinthia-entrega-reforma-da-usf-do-jardim-taquari\/\"]}]},{\"@type\":\"ImageObject\",\"inLanguage\":\"pt-BR\",\"@id\":\"https:\/\/cleitonpinheiro.com.br\/site\/em-palmas-prefeita-cinthia-entrega-reforma-da-usf-do-jardim-taquari\/#primaryimage\",\"url\":\"\",\"contentUrl\":\"\"},{\"@type\":\"BreadcrumbList\",\"@id\":\"https:\/\/cleitonpinheiro.com.br\/site\/em-palmas-prefeita-cinthia-entrega-reforma-da-usf-do-jardim-taquari\/#breadcrumb\",\"itemListElement\":[{\"@type\":\"ListItem\",\"position\":1,\"name\":\"In\u00edcio\",\"item\":\"https:\/\/cleitonpinheiro.com.br\/site\/\"},{\"@type\":\"ListItem\",\"position\":2,\"name\":\"Em Palmas, prefeita Cinthia entrega reforma da USF do Jardim Taquari\"}]},{\"@type\":\"WebSite\",\"@id\":\"https:\/\/cleitonpinheiro.com.br\/site\/#website\",\"url\":\"https:\/\/cleitonpinheiro.com.br\/site\/\",\"name\":\"PORTAL DE NOT\u00cdCIAS CLEITON PINHEIRO\",\"description\":\"FALANDO A VERDADE\",\"publisher\":{\"@id\":\"https:\/\/cleitonpinheiro.com.br\/site\/#organization\"},\"potentialAction\":[{\"@type\":\"SearchAction\",\"target\":{\"@type\":\"EntryPoint\",\"urlTemplate\":\"https:\/\/cleitonpinheiro.com.br\/site\/?s={search_term_string}\"},\"query-input\":{\"@type\":\"PropertyValueSpecification\",\"valueRequired\":true,\"valueName\":\"search_term_string\"}}],\"inLanguage\":\"pt-BR\"},{\"@type\":\"Organization\",\"@id\":\"https:\/\/cleitonpinheiro.com.br\/site\/#organization\",\"name\":\"CPNOT\u00cdCIAS\",\"url\":\"https:\/\/cleitonpinheiro.com.br\/site\/\",\"logo\":{\"@type\":\"ImageObject\",\"inLanguage\":\"pt-BR\",\"@id\":\"https:\/\/cleitonpinheiro.com.br\/site\/#\/schema\/logo\/image\/\",\"url\":\"https:\/\/cleitonpinheiro.com.br\/site\/wp-content\/uploads\/2022\/08\/Logo-pequena-2.png\",\"contentUrl\":\"https:\/\/cleitonpinheiro.com.br\/site\/wp-content\/uploads\/2022\/08\/Logo-pequena-2.png\",\"width\":500,\"height\":500,\"caption\":\"CPNOT\u00cdCIAS\"},\"image\":{\"@id\":\"https:\/\/cleitonpinheiro.com.br\/site\/#\/schema\/logo\/image\/\"},\"sameAs\":[\"https:\/\/www.facebook.com\/portalcpnoticias\/\"]},{\"@type\":\"Person\",\"@id\":\"https:\/\/cleitonpinheiro.com.br\/site\/#\/schema\/person\/62fd4eb98fcc8bd3fc477aaff264af51\",\"name\":\"Cleiton Pinheiro\",\"image\":{\"@type\":\"ImageObject\",\"inLanguage\":\"pt-BR\",\"@id\":\"https:\/\/cleitonpinheiro.com.br\/site\/#\/schema\/person\/image\/\",\"url\":\"https:\/\/secure.gravatar.com\/avatar\/15642ec35b78fe5eed3cfa8e4a3f3211d73a3df4f35f0566b4324958cba1b1b9?s=96&r=g\",\"contentUrl\":\"https:\/\/secure.gravatar.com\/avatar\/15642ec35b78fe5eed3cfa8e4a3f3211d73a3df4f35f0566b4324958cba1b1b9?s=96&r=g\",\"caption\":\"Cleiton Pinheiro\"},\"url\":\"https:\/\/cleitonpinheiro.com.br\/site\/author\/cleiton\/\"}]}<\/script>\n<!-- \/ Yoast SEO plugin. -->","yoast_head_json":{"title":"Em Palmas, prefeita Cinthia entrega reforma da USF do Jardim Taquari - PORTAL DE NOT\u00cdCIAS CLEITON PINHEIRO","robots":{"index":"index","follow":"follow","max-snippet":"max-snippet:-1","max-image-preview":"max-image-preview:large","max-video-preview":"max-video-preview:-1"},"canonical":"https:\/\/cleitonpinheiro.com.br\/site\/em-palmas-prefeita-cinthia-entrega-reforma-da-usf-do-jardim-taquari\/","og_locale":"pt_BR","og_type":"article","og_title":"Em Palmas, prefeita Cinthia entrega reforma da USF do Jardim Taquari - PORTAL DE NOT\u00cdCIAS CLEITON PINHEIRO","og_description":"Nesta sexta-feira, 26, a prefeita Cinthia Ribeiro far\u00e1 a entrega\u00a0de reforma \u00a0da Unidade de Sa\u00fade da Fam\u00edlia (USF) do Jardim Taquari, al\u00e9m de tr\u00eas ambul\u00e2ncias, cinco vans para transporte de pacientes de hemodi\u00e1lise na Rede Municipal de Sa\u00fade de Palmas\u00a0e um ve\u00edculo para o Conselho Municipal da Sa\u00fade (CMS). O evento ser\u00e1 realizado a partir [&hellip;]","og_url":"https:\/\/cleitonpinheiro.com.br\/site\/em-palmas-prefeita-cinthia-entrega-reforma-da-usf-do-jardim-taquari\/","og_site_name":"PORTAL DE NOT\u00cdCIAS CLEITON PINHEIRO","article_publisher":"https:\/\/www.facebook.com\/portalcpnoticias\/","article_published_time":"2024-04-26T17:02:40+00:00","article_modified_time":"2024-04-26T17:02:44+00:00","og_image":[{"width":800,"height":600,"url":"https:\/\/cleitonpinheiro.com.br\/site\/wp-content\/uploads\/2024\/04\/e5e2c48fe5d54aa3a32b1348e14ac3e4.jpeg","type":"image\/jpeg"}],"author":"Cleiton Pinheiro","twitter_card":"summary_large_image","twitter_misc":{"Escrito por":"Cleiton Pinheiro","Est. tempo de leitura":"2 minutos"},"schema":{"@context":"https:\/\/schema.org","@graph":[{"@type":"Article","@id":"https:\/\/cleitonpinheiro.com.br\/site\/em-palmas-prefeita-cinthia-entrega-reforma-da-usf-do-jardim-taquari\/#article","isPartOf":{"@id":"https:\/\/cleitonpinheiro.com.br\/site\/em-palmas-prefeita-cinthia-entrega-reforma-da-usf-do-jardim-taquari\/"},"author":{"name":"Cleiton Pinheiro","@id":"https:\/\/cleitonpinheiro.com.br\/site\/#\/schema\/person\/62fd4eb98fcc8bd3fc477aaff264af51"},"headline":"Em Palmas, prefeita Cinthia entrega reforma da USF do Jardim Taquari","datePublished":"2024-04-26T17:02:40+00:00","dateModified":"2024-04-26T17:02:44+00:00","mainEntityOfPage":{"@id":"https:\/\/cleitonpinheiro.com.br\/site\/em-palmas-prefeita-cinthia-entrega-reforma-da-usf-do-jardim-taquari\/"},"wordCount":252,"commentCount":0,"publisher":{"@id":"https:\/\/cleitonpinheiro.com.br\/site\/#organization"},"image":{"@id":"https:\/\/cleitonpinheiro.com.br\/site\/em-palmas-prefeita-cinthia-entrega-reforma-da-usf-do-jardim-taquari\/#primaryimage"},"thumbnailUrl":"https:\/\/cleitonpinheiro.com.br\/site\/wp-content\/uploads\/2024\/04\/e5e2c48fe5d54aa3a32b1348e14ac3e4.jpeg","articleSection":["CIDADES","MANCHETE SEGUND\u00c1RIA","TODAS NOTICIAS"],"inLanguage":"pt-BR","potentialAction":[{"@type":"CommentAction","name":"Comment","target":["https:\/\/cleitonpinheiro.com.br\/site\/em-palmas-prefeita-cinthia-entrega-reforma-da-usf-do-jardim-taquari\/#respond"]}]},{"@type":"WebPage","@id":"https:\/\/cleitonpinheiro.com.br\/site\/em-palmas-prefeita-cinthia-entrega-reforma-da-usf-do-jardim-taquari\/","url":"https:\/\/cleitonpinheiro.com.br\/site\/em-palmas-prefeita-cinthia-entrega-reforma-da-usf-do-jardim-taquari\/","name":"Em Palmas, prefeita Cinthia entrega reforma da USF do Jardim Taquari - PORTAL DE NOT\u00cdCIAS CLEITON PINHEIRO","isPartOf":{"@id":"https:\/\/cleitonpinheiro.com.br\/site\/#website"},"primaryImageOfPage":{"@id":"https:\/\/cleitonpinheiro.com.br\/site\/em-palmas-prefeita-cinthia-entrega-reforma-da-usf-do-jardim-taquari\/#primaryimage"},"image":{"@id":"https:\/\/cleitonpinheiro.com.br\/site\/em-palmas-prefeita-cinthia-entrega-reforma-da-usf-do-jardim-taquari\/#primaryimage"},"thumbnailUrl":"https:\/\/cleitonpinheiro.com.br\/site\/wp-content\/uploads\/2024\/04\/e5e2c48fe5d54aa3a32b1348e14ac3e4.jpeg","datePublished":"2024-04-26T17:02:40+00:00","dateModified":"2024-04-26T17:02:44+00:00","breadcrumb":{"@id":"https:\/\/cleitonpinheiro.com.br\/site\/em-palmas-prefeita-cinthia-entrega-reforma-da-usf-do-jardim-taquari\/#breadcrumb"},"inLanguage":"pt-BR","potentialAction":[{"@type":"ReadAction","target":["https:\/\/cleitonpinheiro.com.br\/site\/em-palmas-prefeita-cinthia-entrega-reforma-da-usf-do-jardim-taquari\/"]}]},{"@type":"ImageObject","inLanguage":"pt-BR","@id":"https:\/\/cleitonpinheiro.com.br\/site\/em-palmas-prefeita-cinthia-entrega-reforma-da-usf-do-jardim-taquari\/#primaryimage","url":"","contentUrl":""},{"@type":"BreadcrumbList","@id":"https:\/\/cleitonpinheiro.com.br\/site\/em-palmas-prefeita-cinthia-entrega-reforma-da-usf-do-jardim-taquari\/#breadcrumb","itemListElement":[{"@type":"ListItem","position":1,"name":"In\u00edcio","item":"https:\/\/cleitonpinheiro.com.br\/site\/"},{"@type":"ListItem","position":2,"name":"Em Palmas, prefeita Cinthia entrega reforma da USF do Jardim Taquari"}]},{"@type":"WebSite","@id":"https:\/\/cleitonpinheiro.com.br\/site\/#website","url":"https:\/\/cleitonpinheiro.com.br\/site\/","name":"PORTAL DE NOT\u00cdCIAS CLEITON PINHEIRO","description":"FALANDO A VERDADE","publisher":{"@id":"https:\/\/cleitonpinheiro.com.br\/site\/#organization"},"potentialAction":[{"@type":"SearchAction","target":{"@type":"EntryPoint","urlTemplate":"https:\/\/cleitonpinheiro.com.br\/site\/?s={search_term_string}"},"query-input":{"@type":"PropertyValueSpecification","valueRequired":true,"valueName":"search_term_string"}}],"inLanguage":"pt-BR"},{"@type":"Organization","@id":"https:\/\/cleitonpinheiro.com.br\/site\/#organization","name":"CPNOT\u00cdCIAS","url":"https:\/\/cleitonpinheiro.com.br\/site\/","logo":{"@type":"ImageObject","inLanguage":"pt-BR","@id":"https:\/\/cleitonpinheiro.com.br\/site\/#\/schema\/logo\/image\/","url":"https:\/\/cleitonpinheiro.com.br\/site\/wp-content\/uploads\/2022\/08\/Logo-pequena-2.png","contentUrl":"https:\/\/cleitonpinheiro.com.br\/site\/wp-content\/uploads\/2022\/08\/Logo-pequena-2.png","width":500,"height":500,"caption":"CPNOT\u00cdCIAS"},"image":{"@id":"https:\/\/cleitonpinheiro.com.br\/site\/#\/schema\/logo\/image\/"},"sameAs":["https:\/\/www.facebook.com\/portalcpnoticias\/"]},{"@type":"Person","@id":"https:\/\/cleitonpinheiro.com.br\/site\/#\/schema\/person\/62fd4eb98fcc8bd3fc477aaff264af51","name":"Cleiton Pinheiro","image":{"@type":"ImageObject","inLanguage":"pt-BR","@id":"https:\/\/cleitonpinheiro.com.br\/site\/#\/schema\/person\/image\/","url":"https:\/\/secure.gravatar.com\/avatar\/15642ec35b78fe5eed3cfa8e4a3f3211d73a3df4f35f0566b4324958cba1b1b9?s=96&r=g","contentUrl":"https:\/\/secure.gravatar.com\/avatar\/15642ec35b78fe5eed3cfa8e4a3f3211d73a3df4f35f0566b4324958cba1b1b9?s=96&r=g","caption":"Cleiton Pinheiro"},"url":"https:\/\/cleitonpinheiro.com.br\/site\/author\/cleiton\/"}]}},"views":191,"_links":{"self":[{"href":"https:\/\/cleitonpinheiro.com.br\/site\/wp-json\/wp\/v2\/posts\/77015","targetHints":{"allow":["GET"]}}],"collection":[{"href":"https:\/\/cleitonpinheiro.com.br\/site\/wp-json\/wp\/v2\/posts"}],"about":[{"href":"https:\/\/cleitonpinheiro.com.br\/site\/wp-json\/wp\/v2\/types\/post"}],"author":[{"embeddable":true,"href":"https:\/\/cleitonpinheiro.com.br\/site\/wp-json\/wp\/v2\/users\/10"}],"replies":[{"embeddable":true,"href":"https:\/\/cleitonpinheiro.com.br\/site\/wp-json\/wp\/v2\/comments?post=77015"}],"version-history":[{"count":1,"href":"https:\/\/cleitonpinheiro.com.br\/site\/wp-json\/wp\/v2\/posts\/77015\/revisions"}],"predecessor-version":[{"id":77017,"href":"https:\/\/cleitonpinheiro.com.br\/site\/wp-json\/wp\/v2\/posts\/77015\/revisions\/77017"}],"wp:attachment":[{"href":"https:\/\/cleitonpinheiro.com.br\/site\/wp-json\/wp\/v2\/media?parent=77015"}],"wp:term":[{"taxonomy":"category","embeddable":true,"href":"https:\/\/cleitonpinheiro.com.br\/site\/wp-json\/wp\/v2\/categories?post=77015"},{"taxonomy":"post_tag","embeddable":true,"href":"https:\/\/cleitonpinheiro.com.br\/site\/wp-json\/wp\/v2\/tags?post=77015"}],"curies":[{"name":"wp","href":"https:\/\/api.w.org\/{rel}","templated":true}]}}