{"id":77018,"date":"2024-04-26T14:09:08","date_gmt":"2024-04-26T17:09:08","guid":{"rendered":"https:\/\/cleitonpinheiro.com.br\/site\/?p=77018"},"modified":"2024-04-26T14:09:13","modified_gmt":"2024-04-26T17:09:13","slug":"fundesportes-apoia-3-edicao-da-capital-cup-das-categorias-de-base-infantojuvenil","status":"publish","type":"post","link":"https:\/\/cleitonpinheiro.com.br\/site\/fundesportes-apoia-3-edicao-da-capital-cup-das-categorias-de-base-infantojuvenil\/","title":{"rendered":"Fundesportes apoia 3\u00b0 Edi\u00e7\u00e3o da Capital Cup das categorias de base infantojuvenil"},"content":{"rendered":"\n<figure class=\"wp-block-image size-full\"><img decoding=\"async\" src=\"https:\/\/cleitonpinheiro.com.br\/site\/wp-content\/uploads\/2024\/04\/9b7cec31-cb4f-4988-a01f-cf9233128995.jpg\" alt=\"\" class=\"wp-image-77019\"\/><figcaption class=\"wp-element-caption\">Foto: Lia Mara\/Prefeitura de Palmas<\/figcaption><\/figure>\n\n\n\n<p>A Prefeitura de Palmas por meio da Funda\u00e7\u00e3o Municipal de Esporte e Lazer (Fundesportes) apoia a 3\u00aa Edi\u00e7\u00e3o da Capital Cup &#8211; Categorias de base 2024 no campeonato de futebol de campo infantojuvenil, realizado pela Liga de Esportes da Capital. A abertura do evento acontecer\u00e1 neste domingo, 28, no Est\u00e1dio Nilton Santos, a partir das 7h30.\u00a0<\/p>\n\n\n\n<p>Est\u00e3o participando do campeonato 35 times, divididos em quatro categorias: Sub 11, 13, 15 e 17. O evento conta ainda com premia\u00e7\u00f5es em dinheiro, R$ 3.500 para o 1\u00ba lugar e R$ 1.500 para o segundo. H\u00e1 tamb\u00e9m uma premia\u00e7\u00e3o de R$ 750 para o melhor t\u00e9cnico.&nbsp;<\/p>\n\n\n\n<p>A entrada \u00e9 gratuita.\u00a0<\/p>\n\n\n\n<p>Texto: Prefeitura de Palmas<\/p>\n","protected":false},"excerpt":{"rendered":"<p>A Prefeitura de Palmas por meio da Funda\u00e7\u00e3o Municipal de Esporte e Lazer (Fundesportes) apoia a 3\u00aa Edi\u00e7\u00e3o da Capital Cup &#8211; Categorias de base 2024 no campeonato de futebol de campo infantojuvenil, realizado pela Liga de Esportes da Capital. A abertura do evento acontecer\u00e1 neste domingo, 28, no Est\u00e1dio Nilton Santos, a partir das [&hellip;]<\/p>\n","protected":false},"author":10,"featured_media":0,"comment_status":"open","ping_status":"open","sticky":false,"template":"","format":"standard","meta":{"_acf_changed":false,"footnotes":""},"categories":[1,20,21],"tags":[],"class_list":["post-77018","post","type-post","status-publish","format-standard","hentry","category-esporte","category-noticias-em-destaque","category-todas-noticias"],"acf":[],"yoast_head":"<!-- This site is optimized with the Yoast SEO plugin v24.4 - https:\/\/yoast.com\/wordpress\/plugins\/seo\/ -->\n<title>Fundesportes apoia 3\u00b0 Edi\u00e7\u00e3o da Capital Cup das categorias de base infantojuvenil - PORTAL DE NOT\u00cdCIAS CLEITON PINHEIRO<\/title>\n<meta name=\"robots\" content=\"index, follow, max-snippet:-1, max-image-preview:large, max-video-preview:-1\" \/>\n<link rel=\"canonical\" href=\"https:\/\/cleitonpinheiro.com.br\/site\/fundesportes-apoia-3-edicao-da-capital-cup-das-categorias-de-base-infantojuvenil\/\" \/>\n<meta property=\"og:locale\" content=\"pt_BR\" \/>\n<meta property=\"og:type\" content=\"article\" \/>\n<meta property=\"og:title\" content=\"Fundesportes apoia 3\u00b0 Edi\u00e7\u00e3o da Capital Cup das categorias de base infantojuvenil - PORTAL DE NOT\u00cdCIAS CLEITON PINHEIRO\" \/>\n<meta property=\"og:description\" content=\"A Prefeitura de Palmas por meio da Funda\u00e7\u00e3o Municipal de Esporte e Lazer (Fundesportes) apoia a 3\u00aa Edi\u00e7\u00e3o da Capital Cup &#8211; Categorias de base 2024 no campeonato de futebol de campo infantojuvenil, realizado pela Liga de Esportes da Capital. A abertura do evento acontecer\u00e1 neste domingo, 28, no Est\u00e1dio Nilton Santos, a partir das [&hellip;]\" \/>\n<meta property=\"og:url\" content=\"https:\/\/cleitonpinheiro.com.br\/site\/fundesportes-apoia-3-edicao-da-capital-cup-das-categorias-de-base-infantojuvenil\/\" \/>\n<meta property=\"og:site_name\" content=\"PORTAL DE NOT\u00cdCIAS CLEITON PINHEIRO\" \/>\n<meta property=\"article:publisher\" content=\"https:\/\/www.facebook.com\/portalcpnoticias\/\" \/>\n<meta property=\"article:published_time\" content=\"2024-04-26T17:09:08+00:00\" \/>\n<meta property=\"article:modified_time\" content=\"2024-04-26T17:09:13+00:00\" \/>\n<meta property=\"og:image\" content=\"https:\/\/cleitonpinheiro.com.br\/site\/wp-content\/uploads\/2024\/04\/9b7cec31-cb4f-4988-a01f-cf9233128995.jpg\" \/>\n\t<meta property=\"og:image:width\" content=\"800\" \/>\n\t<meta property=\"og:image:height\" content=\"533\" \/>\n\t<meta property=\"og:image:type\" content=\"image\/jpeg\" \/>\n<meta name=\"author\" content=\"Cleiton Pinheiro\" \/>\n<meta name=\"twitter:card\" content=\"summary_large_image\" \/>\n<meta name=\"twitter:label1\" content=\"Escrito por\" \/>\n\t<meta name=\"twitter:data1\" content=\"Cleiton Pinheiro\" \/>\n\t<meta name=\"twitter:label2\" content=\"Est. tempo de leitura\" \/>\n\t<meta name=\"twitter:data2\" content=\"2 minutos\" \/>\n<script type=\"application\/ld+json\" class=\"yoast-schema-graph\">{\"@context\":\"https:\/\/schema.org\",\"@graph\":[{\"@type\":\"Article\",\"@id\":\"https:\/\/cleitonpinheiro.com.br\/site\/fundesportes-apoia-3-edicao-da-capital-cup-das-categorias-de-base-infantojuvenil\/#article\",\"isPartOf\":{\"@id\":\"https:\/\/cleitonpinheiro.com.br\/site\/fundesportes-apoia-3-edicao-da-capital-cup-das-categorias-de-base-infantojuvenil\/\"},\"author\":{\"name\":\"Cleiton Pinheiro\",\"@id\":\"https:\/\/cleitonpinheiro.com.br\/site\/#\/schema\/person\/62fd4eb98fcc8bd3fc477aaff264af51\"},\"headline\":\"Fundesportes apoia 3\u00b0 Edi\u00e7\u00e3o da Capital Cup das categorias de base infantojuvenil\",\"datePublished\":\"2024-04-26T17:09:08+00:00\",\"dateModified\":\"2024-04-26T17:09:13+00:00\",\"mainEntityOfPage\":{\"@id\":\"https:\/\/cleitonpinheiro.com.br\/site\/fundesportes-apoia-3-edicao-da-capital-cup-das-categorias-de-base-infantojuvenil\/\"},\"wordCount\":125,\"commentCount\":0,\"publisher\":{\"@id\":\"https:\/\/cleitonpinheiro.com.br\/site\/#organization\"},\"image\":{\"@id\":\"https:\/\/cleitonpinheiro.com.br\/site\/fundesportes-apoia-3-edicao-da-capital-cup-das-categorias-de-base-infantojuvenil\/#primaryimage\"},\"thumbnailUrl\":\"https:\/\/cleitonpinheiro.com.br\/site\/wp-content\/uploads\/2024\/04\/9b7cec31-cb4f-4988-a01f-cf9233128995.jpg\",\"articleSection\":[\"ESPORTE\",\"NOT\u00cdCIAS EM DESTAQUE\",\"TODAS NOTICIAS\"],\"inLanguage\":\"pt-BR\",\"potentialAction\":[{\"@type\":\"CommentAction\",\"name\":\"Comment\",\"target\":[\"https:\/\/cleitonpinheiro.com.br\/site\/fundesportes-apoia-3-edicao-da-capital-cup-das-categorias-de-base-infantojuvenil\/#respond\"]}]},{\"@type\":\"WebPage\",\"@id\":\"https:\/\/cleitonpinheiro.com.br\/site\/fundesportes-apoia-3-edicao-da-capital-cup-das-categorias-de-base-infantojuvenil\/\",\"url\":\"https:\/\/cleitonpinheiro.com.br\/site\/fundesportes-apoia-3-edicao-da-capital-cup-das-categorias-de-base-infantojuvenil\/\",\"name\":\"Fundesportes apoia 3\u00b0 Edi\u00e7\u00e3o da Capital Cup das categorias de base infantojuvenil - PORTAL DE NOT\u00cdCIAS CLEITON PINHEIRO\",\"isPartOf\":{\"@id\":\"https:\/\/cleitonpinheiro.com.br\/site\/#website\"},\"primaryImageOfPage\":{\"@id\":\"https:\/\/cleitonpinheiro.com.br\/site\/fundesportes-apoia-3-edicao-da-capital-cup-das-categorias-de-base-infantojuvenil\/#primaryimage\"},\"image\":{\"@id\":\"https:\/\/cleitonpinheiro.com.br\/site\/fundesportes-apoia-3-edicao-da-capital-cup-das-categorias-de-base-infantojuvenil\/#primaryimage\"},\"thumbnailUrl\":\"https:\/\/cleitonpinheiro.com.br\/site\/wp-content\/uploads\/2024\/04\/9b7cec31-cb4f-4988-a01f-cf9233128995.jpg\",\"datePublished\":\"2024-04-26T17:09:08+00:00\",\"dateModified\":\"2024-04-26T17:09:13+00:00\",\"breadcrumb\":{\"@id\":\"https:\/\/cleitonpinheiro.com.br\/site\/fundesportes-apoia-3-edicao-da-capital-cup-das-categorias-de-base-infantojuvenil\/#breadcrumb\"},\"inLanguage\":\"pt-BR\",\"potentialAction\":[{\"@type\":\"ReadAction\",\"target\":[\"https:\/\/cleitonpinheiro.com.br\/site\/fundesportes-apoia-3-edicao-da-capital-cup-das-categorias-de-base-infantojuvenil\/\"]}]},{\"@type\":\"ImageObject\",\"inLanguage\":\"pt-BR\",\"@id\":\"https:\/\/cleitonpinheiro.com.br\/site\/fundesportes-apoia-3-edicao-da-capital-cup-das-categorias-de-base-infantojuvenil\/#primaryimage\",\"url\":\"\",\"contentUrl\":\"\"},{\"@type\":\"BreadcrumbList\",\"@id\":\"https:\/\/cleitonpinheiro.com.br\/site\/fundesportes-apoia-3-edicao-da-capital-cup-das-categorias-de-base-infantojuvenil\/#breadcrumb\",\"itemListElement\":[{\"@type\":\"ListItem\",\"position\":1,\"name\":\"In\u00edcio\",\"item\":\"https:\/\/cleitonpinheiro.com.br\/site\/\"},{\"@type\":\"ListItem\",\"position\":2,\"name\":\"Fundesportes apoia 3\u00b0 Edi\u00e7\u00e3o da Capital Cup das categorias de base infantojuvenil\"}]},{\"@type\":\"WebSite\",\"@id\":\"https:\/\/cleitonpinheiro.com.br\/site\/#website\",\"url\":\"https:\/\/cleitonpinheiro.com.br\/site\/\",\"name\":\"PORTAL DE NOT\u00cdCIAS CLEITON PINHEIRO\",\"description\":\"FALANDO A VERDADE\",\"publisher\":{\"@id\":\"https:\/\/cleitonpinheiro.com.br\/site\/#organization\"},\"potentialAction\":[{\"@type\":\"SearchAction\",\"target\":{\"@type\":\"EntryPoint\",\"urlTemplate\":\"https:\/\/cleitonpinheiro.com.br\/site\/?s={search_term_string}\"},\"query-input\":{\"@type\":\"PropertyValueSpecification\",\"valueRequired\":true,\"valueName\":\"search_term_string\"}}],\"inLanguage\":\"pt-BR\"},{\"@type\":\"Organization\",\"@id\":\"https:\/\/cleitonpinheiro.com.br\/site\/#organization\",\"name\":\"CPNOT\u00cdCIAS\",\"url\":\"https:\/\/cleitonpinheiro.com.br\/site\/\",\"logo\":{\"@type\":\"ImageObject\",\"inLanguage\":\"pt-BR\",\"@id\":\"https:\/\/cleitonpinheiro.com.br\/site\/#\/schema\/logo\/image\/\",\"url\":\"https:\/\/cleitonpinheiro.com.br\/site\/wp-content\/uploads\/2022\/08\/Logo-pequena-2.png\",\"contentUrl\":\"https:\/\/cleitonpinheiro.com.br\/site\/wp-content\/uploads\/2022\/08\/Logo-pequena-2.png\",\"width\":500,\"height\":500,\"caption\":\"CPNOT\u00cdCIAS\"},\"image\":{\"@id\":\"https:\/\/cleitonpinheiro.com.br\/site\/#\/schema\/logo\/image\/\"},\"sameAs\":[\"https:\/\/www.facebook.com\/portalcpnoticias\/\"]},{\"@type\":\"Person\",\"@id\":\"https:\/\/cleitonpinheiro.com.br\/site\/#\/schema\/person\/62fd4eb98fcc8bd3fc477aaff264af51\",\"name\":\"Cleiton Pinheiro\",\"image\":{\"@type\":\"ImageObject\",\"inLanguage\":\"pt-BR\",\"@id\":\"https:\/\/cleitonpinheiro.com.br\/site\/#\/schema\/person\/image\/\",\"url\":\"https:\/\/secure.gravatar.com\/avatar\/15642ec35b78fe5eed3cfa8e4a3f3211d73a3df4f35f0566b4324958cba1b1b9?s=96&r=g\",\"contentUrl\":\"https:\/\/secure.gravatar.com\/avatar\/15642ec35b78fe5eed3cfa8e4a3f3211d73a3df4f35f0566b4324958cba1b1b9?s=96&r=g\",\"caption\":\"Cleiton Pinheiro\"},\"url\":\"https:\/\/cleitonpinheiro.com.br\/site\/author\/cleiton\/\"}]}<\/script>\n<!-- \/ Yoast SEO plugin. -->","yoast_head_json":{"title":"Fundesportes apoia 3\u00b0 Edi\u00e7\u00e3o da Capital Cup das categorias de base infantojuvenil - PORTAL DE NOT\u00cdCIAS CLEITON PINHEIRO","robots":{"index":"index","follow":"follow","max-snippet":"max-snippet:-1","max-image-preview":"max-image-preview:large","max-video-preview":"max-video-preview:-1"},"canonical":"https:\/\/cleitonpinheiro.com.br\/site\/fundesportes-apoia-3-edicao-da-capital-cup-das-categorias-de-base-infantojuvenil\/","og_locale":"pt_BR","og_type":"article","og_title":"Fundesportes apoia 3\u00b0 Edi\u00e7\u00e3o da Capital Cup das categorias de base infantojuvenil - PORTAL DE NOT\u00cdCIAS CLEITON PINHEIRO","og_description":"A Prefeitura de Palmas por meio da Funda\u00e7\u00e3o Municipal de Esporte e Lazer (Fundesportes) apoia a 3\u00aa Edi\u00e7\u00e3o da Capital Cup &#8211; Categorias de base 2024 no campeonato de futebol de campo infantojuvenil, realizado pela Liga de Esportes da Capital. A abertura do evento acontecer\u00e1 neste domingo, 28, no Est\u00e1dio Nilton Santos, a partir das [&hellip;]","og_url":"https:\/\/cleitonpinheiro.com.br\/site\/fundesportes-apoia-3-edicao-da-capital-cup-das-categorias-de-base-infantojuvenil\/","og_site_name":"PORTAL DE NOT\u00cdCIAS CLEITON PINHEIRO","article_publisher":"https:\/\/www.facebook.com\/portalcpnoticias\/","article_published_time":"2024-04-26T17:09:08+00:00","article_modified_time":"2024-04-26T17:09:13+00:00","og_image":[{"width":800,"height":533,"url":"https:\/\/cleitonpinheiro.com.br\/site\/wp-content\/uploads\/2024\/04\/9b7cec31-cb4f-4988-a01f-cf9233128995.jpg","type":"image\/jpeg"}],"author":"Cleiton Pinheiro","twitter_card":"summary_large_image","twitter_misc":{"Escrito por":"Cleiton Pinheiro","Est. tempo de leitura":"2 minutos"},"schema":{"@context":"https:\/\/schema.org","@graph":[{"@type":"Article","@id":"https:\/\/cleitonpinheiro.com.br\/site\/fundesportes-apoia-3-edicao-da-capital-cup-das-categorias-de-base-infantojuvenil\/#article","isPartOf":{"@id":"https:\/\/cleitonpinheiro.com.br\/site\/fundesportes-apoia-3-edicao-da-capital-cup-das-categorias-de-base-infantojuvenil\/"},"author":{"name":"Cleiton Pinheiro","@id":"https:\/\/cleitonpinheiro.com.br\/site\/#\/schema\/person\/62fd4eb98fcc8bd3fc477aaff264af51"},"headline":"Fundesportes apoia 3\u00b0 Edi\u00e7\u00e3o da Capital Cup das categorias de base infantojuvenil","datePublished":"2024-04-26T17:09:08+00:00","dateModified":"2024-04-26T17:09:13+00:00","mainEntityOfPage":{"@id":"https:\/\/cleitonpinheiro.com.br\/site\/fundesportes-apoia-3-edicao-da-capital-cup-das-categorias-de-base-infantojuvenil\/"},"wordCount":125,"commentCount":0,"publisher":{"@id":"https:\/\/cleitonpinheiro.com.br\/site\/#organization"},"image":{"@id":"https:\/\/cleitonpinheiro.com.br\/site\/fundesportes-apoia-3-edicao-da-capital-cup-das-categorias-de-base-infantojuvenil\/#primaryimage"},"thumbnailUrl":"https:\/\/cleitonpinheiro.com.br\/site\/wp-content\/uploads\/2024\/04\/9b7cec31-cb4f-4988-a01f-cf9233128995.jpg","articleSection":["ESPORTE","NOT\u00cdCIAS EM DESTAQUE","TODAS NOTICIAS"],"inLanguage":"pt-BR","potentialAction":[{"@type":"CommentAction","name":"Comment","target":["https:\/\/cleitonpinheiro.com.br\/site\/fundesportes-apoia-3-edicao-da-capital-cup-das-categorias-de-base-infantojuvenil\/#respond"]}]},{"@type":"WebPage","@id":"https:\/\/cleitonpinheiro.com.br\/site\/fundesportes-apoia-3-edicao-da-capital-cup-das-categorias-de-base-infantojuvenil\/","url":"https:\/\/cleitonpinheiro.com.br\/site\/fundesportes-apoia-3-edicao-da-capital-cup-das-categorias-de-base-infantojuvenil\/","name":"Fundesportes apoia 3\u00b0 Edi\u00e7\u00e3o da Capital Cup das categorias de base infantojuvenil - PORTAL DE NOT\u00cdCIAS CLEITON PINHEIRO","isPartOf":{"@id":"https:\/\/cleitonpinheiro.com.br\/site\/#website"},"primaryImageOfPage":{"@id":"https:\/\/cleitonpinheiro.com.br\/site\/fundesportes-apoia-3-edicao-da-capital-cup-das-categorias-de-base-infantojuvenil\/#primaryimage"},"image":{"@id":"https:\/\/cleitonpinheiro.com.br\/site\/fundesportes-apoia-3-edicao-da-capital-cup-das-categorias-de-base-infantojuvenil\/#primaryimage"},"thumbnailUrl":"https:\/\/cleitonpinheiro.com.br\/site\/wp-content\/uploads\/2024\/04\/9b7cec31-cb4f-4988-a01f-cf9233128995.jpg","datePublished":"2024-04-26T17:09:08+00:00","dateModified":"2024-04-26T17:09:13+00:00","breadcrumb":{"@id":"https:\/\/cleitonpinheiro.com.br\/site\/fundesportes-apoia-3-edicao-da-capital-cup-das-categorias-de-base-infantojuvenil\/#breadcrumb"},"inLanguage":"pt-BR","potentialAction":[{"@type":"ReadAction","target":["https:\/\/cleitonpinheiro.com.br\/site\/fundesportes-apoia-3-edicao-da-capital-cup-das-categorias-de-base-infantojuvenil\/"]}]},{"@type":"ImageObject","inLanguage":"pt-BR","@id":"https:\/\/cleitonpinheiro.com.br\/site\/fundesportes-apoia-3-edicao-da-capital-cup-das-categorias-de-base-infantojuvenil\/#primaryimage","url":"","contentUrl":""},{"@type":"BreadcrumbList","@id":"https:\/\/cleitonpinheiro.com.br\/site\/fundesportes-apoia-3-edicao-da-capital-cup-das-categorias-de-base-infantojuvenil\/#breadcrumb","itemListElement":[{"@type":"ListItem","position":1,"name":"In\u00edcio","item":"https:\/\/cleitonpinheiro.com.br\/site\/"},{"@type":"ListItem","position":2,"name":"Fundesportes apoia 3\u00b0 Edi\u00e7\u00e3o da Capital Cup das categorias de base infantojuvenil"}]},{"@type":"WebSite","@id":"https:\/\/cleitonpinheiro.com.br\/site\/#website","url":"https:\/\/cleitonpinheiro.com.br\/site\/","name":"PORTAL DE NOT\u00cdCIAS CLEITON PINHEIRO","description":"FALANDO A VERDADE","publisher":{"@id":"https:\/\/cleitonpinheiro.com.br\/site\/#organization"},"potentialAction":[{"@type":"SearchAction","target":{"@type":"EntryPoint","urlTemplate":"https:\/\/cleitonpinheiro.com.br\/site\/?s={search_term_string}"},"query-input":{"@type":"PropertyValueSpecification","valueRequired":true,"valueName":"search_term_string"}}],"inLanguage":"pt-BR"},{"@type":"Organization","@id":"https:\/\/cleitonpinheiro.com.br\/site\/#organization","name":"CPNOT\u00cdCIAS","url":"https:\/\/cleitonpinheiro.com.br\/site\/","logo":{"@type":"ImageObject","inLanguage":"pt-BR","@id":"https:\/\/cleitonpinheiro.com.br\/site\/#\/schema\/logo\/image\/","url":"https:\/\/cleitonpinheiro.com.br\/site\/wp-content\/uploads\/2022\/08\/Logo-pequena-2.png","contentUrl":"https:\/\/cleitonpinheiro.com.br\/site\/wp-content\/uploads\/2022\/08\/Logo-pequena-2.png","width":500,"height":500,"caption":"CPNOT\u00cdCIAS"},"image":{"@id":"https:\/\/cleitonpinheiro.com.br\/site\/#\/schema\/logo\/image\/"},"sameAs":["https:\/\/www.facebook.com\/portalcpnoticias\/"]},{"@type":"Person","@id":"https:\/\/cleitonpinheiro.com.br\/site\/#\/schema\/person\/62fd4eb98fcc8bd3fc477aaff264af51","name":"Cleiton Pinheiro","image":{"@type":"ImageObject","inLanguage":"pt-BR","@id":"https:\/\/cleitonpinheiro.com.br\/site\/#\/schema\/person\/image\/","url":"https:\/\/secure.gravatar.com\/avatar\/15642ec35b78fe5eed3cfa8e4a3f3211d73a3df4f35f0566b4324958cba1b1b9?s=96&r=g","contentUrl":"https:\/\/secure.gravatar.com\/avatar\/15642ec35b78fe5eed3cfa8e4a3f3211d73a3df4f35f0566b4324958cba1b1b9?s=96&r=g","caption":"Cleiton Pinheiro"},"url":"https:\/\/cleitonpinheiro.com.br\/site\/author\/cleiton\/"}]}},"views":190,"_links":{"self":[{"href":"https:\/\/cleitonpinheiro.com.br\/site\/wp-json\/wp\/v2\/posts\/77018","targetHints":{"allow":["GET"]}}],"collection":[{"href":"https:\/\/cleitonpinheiro.com.br\/site\/wp-json\/wp\/v2\/posts"}],"about":[{"href":"https:\/\/cleitonpinheiro.com.br\/site\/wp-json\/wp\/v2\/types\/post"}],"author":[{"embeddable":true,"href":"https:\/\/cleitonpinheiro.com.br\/site\/wp-json\/wp\/v2\/users\/10"}],"replies":[{"embeddable":true,"href":"https:\/\/cleitonpinheiro.com.br\/site\/wp-json\/wp\/v2\/comments?post=77018"}],"version-history":[{"count":1,"href":"https:\/\/cleitonpinheiro.com.br\/site\/wp-json\/wp\/v2\/posts\/77018\/revisions"}],"predecessor-version":[{"id":77020,"href":"https:\/\/cleitonpinheiro.com.br\/site\/wp-json\/wp\/v2\/posts\/77018\/revisions\/77020"}],"wp:attachment":[{"href":"https:\/\/cleitonpinheiro.com.br\/site\/wp-json\/wp\/v2\/media?parent=77018"}],"wp:term":[{"taxonomy":"category","embeddable":true,"href":"https:\/\/cleitonpinheiro.com.br\/site\/wp-json\/wp\/v2\/categories?post=77018"},{"taxonomy":"post_tag","embeddable":true,"href":"https:\/\/cleitonpinheiro.com.br\/site\/wp-json\/wp\/v2\/tags?post=77018"}],"curies":[{"name":"wp","href":"https:\/\/api.w.org\/{rel}","templated":true}]}}