{"id":77024,"date":"2024-04-27T12:25:48","date_gmt":"2024-04-27T15:25:48","guid":{"rendered":"https:\/\/cleitonpinheiro.com.br\/site\/?p=77024"},"modified":"2024-04-27T12:25:51","modified_gmt":"2024-04-27T15:25:51","slug":"cinthia-ribeiro-entrega-obra-da-unidade-de-saude-do-jardim-taquari-ambulancias-e-vans","status":"publish","type":"post","link":"https:\/\/cleitonpinheiro.com.br\/site\/cinthia-ribeiro-entrega-obra-da-unidade-de-saude-do-jardim-taquari-ambulancias-e-vans\/","title":{"rendered":"Cinthia Ribeiro entrega obra da unidade de sa\u00fade do Jardim Taquari, ambul\u00e2ncias \u00a0e vans"},"content":{"rendered":"\n<figure class=\"wp-block-image size-large\"><img decoding=\"async\" src=\"https:\/\/cleitonpinheiro.com.br\/site\/wp-content\/uploads\/2024\/04\/7fc1776d-c9a0-4403-bee2-47ada3d13d41-compressed-1-1024x683.jpg\" alt=\"\" class=\"wp-image-77028\"\/><figcaption class=\"wp-element-caption\">Foto: Lia Mara\/Prefeitura de Palmas<\/figcaption><\/figure>\n\n\n\n<p>Os moradores do Jardim Taquari ganharam uma Unidade de Sa\u00fade da Fam\u00edlia (USF) com cara nova. A entrega foi feita pela prefeita Cinthia Ribeiro nesta sexta-feira, 26, que ainda presenteou a comunidade com uma ambul\u00e2ncia para atendimento exclusivo da unidade. A gestora tamb\u00e9m realizou a entrega de cinco vans para transporte de pacientes de hemodi\u00e1lise,\u00a0tr\u00eas ambul\u00e2ncias para a Secretaria Municipal da Sa\u00fade (Semus) e um carro para o Conselho Municipal de Sa\u00fade (CMS).<\/p>\n\n\n\n<p>Para a prefeita Cinthia Ribeiro, a obra da unidade do Jardim Taquari \u00e9 mais uma importante entrega realizada em benef\u00edcio da popula\u00e7\u00e3o. \u201c\u00c9 motivo de orgulho e certeza que todas as nossas decis\u00f5es s\u00e3o acertadas, pois estamos transformando Palmas e levando melhorias a cada pessoa. S\u00e3o em torno de 20 mil pessoas atendidas nesta unidade, o que tornou ainda mais necess\u00e1ria essa obra. E fizemos tudo com recursos pr\u00f3prios e provando que, com compromisso, organiza\u00e7\u00e3o e planejamento, \u00e9 poss\u00edvel realizar grandes obras\u201d, declarou.<\/p>\n\n\n\n<figure class=\"wp-block-image size-large\"><img decoding=\"async\" src=\"https:\/\/cleitonpinheiro.com.br\/site\/wp-content\/uploads\/2024\/04\/4b072c4b-a5c4-44a9-9c12-4e552b779c9b-compressed-1024x683.jpg\" alt=\"\" class=\"wp-image-77027\"\/><figcaption class=\"wp-element-caption\">Foto: Edu Fortes\/Prefeitura de Palmas<\/figcaption><\/figure>\n\n\n\n<p>O investimento total da obra e mobili\u00e1rio \u00e9 de R$ 912.256,97, proveniente de recursos pr\u00f3prios da gest\u00e3o. A reestrutura\u00e7\u00e3o da unidade permitiu a substitui\u00e7\u00e3o de todo o telhado, rede el\u00e9trica, hidr\u00e1ulica e de internet, troca do piso, nova pintura e a constru\u00e7\u00e3o de estacionamento e cercamento, al\u00e9m de uma entrada exclusiva para ambul\u00e2ncia. Tamb\u00e9m foram investidos em novos equipamentos e mobili\u00e1rios.&nbsp;<\/p>\n\n\n\n<p>Conforme a secret\u00e1ria da Semus, Anna Crystina Mota, com a entrega da USF do Jardim Taquari, o pr\u00f3ximo passo ser\u00e1 finalizar as reformas na Unidade de Pronto Atendimento (UPA) Sul, USF da Arno 42, USF Bela Vista e Unidade de Vigil\u00e2ncia e Controle de Zoonoses. \u201cEstamos comprometidos em aprimorar a cada dia mais os servi\u00e7os ofertados para a popula\u00e7\u00e3o.\u201d<\/p>\n\n\n\n<figure class=\"wp-block-image size-full\"><img decoding=\"async\" src=\"https:\/\/cleitonpinheiro.com.br\/site\/wp-content\/uploads\/2024\/04\/dfdbeb3d-2f6a-4fce-aa91-01b4c482104a.jpg\" alt=\"\" class=\"wp-image-77025\"\/><figcaption class=\"wp-element-caption\">\u201cEstou satisfeita com o resultado. A unidade realmente ficou bem diferente e melhor\u201d, comemorou Dayana Mendanha Diniz. &#8211; Foto: Lia Mara\/Prefeitura de Palmas<\/figcaption><\/figure>\n\n\n\n<p>O pedreiro Valdir Ferreira de Carvalho, de 45 anos, acompanhou de perto a entrega da unidade e n\u00e3o perdeu nenhum detalhe. \u201c\u00c9 praticamente uma unidade nova e isso \u00e9 muito importante para n\u00f3s. S\u00f3 veio somar aos benef\u00edcios recebidos nos \u00faltimos anos\u201d, enfatizou.<\/p>\n\n\n\n<p>Para a dona de casa Dayana Mendanha Diniz, 34 anos, que h\u00e1 8 anos utiliza os servi\u00e7os da USF do Jardim Taquari, a entrega representa uma grande conquista para a comunidade. \u201cEstou satisfeita com o resultado. A unidade realmente ficou bem diferente e melhor\u201d, comemorou.&nbsp;<\/p>\n\n\n\n<p><strong>Novos ve\u00edculos<\/strong><\/p>\n\n\n\n<p>As vans para hemodi\u00e1lise d\u00e3o suporte a cerca de 150 pacientes que precisam ir \u00e0 Funda\u00e7\u00e3o Pr\u00f3-Rim para a realiza\u00e7\u00e3o de sess\u00f5es de tratamento de doen\u00e7as renais cr\u00f4nicas. Para atender a todos, s\u00e3o realizados quatro turnos ao longo do dia, o primeiro que inicia \u00e0s 4 horas e o \u00faltimo finaliza \u00e0s 23 horas. Dos cinco ve\u00edculos destinados a estes usu\u00e1rios, um ser\u00e1 para atendimento exclusivo para suporte dos moradores de Taquaru\u00e7u e Taquaru\u00e7u Grande. As vans contam com assentos estofados e reclin\u00e1veis para 18 passageiros, ar-condicionado e acessibilidade para cadeirantes.&nbsp;<\/p>\n\n\n\n<p>A paciente renal Suyane Arraiz de Oliveira, de 40 anos, \u00e9 uma das beneficiadas com o transporte oferecido pela Prefeitura. \u201cFa\u00e7o hemodi\u00e1lise tr\u00eas vezes na semana e a equipe busca na minha casa quando preciso fazer sess\u00e3o. Tenho garantido a ida e volta em seguran\u00e7a e com toda a assist\u00eancia necess\u00e1ria. Sou muito grata pelo servi\u00e7o\u201d, enalteceu Suyane.\u00a0<\/p>\n\n\n\n<figure class=\"wp-block-image size-full\"><img decoding=\"async\" src=\"https:\/\/cleitonpinheiro.com.br\/site\/wp-content\/uploads\/2024\/04\/bc5e5bef-db22-4d61-ba97-1a4b86e897b6.jpg\" alt=\"\" class=\"wp-image-77026\"\/><figcaption class=\"wp-element-caption\">Gest\u00e3o tamb\u00e9m entregou novas ambul\u00e2ncias e vans para transporte de pacientes de hemodi\u00e1lise &#8211; Foto: Lia Mara\/Prefeitura de Palmas<\/figcaption><\/figure>\n\n\n\n<p>Uma ambul\u00e2ncia ser\u00e1 destinada aos servi\u00e7os da Superintend\u00eancia da Aten\u00e7\u00e3o Prim\u00e1ria (Supavs) para remo\u00e7\u00e3o de enfermos acamados e de pacientes das Unidades de Sa\u00fade da Fam\u00edlia (USFs) que precisam de atendimento nas Unidades de Pronto Atendimento (UPAs), no Hospital Infantil de Palmas ou no Hospital e Maternidade\u00a0Dona Regina. Agora a Supavs conta com tr\u00eas ve\u00edculos para estes fins. A outra ambul\u00e2ncia ficar\u00e1 de suporte \u00e0s atividades do Servi\u00e7o de Atendimento M\u00f3vel de Urg\u00eancia (Samu).<\/p>\n\n\n\n<p>Texto: Prefeitura de Palmas<\/p>\n","protected":false},"excerpt":{"rendered":"<p>Os moradores do Jardim Taquari ganharam uma Unidade de Sa\u00fade da Fam\u00edlia (USF) com cara nova. A entrega foi feita pela prefeita Cinthia Ribeiro nesta sexta-feira, 26, que ainda presenteou a comunidade com uma ambul\u00e2ncia para atendimento exclusivo da unidade. A gestora tamb\u00e9m realizou a entrega de cinco vans para transporte de pacientes de hemodi\u00e1lise,\u00a0tr\u00eas [&hellip;]<\/p>\n","protected":false},"author":10,"featured_media":0,"comment_status":"open","ping_status":"open","sticky":false,"template":"","format":"standard","meta":{"_acf_changed":false,"footnotes":""},"categories":[22,898,21],"tags":[],"class_list":["post-77024","post","type-post","status-publish","format-standard","hentry","category-cidades","category-manchete-segundaria","category-todas-noticias"],"acf":[],"yoast_head":"<!-- This site is optimized with the Yoast SEO plugin v24.4 - https:\/\/yoast.com\/wordpress\/plugins\/seo\/ -->\n<title>Cinthia Ribeiro entrega obra da unidade de sa\u00fade do Jardim Taquari, ambul\u00e2ncias \u00a0e vans - PORTAL DE NOT\u00cdCIAS CLEITON PINHEIRO<\/title>\n<meta name=\"robots\" content=\"index, follow, max-snippet:-1, max-image-preview:large, max-video-preview:-1\" \/>\n<link rel=\"canonical\" href=\"https:\/\/cleitonpinheiro.com.br\/site\/cinthia-ribeiro-entrega-obra-da-unidade-de-saude-do-jardim-taquari-ambulancias-e-vans\/\" \/>\n<meta property=\"og:locale\" content=\"pt_BR\" \/>\n<meta property=\"og:type\" content=\"article\" \/>\n<meta property=\"og:title\" content=\"Cinthia Ribeiro entrega obra da unidade de sa\u00fade do Jardim Taquari, ambul\u00e2ncias \u00a0e vans - PORTAL DE NOT\u00cdCIAS CLEITON PINHEIRO\" \/>\n<meta property=\"og:description\" content=\"Os moradores do Jardim Taquari ganharam uma Unidade de Sa\u00fade da Fam\u00edlia (USF) com cara nova. A entrega foi feita pela prefeita Cinthia Ribeiro nesta sexta-feira, 26, que ainda presenteou a comunidade com uma ambul\u00e2ncia para atendimento exclusivo da unidade. A gestora tamb\u00e9m realizou a entrega de cinco vans para transporte de pacientes de hemodi\u00e1lise,\u00a0tr\u00eas [&hellip;]\" \/>\n<meta property=\"og:url\" content=\"https:\/\/cleitonpinheiro.com.br\/site\/cinthia-ribeiro-entrega-obra-da-unidade-de-saude-do-jardim-taquari-ambulancias-e-vans\/\" \/>\n<meta property=\"og:site_name\" content=\"PORTAL DE NOT\u00cdCIAS CLEITON PINHEIRO\" \/>\n<meta property=\"article:publisher\" content=\"https:\/\/www.facebook.com\/portalcpnoticias\/\" \/>\n<meta property=\"article:published_time\" content=\"2024-04-27T15:25:48+00:00\" \/>\n<meta property=\"article:modified_time\" content=\"2024-04-27T15:25:51+00:00\" \/>\n<meta property=\"og:image\" content=\"https:\/\/cleitonpinheiro.com.br\/site\/wp-content\/uploads\/2024\/04\/7fc1776d-c9a0-4403-bee2-47ada3d13d41-compressed-1-scaled.jpg\" \/>\n\t<meta property=\"og:image:width\" content=\"2560\" \/>\n\t<meta property=\"og:image:height\" content=\"1707\" \/>\n\t<meta property=\"og:image:type\" content=\"image\/jpeg\" \/>\n<meta name=\"author\" content=\"Cleiton Pinheiro\" \/>\n<meta name=\"twitter:card\" content=\"summary_large_image\" \/>\n<meta name=\"twitter:label1\" content=\"Escrito por\" \/>\n\t<meta name=\"twitter:data1\" content=\"Cleiton Pinheiro\" \/>\n\t<meta name=\"twitter:label2\" content=\"Est. tempo de leitura\" \/>\n\t<meta name=\"twitter:data2\" content=\"5 minutos\" \/>\n<script type=\"application\/ld+json\" class=\"yoast-schema-graph\">{\"@context\":\"https:\/\/schema.org\",\"@graph\":[{\"@type\":\"Article\",\"@id\":\"https:\/\/cleitonpinheiro.com.br\/site\/cinthia-ribeiro-entrega-obra-da-unidade-de-saude-do-jardim-taquari-ambulancias-e-vans\/#article\",\"isPartOf\":{\"@id\":\"https:\/\/cleitonpinheiro.com.br\/site\/cinthia-ribeiro-entrega-obra-da-unidade-de-saude-do-jardim-taquari-ambulancias-e-vans\/\"},\"author\":{\"name\":\"Cleiton Pinheiro\",\"@id\":\"https:\/\/cleitonpinheiro.com.br\/site\/#\/schema\/person\/62fd4eb98fcc8bd3fc477aaff264af51\"},\"headline\":\"Cinthia Ribeiro entrega obra da unidade de sa\u00fade do Jardim Taquari, ambul\u00e2ncias \u00a0e vans\",\"datePublished\":\"2024-04-27T15:25:48+00:00\",\"dateModified\":\"2024-04-27T15:25:51+00:00\",\"mainEntityOfPage\":{\"@id\":\"https:\/\/cleitonpinheiro.com.br\/site\/cinthia-ribeiro-entrega-obra-da-unidade-de-saude-do-jardim-taquari-ambulancias-e-vans\/\"},\"wordCount\":730,\"commentCount\":0,\"publisher\":{\"@id\":\"https:\/\/cleitonpinheiro.com.br\/site\/#organization\"},\"image\":{\"@id\":\"https:\/\/cleitonpinheiro.com.br\/site\/cinthia-ribeiro-entrega-obra-da-unidade-de-saude-do-jardim-taquari-ambulancias-e-vans\/#primaryimage\"},\"thumbnailUrl\":\"https:\/\/cleitonpinheiro.com.br\/site\/wp-content\/uploads\/2024\/04\/7fc1776d-c9a0-4403-bee2-47ada3d13d41-compressed-1-1024x683.jpg\",\"articleSection\":[\"CIDADES\",\"MANCHETE SEGUND\u00c1RIA\",\"TODAS NOTICIAS\"],\"inLanguage\":\"pt-BR\",\"potentialAction\":[{\"@type\":\"CommentAction\",\"name\":\"Comment\",\"target\":[\"https:\/\/cleitonpinheiro.com.br\/site\/cinthia-ribeiro-entrega-obra-da-unidade-de-saude-do-jardim-taquari-ambulancias-e-vans\/#respond\"]}]},{\"@type\":\"WebPage\",\"@id\":\"https:\/\/cleitonpinheiro.com.br\/site\/cinthia-ribeiro-entrega-obra-da-unidade-de-saude-do-jardim-taquari-ambulancias-e-vans\/\",\"url\":\"https:\/\/cleitonpinheiro.com.br\/site\/cinthia-ribeiro-entrega-obra-da-unidade-de-saude-do-jardim-taquari-ambulancias-e-vans\/\",\"name\":\"Cinthia Ribeiro entrega obra da unidade de sa\u00fade do Jardim Taquari, ambul\u00e2ncias \u00a0e vans - PORTAL DE NOT\u00cdCIAS CLEITON PINHEIRO\",\"isPartOf\":{\"@id\":\"https:\/\/cleitonpinheiro.com.br\/site\/#website\"},\"primaryImageOfPage\":{\"@id\":\"https:\/\/cleitonpinheiro.com.br\/site\/cinthia-ribeiro-entrega-obra-da-unidade-de-saude-do-jardim-taquari-ambulancias-e-vans\/#primaryimage\"},\"image\":{\"@id\":\"https:\/\/cleitonpinheiro.com.br\/site\/cinthia-ribeiro-entrega-obra-da-unidade-de-saude-do-jardim-taquari-ambulancias-e-vans\/#primaryimage\"},\"thumbnailUrl\":\"https:\/\/cleitonpinheiro.com.br\/site\/wp-content\/uploads\/2024\/04\/7fc1776d-c9a0-4403-bee2-47ada3d13d41-compressed-1-1024x683.jpg\",\"datePublished\":\"2024-04-27T15:25:48+00:00\",\"dateModified\":\"2024-04-27T15:25:51+00:00\",\"breadcrumb\":{\"@id\":\"https:\/\/cleitonpinheiro.com.br\/site\/cinthia-ribeiro-entrega-obra-da-unidade-de-saude-do-jardim-taquari-ambulancias-e-vans\/#breadcrumb\"},\"inLanguage\":\"pt-BR\",\"potentialAction\":[{\"@type\":\"ReadAction\",\"target\":[\"https:\/\/cleitonpinheiro.com.br\/site\/cinthia-ribeiro-entrega-obra-da-unidade-de-saude-do-jardim-taquari-ambulancias-e-vans\/\"]}]},{\"@type\":\"ImageObject\",\"inLanguage\":\"pt-BR\",\"@id\":\"https:\/\/cleitonpinheiro.com.br\/site\/cinthia-ribeiro-entrega-obra-da-unidade-de-saude-do-jardim-taquari-ambulancias-e-vans\/#primaryimage\",\"url\":\"\",\"contentUrl\":\"\"},{\"@type\":\"BreadcrumbList\",\"@id\":\"https:\/\/cleitonpinheiro.com.br\/site\/cinthia-ribeiro-entrega-obra-da-unidade-de-saude-do-jardim-taquari-ambulancias-e-vans\/#breadcrumb\",\"itemListElement\":[{\"@type\":\"ListItem\",\"position\":1,\"name\":\"In\u00edcio\",\"item\":\"https:\/\/cleitonpinheiro.com.br\/site\/\"},{\"@type\":\"ListItem\",\"position\":2,\"name\":\"Cinthia Ribeiro entrega obra da unidade de sa\u00fade do Jardim Taquari, ambul\u00e2ncias \u00a0e vans\"}]},{\"@type\":\"WebSite\",\"@id\":\"https:\/\/cleitonpinheiro.com.br\/site\/#website\",\"url\":\"https:\/\/cleitonpinheiro.com.br\/site\/\",\"name\":\"PORTAL DE NOT\u00cdCIAS CLEITON PINHEIRO\",\"description\":\"FALANDO A VERDADE\",\"publisher\":{\"@id\":\"https:\/\/cleitonpinheiro.com.br\/site\/#organization\"},\"potentialAction\":[{\"@type\":\"SearchAction\",\"target\":{\"@type\":\"EntryPoint\",\"urlTemplate\":\"https:\/\/cleitonpinheiro.com.br\/site\/?s={search_term_string}\"},\"query-input\":{\"@type\":\"PropertyValueSpecification\",\"valueRequired\":true,\"valueName\":\"search_term_string\"}}],\"inLanguage\":\"pt-BR\"},{\"@type\":\"Organization\",\"@id\":\"https:\/\/cleitonpinheiro.com.br\/site\/#organization\",\"name\":\"CPNOT\u00cdCIAS\",\"url\":\"https:\/\/cleitonpinheiro.com.br\/site\/\",\"logo\":{\"@type\":\"ImageObject\",\"inLanguage\":\"pt-BR\",\"@id\":\"https:\/\/cleitonpinheiro.com.br\/site\/#\/schema\/logo\/image\/\",\"url\":\"https:\/\/cleitonpinheiro.com.br\/site\/wp-content\/uploads\/2022\/08\/Logo-pequena-2.png\",\"contentUrl\":\"https:\/\/cleitonpinheiro.com.br\/site\/wp-content\/uploads\/2022\/08\/Logo-pequena-2.png\",\"width\":500,\"height\":500,\"caption\":\"CPNOT\u00cdCIAS\"},\"image\":{\"@id\":\"https:\/\/cleitonpinheiro.com.br\/site\/#\/schema\/logo\/image\/\"},\"sameAs\":[\"https:\/\/www.facebook.com\/portalcpnoticias\/\"]},{\"@type\":\"Person\",\"@id\":\"https:\/\/cleitonpinheiro.com.br\/site\/#\/schema\/person\/62fd4eb98fcc8bd3fc477aaff264af51\",\"name\":\"Cleiton Pinheiro\",\"image\":{\"@type\":\"ImageObject\",\"inLanguage\":\"pt-BR\",\"@id\":\"https:\/\/cleitonpinheiro.com.br\/site\/#\/schema\/person\/image\/\",\"url\":\"https:\/\/secure.gravatar.com\/avatar\/15642ec35b78fe5eed3cfa8e4a3f3211d73a3df4f35f0566b4324958cba1b1b9?s=96&r=g\",\"contentUrl\":\"https:\/\/secure.gravatar.com\/avatar\/15642ec35b78fe5eed3cfa8e4a3f3211d73a3df4f35f0566b4324958cba1b1b9?s=96&r=g\",\"caption\":\"Cleiton Pinheiro\"},\"url\":\"https:\/\/cleitonpinheiro.com.br\/site\/author\/cleiton\/\"}]}<\/script>\n<!-- \/ Yoast SEO plugin. -->","yoast_head_json":{"title":"Cinthia Ribeiro entrega obra da unidade de sa\u00fade do Jardim Taquari, ambul\u00e2ncias \u00a0e vans - PORTAL DE NOT\u00cdCIAS CLEITON PINHEIRO","robots":{"index":"index","follow":"follow","max-snippet":"max-snippet:-1","max-image-preview":"max-image-preview:large","max-video-preview":"max-video-preview:-1"},"canonical":"https:\/\/cleitonpinheiro.com.br\/site\/cinthia-ribeiro-entrega-obra-da-unidade-de-saude-do-jardim-taquari-ambulancias-e-vans\/","og_locale":"pt_BR","og_type":"article","og_title":"Cinthia Ribeiro entrega obra da unidade de sa\u00fade do Jardim Taquari, ambul\u00e2ncias \u00a0e vans - PORTAL DE NOT\u00cdCIAS CLEITON PINHEIRO","og_description":"Os moradores do Jardim Taquari ganharam uma Unidade de Sa\u00fade da Fam\u00edlia (USF) com cara nova. A entrega foi feita pela prefeita Cinthia Ribeiro nesta sexta-feira, 26, que ainda presenteou a comunidade com uma ambul\u00e2ncia para atendimento exclusivo da unidade. A gestora tamb\u00e9m realizou a entrega de cinco vans para transporte de pacientes de hemodi\u00e1lise,\u00a0tr\u00eas [&hellip;]","og_url":"https:\/\/cleitonpinheiro.com.br\/site\/cinthia-ribeiro-entrega-obra-da-unidade-de-saude-do-jardim-taquari-ambulancias-e-vans\/","og_site_name":"PORTAL DE NOT\u00cdCIAS CLEITON PINHEIRO","article_publisher":"https:\/\/www.facebook.com\/portalcpnoticias\/","article_published_time":"2024-04-27T15:25:48+00:00","article_modified_time":"2024-04-27T15:25:51+00:00","og_image":[{"width":2560,"height":1707,"url":"https:\/\/cleitonpinheiro.com.br\/site\/wp-content\/uploads\/2024\/04\/7fc1776d-c9a0-4403-bee2-47ada3d13d41-compressed-1-scaled.jpg","type":"image\/jpeg"}],"author":"Cleiton Pinheiro","twitter_card":"summary_large_image","twitter_misc":{"Escrito por":"Cleiton Pinheiro","Est. tempo de leitura":"5 minutos"},"schema":{"@context":"https:\/\/schema.org","@graph":[{"@type":"Article","@id":"https:\/\/cleitonpinheiro.com.br\/site\/cinthia-ribeiro-entrega-obra-da-unidade-de-saude-do-jardim-taquari-ambulancias-e-vans\/#article","isPartOf":{"@id":"https:\/\/cleitonpinheiro.com.br\/site\/cinthia-ribeiro-entrega-obra-da-unidade-de-saude-do-jardim-taquari-ambulancias-e-vans\/"},"author":{"name":"Cleiton Pinheiro","@id":"https:\/\/cleitonpinheiro.com.br\/site\/#\/schema\/person\/62fd4eb98fcc8bd3fc477aaff264af51"},"headline":"Cinthia Ribeiro entrega obra da unidade de sa\u00fade do Jardim Taquari, ambul\u00e2ncias \u00a0e vans","datePublished":"2024-04-27T15:25:48+00:00","dateModified":"2024-04-27T15:25:51+00:00","mainEntityOfPage":{"@id":"https:\/\/cleitonpinheiro.com.br\/site\/cinthia-ribeiro-entrega-obra-da-unidade-de-saude-do-jardim-taquari-ambulancias-e-vans\/"},"wordCount":730,"commentCount":0,"publisher":{"@id":"https:\/\/cleitonpinheiro.com.br\/site\/#organization"},"image":{"@id":"https:\/\/cleitonpinheiro.com.br\/site\/cinthia-ribeiro-entrega-obra-da-unidade-de-saude-do-jardim-taquari-ambulancias-e-vans\/#primaryimage"},"thumbnailUrl":"https:\/\/cleitonpinheiro.com.br\/site\/wp-content\/uploads\/2024\/04\/7fc1776d-c9a0-4403-bee2-47ada3d13d41-compressed-1-1024x683.jpg","articleSection":["CIDADES","MANCHETE SEGUND\u00c1RIA","TODAS NOTICIAS"],"inLanguage":"pt-BR","potentialAction":[{"@type":"CommentAction","name":"Comment","target":["https:\/\/cleitonpinheiro.com.br\/site\/cinthia-ribeiro-entrega-obra-da-unidade-de-saude-do-jardim-taquari-ambulancias-e-vans\/#respond"]}]},{"@type":"WebPage","@id":"https:\/\/cleitonpinheiro.com.br\/site\/cinthia-ribeiro-entrega-obra-da-unidade-de-saude-do-jardim-taquari-ambulancias-e-vans\/","url":"https:\/\/cleitonpinheiro.com.br\/site\/cinthia-ribeiro-entrega-obra-da-unidade-de-saude-do-jardim-taquari-ambulancias-e-vans\/","name":"Cinthia Ribeiro entrega obra da unidade de sa\u00fade do Jardim Taquari, ambul\u00e2ncias \u00a0e vans - PORTAL DE NOT\u00cdCIAS CLEITON PINHEIRO","isPartOf":{"@id":"https:\/\/cleitonpinheiro.com.br\/site\/#website"},"primaryImageOfPage":{"@id":"https:\/\/cleitonpinheiro.com.br\/site\/cinthia-ribeiro-entrega-obra-da-unidade-de-saude-do-jardim-taquari-ambulancias-e-vans\/#primaryimage"},"image":{"@id":"https:\/\/cleitonpinheiro.com.br\/site\/cinthia-ribeiro-entrega-obra-da-unidade-de-saude-do-jardim-taquari-ambulancias-e-vans\/#primaryimage"},"thumbnailUrl":"https:\/\/cleitonpinheiro.com.br\/site\/wp-content\/uploads\/2024\/04\/7fc1776d-c9a0-4403-bee2-47ada3d13d41-compressed-1-1024x683.jpg","datePublished":"2024-04-27T15:25:48+00:00","dateModified":"2024-04-27T15:25:51+00:00","breadcrumb":{"@id":"https:\/\/cleitonpinheiro.com.br\/site\/cinthia-ribeiro-entrega-obra-da-unidade-de-saude-do-jardim-taquari-ambulancias-e-vans\/#breadcrumb"},"inLanguage":"pt-BR","potentialAction":[{"@type":"ReadAction","target":["https:\/\/cleitonpinheiro.com.br\/site\/cinthia-ribeiro-entrega-obra-da-unidade-de-saude-do-jardim-taquari-ambulancias-e-vans\/"]}]},{"@type":"ImageObject","inLanguage":"pt-BR","@id":"https:\/\/cleitonpinheiro.com.br\/site\/cinthia-ribeiro-entrega-obra-da-unidade-de-saude-do-jardim-taquari-ambulancias-e-vans\/#primaryimage","url":"","contentUrl":""},{"@type":"BreadcrumbList","@id":"https:\/\/cleitonpinheiro.com.br\/site\/cinthia-ribeiro-entrega-obra-da-unidade-de-saude-do-jardim-taquari-ambulancias-e-vans\/#breadcrumb","itemListElement":[{"@type":"ListItem","position":1,"name":"In\u00edcio","item":"https:\/\/cleitonpinheiro.com.br\/site\/"},{"@type":"ListItem","position":2,"name":"Cinthia Ribeiro entrega obra da unidade de sa\u00fade do Jardim Taquari, ambul\u00e2ncias \u00a0e vans"}]},{"@type":"WebSite","@id":"https:\/\/cleitonpinheiro.com.br\/site\/#website","url":"https:\/\/cleitonpinheiro.com.br\/site\/","name":"PORTAL DE NOT\u00cdCIAS CLEITON PINHEIRO","description":"FALANDO A VERDADE","publisher":{"@id":"https:\/\/cleitonpinheiro.com.br\/site\/#organization"},"potentialAction":[{"@type":"SearchAction","target":{"@type":"EntryPoint","urlTemplate":"https:\/\/cleitonpinheiro.com.br\/site\/?s={search_term_string}"},"query-input":{"@type":"PropertyValueSpecification","valueRequired":true,"valueName":"search_term_string"}}],"inLanguage":"pt-BR"},{"@type":"Organization","@id":"https:\/\/cleitonpinheiro.com.br\/site\/#organization","name":"CPNOT\u00cdCIAS","url":"https:\/\/cleitonpinheiro.com.br\/site\/","logo":{"@type":"ImageObject","inLanguage":"pt-BR","@id":"https:\/\/cleitonpinheiro.com.br\/site\/#\/schema\/logo\/image\/","url":"https:\/\/cleitonpinheiro.com.br\/site\/wp-content\/uploads\/2022\/08\/Logo-pequena-2.png","contentUrl":"https:\/\/cleitonpinheiro.com.br\/site\/wp-content\/uploads\/2022\/08\/Logo-pequena-2.png","width":500,"height":500,"caption":"CPNOT\u00cdCIAS"},"image":{"@id":"https:\/\/cleitonpinheiro.com.br\/site\/#\/schema\/logo\/image\/"},"sameAs":["https:\/\/www.facebook.com\/portalcpnoticias\/"]},{"@type":"Person","@id":"https:\/\/cleitonpinheiro.com.br\/site\/#\/schema\/person\/62fd4eb98fcc8bd3fc477aaff264af51","name":"Cleiton Pinheiro","image":{"@type":"ImageObject","inLanguage":"pt-BR","@id":"https:\/\/cleitonpinheiro.com.br\/site\/#\/schema\/person\/image\/","url":"https:\/\/secure.gravatar.com\/avatar\/15642ec35b78fe5eed3cfa8e4a3f3211d73a3df4f35f0566b4324958cba1b1b9?s=96&r=g","contentUrl":"https:\/\/secure.gravatar.com\/avatar\/15642ec35b78fe5eed3cfa8e4a3f3211d73a3df4f35f0566b4324958cba1b1b9?s=96&r=g","caption":"Cleiton Pinheiro"},"url":"https:\/\/cleitonpinheiro.com.br\/site\/author\/cleiton\/"}]}},"views":260,"_links":{"self":[{"href":"https:\/\/cleitonpinheiro.com.br\/site\/wp-json\/wp\/v2\/posts\/77024","targetHints":{"allow":["GET"]}}],"collection":[{"href":"https:\/\/cleitonpinheiro.com.br\/site\/wp-json\/wp\/v2\/posts"}],"about":[{"href":"https:\/\/cleitonpinheiro.com.br\/site\/wp-json\/wp\/v2\/types\/post"}],"author":[{"embeddable":true,"href":"https:\/\/cleitonpinheiro.com.br\/site\/wp-json\/wp\/v2\/users\/10"}],"replies":[{"embeddable":true,"href":"https:\/\/cleitonpinheiro.com.br\/site\/wp-json\/wp\/v2\/comments?post=77024"}],"version-history":[{"count":1,"href":"https:\/\/cleitonpinheiro.com.br\/site\/wp-json\/wp\/v2\/posts\/77024\/revisions"}],"predecessor-version":[{"id":77029,"href":"https:\/\/cleitonpinheiro.com.br\/site\/wp-json\/wp\/v2\/posts\/77024\/revisions\/77029"}],"wp:attachment":[{"href":"https:\/\/cleitonpinheiro.com.br\/site\/wp-json\/wp\/v2\/media?parent=77024"}],"wp:term":[{"taxonomy":"category","embeddable":true,"href":"https:\/\/cleitonpinheiro.com.br\/site\/wp-json\/wp\/v2\/categories?post=77024"},{"taxonomy":"post_tag","embeddable":true,"href":"https:\/\/cleitonpinheiro.com.br\/site\/wp-json\/wp\/v2\/tags?post=77024"}],"curies":[{"name":"wp","href":"https:\/\/api.w.org\/{rel}","templated":true}]}}