{"id":77035,"date":"2024-04-27T10:38:00","date_gmt":"2024-04-27T13:38:00","guid":{"rendered":"https:\/\/cleitonpinheiro.com.br\/site\/?p=77035"},"modified":"2024-04-27T12:41:04","modified_gmt":"2024-04-27T15:41:04","slug":"inscritos-no-concurso-da-saude-de-palmas-devem-conferir-checklist-para-dia-tranquilo-de-prova","status":"publish","type":"post","link":"https:\/\/cleitonpinheiro.com.br\/site\/inscritos-no-concurso-da-saude-de-palmas-devem-conferir-checklist-para-dia-tranquilo-de-prova\/","title":{"rendered":"Inscritos no concurso da Sa\u00fade de Palmas devem conferir checklist para dia tranquilo de prova"},"content":{"rendered":"\n<figure class=\"wp-block-image size-full\"><img decoding=\"async\" src=\"https:\/\/cleitonpinheiro.com.br\/site\/wp-content\/uploads\/2024\/04\/b21cdde1-6197-4c19-a19b-123fe13186bb.jpg\" alt=\"\" class=\"wp-image-77036\"\/><figcaption class=\"wp-element-caption\">Foto: Regiane Rocha\/Prefeitura de Palmas<\/figcaption><\/figure>\n\n\n\n<p>No pr\u00f3ximo domingo, dia 28, ser\u00e3o realizadas as provas do Concurso do Quadro da Sa\u00fade de Palmas. O certame\u00a0oferece um total de 927 vagas para posse imediata e 2.317 para forma\u00e7\u00e3o de cadastro de reserva. Para garantir uma participa\u00e7\u00e3o tranquila, \u00e9 essencial que os candidatos estejam cientes de que os exames ser\u00e3o aplicados em 14 locais diferentes.<\/p>\n\n\n\n<p>Para verificar o local espec\u00edfico da sua prova, basta clicar&nbsp;<a href=\"https:\/\/www.palmas.to.gov.br\/portal\/noticias\/confira-aqui-os-locais-de-prova-do-concurso-do-quadro-da-saude\/37480\/\" target=\"_blank\" rel=\"noreferrer noopener\">aqui<\/a>.&nbsp;Confira as recomenda\u00e7\u00f5es para o dia de provas:<\/p>\n\n\n\n<ul class=\"wp-block-list\">\n<li>Recomenda-se que os candidatos cheguem com uma hora de anteced\u00eancia, portando documento de identifica\u00e7\u00e3o v\u00e1lido e uma caneta preta ou azul de material transparente;<\/li>\n\n\n\n<li>Qualquer garrafa de \u00e1gua e recipiente para lanches devem ser transparentes para facilitar a identifica\u00e7\u00e3o. Itens n\u00e3o transparentes ser\u00e3o descartados;<\/li>\n\n\n\n<li>Poder\u00e1 ser desclassificado qualquer candidato portando (mesmo que desligado) aparelhos eletr\u00f4nicos, tais como: telefones celulares, smartphones, chaves com alarme, controle de alarme de carro e moto, controle de port\u00e3o eletr\u00f4nico, rel\u00f3gio de qualquer esp\u00e9cie, fone de ouvido, \u00f3culos escuros, l\u00e1pis, quaisquer acess\u00f3rios como: chap\u00e9u, bon\u00e9;<\/li>\n\n\n\n<li>Os port\u00f5es ser\u00e3o fechados pontualmente \u00e0s 8 horas para os candidatos do per\u00edodo da manh\u00e3 (n\u00edvel m\u00e9dio) e \u00e0s 15 horas para os do per\u00edodo da tarde (n\u00edvel superior);<\/li>\n\n\n\n<li>\u00c9 obrigat\u00f3rio permanecer no local de realiza\u00e7\u00e3o das provas por, no m\u00ednimo, 120 minutos ap\u00f3s o in\u00edcio. O tempo total de aplica\u00e7\u00e3o da prova \u00e9 de 4 horas;<\/li>\n\n\n\n<li>Ser\u00e3o aceitos apenas documentos de identifica\u00e7\u00e3o expedidos por institui\u00e7\u00f5es espec\u00edficas, como Comandos Militares, Secretarias de Seguran\u00e7a P\u00fablica, Institutos de Identifica\u00e7\u00e3o, entre outros. Documentos digitais, certid\u00f5es de nascimento, CPF, t\u00edtulos eleitorais e carteiras de motorista sem foto n\u00e3o ser\u00e3o aceitos;<\/li>\n\n\n\n<li>Durante as provas, o documento de identidade do candidato deve permanecer vis\u00edvel sobre a carteira para os aplicadores. Ao final da prova, apenas o rascunho do gabarito poder\u00e1 ser levado.<\/li>\n<\/ul>\n\n\n\n<p>\u00c9 importante ressaltar que a organiza\u00e7\u00e3o do Concurso P\u00fablico do Quadro da Sa\u00fade \u00e9 de responsabilidade do Instituto 20 de Maio de Ensino, Ci\u00eancia e Tecnologia, com a supervis\u00e3o da Comiss\u00e3o Especial de Realiza\u00e7\u00e3o de Concursos P\u00fablicos, executada pela Coordena\u00e7\u00e3o de Desenvolvimento Estrat\u00e9gico (COPESE\/CDE) da Funda\u00e7\u00e3o Universidade Federal do Tocantins (UFT).<\/p>\n\n\n\n<p><br><strong>Locais de prova<\/strong><\/p>\n\n\n\n<ol class=\"wp-block-list\">\n<li>Escola Estadual Professora Eliz\u00e2ngela Gloria Cardoso<\/li>\n\n\n\n<li>Instituto Federal (IFTO) &#8211; C\u00e2mpus de Palmas<\/li>\n\n\n\n<li>UFT &#8211; Campus de Palmas<\/li>\n\n\n\n<li>UNITINS &#8211; Campus Graciosa<\/li>\n\n\n\n<li>Faculdade de Palmas &#8211; Fapal<\/li>\n\n\n\n<li>Centro Universit\u00e1rio Luterano de Palmas &#8211; Ulbra Palmas<\/li>\n\n\n\n<li>Escola Municipal de Tempo Integral Almirante Tamandar\u00e9<\/li>\n\n\n\n<li>Escola Municipal de Tempo Integral Padre Josimo Tavares<\/li>\n\n\n\n<li>Col\u00e9gio Militar Ant\u00f4nio Luiz Maya<\/li>\n\n\n\n<li>Escola de Tempo Integral Eur\u00eddice F. de Mello<\/li>\n\n\n\n<li>Escola Municipal de Tempo Integral Daniel Batista<\/li>\n\n\n\n<li>Escola de Tempo Integral An\u00edsio Sp\u00ednola Texeira<\/li>\n\n\n\n<li>Cat\u00f3lica &#8211; Centro Universit\u00e1rio Cat\u00f3lica do Tocantins<\/li>\n\n\n\n<li>Centro de Ensino M\u00e9dio&nbsp;(CEM) Tiradentes<\/li>\n<\/ol>\n","protected":false},"excerpt":{"rendered":"<p>No pr\u00f3ximo domingo, dia 28, ser\u00e3o realizadas as provas do Concurso do Quadro da Sa\u00fade de Palmas. O certame\u00a0oferece um total de 927 vagas para posse imediata e 2.317 para forma\u00e7\u00e3o de cadastro de reserva. Para garantir uma participa\u00e7\u00e3o tranquila, \u00e9 essencial que os candidatos estejam cientes de que os exames ser\u00e3o aplicados em 14 [&hellip;]<\/p>\n","protected":false},"author":10,"featured_media":0,"comment_status":"open","ping_status":"open","sticky":false,"template":"","format":"standard","meta":{"_acf_changed":false,"footnotes":""},"categories":[25,898,21],"tags":[],"class_list":["post-77035","post","type-post","status-publish","format-standard","hentry","category-funcionalismo","category-manchete-segundaria","category-todas-noticias"],"acf":[],"yoast_head":"<!-- This site is optimized with the Yoast SEO plugin v24.4 - https:\/\/yoast.com\/wordpress\/plugins\/seo\/ -->\n<title>Inscritos no concurso da Sa\u00fade de Palmas devem conferir checklist para dia tranquilo de prova - PORTAL DE NOT\u00cdCIAS CLEITON PINHEIRO<\/title>\n<meta name=\"robots\" content=\"index, follow, max-snippet:-1, max-image-preview:large, max-video-preview:-1\" \/>\n<link rel=\"canonical\" href=\"https:\/\/cleitonpinheiro.com.br\/site\/inscritos-no-concurso-da-saude-de-palmas-devem-conferir-checklist-para-dia-tranquilo-de-prova\/\" \/>\n<meta property=\"og:locale\" content=\"pt_BR\" \/>\n<meta property=\"og:type\" content=\"article\" \/>\n<meta property=\"og:title\" content=\"Inscritos no concurso da Sa\u00fade de Palmas devem conferir checklist para dia tranquilo de prova - PORTAL DE NOT\u00cdCIAS CLEITON PINHEIRO\" \/>\n<meta property=\"og:description\" content=\"No pr\u00f3ximo domingo, dia 28, ser\u00e3o realizadas as provas do Concurso do Quadro da Sa\u00fade de Palmas. O certame\u00a0oferece um total de 927 vagas para posse imediata e 2.317 para forma\u00e7\u00e3o de cadastro de reserva. Para garantir uma participa\u00e7\u00e3o tranquila, \u00e9 essencial que os candidatos estejam cientes de que os exames ser\u00e3o aplicados em 14 [&hellip;]\" \/>\n<meta property=\"og:url\" content=\"https:\/\/cleitonpinheiro.com.br\/site\/inscritos-no-concurso-da-saude-de-palmas-devem-conferir-checklist-para-dia-tranquilo-de-prova\/\" \/>\n<meta property=\"og:site_name\" content=\"PORTAL DE NOT\u00cdCIAS CLEITON PINHEIRO\" \/>\n<meta property=\"article:publisher\" content=\"https:\/\/www.facebook.com\/portalcpnoticias\/\" \/>\n<meta property=\"article:published_time\" content=\"2024-04-27T13:38:00+00:00\" \/>\n<meta property=\"article:modified_time\" content=\"2024-04-27T15:41:04+00:00\" \/>\n<meta property=\"og:image\" content=\"https:\/\/cleitonpinheiro.com.br\/site\/wp-content\/uploads\/2024\/04\/b21cdde1-6197-4c19-a19b-123fe13186bb.jpg\" \/>\n\t<meta property=\"og:image:width\" content=\"800\" \/>\n\t<meta property=\"og:image:height\" content=\"533\" \/>\n\t<meta property=\"og:image:type\" content=\"image\/jpeg\" \/>\n<meta name=\"author\" content=\"Cleiton Pinheiro\" \/>\n<meta name=\"twitter:card\" content=\"summary_large_image\" \/>\n<meta name=\"twitter:label1\" content=\"Escrito por\" \/>\n\t<meta name=\"twitter:data1\" content=\"Cleiton Pinheiro\" \/>\n\t<meta name=\"twitter:label2\" content=\"Est. tempo de leitura\" \/>\n\t<meta name=\"twitter:data2\" content=\"3 minutos\" \/>\n<script type=\"application\/ld+json\" class=\"yoast-schema-graph\">{\"@context\":\"https:\/\/schema.org\",\"@graph\":[{\"@type\":\"Article\",\"@id\":\"https:\/\/cleitonpinheiro.com.br\/site\/inscritos-no-concurso-da-saude-de-palmas-devem-conferir-checklist-para-dia-tranquilo-de-prova\/#article\",\"isPartOf\":{\"@id\":\"https:\/\/cleitonpinheiro.com.br\/site\/inscritos-no-concurso-da-saude-de-palmas-devem-conferir-checklist-para-dia-tranquilo-de-prova\/\"},\"author\":{\"name\":\"Cleiton Pinheiro\",\"@id\":\"https:\/\/cleitonpinheiro.com.br\/site\/#\/schema\/person\/62fd4eb98fcc8bd3fc477aaff264af51\"},\"headline\":\"Inscritos no concurso da Sa\u00fade de Palmas devem conferir checklist para dia tranquilo de prova\",\"datePublished\":\"2024-04-27T13:38:00+00:00\",\"dateModified\":\"2024-04-27T15:41:04+00:00\",\"mainEntityOfPage\":{\"@id\":\"https:\/\/cleitonpinheiro.com.br\/site\/inscritos-no-concurso-da-saude-de-palmas-devem-conferir-checklist-para-dia-tranquilo-de-prova\/\"},\"wordCount\":518,\"commentCount\":0,\"publisher\":{\"@id\":\"https:\/\/cleitonpinheiro.com.br\/site\/#organization\"},\"image\":{\"@id\":\"https:\/\/cleitonpinheiro.com.br\/site\/inscritos-no-concurso-da-saude-de-palmas-devem-conferir-checklist-para-dia-tranquilo-de-prova\/#primaryimage\"},\"thumbnailUrl\":\"https:\/\/cleitonpinheiro.com.br\/site\/wp-content\/uploads\/2024\/04\/b21cdde1-6197-4c19-a19b-123fe13186bb.jpg\",\"articleSection\":[\"FUNCIONALISMO\",\"MANCHETE SEGUND\u00c1RIA\",\"TODAS NOTICIAS\"],\"inLanguage\":\"pt-BR\",\"potentialAction\":[{\"@type\":\"CommentAction\",\"name\":\"Comment\",\"target\":[\"https:\/\/cleitonpinheiro.com.br\/site\/inscritos-no-concurso-da-saude-de-palmas-devem-conferir-checklist-para-dia-tranquilo-de-prova\/#respond\"]}]},{\"@type\":\"WebPage\",\"@id\":\"https:\/\/cleitonpinheiro.com.br\/site\/inscritos-no-concurso-da-saude-de-palmas-devem-conferir-checklist-para-dia-tranquilo-de-prova\/\",\"url\":\"https:\/\/cleitonpinheiro.com.br\/site\/inscritos-no-concurso-da-saude-de-palmas-devem-conferir-checklist-para-dia-tranquilo-de-prova\/\",\"name\":\"Inscritos no concurso da Sa\u00fade de Palmas devem conferir checklist para dia tranquilo de prova - PORTAL DE NOT\u00cdCIAS CLEITON PINHEIRO\",\"isPartOf\":{\"@id\":\"https:\/\/cleitonpinheiro.com.br\/site\/#website\"},\"primaryImageOfPage\":{\"@id\":\"https:\/\/cleitonpinheiro.com.br\/site\/inscritos-no-concurso-da-saude-de-palmas-devem-conferir-checklist-para-dia-tranquilo-de-prova\/#primaryimage\"},\"image\":{\"@id\":\"https:\/\/cleitonpinheiro.com.br\/site\/inscritos-no-concurso-da-saude-de-palmas-devem-conferir-checklist-para-dia-tranquilo-de-prova\/#primaryimage\"},\"thumbnailUrl\":\"https:\/\/cleitonpinheiro.com.br\/site\/wp-content\/uploads\/2024\/04\/b21cdde1-6197-4c19-a19b-123fe13186bb.jpg\",\"datePublished\":\"2024-04-27T13:38:00+00:00\",\"dateModified\":\"2024-04-27T15:41:04+00:00\",\"breadcrumb\":{\"@id\":\"https:\/\/cleitonpinheiro.com.br\/site\/inscritos-no-concurso-da-saude-de-palmas-devem-conferir-checklist-para-dia-tranquilo-de-prova\/#breadcrumb\"},\"inLanguage\":\"pt-BR\",\"potentialAction\":[{\"@type\":\"ReadAction\",\"target\":[\"https:\/\/cleitonpinheiro.com.br\/site\/inscritos-no-concurso-da-saude-de-palmas-devem-conferir-checklist-para-dia-tranquilo-de-prova\/\"]}]},{\"@type\":\"ImageObject\",\"inLanguage\":\"pt-BR\",\"@id\":\"https:\/\/cleitonpinheiro.com.br\/site\/inscritos-no-concurso-da-saude-de-palmas-devem-conferir-checklist-para-dia-tranquilo-de-prova\/#primaryimage\",\"url\":\"\",\"contentUrl\":\"\"},{\"@type\":\"BreadcrumbList\",\"@id\":\"https:\/\/cleitonpinheiro.com.br\/site\/inscritos-no-concurso-da-saude-de-palmas-devem-conferir-checklist-para-dia-tranquilo-de-prova\/#breadcrumb\",\"itemListElement\":[{\"@type\":\"ListItem\",\"position\":1,\"name\":\"In\u00edcio\",\"item\":\"https:\/\/cleitonpinheiro.com.br\/site\/\"},{\"@type\":\"ListItem\",\"position\":2,\"name\":\"Inscritos no concurso da Sa\u00fade de Palmas devem conferir checklist para dia tranquilo de prova\"}]},{\"@type\":\"WebSite\",\"@id\":\"https:\/\/cleitonpinheiro.com.br\/site\/#website\",\"url\":\"https:\/\/cleitonpinheiro.com.br\/site\/\",\"name\":\"PORTAL DE NOT\u00cdCIAS CLEITON PINHEIRO\",\"description\":\"FALANDO A VERDADE\",\"publisher\":{\"@id\":\"https:\/\/cleitonpinheiro.com.br\/site\/#organization\"},\"potentialAction\":[{\"@type\":\"SearchAction\",\"target\":{\"@type\":\"EntryPoint\",\"urlTemplate\":\"https:\/\/cleitonpinheiro.com.br\/site\/?s={search_term_string}\"},\"query-input\":{\"@type\":\"PropertyValueSpecification\",\"valueRequired\":true,\"valueName\":\"search_term_string\"}}],\"inLanguage\":\"pt-BR\"},{\"@type\":\"Organization\",\"@id\":\"https:\/\/cleitonpinheiro.com.br\/site\/#organization\",\"name\":\"CPNOT\u00cdCIAS\",\"url\":\"https:\/\/cleitonpinheiro.com.br\/site\/\",\"logo\":{\"@type\":\"ImageObject\",\"inLanguage\":\"pt-BR\",\"@id\":\"https:\/\/cleitonpinheiro.com.br\/site\/#\/schema\/logo\/image\/\",\"url\":\"https:\/\/cleitonpinheiro.com.br\/site\/wp-content\/uploads\/2022\/08\/Logo-pequena-2.png\",\"contentUrl\":\"https:\/\/cleitonpinheiro.com.br\/site\/wp-content\/uploads\/2022\/08\/Logo-pequena-2.png\",\"width\":500,\"height\":500,\"caption\":\"CPNOT\u00cdCIAS\"},\"image\":{\"@id\":\"https:\/\/cleitonpinheiro.com.br\/site\/#\/schema\/logo\/image\/\"},\"sameAs\":[\"https:\/\/www.facebook.com\/portalcpnoticias\/\"]},{\"@type\":\"Person\",\"@id\":\"https:\/\/cleitonpinheiro.com.br\/site\/#\/schema\/person\/62fd4eb98fcc8bd3fc477aaff264af51\",\"name\":\"Cleiton Pinheiro\",\"image\":{\"@type\":\"ImageObject\",\"inLanguage\":\"pt-BR\",\"@id\":\"https:\/\/cleitonpinheiro.com.br\/site\/#\/schema\/person\/image\/\",\"url\":\"https:\/\/secure.gravatar.com\/avatar\/15642ec35b78fe5eed3cfa8e4a3f3211d73a3df4f35f0566b4324958cba1b1b9?s=96&r=g\",\"contentUrl\":\"https:\/\/secure.gravatar.com\/avatar\/15642ec35b78fe5eed3cfa8e4a3f3211d73a3df4f35f0566b4324958cba1b1b9?s=96&r=g\",\"caption\":\"Cleiton Pinheiro\"},\"url\":\"https:\/\/cleitonpinheiro.com.br\/site\/author\/cleiton\/\"}]}<\/script>\n<!-- \/ Yoast SEO plugin. -->","yoast_head_json":{"title":"Inscritos no concurso da Sa\u00fade de Palmas devem conferir checklist para dia tranquilo de prova - PORTAL DE NOT\u00cdCIAS CLEITON PINHEIRO","robots":{"index":"index","follow":"follow","max-snippet":"max-snippet:-1","max-image-preview":"max-image-preview:large","max-video-preview":"max-video-preview:-1"},"canonical":"https:\/\/cleitonpinheiro.com.br\/site\/inscritos-no-concurso-da-saude-de-palmas-devem-conferir-checklist-para-dia-tranquilo-de-prova\/","og_locale":"pt_BR","og_type":"article","og_title":"Inscritos no concurso da Sa\u00fade de Palmas devem conferir checklist para dia tranquilo de prova - PORTAL DE NOT\u00cdCIAS CLEITON PINHEIRO","og_description":"No pr\u00f3ximo domingo, dia 28, ser\u00e3o realizadas as provas do Concurso do Quadro da Sa\u00fade de Palmas. O certame\u00a0oferece um total de 927 vagas para posse imediata e 2.317 para forma\u00e7\u00e3o de cadastro de reserva. Para garantir uma participa\u00e7\u00e3o tranquila, \u00e9 essencial que os candidatos estejam cientes de que os exames ser\u00e3o aplicados em 14 [&hellip;]","og_url":"https:\/\/cleitonpinheiro.com.br\/site\/inscritos-no-concurso-da-saude-de-palmas-devem-conferir-checklist-para-dia-tranquilo-de-prova\/","og_site_name":"PORTAL DE NOT\u00cdCIAS CLEITON PINHEIRO","article_publisher":"https:\/\/www.facebook.com\/portalcpnoticias\/","article_published_time":"2024-04-27T13:38:00+00:00","article_modified_time":"2024-04-27T15:41:04+00:00","og_image":[{"width":800,"height":533,"url":"https:\/\/cleitonpinheiro.com.br\/site\/wp-content\/uploads\/2024\/04\/b21cdde1-6197-4c19-a19b-123fe13186bb.jpg","type":"image\/jpeg"}],"author":"Cleiton Pinheiro","twitter_card":"summary_large_image","twitter_misc":{"Escrito por":"Cleiton Pinheiro","Est. tempo de leitura":"3 minutos"},"schema":{"@context":"https:\/\/schema.org","@graph":[{"@type":"Article","@id":"https:\/\/cleitonpinheiro.com.br\/site\/inscritos-no-concurso-da-saude-de-palmas-devem-conferir-checklist-para-dia-tranquilo-de-prova\/#article","isPartOf":{"@id":"https:\/\/cleitonpinheiro.com.br\/site\/inscritos-no-concurso-da-saude-de-palmas-devem-conferir-checklist-para-dia-tranquilo-de-prova\/"},"author":{"name":"Cleiton Pinheiro","@id":"https:\/\/cleitonpinheiro.com.br\/site\/#\/schema\/person\/62fd4eb98fcc8bd3fc477aaff264af51"},"headline":"Inscritos no concurso da Sa\u00fade de Palmas devem conferir checklist para dia tranquilo de prova","datePublished":"2024-04-27T13:38:00+00:00","dateModified":"2024-04-27T15:41:04+00:00","mainEntityOfPage":{"@id":"https:\/\/cleitonpinheiro.com.br\/site\/inscritos-no-concurso-da-saude-de-palmas-devem-conferir-checklist-para-dia-tranquilo-de-prova\/"},"wordCount":518,"commentCount":0,"publisher":{"@id":"https:\/\/cleitonpinheiro.com.br\/site\/#organization"},"image":{"@id":"https:\/\/cleitonpinheiro.com.br\/site\/inscritos-no-concurso-da-saude-de-palmas-devem-conferir-checklist-para-dia-tranquilo-de-prova\/#primaryimage"},"thumbnailUrl":"https:\/\/cleitonpinheiro.com.br\/site\/wp-content\/uploads\/2024\/04\/b21cdde1-6197-4c19-a19b-123fe13186bb.jpg","articleSection":["FUNCIONALISMO","MANCHETE SEGUND\u00c1RIA","TODAS NOTICIAS"],"inLanguage":"pt-BR","potentialAction":[{"@type":"CommentAction","name":"Comment","target":["https:\/\/cleitonpinheiro.com.br\/site\/inscritos-no-concurso-da-saude-de-palmas-devem-conferir-checklist-para-dia-tranquilo-de-prova\/#respond"]}]},{"@type":"WebPage","@id":"https:\/\/cleitonpinheiro.com.br\/site\/inscritos-no-concurso-da-saude-de-palmas-devem-conferir-checklist-para-dia-tranquilo-de-prova\/","url":"https:\/\/cleitonpinheiro.com.br\/site\/inscritos-no-concurso-da-saude-de-palmas-devem-conferir-checklist-para-dia-tranquilo-de-prova\/","name":"Inscritos no concurso da Sa\u00fade de Palmas devem conferir checklist para dia tranquilo de prova - PORTAL DE NOT\u00cdCIAS CLEITON PINHEIRO","isPartOf":{"@id":"https:\/\/cleitonpinheiro.com.br\/site\/#website"},"primaryImageOfPage":{"@id":"https:\/\/cleitonpinheiro.com.br\/site\/inscritos-no-concurso-da-saude-de-palmas-devem-conferir-checklist-para-dia-tranquilo-de-prova\/#primaryimage"},"image":{"@id":"https:\/\/cleitonpinheiro.com.br\/site\/inscritos-no-concurso-da-saude-de-palmas-devem-conferir-checklist-para-dia-tranquilo-de-prova\/#primaryimage"},"thumbnailUrl":"https:\/\/cleitonpinheiro.com.br\/site\/wp-content\/uploads\/2024\/04\/b21cdde1-6197-4c19-a19b-123fe13186bb.jpg","datePublished":"2024-04-27T13:38:00+00:00","dateModified":"2024-04-27T15:41:04+00:00","breadcrumb":{"@id":"https:\/\/cleitonpinheiro.com.br\/site\/inscritos-no-concurso-da-saude-de-palmas-devem-conferir-checklist-para-dia-tranquilo-de-prova\/#breadcrumb"},"inLanguage":"pt-BR","potentialAction":[{"@type":"ReadAction","target":["https:\/\/cleitonpinheiro.com.br\/site\/inscritos-no-concurso-da-saude-de-palmas-devem-conferir-checklist-para-dia-tranquilo-de-prova\/"]}]},{"@type":"ImageObject","inLanguage":"pt-BR","@id":"https:\/\/cleitonpinheiro.com.br\/site\/inscritos-no-concurso-da-saude-de-palmas-devem-conferir-checklist-para-dia-tranquilo-de-prova\/#primaryimage","url":"","contentUrl":""},{"@type":"BreadcrumbList","@id":"https:\/\/cleitonpinheiro.com.br\/site\/inscritos-no-concurso-da-saude-de-palmas-devem-conferir-checklist-para-dia-tranquilo-de-prova\/#breadcrumb","itemListElement":[{"@type":"ListItem","position":1,"name":"In\u00edcio","item":"https:\/\/cleitonpinheiro.com.br\/site\/"},{"@type":"ListItem","position":2,"name":"Inscritos no concurso da Sa\u00fade de Palmas devem conferir checklist para dia tranquilo de prova"}]},{"@type":"WebSite","@id":"https:\/\/cleitonpinheiro.com.br\/site\/#website","url":"https:\/\/cleitonpinheiro.com.br\/site\/","name":"PORTAL DE NOT\u00cdCIAS CLEITON PINHEIRO","description":"FALANDO A VERDADE","publisher":{"@id":"https:\/\/cleitonpinheiro.com.br\/site\/#organization"},"potentialAction":[{"@type":"SearchAction","target":{"@type":"EntryPoint","urlTemplate":"https:\/\/cleitonpinheiro.com.br\/site\/?s={search_term_string}"},"query-input":{"@type":"PropertyValueSpecification","valueRequired":true,"valueName":"search_term_string"}}],"inLanguage":"pt-BR"},{"@type":"Organization","@id":"https:\/\/cleitonpinheiro.com.br\/site\/#organization","name":"CPNOT\u00cdCIAS","url":"https:\/\/cleitonpinheiro.com.br\/site\/","logo":{"@type":"ImageObject","inLanguage":"pt-BR","@id":"https:\/\/cleitonpinheiro.com.br\/site\/#\/schema\/logo\/image\/","url":"https:\/\/cleitonpinheiro.com.br\/site\/wp-content\/uploads\/2022\/08\/Logo-pequena-2.png","contentUrl":"https:\/\/cleitonpinheiro.com.br\/site\/wp-content\/uploads\/2022\/08\/Logo-pequena-2.png","width":500,"height":500,"caption":"CPNOT\u00cdCIAS"},"image":{"@id":"https:\/\/cleitonpinheiro.com.br\/site\/#\/schema\/logo\/image\/"},"sameAs":["https:\/\/www.facebook.com\/portalcpnoticias\/"]},{"@type":"Person","@id":"https:\/\/cleitonpinheiro.com.br\/site\/#\/schema\/person\/62fd4eb98fcc8bd3fc477aaff264af51","name":"Cleiton Pinheiro","image":{"@type":"ImageObject","inLanguage":"pt-BR","@id":"https:\/\/cleitonpinheiro.com.br\/site\/#\/schema\/person\/image\/","url":"https:\/\/secure.gravatar.com\/avatar\/15642ec35b78fe5eed3cfa8e4a3f3211d73a3df4f35f0566b4324958cba1b1b9?s=96&r=g","contentUrl":"https:\/\/secure.gravatar.com\/avatar\/15642ec35b78fe5eed3cfa8e4a3f3211d73a3df4f35f0566b4324958cba1b1b9?s=96&r=g","caption":"Cleiton Pinheiro"},"url":"https:\/\/cleitonpinheiro.com.br\/site\/author\/cleiton\/"}]}},"views":235,"_links":{"self":[{"href":"https:\/\/cleitonpinheiro.com.br\/site\/wp-json\/wp\/v2\/posts\/77035","targetHints":{"allow":["GET"]}}],"collection":[{"href":"https:\/\/cleitonpinheiro.com.br\/site\/wp-json\/wp\/v2\/posts"}],"about":[{"href":"https:\/\/cleitonpinheiro.com.br\/site\/wp-json\/wp\/v2\/types\/post"}],"author":[{"embeddable":true,"href":"https:\/\/cleitonpinheiro.com.br\/site\/wp-json\/wp\/v2\/users\/10"}],"replies":[{"embeddable":true,"href":"https:\/\/cleitonpinheiro.com.br\/site\/wp-json\/wp\/v2\/comments?post=77035"}],"version-history":[{"count":1,"href":"https:\/\/cleitonpinheiro.com.br\/site\/wp-json\/wp\/v2\/posts\/77035\/revisions"}],"predecessor-version":[{"id":77037,"href":"https:\/\/cleitonpinheiro.com.br\/site\/wp-json\/wp\/v2\/posts\/77035\/revisions\/77037"}],"wp:attachment":[{"href":"https:\/\/cleitonpinheiro.com.br\/site\/wp-json\/wp\/v2\/media?parent=77035"}],"wp:term":[{"taxonomy":"category","embeddable":true,"href":"https:\/\/cleitonpinheiro.com.br\/site\/wp-json\/wp\/v2\/categories?post=77035"},{"taxonomy":"post_tag","embeddable":true,"href":"https:\/\/cleitonpinheiro.com.br\/site\/wp-json\/wp\/v2\/tags?post=77035"}],"curies":[{"name":"wp","href":"https:\/\/api.w.org\/{rel}","templated":true}]}}