{"id":77038,"date":"2024-04-29T14:05:59","date_gmt":"2024-04-29T17:05:59","guid":{"rendered":"https:\/\/cleitonpinheiro.com.br\/site\/?p=77038"},"modified":"2024-04-29T14:06:02","modified_gmt":"2024-04-29T17:06:02","slug":"prefeitura-de-palmas-promove-acao-de-promocao-da-saude-na-feira-da-arno-33-nesta-terca","status":"publish","type":"post","link":"https:\/\/cleitonpinheiro.com.br\/site\/prefeitura-de-palmas-promove-acao-de-promocao-da-saude-na-feira-da-arno-33-nesta-terca\/","title":{"rendered":"Prefeitura de Palmas promove a\u00e7\u00e3o de promo\u00e7\u00e3o da sa\u00fade na Feira da Arno 33 nesta ter\u00e7a"},"content":{"rendered":"\n<figure class=\"wp-block-image size-full\"><img decoding=\"async\" src=\"https:\/\/cleitonpinheiro.com.br\/site\/wp-content\/uploads\/2024\/04\/5349df3c-77af-4e20-99af-012df30f882a-compressed.jpg\" alt=\"\" class=\"wp-image-77041\"\/><figcaption class=\"wp-element-caption\">Para ter acesso aos servi\u00e7os popula\u00e7\u00e3o deve comparecer com cart\u00e3o SUS e documento pessoal &#8211; Foto: Francisco Barros\/Prefeitura de Palmas<\/figcaption><\/figure>\n\n\n\n<p>A Secretaria Municipal da Sa\u00fade (Semus) promover\u00e1 na pr\u00f3xima ter\u00e7a-feira, 30, a Feira da Sa\u00fade, que ser\u00e1 realizada na Feira da Arno 33 (307 Norte), a partir das 8h30. O objetivo da a\u00e7\u00e3o \u00e9 promover sa\u00fade e bem-estar \u00e0 comunidade local, oferecendo uma gama de servi\u00e7os, tais como aferi\u00e7\u00e3o de press\u00e3o, exame de bioimped\u00e2ncia, orienta\u00e7\u00f5es sobre planejamento familiar, oficinas sobre alimenta\u00e7\u00e3o e sa\u00fade mental&nbsp;e sess\u00f5es de auriculoterapia. Para ter acesso aos servi\u00e7os, a popula\u00e7\u00e3o deve comparecer ao local com o cart\u00e3o do Sistema \u00danico de Sa\u00fade (SUS) e documento pessoal.&nbsp;<\/p>\n\n\n\n<p>As atividades ser\u00e3o conduzidas por enfermeiros, assistentes sociais, psic\u00f3logos, fisioterapeutas, educadores f\u00edsicos, nutricionistas, agentes comunit\u00e1rios de sa\u00fade e acad\u00eamicos de enfermagem da Universidade Paulista (Unip). A Semus enfatiza a import\u00e2ncia da participa\u00e7\u00e3o dos moradores nesta iniciativa e destaca a necessidade de uma rotina di\u00e1ria de cuidados com a sa\u00fade para alcan\u00e7ar uma melhor qualidade de vida.&nbsp;<br>&nbsp;<\/p>\n\n\n\n<p><strong>Texto:<\/strong>&nbsp;Annady Borges &#8211; estagi\u00e1ria sob supervis\u00e3o da Coordena\u00e7\u00e3o de Jornalismo da Semus<\/p>\n","protected":false},"excerpt":{"rendered":"<p>A Secretaria Municipal da Sa\u00fade (Semus) promover\u00e1 na pr\u00f3xima ter\u00e7a-feira, 30, a Feira da Sa\u00fade, que ser\u00e1 realizada na Feira da Arno 33 (307 Norte), a partir das 8h30. O objetivo da a\u00e7\u00e3o \u00e9 promover sa\u00fade e bem-estar \u00e0 comunidade local, oferecendo uma gama de servi\u00e7os, tais como aferi\u00e7\u00e3o de press\u00e3o, exame de bioimped\u00e2ncia, orienta\u00e7\u00f5es [&hellip;]<\/p>\n","protected":false},"author":10,"featured_media":0,"comment_status":"open","ping_status":"open","sticky":false,"template":"","format":"standard","meta":{"_acf_changed":false,"footnotes":""},"categories":[22,898,21],"tags":[],"class_list":["post-77038","post","type-post","status-publish","format-standard","hentry","category-cidades","category-manchete-segundaria","category-todas-noticias"],"acf":[],"yoast_head":"<!-- This site is optimized with the Yoast SEO plugin v24.4 - https:\/\/yoast.com\/wordpress\/plugins\/seo\/ -->\n<title>Prefeitura de Palmas promove a\u00e7\u00e3o de promo\u00e7\u00e3o da sa\u00fade na Feira da Arno 33 nesta ter\u00e7a - PORTAL DE NOT\u00cdCIAS CLEITON PINHEIRO<\/title>\n<meta name=\"robots\" content=\"index, follow, max-snippet:-1, max-image-preview:large, max-video-preview:-1\" \/>\n<link rel=\"canonical\" href=\"https:\/\/cleitonpinheiro.com.br\/site\/prefeitura-de-palmas-promove-acao-de-promocao-da-saude-na-feira-da-arno-33-nesta-terca\/\" \/>\n<meta property=\"og:locale\" content=\"pt_BR\" \/>\n<meta property=\"og:type\" content=\"article\" \/>\n<meta property=\"og:title\" content=\"Prefeitura de Palmas promove a\u00e7\u00e3o de promo\u00e7\u00e3o da sa\u00fade na Feira da Arno 33 nesta ter\u00e7a - PORTAL DE NOT\u00cdCIAS CLEITON PINHEIRO\" \/>\n<meta property=\"og:description\" content=\"A Secretaria Municipal da Sa\u00fade (Semus) promover\u00e1 na pr\u00f3xima ter\u00e7a-feira, 30, a Feira da Sa\u00fade, que ser\u00e1 realizada na Feira da Arno 33 (307 Norte), a partir das 8h30. O objetivo da a\u00e7\u00e3o \u00e9 promover sa\u00fade e bem-estar \u00e0 comunidade local, oferecendo uma gama de servi\u00e7os, tais como aferi\u00e7\u00e3o de press\u00e3o, exame de bioimped\u00e2ncia, orienta\u00e7\u00f5es [&hellip;]\" \/>\n<meta property=\"og:url\" content=\"https:\/\/cleitonpinheiro.com.br\/site\/prefeitura-de-palmas-promove-acao-de-promocao-da-saude-na-feira-da-arno-33-nesta-terca\/\" \/>\n<meta property=\"og:site_name\" content=\"PORTAL DE NOT\u00cdCIAS CLEITON PINHEIRO\" \/>\n<meta property=\"article:publisher\" content=\"https:\/\/www.facebook.com\/portalcpnoticias\/\" \/>\n<meta property=\"article:published_time\" content=\"2024-04-29T17:05:59+00:00\" \/>\n<meta property=\"article:modified_time\" content=\"2024-04-29T17:06:02+00:00\" \/>\n<meta property=\"og:image\" content=\"https:\/\/cleitonpinheiro.com.br\/site\/wp-content\/uploads\/2024\/04\/5349df3c-77af-4e20-99af-012df30f882a-compressed.jpg\" \/>\n\t<meta property=\"og:image:width\" content=\"800\" \/>\n\t<meta property=\"og:image:height\" content=\"533\" \/>\n\t<meta property=\"og:image:type\" content=\"image\/jpeg\" \/>\n<meta name=\"author\" content=\"Cleiton Pinheiro\" \/>\n<meta name=\"twitter:card\" content=\"summary_large_image\" \/>\n<meta name=\"twitter:label1\" content=\"Escrito por\" \/>\n\t<meta name=\"twitter:data1\" content=\"Cleiton Pinheiro\" \/>\n\t<meta name=\"twitter:label2\" content=\"Est. tempo de leitura\" \/>\n\t<meta name=\"twitter:data2\" content=\"2 minutos\" \/>\n<script type=\"application\/ld+json\" class=\"yoast-schema-graph\">{\"@context\":\"https:\/\/schema.org\",\"@graph\":[{\"@type\":\"Article\",\"@id\":\"https:\/\/cleitonpinheiro.com.br\/site\/prefeitura-de-palmas-promove-acao-de-promocao-da-saude-na-feira-da-arno-33-nesta-terca\/#article\",\"isPartOf\":{\"@id\":\"https:\/\/cleitonpinheiro.com.br\/site\/prefeitura-de-palmas-promove-acao-de-promocao-da-saude-na-feira-da-arno-33-nesta-terca\/\"},\"author\":{\"name\":\"Cleiton Pinheiro\",\"@id\":\"https:\/\/cleitonpinheiro.com.br\/site\/#\/schema\/person\/62fd4eb98fcc8bd3fc477aaff264af51\"},\"headline\":\"Prefeitura de Palmas promove a\u00e7\u00e3o de promo\u00e7\u00e3o da sa\u00fade na Feira da Arno 33 nesta ter\u00e7a\",\"datePublished\":\"2024-04-29T17:05:59+00:00\",\"dateModified\":\"2024-04-29T17:06:02+00:00\",\"mainEntityOfPage\":{\"@id\":\"https:\/\/cleitonpinheiro.com.br\/site\/prefeitura-de-palmas-promove-acao-de-promocao-da-saude-na-feira-da-arno-33-nesta-terca\/\"},\"wordCount\":235,\"commentCount\":0,\"publisher\":{\"@id\":\"https:\/\/cleitonpinheiro.com.br\/site\/#organization\"},\"image\":{\"@id\":\"https:\/\/cleitonpinheiro.com.br\/site\/prefeitura-de-palmas-promove-acao-de-promocao-da-saude-na-feira-da-arno-33-nesta-terca\/#primaryimage\"},\"thumbnailUrl\":\"https:\/\/cleitonpinheiro.com.br\/site\/wp-content\/uploads\/2024\/04\/5349df3c-77af-4e20-99af-012df30f882a-compressed.jpg\",\"articleSection\":[\"CIDADES\",\"MANCHETE SEGUND\u00c1RIA\",\"TODAS NOTICIAS\"],\"inLanguage\":\"pt-BR\",\"potentialAction\":[{\"@type\":\"CommentAction\",\"name\":\"Comment\",\"target\":[\"https:\/\/cleitonpinheiro.com.br\/site\/prefeitura-de-palmas-promove-acao-de-promocao-da-saude-na-feira-da-arno-33-nesta-terca\/#respond\"]}]},{\"@type\":\"WebPage\",\"@id\":\"https:\/\/cleitonpinheiro.com.br\/site\/prefeitura-de-palmas-promove-acao-de-promocao-da-saude-na-feira-da-arno-33-nesta-terca\/\",\"url\":\"https:\/\/cleitonpinheiro.com.br\/site\/prefeitura-de-palmas-promove-acao-de-promocao-da-saude-na-feira-da-arno-33-nesta-terca\/\",\"name\":\"Prefeitura de Palmas promove a\u00e7\u00e3o de promo\u00e7\u00e3o da sa\u00fade na Feira da Arno 33 nesta ter\u00e7a - PORTAL DE NOT\u00cdCIAS CLEITON PINHEIRO\",\"isPartOf\":{\"@id\":\"https:\/\/cleitonpinheiro.com.br\/site\/#website\"},\"primaryImageOfPage\":{\"@id\":\"https:\/\/cleitonpinheiro.com.br\/site\/prefeitura-de-palmas-promove-acao-de-promocao-da-saude-na-feira-da-arno-33-nesta-terca\/#primaryimage\"},\"image\":{\"@id\":\"https:\/\/cleitonpinheiro.com.br\/site\/prefeitura-de-palmas-promove-acao-de-promocao-da-saude-na-feira-da-arno-33-nesta-terca\/#primaryimage\"},\"thumbnailUrl\":\"https:\/\/cleitonpinheiro.com.br\/site\/wp-content\/uploads\/2024\/04\/5349df3c-77af-4e20-99af-012df30f882a-compressed.jpg\",\"datePublished\":\"2024-04-29T17:05:59+00:00\",\"dateModified\":\"2024-04-29T17:06:02+00:00\",\"breadcrumb\":{\"@id\":\"https:\/\/cleitonpinheiro.com.br\/site\/prefeitura-de-palmas-promove-acao-de-promocao-da-saude-na-feira-da-arno-33-nesta-terca\/#breadcrumb\"},\"inLanguage\":\"pt-BR\",\"potentialAction\":[{\"@type\":\"ReadAction\",\"target\":[\"https:\/\/cleitonpinheiro.com.br\/site\/prefeitura-de-palmas-promove-acao-de-promocao-da-saude-na-feira-da-arno-33-nesta-terca\/\"]}]},{\"@type\":\"ImageObject\",\"inLanguage\":\"pt-BR\",\"@id\":\"https:\/\/cleitonpinheiro.com.br\/site\/prefeitura-de-palmas-promove-acao-de-promocao-da-saude-na-feira-da-arno-33-nesta-terca\/#primaryimage\",\"url\":\"\",\"contentUrl\":\"\"},{\"@type\":\"BreadcrumbList\",\"@id\":\"https:\/\/cleitonpinheiro.com.br\/site\/prefeitura-de-palmas-promove-acao-de-promocao-da-saude-na-feira-da-arno-33-nesta-terca\/#breadcrumb\",\"itemListElement\":[{\"@type\":\"ListItem\",\"position\":1,\"name\":\"In\u00edcio\",\"item\":\"https:\/\/cleitonpinheiro.com.br\/site\/\"},{\"@type\":\"ListItem\",\"position\":2,\"name\":\"Prefeitura de Palmas promove a\u00e7\u00e3o de promo\u00e7\u00e3o da sa\u00fade na Feira da Arno 33 nesta ter\u00e7a\"}]},{\"@type\":\"WebSite\",\"@id\":\"https:\/\/cleitonpinheiro.com.br\/site\/#website\",\"url\":\"https:\/\/cleitonpinheiro.com.br\/site\/\",\"name\":\"PORTAL DE NOT\u00cdCIAS CLEITON PINHEIRO\",\"description\":\"FALANDO A VERDADE\",\"publisher\":{\"@id\":\"https:\/\/cleitonpinheiro.com.br\/site\/#organization\"},\"potentialAction\":[{\"@type\":\"SearchAction\",\"target\":{\"@type\":\"EntryPoint\",\"urlTemplate\":\"https:\/\/cleitonpinheiro.com.br\/site\/?s={search_term_string}\"},\"query-input\":{\"@type\":\"PropertyValueSpecification\",\"valueRequired\":true,\"valueName\":\"search_term_string\"}}],\"inLanguage\":\"pt-BR\"},{\"@type\":\"Organization\",\"@id\":\"https:\/\/cleitonpinheiro.com.br\/site\/#organization\",\"name\":\"CPNOT\u00cdCIAS\",\"url\":\"https:\/\/cleitonpinheiro.com.br\/site\/\",\"logo\":{\"@type\":\"ImageObject\",\"inLanguage\":\"pt-BR\",\"@id\":\"https:\/\/cleitonpinheiro.com.br\/site\/#\/schema\/logo\/image\/\",\"url\":\"https:\/\/cleitonpinheiro.com.br\/site\/wp-content\/uploads\/2022\/08\/Logo-pequena-2.png\",\"contentUrl\":\"https:\/\/cleitonpinheiro.com.br\/site\/wp-content\/uploads\/2022\/08\/Logo-pequena-2.png\",\"width\":500,\"height\":500,\"caption\":\"CPNOT\u00cdCIAS\"},\"image\":{\"@id\":\"https:\/\/cleitonpinheiro.com.br\/site\/#\/schema\/logo\/image\/\"},\"sameAs\":[\"https:\/\/www.facebook.com\/portalcpnoticias\/\"]},{\"@type\":\"Person\",\"@id\":\"https:\/\/cleitonpinheiro.com.br\/site\/#\/schema\/person\/62fd4eb98fcc8bd3fc477aaff264af51\",\"name\":\"Cleiton Pinheiro\",\"image\":{\"@type\":\"ImageObject\",\"inLanguage\":\"pt-BR\",\"@id\":\"https:\/\/cleitonpinheiro.com.br\/site\/#\/schema\/person\/image\/\",\"url\":\"https:\/\/secure.gravatar.com\/avatar\/15642ec35b78fe5eed3cfa8e4a3f3211d73a3df4f35f0566b4324958cba1b1b9?s=96&r=g\",\"contentUrl\":\"https:\/\/secure.gravatar.com\/avatar\/15642ec35b78fe5eed3cfa8e4a3f3211d73a3df4f35f0566b4324958cba1b1b9?s=96&r=g\",\"caption\":\"Cleiton Pinheiro\"},\"url\":\"https:\/\/cleitonpinheiro.com.br\/site\/author\/cleiton\/\"}]}<\/script>\n<!-- \/ Yoast SEO plugin. -->","yoast_head_json":{"title":"Prefeitura de Palmas promove a\u00e7\u00e3o de promo\u00e7\u00e3o da sa\u00fade na Feira da Arno 33 nesta ter\u00e7a - PORTAL DE NOT\u00cdCIAS CLEITON PINHEIRO","robots":{"index":"index","follow":"follow","max-snippet":"max-snippet:-1","max-image-preview":"max-image-preview:large","max-video-preview":"max-video-preview:-1"},"canonical":"https:\/\/cleitonpinheiro.com.br\/site\/prefeitura-de-palmas-promove-acao-de-promocao-da-saude-na-feira-da-arno-33-nesta-terca\/","og_locale":"pt_BR","og_type":"article","og_title":"Prefeitura de Palmas promove a\u00e7\u00e3o de promo\u00e7\u00e3o da sa\u00fade na Feira da Arno 33 nesta ter\u00e7a - PORTAL DE NOT\u00cdCIAS CLEITON PINHEIRO","og_description":"A Secretaria Municipal da Sa\u00fade (Semus) promover\u00e1 na pr\u00f3xima ter\u00e7a-feira, 30, a Feira da Sa\u00fade, que ser\u00e1 realizada na Feira da Arno 33 (307 Norte), a partir das 8h30. O objetivo da a\u00e7\u00e3o \u00e9 promover sa\u00fade e bem-estar \u00e0 comunidade local, oferecendo uma gama de servi\u00e7os, tais como aferi\u00e7\u00e3o de press\u00e3o, exame de bioimped\u00e2ncia, orienta\u00e7\u00f5es [&hellip;]","og_url":"https:\/\/cleitonpinheiro.com.br\/site\/prefeitura-de-palmas-promove-acao-de-promocao-da-saude-na-feira-da-arno-33-nesta-terca\/","og_site_name":"PORTAL DE NOT\u00cdCIAS CLEITON PINHEIRO","article_publisher":"https:\/\/www.facebook.com\/portalcpnoticias\/","article_published_time":"2024-04-29T17:05:59+00:00","article_modified_time":"2024-04-29T17:06:02+00:00","og_image":[{"width":800,"height":533,"url":"https:\/\/cleitonpinheiro.com.br\/site\/wp-content\/uploads\/2024\/04\/5349df3c-77af-4e20-99af-012df30f882a-compressed.jpg","type":"image\/jpeg"}],"author":"Cleiton Pinheiro","twitter_card":"summary_large_image","twitter_misc":{"Escrito por":"Cleiton Pinheiro","Est. tempo de leitura":"2 minutos"},"schema":{"@context":"https:\/\/schema.org","@graph":[{"@type":"Article","@id":"https:\/\/cleitonpinheiro.com.br\/site\/prefeitura-de-palmas-promove-acao-de-promocao-da-saude-na-feira-da-arno-33-nesta-terca\/#article","isPartOf":{"@id":"https:\/\/cleitonpinheiro.com.br\/site\/prefeitura-de-palmas-promove-acao-de-promocao-da-saude-na-feira-da-arno-33-nesta-terca\/"},"author":{"name":"Cleiton Pinheiro","@id":"https:\/\/cleitonpinheiro.com.br\/site\/#\/schema\/person\/62fd4eb98fcc8bd3fc477aaff264af51"},"headline":"Prefeitura de Palmas promove a\u00e7\u00e3o de promo\u00e7\u00e3o da sa\u00fade na Feira da Arno 33 nesta ter\u00e7a","datePublished":"2024-04-29T17:05:59+00:00","dateModified":"2024-04-29T17:06:02+00:00","mainEntityOfPage":{"@id":"https:\/\/cleitonpinheiro.com.br\/site\/prefeitura-de-palmas-promove-acao-de-promocao-da-saude-na-feira-da-arno-33-nesta-terca\/"},"wordCount":235,"commentCount":0,"publisher":{"@id":"https:\/\/cleitonpinheiro.com.br\/site\/#organization"},"image":{"@id":"https:\/\/cleitonpinheiro.com.br\/site\/prefeitura-de-palmas-promove-acao-de-promocao-da-saude-na-feira-da-arno-33-nesta-terca\/#primaryimage"},"thumbnailUrl":"https:\/\/cleitonpinheiro.com.br\/site\/wp-content\/uploads\/2024\/04\/5349df3c-77af-4e20-99af-012df30f882a-compressed.jpg","articleSection":["CIDADES","MANCHETE SEGUND\u00c1RIA","TODAS NOTICIAS"],"inLanguage":"pt-BR","potentialAction":[{"@type":"CommentAction","name":"Comment","target":["https:\/\/cleitonpinheiro.com.br\/site\/prefeitura-de-palmas-promove-acao-de-promocao-da-saude-na-feira-da-arno-33-nesta-terca\/#respond"]}]},{"@type":"WebPage","@id":"https:\/\/cleitonpinheiro.com.br\/site\/prefeitura-de-palmas-promove-acao-de-promocao-da-saude-na-feira-da-arno-33-nesta-terca\/","url":"https:\/\/cleitonpinheiro.com.br\/site\/prefeitura-de-palmas-promove-acao-de-promocao-da-saude-na-feira-da-arno-33-nesta-terca\/","name":"Prefeitura de Palmas promove a\u00e7\u00e3o de promo\u00e7\u00e3o da sa\u00fade na Feira da Arno 33 nesta ter\u00e7a - PORTAL DE NOT\u00cdCIAS CLEITON PINHEIRO","isPartOf":{"@id":"https:\/\/cleitonpinheiro.com.br\/site\/#website"},"primaryImageOfPage":{"@id":"https:\/\/cleitonpinheiro.com.br\/site\/prefeitura-de-palmas-promove-acao-de-promocao-da-saude-na-feira-da-arno-33-nesta-terca\/#primaryimage"},"image":{"@id":"https:\/\/cleitonpinheiro.com.br\/site\/prefeitura-de-palmas-promove-acao-de-promocao-da-saude-na-feira-da-arno-33-nesta-terca\/#primaryimage"},"thumbnailUrl":"https:\/\/cleitonpinheiro.com.br\/site\/wp-content\/uploads\/2024\/04\/5349df3c-77af-4e20-99af-012df30f882a-compressed.jpg","datePublished":"2024-04-29T17:05:59+00:00","dateModified":"2024-04-29T17:06:02+00:00","breadcrumb":{"@id":"https:\/\/cleitonpinheiro.com.br\/site\/prefeitura-de-palmas-promove-acao-de-promocao-da-saude-na-feira-da-arno-33-nesta-terca\/#breadcrumb"},"inLanguage":"pt-BR","potentialAction":[{"@type":"ReadAction","target":["https:\/\/cleitonpinheiro.com.br\/site\/prefeitura-de-palmas-promove-acao-de-promocao-da-saude-na-feira-da-arno-33-nesta-terca\/"]}]},{"@type":"ImageObject","inLanguage":"pt-BR","@id":"https:\/\/cleitonpinheiro.com.br\/site\/prefeitura-de-palmas-promove-acao-de-promocao-da-saude-na-feira-da-arno-33-nesta-terca\/#primaryimage","url":"","contentUrl":""},{"@type":"BreadcrumbList","@id":"https:\/\/cleitonpinheiro.com.br\/site\/prefeitura-de-palmas-promove-acao-de-promocao-da-saude-na-feira-da-arno-33-nesta-terca\/#breadcrumb","itemListElement":[{"@type":"ListItem","position":1,"name":"In\u00edcio","item":"https:\/\/cleitonpinheiro.com.br\/site\/"},{"@type":"ListItem","position":2,"name":"Prefeitura de Palmas promove a\u00e7\u00e3o de promo\u00e7\u00e3o da sa\u00fade na Feira da Arno 33 nesta ter\u00e7a"}]},{"@type":"WebSite","@id":"https:\/\/cleitonpinheiro.com.br\/site\/#website","url":"https:\/\/cleitonpinheiro.com.br\/site\/","name":"PORTAL DE NOT\u00cdCIAS CLEITON PINHEIRO","description":"FALANDO A VERDADE","publisher":{"@id":"https:\/\/cleitonpinheiro.com.br\/site\/#organization"},"potentialAction":[{"@type":"SearchAction","target":{"@type":"EntryPoint","urlTemplate":"https:\/\/cleitonpinheiro.com.br\/site\/?s={search_term_string}"},"query-input":{"@type":"PropertyValueSpecification","valueRequired":true,"valueName":"search_term_string"}}],"inLanguage":"pt-BR"},{"@type":"Organization","@id":"https:\/\/cleitonpinheiro.com.br\/site\/#organization","name":"CPNOT\u00cdCIAS","url":"https:\/\/cleitonpinheiro.com.br\/site\/","logo":{"@type":"ImageObject","inLanguage":"pt-BR","@id":"https:\/\/cleitonpinheiro.com.br\/site\/#\/schema\/logo\/image\/","url":"https:\/\/cleitonpinheiro.com.br\/site\/wp-content\/uploads\/2022\/08\/Logo-pequena-2.png","contentUrl":"https:\/\/cleitonpinheiro.com.br\/site\/wp-content\/uploads\/2022\/08\/Logo-pequena-2.png","width":500,"height":500,"caption":"CPNOT\u00cdCIAS"},"image":{"@id":"https:\/\/cleitonpinheiro.com.br\/site\/#\/schema\/logo\/image\/"},"sameAs":["https:\/\/www.facebook.com\/portalcpnoticias\/"]},{"@type":"Person","@id":"https:\/\/cleitonpinheiro.com.br\/site\/#\/schema\/person\/62fd4eb98fcc8bd3fc477aaff264af51","name":"Cleiton Pinheiro","image":{"@type":"ImageObject","inLanguage":"pt-BR","@id":"https:\/\/cleitonpinheiro.com.br\/site\/#\/schema\/person\/image\/","url":"https:\/\/secure.gravatar.com\/avatar\/15642ec35b78fe5eed3cfa8e4a3f3211d73a3df4f35f0566b4324958cba1b1b9?s=96&r=g","contentUrl":"https:\/\/secure.gravatar.com\/avatar\/15642ec35b78fe5eed3cfa8e4a3f3211d73a3df4f35f0566b4324958cba1b1b9?s=96&r=g","caption":"Cleiton Pinheiro"},"url":"https:\/\/cleitonpinheiro.com.br\/site\/author\/cleiton\/"}]}},"views":179,"_links":{"self":[{"href":"https:\/\/cleitonpinheiro.com.br\/site\/wp-json\/wp\/v2\/posts\/77038","targetHints":{"allow":["GET"]}}],"collection":[{"href":"https:\/\/cleitonpinheiro.com.br\/site\/wp-json\/wp\/v2\/posts"}],"about":[{"href":"https:\/\/cleitonpinheiro.com.br\/site\/wp-json\/wp\/v2\/types\/post"}],"author":[{"embeddable":true,"href":"https:\/\/cleitonpinheiro.com.br\/site\/wp-json\/wp\/v2\/users\/10"}],"replies":[{"embeddable":true,"href":"https:\/\/cleitonpinheiro.com.br\/site\/wp-json\/wp\/v2\/comments?post=77038"}],"version-history":[{"count":2,"href":"https:\/\/cleitonpinheiro.com.br\/site\/wp-json\/wp\/v2\/posts\/77038\/revisions"}],"predecessor-version":[{"id":77042,"href":"https:\/\/cleitonpinheiro.com.br\/site\/wp-json\/wp\/v2\/posts\/77038\/revisions\/77042"}],"wp:attachment":[{"href":"https:\/\/cleitonpinheiro.com.br\/site\/wp-json\/wp\/v2\/media?parent=77038"}],"wp:term":[{"taxonomy":"category","embeddable":true,"href":"https:\/\/cleitonpinheiro.com.br\/site\/wp-json\/wp\/v2\/categories?post=77038"},{"taxonomy":"post_tag","embeddable":true,"href":"https:\/\/cleitonpinheiro.com.br\/site\/wp-json\/wp\/v2\/tags?post=77038"}],"curies":[{"name":"wp","href":"https:\/\/api.w.org\/{rel}","templated":true}]}}