{"id":77046,"date":"2024-04-26T10:38:52","date_gmt":"2024-04-26T13:38:52","guid":{"rendered":"https:\/\/cleitonpinheiro.com.br\/site\/?p=77046"},"modified":"2024-04-28T10:40:52","modified_gmt":"2024-04-28T13:40:52","slug":"instalacao-de-faixas-elevadas-contempla-mais-nove-pontos-em-palmas","status":"publish","type":"post","link":"https:\/\/cleitonpinheiro.com.br\/site\/instalacao-de-faixas-elevadas-contempla-mais-nove-pontos-em-palmas\/","title":{"rendered":"Instala\u00e7\u00e3o de faixas elevadas contempla mais nove pontos em Palmas"},"content":{"rendered":"\n<figure class=\"wp-block-image size-full\"><img decoding=\"async\" src=\"https:\/\/cleitonpinheiro.com.br\/site\/wp-content\/uploads\/2024\/04\/b05ffcd5-998b-4349-8b62-cd73eb586ac1.jpg\" alt=\"\" class=\"wp-image-77047\"\/><figcaption class=\"wp-element-caption\">Foto: Lia Mara\/Prefeitura de Palmas<\/figcaption><\/figure>\n\n\n\n<p>Seguindo com os trabalhos de instala\u00e7\u00e3o de\u00a0<a href=\"https:\/\/agenciapalmas.com\/Noticia\/241074\/prefeitura-inicia-instalacao-de-faixas-elevadas-em-diferentes-pontos-da-capital\" target=\"_blank\" rel=\"noreferrer noopener\">faixas elevadas<\/a>\u00a0em pontos estrat\u00e9gicos da Capital, a Secretaria de Seguran\u00e7a e Mobilidade Urbana (Sesmu) informou mais localidades que a partir desta segunda-feira, 22, ter\u00e3o in\u00edcio a constru\u00e7\u00e3o das novas faixas. A a\u00e7\u00e3o visa proporcionar mais seguran\u00e7a no tr\u00e2nsito para os pedestres, ciclistas e condutores, bem como diminuir os riscos de acidentes em raz\u00e3o do alto fluxo dos pedestres, principalmente, nas proximidades das unidades escolares e sa\u00fade.\u00a0Veja a galeria de fotos das obras nas faixas clicando\u00a0<a href=\"https:\/\/agenciapalmas.com\/Fotos\/162829\/Constru%C3%A7%C3%A3o-de-faixas-elevadas-nas-quadras-305-e-307-Norte\" target=\"_blank\" rel=\"noreferrer noopener\">aqui<\/a>.<\/p>\n\n\n\n<p>Nesta segunda etapa dos trabalhos,&nbsp;nove localidades distribu\u00eddas entre as regi\u00f5es Norte e Sul de Palmas foram contempladas. Vale ressaltar que a interdi\u00e7\u00e3o nestes pontos segue at\u00e9 o dia 1\u00ba de maio&nbsp;e \u00e9 necess\u00e1rio a colabora\u00e7\u00e3o dos palmenses para evitar transtornos e n\u00e3o dificultar os trabalhos das equipes.&nbsp;<\/p>\n\n\n\n<p><strong>Veja abaixo os locais contemplados<\/strong><\/p>\n\n\n\n<ul class=\"wp-block-list\">\n<li>CMEI Contos de Fada &#8211; Arno&nbsp;72 (quadra 605 Norte), Alameda 11, APM 02, n.02;<\/li>\n\n\n\n<li>Escola Municipal Luiz Gonzaga &#8211; Arno&nbsp;61 (quadra 503 Norte), Alameda 05, APM 06;<\/li>\n\n\n\n<li>Escola Municipal Anne Frank &#8211; Arne 14 (quadra 110 Norte), Alameda 7, 194;<\/li>\n\n\n\n<li>CMEI Pr\u00edncipes e Princesas &nbsp;&#8211; Arne 12 &nbsp;(quadra 106 Norte), alameda 17;<\/li>\n\n\n\n<li>Escola Municipal Henrique Talone &#8211; Arse 24 (quadra 210 Sul), &nbsp;alameda 5, lote 10;<\/li>\n\n\n\n<li>CMEI Carrossel &#8211; Arso 42 (quadra 405 Sul), alameda 9, QL 18;<\/li>\n\n\n\n<li>Escola Municipal Olga Ben\u00e1rio &#8211; &nbsp;Arso 61 (quadra 603 Sul), alameda 2;<\/li>\n\n\n\n<li>CMEI Sonho Encantado &#8211; Arse 111 (quadra 1104 Sul), alameda 9, 458;<\/li>\n\n\n\n<li>CMEI Mundo Feliz &#8211; Arse 111 (quadra 1104 Sul), alameda 7.\u00a0<\/li>\n<\/ul>\n\n\n\n<p>Texto: Prefeitura de Palmas<\/p>\n","protected":false},"excerpt":{"rendered":"<p>Seguindo com os trabalhos de instala\u00e7\u00e3o de\u00a0faixas elevadas\u00a0em pontos estrat\u00e9gicos da Capital, a Secretaria de Seguran\u00e7a e Mobilidade Urbana (Sesmu) informou mais localidades que a partir desta segunda-feira, 22, ter\u00e3o in\u00edcio a constru\u00e7\u00e3o das novas faixas. A a\u00e7\u00e3o visa proporcionar mais seguran\u00e7a no tr\u00e2nsito para os pedestres, ciclistas e condutores, bem como diminuir os riscos [&hellip;]<\/p>\n","protected":false},"author":10,"featured_media":0,"comment_status":"open","ping_status":"open","sticky":false,"template":"","format":"standard","meta":{"_acf_changed":false,"footnotes":""},"categories":[22,20,21],"tags":[],"class_list":["post-77046","post","type-post","status-publish","format-standard","hentry","category-cidades","category-noticias-em-destaque","category-todas-noticias"],"acf":[],"yoast_head":"<!-- This site is optimized with the Yoast SEO plugin v24.4 - https:\/\/yoast.com\/wordpress\/plugins\/seo\/ -->\n<title>Instala\u00e7\u00e3o de faixas elevadas contempla mais nove pontos em Palmas - PORTAL DE NOT\u00cdCIAS CLEITON PINHEIRO<\/title>\n<meta name=\"robots\" content=\"index, follow, max-snippet:-1, max-image-preview:large, max-video-preview:-1\" \/>\n<link rel=\"canonical\" href=\"https:\/\/cleitonpinheiro.com.br\/site\/instalacao-de-faixas-elevadas-contempla-mais-nove-pontos-em-palmas\/\" \/>\n<meta property=\"og:locale\" content=\"pt_BR\" \/>\n<meta property=\"og:type\" content=\"article\" \/>\n<meta property=\"og:title\" content=\"Instala\u00e7\u00e3o de faixas elevadas contempla mais nove pontos em Palmas - PORTAL DE NOT\u00cdCIAS CLEITON PINHEIRO\" \/>\n<meta property=\"og:description\" content=\"Seguindo com os trabalhos de instala\u00e7\u00e3o de\u00a0faixas elevadas\u00a0em pontos estrat\u00e9gicos da Capital, a Secretaria de Seguran\u00e7a e Mobilidade Urbana (Sesmu) informou mais localidades que a partir desta segunda-feira, 22, ter\u00e3o in\u00edcio a constru\u00e7\u00e3o das novas faixas. A a\u00e7\u00e3o visa proporcionar mais seguran\u00e7a no tr\u00e2nsito para os pedestres, ciclistas e condutores, bem como diminuir os riscos [&hellip;]\" \/>\n<meta property=\"og:url\" content=\"https:\/\/cleitonpinheiro.com.br\/site\/instalacao-de-faixas-elevadas-contempla-mais-nove-pontos-em-palmas\/\" \/>\n<meta property=\"og:site_name\" content=\"PORTAL DE NOT\u00cdCIAS CLEITON PINHEIRO\" \/>\n<meta property=\"article:publisher\" content=\"https:\/\/www.facebook.com\/portalcpnoticias\/\" \/>\n<meta property=\"article:published_time\" content=\"2024-04-26T13:38:52+00:00\" \/>\n<meta property=\"article:modified_time\" content=\"2024-04-28T13:40:52+00:00\" \/>\n<meta property=\"og:image\" content=\"https:\/\/cleitonpinheiro.com.br\/site\/wp-content\/uploads\/2024\/04\/b05ffcd5-998b-4349-8b62-cd73eb586ac1.jpg\" \/>\n\t<meta property=\"og:image:width\" content=\"800\" \/>\n\t<meta property=\"og:image:height\" content=\"533\" \/>\n\t<meta property=\"og:image:type\" content=\"image\/jpeg\" \/>\n<meta name=\"author\" content=\"Cleiton Pinheiro\" \/>\n<meta name=\"twitter:card\" content=\"summary_large_image\" \/>\n<meta name=\"twitter:label1\" content=\"Escrito por\" \/>\n\t<meta name=\"twitter:data1\" content=\"Cleiton Pinheiro\" \/>\n\t<meta name=\"twitter:label2\" content=\"Est. tempo de leitura\" \/>\n\t<meta name=\"twitter:data2\" content=\"2 minutos\" \/>\n<script type=\"application\/ld+json\" class=\"yoast-schema-graph\">{\"@context\":\"https:\/\/schema.org\",\"@graph\":[{\"@type\":\"Article\",\"@id\":\"https:\/\/cleitonpinheiro.com.br\/site\/instalacao-de-faixas-elevadas-contempla-mais-nove-pontos-em-palmas\/#article\",\"isPartOf\":{\"@id\":\"https:\/\/cleitonpinheiro.com.br\/site\/instalacao-de-faixas-elevadas-contempla-mais-nove-pontos-em-palmas\/\"},\"author\":{\"name\":\"Cleiton Pinheiro\",\"@id\":\"https:\/\/cleitonpinheiro.com.br\/site\/#\/schema\/person\/62fd4eb98fcc8bd3fc477aaff264af51\"},\"headline\":\"Instala\u00e7\u00e3o de faixas elevadas contempla mais nove pontos em Palmas\",\"datePublished\":\"2024-04-26T13:38:52+00:00\",\"dateModified\":\"2024-04-28T13:40:52+00:00\",\"mainEntityOfPage\":{\"@id\":\"https:\/\/cleitonpinheiro.com.br\/site\/instalacao-de-faixas-elevadas-contempla-mais-nove-pontos-em-palmas\/\"},\"wordCount\":267,\"commentCount\":0,\"publisher\":{\"@id\":\"https:\/\/cleitonpinheiro.com.br\/site\/#organization\"},\"image\":{\"@id\":\"https:\/\/cleitonpinheiro.com.br\/site\/instalacao-de-faixas-elevadas-contempla-mais-nove-pontos-em-palmas\/#primaryimage\"},\"thumbnailUrl\":\"https:\/\/cleitonpinheiro.com.br\/site\/wp-content\/uploads\/2024\/04\/b05ffcd5-998b-4349-8b62-cd73eb586ac1.jpg\",\"articleSection\":[\"CIDADES\",\"NOT\u00cdCIAS EM DESTAQUE\",\"TODAS NOTICIAS\"],\"inLanguage\":\"pt-BR\",\"potentialAction\":[{\"@type\":\"CommentAction\",\"name\":\"Comment\",\"target\":[\"https:\/\/cleitonpinheiro.com.br\/site\/instalacao-de-faixas-elevadas-contempla-mais-nove-pontos-em-palmas\/#respond\"]}]},{\"@type\":\"WebPage\",\"@id\":\"https:\/\/cleitonpinheiro.com.br\/site\/instalacao-de-faixas-elevadas-contempla-mais-nove-pontos-em-palmas\/\",\"url\":\"https:\/\/cleitonpinheiro.com.br\/site\/instalacao-de-faixas-elevadas-contempla-mais-nove-pontos-em-palmas\/\",\"name\":\"Instala\u00e7\u00e3o de faixas elevadas contempla mais nove pontos em Palmas - PORTAL DE NOT\u00cdCIAS CLEITON PINHEIRO\",\"isPartOf\":{\"@id\":\"https:\/\/cleitonpinheiro.com.br\/site\/#website\"},\"primaryImageOfPage\":{\"@id\":\"https:\/\/cleitonpinheiro.com.br\/site\/instalacao-de-faixas-elevadas-contempla-mais-nove-pontos-em-palmas\/#primaryimage\"},\"image\":{\"@id\":\"https:\/\/cleitonpinheiro.com.br\/site\/instalacao-de-faixas-elevadas-contempla-mais-nove-pontos-em-palmas\/#primaryimage\"},\"thumbnailUrl\":\"https:\/\/cleitonpinheiro.com.br\/site\/wp-content\/uploads\/2024\/04\/b05ffcd5-998b-4349-8b62-cd73eb586ac1.jpg\",\"datePublished\":\"2024-04-26T13:38:52+00:00\",\"dateModified\":\"2024-04-28T13:40:52+00:00\",\"breadcrumb\":{\"@id\":\"https:\/\/cleitonpinheiro.com.br\/site\/instalacao-de-faixas-elevadas-contempla-mais-nove-pontos-em-palmas\/#breadcrumb\"},\"inLanguage\":\"pt-BR\",\"potentialAction\":[{\"@type\":\"ReadAction\",\"target\":[\"https:\/\/cleitonpinheiro.com.br\/site\/instalacao-de-faixas-elevadas-contempla-mais-nove-pontos-em-palmas\/\"]}]},{\"@type\":\"ImageObject\",\"inLanguage\":\"pt-BR\",\"@id\":\"https:\/\/cleitonpinheiro.com.br\/site\/instalacao-de-faixas-elevadas-contempla-mais-nove-pontos-em-palmas\/#primaryimage\",\"url\":\"\",\"contentUrl\":\"\"},{\"@type\":\"BreadcrumbList\",\"@id\":\"https:\/\/cleitonpinheiro.com.br\/site\/instalacao-de-faixas-elevadas-contempla-mais-nove-pontos-em-palmas\/#breadcrumb\",\"itemListElement\":[{\"@type\":\"ListItem\",\"position\":1,\"name\":\"In\u00edcio\",\"item\":\"https:\/\/cleitonpinheiro.com.br\/site\/\"},{\"@type\":\"ListItem\",\"position\":2,\"name\":\"Instala\u00e7\u00e3o de faixas elevadas contempla mais nove pontos em Palmas\"}]},{\"@type\":\"WebSite\",\"@id\":\"https:\/\/cleitonpinheiro.com.br\/site\/#website\",\"url\":\"https:\/\/cleitonpinheiro.com.br\/site\/\",\"name\":\"PORTAL DE NOT\u00cdCIAS CLEITON PINHEIRO\",\"description\":\"FALANDO A VERDADE\",\"publisher\":{\"@id\":\"https:\/\/cleitonpinheiro.com.br\/site\/#organization\"},\"potentialAction\":[{\"@type\":\"SearchAction\",\"target\":{\"@type\":\"EntryPoint\",\"urlTemplate\":\"https:\/\/cleitonpinheiro.com.br\/site\/?s={search_term_string}\"},\"query-input\":{\"@type\":\"PropertyValueSpecification\",\"valueRequired\":true,\"valueName\":\"search_term_string\"}}],\"inLanguage\":\"pt-BR\"},{\"@type\":\"Organization\",\"@id\":\"https:\/\/cleitonpinheiro.com.br\/site\/#organization\",\"name\":\"CPNOT\u00cdCIAS\",\"url\":\"https:\/\/cleitonpinheiro.com.br\/site\/\",\"logo\":{\"@type\":\"ImageObject\",\"inLanguage\":\"pt-BR\",\"@id\":\"https:\/\/cleitonpinheiro.com.br\/site\/#\/schema\/logo\/image\/\",\"url\":\"https:\/\/cleitonpinheiro.com.br\/site\/wp-content\/uploads\/2022\/08\/Logo-pequena-2.png\",\"contentUrl\":\"https:\/\/cleitonpinheiro.com.br\/site\/wp-content\/uploads\/2022\/08\/Logo-pequena-2.png\",\"width\":500,\"height\":500,\"caption\":\"CPNOT\u00cdCIAS\"},\"image\":{\"@id\":\"https:\/\/cleitonpinheiro.com.br\/site\/#\/schema\/logo\/image\/\"},\"sameAs\":[\"https:\/\/www.facebook.com\/portalcpnoticias\/\"]},{\"@type\":\"Person\",\"@id\":\"https:\/\/cleitonpinheiro.com.br\/site\/#\/schema\/person\/62fd4eb98fcc8bd3fc477aaff264af51\",\"name\":\"Cleiton Pinheiro\",\"image\":{\"@type\":\"ImageObject\",\"inLanguage\":\"pt-BR\",\"@id\":\"https:\/\/cleitonpinheiro.com.br\/site\/#\/schema\/person\/image\/\",\"url\":\"https:\/\/secure.gravatar.com\/avatar\/15642ec35b78fe5eed3cfa8e4a3f3211d73a3df4f35f0566b4324958cba1b1b9?s=96&r=g\",\"contentUrl\":\"https:\/\/secure.gravatar.com\/avatar\/15642ec35b78fe5eed3cfa8e4a3f3211d73a3df4f35f0566b4324958cba1b1b9?s=96&r=g\",\"caption\":\"Cleiton Pinheiro\"},\"url\":\"https:\/\/cleitonpinheiro.com.br\/site\/author\/cleiton\/\"}]}<\/script>\n<!-- \/ Yoast SEO plugin. -->","yoast_head_json":{"title":"Instala\u00e7\u00e3o de faixas elevadas contempla mais nove pontos em Palmas - PORTAL DE NOT\u00cdCIAS CLEITON PINHEIRO","robots":{"index":"index","follow":"follow","max-snippet":"max-snippet:-1","max-image-preview":"max-image-preview:large","max-video-preview":"max-video-preview:-1"},"canonical":"https:\/\/cleitonpinheiro.com.br\/site\/instalacao-de-faixas-elevadas-contempla-mais-nove-pontos-em-palmas\/","og_locale":"pt_BR","og_type":"article","og_title":"Instala\u00e7\u00e3o de faixas elevadas contempla mais nove pontos em Palmas - PORTAL DE NOT\u00cdCIAS CLEITON PINHEIRO","og_description":"Seguindo com os trabalhos de instala\u00e7\u00e3o de\u00a0faixas elevadas\u00a0em pontos estrat\u00e9gicos da Capital, a Secretaria de Seguran\u00e7a e Mobilidade Urbana (Sesmu) informou mais localidades que a partir desta segunda-feira, 22, ter\u00e3o in\u00edcio a constru\u00e7\u00e3o das novas faixas. A a\u00e7\u00e3o visa proporcionar mais seguran\u00e7a no tr\u00e2nsito para os pedestres, ciclistas e condutores, bem como diminuir os riscos [&hellip;]","og_url":"https:\/\/cleitonpinheiro.com.br\/site\/instalacao-de-faixas-elevadas-contempla-mais-nove-pontos-em-palmas\/","og_site_name":"PORTAL DE NOT\u00cdCIAS CLEITON PINHEIRO","article_publisher":"https:\/\/www.facebook.com\/portalcpnoticias\/","article_published_time":"2024-04-26T13:38:52+00:00","article_modified_time":"2024-04-28T13:40:52+00:00","og_image":[{"width":800,"height":533,"url":"https:\/\/cleitonpinheiro.com.br\/site\/wp-content\/uploads\/2024\/04\/b05ffcd5-998b-4349-8b62-cd73eb586ac1.jpg","type":"image\/jpeg"}],"author":"Cleiton Pinheiro","twitter_card":"summary_large_image","twitter_misc":{"Escrito por":"Cleiton Pinheiro","Est. tempo de leitura":"2 minutos"},"schema":{"@context":"https:\/\/schema.org","@graph":[{"@type":"Article","@id":"https:\/\/cleitonpinheiro.com.br\/site\/instalacao-de-faixas-elevadas-contempla-mais-nove-pontos-em-palmas\/#article","isPartOf":{"@id":"https:\/\/cleitonpinheiro.com.br\/site\/instalacao-de-faixas-elevadas-contempla-mais-nove-pontos-em-palmas\/"},"author":{"name":"Cleiton Pinheiro","@id":"https:\/\/cleitonpinheiro.com.br\/site\/#\/schema\/person\/62fd4eb98fcc8bd3fc477aaff264af51"},"headline":"Instala\u00e7\u00e3o de faixas elevadas contempla mais nove pontos em Palmas","datePublished":"2024-04-26T13:38:52+00:00","dateModified":"2024-04-28T13:40:52+00:00","mainEntityOfPage":{"@id":"https:\/\/cleitonpinheiro.com.br\/site\/instalacao-de-faixas-elevadas-contempla-mais-nove-pontos-em-palmas\/"},"wordCount":267,"commentCount":0,"publisher":{"@id":"https:\/\/cleitonpinheiro.com.br\/site\/#organization"},"image":{"@id":"https:\/\/cleitonpinheiro.com.br\/site\/instalacao-de-faixas-elevadas-contempla-mais-nove-pontos-em-palmas\/#primaryimage"},"thumbnailUrl":"https:\/\/cleitonpinheiro.com.br\/site\/wp-content\/uploads\/2024\/04\/b05ffcd5-998b-4349-8b62-cd73eb586ac1.jpg","articleSection":["CIDADES","NOT\u00cdCIAS EM DESTAQUE","TODAS NOTICIAS"],"inLanguage":"pt-BR","potentialAction":[{"@type":"CommentAction","name":"Comment","target":["https:\/\/cleitonpinheiro.com.br\/site\/instalacao-de-faixas-elevadas-contempla-mais-nove-pontos-em-palmas\/#respond"]}]},{"@type":"WebPage","@id":"https:\/\/cleitonpinheiro.com.br\/site\/instalacao-de-faixas-elevadas-contempla-mais-nove-pontos-em-palmas\/","url":"https:\/\/cleitonpinheiro.com.br\/site\/instalacao-de-faixas-elevadas-contempla-mais-nove-pontos-em-palmas\/","name":"Instala\u00e7\u00e3o de faixas elevadas contempla mais nove pontos em Palmas - PORTAL DE NOT\u00cdCIAS CLEITON PINHEIRO","isPartOf":{"@id":"https:\/\/cleitonpinheiro.com.br\/site\/#website"},"primaryImageOfPage":{"@id":"https:\/\/cleitonpinheiro.com.br\/site\/instalacao-de-faixas-elevadas-contempla-mais-nove-pontos-em-palmas\/#primaryimage"},"image":{"@id":"https:\/\/cleitonpinheiro.com.br\/site\/instalacao-de-faixas-elevadas-contempla-mais-nove-pontos-em-palmas\/#primaryimage"},"thumbnailUrl":"https:\/\/cleitonpinheiro.com.br\/site\/wp-content\/uploads\/2024\/04\/b05ffcd5-998b-4349-8b62-cd73eb586ac1.jpg","datePublished":"2024-04-26T13:38:52+00:00","dateModified":"2024-04-28T13:40:52+00:00","breadcrumb":{"@id":"https:\/\/cleitonpinheiro.com.br\/site\/instalacao-de-faixas-elevadas-contempla-mais-nove-pontos-em-palmas\/#breadcrumb"},"inLanguage":"pt-BR","potentialAction":[{"@type":"ReadAction","target":["https:\/\/cleitonpinheiro.com.br\/site\/instalacao-de-faixas-elevadas-contempla-mais-nove-pontos-em-palmas\/"]}]},{"@type":"ImageObject","inLanguage":"pt-BR","@id":"https:\/\/cleitonpinheiro.com.br\/site\/instalacao-de-faixas-elevadas-contempla-mais-nove-pontos-em-palmas\/#primaryimage","url":"","contentUrl":""},{"@type":"BreadcrumbList","@id":"https:\/\/cleitonpinheiro.com.br\/site\/instalacao-de-faixas-elevadas-contempla-mais-nove-pontos-em-palmas\/#breadcrumb","itemListElement":[{"@type":"ListItem","position":1,"name":"In\u00edcio","item":"https:\/\/cleitonpinheiro.com.br\/site\/"},{"@type":"ListItem","position":2,"name":"Instala\u00e7\u00e3o de faixas elevadas contempla mais nove pontos em Palmas"}]},{"@type":"WebSite","@id":"https:\/\/cleitonpinheiro.com.br\/site\/#website","url":"https:\/\/cleitonpinheiro.com.br\/site\/","name":"PORTAL DE NOT\u00cdCIAS CLEITON PINHEIRO","description":"FALANDO A VERDADE","publisher":{"@id":"https:\/\/cleitonpinheiro.com.br\/site\/#organization"},"potentialAction":[{"@type":"SearchAction","target":{"@type":"EntryPoint","urlTemplate":"https:\/\/cleitonpinheiro.com.br\/site\/?s={search_term_string}"},"query-input":{"@type":"PropertyValueSpecification","valueRequired":true,"valueName":"search_term_string"}}],"inLanguage":"pt-BR"},{"@type":"Organization","@id":"https:\/\/cleitonpinheiro.com.br\/site\/#organization","name":"CPNOT\u00cdCIAS","url":"https:\/\/cleitonpinheiro.com.br\/site\/","logo":{"@type":"ImageObject","inLanguage":"pt-BR","@id":"https:\/\/cleitonpinheiro.com.br\/site\/#\/schema\/logo\/image\/","url":"https:\/\/cleitonpinheiro.com.br\/site\/wp-content\/uploads\/2022\/08\/Logo-pequena-2.png","contentUrl":"https:\/\/cleitonpinheiro.com.br\/site\/wp-content\/uploads\/2022\/08\/Logo-pequena-2.png","width":500,"height":500,"caption":"CPNOT\u00cdCIAS"},"image":{"@id":"https:\/\/cleitonpinheiro.com.br\/site\/#\/schema\/logo\/image\/"},"sameAs":["https:\/\/www.facebook.com\/portalcpnoticias\/"]},{"@type":"Person","@id":"https:\/\/cleitonpinheiro.com.br\/site\/#\/schema\/person\/62fd4eb98fcc8bd3fc477aaff264af51","name":"Cleiton Pinheiro","image":{"@type":"ImageObject","inLanguage":"pt-BR","@id":"https:\/\/cleitonpinheiro.com.br\/site\/#\/schema\/person\/image\/","url":"https:\/\/secure.gravatar.com\/avatar\/15642ec35b78fe5eed3cfa8e4a3f3211d73a3df4f35f0566b4324958cba1b1b9?s=96&r=g","contentUrl":"https:\/\/secure.gravatar.com\/avatar\/15642ec35b78fe5eed3cfa8e4a3f3211d73a3df4f35f0566b4324958cba1b1b9?s=96&r=g","caption":"Cleiton Pinheiro"},"url":"https:\/\/cleitonpinheiro.com.br\/site\/author\/cleiton\/"}]}},"views":130,"_links":{"self":[{"href":"https:\/\/cleitonpinheiro.com.br\/site\/wp-json\/wp\/v2\/posts\/77046","targetHints":{"allow":["GET"]}}],"collection":[{"href":"https:\/\/cleitonpinheiro.com.br\/site\/wp-json\/wp\/v2\/posts"}],"about":[{"href":"https:\/\/cleitonpinheiro.com.br\/site\/wp-json\/wp\/v2\/types\/post"}],"author":[{"embeddable":true,"href":"https:\/\/cleitonpinheiro.com.br\/site\/wp-json\/wp\/v2\/users\/10"}],"replies":[{"embeddable":true,"href":"https:\/\/cleitonpinheiro.com.br\/site\/wp-json\/wp\/v2\/comments?post=77046"}],"version-history":[{"count":1,"href":"https:\/\/cleitonpinheiro.com.br\/site\/wp-json\/wp\/v2\/posts\/77046\/revisions"}],"predecessor-version":[{"id":77048,"href":"https:\/\/cleitonpinheiro.com.br\/site\/wp-json\/wp\/v2\/posts\/77046\/revisions\/77048"}],"wp:attachment":[{"href":"https:\/\/cleitonpinheiro.com.br\/site\/wp-json\/wp\/v2\/media?parent=77046"}],"wp:term":[{"taxonomy":"category","embeddable":true,"href":"https:\/\/cleitonpinheiro.com.br\/site\/wp-json\/wp\/v2\/categories?post=77046"},{"taxonomy":"post_tag","embeddable":true,"href":"https:\/\/cleitonpinheiro.com.br\/site\/wp-json\/wp\/v2\/tags?post=77046"}],"curies":[{"name":"wp","href":"https:\/\/api.w.org\/{rel}","templated":true}]}}