{"id":77049,"date":"2024-04-25T10:41:17","date_gmt":"2024-04-25T13:41:17","guid":{"rendered":"https:\/\/cleitonpinheiro.com.br\/site\/?p=77049"},"modified":"2024-04-28T10:43:10","modified_gmt":"2024-04-28T13:43:10","slug":"provas-do-concurso-da-saude-acontecem-neste-fim-de-semana-em-palmas","status":"publish","type":"post","link":"https:\/\/cleitonpinheiro.com.br\/site\/provas-do-concurso-da-saude-acontecem-neste-fim-de-semana-em-palmas\/","title":{"rendered":"Provas do Concurso da Sa\u00fade acontecem neste fim de semana em Palmas"},"content":{"rendered":"\n<figure class=\"wp-block-image size-full\"><img decoding=\"async\" src=\"https:\/\/cleitonpinheiro.com.br\/site\/wp-content\/uploads\/2024\/04\/46ab3c8b-014d-4fcd-8af5-57f6b1219bda.jpg\" alt=\"\" class=\"wp-image-77050\"\/><figcaption class=\"wp-element-caption\">Foto: Regiane Rocha\/Prefeitura de Palmas<\/figcaption><\/figure>\n\n\n\n<p>As provas objetivas para o Concurso do Quadro da Sa\u00fade da Prefeitura de Palmas ser\u00e3o realizadas neste domingo, 28, em 14 locais de Palmas. Pela manh\u00e3, ser\u00e3o aplicadas as provas\u00a0para todos os cargos de n\u00edvel m\u00e9dio e, \u00e0 tarde, para todos os cargos de n\u00edvel superior. Para consultar o local de prova,\u00a0<a href=\"http:\/\/selecao.uft.edu.br\/externo\/palmas_saude_2024\/index.php?option=com_candidato\" target=\"_blank\" rel=\"noreferrer noopener\">clique aqui<\/a>.\u00a0Para garantir a entrada na sala de provas, \u00e9 imprescind\u00edvel que o candidato esteja em posse de caneta preta ou azul fabricada em material transparente e um documento de identidade original com foto.<\/p>\n\n\n\n<p>Pela manh\u00e3, turno destinado \u00e0s provas de n\u00edvel m\u00e9dio, o fechamento dos port\u00f5es est\u00e1 programado para as 8h, com o in\u00edcio das provas \u00e0s 8h10. Durante a tarde, o fechamento dos port\u00f5es ocorrer\u00e1 \u00e0s 15h, com in\u00edcio das provas \u00e0s 15h10&nbsp;para todos os cargos de n\u00edvel superior. A aplica\u00e7\u00e3o ter\u00e1 dura\u00e7\u00e3o de 4 horas.&nbsp;<\/p>\n\n\n\n<p><strong>Provas<\/strong><\/p>\n\n\n\n<p>As provas de conhecimento ser\u00e3o compostas por 40 quest\u00f5es objetivas, em formato de m\u00faltipla escolha, nas \u00e1reas de L\u00edngua Portuguesa, Hist\u00f3ria e Geografia do Tocantins, Legisla\u00e7\u00e3o do Sistema \u00danico de Sa\u00fade, Legisla\u00e7\u00e3o pertinente ao Munic\u00edpio de Palmas e conhecimentos espec\u00edficos. Cada quest\u00e3o ter\u00e1 um valor de 2,5 pontos, totalizando cem&nbsp;poss\u00edveis pontos.<\/p>\n\n\n\n<p>O concurso atraiu mais de 28 mil inscri\u00e7\u00f5es homologadas que concorrem a 927 vagas de posse imediata e 2.317 para forma\u00e7\u00e3o de cadastro de reserva. As remunera\u00e7\u00f5es variam de 2.542,03 a R$ 5.084,05, al\u00e9m de&nbsp;gratifica\u00e7\u00f5es.&nbsp;<\/p>\n\n\n\n<p>A organiza\u00e7\u00e3o \u00e9 do Instituto 20 de Maio de Ensino, Ci\u00eancia e Tecnologia do Munic\u00edpio de Palmas (IVM), com apoio da Comiss\u00e3o Especial Organizadora dos Concursos P\u00fablicos do Munic\u00edpio de Palmas e execu\u00e7\u00e3o pela Coordena\u00e7\u00e3o de Desenvolvimento Estrat\u00e9gico (Copese\/CDE) da Universidade Federal do Tocantins (UFT). O acompanhamento do cronograma do concurso \u00e9 de responsabilidade do candidato e deve ser feito por meio do site&nbsp;<a href=\"http:\/\/www.copese.uft.edu.br\/\" target=\"_blank\" rel=\"noreferrer noopener\">www.copese.uft.edu.br<\/a>.<\/p>\n\n\n\n<p><br><strong>Documentos aceitos<\/strong><\/p>\n\n\n\n<p>Conforme especificado no edital de abertura, n\u00e3o ser\u00e3o aceitos documentos digitais apresentados em equipamentos eletr\u00f4nicos visto que o mesmo deve ficar dispon\u00edvel durante todo o per\u00edodo de prova e o porte de equipamento eletr\u00f4nico \u00e9 proibido. Ser\u00e3o considerados como documentos de identidade desde que contenham foto os seguintes:<\/p>\n\n\n\n<ul class=\"wp-block-list\">\n<li>Carteiras expedidas pelos Comandos Militares, pelas Secretarias de Seguran\u00e7a P\u00fablica, pelos Institutos de Identifica\u00e7\u00e3o e pelos Corpos de Bombeiros Militares;&nbsp;<\/li>\n\n\n\n<li>Carteiras expedidas por \u00f3rg\u00e3os fiscalizadores de exerc\u00edcio profissional (ordens, conselhos, etc.);&nbsp;<\/li>\n\n\n\n<li>Passaporte brasileiro<\/li>\n\n\n\n<li>Certificado de reservista;&nbsp;<\/li>\n\n\n\n<li>Carteiras funcionais do Minist\u00e9rio P\u00fablico;&nbsp;<\/li>\n\n\n\n<li>Carteiras funcionais expedidas por \u00f3rg\u00e3o p\u00fablico que, por lei federal, tenham validade como identidade;&nbsp;<\/li>\n\n\n\n<li>Carteira de Trabalho;&nbsp;<\/li>\n\n\n\n<li>Carteira Nacional de Habilita\u00e7\u00e3o (CNH)\u00a0\u2013 modelo aprovado pelo art. 159 da Lei n\u00ba 9.503, de 23 de setembro de 1997.<\/li>\n<\/ul>\n\n\n\n<p>Texto: Prefeitura de Palmas<\/p>\n","protected":false},"excerpt":{"rendered":"<p>As provas objetivas para o Concurso do Quadro da Sa\u00fade da Prefeitura de Palmas ser\u00e3o realizadas neste domingo, 28, em 14 locais de Palmas. Pela manh\u00e3, ser\u00e3o aplicadas as provas\u00a0para todos os cargos de n\u00edvel m\u00e9dio e, \u00e0 tarde, para todos os cargos de n\u00edvel superior. Para consultar o local de prova,\u00a0clique aqui.\u00a0Para garantir a [&hellip;]<\/p>\n","protected":false},"author":10,"featured_media":0,"comment_status":"open","ping_status":"open","sticky":false,"template":"","format":"standard","meta":{"_acf_changed":false,"footnotes":""},"categories":[25,898,21],"tags":[],"class_list":["post-77049","post","type-post","status-publish","format-standard","hentry","category-funcionalismo","category-manchete-segundaria","category-todas-noticias"],"acf":[],"yoast_head":"<!-- This site is optimized with the Yoast SEO plugin v24.4 - https:\/\/yoast.com\/wordpress\/plugins\/seo\/ -->\n<title>Provas do Concurso da Sa\u00fade acontecem neste fim de semana em Palmas - PORTAL DE NOT\u00cdCIAS CLEITON PINHEIRO<\/title>\n<meta name=\"robots\" content=\"index, follow, max-snippet:-1, max-image-preview:large, max-video-preview:-1\" \/>\n<link rel=\"canonical\" href=\"https:\/\/cleitonpinheiro.com.br\/site\/provas-do-concurso-da-saude-acontecem-neste-fim-de-semana-em-palmas\/\" \/>\n<meta property=\"og:locale\" content=\"pt_BR\" \/>\n<meta property=\"og:type\" content=\"article\" \/>\n<meta property=\"og:title\" content=\"Provas do Concurso da Sa\u00fade acontecem neste fim de semana em Palmas - PORTAL DE NOT\u00cdCIAS CLEITON PINHEIRO\" \/>\n<meta property=\"og:description\" content=\"As provas objetivas para o Concurso do Quadro da Sa\u00fade da Prefeitura de Palmas ser\u00e3o realizadas neste domingo, 28, em 14 locais de Palmas. Pela manh\u00e3, ser\u00e3o aplicadas as provas\u00a0para todos os cargos de n\u00edvel m\u00e9dio e, \u00e0 tarde, para todos os cargos de n\u00edvel superior. Para consultar o local de prova,\u00a0clique aqui.\u00a0Para garantir a [&hellip;]\" \/>\n<meta property=\"og:url\" content=\"https:\/\/cleitonpinheiro.com.br\/site\/provas-do-concurso-da-saude-acontecem-neste-fim-de-semana-em-palmas\/\" \/>\n<meta property=\"og:site_name\" content=\"PORTAL DE NOT\u00cdCIAS CLEITON PINHEIRO\" \/>\n<meta property=\"article:publisher\" content=\"https:\/\/www.facebook.com\/portalcpnoticias\/\" \/>\n<meta property=\"article:published_time\" content=\"2024-04-25T13:41:17+00:00\" \/>\n<meta property=\"article:modified_time\" content=\"2024-04-28T13:43:10+00:00\" \/>\n<meta property=\"og:image\" content=\"https:\/\/cleitonpinheiro.com.br\/site\/wp-content\/uploads\/2024\/04\/46ab3c8b-014d-4fcd-8af5-57f6b1219bda.jpg\" \/>\n\t<meta property=\"og:image:width\" content=\"800\" \/>\n\t<meta property=\"og:image:height\" content=\"533\" \/>\n\t<meta property=\"og:image:type\" content=\"image\/jpeg\" \/>\n<meta name=\"author\" content=\"Cleiton Pinheiro\" \/>\n<meta name=\"twitter:card\" content=\"summary_large_image\" \/>\n<meta name=\"twitter:label1\" content=\"Escrito por\" \/>\n\t<meta name=\"twitter:data1\" content=\"Cleiton Pinheiro\" \/>\n\t<meta name=\"twitter:label2\" content=\"Est. tempo de leitura\" \/>\n\t<meta name=\"twitter:data2\" content=\"3 minutos\" \/>\n<script type=\"application\/ld+json\" class=\"yoast-schema-graph\">{\"@context\":\"https:\/\/schema.org\",\"@graph\":[{\"@type\":\"Article\",\"@id\":\"https:\/\/cleitonpinheiro.com.br\/site\/provas-do-concurso-da-saude-acontecem-neste-fim-de-semana-em-palmas\/#article\",\"isPartOf\":{\"@id\":\"https:\/\/cleitonpinheiro.com.br\/site\/provas-do-concurso-da-saude-acontecem-neste-fim-de-semana-em-palmas\/\"},\"author\":{\"name\":\"Cleiton Pinheiro\",\"@id\":\"https:\/\/cleitonpinheiro.com.br\/site\/#\/schema\/person\/62fd4eb98fcc8bd3fc477aaff264af51\"},\"headline\":\"Provas do Concurso da Sa\u00fade acontecem neste fim de semana em Palmas\",\"datePublished\":\"2024-04-25T13:41:17+00:00\",\"dateModified\":\"2024-04-28T13:43:10+00:00\",\"mainEntityOfPage\":{\"@id\":\"https:\/\/cleitonpinheiro.com.br\/site\/provas-do-concurso-da-saude-acontecem-neste-fim-de-semana-em-palmas\/\"},\"wordCount\":504,\"commentCount\":0,\"publisher\":{\"@id\":\"https:\/\/cleitonpinheiro.com.br\/site\/#organization\"},\"image\":{\"@id\":\"https:\/\/cleitonpinheiro.com.br\/site\/provas-do-concurso-da-saude-acontecem-neste-fim-de-semana-em-palmas\/#primaryimage\"},\"thumbnailUrl\":\"https:\/\/cleitonpinheiro.com.br\/site\/wp-content\/uploads\/2024\/04\/46ab3c8b-014d-4fcd-8af5-57f6b1219bda.jpg\",\"articleSection\":[\"FUNCIONALISMO\",\"MANCHETE SEGUND\u00c1RIA\",\"TODAS NOTICIAS\"],\"inLanguage\":\"pt-BR\",\"potentialAction\":[{\"@type\":\"CommentAction\",\"name\":\"Comment\",\"target\":[\"https:\/\/cleitonpinheiro.com.br\/site\/provas-do-concurso-da-saude-acontecem-neste-fim-de-semana-em-palmas\/#respond\"]}]},{\"@type\":\"WebPage\",\"@id\":\"https:\/\/cleitonpinheiro.com.br\/site\/provas-do-concurso-da-saude-acontecem-neste-fim-de-semana-em-palmas\/\",\"url\":\"https:\/\/cleitonpinheiro.com.br\/site\/provas-do-concurso-da-saude-acontecem-neste-fim-de-semana-em-palmas\/\",\"name\":\"Provas do Concurso da Sa\u00fade acontecem neste fim de semana em Palmas - PORTAL DE NOT\u00cdCIAS CLEITON PINHEIRO\",\"isPartOf\":{\"@id\":\"https:\/\/cleitonpinheiro.com.br\/site\/#website\"},\"primaryImageOfPage\":{\"@id\":\"https:\/\/cleitonpinheiro.com.br\/site\/provas-do-concurso-da-saude-acontecem-neste-fim-de-semana-em-palmas\/#primaryimage\"},\"image\":{\"@id\":\"https:\/\/cleitonpinheiro.com.br\/site\/provas-do-concurso-da-saude-acontecem-neste-fim-de-semana-em-palmas\/#primaryimage\"},\"thumbnailUrl\":\"https:\/\/cleitonpinheiro.com.br\/site\/wp-content\/uploads\/2024\/04\/46ab3c8b-014d-4fcd-8af5-57f6b1219bda.jpg\",\"datePublished\":\"2024-04-25T13:41:17+00:00\",\"dateModified\":\"2024-04-28T13:43:10+00:00\",\"breadcrumb\":{\"@id\":\"https:\/\/cleitonpinheiro.com.br\/site\/provas-do-concurso-da-saude-acontecem-neste-fim-de-semana-em-palmas\/#breadcrumb\"},\"inLanguage\":\"pt-BR\",\"potentialAction\":[{\"@type\":\"ReadAction\",\"target\":[\"https:\/\/cleitonpinheiro.com.br\/site\/provas-do-concurso-da-saude-acontecem-neste-fim-de-semana-em-palmas\/\"]}]},{\"@type\":\"ImageObject\",\"inLanguage\":\"pt-BR\",\"@id\":\"https:\/\/cleitonpinheiro.com.br\/site\/provas-do-concurso-da-saude-acontecem-neste-fim-de-semana-em-palmas\/#primaryimage\",\"url\":\"\",\"contentUrl\":\"\"},{\"@type\":\"BreadcrumbList\",\"@id\":\"https:\/\/cleitonpinheiro.com.br\/site\/provas-do-concurso-da-saude-acontecem-neste-fim-de-semana-em-palmas\/#breadcrumb\",\"itemListElement\":[{\"@type\":\"ListItem\",\"position\":1,\"name\":\"In\u00edcio\",\"item\":\"https:\/\/cleitonpinheiro.com.br\/site\/\"},{\"@type\":\"ListItem\",\"position\":2,\"name\":\"Provas do Concurso da Sa\u00fade acontecem neste fim de semana em Palmas\"}]},{\"@type\":\"WebSite\",\"@id\":\"https:\/\/cleitonpinheiro.com.br\/site\/#website\",\"url\":\"https:\/\/cleitonpinheiro.com.br\/site\/\",\"name\":\"PORTAL DE NOT\u00cdCIAS CLEITON PINHEIRO\",\"description\":\"FALANDO A VERDADE\",\"publisher\":{\"@id\":\"https:\/\/cleitonpinheiro.com.br\/site\/#organization\"},\"potentialAction\":[{\"@type\":\"SearchAction\",\"target\":{\"@type\":\"EntryPoint\",\"urlTemplate\":\"https:\/\/cleitonpinheiro.com.br\/site\/?s={search_term_string}\"},\"query-input\":{\"@type\":\"PropertyValueSpecification\",\"valueRequired\":true,\"valueName\":\"search_term_string\"}}],\"inLanguage\":\"pt-BR\"},{\"@type\":\"Organization\",\"@id\":\"https:\/\/cleitonpinheiro.com.br\/site\/#organization\",\"name\":\"CPNOT\u00cdCIAS\",\"url\":\"https:\/\/cleitonpinheiro.com.br\/site\/\",\"logo\":{\"@type\":\"ImageObject\",\"inLanguage\":\"pt-BR\",\"@id\":\"https:\/\/cleitonpinheiro.com.br\/site\/#\/schema\/logo\/image\/\",\"url\":\"https:\/\/cleitonpinheiro.com.br\/site\/wp-content\/uploads\/2022\/08\/Logo-pequena-2.png\",\"contentUrl\":\"https:\/\/cleitonpinheiro.com.br\/site\/wp-content\/uploads\/2022\/08\/Logo-pequena-2.png\",\"width\":500,\"height\":500,\"caption\":\"CPNOT\u00cdCIAS\"},\"image\":{\"@id\":\"https:\/\/cleitonpinheiro.com.br\/site\/#\/schema\/logo\/image\/\"},\"sameAs\":[\"https:\/\/www.facebook.com\/portalcpnoticias\/\"]},{\"@type\":\"Person\",\"@id\":\"https:\/\/cleitonpinheiro.com.br\/site\/#\/schema\/person\/62fd4eb98fcc8bd3fc477aaff264af51\",\"name\":\"Cleiton Pinheiro\",\"image\":{\"@type\":\"ImageObject\",\"inLanguage\":\"pt-BR\",\"@id\":\"https:\/\/cleitonpinheiro.com.br\/site\/#\/schema\/person\/image\/\",\"url\":\"https:\/\/secure.gravatar.com\/avatar\/15642ec35b78fe5eed3cfa8e4a3f3211d73a3df4f35f0566b4324958cba1b1b9?s=96&r=g\",\"contentUrl\":\"https:\/\/secure.gravatar.com\/avatar\/15642ec35b78fe5eed3cfa8e4a3f3211d73a3df4f35f0566b4324958cba1b1b9?s=96&r=g\",\"caption\":\"Cleiton Pinheiro\"},\"url\":\"https:\/\/cleitonpinheiro.com.br\/site\/author\/cleiton\/\"}]}<\/script>\n<!-- \/ Yoast SEO plugin. -->","yoast_head_json":{"title":"Provas do Concurso da Sa\u00fade acontecem neste fim de semana em Palmas - PORTAL DE NOT\u00cdCIAS CLEITON PINHEIRO","robots":{"index":"index","follow":"follow","max-snippet":"max-snippet:-1","max-image-preview":"max-image-preview:large","max-video-preview":"max-video-preview:-1"},"canonical":"https:\/\/cleitonpinheiro.com.br\/site\/provas-do-concurso-da-saude-acontecem-neste-fim-de-semana-em-palmas\/","og_locale":"pt_BR","og_type":"article","og_title":"Provas do Concurso da Sa\u00fade acontecem neste fim de semana em Palmas - PORTAL DE NOT\u00cdCIAS CLEITON PINHEIRO","og_description":"As provas objetivas para o Concurso do Quadro da Sa\u00fade da Prefeitura de Palmas ser\u00e3o realizadas neste domingo, 28, em 14 locais de Palmas. Pela manh\u00e3, ser\u00e3o aplicadas as provas\u00a0para todos os cargos de n\u00edvel m\u00e9dio e, \u00e0 tarde, para todos os cargos de n\u00edvel superior. Para consultar o local de prova,\u00a0clique aqui.\u00a0Para garantir a [&hellip;]","og_url":"https:\/\/cleitonpinheiro.com.br\/site\/provas-do-concurso-da-saude-acontecem-neste-fim-de-semana-em-palmas\/","og_site_name":"PORTAL DE NOT\u00cdCIAS CLEITON PINHEIRO","article_publisher":"https:\/\/www.facebook.com\/portalcpnoticias\/","article_published_time":"2024-04-25T13:41:17+00:00","article_modified_time":"2024-04-28T13:43:10+00:00","og_image":[{"width":800,"height":533,"url":"https:\/\/cleitonpinheiro.com.br\/site\/wp-content\/uploads\/2024\/04\/46ab3c8b-014d-4fcd-8af5-57f6b1219bda.jpg","type":"image\/jpeg"}],"author":"Cleiton Pinheiro","twitter_card":"summary_large_image","twitter_misc":{"Escrito por":"Cleiton Pinheiro","Est. tempo de leitura":"3 minutos"},"schema":{"@context":"https:\/\/schema.org","@graph":[{"@type":"Article","@id":"https:\/\/cleitonpinheiro.com.br\/site\/provas-do-concurso-da-saude-acontecem-neste-fim-de-semana-em-palmas\/#article","isPartOf":{"@id":"https:\/\/cleitonpinheiro.com.br\/site\/provas-do-concurso-da-saude-acontecem-neste-fim-de-semana-em-palmas\/"},"author":{"name":"Cleiton Pinheiro","@id":"https:\/\/cleitonpinheiro.com.br\/site\/#\/schema\/person\/62fd4eb98fcc8bd3fc477aaff264af51"},"headline":"Provas do Concurso da Sa\u00fade acontecem neste fim de semana em Palmas","datePublished":"2024-04-25T13:41:17+00:00","dateModified":"2024-04-28T13:43:10+00:00","mainEntityOfPage":{"@id":"https:\/\/cleitonpinheiro.com.br\/site\/provas-do-concurso-da-saude-acontecem-neste-fim-de-semana-em-palmas\/"},"wordCount":504,"commentCount":0,"publisher":{"@id":"https:\/\/cleitonpinheiro.com.br\/site\/#organization"},"image":{"@id":"https:\/\/cleitonpinheiro.com.br\/site\/provas-do-concurso-da-saude-acontecem-neste-fim-de-semana-em-palmas\/#primaryimage"},"thumbnailUrl":"https:\/\/cleitonpinheiro.com.br\/site\/wp-content\/uploads\/2024\/04\/46ab3c8b-014d-4fcd-8af5-57f6b1219bda.jpg","articleSection":["FUNCIONALISMO","MANCHETE SEGUND\u00c1RIA","TODAS NOTICIAS"],"inLanguage":"pt-BR","potentialAction":[{"@type":"CommentAction","name":"Comment","target":["https:\/\/cleitonpinheiro.com.br\/site\/provas-do-concurso-da-saude-acontecem-neste-fim-de-semana-em-palmas\/#respond"]}]},{"@type":"WebPage","@id":"https:\/\/cleitonpinheiro.com.br\/site\/provas-do-concurso-da-saude-acontecem-neste-fim-de-semana-em-palmas\/","url":"https:\/\/cleitonpinheiro.com.br\/site\/provas-do-concurso-da-saude-acontecem-neste-fim-de-semana-em-palmas\/","name":"Provas do Concurso da Sa\u00fade acontecem neste fim de semana em Palmas - PORTAL DE NOT\u00cdCIAS CLEITON PINHEIRO","isPartOf":{"@id":"https:\/\/cleitonpinheiro.com.br\/site\/#website"},"primaryImageOfPage":{"@id":"https:\/\/cleitonpinheiro.com.br\/site\/provas-do-concurso-da-saude-acontecem-neste-fim-de-semana-em-palmas\/#primaryimage"},"image":{"@id":"https:\/\/cleitonpinheiro.com.br\/site\/provas-do-concurso-da-saude-acontecem-neste-fim-de-semana-em-palmas\/#primaryimage"},"thumbnailUrl":"https:\/\/cleitonpinheiro.com.br\/site\/wp-content\/uploads\/2024\/04\/46ab3c8b-014d-4fcd-8af5-57f6b1219bda.jpg","datePublished":"2024-04-25T13:41:17+00:00","dateModified":"2024-04-28T13:43:10+00:00","breadcrumb":{"@id":"https:\/\/cleitonpinheiro.com.br\/site\/provas-do-concurso-da-saude-acontecem-neste-fim-de-semana-em-palmas\/#breadcrumb"},"inLanguage":"pt-BR","potentialAction":[{"@type":"ReadAction","target":["https:\/\/cleitonpinheiro.com.br\/site\/provas-do-concurso-da-saude-acontecem-neste-fim-de-semana-em-palmas\/"]}]},{"@type":"ImageObject","inLanguage":"pt-BR","@id":"https:\/\/cleitonpinheiro.com.br\/site\/provas-do-concurso-da-saude-acontecem-neste-fim-de-semana-em-palmas\/#primaryimage","url":"","contentUrl":""},{"@type":"BreadcrumbList","@id":"https:\/\/cleitonpinheiro.com.br\/site\/provas-do-concurso-da-saude-acontecem-neste-fim-de-semana-em-palmas\/#breadcrumb","itemListElement":[{"@type":"ListItem","position":1,"name":"In\u00edcio","item":"https:\/\/cleitonpinheiro.com.br\/site\/"},{"@type":"ListItem","position":2,"name":"Provas do Concurso da Sa\u00fade acontecem neste fim de semana em Palmas"}]},{"@type":"WebSite","@id":"https:\/\/cleitonpinheiro.com.br\/site\/#website","url":"https:\/\/cleitonpinheiro.com.br\/site\/","name":"PORTAL DE NOT\u00cdCIAS CLEITON PINHEIRO","description":"FALANDO A VERDADE","publisher":{"@id":"https:\/\/cleitonpinheiro.com.br\/site\/#organization"},"potentialAction":[{"@type":"SearchAction","target":{"@type":"EntryPoint","urlTemplate":"https:\/\/cleitonpinheiro.com.br\/site\/?s={search_term_string}"},"query-input":{"@type":"PropertyValueSpecification","valueRequired":true,"valueName":"search_term_string"}}],"inLanguage":"pt-BR"},{"@type":"Organization","@id":"https:\/\/cleitonpinheiro.com.br\/site\/#organization","name":"CPNOT\u00cdCIAS","url":"https:\/\/cleitonpinheiro.com.br\/site\/","logo":{"@type":"ImageObject","inLanguage":"pt-BR","@id":"https:\/\/cleitonpinheiro.com.br\/site\/#\/schema\/logo\/image\/","url":"https:\/\/cleitonpinheiro.com.br\/site\/wp-content\/uploads\/2022\/08\/Logo-pequena-2.png","contentUrl":"https:\/\/cleitonpinheiro.com.br\/site\/wp-content\/uploads\/2022\/08\/Logo-pequena-2.png","width":500,"height":500,"caption":"CPNOT\u00cdCIAS"},"image":{"@id":"https:\/\/cleitonpinheiro.com.br\/site\/#\/schema\/logo\/image\/"},"sameAs":["https:\/\/www.facebook.com\/portalcpnoticias\/"]},{"@type":"Person","@id":"https:\/\/cleitonpinheiro.com.br\/site\/#\/schema\/person\/62fd4eb98fcc8bd3fc477aaff264af51","name":"Cleiton Pinheiro","image":{"@type":"ImageObject","inLanguage":"pt-BR","@id":"https:\/\/cleitonpinheiro.com.br\/site\/#\/schema\/person\/image\/","url":"https:\/\/secure.gravatar.com\/avatar\/15642ec35b78fe5eed3cfa8e4a3f3211d73a3df4f35f0566b4324958cba1b1b9?s=96&r=g","contentUrl":"https:\/\/secure.gravatar.com\/avatar\/15642ec35b78fe5eed3cfa8e4a3f3211d73a3df4f35f0566b4324958cba1b1b9?s=96&r=g","caption":"Cleiton Pinheiro"},"url":"https:\/\/cleitonpinheiro.com.br\/site\/author\/cleiton\/"}]}},"views":124,"_links":{"self":[{"href":"https:\/\/cleitonpinheiro.com.br\/site\/wp-json\/wp\/v2\/posts\/77049","targetHints":{"allow":["GET"]}}],"collection":[{"href":"https:\/\/cleitonpinheiro.com.br\/site\/wp-json\/wp\/v2\/posts"}],"about":[{"href":"https:\/\/cleitonpinheiro.com.br\/site\/wp-json\/wp\/v2\/types\/post"}],"author":[{"embeddable":true,"href":"https:\/\/cleitonpinheiro.com.br\/site\/wp-json\/wp\/v2\/users\/10"}],"replies":[{"embeddable":true,"href":"https:\/\/cleitonpinheiro.com.br\/site\/wp-json\/wp\/v2\/comments?post=77049"}],"version-history":[{"count":1,"href":"https:\/\/cleitonpinheiro.com.br\/site\/wp-json\/wp\/v2\/posts\/77049\/revisions"}],"predecessor-version":[{"id":77051,"href":"https:\/\/cleitonpinheiro.com.br\/site\/wp-json\/wp\/v2\/posts\/77049\/revisions\/77051"}],"wp:attachment":[{"href":"https:\/\/cleitonpinheiro.com.br\/site\/wp-json\/wp\/v2\/media?parent=77049"}],"wp:term":[{"taxonomy":"category","embeddable":true,"href":"https:\/\/cleitonpinheiro.com.br\/site\/wp-json\/wp\/v2\/categories?post=77049"},{"taxonomy":"post_tag","embeddable":true,"href":"https:\/\/cleitonpinheiro.com.br\/site\/wp-json\/wp\/v2\/tags?post=77049"}],"curies":[{"name":"wp","href":"https:\/\/api.w.org\/{rel}","templated":true}]}}