{"id":77052,"date":"2024-04-26T10:44:03","date_gmt":"2024-04-26T13:44:03","guid":{"rendered":"https:\/\/cleitonpinheiro.com.br\/site\/?p=77052"},"modified":"2024-04-28T10:45:52","modified_gmt":"2024-04-28T13:45:52","slug":"palmas-festival-opera-na-tela-inicia-neste-sabado-com-exibicao-de-hamlet-no-cine-cultura","status":"publish","type":"post","link":"https:\/\/cleitonpinheiro.com.br\/site\/palmas-festival-opera-na-tela-inicia-neste-sabado-com-exibicao-de-hamlet-no-cine-cultura\/","title":{"rendered":"Palmas: Festival \u00d3pera na Tela inicia neste s\u00e1bado, com exibi\u00e7\u00e3o de Hamlet\u00a0 no Cine Cultura"},"content":{"rendered":"\n<figure class=\"wp-block-image size-full\"><img decoding=\"async\" src=\"https:\/\/cleitonpinheiro.com.br\/site\/wp-content\/uploads\/2024\/04\/3c58ae4dfd214bd5871083176f773b23.jpeg\" alt=\"\" class=\"wp-image-77053\"\/><\/figure>\n\n\n\n<p>A Funda\u00e7\u00e3o Cultural de Palmas (FCP) inicia nesta semana as exibi\u00e7\u00f5es do Festival \u00d3pera na Tela. Mais de 15 obras das mais\u00a0prestigiadas casas de \u00f3pera da Europa ser\u00e3o exibidas at\u00e9 agosto deste ano no Cine Cultura. A primeira sess\u00e3o acontece enste s\u00e1bado,\u00a027, com\u00a0&#8216;Hamlet&#8217;, \u00f3pera de Ambroise Thomas, \u00e0s 19 horas, no Cine Cultura e ter\u00e1 3h45 de dura\u00e7\u00e3o.<\/p>\n\n\n\n<p>\u2018Hamlet\u2019 \u00e9 composta de tr\u00eas atos e retrata um amor proibido com um desenlace tr\u00e1gico, inspirado nos eventos que acompanharam o assassinato do rei Gustavo III da Su\u00e9cia, durante um baile de m\u00e1scaras na \u00d3pera Real de Estocolmo em 1792. Confira o trailer de Hamlet&nbsp;no link&nbsp;<a href=\"https:\/\/youtu.be\/WeGMSg8F6_M\" target=\"_blank\" rel=\"noreferrer noopener\">https:\/\/youtu.be\/WeGMSg8F6_M<\/a>&nbsp;.<\/p>\n\n\n\n<p><strong>Sobre o Festival<\/strong><\/p>\n\n\n\n<p>Em 2024, o \u00d3pera na Tela contar\u00e1 com 15 filmes de \u00f3peras. O festival \u00e9 uma mostra de filmes in\u00e9ditos que permite ao p\u00fablico brasileiro ter acesso \u00e0s temporadas recentes das mais prestigiadas casas de \u00f3pera da Europa, proporcionando uma experi\u00eancia com os melhores cantores, orquestras, maestros e encenadores do mundo.<\/p>\n\n\n\n<p>Todos os filmes possuem alta qualidade de som e imagem, acompanhados de legendas em portugu\u00eas para facilitar a compreens\u00e3o do p\u00fablico e assim contribuir para a democratiza\u00e7\u00e3o dessa linguagem musical. As exibi\u00e7\u00f5es desta temporada no Cine Cultura seguem at\u00e9 o m\u00eas de agosto de 2024.<br>&nbsp;<\/p>\n\n\n\n<p><strong>Ingressos<\/strong><\/p>\n\n\n\n<p>Os ingressos est\u00e3o dispon\u00edveis no Cine Cultura, localizado no Espa\u00e7o Cultural Jos\u00e9 Gomes Sobrinho, todos no valor de R$ 15&nbsp;a inteira, e R$ 7,50, a meia entrada. As vendas iniciam-se a partir das 16 horas.&nbsp;O Cine Cultura Palmas reserva o direito de alterar a programa\u00e7\u00e3o sem aviso pr\u00e9vio. Para mais informa\u00e7\u00f5es, ligue no telefone (63) 3212-7308.<br>&nbsp;<\/p>\n\n\n\n<p><strong>Programa\u00e7\u00e3o<\/strong><\/p>\n\n\n\n<p>27\/04\/2024 (s\u00e1b) \u00e0s&nbsp;18h<br>Hamlet, de Ambroise Thomas<br>\u00d3pera de Paris<br>Dura\u00e7\u00e3o: 3h45<br>Cantada em franc\u00eas<\/p>\n\n\n\n<p>Classifica\u00e7\u00e3o indicativa: 14 anos<br>&nbsp;<\/p>\n\n\n\n<p><strong>Demais \u00f3peras a serem exibidas durante o ano<\/strong><\/p>\n\n\n\n<ul class=\"wp-block-list\">\n<li>Il Boemo &#8211; filme de fic\u00e7\u00e3o de Petr Vaclav sobre o compositor barroco Josef Myslivecek<\/li>\n\n\n\n<li>Carmen de Georges Bizet &#8211; Arena de Verona<\/li>\n\n\n\n<li>Madame Butterfly De Giacomo Puccini &#8211; Festival De Bregenz<\/li>\n\n\n\n<li>La Vie Parisienne De Jacques Offenbach &#8211; Th\u00e9\u00e2tre Des Champs Elys\u00e9es &#8211; Paris<\/li>\n\n\n\n<li>Rigoletto de Giuseppe Verdi &#8211; Teatro Alla Scala De Mil\u00e3o<\/li>\n\n\n\n<li>Romeu Et Julieta de Charles-Fran\u00e7ois Gounod &#8211; Op\u00e9ra<\/li>\n\n\n\n<li>Bastille &#8211; Paris<\/li>\n\n\n\n<li>Tr\u00eas Bal\u00e9s de Maurice B\u00e9jart &#8211; Op\u00e9ra Bastille &#8211; Paris<\/li>\n\n\n\n<li>Il Trittico de Giacomo Puccini (3 \u00d3peras De 1 Ato)<\/li>\n\n\n\n<li>Gianni Schicchi<\/li>\n\n\n\n<li>Il Tabarro<\/li>\n\n\n\n<li>Suor Angelica<\/li>\n\n\n\n<li>O Anel dos Nibelungos de Richard Wagner (Tetralogia)<\/li>\n\n\n\n<li>O Ouro do Reno<\/li>\n\n\n\n<li>A Valqu\u00edria<\/li>\n\n\n\n<li>Siegfried<\/li>\n\n\n\n<li>O Crep\u00fasculo dos Deuses<\/li>\n<\/ul>\n\n\n\n<p><strong>Ficha t\u00e9cnica de Hamelt<\/strong><\/p>\n\n\n\n<p>Libreto: Michel Carr\u00e9 e Jules Barbier<br>Maestro: Pierre Dumoussaud<br>Diretor: Krzysztof Warlikowski<br>Elenco: Ludovic T\u00e9zier (Hamlet), Lisette Oropesa (Oph\u00e9lie), Eve-<br>Maud Hubeaux (Gertrude), Jean Teitgen (Claudius)<\/p>\n\n\n\n<p>Texto: Prefeitura de Palmas<\/p>\n","protected":false},"excerpt":{"rendered":"<p>A Funda\u00e7\u00e3o Cultural de Palmas (FCP) inicia nesta semana as exibi\u00e7\u00f5es do Festival \u00d3pera na Tela. Mais de 15 obras das mais\u00a0prestigiadas casas de \u00f3pera da Europa ser\u00e3o exibidas at\u00e9 agosto deste ano no Cine Cultura. A primeira sess\u00e3o acontece enste s\u00e1bado,\u00a027, com\u00a0&#8216;Hamlet&#8217;, \u00f3pera de Ambroise Thomas, \u00e0s 19 horas, no Cine Cultura e ter\u00e1 [&hellip;]<\/p>\n","protected":false},"author":10,"featured_media":0,"comment_status":"open","ping_status":"open","sticky":false,"template":"","format":"standard","meta":{"_acf_changed":false,"footnotes":""},"categories":[22,20,21],"tags":[],"class_list":["post-77052","post","type-post","status-publish","format-standard","hentry","category-cidades","category-noticias-em-destaque","category-todas-noticias"],"acf":[],"yoast_head":"<!-- This site is optimized with the Yoast SEO plugin v24.4 - https:\/\/yoast.com\/wordpress\/plugins\/seo\/ -->\n<title>Palmas: Festival \u00d3pera na Tela inicia neste s\u00e1bado, com exibi\u00e7\u00e3o de Hamlet\u00a0 no Cine Cultura - PORTAL DE NOT\u00cdCIAS CLEITON PINHEIRO<\/title>\n<meta name=\"robots\" content=\"index, follow, max-snippet:-1, max-image-preview:large, max-video-preview:-1\" \/>\n<link rel=\"canonical\" href=\"https:\/\/cleitonpinheiro.com.br\/site\/palmas-festival-opera-na-tela-inicia-neste-sabado-com-exibicao-de-hamlet-no-cine-cultura\/\" \/>\n<meta property=\"og:locale\" content=\"pt_BR\" \/>\n<meta property=\"og:type\" content=\"article\" \/>\n<meta property=\"og:title\" content=\"Palmas: Festival \u00d3pera na Tela inicia neste s\u00e1bado, com exibi\u00e7\u00e3o de Hamlet\u00a0 no Cine Cultura - PORTAL DE NOT\u00cdCIAS CLEITON PINHEIRO\" \/>\n<meta property=\"og:description\" content=\"A Funda\u00e7\u00e3o Cultural de Palmas (FCP) inicia nesta semana as exibi\u00e7\u00f5es do Festival \u00d3pera na Tela. Mais de 15 obras das mais\u00a0prestigiadas casas de \u00f3pera da Europa ser\u00e3o exibidas at\u00e9 agosto deste ano no Cine Cultura. A primeira sess\u00e3o acontece enste s\u00e1bado,\u00a027, com\u00a0&#8216;Hamlet&#8217;, \u00f3pera de Ambroise Thomas, \u00e0s 19 horas, no Cine Cultura e ter\u00e1 [&hellip;]\" \/>\n<meta property=\"og:url\" content=\"https:\/\/cleitonpinheiro.com.br\/site\/palmas-festival-opera-na-tela-inicia-neste-sabado-com-exibicao-de-hamlet-no-cine-cultura\/\" \/>\n<meta property=\"og:site_name\" content=\"PORTAL DE NOT\u00cdCIAS CLEITON PINHEIRO\" \/>\n<meta property=\"article:publisher\" content=\"https:\/\/www.facebook.com\/portalcpnoticias\/\" \/>\n<meta property=\"article:published_time\" content=\"2024-04-26T13:44:03+00:00\" \/>\n<meta property=\"article:modified_time\" content=\"2024-04-28T13:45:52+00:00\" \/>\n<meta property=\"og:image\" content=\"https:\/\/cleitonpinheiro.com.br\/site\/wp-content\/uploads\/2024\/04\/3c58ae4dfd214bd5871083176f773b23.jpeg\" \/>\n\t<meta property=\"og:image:width\" content=\"800\" \/>\n\t<meta property=\"og:image:height\" content=\"533\" \/>\n\t<meta property=\"og:image:type\" content=\"image\/jpeg\" \/>\n<meta name=\"author\" content=\"Cleiton Pinheiro\" \/>\n<meta name=\"twitter:card\" content=\"summary_large_image\" \/>\n<meta name=\"twitter:label1\" content=\"Escrito por\" \/>\n\t<meta name=\"twitter:data1\" content=\"Cleiton Pinheiro\" \/>\n\t<meta name=\"twitter:label2\" content=\"Est. tempo de leitura\" \/>\n\t<meta name=\"twitter:data2\" content=\"3 minutos\" \/>\n<script type=\"application\/ld+json\" class=\"yoast-schema-graph\">{\"@context\":\"https:\/\/schema.org\",\"@graph\":[{\"@type\":\"Article\",\"@id\":\"https:\/\/cleitonpinheiro.com.br\/site\/palmas-festival-opera-na-tela-inicia-neste-sabado-com-exibicao-de-hamlet-no-cine-cultura\/#article\",\"isPartOf\":{\"@id\":\"https:\/\/cleitonpinheiro.com.br\/site\/palmas-festival-opera-na-tela-inicia-neste-sabado-com-exibicao-de-hamlet-no-cine-cultura\/\"},\"author\":{\"name\":\"Cleiton Pinheiro\",\"@id\":\"https:\/\/cleitonpinheiro.com.br\/site\/#\/schema\/person\/62fd4eb98fcc8bd3fc477aaff264af51\"},\"headline\":\"Palmas: Festival \u00d3pera na Tela inicia neste s\u00e1bado, com exibi\u00e7\u00e3o de Hamlet\u00a0 no Cine Cultura\",\"datePublished\":\"2024-04-26T13:44:03+00:00\",\"dateModified\":\"2024-04-28T13:45:52+00:00\",\"mainEntityOfPage\":{\"@id\":\"https:\/\/cleitonpinheiro.com.br\/site\/palmas-festival-opera-na-tela-inicia-neste-sabado-com-exibicao-de-hamlet-no-cine-cultura\/\"},\"wordCount\":494,\"commentCount\":0,\"publisher\":{\"@id\":\"https:\/\/cleitonpinheiro.com.br\/site\/#organization\"},\"image\":{\"@id\":\"https:\/\/cleitonpinheiro.com.br\/site\/palmas-festival-opera-na-tela-inicia-neste-sabado-com-exibicao-de-hamlet-no-cine-cultura\/#primaryimage\"},\"thumbnailUrl\":\"https:\/\/cleitonpinheiro.com.br\/site\/wp-content\/uploads\/2024\/04\/3c58ae4dfd214bd5871083176f773b23.jpeg\",\"articleSection\":[\"CIDADES\",\"NOT\u00cdCIAS EM DESTAQUE\",\"TODAS NOTICIAS\"],\"inLanguage\":\"pt-BR\",\"potentialAction\":[{\"@type\":\"CommentAction\",\"name\":\"Comment\",\"target\":[\"https:\/\/cleitonpinheiro.com.br\/site\/palmas-festival-opera-na-tela-inicia-neste-sabado-com-exibicao-de-hamlet-no-cine-cultura\/#respond\"]}]},{\"@type\":\"WebPage\",\"@id\":\"https:\/\/cleitonpinheiro.com.br\/site\/palmas-festival-opera-na-tela-inicia-neste-sabado-com-exibicao-de-hamlet-no-cine-cultura\/\",\"url\":\"https:\/\/cleitonpinheiro.com.br\/site\/palmas-festival-opera-na-tela-inicia-neste-sabado-com-exibicao-de-hamlet-no-cine-cultura\/\",\"name\":\"Palmas: Festival \u00d3pera na Tela inicia neste s\u00e1bado, com exibi\u00e7\u00e3o de Hamlet\u00a0 no Cine Cultura - PORTAL DE NOT\u00cdCIAS CLEITON PINHEIRO\",\"isPartOf\":{\"@id\":\"https:\/\/cleitonpinheiro.com.br\/site\/#website\"},\"primaryImageOfPage\":{\"@id\":\"https:\/\/cleitonpinheiro.com.br\/site\/palmas-festival-opera-na-tela-inicia-neste-sabado-com-exibicao-de-hamlet-no-cine-cultura\/#primaryimage\"},\"image\":{\"@id\":\"https:\/\/cleitonpinheiro.com.br\/site\/palmas-festival-opera-na-tela-inicia-neste-sabado-com-exibicao-de-hamlet-no-cine-cultura\/#primaryimage\"},\"thumbnailUrl\":\"https:\/\/cleitonpinheiro.com.br\/site\/wp-content\/uploads\/2024\/04\/3c58ae4dfd214bd5871083176f773b23.jpeg\",\"datePublished\":\"2024-04-26T13:44:03+00:00\",\"dateModified\":\"2024-04-28T13:45:52+00:00\",\"breadcrumb\":{\"@id\":\"https:\/\/cleitonpinheiro.com.br\/site\/palmas-festival-opera-na-tela-inicia-neste-sabado-com-exibicao-de-hamlet-no-cine-cultura\/#breadcrumb\"},\"inLanguage\":\"pt-BR\",\"potentialAction\":[{\"@type\":\"ReadAction\",\"target\":[\"https:\/\/cleitonpinheiro.com.br\/site\/palmas-festival-opera-na-tela-inicia-neste-sabado-com-exibicao-de-hamlet-no-cine-cultura\/\"]}]},{\"@type\":\"ImageObject\",\"inLanguage\":\"pt-BR\",\"@id\":\"https:\/\/cleitonpinheiro.com.br\/site\/palmas-festival-opera-na-tela-inicia-neste-sabado-com-exibicao-de-hamlet-no-cine-cultura\/#primaryimage\",\"url\":\"\",\"contentUrl\":\"\"},{\"@type\":\"BreadcrumbList\",\"@id\":\"https:\/\/cleitonpinheiro.com.br\/site\/palmas-festival-opera-na-tela-inicia-neste-sabado-com-exibicao-de-hamlet-no-cine-cultura\/#breadcrumb\",\"itemListElement\":[{\"@type\":\"ListItem\",\"position\":1,\"name\":\"In\u00edcio\",\"item\":\"https:\/\/cleitonpinheiro.com.br\/site\/\"},{\"@type\":\"ListItem\",\"position\":2,\"name\":\"Palmas: Festival \u00d3pera na Tela inicia neste s\u00e1bado, com exibi\u00e7\u00e3o de Hamlet\u00a0 no Cine Cultura\"}]},{\"@type\":\"WebSite\",\"@id\":\"https:\/\/cleitonpinheiro.com.br\/site\/#website\",\"url\":\"https:\/\/cleitonpinheiro.com.br\/site\/\",\"name\":\"PORTAL DE NOT\u00cdCIAS CLEITON PINHEIRO\",\"description\":\"FALANDO A VERDADE\",\"publisher\":{\"@id\":\"https:\/\/cleitonpinheiro.com.br\/site\/#organization\"},\"potentialAction\":[{\"@type\":\"SearchAction\",\"target\":{\"@type\":\"EntryPoint\",\"urlTemplate\":\"https:\/\/cleitonpinheiro.com.br\/site\/?s={search_term_string}\"},\"query-input\":{\"@type\":\"PropertyValueSpecification\",\"valueRequired\":true,\"valueName\":\"search_term_string\"}}],\"inLanguage\":\"pt-BR\"},{\"@type\":\"Organization\",\"@id\":\"https:\/\/cleitonpinheiro.com.br\/site\/#organization\",\"name\":\"CPNOT\u00cdCIAS\",\"url\":\"https:\/\/cleitonpinheiro.com.br\/site\/\",\"logo\":{\"@type\":\"ImageObject\",\"inLanguage\":\"pt-BR\",\"@id\":\"https:\/\/cleitonpinheiro.com.br\/site\/#\/schema\/logo\/image\/\",\"url\":\"https:\/\/cleitonpinheiro.com.br\/site\/wp-content\/uploads\/2022\/08\/Logo-pequena-2.png\",\"contentUrl\":\"https:\/\/cleitonpinheiro.com.br\/site\/wp-content\/uploads\/2022\/08\/Logo-pequena-2.png\",\"width\":500,\"height\":500,\"caption\":\"CPNOT\u00cdCIAS\"},\"image\":{\"@id\":\"https:\/\/cleitonpinheiro.com.br\/site\/#\/schema\/logo\/image\/\"},\"sameAs\":[\"https:\/\/www.facebook.com\/portalcpnoticias\/\"]},{\"@type\":\"Person\",\"@id\":\"https:\/\/cleitonpinheiro.com.br\/site\/#\/schema\/person\/62fd4eb98fcc8bd3fc477aaff264af51\",\"name\":\"Cleiton Pinheiro\",\"image\":{\"@type\":\"ImageObject\",\"inLanguage\":\"pt-BR\",\"@id\":\"https:\/\/cleitonpinheiro.com.br\/site\/#\/schema\/person\/image\/\",\"url\":\"https:\/\/secure.gravatar.com\/avatar\/15642ec35b78fe5eed3cfa8e4a3f3211d73a3df4f35f0566b4324958cba1b1b9?s=96&r=g\",\"contentUrl\":\"https:\/\/secure.gravatar.com\/avatar\/15642ec35b78fe5eed3cfa8e4a3f3211d73a3df4f35f0566b4324958cba1b1b9?s=96&r=g\",\"caption\":\"Cleiton Pinheiro\"},\"url\":\"https:\/\/cleitonpinheiro.com.br\/site\/author\/cleiton\/\"}]}<\/script>\n<!-- \/ Yoast SEO plugin. -->","yoast_head_json":{"title":"Palmas: Festival \u00d3pera na Tela inicia neste s\u00e1bado, com exibi\u00e7\u00e3o de Hamlet\u00a0 no Cine Cultura - PORTAL DE NOT\u00cdCIAS CLEITON PINHEIRO","robots":{"index":"index","follow":"follow","max-snippet":"max-snippet:-1","max-image-preview":"max-image-preview:large","max-video-preview":"max-video-preview:-1"},"canonical":"https:\/\/cleitonpinheiro.com.br\/site\/palmas-festival-opera-na-tela-inicia-neste-sabado-com-exibicao-de-hamlet-no-cine-cultura\/","og_locale":"pt_BR","og_type":"article","og_title":"Palmas: Festival \u00d3pera na Tela inicia neste s\u00e1bado, com exibi\u00e7\u00e3o de Hamlet\u00a0 no Cine Cultura - PORTAL DE NOT\u00cdCIAS CLEITON PINHEIRO","og_description":"A Funda\u00e7\u00e3o Cultural de Palmas (FCP) inicia nesta semana as exibi\u00e7\u00f5es do Festival \u00d3pera na Tela. Mais de 15 obras das mais\u00a0prestigiadas casas de \u00f3pera da Europa ser\u00e3o exibidas at\u00e9 agosto deste ano no Cine Cultura. A primeira sess\u00e3o acontece enste s\u00e1bado,\u00a027, com\u00a0&#8216;Hamlet&#8217;, \u00f3pera de Ambroise Thomas, \u00e0s 19 horas, no Cine Cultura e ter\u00e1 [&hellip;]","og_url":"https:\/\/cleitonpinheiro.com.br\/site\/palmas-festival-opera-na-tela-inicia-neste-sabado-com-exibicao-de-hamlet-no-cine-cultura\/","og_site_name":"PORTAL DE NOT\u00cdCIAS CLEITON PINHEIRO","article_publisher":"https:\/\/www.facebook.com\/portalcpnoticias\/","article_published_time":"2024-04-26T13:44:03+00:00","article_modified_time":"2024-04-28T13:45:52+00:00","og_image":[{"width":800,"height":533,"url":"https:\/\/cleitonpinheiro.com.br\/site\/wp-content\/uploads\/2024\/04\/3c58ae4dfd214bd5871083176f773b23.jpeg","type":"image\/jpeg"}],"author":"Cleiton Pinheiro","twitter_card":"summary_large_image","twitter_misc":{"Escrito por":"Cleiton Pinheiro","Est. tempo de leitura":"3 minutos"},"schema":{"@context":"https:\/\/schema.org","@graph":[{"@type":"Article","@id":"https:\/\/cleitonpinheiro.com.br\/site\/palmas-festival-opera-na-tela-inicia-neste-sabado-com-exibicao-de-hamlet-no-cine-cultura\/#article","isPartOf":{"@id":"https:\/\/cleitonpinheiro.com.br\/site\/palmas-festival-opera-na-tela-inicia-neste-sabado-com-exibicao-de-hamlet-no-cine-cultura\/"},"author":{"name":"Cleiton Pinheiro","@id":"https:\/\/cleitonpinheiro.com.br\/site\/#\/schema\/person\/62fd4eb98fcc8bd3fc477aaff264af51"},"headline":"Palmas: Festival \u00d3pera na Tela inicia neste s\u00e1bado, com exibi\u00e7\u00e3o de Hamlet\u00a0 no Cine Cultura","datePublished":"2024-04-26T13:44:03+00:00","dateModified":"2024-04-28T13:45:52+00:00","mainEntityOfPage":{"@id":"https:\/\/cleitonpinheiro.com.br\/site\/palmas-festival-opera-na-tela-inicia-neste-sabado-com-exibicao-de-hamlet-no-cine-cultura\/"},"wordCount":494,"commentCount":0,"publisher":{"@id":"https:\/\/cleitonpinheiro.com.br\/site\/#organization"},"image":{"@id":"https:\/\/cleitonpinheiro.com.br\/site\/palmas-festival-opera-na-tela-inicia-neste-sabado-com-exibicao-de-hamlet-no-cine-cultura\/#primaryimage"},"thumbnailUrl":"https:\/\/cleitonpinheiro.com.br\/site\/wp-content\/uploads\/2024\/04\/3c58ae4dfd214bd5871083176f773b23.jpeg","articleSection":["CIDADES","NOT\u00cdCIAS EM DESTAQUE","TODAS NOTICIAS"],"inLanguage":"pt-BR","potentialAction":[{"@type":"CommentAction","name":"Comment","target":["https:\/\/cleitonpinheiro.com.br\/site\/palmas-festival-opera-na-tela-inicia-neste-sabado-com-exibicao-de-hamlet-no-cine-cultura\/#respond"]}]},{"@type":"WebPage","@id":"https:\/\/cleitonpinheiro.com.br\/site\/palmas-festival-opera-na-tela-inicia-neste-sabado-com-exibicao-de-hamlet-no-cine-cultura\/","url":"https:\/\/cleitonpinheiro.com.br\/site\/palmas-festival-opera-na-tela-inicia-neste-sabado-com-exibicao-de-hamlet-no-cine-cultura\/","name":"Palmas: Festival \u00d3pera na Tela inicia neste s\u00e1bado, com exibi\u00e7\u00e3o de Hamlet\u00a0 no Cine Cultura - PORTAL DE NOT\u00cdCIAS CLEITON PINHEIRO","isPartOf":{"@id":"https:\/\/cleitonpinheiro.com.br\/site\/#website"},"primaryImageOfPage":{"@id":"https:\/\/cleitonpinheiro.com.br\/site\/palmas-festival-opera-na-tela-inicia-neste-sabado-com-exibicao-de-hamlet-no-cine-cultura\/#primaryimage"},"image":{"@id":"https:\/\/cleitonpinheiro.com.br\/site\/palmas-festival-opera-na-tela-inicia-neste-sabado-com-exibicao-de-hamlet-no-cine-cultura\/#primaryimage"},"thumbnailUrl":"https:\/\/cleitonpinheiro.com.br\/site\/wp-content\/uploads\/2024\/04\/3c58ae4dfd214bd5871083176f773b23.jpeg","datePublished":"2024-04-26T13:44:03+00:00","dateModified":"2024-04-28T13:45:52+00:00","breadcrumb":{"@id":"https:\/\/cleitonpinheiro.com.br\/site\/palmas-festival-opera-na-tela-inicia-neste-sabado-com-exibicao-de-hamlet-no-cine-cultura\/#breadcrumb"},"inLanguage":"pt-BR","potentialAction":[{"@type":"ReadAction","target":["https:\/\/cleitonpinheiro.com.br\/site\/palmas-festival-opera-na-tela-inicia-neste-sabado-com-exibicao-de-hamlet-no-cine-cultura\/"]}]},{"@type":"ImageObject","inLanguage":"pt-BR","@id":"https:\/\/cleitonpinheiro.com.br\/site\/palmas-festival-opera-na-tela-inicia-neste-sabado-com-exibicao-de-hamlet-no-cine-cultura\/#primaryimage","url":"","contentUrl":""},{"@type":"BreadcrumbList","@id":"https:\/\/cleitonpinheiro.com.br\/site\/palmas-festival-opera-na-tela-inicia-neste-sabado-com-exibicao-de-hamlet-no-cine-cultura\/#breadcrumb","itemListElement":[{"@type":"ListItem","position":1,"name":"In\u00edcio","item":"https:\/\/cleitonpinheiro.com.br\/site\/"},{"@type":"ListItem","position":2,"name":"Palmas: Festival \u00d3pera na Tela inicia neste s\u00e1bado, com exibi\u00e7\u00e3o de Hamlet\u00a0 no Cine Cultura"}]},{"@type":"WebSite","@id":"https:\/\/cleitonpinheiro.com.br\/site\/#website","url":"https:\/\/cleitonpinheiro.com.br\/site\/","name":"PORTAL DE NOT\u00cdCIAS CLEITON PINHEIRO","description":"FALANDO A VERDADE","publisher":{"@id":"https:\/\/cleitonpinheiro.com.br\/site\/#organization"},"potentialAction":[{"@type":"SearchAction","target":{"@type":"EntryPoint","urlTemplate":"https:\/\/cleitonpinheiro.com.br\/site\/?s={search_term_string}"},"query-input":{"@type":"PropertyValueSpecification","valueRequired":true,"valueName":"search_term_string"}}],"inLanguage":"pt-BR"},{"@type":"Organization","@id":"https:\/\/cleitonpinheiro.com.br\/site\/#organization","name":"CPNOT\u00cdCIAS","url":"https:\/\/cleitonpinheiro.com.br\/site\/","logo":{"@type":"ImageObject","inLanguage":"pt-BR","@id":"https:\/\/cleitonpinheiro.com.br\/site\/#\/schema\/logo\/image\/","url":"https:\/\/cleitonpinheiro.com.br\/site\/wp-content\/uploads\/2022\/08\/Logo-pequena-2.png","contentUrl":"https:\/\/cleitonpinheiro.com.br\/site\/wp-content\/uploads\/2022\/08\/Logo-pequena-2.png","width":500,"height":500,"caption":"CPNOT\u00cdCIAS"},"image":{"@id":"https:\/\/cleitonpinheiro.com.br\/site\/#\/schema\/logo\/image\/"},"sameAs":["https:\/\/www.facebook.com\/portalcpnoticias\/"]},{"@type":"Person","@id":"https:\/\/cleitonpinheiro.com.br\/site\/#\/schema\/person\/62fd4eb98fcc8bd3fc477aaff264af51","name":"Cleiton Pinheiro","image":{"@type":"ImageObject","inLanguage":"pt-BR","@id":"https:\/\/cleitonpinheiro.com.br\/site\/#\/schema\/person\/image\/","url":"https:\/\/secure.gravatar.com\/avatar\/15642ec35b78fe5eed3cfa8e4a3f3211d73a3df4f35f0566b4324958cba1b1b9?s=96&r=g","contentUrl":"https:\/\/secure.gravatar.com\/avatar\/15642ec35b78fe5eed3cfa8e4a3f3211d73a3df4f35f0566b4324958cba1b1b9?s=96&r=g","caption":"Cleiton Pinheiro"},"url":"https:\/\/cleitonpinheiro.com.br\/site\/author\/cleiton\/"}]}},"views":169,"_links":{"self":[{"href":"https:\/\/cleitonpinheiro.com.br\/site\/wp-json\/wp\/v2\/posts\/77052","targetHints":{"allow":["GET"]}}],"collection":[{"href":"https:\/\/cleitonpinheiro.com.br\/site\/wp-json\/wp\/v2\/posts"}],"about":[{"href":"https:\/\/cleitonpinheiro.com.br\/site\/wp-json\/wp\/v2\/types\/post"}],"author":[{"embeddable":true,"href":"https:\/\/cleitonpinheiro.com.br\/site\/wp-json\/wp\/v2\/users\/10"}],"replies":[{"embeddable":true,"href":"https:\/\/cleitonpinheiro.com.br\/site\/wp-json\/wp\/v2\/comments?post=77052"}],"version-history":[{"count":1,"href":"https:\/\/cleitonpinheiro.com.br\/site\/wp-json\/wp\/v2\/posts\/77052\/revisions"}],"predecessor-version":[{"id":77054,"href":"https:\/\/cleitonpinheiro.com.br\/site\/wp-json\/wp\/v2\/posts\/77052\/revisions\/77054"}],"wp:attachment":[{"href":"https:\/\/cleitonpinheiro.com.br\/site\/wp-json\/wp\/v2\/media?parent=77052"}],"wp:term":[{"taxonomy":"category","embeddable":true,"href":"https:\/\/cleitonpinheiro.com.br\/site\/wp-json\/wp\/v2\/categories?post=77052"},{"taxonomy":"post_tag","embeddable":true,"href":"https:\/\/cleitonpinheiro.com.br\/site\/wp-json\/wp\/v2\/tags?post=77052"}],"curies":[{"name":"wp","href":"https:\/\/api.w.org\/{rel}","templated":true}]}}