{"id":77055,"date":"2024-04-29T14:44:00","date_gmt":"2024-04-29T17:44:00","guid":{"rendered":"https:\/\/cleitonpinheiro.com.br\/site\/?p=77055"},"modified":"2024-04-29T14:44:03","modified_gmt":"2024-04-29T17:44:03","slug":"em-palmas-exibicao-de-filmes-gratuitos-na-pracinha-da-cultura-no-morada-do-sol","status":"publish","type":"post","link":"https:\/\/cleitonpinheiro.com.br\/site\/em-palmas-exibicao-de-filmes-gratuitos-na-pracinha-da-cultura-no-morada-do-sol\/","title":{"rendered":"Em Palmas, exibi\u00e7\u00e3o de filmes gratuitos na Pracinha da Cultura no Morada do Sol"},"content":{"rendered":"\n<figure class=\"wp-block-image size-full\"><img decoding=\"async\" src=\"https:\/\/cleitonpinheiro.com.br\/site\/wp-content\/uploads\/2024\/04\/26c425283da34869ac0ca8872939247a.jpg\" alt=\"\" class=\"wp-image-77056\"\/><\/figure>\n\n\n\n<p>Os moradores do setor Morada do Sol II recebem o Circuito Festival Voc\u00ea na Tela, que exibir\u00e1 os filmes vencedores da s\u00e9tima edi\u00e7\u00e3o do festival na Pracinha da Cultura. \u00a0A programa\u00e7\u00e3o \u00e9 gratuita e come\u00e7ou nessa quinta-feira, 25, e ter\u00e3o mais sess\u00f5es nos dias 2 e 4 de maio.<\/p>\n\n\n\n<p>Al\u00e9m dos filmes vencedores do Festival Voc\u00ea na Tela, ser\u00e1 exibida uma sess\u00e3o especial do filme \u2018Rir Para N\u00e3o Chorar\u2019. A obra conta a hist\u00f3ria de Fl\u00e1vio, um comediante de sucesso que, ap\u00f3s a morte de sua m\u00e3e, se v\u00ea empacado, como se uma nuvem estivesse bloqueando sua capacidade de fazer as pessoas rirem. Determinado a voltar para os holofotes, ele far\u00e1 de tudo para conseguir seu dom de volta. S\u00f3 n\u00e3o imaginava que sua m\u00e3e voltaria para faz\u00ea-lo rir novamente.&nbsp;<\/p>\n\n\n\n<p><strong>Sobre a Pracinha<\/strong><\/p>\n\n\n\n<p>A Pracinha da Cultura foi constru\u00edda em parceria com o Minist\u00e9rio da Cultura e Secretaria Municipal de Habita\u00e7\u00e3o e comporta um cineteatro, telecentro, biblioteca, quadra coberta, pista de skate e um Centro de Refer\u00eancia de Assist\u00eancia Social (Cras). Atrav\u00e9s da Funda\u00e7\u00e3o Cultural de Palmas (FCP), s\u00e3o oferecidas atividades de arte-educa\u00e7\u00e3o, cinema, v\u00eddeo, espet\u00e1culos de teatro, dan\u00e7a, concertos de m\u00fasica, artes populares, atividades recreativas, lazer, dentre outras. O espa\u00e7o fica localizado no setor &nbsp;Morada do Sol, Rua Rubi, lote 17.&nbsp;<\/p>\n\n\n\n<p><strong>Programa\u00e7\u00e3o completa<\/strong><\/p>\n\n\n\n<p><strong>25 de abril (qui)<\/strong><br>Hor\u00e1rio: 14h \u00e0s 15h\u00a0<br>Exibi\u00e7\u00e3o dos filmes vencedores do VII Festival Voc\u00ea na Tela\u00a0<\/p>\n\n\n\n<p><strong>02 de maio\u00a0(qui)<\/strong><br>Exibi\u00e7\u00e3o dos filmes vencedores do VI Festival Voc\u00ea na Tela<br>Circuito Festival Voc\u00ea na Tela<br>Hor\u00e1rio: 14h \u00e0s 15h<\/p>\n\n\n\n<p><strong>04 de maio (s\u00e1b)<\/strong><br>19h &#8211; Rir Para N\u00e3o Chorar, Cibele Amaral<br>Com\u00e9dia | Brasil | 2019 | 100 min<br>Classifica\u00e7\u00e3o: 10 anos\u00a0<\/p>\n\n\n\n<p>Texto: Prefeitura de Palmas<\/p>\n","protected":false},"excerpt":{"rendered":"<p>Os moradores do setor Morada do Sol II recebem o Circuito Festival Voc\u00ea na Tela, que exibir\u00e1 os filmes vencedores da s\u00e9tima edi\u00e7\u00e3o do festival na Pracinha da Cultura. \u00a0A programa\u00e7\u00e3o \u00e9 gratuita e come\u00e7ou nessa quinta-feira, 25, e ter\u00e3o mais sess\u00f5es nos dias 2 e 4 de maio. Al\u00e9m dos filmes vencedores do Festival [&hellip;]<\/p>\n","protected":false},"author":10,"featured_media":0,"comment_status":"open","ping_status":"open","sticky":false,"template":"","format":"standard","meta":{"_acf_changed":false,"footnotes":""},"categories":[22,20,21],"tags":[],"class_list":["post-77055","post","type-post","status-publish","format-standard","hentry","category-cidades","category-noticias-em-destaque","category-todas-noticias"],"acf":[],"yoast_head":"<!-- This site is optimized with the Yoast SEO plugin v24.4 - https:\/\/yoast.com\/wordpress\/plugins\/seo\/ -->\n<title>Em Palmas, exibi\u00e7\u00e3o de filmes gratuitos na Pracinha da Cultura no Morada do Sol - PORTAL DE NOT\u00cdCIAS CLEITON PINHEIRO<\/title>\n<meta name=\"robots\" content=\"index, follow, max-snippet:-1, max-image-preview:large, max-video-preview:-1\" \/>\n<link rel=\"canonical\" href=\"https:\/\/cleitonpinheiro.com.br\/site\/em-palmas-exibicao-de-filmes-gratuitos-na-pracinha-da-cultura-no-morada-do-sol\/\" \/>\n<meta property=\"og:locale\" content=\"pt_BR\" \/>\n<meta property=\"og:type\" content=\"article\" \/>\n<meta property=\"og:title\" content=\"Em Palmas, exibi\u00e7\u00e3o de filmes gratuitos na Pracinha da Cultura no Morada do Sol - PORTAL DE NOT\u00cdCIAS CLEITON PINHEIRO\" \/>\n<meta property=\"og:description\" content=\"Os moradores do setor Morada do Sol II recebem o Circuito Festival Voc\u00ea na Tela, que exibir\u00e1 os filmes vencedores da s\u00e9tima edi\u00e7\u00e3o do festival na Pracinha da Cultura. \u00a0A programa\u00e7\u00e3o \u00e9 gratuita e come\u00e7ou nessa quinta-feira, 25, e ter\u00e3o mais sess\u00f5es nos dias 2 e 4 de maio. Al\u00e9m dos filmes vencedores do Festival [&hellip;]\" \/>\n<meta property=\"og:url\" content=\"https:\/\/cleitonpinheiro.com.br\/site\/em-palmas-exibicao-de-filmes-gratuitos-na-pracinha-da-cultura-no-morada-do-sol\/\" \/>\n<meta property=\"og:site_name\" content=\"PORTAL DE NOT\u00cdCIAS CLEITON PINHEIRO\" \/>\n<meta property=\"article:publisher\" content=\"https:\/\/www.facebook.com\/portalcpnoticias\/\" \/>\n<meta property=\"article:published_time\" content=\"2024-04-29T17:44:00+00:00\" \/>\n<meta property=\"article:modified_time\" content=\"2024-04-29T17:44:03+00:00\" \/>\n<meta property=\"og:image\" content=\"https:\/\/cleitonpinheiro.com.br\/site\/wp-content\/uploads\/2024\/04\/26c425283da34869ac0ca8872939247a.jpg\" \/>\n\t<meta property=\"og:image:width\" content=\"800\" \/>\n\t<meta property=\"og:image:height\" content=\"449\" \/>\n\t<meta property=\"og:image:type\" content=\"image\/jpeg\" \/>\n<meta name=\"author\" content=\"Cleiton Pinheiro\" \/>\n<meta name=\"twitter:card\" content=\"summary_large_image\" \/>\n<meta name=\"twitter:label1\" content=\"Escrito por\" \/>\n\t<meta name=\"twitter:data1\" content=\"Cleiton Pinheiro\" \/>\n\t<meta name=\"twitter:label2\" content=\"Est. tempo de leitura\" \/>\n\t<meta name=\"twitter:data2\" content=\"2 minutos\" \/>\n<script type=\"application\/ld+json\" class=\"yoast-schema-graph\">{\"@context\":\"https:\/\/schema.org\",\"@graph\":[{\"@type\":\"Article\",\"@id\":\"https:\/\/cleitonpinheiro.com.br\/site\/em-palmas-exibicao-de-filmes-gratuitos-na-pracinha-da-cultura-no-morada-do-sol\/#article\",\"isPartOf\":{\"@id\":\"https:\/\/cleitonpinheiro.com.br\/site\/em-palmas-exibicao-de-filmes-gratuitos-na-pracinha-da-cultura-no-morada-do-sol\/\"},\"author\":{\"name\":\"Cleiton Pinheiro\",\"@id\":\"https:\/\/cleitonpinheiro.com.br\/site\/#\/schema\/person\/62fd4eb98fcc8bd3fc477aaff264af51\"},\"headline\":\"Em Palmas, exibi\u00e7\u00e3o de filmes gratuitos na Pracinha da Cultura no Morada do Sol\",\"datePublished\":\"2024-04-29T17:44:00+00:00\",\"dateModified\":\"2024-04-29T17:44:03+00:00\",\"mainEntityOfPage\":{\"@id\":\"https:\/\/cleitonpinheiro.com.br\/site\/em-palmas-exibicao-de-filmes-gratuitos-na-pracinha-da-cultura-no-morada-do-sol\/\"},\"wordCount\":321,\"commentCount\":0,\"publisher\":{\"@id\":\"https:\/\/cleitonpinheiro.com.br\/site\/#organization\"},\"image\":{\"@id\":\"https:\/\/cleitonpinheiro.com.br\/site\/em-palmas-exibicao-de-filmes-gratuitos-na-pracinha-da-cultura-no-morada-do-sol\/#primaryimage\"},\"thumbnailUrl\":\"https:\/\/cleitonpinheiro.com.br\/site\/wp-content\/uploads\/2024\/04\/26c425283da34869ac0ca8872939247a.jpg\",\"articleSection\":[\"CIDADES\",\"NOT\u00cdCIAS EM DESTAQUE\",\"TODAS NOTICIAS\"],\"inLanguage\":\"pt-BR\",\"potentialAction\":[{\"@type\":\"CommentAction\",\"name\":\"Comment\",\"target\":[\"https:\/\/cleitonpinheiro.com.br\/site\/em-palmas-exibicao-de-filmes-gratuitos-na-pracinha-da-cultura-no-morada-do-sol\/#respond\"]}]},{\"@type\":\"WebPage\",\"@id\":\"https:\/\/cleitonpinheiro.com.br\/site\/em-palmas-exibicao-de-filmes-gratuitos-na-pracinha-da-cultura-no-morada-do-sol\/\",\"url\":\"https:\/\/cleitonpinheiro.com.br\/site\/em-palmas-exibicao-de-filmes-gratuitos-na-pracinha-da-cultura-no-morada-do-sol\/\",\"name\":\"Em Palmas, exibi\u00e7\u00e3o de filmes gratuitos na Pracinha da Cultura no Morada do Sol - PORTAL DE NOT\u00cdCIAS CLEITON PINHEIRO\",\"isPartOf\":{\"@id\":\"https:\/\/cleitonpinheiro.com.br\/site\/#website\"},\"primaryImageOfPage\":{\"@id\":\"https:\/\/cleitonpinheiro.com.br\/site\/em-palmas-exibicao-de-filmes-gratuitos-na-pracinha-da-cultura-no-morada-do-sol\/#primaryimage\"},\"image\":{\"@id\":\"https:\/\/cleitonpinheiro.com.br\/site\/em-palmas-exibicao-de-filmes-gratuitos-na-pracinha-da-cultura-no-morada-do-sol\/#primaryimage\"},\"thumbnailUrl\":\"https:\/\/cleitonpinheiro.com.br\/site\/wp-content\/uploads\/2024\/04\/26c425283da34869ac0ca8872939247a.jpg\",\"datePublished\":\"2024-04-29T17:44:00+00:00\",\"dateModified\":\"2024-04-29T17:44:03+00:00\",\"breadcrumb\":{\"@id\":\"https:\/\/cleitonpinheiro.com.br\/site\/em-palmas-exibicao-de-filmes-gratuitos-na-pracinha-da-cultura-no-morada-do-sol\/#breadcrumb\"},\"inLanguage\":\"pt-BR\",\"potentialAction\":[{\"@type\":\"ReadAction\",\"target\":[\"https:\/\/cleitonpinheiro.com.br\/site\/em-palmas-exibicao-de-filmes-gratuitos-na-pracinha-da-cultura-no-morada-do-sol\/\"]}]},{\"@type\":\"ImageObject\",\"inLanguage\":\"pt-BR\",\"@id\":\"https:\/\/cleitonpinheiro.com.br\/site\/em-palmas-exibicao-de-filmes-gratuitos-na-pracinha-da-cultura-no-morada-do-sol\/#primaryimage\",\"url\":\"\",\"contentUrl\":\"\"},{\"@type\":\"BreadcrumbList\",\"@id\":\"https:\/\/cleitonpinheiro.com.br\/site\/em-palmas-exibicao-de-filmes-gratuitos-na-pracinha-da-cultura-no-morada-do-sol\/#breadcrumb\",\"itemListElement\":[{\"@type\":\"ListItem\",\"position\":1,\"name\":\"In\u00edcio\",\"item\":\"https:\/\/cleitonpinheiro.com.br\/site\/\"},{\"@type\":\"ListItem\",\"position\":2,\"name\":\"Em Palmas, exibi\u00e7\u00e3o de filmes gratuitos na Pracinha da Cultura no Morada do Sol\"}]},{\"@type\":\"WebSite\",\"@id\":\"https:\/\/cleitonpinheiro.com.br\/site\/#website\",\"url\":\"https:\/\/cleitonpinheiro.com.br\/site\/\",\"name\":\"PORTAL DE NOT\u00cdCIAS CLEITON PINHEIRO\",\"description\":\"FALANDO A VERDADE\",\"publisher\":{\"@id\":\"https:\/\/cleitonpinheiro.com.br\/site\/#organization\"},\"potentialAction\":[{\"@type\":\"SearchAction\",\"target\":{\"@type\":\"EntryPoint\",\"urlTemplate\":\"https:\/\/cleitonpinheiro.com.br\/site\/?s={search_term_string}\"},\"query-input\":{\"@type\":\"PropertyValueSpecification\",\"valueRequired\":true,\"valueName\":\"search_term_string\"}}],\"inLanguage\":\"pt-BR\"},{\"@type\":\"Organization\",\"@id\":\"https:\/\/cleitonpinheiro.com.br\/site\/#organization\",\"name\":\"CPNOT\u00cdCIAS\",\"url\":\"https:\/\/cleitonpinheiro.com.br\/site\/\",\"logo\":{\"@type\":\"ImageObject\",\"inLanguage\":\"pt-BR\",\"@id\":\"https:\/\/cleitonpinheiro.com.br\/site\/#\/schema\/logo\/image\/\",\"url\":\"https:\/\/cleitonpinheiro.com.br\/site\/wp-content\/uploads\/2022\/08\/Logo-pequena-2.png\",\"contentUrl\":\"https:\/\/cleitonpinheiro.com.br\/site\/wp-content\/uploads\/2022\/08\/Logo-pequena-2.png\",\"width\":500,\"height\":500,\"caption\":\"CPNOT\u00cdCIAS\"},\"image\":{\"@id\":\"https:\/\/cleitonpinheiro.com.br\/site\/#\/schema\/logo\/image\/\"},\"sameAs\":[\"https:\/\/www.facebook.com\/portalcpnoticias\/\"]},{\"@type\":\"Person\",\"@id\":\"https:\/\/cleitonpinheiro.com.br\/site\/#\/schema\/person\/62fd4eb98fcc8bd3fc477aaff264af51\",\"name\":\"Cleiton Pinheiro\",\"image\":{\"@type\":\"ImageObject\",\"inLanguage\":\"pt-BR\",\"@id\":\"https:\/\/cleitonpinheiro.com.br\/site\/#\/schema\/person\/image\/\",\"url\":\"https:\/\/secure.gravatar.com\/avatar\/15642ec35b78fe5eed3cfa8e4a3f3211d73a3df4f35f0566b4324958cba1b1b9?s=96&r=g\",\"contentUrl\":\"https:\/\/secure.gravatar.com\/avatar\/15642ec35b78fe5eed3cfa8e4a3f3211d73a3df4f35f0566b4324958cba1b1b9?s=96&r=g\",\"caption\":\"Cleiton Pinheiro\"},\"url\":\"https:\/\/cleitonpinheiro.com.br\/site\/author\/cleiton\/\"}]}<\/script>\n<!-- \/ Yoast SEO plugin. -->","yoast_head_json":{"title":"Em Palmas, exibi\u00e7\u00e3o de filmes gratuitos na Pracinha da Cultura no Morada do Sol - PORTAL DE NOT\u00cdCIAS CLEITON PINHEIRO","robots":{"index":"index","follow":"follow","max-snippet":"max-snippet:-1","max-image-preview":"max-image-preview:large","max-video-preview":"max-video-preview:-1"},"canonical":"https:\/\/cleitonpinheiro.com.br\/site\/em-palmas-exibicao-de-filmes-gratuitos-na-pracinha-da-cultura-no-morada-do-sol\/","og_locale":"pt_BR","og_type":"article","og_title":"Em Palmas, exibi\u00e7\u00e3o de filmes gratuitos na Pracinha da Cultura no Morada do Sol - PORTAL DE NOT\u00cdCIAS CLEITON PINHEIRO","og_description":"Os moradores do setor Morada do Sol II recebem o Circuito Festival Voc\u00ea na Tela, que exibir\u00e1 os filmes vencedores da s\u00e9tima edi\u00e7\u00e3o do festival na Pracinha da Cultura. \u00a0A programa\u00e7\u00e3o \u00e9 gratuita e come\u00e7ou nessa quinta-feira, 25, e ter\u00e3o mais sess\u00f5es nos dias 2 e 4 de maio. Al\u00e9m dos filmes vencedores do Festival [&hellip;]","og_url":"https:\/\/cleitonpinheiro.com.br\/site\/em-palmas-exibicao-de-filmes-gratuitos-na-pracinha-da-cultura-no-morada-do-sol\/","og_site_name":"PORTAL DE NOT\u00cdCIAS CLEITON PINHEIRO","article_publisher":"https:\/\/www.facebook.com\/portalcpnoticias\/","article_published_time":"2024-04-29T17:44:00+00:00","article_modified_time":"2024-04-29T17:44:03+00:00","og_image":[{"width":800,"height":449,"url":"https:\/\/cleitonpinheiro.com.br\/site\/wp-content\/uploads\/2024\/04\/26c425283da34869ac0ca8872939247a.jpg","type":"image\/jpeg"}],"author":"Cleiton Pinheiro","twitter_card":"summary_large_image","twitter_misc":{"Escrito por":"Cleiton Pinheiro","Est. tempo de leitura":"2 minutos"},"schema":{"@context":"https:\/\/schema.org","@graph":[{"@type":"Article","@id":"https:\/\/cleitonpinheiro.com.br\/site\/em-palmas-exibicao-de-filmes-gratuitos-na-pracinha-da-cultura-no-morada-do-sol\/#article","isPartOf":{"@id":"https:\/\/cleitonpinheiro.com.br\/site\/em-palmas-exibicao-de-filmes-gratuitos-na-pracinha-da-cultura-no-morada-do-sol\/"},"author":{"name":"Cleiton Pinheiro","@id":"https:\/\/cleitonpinheiro.com.br\/site\/#\/schema\/person\/62fd4eb98fcc8bd3fc477aaff264af51"},"headline":"Em Palmas, exibi\u00e7\u00e3o de filmes gratuitos na Pracinha da Cultura no Morada do Sol","datePublished":"2024-04-29T17:44:00+00:00","dateModified":"2024-04-29T17:44:03+00:00","mainEntityOfPage":{"@id":"https:\/\/cleitonpinheiro.com.br\/site\/em-palmas-exibicao-de-filmes-gratuitos-na-pracinha-da-cultura-no-morada-do-sol\/"},"wordCount":321,"commentCount":0,"publisher":{"@id":"https:\/\/cleitonpinheiro.com.br\/site\/#organization"},"image":{"@id":"https:\/\/cleitonpinheiro.com.br\/site\/em-palmas-exibicao-de-filmes-gratuitos-na-pracinha-da-cultura-no-morada-do-sol\/#primaryimage"},"thumbnailUrl":"https:\/\/cleitonpinheiro.com.br\/site\/wp-content\/uploads\/2024\/04\/26c425283da34869ac0ca8872939247a.jpg","articleSection":["CIDADES","NOT\u00cdCIAS EM DESTAQUE","TODAS NOTICIAS"],"inLanguage":"pt-BR","potentialAction":[{"@type":"CommentAction","name":"Comment","target":["https:\/\/cleitonpinheiro.com.br\/site\/em-palmas-exibicao-de-filmes-gratuitos-na-pracinha-da-cultura-no-morada-do-sol\/#respond"]}]},{"@type":"WebPage","@id":"https:\/\/cleitonpinheiro.com.br\/site\/em-palmas-exibicao-de-filmes-gratuitos-na-pracinha-da-cultura-no-morada-do-sol\/","url":"https:\/\/cleitonpinheiro.com.br\/site\/em-palmas-exibicao-de-filmes-gratuitos-na-pracinha-da-cultura-no-morada-do-sol\/","name":"Em Palmas, exibi\u00e7\u00e3o de filmes gratuitos na Pracinha da Cultura no Morada do Sol - PORTAL DE NOT\u00cdCIAS CLEITON PINHEIRO","isPartOf":{"@id":"https:\/\/cleitonpinheiro.com.br\/site\/#website"},"primaryImageOfPage":{"@id":"https:\/\/cleitonpinheiro.com.br\/site\/em-palmas-exibicao-de-filmes-gratuitos-na-pracinha-da-cultura-no-morada-do-sol\/#primaryimage"},"image":{"@id":"https:\/\/cleitonpinheiro.com.br\/site\/em-palmas-exibicao-de-filmes-gratuitos-na-pracinha-da-cultura-no-morada-do-sol\/#primaryimage"},"thumbnailUrl":"https:\/\/cleitonpinheiro.com.br\/site\/wp-content\/uploads\/2024\/04\/26c425283da34869ac0ca8872939247a.jpg","datePublished":"2024-04-29T17:44:00+00:00","dateModified":"2024-04-29T17:44:03+00:00","breadcrumb":{"@id":"https:\/\/cleitonpinheiro.com.br\/site\/em-palmas-exibicao-de-filmes-gratuitos-na-pracinha-da-cultura-no-morada-do-sol\/#breadcrumb"},"inLanguage":"pt-BR","potentialAction":[{"@type":"ReadAction","target":["https:\/\/cleitonpinheiro.com.br\/site\/em-palmas-exibicao-de-filmes-gratuitos-na-pracinha-da-cultura-no-morada-do-sol\/"]}]},{"@type":"ImageObject","inLanguage":"pt-BR","@id":"https:\/\/cleitonpinheiro.com.br\/site\/em-palmas-exibicao-de-filmes-gratuitos-na-pracinha-da-cultura-no-morada-do-sol\/#primaryimage","url":"","contentUrl":""},{"@type":"BreadcrumbList","@id":"https:\/\/cleitonpinheiro.com.br\/site\/em-palmas-exibicao-de-filmes-gratuitos-na-pracinha-da-cultura-no-morada-do-sol\/#breadcrumb","itemListElement":[{"@type":"ListItem","position":1,"name":"In\u00edcio","item":"https:\/\/cleitonpinheiro.com.br\/site\/"},{"@type":"ListItem","position":2,"name":"Em Palmas, exibi\u00e7\u00e3o de filmes gratuitos na Pracinha da Cultura no Morada do Sol"}]},{"@type":"WebSite","@id":"https:\/\/cleitonpinheiro.com.br\/site\/#website","url":"https:\/\/cleitonpinheiro.com.br\/site\/","name":"PORTAL DE NOT\u00cdCIAS CLEITON PINHEIRO","description":"FALANDO A VERDADE","publisher":{"@id":"https:\/\/cleitonpinheiro.com.br\/site\/#organization"},"potentialAction":[{"@type":"SearchAction","target":{"@type":"EntryPoint","urlTemplate":"https:\/\/cleitonpinheiro.com.br\/site\/?s={search_term_string}"},"query-input":{"@type":"PropertyValueSpecification","valueRequired":true,"valueName":"search_term_string"}}],"inLanguage":"pt-BR"},{"@type":"Organization","@id":"https:\/\/cleitonpinheiro.com.br\/site\/#organization","name":"CPNOT\u00cdCIAS","url":"https:\/\/cleitonpinheiro.com.br\/site\/","logo":{"@type":"ImageObject","inLanguage":"pt-BR","@id":"https:\/\/cleitonpinheiro.com.br\/site\/#\/schema\/logo\/image\/","url":"https:\/\/cleitonpinheiro.com.br\/site\/wp-content\/uploads\/2022\/08\/Logo-pequena-2.png","contentUrl":"https:\/\/cleitonpinheiro.com.br\/site\/wp-content\/uploads\/2022\/08\/Logo-pequena-2.png","width":500,"height":500,"caption":"CPNOT\u00cdCIAS"},"image":{"@id":"https:\/\/cleitonpinheiro.com.br\/site\/#\/schema\/logo\/image\/"},"sameAs":["https:\/\/www.facebook.com\/portalcpnoticias\/"]},{"@type":"Person","@id":"https:\/\/cleitonpinheiro.com.br\/site\/#\/schema\/person\/62fd4eb98fcc8bd3fc477aaff264af51","name":"Cleiton Pinheiro","image":{"@type":"ImageObject","inLanguage":"pt-BR","@id":"https:\/\/cleitonpinheiro.com.br\/site\/#\/schema\/person\/image\/","url":"https:\/\/secure.gravatar.com\/avatar\/15642ec35b78fe5eed3cfa8e4a3f3211d73a3df4f35f0566b4324958cba1b1b9?s=96&r=g","contentUrl":"https:\/\/secure.gravatar.com\/avatar\/15642ec35b78fe5eed3cfa8e4a3f3211d73a3df4f35f0566b4324958cba1b1b9?s=96&r=g","caption":"Cleiton Pinheiro"},"url":"https:\/\/cleitonpinheiro.com.br\/site\/author\/cleiton\/"}]}},"views":177,"_links":{"self":[{"href":"https:\/\/cleitonpinheiro.com.br\/site\/wp-json\/wp\/v2\/posts\/77055","targetHints":{"allow":["GET"]}}],"collection":[{"href":"https:\/\/cleitonpinheiro.com.br\/site\/wp-json\/wp\/v2\/posts"}],"about":[{"href":"https:\/\/cleitonpinheiro.com.br\/site\/wp-json\/wp\/v2\/types\/post"}],"author":[{"embeddable":true,"href":"https:\/\/cleitonpinheiro.com.br\/site\/wp-json\/wp\/v2\/users\/10"}],"replies":[{"embeddable":true,"href":"https:\/\/cleitonpinheiro.com.br\/site\/wp-json\/wp\/v2\/comments?post=77055"}],"version-history":[{"count":1,"href":"https:\/\/cleitonpinheiro.com.br\/site\/wp-json\/wp\/v2\/posts\/77055\/revisions"}],"predecessor-version":[{"id":77057,"href":"https:\/\/cleitonpinheiro.com.br\/site\/wp-json\/wp\/v2\/posts\/77055\/revisions\/77057"}],"wp:attachment":[{"href":"https:\/\/cleitonpinheiro.com.br\/site\/wp-json\/wp\/v2\/media?parent=77055"}],"wp:term":[{"taxonomy":"category","embeddable":true,"href":"https:\/\/cleitonpinheiro.com.br\/site\/wp-json\/wp\/v2\/categories?post=77055"},{"taxonomy":"post_tag","embeddable":true,"href":"https:\/\/cleitonpinheiro.com.br\/site\/wp-json\/wp\/v2\/tags?post=77055"}],"curies":[{"name":"wp","href":"https:\/\/api.w.org\/{rel}","templated":true}]}}