{"id":77061,"date":"2024-04-26T10:52:52","date_gmt":"2024-04-26T13:52:52","guid":{"rendered":"https:\/\/cleitonpinheiro.com.br\/site\/?p=77061"},"modified":"2024-04-28T10:54:35","modified_gmt":"2024-04-28T13:54:35","slug":"confira-aqui-os-locais-de-prova-do-concurso-do-quadro-da-saude-da-prefeitura-de-palmas","status":"publish","type":"post","link":"https:\/\/cleitonpinheiro.com.br\/site\/confira-aqui-os-locais-de-prova-do-concurso-do-quadro-da-saude-da-prefeitura-de-palmas\/","title":{"rendered":"Confira aqui os locais de prova do concurso do Quadro da Sa\u00fade da Prefeitura de Palmas"},"content":{"rendered":"\n<figure class=\"wp-block-image size-full\"><img decoding=\"async\" src=\"https:\/\/cleitonpinheiro.com.br\/site\/wp-content\/uploads\/2024\/04\/4a3b4d95-e75a-40f0-b73d-66ce0a302506.jpg\" alt=\"semus\" class=\"wp-image-77062\"\/><figcaption class=\"wp-element-caption\">Foto: Lia Mara<\/figcaption><\/figure>\n\n\n\n<p>A Prefeitura de Palmas e a Comiss\u00e3o Permanente de Sele\u00e7\u00e3o (Copese) da Universidade Federal do Tocantins (UFT) tornam p\u00fablicos os locais de prova do Concurso P\u00fablico do Quadro da Sa\u00fade da gest\u00e3o municipal. Os locais podem ser conferidos nos arquivos em anexo a este texto.\u00a0\u00a0<\/p>\n\n\n\n<p>Em raz\u00e3o de problema no link que atende ao data center da Funda\u00e7\u00e3o Universidade Federal do Tocantins (UFT), o acesso \u00e0 internet e ao site da institui\u00e7\u00e3o (copese.uft.edu.br) encontra-se inst\u00e1vel. No entanto, os candidatos que precisarem consultar os locais de prova do certame da Sa\u00fade, podem acessar os arquivos dispon\u00edveis abaixo.&nbsp;<\/p>\n\n\n\n<p><a href=\"https:\/\/www.palmas.to.gov.br\/media\/orgao\/documentos\/Endere%C3%A7o_-_Locais_de_Prova_Quadro_Sa%C3%BAde_-_PMP_2024-1.pdf\" target=\"_blank\" rel=\"noreferrer noopener\">Locais de provas PMP<\/a><\/p>\n\n\n\n<p><a href=\"https:\/\/www.palmas.to.gov.br\/media\/orgao\/documentos\/Locais_de_Prova_Nivel_Medio_Saude2024.pdf\" target=\"_blank\" rel=\"noreferrer noopener\">Locais de provas n\u00edvel m\u00e9dio<\/a><\/p>\n\n\n\n<p><a href=\"https:\/\/www.palmas.to.gov.br\/media\/orgao\/documentos\/Locais_de_Prova_Nivel_Superior_Saude2024.pdf\" target=\"_blank\" rel=\"noreferrer noopener\">Locais de provas n\u00edvel superior<\/a><\/p>\n\n\n\n<p>Texto: Prefeitura de Palmas<\/p>\n","protected":false},"excerpt":{"rendered":"<p>A Prefeitura de Palmas e a Comiss\u00e3o Permanente de Sele\u00e7\u00e3o (Copese) da Universidade Federal do Tocantins (UFT) tornam p\u00fablicos os locais de prova do Concurso P\u00fablico do Quadro da Sa\u00fade da gest\u00e3o municipal. Os locais podem ser conferidos nos arquivos em anexo a este texto.\u00a0\u00a0 Em raz\u00e3o de problema no link que atende ao data [&hellip;]<\/p>\n","protected":false},"author":10,"featured_media":0,"comment_status":"open","ping_status":"open","sticky":false,"template":"","format":"standard","meta":{"_acf_changed":false,"footnotes":""},"categories":[25,20,21],"tags":[],"class_list":["post-77061","post","type-post","status-publish","format-standard","hentry","category-funcionalismo","category-noticias-em-destaque","category-todas-noticias"],"acf":[],"yoast_head":"<!-- This site is optimized with the Yoast SEO plugin v24.4 - https:\/\/yoast.com\/wordpress\/plugins\/seo\/ -->\n<title>Confira aqui os locais de prova do concurso do Quadro da Sa\u00fade da Prefeitura de Palmas - PORTAL DE NOT\u00cdCIAS CLEITON PINHEIRO<\/title>\n<meta name=\"robots\" content=\"index, follow, max-snippet:-1, max-image-preview:large, max-video-preview:-1\" \/>\n<link rel=\"canonical\" href=\"https:\/\/cleitonpinheiro.com.br\/site\/confira-aqui-os-locais-de-prova-do-concurso-do-quadro-da-saude-da-prefeitura-de-palmas\/\" \/>\n<meta property=\"og:locale\" content=\"pt_BR\" \/>\n<meta property=\"og:type\" content=\"article\" \/>\n<meta property=\"og:title\" content=\"Confira aqui os locais de prova do concurso do Quadro da Sa\u00fade da Prefeitura de Palmas - PORTAL DE NOT\u00cdCIAS CLEITON PINHEIRO\" \/>\n<meta property=\"og:description\" content=\"A Prefeitura de Palmas e a Comiss\u00e3o Permanente de Sele\u00e7\u00e3o (Copese) da Universidade Federal do Tocantins (UFT) tornam p\u00fablicos os locais de prova do Concurso P\u00fablico do Quadro da Sa\u00fade da gest\u00e3o municipal. Os locais podem ser conferidos nos arquivos em anexo a este texto.\u00a0\u00a0 Em raz\u00e3o de problema no link que atende ao data [&hellip;]\" \/>\n<meta property=\"og:url\" content=\"https:\/\/cleitonpinheiro.com.br\/site\/confira-aqui-os-locais-de-prova-do-concurso-do-quadro-da-saude-da-prefeitura-de-palmas\/\" \/>\n<meta property=\"og:site_name\" content=\"PORTAL DE NOT\u00cdCIAS CLEITON PINHEIRO\" \/>\n<meta property=\"article:publisher\" content=\"https:\/\/www.facebook.com\/portalcpnoticias\/\" \/>\n<meta property=\"article:published_time\" content=\"2024-04-26T13:52:52+00:00\" \/>\n<meta property=\"article:modified_time\" content=\"2024-04-28T13:54:35+00:00\" \/>\n<meta property=\"og:image\" content=\"https:\/\/cleitonpinheiro.com.br\/site\/wp-content\/uploads\/2024\/04\/4a3b4d95-e75a-40f0-b73d-66ce0a302506.jpg\" \/>\n\t<meta property=\"og:image:width\" content=\"800\" \/>\n\t<meta property=\"og:image:height\" content=\"533\" \/>\n\t<meta property=\"og:image:type\" content=\"image\/jpeg\" \/>\n<meta name=\"author\" content=\"Cleiton Pinheiro\" \/>\n<meta name=\"twitter:card\" content=\"summary_large_image\" \/>\n<meta name=\"twitter:label1\" content=\"Escrito por\" \/>\n\t<meta name=\"twitter:data1\" content=\"Cleiton Pinheiro\" \/>\n\t<meta name=\"twitter:label2\" content=\"Est. tempo de leitura\" \/>\n\t<meta name=\"twitter:data2\" content=\"2 minutos\" \/>\n<script type=\"application\/ld+json\" class=\"yoast-schema-graph\">{\"@context\":\"https:\/\/schema.org\",\"@graph\":[{\"@type\":\"Article\",\"@id\":\"https:\/\/cleitonpinheiro.com.br\/site\/confira-aqui-os-locais-de-prova-do-concurso-do-quadro-da-saude-da-prefeitura-de-palmas\/#article\",\"isPartOf\":{\"@id\":\"https:\/\/cleitonpinheiro.com.br\/site\/confira-aqui-os-locais-de-prova-do-concurso-do-quadro-da-saude-da-prefeitura-de-palmas\/\"},\"author\":{\"name\":\"Cleiton Pinheiro\",\"@id\":\"https:\/\/cleitonpinheiro.com.br\/site\/#\/schema\/person\/62fd4eb98fcc8bd3fc477aaff264af51\"},\"headline\":\"Confira aqui os locais de prova do concurso do Quadro da Sa\u00fade da Prefeitura de Palmas\",\"datePublished\":\"2024-04-26T13:52:52+00:00\",\"dateModified\":\"2024-04-28T13:54:35+00:00\",\"mainEntityOfPage\":{\"@id\":\"https:\/\/cleitonpinheiro.com.br\/site\/confira-aqui-os-locais-de-prova-do-concurso-do-quadro-da-saude-da-prefeitura-de-palmas\/\"},\"wordCount\":152,\"commentCount\":0,\"publisher\":{\"@id\":\"https:\/\/cleitonpinheiro.com.br\/site\/#organization\"},\"image\":{\"@id\":\"https:\/\/cleitonpinheiro.com.br\/site\/confira-aqui-os-locais-de-prova-do-concurso-do-quadro-da-saude-da-prefeitura-de-palmas\/#primaryimage\"},\"thumbnailUrl\":\"https:\/\/cleitonpinheiro.com.br\/site\/wp-content\/uploads\/2024\/04\/4a3b4d95-e75a-40f0-b73d-66ce0a302506.jpg\",\"articleSection\":[\"FUNCIONALISMO\",\"NOT\u00cdCIAS EM DESTAQUE\",\"TODAS NOTICIAS\"],\"inLanguage\":\"pt-BR\",\"potentialAction\":[{\"@type\":\"CommentAction\",\"name\":\"Comment\",\"target\":[\"https:\/\/cleitonpinheiro.com.br\/site\/confira-aqui-os-locais-de-prova-do-concurso-do-quadro-da-saude-da-prefeitura-de-palmas\/#respond\"]}]},{\"@type\":\"WebPage\",\"@id\":\"https:\/\/cleitonpinheiro.com.br\/site\/confira-aqui-os-locais-de-prova-do-concurso-do-quadro-da-saude-da-prefeitura-de-palmas\/\",\"url\":\"https:\/\/cleitonpinheiro.com.br\/site\/confira-aqui-os-locais-de-prova-do-concurso-do-quadro-da-saude-da-prefeitura-de-palmas\/\",\"name\":\"Confira aqui os locais de prova do concurso do Quadro da Sa\u00fade da Prefeitura de Palmas - PORTAL DE NOT\u00cdCIAS CLEITON PINHEIRO\",\"isPartOf\":{\"@id\":\"https:\/\/cleitonpinheiro.com.br\/site\/#website\"},\"primaryImageOfPage\":{\"@id\":\"https:\/\/cleitonpinheiro.com.br\/site\/confira-aqui-os-locais-de-prova-do-concurso-do-quadro-da-saude-da-prefeitura-de-palmas\/#primaryimage\"},\"image\":{\"@id\":\"https:\/\/cleitonpinheiro.com.br\/site\/confira-aqui-os-locais-de-prova-do-concurso-do-quadro-da-saude-da-prefeitura-de-palmas\/#primaryimage\"},\"thumbnailUrl\":\"https:\/\/cleitonpinheiro.com.br\/site\/wp-content\/uploads\/2024\/04\/4a3b4d95-e75a-40f0-b73d-66ce0a302506.jpg\",\"datePublished\":\"2024-04-26T13:52:52+00:00\",\"dateModified\":\"2024-04-28T13:54:35+00:00\",\"breadcrumb\":{\"@id\":\"https:\/\/cleitonpinheiro.com.br\/site\/confira-aqui-os-locais-de-prova-do-concurso-do-quadro-da-saude-da-prefeitura-de-palmas\/#breadcrumb\"},\"inLanguage\":\"pt-BR\",\"potentialAction\":[{\"@type\":\"ReadAction\",\"target\":[\"https:\/\/cleitonpinheiro.com.br\/site\/confira-aqui-os-locais-de-prova-do-concurso-do-quadro-da-saude-da-prefeitura-de-palmas\/\"]}]},{\"@type\":\"ImageObject\",\"inLanguage\":\"pt-BR\",\"@id\":\"https:\/\/cleitonpinheiro.com.br\/site\/confira-aqui-os-locais-de-prova-do-concurso-do-quadro-da-saude-da-prefeitura-de-palmas\/#primaryimage\",\"url\":\"\",\"contentUrl\":\"\"},{\"@type\":\"BreadcrumbList\",\"@id\":\"https:\/\/cleitonpinheiro.com.br\/site\/confira-aqui-os-locais-de-prova-do-concurso-do-quadro-da-saude-da-prefeitura-de-palmas\/#breadcrumb\",\"itemListElement\":[{\"@type\":\"ListItem\",\"position\":1,\"name\":\"In\u00edcio\",\"item\":\"https:\/\/cleitonpinheiro.com.br\/site\/\"},{\"@type\":\"ListItem\",\"position\":2,\"name\":\"Confira aqui os locais de prova do concurso do Quadro da Sa\u00fade da Prefeitura de Palmas\"}]},{\"@type\":\"WebSite\",\"@id\":\"https:\/\/cleitonpinheiro.com.br\/site\/#website\",\"url\":\"https:\/\/cleitonpinheiro.com.br\/site\/\",\"name\":\"PORTAL DE NOT\u00cdCIAS CLEITON PINHEIRO\",\"description\":\"FALANDO A VERDADE\",\"publisher\":{\"@id\":\"https:\/\/cleitonpinheiro.com.br\/site\/#organization\"},\"potentialAction\":[{\"@type\":\"SearchAction\",\"target\":{\"@type\":\"EntryPoint\",\"urlTemplate\":\"https:\/\/cleitonpinheiro.com.br\/site\/?s={search_term_string}\"},\"query-input\":{\"@type\":\"PropertyValueSpecification\",\"valueRequired\":true,\"valueName\":\"search_term_string\"}}],\"inLanguage\":\"pt-BR\"},{\"@type\":\"Organization\",\"@id\":\"https:\/\/cleitonpinheiro.com.br\/site\/#organization\",\"name\":\"CPNOT\u00cdCIAS\",\"url\":\"https:\/\/cleitonpinheiro.com.br\/site\/\",\"logo\":{\"@type\":\"ImageObject\",\"inLanguage\":\"pt-BR\",\"@id\":\"https:\/\/cleitonpinheiro.com.br\/site\/#\/schema\/logo\/image\/\",\"url\":\"https:\/\/cleitonpinheiro.com.br\/site\/wp-content\/uploads\/2022\/08\/Logo-pequena-2.png\",\"contentUrl\":\"https:\/\/cleitonpinheiro.com.br\/site\/wp-content\/uploads\/2022\/08\/Logo-pequena-2.png\",\"width\":500,\"height\":500,\"caption\":\"CPNOT\u00cdCIAS\"},\"image\":{\"@id\":\"https:\/\/cleitonpinheiro.com.br\/site\/#\/schema\/logo\/image\/\"},\"sameAs\":[\"https:\/\/www.facebook.com\/portalcpnoticias\/\"]},{\"@type\":\"Person\",\"@id\":\"https:\/\/cleitonpinheiro.com.br\/site\/#\/schema\/person\/62fd4eb98fcc8bd3fc477aaff264af51\",\"name\":\"Cleiton Pinheiro\",\"image\":{\"@type\":\"ImageObject\",\"inLanguage\":\"pt-BR\",\"@id\":\"https:\/\/cleitonpinheiro.com.br\/site\/#\/schema\/person\/image\/\",\"url\":\"https:\/\/secure.gravatar.com\/avatar\/15642ec35b78fe5eed3cfa8e4a3f3211d73a3df4f35f0566b4324958cba1b1b9?s=96&r=g\",\"contentUrl\":\"https:\/\/secure.gravatar.com\/avatar\/15642ec35b78fe5eed3cfa8e4a3f3211d73a3df4f35f0566b4324958cba1b1b9?s=96&r=g\",\"caption\":\"Cleiton Pinheiro\"},\"url\":\"https:\/\/cleitonpinheiro.com.br\/site\/author\/cleiton\/\"}]}<\/script>\n<!-- \/ Yoast SEO plugin. -->","yoast_head_json":{"title":"Confira aqui os locais de prova do concurso do Quadro da Sa\u00fade da Prefeitura de Palmas - PORTAL DE NOT\u00cdCIAS CLEITON PINHEIRO","robots":{"index":"index","follow":"follow","max-snippet":"max-snippet:-1","max-image-preview":"max-image-preview:large","max-video-preview":"max-video-preview:-1"},"canonical":"https:\/\/cleitonpinheiro.com.br\/site\/confira-aqui-os-locais-de-prova-do-concurso-do-quadro-da-saude-da-prefeitura-de-palmas\/","og_locale":"pt_BR","og_type":"article","og_title":"Confira aqui os locais de prova do concurso do Quadro da Sa\u00fade da Prefeitura de Palmas - PORTAL DE NOT\u00cdCIAS CLEITON PINHEIRO","og_description":"A Prefeitura de Palmas e a Comiss\u00e3o Permanente de Sele\u00e7\u00e3o (Copese) da Universidade Federal do Tocantins (UFT) tornam p\u00fablicos os locais de prova do Concurso P\u00fablico do Quadro da Sa\u00fade da gest\u00e3o municipal. Os locais podem ser conferidos nos arquivos em anexo a este texto.\u00a0\u00a0 Em raz\u00e3o de problema no link que atende ao data [&hellip;]","og_url":"https:\/\/cleitonpinheiro.com.br\/site\/confira-aqui-os-locais-de-prova-do-concurso-do-quadro-da-saude-da-prefeitura-de-palmas\/","og_site_name":"PORTAL DE NOT\u00cdCIAS CLEITON PINHEIRO","article_publisher":"https:\/\/www.facebook.com\/portalcpnoticias\/","article_published_time":"2024-04-26T13:52:52+00:00","article_modified_time":"2024-04-28T13:54:35+00:00","og_image":[{"width":800,"height":533,"url":"https:\/\/cleitonpinheiro.com.br\/site\/wp-content\/uploads\/2024\/04\/4a3b4d95-e75a-40f0-b73d-66ce0a302506.jpg","type":"image\/jpeg"}],"author":"Cleiton Pinheiro","twitter_card":"summary_large_image","twitter_misc":{"Escrito por":"Cleiton Pinheiro","Est. tempo de leitura":"2 minutos"},"schema":{"@context":"https:\/\/schema.org","@graph":[{"@type":"Article","@id":"https:\/\/cleitonpinheiro.com.br\/site\/confira-aqui-os-locais-de-prova-do-concurso-do-quadro-da-saude-da-prefeitura-de-palmas\/#article","isPartOf":{"@id":"https:\/\/cleitonpinheiro.com.br\/site\/confira-aqui-os-locais-de-prova-do-concurso-do-quadro-da-saude-da-prefeitura-de-palmas\/"},"author":{"name":"Cleiton Pinheiro","@id":"https:\/\/cleitonpinheiro.com.br\/site\/#\/schema\/person\/62fd4eb98fcc8bd3fc477aaff264af51"},"headline":"Confira aqui os locais de prova do concurso do Quadro da Sa\u00fade da Prefeitura de Palmas","datePublished":"2024-04-26T13:52:52+00:00","dateModified":"2024-04-28T13:54:35+00:00","mainEntityOfPage":{"@id":"https:\/\/cleitonpinheiro.com.br\/site\/confira-aqui-os-locais-de-prova-do-concurso-do-quadro-da-saude-da-prefeitura-de-palmas\/"},"wordCount":152,"commentCount":0,"publisher":{"@id":"https:\/\/cleitonpinheiro.com.br\/site\/#organization"},"image":{"@id":"https:\/\/cleitonpinheiro.com.br\/site\/confira-aqui-os-locais-de-prova-do-concurso-do-quadro-da-saude-da-prefeitura-de-palmas\/#primaryimage"},"thumbnailUrl":"https:\/\/cleitonpinheiro.com.br\/site\/wp-content\/uploads\/2024\/04\/4a3b4d95-e75a-40f0-b73d-66ce0a302506.jpg","articleSection":["FUNCIONALISMO","NOT\u00cdCIAS EM DESTAQUE","TODAS NOTICIAS"],"inLanguage":"pt-BR","potentialAction":[{"@type":"CommentAction","name":"Comment","target":["https:\/\/cleitonpinheiro.com.br\/site\/confira-aqui-os-locais-de-prova-do-concurso-do-quadro-da-saude-da-prefeitura-de-palmas\/#respond"]}]},{"@type":"WebPage","@id":"https:\/\/cleitonpinheiro.com.br\/site\/confira-aqui-os-locais-de-prova-do-concurso-do-quadro-da-saude-da-prefeitura-de-palmas\/","url":"https:\/\/cleitonpinheiro.com.br\/site\/confira-aqui-os-locais-de-prova-do-concurso-do-quadro-da-saude-da-prefeitura-de-palmas\/","name":"Confira aqui os locais de prova do concurso do Quadro da Sa\u00fade da Prefeitura de Palmas - PORTAL DE NOT\u00cdCIAS CLEITON PINHEIRO","isPartOf":{"@id":"https:\/\/cleitonpinheiro.com.br\/site\/#website"},"primaryImageOfPage":{"@id":"https:\/\/cleitonpinheiro.com.br\/site\/confira-aqui-os-locais-de-prova-do-concurso-do-quadro-da-saude-da-prefeitura-de-palmas\/#primaryimage"},"image":{"@id":"https:\/\/cleitonpinheiro.com.br\/site\/confira-aqui-os-locais-de-prova-do-concurso-do-quadro-da-saude-da-prefeitura-de-palmas\/#primaryimage"},"thumbnailUrl":"https:\/\/cleitonpinheiro.com.br\/site\/wp-content\/uploads\/2024\/04\/4a3b4d95-e75a-40f0-b73d-66ce0a302506.jpg","datePublished":"2024-04-26T13:52:52+00:00","dateModified":"2024-04-28T13:54:35+00:00","breadcrumb":{"@id":"https:\/\/cleitonpinheiro.com.br\/site\/confira-aqui-os-locais-de-prova-do-concurso-do-quadro-da-saude-da-prefeitura-de-palmas\/#breadcrumb"},"inLanguage":"pt-BR","potentialAction":[{"@type":"ReadAction","target":["https:\/\/cleitonpinheiro.com.br\/site\/confira-aqui-os-locais-de-prova-do-concurso-do-quadro-da-saude-da-prefeitura-de-palmas\/"]}]},{"@type":"ImageObject","inLanguage":"pt-BR","@id":"https:\/\/cleitonpinheiro.com.br\/site\/confira-aqui-os-locais-de-prova-do-concurso-do-quadro-da-saude-da-prefeitura-de-palmas\/#primaryimage","url":"","contentUrl":""},{"@type":"BreadcrumbList","@id":"https:\/\/cleitonpinheiro.com.br\/site\/confira-aqui-os-locais-de-prova-do-concurso-do-quadro-da-saude-da-prefeitura-de-palmas\/#breadcrumb","itemListElement":[{"@type":"ListItem","position":1,"name":"In\u00edcio","item":"https:\/\/cleitonpinheiro.com.br\/site\/"},{"@type":"ListItem","position":2,"name":"Confira aqui os locais de prova do concurso do Quadro da Sa\u00fade da Prefeitura de Palmas"}]},{"@type":"WebSite","@id":"https:\/\/cleitonpinheiro.com.br\/site\/#website","url":"https:\/\/cleitonpinheiro.com.br\/site\/","name":"PORTAL DE NOT\u00cdCIAS CLEITON PINHEIRO","description":"FALANDO A VERDADE","publisher":{"@id":"https:\/\/cleitonpinheiro.com.br\/site\/#organization"},"potentialAction":[{"@type":"SearchAction","target":{"@type":"EntryPoint","urlTemplate":"https:\/\/cleitonpinheiro.com.br\/site\/?s={search_term_string}"},"query-input":{"@type":"PropertyValueSpecification","valueRequired":true,"valueName":"search_term_string"}}],"inLanguage":"pt-BR"},{"@type":"Organization","@id":"https:\/\/cleitonpinheiro.com.br\/site\/#organization","name":"CPNOT\u00cdCIAS","url":"https:\/\/cleitonpinheiro.com.br\/site\/","logo":{"@type":"ImageObject","inLanguage":"pt-BR","@id":"https:\/\/cleitonpinheiro.com.br\/site\/#\/schema\/logo\/image\/","url":"https:\/\/cleitonpinheiro.com.br\/site\/wp-content\/uploads\/2022\/08\/Logo-pequena-2.png","contentUrl":"https:\/\/cleitonpinheiro.com.br\/site\/wp-content\/uploads\/2022\/08\/Logo-pequena-2.png","width":500,"height":500,"caption":"CPNOT\u00cdCIAS"},"image":{"@id":"https:\/\/cleitonpinheiro.com.br\/site\/#\/schema\/logo\/image\/"},"sameAs":["https:\/\/www.facebook.com\/portalcpnoticias\/"]},{"@type":"Person","@id":"https:\/\/cleitonpinheiro.com.br\/site\/#\/schema\/person\/62fd4eb98fcc8bd3fc477aaff264af51","name":"Cleiton Pinheiro","image":{"@type":"ImageObject","inLanguage":"pt-BR","@id":"https:\/\/cleitonpinheiro.com.br\/site\/#\/schema\/person\/image\/","url":"https:\/\/secure.gravatar.com\/avatar\/15642ec35b78fe5eed3cfa8e4a3f3211d73a3df4f35f0566b4324958cba1b1b9?s=96&r=g","contentUrl":"https:\/\/secure.gravatar.com\/avatar\/15642ec35b78fe5eed3cfa8e4a3f3211d73a3df4f35f0566b4324958cba1b1b9?s=96&r=g","caption":"Cleiton Pinheiro"},"url":"https:\/\/cleitonpinheiro.com.br\/site\/author\/cleiton\/"}]}},"views":191,"_links":{"self":[{"href":"https:\/\/cleitonpinheiro.com.br\/site\/wp-json\/wp\/v2\/posts\/77061","targetHints":{"allow":["GET"]}}],"collection":[{"href":"https:\/\/cleitonpinheiro.com.br\/site\/wp-json\/wp\/v2\/posts"}],"about":[{"href":"https:\/\/cleitonpinheiro.com.br\/site\/wp-json\/wp\/v2\/types\/post"}],"author":[{"embeddable":true,"href":"https:\/\/cleitonpinheiro.com.br\/site\/wp-json\/wp\/v2\/users\/10"}],"replies":[{"embeddable":true,"href":"https:\/\/cleitonpinheiro.com.br\/site\/wp-json\/wp\/v2\/comments?post=77061"}],"version-history":[{"count":1,"href":"https:\/\/cleitonpinheiro.com.br\/site\/wp-json\/wp\/v2\/posts\/77061\/revisions"}],"predecessor-version":[{"id":77063,"href":"https:\/\/cleitonpinheiro.com.br\/site\/wp-json\/wp\/v2\/posts\/77061\/revisions\/77063"}],"wp:attachment":[{"href":"https:\/\/cleitonpinheiro.com.br\/site\/wp-json\/wp\/v2\/media?parent=77061"}],"wp:term":[{"taxonomy":"category","embeddable":true,"href":"https:\/\/cleitonpinheiro.com.br\/site\/wp-json\/wp\/v2\/categories?post=77061"},{"taxonomy":"post_tag","embeddable":true,"href":"https:\/\/cleitonpinheiro.com.br\/site\/wp-json\/wp\/v2\/tags?post=77061"}],"curies":[{"name":"wp","href":"https:\/\/api.w.org\/{rel}","templated":true}]}}