{"id":77071,"date":"2024-04-26T11:03:30","date_gmt":"2024-04-26T14:03:30","guid":{"rendered":"https:\/\/cleitonpinheiro.com.br\/site\/?p=77071"},"modified":"2024-04-28T11:06:01","modified_gmt":"2024-04-28T14:06:01","slug":"governo-do-to-divulga-resultado-preliminar-da-2a-chamada-dos-editais-da-lei-paulo-gustavo","status":"publish","type":"post","link":"https:\/\/cleitonpinheiro.com.br\/site\/governo-do-to-divulga-resultado-preliminar-da-2a-chamada-dos-editais-da-lei-paulo-gustavo\/","title":{"rendered":"Governo do TO divulga resultado preliminar da 2\u00aa chamada dos editais da Lei Paulo Gustavo"},"content":{"rendered":"\n<figure class=\"wp-block-image size-full\"><img decoding=\"async\" src=\"https:\/\/cleitonpinheiro.com.br\/site\/wp-content\/uploads\/2024\/04\/374364.jpeg\" alt=\"\" class=\"wp-image-77072\"\/><\/figure>\n\n\n\n<p>O Governo do Tocantins, por meio da Secretaria da Cultura (Secult), tornou p\u00fablicas nesta quinta-feira, 25, as listas com resultado preliminar da 2\u00aa chamada dos editais da Lei Paulo Gustavo (Lei Complementar n\u00ba 195, de 8 de julho de 2022). Os documentos j\u00e1 podem ser consultados no site da Secult e tamb\u00e9m ser\u00e3o publicados no Di\u00e1rio Oficial do Estado (DOE). De acordo com o cronograma, proponentes interessados t\u00eam at\u00e9 a pr\u00f3xima segunda-feira, 29, para interpor recursos na plataforma\u00a0<a href=\"https:\/\/lpg.to.gov.br\/\">lpg.to.gov.br<\/a>.\u00a0<\/p>\n\n\n\n<p>A publica\u00e7\u00e3o da lista final ocorre na quinta-feira, 2 de maio, e em seguida ser\u00e3o abertos para os proponentes selecionados os prazos para assinatura do Termo de Execu\u00e7\u00e3o Cultural, para os editais Artes Tocantins 2023 (n\u00ba 19\/2023) e Audiovisual Tocantins 2023 (n\u00ba 23\/2023), ou do Recibo, para os editais Pr\u00eamio Culturas Tradicionais e Populares do Tocantins (n\u00ba 18\/2023) e Pr\u00eamio Povos Ind\u00edgenas e Comunidades Quilombolas (n\u00b0 20\/2023).&nbsp;<\/p>\n\n\n\n<p><strong>Interposi\u00e7\u00e3o de recursos \u2013 Passo a passo<\/strong><\/p>\n\n\n\n<p>Proponentes interessados em interpor recursos devem seguir o seguinte passo a passo: acessar a \u00e1rea do proponente na plataforma<a href=\"https:\/\/lpg.to.gov.br\/\">\u00a0lpg.to.gov.br<\/a>; clicar em\u00a0<em>Documenta\u00e7\u00e3o<\/em>, dispon\u00edvel na aba\u00a0<em>A\u00e7\u00e3o<\/em>, que est\u00e1 localizada ap\u00f3s as informa\u00e7\u00f5es de nota e classifica\u00e7\u00e3o; Se reprovado, o proponente ter\u00e1 acesso ao bot\u00e3o\u00a0<em>Abrir Recurso\u00a0<\/em>e em seguida<em>\u00a0c<\/em>lique no bot\u00e3o para escrever a defesa em rela\u00e7\u00e3o ao motivo da desclassifica\u00e7\u00e3o da proposta.<\/p>\n\n\n\n<p>Texto: Maria Eduarda Ferraz\/ Governo do Tocantins<\/p>\n","protected":false},"excerpt":{"rendered":"<p>O Governo do Tocantins, por meio da Secretaria da Cultura (Secult), tornou p\u00fablicas nesta quinta-feira, 25, as listas com resultado preliminar da 2\u00aa chamada dos editais da Lei Paulo Gustavo (Lei Complementar n\u00ba 195, de 8 de julho de 2022). Os documentos j\u00e1 podem ser consultados no site da Secult e tamb\u00e9m ser\u00e3o publicados no [&hellip;]<\/p>\n","protected":false},"author":10,"featured_media":0,"comment_status":"open","ping_status":"open","sticky":false,"template":"","format":"standard","meta":{"_acf_changed":false,"footnotes":""},"categories":[8,20,21],"tags":[],"class_list":["post-77071","post","type-post","status-publish","format-standard","hentry","category-estado","category-noticias-em-destaque","category-todas-noticias"],"acf":[],"yoast_head":"<!-- This site is optimized with the Yoast SEO plugin v24.4 - https:\/\/yoast.com\/wordpress\/plugins\/seo\/ -->\n<title>Governo do TO divulga resultado preliminar da 2\u00aa chamada dos editais da Lei Paulo Gustavo - PORTAL DE NOT\u00cdCIAS CLEITON PINHEIRO<\/title>\n<meta name=\"robots\" content=\"index, follow, max-snippet:-1, max-image-preview:large, max-video-preview:-1\" \/>\n<link rel=\"canonical\" href=\"https:\/\/cleitonpinheiro.com.br\/site\/governo-do-to-divulga-resultado-preliminar-da-2a-chamada-dos-editais-da-lei-paulo-gustavo\/\" \/>\n<meta property=\"og:locale\" content=\"pt_BR\" \/>\n<meta property=\"og:type\" content=\"article\" \/>\n<meta property=\"og:title\" content=\"Governo do TO divulga resultado preliminar da 2\u00aa chamada dos editais da Lei Paulo Gustavo - PORTAL DE NOT\u00cdCIAS CLEITON PINHEIRO\" \/>\n<meta property=\"og:description\" content=\"O Governo do Tocantins, por meio da Secretaria da Cultura (Secult), tornou p\u00fablicas nesta quinta-feira, 25, as listas com resultado preliminar da 2\u00aa chamada dos editais da Lei Paulo Gustavo (Lei Complementar n\u00ba 195, de 8 de julho de 2022). Os documentos j\u00e1 podem ser consultados no site da Secult e tamb\u00e9m ser\u00e3o publicados no [&hellip;]\" \/>\n<meta property=\"og:url\" content=\"https:\/\/cleitonpinheiro.com.br\/site\/governo-do-to-divulga-resultado-preliminar-da-2a-chamada-dos-editais-da-lei-paulo-gustavo\/\" \/>\n<meta property=\"og:site_name\" content=\"PORTAL DE NOT\u00cdCIAS CLEITON PINHEIRO\" \/>\n<meta property=\"article:publisher\" content=\"https:\/\/www.facebook.com\/portalcpnoticias\/\" \/>\n<meta property=\"article:published_time\" content=\"2024-04-26T14:03:30+00:00\" \/>\n<meta property=\"article:modified_time\" content=\"2024-04-28T14:06:01+00:00\" \/>\n<meta property=\"og:image\" content=\"https:\/\/cleitonpinheiro.com.br\/site\/wp-content\/uploads\/2024\/04\/374364.jpeg\" \/>\n<meta name=\"author\" content=\"Cleiton Pinheiro\" \/>\n<meta name=\"twitter:card\" content=\"summary_large_image\" \/>\n<meta name=\"twitter:label1\" content=\"Escrito por\" \/>\n\t<meta name=\"twitter:data1\" content=\"Cleiton Pinheiro\" \/>\n\t<meta name=\"twitter:label2\" content=\"Est. tempo de leitura\" \/>\n\t<meta name=\"twitter:data2\" content=\"2 minutos\" \/>\n<script type=\"application\/ld+json\" class=\"yoast-schema-graph\">{\"@context\":\"https:\/\/schema.org\",\"@graph\":[{\"@type\":\"Article\",\"@id\":\"https:\/\/cleitonpinheiro.com.br\/site\/governo-do-to-divulga-resultado-preliminar-da-2a-chamada-dos-editais-da-lei-paulo-gustavo\/#article\",\"isPartOf\":{\"@id\":\"https:\/\/cleitonpinheiro.com.br\/site\/governo-do-to-divulga-resultado-preliminar-da-2a-chamada-dos-editais-da-lei-paulo-gustavo\/\"},\"author\":{\"name\":\"Cleiton Pinheiro\",\"@id\":\"https:\/\/cleitonpinheiro.com.br\/site\/#\/schema\/person\/62fd4eb98fcc8bd3fc477aaff264af51\"},\"headline\":\"Governo do TO divulga resultado preliminar da 2\u00aa chamada dos editais da Lei Paulo Gustavo\",\"datePublished\":\"2024-04-26T14:03:30+00:00\",\"dateModified\":\"2024-04-28T14:06:01+00:00\",\"mainEntityOfPage\":{\"@id\":\"https:\/\/cleitonpinheiro.com.br\/site\/governo-do-to-divulga-resultado-preliminar-da-2a-chamada-dos-editais-da-lei-paulo-gustavo\/\"},\"wordCount\":255,\"commentCount\":0,\"publisher\":{\"@id\":\"https:\/\/cleitonpinheiro.com.br\/site\/#organization\"},\"image\":{\"@id\":\"https:\/\/cleitonpinheiro.com.br\/site\/governo-do-to-divulga-resultado-preliminar-da-2a-chamada-dos-editais-da-lei-paulo-gustavo\/#primaryimage\"},\"thumbnailUrl\":\"https:\/\/cleitonpinheiro.com.br\/site\/wp-content\/uploads\/2024\/04\/374364.jpeg\",\"articleSection\":[\"ESTADO\",\"NOT\u00cdCIAS EM DESTAQUE\",\"TODAS NOTICIAS\"],\"inLanguage\":\"pt-BR\",\"potentialAction\":[{\"@type\":\"CommentAction\",\"name\":\"Comment\",\"target\":[\"https:\/\/cleitonpinheiro.com.br\/site\/governo-do-to-divulga-resultado-preliminar-da-2a-chamada-dos-editais-da-lei-paulo-gustavo\/#respond\"]}]},{\"@type\":\"WebPage\",\"@id\":\"https:\/\/cleitonpinheiro.com.br\/site\/governo-do-to-divulga-resultado-preliminar-da-2a-chamada-dos-editais-da-lei-paulo-gustavo\/\",\"url\":\"https:\/\/cleitonpinheiro.com.br\/site\/governo-do-to-divulga-resultado-preliminar-da-2a-chamada-dos-editais-da-lei-paulo-gustavo\/\",\"name\":\"Governo do TO divulga resultado preliminar da 2\u00aa chamada dos editais da Lei Paulo Gustavo - PORTAL DE NOT\u00cdCIAS CLEITON PINHEIRO\",\"isPartOf\":{\"@id\":\"https:\/\/cleitonpinheiro.com.br\/site\/#website\"},\"primaryImageOfPage\":{\"@id\":\"https:\/\/cleitonpinheiro.com.br\/site\/governo-do-to-divulga-resultado-preliminar-da-2a-chamada-dos-editais-da-lei-paulo-gustavo\/#primaryimage\"},\"image\":{\"@id\":\"https:\/\/cleitonpinheiro.com.br\/site\/governo-do-to-divulga-resultado-preliminar-da-2a-chamada-dos-editais-da-lei-paulo-gustavo\/#primaryimage\"},\"thumbnailUrl\":\"https:\/\/cleitonpinheiro.com.br\/site\/wp-content\/uploads\/2024\/04\/374364.jpeg\",\"datePublished\":\"2024-04-26T14:03:30+00:00\",\"dateModified\":\"2024-04-28T14:06:01+00:00\",\"breadcrumb\":{\"@id\":\"https:\/\/cleitonpinheiro.com.br\/site\/governo-do-to-divulga-resultado-preliminar-da-2a-chamada-dos-editais-da-lei-paulo-gustavo\/#breadcrumb\"},\"inLanguage\":\"pt-BR\",\"potentialAction\":[{\"@type\":\"ReadAction\",\"target\":[\"https:\/\/cleitonpinheiro.com.br\/site\/governo-do-to-divulga-resultado-preliminar-da-2a-chamada-dos-editais-da-lei-paulo-gustavo\/\"]}]},{\"@type\":\"ImageObject\",\"inLanguage\":\"pt-BR\",\"@id\":\"https:\/\/cleitonpinheiro.com.br\/site\/governo-do-to-divulga-resultado-preliminar-da-2a-chamada-dos-editais-da-lei-paulo-gustavo\/#primaryimage\",\"url\":\"\",\"contentUrl\":\"\"},{\"@type\":\"BreadcrumbList\",\"@id\":\"https:\/\/cleitonpinheiro.com.br\/site\/governo-do-to-divulga-resultado-preliminar-da-2a-chamada-dos-editais-da-lei-paulo-gustavo\/#breadcrumb\",\"itemListElement\":[{\"@type\":\"ListItem\",\"position\":1,\"name\":\"In\u00edcio\",\"item\":\"https:\/\/cleitonpinheiro.com.br\/site\/\"},{\"@type\":\"ListItem\",\"position\":2,\"name\":\"Governo do TO divulga resultado preliminar da 2\u00aa chamada dos editais da Lei Paulo Gustavo\"}]},{\"@type\":\"WebSite\",\"@id\":\"https:\/\/cleitonpinheiro.com.br\/site\/#website\",\"url\":\"https:\/\/cleitonpinheiro.com.br\/site\/\",\"name\":\"PORTAL DE NOT\u00cdCIAS CLEITON PINHEIRO\",\"description\":\"FALANDO A VERDADE\",\"publisher\":{\"@id\":\"https:\/\/cleitonpinheiro.com.br\/site\/#organization\"},\"potentialAction\":[{\"@type\":\"SearchAction\",\"target\":{\"@type\":\"EntryPoint\",\"urlTemplate\":\"https:\/\/cleitonpinheiro.com.br\/site\/?s={search_term_string}\"},\"query-input\":{\"@type\":\"PropertyValueSpecification\",\"valueRequired\":true,\"valueName\":\"search_term_string\"}}],\"inLanguage\":\"pt-BR\"},{\"@type\":\"Organization\",\"@id\":\"https:\/\/cleitonpinheiro.com.br\/site\/#organization\",\"name\":\"CPNOT\u00cdCIAS\",\"url\":\"https:\/\/cleitonpinheiro.com.br\/site\/\",\"logo\":{\"@type\":\"ImageObject\",\"inLanguage\":\"pt-BR\",\"@id\":\"https:\/\/cleitonpinheiro.com.br\/site\/#\/schema\/logo\/image\/\",\"url\":\"https:\/\/cleitonpinheiro.com.br\/site\/wp-content\/uploads\/2022\/08\/Logo-pequena-2.png\",\"contentUrl\":\"https:\/\/cleitonpinheiro.com.br\/site\/wp-content\/uploads\/2022\/08\/Logo-pequena-2.png\",\"width\":500,\"height\":500,\"caption\":\"CPNOT\u00cdCIAS\"},\"image\":{\"@id\":\"https:\/\/cleitonpinheiro.com.br\/site\/#\/schema\/logo\/image\/\"},\"sameAs\":[\"https:\/\/www.facebook.com\/portalcpnoticias\/\"]},{\"@type\":\"Person\",\"@id\":\"https:\/\/cleitonpinheiro.com.br\/site\/#\/schema\/person\/62fd4eb98fcc8bd3fc477aaff264af51\",\"name\":\"Cleiton Pinheiro\",\"image\":{\"@type\":\"ImageObject\",\"inLanguage\":\"pt-BR\",\"@id\":\"https:\/\/cleitonpinheiro.com.br\/site\/#\/schema\/person\/image\/\",\"url\":\"https:\/\/secure.gravatar.com\/avatar\/15642ec35b78fe5eed3cfa8e4a3f3211d73a3df4f35f0566b4324958cba1b1b9?s=96&r=g\",\"contentUrl\":\"https:\/\/secure.gravatar.com\/avatar\/15642ec35b78fe5eed3cfa8e4a3f3211d73a3df4f35f0566b4324958cba1b1b9?s=96&r=g\",\"caption\":\"Cleiton Pinheiro\"},\"url\":\"https:\/\/cleitonpinheiro.com.br\/site\/author\/cleiton\/\"}]}<\/script>\n<!-- \/ Yoast SEO plugin. -->","yoast_head_json":{"title":"Governo do TO divulga resultado preliminar da 2\u00aa chamada dos editais da Lei Paulo Gustavo - PORTAL DE NOT\u00cdCIAS CLEITON PINHEIRO","robots":{"index":"index","follow":"follow","max-snippet":"max-snippet:-1","max-image-preview":"max-image-preview:large","max-video-preview":"max-video-preview:-1"},"canonical":"https:\/\/cleitonpinheiro.com.br\/site\/governo-do-to-divulga-resultado-preliminar-da-2a-chamada-dos-editais-da-lei-paulo-gustavo\/","og_locale":"pt_BR","og_type":"article","og_title":"Governo do TO divulga resultado preliminar da 2\u00aa chamada dos editais da Lei Paulo Gustavo - PORTAL DE NOT\u00cdCIAS CLEITON PINHEIRO","og_description":"O Governo do Tocantins, por meio da Secretaria da Cultura (Secult), tornou p\u00fablicas nesta quinta-feira, 25, as listas com resultado preliminar da 2\u00aa chamada dos editais da Lei Paulo Gustavo (Lei Complementar n\u00ba 195, de 8 de julho de 2022). Os documentos j\u00e1 podem ser consultados no site da Secult e tamb\u00e9m ser\u00e3o publicados no [&hellip;]","og_url":"https:\/\/cleitonpinheiro.com.br\/site\/governo-do-to-divulga-resultado-preliminar-da-2a-chamada-dos-editais-da-lei-paulo-gustavo\/","og_site_name":"PORTAL DE NOT\u00cdCIAS CLEITON PINHEIRO","article_publisher":"https:\/\/www.facebook.com\/portalcpnoticias\/","article_published_time":"2024-04-26T14:03:30+00:00","article_modified_time":"2024-04-28T14:06:01+00:00","og_image":[{"url":"https:\/\/cleitonpinheiro.com.br\/site\/wp-content\/uploads\/2024\/04\/374364.jpeg","type":"","width":"","height":""}],"author":"Cleiton Pinheiro","twitter_card":"summary_large_image","twitter_misc":{"Escrito por":"Cleiton Pinheiro","Est. tempo de leitura":"2 minutos"},"schema":{"@context":"https:\/\/schema.org","@graph":[{"@type":"Article","@id":"https:\/\/cleitonpinheiro.com.br\/site\/governo-do-to-divulga-resultado-preliminar-da-2a-chamada-dos-editais-da-lei-paulo-gustavo\/#article","isPartOf":{"@id":"https:\/\/cleitonpinheiro.com.br\/site\/governo-do-to-divulga-resultado-preliminar-da-2a-chamada-dos-editais-da-lei-paulo-gustavo\/"},"author":{"name":"Cleiton Pinheiro","@id":"https:\/\/cleitonpinheiro.com.br\/site\/#\/schema\/person\/62fd4eb98fcc8bd3fc477aaff264af51"},"headline":"Governo do TO divulga resultado preliminar da 2\u00aa chamada dos editais da Lei Paulo Gustavo","datePublished":"2024-04-26T14:03:30+00:00","dateModified":"2024-04-28T14:06:01+00:00","mainEntityOfPage":{"@id":"https:\/\/cleitonpinheiro.com.br\/site\/governo-do-to-divulga-resultado-preliminar-da-2a-chamada-dos-editais-da-lei-paulo-gustavo\/"},"wordCount":255,"commentCount":0,"publisher":{"@id":"https:\/\/cleitonpinheiro.com.br\/site\/#organization"},"image":{"@id":"https:\/\/cleitonpinheiro.com.br\/site\/governo-do-to-divulga-resultado-preliminar-da-2a-chamada-dos-editais-da-lei-paulo-gustavo\/#primaryimage"},"thumbnailUrl":"https:\/\/cleitonpinheiro.com.br\/site\/wp-content\/uploads\/2024\/04\/374364.jpeg","articleSection":["ESTADO","NOT\u00cdCIAS EM DESTAQUE","TODAS NOTICIAS"],"inLanguage":"pt-BR","potentialAction":[{"@type":"CommentAction","name":"Comment","target":["https:\/\/cleitonpinheiro.com.br\/site\/governo-do-to-divulga-resultado-preliminar-da-2a-chamada-dos-editais-da-lei-paulo-gustavo\/#respond"]}]},{"@type":"WebPage","@id":"https:\/\/cleitonpinheiro.com.br\/site\/governo-do-to-divulga-resultado-preliminar-da-2a-chamada-dos-editais-da-lei-paulo-gustavo\/","url":"https:\/\/cleitonpinheiro.com.br\/site\/governo-do-to-divulga-resultado-preliminar-da-2a-chamada-dos-editais-da-lei-paulo-gustavo\/","name":"Governo do TO divulga resultado preliminar da 2\u00aa chamada dos editais da Lei Paulo Gustavo - PORTAL DE NOT\u00cdCIAS CLEITON PINHEIRO","isPartOf":{"@id":"https:\/\/cleitonpinheiro.com.br\/site\/#website"},"primaryImageOfPage":{"@id":"https:\/\/cleitonpinheiro.com.br\/site\/governo-do-to-divulga-resultado-preliminar-da-2a-chamada-dos-editais-da-lei-paulo-gustavo\/#primaryimage"},"image":{"@id":"https:\/\/cleitonpinheiro.com.br\/site\/governo-do-to-divulga-resultado-preliminar-da-2a-chamada-dos-editais-da-lei-paulo-gustavo\/#primaryimage"},"thumbnailUrl":"https:\/\/cleitonpinheiro.com.br\/site\/wp-content\/uploads\/2024\/04\/374364.jpeg","datePublished":"2024-04-26T14:03:30+00:00","dateModified":"2024-04-28T14:06:01+00:00","breadcrumb":{"@id":"https:\/\/cleitonpinheiro.com.br\/site\/governo-do-to-divulga-resultado-preliminar-da-2a-chamada-dos-editais-da-lei-paulo-gustavo\/#breadcrumb"},"inLanguage":"pt-BR","potentialAction":[{"@type":"ReadAction","target":["https:\/\/cleitonpinheiro.com.br\/site\/governo-do-to-divulga-resultado-preliminar-da-2a-chamada-dos-editais-da-lei-paulo-gustavo\/"]}]},{"@type":"ImageObject","inLanguage":"pt-BR","@id":"https:\/\/cleitonpinheiro.com.br\/site\/governo-do-to-divulga-resultado-preliminar-da-2a-chamada-dos-editais-da-lei-paulo-gustavo\/#primaryimage","url":"","contentUrl":""},{"@type":"BreadcrumbList","@id":"https:\/\/cleitonpinheiro.com.br\/site\/governo-do-to-divulga-resultado-preliminar-da-2a-chamada-dos-editais-da-lei-paulo-gustavo\/#breadcrumb","itemListElement":[{"@type":"ListItem","position":1,"name":"In\u00edcio","item":"https:\/\/cleitonpinheiro.com.br\/site\/"},{"@type":"ListItem","position":2,"name":"Governo do TO divulga resultado preliminar da 2\u00aa chamada dos editais da Lei Paulo Gustavo"}]},{"@type":"WebSite","@id":"https:\/\/cleitonpinheiro.com.br\/site\/#website","url":"https:\/\/cleitonpinheiro.com.br\/site\/","name":"PORTAL DE NOT\u00cdCIAS CLEITON PINHEIRO","description":"FALANDO A VERDADE","publisher":{"@id":"https:\/\/cleitonpinheiro.com.br\/site\/#organization"},"potentialAction":[{"@type":"SearchAction","target":{"@type":"EntryPoint","urlTemplate":"https:\/\/cleitonpinheiro.com.br\/site\/?s={search_term_string}"},"query-input":{"@type":"PropertyValueSpecification","valueRequired":true,"valueName":"search_term_string"}}],"inLanguage":"pt-BR"},{"@type":"Organization","@id":"https:\/\/cleitonpinheiro.com.br\/site\/#organization","name":"CPNOT\u00cdCIAS","url":"https:\/\/cleitonpinheiro.com.br\/site\/","logo":{"@type":"ImageObject","inLanguage":"pt-BR","@id":"https:\/\/cleitonpinheiro.com.br\/site\/#\/schema\/logo\/image\/","url":"https:\/\/cleitonpinheiro.com.br\/site\/wp-content\/uploads\/2022\/08\/Logo-pequena-2.png","contentUrl":"https:\/\/cleitonpinheiro.com.br\/site\/wp-content\/uploads\/2022\/08\/Logo-pequena-2.png","width":500,"height":500,"caption":"CPNOT\u00cdCIAS"},"image":{"@id":"https:\/\/cleitonpinheiro.com.br\/site\/#\/schema\/logo\/image\/"},"sameAs":["https:\/\/www.facebook.com\/portalcpnoticias\/"]},{"@type":"Person","@id":"https:\/\/cleitonpinheiro.com.br\/site\/#\/schema\/person\/62fd4eb98fcc8bd3fc477aaff264af51","name":"Cleiton Pinheiro","image":{"@type":"ImageObject","inLanguage":"pt-BR","@id":"https:\/\/cleitonpinheiro.com.br\/site\/#\/schema\/person\/image\/","url":"https:\/\/secure.gravatar.com\/avatar\/15642ec35b78fe5eed3cfa8e4a3f3211d73a3df4f35f0566b4324958cba1b1b9?s=96&r=g","contentUrl":"https:\/\/secure.gravatar.com\/avatar\/15642ec35b78fe5eed3cfa8e4a3f3211d73a3df4f35f0566b4324958cba1b1b9?s=96&r=g","caption":"Cleiton Pinheiro"},"url":"https:\/\/cleitonpinheiro.com.br\/site\/author\/cleiton\/"}]}},"views":186,"_links":{"self":[{"href":"https:\/\/cleitonpinheiro.com.br\/site\/wp-json\/wp\/v2\/posts\/77071","targetHints":{"allow":["GET"]}}],"collection":[{"href":"https:\/\/cleitonpinheiro.com.br\/site\/wp-json\/wp\/v2\/posts"}],"about":[{"href":"https:\/\/cleitonpinheiro.com.br\/site\/wp-json\/wp\/v2\/types\/post"}],"author":[{"embeddable":true,"href":"https:\/\/cleitonpinheiro.com.br\/site\/wp-json\/wp\/v2\/users\/10"}],"replies":[{"embeddable":true,"href":"https:\/\/cleitonpinheiro.com.br\/site\/wp-json\/wp\/v2\/comments?post=77071"}],"version-history":[{"count":1,"href":"https:\/\/cleitonpinheiro.com.br\/site\/wp-json\/wp\/v2\/posts\/77071\/revisions"}],"predecessor-version":[{"id":77073,"href":"https:\/\/cleitonpinheiro.com.br\/site\/wp-json\/wp\/v2\/posts\/77071\/revisions\/77073"}],"wp:attachment":[{"href":"https:\/\/cleitonpinheiro.com.br\/site\/wp-json\/wp\/v2\/media?parent=77071"}],"wp:term":[{"taxonomy":"category","embeddable":true,"href":"https:\/\/cleitonpinheiro.com.br\/site\/wp-json\/wp\/v2\/categories?post=77071"},{"taxonomy":"post_tag","embeddable":true,"href":"https:\/\/cleitonpinheiro.com.br\/site\/wp-json\/wp\/v2\/tags?post=77071"}],"curies":[{"name":"wp","href":"https:\/\/api.w.org\/{rel}","templated":true}]}}