{"id":77077,"date":"2024-04-30T11:47:53","date_gmt":"2024-04-30T14:47:53","guid":{"rendered":"https:\/\/cleitonpinheiro.com.br\/site\/?p=77077"},"modified":"2024-04-30T11:48:03","modified_gmt":"2024-04-30T14:48:03","slug":"unitins-publica-edital-do-vestibular-2024-2-com-160-vagas-para-os-campus-palmas-e-paraiso","status":"publish","type":"post","link":"https:\/\/cleitonpinheiro.com.br\/site\/unitins-publica-edital-do-vestibular-2024-2-com-160-vagas-para-os-campus-palmas-e-paraiso\/","title":{"rendered":"Unitins publica edital do Vestibular 2024\/2 com 160 vagas para os C\u00e2mpus Palmas e Para\u00edso"},"content":{"rendered":"\n<figure class=\"wp-block-image size-full\"><img decoding=\"async\" src=\"https:\/\/cleitonpinheiro.com.br\/site\/wp-content\/uploads\/2024\/04\/374472.png\" alt=\"\" class=\"wp-image-77078\"\/><\/figure>\n\n\n\n<p>A Universidade Estadual do Tocantins (Unitins) publicou nesta quinta-feira, 25, o edital do Vestibular 2024\/2 com vagas para os C\u00e2mpus Palmas e Para\u00edso. Os interessados devem realizar a inscri\u00e7\u00e3o entre os dias 30 de abril e 5 de junho e t\u00eam at\u00e9 o dia 3 de maio para solicitar isen\u00e7\u00e3o da taxa de inscri\u00e7\u00e3o, pelo Portal da Universidade (<a href=\"http:\/\/www.unitins.br\/\">www.unitins.br<\/a>).\u00a0<\/p>\n\n\n\n<p>Neste certame, s\u00e3o ofertadas 160 vagas distribu\u00eddas entre os cursos de Direito, Engenharia Agron\u00f4mica e Sistemas de Informa\u00e7\u00e3o, do C\u00e2mpus Palmas; e Direito, do C\u00e2mpus Para\u00edso. Poder\u00e1 concorrer o candidato que concluiu integralmente o ensino m\u00e9dio optando pela modalidade de ampla concorr\u00eancia ou pelas vagas reservadas para egressos da rede p\u00fablica de ensino autodeclarados pretos, pardos, ind\u00edgenas e pessoas com defici\u00eancia tamb\u00e9m egressos da rede p\u00fablica de ensino.<\/p>\n\n\n\n<p>Ao realizar a inscri\u00e7\u00e3o, o candidato deve ficar atento ao prazo limite para pagamento do boleto banc\u00e1rio referente \u00e0 taxa de inscri\u00e7\u00e3o no valor de R$ 120. Caso tenha interesse em pleitear a isen\u00e7\u00e3o da taxa, o candidato deve indicar no ato da inscri\u00e7\u00e3o e, conforme cronograma oficial do Vestibular, tem at\u00e9 o dia 3 de maio para fazer a solicita\u00e7\u00e3o.&nbsp;<\/p>\n\n\n\n<p>O reitor da Unitins, Augusto Rezende, destaca a import\u00e2ncia do Vestibular no segundo semestre como mais uma forma de viabilizar o acesso ao ensino superior. \u201cMais uma vez, a Unitins realiza este vestibular no meio do ano, que \u00e9 mais uma oportunidade para que os alunos que sa\u00edram do ensino m\u00e9dio possam ingressar na Universidade. N\u00f3s entendemos que os cursos oferecidos neste certame s\u00e3o cursos com uma demanda mercadol\u00f3gica muito forte e uma grande procura tamb\u00e9m. S\u00e3o cursos que j\u00e1 extrapolam o quantitativo de vagas no Vestibular do final do ano e, a\u00ed, a gente continua a oferta no C\u00e2mpus Palmas e Para\u00edso para o segundo semestre\u201d, comentou.<\/p>\n\n\n\n<p>A aplica\u00e7\u00e3o das provas objetiva e de reda\u00e7\u00e3o est\u00e1 marcada para o dia 23 de junho (domingo) e a previs\u00e3o \u00e9 de que os locais de prova sejam publicados no dia 18 de junho. As aulas para os candidatos aprovados est\u00e3o previstas para iniciarem no dia 1\u00b0 de agosto, conforme o calend\u00e1rio acad\u00eamico.<\/p>\n\n\n\n<p>Confira o edital e o cronograma completo do Vestibular 2024\/2 na p\u00e1gina do certame.<\/p>\n\n\n\n<p>Texto: Lourranny Parente\/Governo do Tocantins<\/p>\n","protected":false},"excerpt":{"rendered":"<p>A Universidade Estadual do Tocantins (Unitins) publicou nesta quinta-feira, 25, o edital do Vestibular 2024\/2 com vagas para os C\u00e2mpus Palmas e Para\u00edso. Os interessados devem realizar a inscri\u00e7\u00e3o entre os dias 30 de abril e 5 de junho e t\u00eam at\u00e9 o dia 3 de maio para solicitar isen\u00e7\u00e3o da taxa de inscri\u00e7\u00e3o, pelo [&hellip;]<\/p>\n","protected":false},"author":10,"featured_media":0,"comment_status":"open","ping_status":"open","sticky":false,"template":"","format":"standard","meta":{"_acf_changed":false,"footnotes":""},"categories":[8,20,21],"tags":[],"class_list":["post-77077","post","type-post","status-publish","format-standard","hentry","category-estado","category-noticias-em-destaque","category-todas-noticias"],"acf":[],"yoast_head":"<!-- This site is optimized with the Yoast SEO plugin v24.4 - https:\/\/yoast.com\/wordpress\/plugins\/seo\/ -->\n<title>Unitins publica edital do Vestibular 2024\/2 com 160 vagas para os C\u00e2mpus Palmas e Para\u00edso - PORTAL DE NOT\u00cdCIAS CLEITON PINHEIRO<\/title>\n<meta name=\"robots\" content=\"index, follow, max-snippet:-1, max-image-preview:large, max-video-preview:-1\" \/>\n<link rel=\"canonical\" href=\"https:\/\/cleitonpinheiro.com.br\/site\/unitins-publica-edital-do-vestibular-2024-2-com-160-vagas-para-os-campus-palmas-e-paraiso\/\" \/>\n<meta property=\"og:locale\" content=\"pt_BR\" \/>\n<meta property=\"og:type\" content=\"article\" \/>\n<meta property=\"og:title\" content=\"Unitins publica edital do Vestibular 2024\/2 com 160 vagas para os C\u00e2mpus Palmas e Para\u00edso - PORTAL DE NOT\u00cdCIAS CLEITON PINHEIRO\" \/>\n<meta property=\"og:description\" content=\"A Universidade Estadual do Tocantins (Unitins) publicou nesta quinta-feira, 25, o edital do Vestibular 2024\/2 com vagas para os C\u00e2mpus Palmas e Para\u00edso. Os interessados devem realizar a inscri\u00e7\u00e3o entre os dias 30 de abril e 5 de junho e t\u00eam at\u00e9 o dia 3 de maio para solicitar isen\u00e7\u00e3o da taxa de inscri\u00e7\u00e3o, pelo [&hellip;]\" \/>\n<meta property=\"og:url\" content=\"https:\/\/cleitonpinheiro.com.br\/site\/unitins-publica-edital-do-vestibular-2024-2-com-160-vagas-para-os-campus-palmas-e-paraiso\/\" \/>\n<meta property=\"og:site_name\" content=\"PORTAL DE NOT\u00cdCIAS CLEITON PINHEIRO\" \/>\n<meta property=\"article:publisher\" content=\"https:\/\/www.facebook.com\/portalcpnoticias\/\" \/>\n<meta property=\"article:published_time\" content=\"2024-04-30T14:47:53+00:00\" \/>\n<meta property=\"article:modified_time\" content=\"2024-04-30T14:48:03+00:00\" \/>\n<meta property=\"og:image\" content=\"https:\/\/cleitonpinheiro.com.br\/site\/wp-content\/uploads\/2024\/04\/374472.png\" \/>\n\t<meta property=\"og:image:width\" content=\"883\" \/>\n\t<meta property=\"og:image:height\" content=\"505\" \/>\n\t<meta property=\"og:image:type\" content=\"image\/png\" \/>\n<meta name=\"author\" content=\"Cleiton Pinheiro\" \/>\n<meta name=\"twitter:card\" content=\"summary_large_image\" \/>\n<meta name=\"twitter:label1\" content=\"Escrito por\" \/>\n\t<meta name=\"twitter:data1\" content=\"Cleiton Pinheiro\" \/>\n\t<meta name=\"twitter:label2\" content=\"Est. tempo de leitura\" \/>\n\t<meta name=\"twitter:data2\" content=\"3 minutos\" \/>\n<script type=\"application\/ld+json\" class=\"yoast-schema-graph\">{\"@context\":\"https:\/\/schema.org\",\"@graph\":[{\"@type\":\"Article\",\"@id\":\"https:\/\/cleitonpinheiro.com.br\/site\/unitins-publica-edital-do-vestibular-2024-2-com-160-vagas-para-os-campus-palmas-e-paraiso\/#article\",\"isPartOf\":{\"@id\":\"https:\/\/cleitonpinheiro.com.br\/site\/unitins-publica-edital-do-vestibular-2024-2-com-160-vagas-para-os-campus-palmas-e-paraiso\/\"},\"author\":{\"name\":\"Cleiton Pinheiro\",\"@id\":\"https:\/\/cleitonpinheiro.com.br\/site\/#\/schema\/person\/62fd4eb98fcc8bd3fc477aaff264af51\"},\"headline\":\"Unitins publica edital do Vestibular 2024\/2 com 160 vagas para os C\u00e2mpus Palmas e Para\u00edso\",\"datePublished\":\"2024-04-30T14:47:53+00:00\",\"dateModified\":\"2024-04-30T14:48:03+00:00\",\"mainEntityOfPage\":{\"@id\":\"https:\/\/cleitonpinheiro.com.br\/site\/unitins-publica-edital-do-vestibular-2024-2-com-160-vagas-para-os-campus-palmas-e-paraiso\/\"},\"wordCount\":415,\"commentCount\":0,\"publisher\":{\"@id\":\"https:\/\/cleitonpinheiro.com.br\/site\/#organization\"},\"image\":{\"@id\":\"https:\/\/cleitonpinheiro.com.br\/site\/unitins-publica-edital-do-vestibular-2024-2-com-160-vagas-para-os-campus-palmas-e-paraiso\/#primaryimage\"},\"thumbnailUrl\":\"https:\/\/cleitonpinheiro.com.br\/site\/wp-content\/uploads\/2024\/04\/374472.png\",\"articleSection\":[\"ESTADO\",\"NOT\u00cdCIAS EM DESTAQUE\",\"TODAS NOTICIAS\"],\"inLanguage\":\"pt-BR\",\"potentialAction\":[{\"@type\":\"CommentAction\",\"name\":\"Comment\",\"target\":[\"https:\/\/cleitonpinheiro.com.br\/site\/unitins-publica-edital-do-vestibular-2024-2-com-160-vagas-para-os-campus-palmas-e-paraiso\/#respond\"]}]},{\"@type\":\"WebPage\",\"@id\":\"https:\/\/cleitonpinheiro.com.br\/site\/unitins-publica-edital-do-vestibular-2024-2-com-160-vagas-para-os-campus-palmas-e-paraiso\/\",\"url\":\"https:\/\/cleitonpinheiro.com.br\/site\/unitins-publica-edital-do-vestibular-2024-2-com-160-vagas-para-os-campus-palmas-e-paraiso\/\",\"name\":\"Unitins publica edital do Vestibular 2024\/2 com 160 vagas para os C\u00e2mpus Palmas e Para\u00edso - PORTAL DE NOT\u00cdCIAS CLEITON PINHEIRO\",\"isPartOf\":{\"@id\":\"https:\/\/cleitonpinheiro.com.br\/site\/#website\"},\"primaryImageOfPage\":{\"@id\":\"https:\/\/cleitonpinheiro.com.br\/site\/unitins-publica-edital-do-vestibular-2024-2-com-160-vagas-para-os-campus-palmas-e-paraiso\/#primaryimage\"},\"image\":{\"@id\":\"https:\/\/cleitonpinheiro.com.br\/site\/unitins-publica-edital-do-vestibular-2024-2-com-160-vagas-para-os-campus-palmas-e-paraiso\/#primaryimage\"},\"thumbnailUrl\":\"https:\/\/cleitonpinheiro.com.br\/site\/wp-content\/uploads\/2024\/04\/374472.png\",\"datePublished\":\"2024-04-30T14:47:53+00:00\",\"dateModified\":\"2024-04-30T14:48:03+00:00\",\"breadcrumb\":{\"@id\":\"https:\/\/cleitonpinheiro.com.br\/site\/unitins-publica-edital-do-vestibular-2024-2-com-160-vagas-para-os-campus-palmas-e-paraiso\/#breadcrumb\"},\"inLanguage\":\"pt-BR\",\"potentialAction\":[{\"@type\":\"ReadAction\",\"target\":[\"https:\/\/cleitonpinheiro.com.br\/site\/unitins-publica-edital-do-vestibular-2024-2-com-160-vagas-para-os-campus-palmas-e-paraiso\/\"]}]},{\"@type\":\"ImageObject\",\"inLanguage\":\"pt-BR\",\"@id\":\"https:\/\/cleitonpinheiro.com.br\/site\/unitins-publica-edital-do-vestibular-2024-2-com-160-vagas-para-os-campus-palmas-e-paraiso\/#primaryimage\",\"url\":\"\",\"contentUrl\":\"\"},{\"@type\":\"BreadcrumbList\",\"@id\":\"https:\/\/cleitonpinheiro.com.br\/site\/unitins-publica-edital-do-vestibular-2024-2-com-160-vagas-para-os-campus-palmas-e-paraiso\/#breadcrumb\",\"itemListElement\":[{\"@type\":\"ListItem\",\"position\":1,\"name\":\"In\u00edcio\",\"item\":\"https:\/\/cleitonpinheiro.com.br\/site\/\"},{\"@type\":\"ListItem\",\"position\":2,\"name\":\"Unitins publica edital do Vestibular 2024\/2 com 160 vagas para os C\u00e2mpus Palmas e Para\u00edso\"}]},{\"@type\":\"WebSite\",\"@id\":\"https:\/\/cleitonpinheiro.com.br\/site\/#website\",\"url\":\"https:\/\/cleitonpinheiro.com.br\/site\/\",\"name\":\"PORTAL DE NOT\u00cdCIAS CLEITON PINHEIRO\",\"description\":\"FALANDO A VERDADE\",\"publisher\":{\"@id\":\"https:\/\/cleitonpinheiro.com.br\/site\/#organization\"},\"potentialAction\":[{\"@type\":\"SearchAction\",\"target\":{\"@type\":\"EntryPoint\",\"urlTemplate\":\"https:\/\/cleitonpinheiro.com.br\/site\/?s={search_term_string}\"},\"query-input\":{\"@type\":\"PropertyValueSpecification\",\"valueRequired\":true,\"valueName\":\"search_term_string\"}}],\"inLanguage\":\"pt-BR\"},{\"@type\":\"Organization\",\"@id\":\"https:\/\/cleitonpinheiro.com.br\/site\/#organization\",\"name\":\"CPNOT\u00cdCIAS\",\"url\":\"https:\/\/cleitonpinheiro.com.br\/site\/\",\"logo\":{\"@type\":\"ImageObject\",\"inLanguage\":\"pt-BR\",\"@id\":\"https:\/\/cleitonpinheiro.com.br\/site\/#\/schema\/logo\/image\/\",\"url\":\"https:\/\/cleitonpinheiro.com.br\/site\/wp-content\/uploads\/2022\/08\/Logo-pequena-2.png\",\"contentUrl\":\"https:\/\/cleitonpinheiro.com.br\/site\/wp-content\/uploads\/2022\/08\/Logo-pequena-2.png\",\"width\":500,\"height\":500,\"caption\":\"CPNOT\u00cdCIAS\"},\"image\":{\"@id\":\"https:\/\/cleitonpinheiro.com.br\/site\/#\/schema\/logo\/image\/\"},\"sameAs\":[\"https:\/\/www.facebook.com\/portalcpnoticias\/\"]},{\"@type\":\"Person\",\"@id\":\"https:\/\/cleitonpinheiro.com.br\/site\/#\/schema\/person\/62fd4eb98fcc8bd3fc477aaff264af51\",\"name\":\"Cleiton Pinheiro\",\"image\":{\"@type\":\"ImageObject\",\"inLanguage\":\"pt-BR\",\"@id\":\"https:\/\/cleitonpinheiro.com.br\/site\/#\/schema\/person\/image\/\",\"url\":\"https:\/\/secure.gravatar.com\/avatar\/15642ec35b78fe5eed3cfa8e4a3f3211d73a3df4f35f0566b4324958cba1b1b9?s=96&r=g\",\"contentUrl\":\"https:\/\/secure.gravatar.com\/avatar\/15642ec35b78fe5eed3cfa8e4a3f3211d73a3df4f35f0566b4324958cba1b1b9?s=96&r=g\",\"caption\":\"Cleiton Pinheiro\"},\"url\":\"https:\/\/cleitonpinheiro.com.br\/site\/author\/cleiton\/\"}]}<\/script>\n<!-- \/ Yoast SEO plugin. -->","yoast_head_json":{"title":"Unitins publica edital do Vestibular 2024\/2 com 160 vagas para os C\u00e2mpus Palmas e Para\u00edso - PORTAL DE NOT\u00cdCIAS CLEITON PINHEIRO","robots":{"index":"index","follow":"follow","max-snippet":"max-snippet:-1","max-image-preview":"max-image-preview:large","max-video-preview":"max-video-preview:-1"},"canonical":"https:\/\/cleitonpinheiro.com.br\/site\/unitins-publica-edital-do-vestibular-2024-2-com-160-vagas-para-os-campus-palmas-e-paraiso\/","og_locale":"pt_BR","og_type":"article","og_title":"Unitins publica edital do Vestibular 2024\/2 com 160 vagas para os C\u00e2mpus Palmas e Para\u00edso - PORTAL DE NOT\u00cdCIAS CLEITON PINHEIRO","og_description":"A Universidade Estadual do Tocantins (Unitins) publicou nesta quinta-feira, 25, o edital do Vestibular 2024\/2 com vagas para os C\u00e2mpus Palmas e Para\u00edso. Os interessados devem realizar a inscri\u00e7\u00e3o entre os dias 30 de abril e 5 de junho e t\u00eam at\u00e9 o dia 3 de maio para solicitar isen\u00e7\u00e3o da taxa de inscri\u00e7\u00e3o, pelo [&hellip;]","og_url":"https:\/\/cleitonpinheiro.com.br\/site\/unitins-publica-edital-do-vestibular-2024-2-com-160-vagas-para-os-campus-palmas-e-paraiso\/","og_site_name":"PORTAL DE NOT\u00cdCIAS CLEITON PINHEIRO","article_publisher":"https:\/\/www.facebook.com\/portalcpnoticias\/","article_published_time":"2024-04-30T14:47:53+00:00","article_modified_time":"2024-04-30T14:48:03+00:00","og_image":[{"width":883,"height":505,"url":"https:\/\/cleitonpinheiro.com.br\/site\/wp-content\/uploads\/2024\/04\/374472.png","type":"image\/png"}],"author":"Cleiton Pinheiro","twitter_card":"summary_large_image","twitter_misc":{"Escrito por":"Cleiton Pinheiro","Est. tempo de leitura":"3 minutos"},"schema":{"@context":"https:\/\/schema.org","@graph":[{"@type":"Article","@id":"https:\/\/cleitonpinheiro.com.br\/site\/unitins-publica-edital-do-vestibular-2024-2-com-160-vagas-para-os-campus-palmas-e-paraiso\/#article","isPartOf":{"@id":"https:\/\/cleitonpinheiro.com.br\/site\/unitins-publica-edital-do-vestibular-2024-2-com-160-vagas-para-os-campus-palmas-e-paraiso\/"},"author":{"name":"Cleiton Pinheiro","@id":"https:\/\/cleitonpinheiro.com.br\/site\/#\/schema\/person\/62fd4eb98fcc8bd3fc477aaff264af51"},"headline":"Unitins publica edital do Vestibular 2024\/2 com 160 vagas para os C\u00e2mpus Palmas e Para\u00edso","datePublished":"2024-04-30T14:47:53+00:00","dateModified":"2024-04-30T14:48:03+00:00","mainEntityOfPage":{"@id":"https:\/\/cleitonpinheiro.com.br\/site\/unitins-publica-edital-do-vestibular-2024-2-com-160-vagas-para-os-campus-palmas-e-paraiso\/"},"wordCount":415,"commentCount":0,"publisher":{"@id":"https:\/\/cleitonpinheiro.com.br\/site\/#organization"},"image":{"@id":"https:\/\/cleitonpinheiro.com.br\/site\/unitins-publica-edital-do-vestibular-2024-2-com-160-vagas-para-os-campus-palmas-e-paraiso\/#primaryimage"},"thumbnailUrl":"https:\/\/cleitonpinheiro.com.br\/site\/wp-content\/uploads\/2024\/04\/374472.png","articleSection":["ESTADO","NOT\u00cdCIAS EM DESTAQUE","TODAS NOTICIAS"],"inLanguage":"pt-BR","potentialAction":[{"@type":"CommentAction","name":"Comment","target":["https:\/\/cleitonpinheiro.com.br\/site\/unitins-publica-edital-do-vestibular-2024-2-com-160-vagas-para-os-campus-palmas-e-paraiso\/#respond"]}]},{"@type":"WebPage","@id":"https:\/\/cleitonpinheiro.com.br\/site\/unitins-publica-edital-do-vestibular-2024-2-com-160-vagas-para-os-campus-palmas-e-paraiso\/","url":"https:\/\/cleitonpinheiro.com.br\/site\/unitins-publica-edital-do-vestibular-2024-2-com-160-vagas-para-os-campus-palmas-e-paraiso\/","name":"Unitins publica edital do Vestibular 2024\/2 com 160 vagas para os C\u00e2mpus Palmas e Para\u00edso - PORTAL DE NOT\u00cdCIAS CLEITON PINHEIRO","isPartOf":{"@id":"https:\/\/cleitonpinheiro.com.br\/site\/#website"},"primaryImageOfPage":{"@id":"https:\/\/cleitonpinheiro.com.br\/site\/unitins-publica-edital-do-vestibular-2024-2-com-160-vagas-para-os-campus-palmas-e-paraiso\/#primaryimage"},"image":{"@id":"https:\/\/cleitonpinheiro.com.br\/site\/unitins-publica-edital-do-vestibular-2024-2-com-160-vagas-para-os-campus-palmas-e-paraiso\/#primaryimage"},"thumbnailUrl":"https:\/\/cleitonpinheiro.com.br\/site\/wp-content\/uploads\/2024\/04\/374472.png","datePublished":"2024-04-30T14:47:53+00:00","dateModified":"2024-04-30T14:48:03+00:00","breadcrumb":{"@id":"https:\/\/cleitonpinheiro.com.br\/site\/unitins-publica-edital-do-vestibular-2024-2-com-160-vagas-para-os-campus-palmas-e-paraiso\/#breadcrumb"},"inLanguage":"pt-BR","potentialAction":[{"@type":"ReadAction","target":["https:\/\/cleitonpinheiro.com.br\/site\/unitins-publica-edital-do-vestibular-2024-2-com-160-vagas-para-os-campus-palmas-e-paraiso\/"]}]},{"@type":"ImageObject","inLanguage":"pt-BR","@id":"https:\/\/cleitonpinheiro.com.br\/site\/unitins-publica-edital-do-vestibular-2024-2-com-160-vagas-para-os-campus-palmas-e-paraiso\/#primaryimage","url":"","contentUrl":""},{"@type":"BreadcrumbList","@id":"https:\/\/cleitonpinheiro.com.br\/site\/unitins-publica-edital-do-vestibular-2024-2-com-160-vagas-para-os-campus-palmas-e-paraiso\/#breadcrumb","itemListElement":[{"@type":"ListItem","position":1,"name":"In\u00edcio","item":"https:\/\/cleitonpinheiro.com.br\/site\/"},{"@type":"ListItem","position":2,"name":"Unitins publica edital do Vestibular 2024\/2 com 160 vagas para os C\u00e2mpus Palmas e Para\u00edso"}]},{"@type":"WebSite","@id":"https:\/\/cleitonpinheiro.com.br\/site\/#website","url":"https:\/\/cleitonpinheiro.com.br\/site\/","name":"PORTAL DE NOT\u00cdCIAS CLEITON PINHEIRO","description":"FALANDO A VERDADE","publisher":{"@id":"https:\/\/cleitonpinheiro.com.br\/site\/#organization"},"potentialAction":[{"@type":"SearchAction","target":{"@type":"EntryPoint","urlTemplate":"https:\/\/cleitonpinheiro.com.br\/site\/?s={search_term_string}"},"query-input":{"@type":"PropertyValueSpecification","valueRequired":true,"valueName":"search_term_string"}}],"inLanguage":"pt-BR"},{"@type":"Organization","@id":"https:\/\/cleitonpinheiro.com.br\/site\/#organization","name":"CPNOT\u00cdCIAS","url":"https:\/\/cleitonpinheiro.com.br\/site\/","logo":{"@type":"ImageObject","inLanguage":"pt-BR","@id":"https:\/\/cleitonpinheiro.com.br\/site\/#\/schema\/logo\/image\/","url":"https:\/\/cleitonpinheiro.com.br\/site\/wp-content\/uploads\/2022\/08\/Logo-pequena-2.png","contentUrl":"https:\/\/cleitonpinheiro.com.br\/site\/wp-content\/uploads\/2022\/08\/Logo-pequena-2.png","width":500,"height":500,"caption":"CPNOT\u00cdCIAS"},"image":{"@id":"https:\/\/cleitonpinheiro.com.br\/site\/#\/schema\/logo\/image\/"},"sameAs":["https:\/\/www.facebook.com\/portalcpnoticias\/"]},{"@type":"Person","@id":"https:\/\/cleitonpinheiro.com.br\/site\/#\/schema\/person\/62fd4eb98fcc8bd3fc477aaff264af51","name":"Cleiton Pinheiro","image":{"@type":"ImageObject","inLanguage":"pt-BR","@id":"https:\/\/cleitonpinheiro.com.br\/site\/#\/schema\/person\/image\/","url":"https:\/\/secure.gravatar.com\/avatar\/15642ec35b78fe5eed3cfa8e4a3f3211d73a3df4f35f0566b4324958cba1b1b9?s=96&r=g","contentUrl":"https:\/\/secure.gravatar.com\/avatar\/15642ec35b78fe5eed3cfa8e4a3f3211d73a3df4f35f0566b4324958cba1b1b9?s=96&r=g","caption":"Cleiton Pinheiro"},"url":"https:\/\/cleitonpinheiro.com.br\/site\/author\/cleiton\/"}]}},"views":184,"_links":{"self":[{"href":"https:\/\/cleitonpinheiro.com.br\/site\/wp-json\/wp\/v2\/posts\/77077","targetHints":{"allow":["GET"]}}],"collection":[{"href":"https:\/\/cleitonpinheiro.com.br\/site\/wp-json\/wp\/v2\/posts"}],"about":[{"href":"https:\/\/cleitonpinheiro.com.br\/site\/wp-json\/wp\/v2\/types\/post"}],"author":[{"embeddable":true,"href":"https:\/\/cleitonpinheiro.com.br\/site\/wp-json\/wp\/v2\/users\/10"}],"replies":[{"embeddable":true,"href":"https:\/\/cleitonpinheiro.com.br\/site\/wp-json\/wp\/v2\/comments?post=77077"}],"version-history":[{"count":1,"href":"https:\/\/cleitonpinheiro.com.br\/site\/wp-json\/wp\/v2\/posts\/77077\/revisions"}],"predecessor-version":[{"id":77079,"href":"https:\/\/cleitonpinheiro.com.br\/site\/wp-json\/wp\/v2\/posts\/77077\/revisions\/77079"}],"wp:attachment":[{"href":"https:\/\/cleitonpinheiro.com.br\/site\/wp-json\/wp\/v2\/media?parent=77077"}],"wp:term":[{"taxonomy":"category","embeddable":true,"href":"https:\/\/cleitonpinheiro.com.br\/site\/wp-json\/wp\/v2\/categories?post=77077"},{"taxonomy":"post_tag","embeddable":true,"href":"https:\/\/cleitonpinheiro.com.br\/site\/wp-json\/wp\/v2\/tags?post=77077"}],"curies":[{"name":"wp","href":"https:\/\/api.w.org\/{rel}","templated":true}]}}