{"id":77090,"date":"2024-04-27T11:21:30","date_gmt":"2024-04-27T14:21:30","guid":{"rendered":"https:\/\/cleitonpinheiro.com.br\/site\/?p=77090"},"modified":"2024-04-28T11:23:20","modified_gmt":"2024-04-28T14:23:20","slug":"lutador-de-jiu-jitsu-paradesportivo-de-araguaina-e-campeao-panamericano","status":"publish","type":"post","link":"https:\/\/cleitonpinheiro.com.br\/site\/lutador-de-jiu-jitsu-paradesportivo-de-araguaina-e-campeao-panamericano\/","title":{"rendered":"Lutador de jiu-jitsu paradesportivo de Aragua\u00edna \u00e9 campe\u00e3o panamericano"},"content":{"rendered":"\n<figure class=\"wp-block-image size-full\"><img decoding=\"async\" src=\"https:\/\/cleitonpinheiro.com.br\/site\/wp-content\/uploads\/2024\/04\/374681.jpeg\" alt=\"\" class=\"wp-image-77091\"\/><figcaption class=\"wp-element-caption\">Lutador de jiu-jitsu paradesportivo de Aragua\u00edna \u00e9 campe\u00e3o pan-americano &#8211; Foto: Federa\u00e7\u00e3o Brasileira de Jiu-Jitsu Paradesportivo<\/figcaption><\/figure>\n\n\n\n<p>O Governo do Tocantins, por meio da Secretaria de Estado dos Esportes e Juventude (Seju), vem possibilitando a inclus\u00e3o nos esportes por meio de apoios concedidos aos atletas que representam o estado em competi\u00e7\u00f5es nacionais e internacionais. Dessa vez, o paratleta de Aragua\u00edna Jeverson Dantas Felix, consagrou-se campe\u00e3o na categoria k1 (cadeirante tetrapl\u00e9gico), com kimono e sem kimono, no Campeonato Panamericano de Parajiu-jitsu, realizado no Centro de Conven\u00e7\u00f5es do Amazonas Vasco Vasques, em Manaus\/AM.\u00a0\u00a0<\/p>\n\n\n\n<p>O lutador acabou de retornar ao Tocantins e destacou a import\u00e2ncia da competi\u00e7\u00e3o. \u201cEsse evento re\u00fane todas as classes com defici\u00eancia, onde s\u00e3o divididos cada um em sua classe por mobilidade motora. Essa competi\u00e7\u00e3o \u00e9 voltada apenas para deficientes e se tornou um caminho para as paralimp\u00edadas\u201d, pontuou o atleta.&nbsp;<\/p>\n\n\n\n<p>Em 2023, o lutador de parajiu-jitsu tocantinense consagrou-se campe\u00e3o brasileiro. O atleta tamb\u00e9m coleciona, em sua trajet\u00f3ria, o t\u00edtulo do AJP Tour Goi\u00e2nia, al\u00e9m das medalhas de prata e bronze na Liga Paraense de Jiu-jitsu. \u201cGostaria de agradecer o Governo do Tocantins e a Secretaria de Estado dos Esportes e Juventude, por sempre me apoiarem nas competi\u00e7\u00f5es, dando um apoio total. Sempre estarei treinando, dando o meu m\u00e1ximo para representar nosso estado\u201d, finalizou o atleta.&nbsp;<\/p>\n\n\n\n<p>A competi\u00e7\u00e3o foi realizada nos dias 20 e 21 de abril e \u00e9 uma realiza\u00e7\u00e3o da Federa\u00e7\u00e3o Brasileira de Jiu-Jitsu Paradesportivo (FBJJP). A categoria Para-JiuJitsu foi criada exclusivamente para os paratletas que possuem algum tipo de defici\u00eancia, seja ela, f\u00edsica\/motora e\/ou cognitivas, que se encaixe em alguma das 29 classifica\u00e7\u00f5es funcionais.<\/p>\n\n\n\n<p>Texto: Taianne Moreira\/Governo do Tocantins<\/p>\n","protected":false},"excerpt":{"rendered":"<p>O Governo do Tocantins, por meio da Secretaria de Estado dos Esportes e Juventude (Seju), vem possibilitando a inclus\u00e3o nos esportes por meio de apoios concedidos aos atletas que representam o estado em competi\u00e7\u00f5es nacionais e internacionais. Dessa vez, o paratleta de Aragua\u00edna Jeverson Dantas Felix, consagrou-se campe\u00e3o na categoria k1 (cadeirante tetrapl\u00e9gico), com kimono [&hellip;]<\/p>\n","protected":false},"author":10,"featured_media":0,"comment_status":"open","ping_status":"open","sticky":false,"template":"","format":"standard","meta":{"_acf_changed":false,"footnotes":""},"categories":[1,20,21],"tags":[],"class_list":["post-77090","post","type-post","status-publish","format-standard","hentry","category-esporte","category-noticias-em-destaque","category-todas-noticias"],"acf":[],"yoast_head":"<!-- This site is optimized with the Yoast SEO plugin v24.4 - https:\/\/yoast.com\/wordpress\/plugins\/seo\/ -->\n<title>Lutador de jiu-jitsu paradesportivo de Aragua\u00edna \u00e9 campe\u00e3o panamericano - PORTAL DE NOT\u00cdCIAS CLEITON PINHEIRO<\/title>\n<meta name=\"robots\" content=\"index, follow, max-snippet:-1, max-image-preview:large, max-video-preview:-1\" \/>\n<link rel=\"canonical\" href=\"https:\/\/cleitonpinheiro.com.br\/site\/lutador-de-jiu-jitsu-paradesportivo-de-araguaina-e-campeao-panamericano\/\" \/>\n<meta property=\"og:locale\" content=\"pt_BR\" \/>\n<meta property=\"og:type\" content=\"article\" \/>\n<meta property=\"og:title\" content=\"Lutador de jiu-jitsu paradesportivo de Aragua\u00edna \u00e9 campe\u00e3o panamericano - PORTAL DE NOT\u00cdCIAS CLEITON PINHEIRO\" \/>\n<meta property=\"og:description\" content=\"O Governo do Tocantins, por meio da Secretaria de Estado dos Esportes e Juventude (Seju), vem possibilitando a inclus\u00e3o nos esportes por meio de apoios concedidos aos atletas que representam o estado em competi\u00e7\u00f5es nacionais e internacionais. Dessa vez, o paratleta de Aragua\u00edna Jeverson Dantas Felix, consagrou-se campe\u00e3o na categoria k1 (cadeirante tetrapl\u00e9gico), com kimono [&hellip;]\" \/>\n<meta property=\"og:url\" content=\"https:\/\/cleitonpinheiro.com.br\/site\/lutador-de-jiu-jitsu-paradesportivo-de-araguaina-e-campeao-panamericano\/\" \/>\n<meta property=\"og:site_name\" content=\"PORTAL DE NOT\u00cdCIAS CLEITON PINHEIRO\" \/>\n<meta property=\"article:publisher\" content=\"https:\/\/www.facebook.com\/portalcpnoticias\/\" \/>\n<meta property=\"article:published_time\" content=\"2024-04-27T14:21:30+00:00\" \/>\n<meta property=\"article:modified_time\" content=\"2024-04-28T14:23:20+00:00\" \/>\n<meta property=\"og:image\" content=\"https:\/\/cleitonpinheiro.com.br\/site\/wp-content\/uploads\/2024\/04\/374681.jpeg\" \/>\n\t<meta property=\"og:image:width\" content=\"883\" \/>\n\t<meta property=\"og:image:height\" content=\"505\" \/>\n\t<meta property=\"og:image:type\" content=\"image\/jpeg\" \/>\n<meta name=\"author\" content=\"Cleiton Pinheiro\" \/>\n<meta name=\"twitter:card\" content=\"summary_large_image\" \/>\n<meta name=\"twitter:label1\" content=\"Escrito por\" \/>\n\t<meta name=\"twitter:data1\" content=\"Cleiton Pinheiro\" \/>\n\t<meta name=\"twitter:label2\" content=\"Est. tempo de leitura\" \/>\n\t<meta name=\"twitter:data2\" content=\"2 minutos\" \/>\n<script type=\"application\/ld+json\" class=\"yoast-schema-graph\">{\"@context\":\"https:\/\/schema.org\",\"@graph\":[{\"@type\":\"Article\",\"@id\":\"https:\/\/cleitonpinheiro.com.br\/site\/lutador-de-jiu-jitsu-paradesportivo-de-araguaina-e-campeao-panamericano\/#article\",\"isPartOf\":{\"@id\":\"https:\/\/cleitonpinheiro.com.br\/site\/lutador-de-jiu-jitsu-paradesportivo-de-araguaina-e-campeao-panamericano\/\"},\"author\":{\"name\":\"Cleiton Pinheiro\",\"@id\":\"https:\/\/cleitonpinheiro.com.br\/site\/#\/schema\/person\/62fd4eb98fcc8bd3fc477aaff264af51\"},\"headline\":\"Lutador de jiu-jitsu paradesportivo de Aragua\u00edna \u00e9 campe\u00e3o panamericano\",\"datePublished\":\"2024-04-27T14:21:30+00:00\",\"dateModified\":\"2024-04-28T14:23:20+00:00\",\"mainEntityOfPage\":{\"@id\":\"https:\/\/cleitonpinheiro.com.br\/site\/lutador-de-jiu-jitsu-paradesportivo-de-araguaina-e-campeao-panamericano\/\"},\"wordCount\":310,\"commentCount\":0,\"publisher\":{\"@id\":\"https:\/\/cleitonpinheiro.com.br\/site\/#organization\"},\"image\":{\"@id\":\"https:\/\/cleitonpinheiro.com.br\/site\/lutador-de-jiu-jitsu-paradesportivo-de-araguaina-e-campeao-panamericano\/#primaryimage\"},\"thumbnailUrl\":\"https:\/\/cleitonpinheiro.com.br\/site\/wp-content\/uploads\/2024\/04\/374681.jpeg\",\"articleSection\":[\"ESPORTE\",\"NOT\u00cdCIAS EM DESTAQUE\",\"TODAS NOTICIAS\"],\"inLanguage\":\"pt-BR\",\"potentialAction\":[{\"@type\":\"CommentAction\",\"name\":\"Comment\",\"target\":[\"https:\/\/cleitonpinheiro.com.br\/site\/lutador-de-jiu-jitsu-paradesportivo-de-araguaina-e-campeao-panamericano\/#respond\"]}]},{\"@type\":\"WebPage\",\"@id\":\"https:\/\/cleitonpinheiro.com.br\/site\/lutador-de-jiu-jitsu-paradesportivo-de-araguaina-e-campeao-panamericano\/\",\"url\":\"https:\/\/cleitonpinheiro.com.br\/site\/lutador-de-jiu-jitsu-paradesportivo-de-araguaina-e-campeao-panamericano\/\",\"name\":\"Lutador de jiu-jitsu paradesportivo de Aragua\u00edna \u00e9 campe\u00e3o panamericano - PORTAL DE NOT\u00cdCIAS CLEITON PINHEIRO\",\"isPartOf\":{\"@id\":\"https:\/\/cleitonpinheiro.com.br\/site\/#website\"},\"primaryImageOfPage\":{\"@id\":\"https:\/\/cleitonpinheiro.com.br\/site\/lutador-de-jiu-jitsu-paradesportivo-de-araguaina-e-campeao-panamericano\/#primaryimage\"},\"image\":{\"@id\":\"https:\/\/cleitonpinheiro.com.br\/site\/lutador-de-jiu-jitsu-paradesportivo-de-araguaina-e-campeao-panamericano\/#primaryimage\"},\"thumbnailUrl\":\"https:\/\/cleitonpinheiro.com.br\/site\/wp-content\/uploads\/2024\/04\/374681.jpeg\",\"datePublished\":\"2024-04-27T14:21:30+00:00\",\"dateModified\":\"2024-04-28T14:23:20+00:00\",\"breadcrumb\":{\"@id\":\"https:\/\/cleitonpinheiro.com.br\/site\/lutador-de-jiu-jitsu-paradesportivo-de-araguaina-e-campeao-panamericano\/#breadcrumb\"},\"inLanguage\":\"pt-BR\",\"potentialAction\":[{\"@type\":\"ReadAction\",\"target\":[\"https:\/\/cleitonpinheiro.com.br\/site\/lutador-de-jiu-jitsu-paradesportivo-de-araguaina-e-campeao-panamericano\/\"]}]},{\"@type\":\"ImageObject\",\"inLanguage\":\"pt-BR\",\"@id\":\"https:\/\/cleitonpinheiro.com.br\/site\/lutador-de-jiu-jitsu-paradesportivo-de-araguaina-e-campeao-panamericano\/#primaryimage\",\"url\":\"\",\"contentUrl\":\"\"},{\"@type\":\"BreadcrumbList\",\"@id\":\"https:\/\/cleitonpinheiro.com.br\/site\/lutador-de-jiu-jitsu-paradesportivo-de-araguaina-e-campeao-panamericano\/#breadcrumb\",\"itemListElement\":[{\"@type\":\"ListItem\",\"position\":1,\"name\":\"In\u00edcio\",\"item\":\"https:\/\/cleitonpinheiro.com.br\/site\/\"},{\"@type\":\"ListItem\",\"position\":2,\"name\":\"Lutador de jiu-jitsu paradesportivo de Aragua\u00edna \u00e9 campe\u00e3o panamericano\"}]},{\"@type\":\"WebSite\",\"@id\":\"https:\/\/cleitonpinheiro.com.br\/site\/#website\",\"url\":\"https:\/\/cleitonpinheiro.com.br\/site\/\",\"name\":\"PORTAL DE NOT\u00cdCIAS CLEITON PINHEIRO\",\"description\":\"FALANDO A VERDADE\",\"publisher\":{\"@id\":\"https:\/\/cleitonpinheiro.com.br\/site\/#organization\"},\"potentialAction\":[{\"@type\":\"SearchAction\",\"target\":{\"@type\":\"EntryPoint\",\"urlTemplate\":\"https:\/\/cleitonpinheiro.com.br\/site\/?s={search_term_string}\"},\"query-input\":{\"@type\":\"PropertyValueSpecification\",\"valueRequired\":true,\"valueName\":\"search_term_string\"}}],\"inLanguage\":\"pt-BR\"},{\"@type\":\"Organization\",\"@id\":\"https:\/\/cleitonpinheiro.com.br\/site\/#organization\",\"name\":\"CPNOT\u00cdCIAS\",\"url\":\"https:\/\/cleitonpinheiro.com.br\/site\/\",\"logo\":{\"@type\":\"ImageObject\",\"inLanguage\":\"pt-BR\",\"@id\":\"https:\/\/cleitonpinheiro.com.br\/site\/#\/schema\/logo\/image\/\",\"url\":\"https:\/\/cleitonpinheiro.com.br\/site\/wp-content\/uploads\/2022\/08\/Logo-pequena-2.png\",\"contentUrl\":\"https:\/\/cleitonpinheiro.com.br\/site\/wp-content\/uploads\/2022\/08\/Logo-pequena-2.png\",\"width\":500,\"height\":500,\"caption\":\"CPNOT\u00cdCIAS\"},\"image\":{\"@id\":\"https:\/\/cleitonpinheiro.com.br\/site\/#\/schema\/logo\/image\/\"},\"sameAs\":[\"https:\/\/www.facebook.com\/portalcpnoticias\/\"]},{\"@type\":\"Person\",\"@id\":\"https:\/\/cleitonpinheiro.com.br\/site\/#\/schema\/person\/62fd4eb98fcc8bd3fc477aaff264af51\",\"name\":\"Cleiton Pinheiro\",\"image\":{\"@type\":\"ImageObject\",\"inLanguage\":\"pt-BR\",\"@id\":\"https:\/\/cleitonpinheiro.com.br\/site\/#\/schema\/person\/image\/\",\"url\":\"https:\/\/secure.gravatar.com\/avatar\/15642ec35b78fe5eed3cfa8e4a3f3211d73a3df4f35f0566b4324958cba1b1b9?s=96&r=g\",\"contentUrl\":\"https:\/\/secure.gravatar.com\/avatar\/15642ec35b78fe5eed3cfa8e4a3f3211d73a3df4f35f0566b4324958cba1b1b9?s=96&r=g\",\"caption\":\"Cleiton Pinheiro\"},\"url\":\"https:\/\/cleitonpinheiro.com.br\/site\/author\/cleiton\/\"}]}<\/script>\n<!-- \/ Yoast SEO plugin. -->","yoast_head_json":{"title":"Lutador de jiu-jitsu paradesportivo de Aragua\u00edna \u00e9 campe\u00e3o panamericano - PORTAL DE NOT\u00cdCIAS CLEITON PINHEIRO","robots":{"index":"index","follow":"follow","max-snippet":"max-snippet:-1","max-image-preview":"max-image-preview:large","max-video-preview":"max-video-preview:-1"},"canonical":"https:\/\/cleitonpinheiro.com.br\/site\/lutador-de-jiu-jitsu-paradesportivo-de-araguaina-e-campeao-panamericano\/","og_locale":"pt_BR","og_type":"article","og_title":"Lutador de jiu-jitsu paradesportivo de Aragua\u00edna \u00e9 campe\u00e3o panamericano - PORTAL DE NOT\u00cdCIAS CLEITON PINHEIRO","og_description":"O Governo do Tocantins, por meio da Secretaria de Estado dos Esportes e Juventude (Seju), vem possibilitando a inclus\u00e3o nos esportes por meio de apoios concedidos aos atletas que representam o estado em competi\u00e7\u00f5es nacionais e internacionais. Dessa vez, o paratleta de Aragua\u00edna Jeverson Dantas Felix, consagrou-se campe\u00e3o na categoria k1 (cadeirante tetrapl\u00e9gico), com kimono [&hellip;]","og_url":"https:\/\/cleitonpinheiro.com.br\/site\/lutador-de-jiu-jitsu-paradesportivo-de-araguaina-e-campeao-panamericano\/","og_site_name":"PORTAL DE NOT\u00cdCIAS CLEITON PINHEIRO","article_publisher":"https:\/\/www.facebook.com\/portalcpnoticias\/","article_published_time":"2024-04-27T14:21:30+00:00","article_modified_time":"2024-04-28T14:23:20+00:00","og_image":[{"width":883,"height":505,"url":"https:\/\/cleitonpinheiro.com.br\/site\/wp-content\/uploads\/2024\/04\/374681.jpeg","type":"image\/jpeg"}],"author":"Cleiton Pinheiro","twitter_card":"summary_large_image","twitter_misc":{"Escrito por":"Cleiton Pinheiro","Est. tempo de leitura":"2 minutos"},"schema":{"@context":"https:\/\/schema.org","@graph":[{"@type":"Article","@id":"https:\/\/cleitonpinheiro.com.br\/site\/lutador-de-jiu-jitsu-paradesportivo-de-araguaina-e-campeao-panamericano\/#article","isPartOf":{"@id":"https:\/\/cleitonpinheiro.com.br\/site\/lutador-de-jiu-jitsu-paradesportivo-de-araguaina-e-campeao-panamericano\/"},"author":{"name":"Cleiton Pinheiro","@id":"https:\/\/cleitonpinheiro.com.br\/site\/#\/schema\/person\/62fd4eb98fcc8bd3fc477aaff264af51"},"headline":"Lutador de jiu-jitsu paradesportivo de Aragua\u00edna \u00e9 campe\u00e3o panamericano","datePublished":"2024-04-27T14:21:30+00:00","dateModified":"2024-04-28T14:23:20+00:00","mainEntityOfPage":{"@id":"https:\/\/cleitonpinheiro.com.br\/site\/lutador-de-jiu-jitsu-paradesportivo-de-araguaina-e-campeao-panamericano\/"},"wordCount":310,"commentCount":0,"publisher":{"@id":"https:\/\/cleitonpinheiro.com.br\/site\/#organization"},"image":{"@id":"https:\/\/cleitonpinheiro.com.br\/site\/lutador-de-jiu-jitsu-paradesportivo-de-araguaina-e-campeao-panamericano\/#primaryimage"},"thumbnailUrl":"https:\/\/cleitonpinheiro.com.br\/site\/wp-content\/uploads\/2024\/04\/374681.jpeg","articleSection":["ESPORTE","NOT\u00cdCIAS EM DESTAQUE","TODAS NOTICIAS"],"inLanguage":"pt-BR","potentialAction":[{"@type":"CommentAction","name":"Comment","target":["https:\/\/cleitonpinheiro.com.br\/site\/lutador-de-jiu-jitsu-paradesportivo-de-araguaina-e-campeao-panamericano\/#respond"]}]},{"@type":"WebPage","@id":"https:\/\/cleitonpinheiro.com.br\/site\/lutador-de-jiu-jitsu-paradesportivo-de-araguaina-e-campeao-panamericano\/","url":"https:\/\/cleitonpinheiro.com.br\/site\/lutador-de-jiu-jitsu-paradesportivo-de-araguaina-e-campeao-panamericano\/","name":"Lutador de jiu-jitsu paradesportivo de Aragua\u00edna \u00e9 campe\u00e3o panamericano - PORTAL DE NOT\u00cdCIAS CLEITON PINHEIRO","isPartOf":{"@id":"https:\/\/cleitonpinheiro.com.br\/site\/#website"},"primaryImageOfPage":{"@id":"https:\/\/cleitonpinheiro.com.br\/site\/lutador-de-jiu-jitsu-paradesportivo-de-araguaina-e-campeao-panamericano\/#primaryimage"},"image":{"@id":"https:\/\/cleitonpinheiro.com.br\/site\/lutador-de-jiu-jitsu-paradesportivo-de-araguaina-e-campeao-panamericano\/#primaryimage"},"thumbnailUrl":"https:\/\/cleitonpinheiro.com.br\/site\/wp-content\/uploads\/2024\/04\/374681.jpeg","datePublished":"2024-04-27T14:21:30+00:00","dateModified":"2024-04-28T14:23:20+00:00","breadcrumb":{"@id":"https:\/\/cleitonpinheiro.com.br\/site\/lutador-de-jiu-jitsu-paradesportivo-de-araguaina-e-campeao-panamericano\/#breadcrumb"},"inLanguage":"pt-BR","potentialAction":[{"@type":"ReadAction","target":["https:\/\/cleitonpinheiro.com.br\/site\/lutador-de-jiu-jitsu-paradesportivo-de-araguaina-e-campeao-panamericano\/"]}]},{"@type":"ImageObject","inLanguage":"pt-BR","@id":"https:\/\/cleitonpinheiro.com.br\/site\/lutador-de-jiu-jitsu-paradesportivo-de-araguaina-e-campeao-panamericano\/#primaryimage","url":"","contentUrl":""},{"@type":"BreadcrumbList","@id":"https:\/\/cleitonpinheiro.com.br\/site\/lutador-de-jiu-jitsu-paradesportivo-de-araguaina-e-campeao-panamericano\/#breadcrumb","itemListElement":[{"@type":"ListItem","position":1,"name":"In\u00edcio","item":"https:\/\/cleitonpinheiro.com.br\/site\/"},{"@type":"ListItem","position":2,"name":"Lutador de jiu-jitsu paradesportivo de Aragua\u00edna \u00e9 campe\u00e3o panamericano"}]},{"@type":"WebSite","@id":"https:\/\/cleitonpinheiro.com.br\/site\/#website","url":"https:\/\/cleitonpinheiro.com.br\/site\/","name":"PORTAL DE NOT\u00cdCIAS CLEITON PINHEIRO","description":"FALANDO A VERDADE","publisher":{"@id":"https:\/\/cleitonpinheiro.com.br\/site\/#organization"},"potentialAction":[{"@type":"SearchAction","target":{"@type":"EntryPoint","urlTemplate":"https:\/\/cleitonpinheiro.com.br\/site\/?s={search_term_string}"},"query-input":{"@type":"PropertyValueSpecification","valueRequired":true,"valueName":"search_term_string"}}],"inLanguage":"pt-BR"},{"@type":"Organization","@id":"https:\/\/cleitonpinheiro.com.br\/site\/#organization","name":"CPNOT\u00cdCIAS","url":"https:\/\/cleitonpinheiro.com.br\/site\/","logo":{"@type":"ImageObject","inLanguage":"pt-BR","@id":"https:\/\/cleitonpinheiro.com.br\/site\/#\/schema\/logo\/image\/","url":"https:\/\/cleitonpinheiro.com.br\/site\/wp-content\/uploads\/2022\/08\/Logo-pequena-2.png","contentUrl":"https:\/\/cleitonpinheiro.com.br\/site\/wp-content\/uploads\/2022\/08\/Logo-pequena-2.png","width":500,"height":500,"caption":"CPNOT\u00cdCIAS"},"image":{"@id":"https:\/\/cleitonpinheiro.com.br\/site\/#\/schema\/logo\/image\/"},"sameAs":["https:\/\/www.facebook.com\/portalcpnoticias\/"]},{"@type":"Person","@id":"https:\/\/cleitonpinheiro.com.br\/site\/#\/schema\/person\/62fd4eb98fcc8bd3fc477aaff264af51","name":"Cleiton Pinheiro","image":{"@type":"ImageObject","inLanguage":"pt-BR","@id":"https:\/\/cleitonpinheiro.com.br\/site\/#\/schema\/person\/image\/","url":"https:\/\/secure.gravatar.com\/avatar\/15642ec35b78fe5eed3cfa8e4a3f3211d73a3df4f35f0566b4324958cba1b1b9?s=96&r=g","contentUrl":"https:\/\/secure.gravatar.com\/avatar\/15642ec35b78fe5eed3cfa8e4a3f3211d73a3df4f35f0566b4324958cba1b1b9?s=96&r=g","caption":"Cleiton Pinheiro"},"url":"https:\/\/cleitonpinheiro.com.br\/site\/author\/cleiton\/"}]}},"views":223,"_links":{"self":[{"href":"https:\/\/cleitonpinheiro.com.br\/site\/wp-json\/wp\/v2\/posts\/77090","targetHints":{"allow":["GET"]}}],"collection":[{"href":"https:\/\/cleitonpinheiro.com.br\/site\/wp-json\/wp\/v2\/posts"}],"about":[{"href":"https:\/\/cleitonpinheiro.com.br\/site\/wp-json\/wp\/v2\/types\/post"}],"author":[{"embeddable":true,"href":"https:\/\/cleitonpinheiro.com.br\/site\/wp-json\/wp\/v2\/users\/10"}],"replies":[{"embeddable":true,"href":"https:\/\/cleitonpinheiro.com.br\/site\/wp-json\/wp\/v2\/comments?post=77090"}],"version-history":[{"count":1,"href":"https:\/\/cleitonpinheiro.com.br\/site\/wp-json\/wp\/v2\/posts\/77090\/revisions"}],"predecessor-version":[{"id":77092,"href":"https:\/\/cleitonpinheiro.com.br\/site\/wp-json\/wp\/v2\/posts\/77090\/revisions\/77092"}],"wp:attachment":[{"href":"https:\/\/cleitonpinheiro.com.br\/site\/wp-json\/wp\/v2\/media?parent=77090"}],"wp:term":[{"taxonomy":"category","embeddable":true,"href":"https:\/\/cleitonpinheiro.com.br\/site\/wp-json\/wp\/v2\/categories?post=77090"},{"taxonomy":"post_tag","embeddable":true,"href":"https:\/\/cleitonpinheiro.com.br\/site\/wp-json\/wp\/v2\/tags?post=77090"}],"curies":[{"name":"wp","href":"https:\/\/api.w.org\/{rel}","templated":true}]}}