{"id":77099,"date":"2024-05-06T19:13:48","date_gmt":"2024-05-06T22:13:48","guid":{"rendered":"https:\/\/cleitonpinheiro.com.br\/site\/?p=77099"},"modified":"2024-05-06T19:13:52","modified_gmt":"2024-05-06T22:13:52","slug":"fiscais-de-obras-e-posturas-recebem-homenagem-da-camara-legislativa-por-servicos-prestados-a-capital","status":"publish","type":"post","link":"https:\/\/cleitonpinheiro.com.br\/site\/fiscais-de-obras-e-posturas-recebem-homenagem-da-camara-legislativa-por-servicos-prestados-a-capital\/","title":{"rendered":"Fiscais de obras e posturas recebem homenagem da C\u00e2mara Legislativa por servi\u00e7os prestados \u00e0 Capital"},"content":{"rendered":"\n<figure class=\"wp-block-image size-full\"><img decoding=\"async\" src=\"https:\/\/cleitonpinheiro.com.br\/site\/wp-content\/uploads\/2024\/05\/unnamed-10.jpg\" alt=\"\" class=\"wp-image-77101\"\/><figcaption class=\"wp-element-caption\">Foto: Chico Sisto\/CM Palmas<\/figcaption><\/figure>\n\n\n\n<p>Os fiscais de obras e posturas que atuam no Munic\u00edpio foram homenageados pelos servi\u00e7os prestados \u00e0 Capital em sess\u00e3o solene realizada na C\u00e2mara Municipal,\u00a0na \u00faltima sexta-feira, 30. Como reconhecimento da Casa Legislativa, os fiscais homenageados receberam o certificado de m\u00e9rito pelo excelente trabalho em atendimento aos ordenamentos do C\u00f3digo de Posturas do Munic\u00edpio. \u00a0<\/p>\n\n\n\n<p>Ao todo,&nbsp;20 fiscais foram homenageados, dentre eles, a fiscal Alvimar Cabral dos Santos, que \u00e9 servidora municipal h\u00e1 28 anos. \u201cPara mim \u00e9 uma honra, pois estou no servi\u00e7o p\u00fablico h\u00e1 quase tr\u00eas d\u00e9cadas e pela primeira vez tivemos o reconhecimento, tanto do Munic\u00edpio, como da popula\u00e7\u00e3o. S\u00f3 tenho a agradecer pelo m\u00e9rito recebido e pelo empenho &nbsp;do presidente da C\u00e2mara, o vereador Folha, que foi o autor do Dia dos Fiscais de Obras e Posturas\u201d.<\/p>\n\n\n\n<p>O secret\u00e1rio municipal de Desenvolvimento Urbano e Servi\u00e7os Regionais (Sedusr), Israel Henrique de Melo Sousa, tamb\u00e9m participou da solenidade e lembrou dos esfor\u00e7os da gest\u00e3o municipal em proporcionar mais qualidade de trabalho para as equipes de fiscaliza\u00e7\u00e3o. \u201cFicamos muito felizes pelo reconhecimento dos servi\u00e7os di\u00e1rios desempenhados por nossas equipes. Estamos vivenciando grandes conquistas como, por exemplo, novas ferramentas de trabalhos, uniformes novos,&nbsp;aquisi\u00e7\u00e3o de computadores, viaturas e tablets modernos\u201d.<\/p>\n\n\n\n<p>O secret\u00e1rio Israel lembrou ainda da recente aprova\u00e7\u00e3o pela Casa de Lei do adicional de risco para os servidores que atuam na fiscaliza\u00e7\u00e3o urbana. Ele destacou que foi uma vit\u00f3ria para a categoria que h\u00e1 anos pleiteava por esse direito. &nbsp;<\/p>\n\n\n\n<p>A equipe de fiscaliza\u00e7\u00e3o urbana de Palmas conta, atualmente, com 41 fiscais de obras e posturas que trabalham, diuturnamente, desenvolvendo atividades de fiscaliza\u00e7\u00e3o e monitoramento em diferentes pontos da cidade. Al\u00e9m disso, as equipes atuam em conjunto com os demais \u00f3rg\u00e3o municipais e estaduais. Como resultado desse trabalho, foram emitidas em 2023 cerca de 4.635 notifica\u00e7\u00f5es, que resultaram em 1.125 &nbsp;autos de infra\u00e7\u00e3o.&nbsp;&nbsp;A sess\u00e3o solene foi proposta pelo presidente da C\u00e2mara, o vereador Folha.<\/p>\n","protected":false},"excerpt":{"rendered":"<p>Os fiscais de obras e posturas que atuam no Munic\u00edpio foram homenageados pelos servi\u00e7os prestados \u00e0 Capital em sess\u00e3o solene realizada na C\u00e2mara Municipal,\u00a0na \u00faltima sexta-feira, 30. Como reconhecimento da Casa Legislativa, os fiscais homenageados receberam o certificado de m\u00e9rito pelo excelente trabalho em atendimento aos ordenamentos do C\u00f3digo de Posturas do Munic\u00edpio. \u00a0 Ao [&hellip;]<\/p>\n","protected":false},"author":10,"featured_media":0,"comment_status":"open","ping_status":"open","sticky":false,"template":"","format":"standard","meta":{"_acf_changed":false,"footnotes":""},"categories":[22,898,21],"tags":[],"class_list":["post-77099","post","type-post","status-publish","format-standard","hentry","category-cidades","category-manchete-segundaria","category-todas-noticias"],"acf":[],"yoast_head":"<!-- This site is optimized with the Yoast SEO plugin v24.4 - https:\/\/yoast.com\/wordpress\/plugins\/seo\/ -->\n<title>Fiscais de obras e posturas recebem homenagem da C\u00e2mara Legislativa por servi\u00e7os prestados \u00e0 Capital - PORTAL DE NOT\u00cdCIAS CLEITON PINHEIRO<\/title>\n<meta name=\"robots\" content=\"index, follow, max-snippet:-1, max-image-preview:large, max-video-preview:-1\" \/>\n<link rel=\"canonical\" href=\"https:\/\/cleitonpinheiro.com.br\/site\/fiscais-de-obras-e-posturas-recebem-homenagem-da-camara-legislativa-por-servicos-prestados-a-capital\/\" \/>\n<meta property=\"og:locale\" content=\"pt_BR\" \/>\n<meta property=\"og:type\" content=\"article\" \/>\n<meta property=\"og:title\" content=\"Fiscais de obras e posturas recebem homenagem da C\u00e2mara Legislativa por servi\u00e7os prestados \u00e0 Capital - PORTAL DE NOT\u00cdCIAS CLEITON PINHEIRO\" \/>\n<meta property=\"og:description\" content=\"Os fiscais de obras e posturas que atuam no Munic\u00edpio foram homenageados pelos servi\u00e7os prestados \u00e0 Capital em sess\u00e3o solene realizada na C\u00e2mara Municipal,\u00a0na \u00faltima sexta-feira, 30. Como reconhecimento da Casa Legislativa, os fiscais homenageados receberam o certificado de m\u00e9rito pelo excelente trabalho em atendimento aos ordenamentos do C\u00f3digo de Posturas do Munic\u00edpio. \u00a0 Ao [&hellip;]\" \/>\n<meta property=\"og:url\" content=\"https:\/\/cleitonpinheiro.com.br\/site\/fiscais-de-obras-e-posturas-recebem-homenagem-da-camara-legislativa-por-servicos-prestados-a-capital\/\" \/>\n<meta property=\"og:site_name\" content=\"PORTAL DE NOT\u00cdCIAS CLEITON PINHEIRO\" \/>\n<meta property=\"article:publisher\" content=\"https:\/\/www.facebook.com\/portalcpnoticias\/\" \/>\n<meta property=\"article:published_time\" content=\"2024-05-06T22:13:48+00:00\" \/>\n<meta property=\"article:modified_time\" content=\"2024-05-06T22:13:52+00:00\" \/>\n<meta property=\"og:image\" content=\"https:\/\/cleitonpinheiro.com.br\/site\/wp-content\/uploads\/2024\/05\/unnamed-10.jpg\" \/>\n\t<meta property=\"og:image:width\" content=\"1000\" \/>\n\t<meta property=\"og:image:height\" content=\"666\" \/>\n\t<meta property=\"og:image:type\" content=\"image\/jpeg\" \/>\n<meta name=\"author\" content=\"Cleiton Pinheiro\" \/>\n<meta name=\"twitter:card\" content=\"summary_large_image\" \/>\n<meta name=\"twitter:label1\" content=\"Escrito por\" \/>\n\t<meta name=\"twitter:data1\" content=\"Cleiton Pinheiro\" \/>\n\t<meta name=\"twitter:label2\" content=\"Est. tempo de leitura\" \/>\n\t<meta name=\"twitter:data2\" content=\"3 minutos\" \/>\n<script type=\"application\/ld+json\" class=\"yoast-schema-graph\">{\"@context\":\"https:\/\/schema.org\",\"@graph\":[{\"@type\":\"Article\",\"@id\":\"https:\/\/cleitonpinheiro.com.br\/site\/fiscais-de-obras-e-posturas-recebem-homenagem-da-camara-legislativa-por-servicos-prestados-a-capital\/#article\",\"isPartOf\":{\"@id\":\"https:\/\/cleitonpinheiro.com.br\/site\/fiscais-de-obras-e-posturas-recebem-homenagem-da-camara-legislativa-por-servicos-prestados-a-capital\/\"},\"author\":{\"name\":\"Cleiton Pinheiro\",\"@id\":\"https:\/\/cleitonpinheiro.com.br\/site\/#\/schema\/person\/62fd4eb98fcc8bd3fc477aaff264af51\"},\"headline\":\"Fiscais de obras e posturas recebem homenagem da C\u00e2mara Legislativa por servi\u00e7os prestados \u00e0 Capital\",\"datePublished\":\"2024-05-06T22:13:48+00:00\",\"dateModified\":\"2024-05-06T22:13:52+00:00\",\"mainEntityOfPage\":{\"@id\":\"https:\/\/cleitonpinheiro.com.br\/site\/fiscais-de-obras-e-posturas-recebem-homenagem-da-camara-legislativa-por-servicos-prestados-a-capital\/\"},\"wordCount\":369,\"commentCount\":0,\"publisher\":{\"@id\":\"https:\/\/cleitonpinheiro.com.br\/site\/#organization\"},\"image\":{\"@id\":\"https:\/\/cleitonpinheiro.com.br\/site\/fiscais-de-obras-e-posturas-recebem-homenagem-da-camara-legislativa-por-servicos-prestados-a-capital\/#primaryimage\"},\"thumbnailUrl\":\"https:\/\/cleitonpinheiro.com.br\/site\/wp-content\/uploads\/2024\/05\/unnamed-10.jpg\",\"articleSection\":[\"CIDADES\",\"MANCHETE SEGUND\u00c1RIA\",\"TODAS NOTICIAS\"],\"inLanguage\":\"pt-BR\",\"potentialAction\":[{\"@type\":\"CommentAction\",\"name\":\"Comment\",\"target\":[\"https:\/\/cleitonpinheiro.com.br\/site\/fiscais-de-obras-e-posturas-recebem-homenagem-da-camara-legislativa-por-servicos-prestados-a-capital\/#respond\"]}]},{\"@type\":\"WebPage\",\"@id\":\"https:\/\/cleitonpinheiro.com.br\/site\/fiscais-de-obras-e-posturas-recebem-homenagem-da-camara-legislativa-por-servicos-prestados-a-capital\/\",\"url\":\"https:\/\/cleitonpinheiro.com.br\/site\/fiscais-de-obras-e-posturas-recebem-homenagem-da-camara-legislativa-por-servicos-prestados-a-capital\/\",\"name\":\"Fiscais de obras e posturas recebem homenagem da C\u00e2mara Legislativa por servi\u00e7os prestados \u00e0 Capital - PORTAL DE NOT\u00cdCIAS CLEITON PINHEIRO\",\"isPartOf\":{\"@id\":\"https:\/\/cleitonpinheiro.com.br\/site\/#website\"},\"primaryImageOfPage\":{\"@id\":\"https:\/\/cleitonpinheiro.com.br\/site\/fiscais-de-obras-e-posturas-recebem-homenagem-da-camara-legislativa-por-servicos-prestados-a-capital\/#primaryimage\"},\"image\":{\"@id\":\"https:\/\/cleitonpinheiro.com.br\/site\/fiscais-de-obras-e-posturas-recebem-homenagem-da-camara-legislativa-por-servicos-prestados-a-capital\/#primaryimage\"},\"thumbnailUrl\":\"https:\/\/cleitonpinheiro.com.br\/site\/wp-content\/uploads\/2024\/05\/unnamed-10.jpg\",\"datePublished\":\"2024-05-06T22:13:48+00:00\",\"dateModified\":\"2024-05-06T22:13:52+00:00\",\"breadcrumb\":{\"@id\":\"https:\/\/cleitonpinheiro.com.br\/site\/fiscais-de-obras-e-posturas-recebem-homenagem-da-camara-legislativa-por-servicos-prestados-a-capital\/#breadcrumb\"},\"inLanguage\":\"pt-BR\",\"potentialAction\":[{\"@type\":\"ReadAction\",\"target\":[\"https:\/\/cleitonpinheiro.com.br\/site\/fiscais-de-obras-e-posturas-recebem-homenagem-da-camara-legislativa-por-servicos-prestados-a-capital\/\"]}]},{\"@type\":\"ImageObject\",\"inLanguage\":\"pt-BR\",\"@id\":\"https:\/\/cleitonpinheiro.com.br\/site\/fiscais-de-obras-e-posturas-recebem-homenagem-da-camara-legislativa-por-servicos-prestados-a-capital\/#primaryimage\",\"url\":\"\",\"contentUrl\":\"\"},{\"@type\":\"BreadcrumbList\",\"@id\":\"https:\/\/cleitonpinheiro.com.br\/site\/fiscais-de-obras-e-posturas-recebem-homenagem-da-camara-legislativa-por-servicos-prestados-a-capital\/#breadcrumb\",\"itemListElement\":[{\"@type\":\"ListItem\",\"position\":1,\"name\":\"In\u00edcio\",\"item\":\"https:\/\/cleitonpinheiro.com.br\/site\/\"},{\"@type\":\"ListItem\",\"position\":2,\"name\":\"Fiscais de obras e posturas recebem homenagem da C\u00e2mara Legislativa por servi\u00e7os prestados \u00e0 Capital\"}]},{\"@type\":\"WebSite\",\"@id\":\"https:\/\/cleitonpinheiro.com.br\/site\/#website\",\"url\":\"https:\/\/cleitonpinheiro.com.br\/site\/\",\"name\":\"PORTAL DE NOT\u00cdCIAS CLEITON PINHEIRO\",\"description\":\"FALANDO A VERDADE\",\"publisher\":{\"@id\":\"https:\/\/cleitonpinheiro.com.br\/site\/#organization\"},\"potentialAction\":[{\"@type\":\"SearchAction\",\"target\":{\"@type\":\"EntryPoint\",\"urlTemplate\":\"https:\/\/cleitonpinheiro.com.br\/site\/?s={search_term_string}\"},\"query-input\":{\"@type\":\"PropertyValueSpecification\",\"valueRequired\":true,\"valueName\":\"search_term_string\"}}],\"inLanguage\":\"pt-BR\"},{\"@type\":\"Organization\",\"@id\":\"https:\/\/cleitonpinheiro.com.br\/site\/#organization\",\"name\":\"CPNOT\u00cdCIAS\",\"url\":\"https:\/\/cleitonpinheiro.com.br\/site\/\",\"logo\":{\"@type\":\"ImageObject\",\"inLanguage\":\"pt-BR\",\"@id\":\"https:\/\/cleitonpinheiro.com.br\/site\/#\/schema\/logo\/image\/\",\"url\":\"https:\/\/cleitonpinheiro.com.br\/site\/wp-content\/uploads\/2022\/08\/Logo-pequena-2.png\",\"contentUrl\":\"https:\/\/cleitonpinheiro.com.br\/site\/wp-content\/uploads\/2022\/08\/Logo-pequena-2.png\",\"width\":500,\"height\":500,\"caption\":\"CPNOT\u00cdCIAS\"},\"image\":{\"@id\":\"https:\/\/cleitonpinheiro.com.br\/site\/#\/schema\/logo\/image\/\"},\"sameAs\":[\"https:\/\/www.facebook.com\/portalcpnoticias\/\"]},{\"@type\":\"Person\",\"@id\":\"https:\/\/cleitonpinheiro.com.br\/site\/#\/schema\/person\/62fd4eb98fcc8bd3fc477aaff264af51\",\"name\":\"Cleiton Pinheiro\",\"image\":{\"@type\":\"ImageObject\",\"inLanguage\":\"pt-BR\",\"@id\":\"https:\/\/cleitonpinheiro.com.br\/site\/#\/schema\/person\/image\/\",\"url\":\"https:\/\/secure.gravatar.com\/avatar\/15642ec35b78fe5eed3cfa8e4a3f3211d73a3df4f35f0566b4324958cba1b1b9?s=96&r=g\",\"contentUrl\":\"https:\/\/secure.gravatar.com\/avatar\/15642ec35b78fe5eed3cfa8e4a3f3211d73a3df4f35f0566b4324958cba1b1b9?s=96&r=g\",\"caption\":\"Cleiton Pinheiro\"},\"url\":\"https:\/\/cleitonpinheiro.com.br\/site\/author\/cleiton\/\"}]}<\/script>\n<!-- \/ Yoast SEO plugin. -->","yoast_head_json":{"title":"Fiscais de obras e posturas recebem homenagem da C\u00e2mara Legislativa por servi\u00e7os prestados \u00e0 Capital - PORTAL DE NOT\u00cdCIAS CLEITON PINHEIRO","robots":{"index":"index","follow":"follow","max-snippet":"max-snippet:-1","max-image-preview":"max-image-preview:large","max-video-preview":"max-video-preview:-1"},"canonical":"https:\/\/cleitonpinheiro.com.br\/site\/fiscais-de-obras-e-posturas-recebem-homenagem-da-camara-legislativa-por-servicos-prestados-a-capital\/","og_locale":"pt_BR","og_type":"article","og_title":"Fiscais de obras e posturas recebem homenagem da C\u00e2mara Legislativa por servi\u00e7os prestados \u00e0 Capital - PORTAL DE NOT\u00cdCIAS CLEITON PINHEIRO","og_description":"Os fiscais de obras e posturas que atuam no Munic\u00edpio foram homenageados pelos servi\u00e7os prestados \u00e0 Capital em sess\u00e3o solene realizada na C\u00e2mara Municipal,\u00a0na \u00faltima sexta-feira, 30. Como reconhecimento da Casa Legislativa, os fiscais homenageados receberam o certificado de m\u00e9rito pelo excelente trabalho em atendimento aos ordenamentos do C\u00f3digo de Posturas do Munic\u00edpio. \u00a0 Ao [&hellip;]","og_url":"https:\/\/cleitonpinheiro.com.br\/site\/fiscais-de-obras-e-posturas-recebem-homenagem-da-camara-legislativa-por-servicos-prestados-a-capital\/","og_site_name":"PORTAL DE NOT\u00cdCIAS CLEITON PINHEIRO","article_publisher":"https:\/\/www.facebook.com\/portalcpnoticias\/","article_published_time":"2024-05-06T22:13:48+00:00","article_modified_time":"2024-05-06T22:13:52+00:00","og_image":[{"width":1000,"height":666,"url":"https:\/\/cleitonpinheiro.com.br\/site\/wp-content\/uploads\/2024\/05\/unnamed-10.jpg","type":"image\/jpeg"}],"author":"Cleiton Pinheiro","twitter_card":"summary_large_image","twitter_misc":{"Escrito por":"Cleiton Pinheiro","Est. tempo de leitura":"3 minutos"},"schema":{"@context":"https:\/\/schema.org","@graph":[{"@type":"Article","@id":"https:\/\/cleitonpinheiro.com.br\/site\/fiscais-de-obras-e-posturas-recebem-homenagem-da-camara-legislativa-por-servicos-prestados-a-capital\/#article","isPartOf":{"@id":"https:\/\/cleitonpinheiro.com.br\/site\/fiscais-de-obras-e-posturas-recebem-homenagem-da-camara-legislativa-por-servicos-prestados-a-capital\/"},"author":{"name":"Cleiton Pinheiro","@id":"https:\/\/cleitonpinheiro.com.br\/site\/#\/schema\/person\/62fd4eb98fcc8bd3fc477aaff264af51"},"headline":"Fiscais de obras e posturas recebem homenagem da C\u00e2mara Legislativa por servi\u00e7os prestados \u00e0 Capital","datePublished":"2024-05-06T22:13:48+00:00","dateModified":"2024-05-06T22:13:52+00:00","mainEntityOfPage":{"@id":"https:\/\/cleitonpinheiro.com.br\/site\/fiscais-de-obras-e-posturas-recebem-homenagem-da-camara-legislativa-por-servicos-prestados-a-capital\/"},"wordCount":369,"commentCount":0,"publisher":{"@id":"https:\/\/cleitonpinheiro.com.br\/site\/#organization"},"image":{"@id":"https:\/\/cleitonpinheiro.com.br\/site\/fiscais-de-obras-e-posturas-recebem-homenagem-da-camara-legislativa-por-servicos-prestados-a-capital\/#primaryimage"},"thumbnailUrl":"https:\/\/cleitonpinheiro.com.br\/site\/wp-content\/uploads\/2024\/05\/unnamed-10.jpg","articleSection":["CIDADES","MANCHETE SEGUND\u00c1RIA","TODAS NOTICIAS"],"inLanguage":"pt-BR","potentialAction":[{"@type":"CommentAction","name":"Comment","target":["https:\/\/cleitonpinheiro.com.br\/site\/fiscais-de-obras-e-posturas-recebem-homenagem-da-camara-legislativa-por-servicos-prestados-a-capital\/#respond"]}]},{"@type":"WebPage","@id":"https:\/\/cleitonpinheiro.com.br\/site\/fiscais-de-obras-e-posturas-recebem-homenagem-da-camara-legislativa-por-servicos-prestados-a-capital\/","url":"https:\/\/cleitonpinheiro.com.br\/site\/fiscais-de-obras-e-posturas-recebem-homenagem-da-camara-legislativa-por-servicos-prestados-a-capital\/","name":"Fiscais de obras e posturas recebem homenagem da C\u00e2mara Legislativa por servi\u00e7os prestados \u00e0 Capital - PORTAL DE NOT\u00cdCIAS CLEITON PINHEIRO","isPartOf":{"@id":"https:\/\/cleitonpinheiro.com.br\/site\/#website"},"primaryImageOfPage":{"@id":"https:\/\/cleitonpinheiro.com.br\/site\/fiscais-de-obras-e-posturas-recebem-homenagem-da-camara-legislativa-por-servicos-prestados-a-capital\/#primaryimage"},"image":{"@id":"https:\/\/cleitonpinheiro.com.br\/site\/fiscais-de-obras-e-posturas-recebem-homenagem-da-camara-legislativa-por-servicos-prestados-a-capital\/#primaryimage"},"thumbnailUrl":"https:\/\/cleitonpinheiro.com.br\/site\/wp-content\/uploads\/2024\/05\/unnamed-10.jpg","datePublished":"2024-05-06T22:13:48+00:00","dateModified":"2024-05-06T22:13:52+00:00","breadcrumb":{"@id":"https:\/\/cleitonpinheiro.com.br\/site\/fiscais-de-obras-e-posturas-recebem-homenagem-da-camara-legislativa-por-servicos-prestados-a-capital\/#breadcrumb"},"inLanguage":"pt-BR","potentialAction":[{"@type":"ReadAction","target":["https:\/\/cleitonpinheiro.com.br\/site\/fiscais-de-obras-e-posturas-recebem-homenagem-da-camara-legislativa-por-servicos-prestados-a-capital\/"]}]},{"@type":"ImageObject","inLanguage":"pt-BR","@id":"https:\/\/cleitonpinheiro.com.br\/site\/fiscais-de-obras-e-posturas-recebem-homenagem-da-camara-legislativa-por-servicos-prestados-a-capital\/#primaryimage","url":"","contentUrl":""},{"@type":"BreadcrumbList","@id":"https:\/\/cleitonpinheiro.com.br\/site\/fiscais-de-obras-e-posturas-recebem-homenagem-da-camara-legislativa-por-servicos-prestados-a-capital\/#breadcrumb","itemListElement":[{"@type":"ListItem","position":1,"name":"In\u00edcio","item":"https:\/\/cleitonpinheiro.com.br\/site\/"},{"@type":"ListItem","position":2,"name":"Fiscais de obras e posturas recebem homenagem da C\u00e2mara Legislativa por servi\u00e7os prestados \u00e0 Capital"}]},{"@type":"WebSite","@id":"https:\/\/cleitonpinheiro.com.br\/site\/#website","url":"https:\/\/cleitonpinheiro.com.br\/site\/","name":"PORTAL DE NOT\u00cdCIAS CLEITON PINHEIRO","description":"FALANDO A VERDADE","publisher":{"@id":"https:\/\/cleitonpinheiro.com.br\/site\/#organization"},"potentialAction":[{"@type":"SearchAction","target":{"@type":"EntryPoint","urlTemplate":"https:\/\/cleitonpinheiro.com.br\/site\/?s={search_term_string}"},"query-input":{"@type":"PropertyValueSpecification","valueRequired":true,"valueName":"search_term_string"}}],"inLanguage":"pt-BR"},{"@type":"Organization","@id":"https:\/\/cleitonpinheiro.com.br\/site\/#organization","name":"CPNOT\u00cdCIAS","url":"https:\/\/cleitonpinheiro.com.br\/site\/","logo":{"@type":"ImageObject","inLanguage":"pt-BR","@id":"https:\/\/cleitonpinheiro.com.br\/site\/#\/schema\/logo\/image\/","url":"https:\/\/cleitonpinheiro.com.br\/site\/wp-content\/uploads\/2022\/08\/Logo-pequena-2.png","contentUrl":"https:\/\/cleitonpinheiro.com.br\/site\/wp-content\/uploads\/2022\/08\/Logo-pequena-2.png","width":500,"height":500,"caption":"CPNOT\u00cdCIAS"},"image":{"@id":"https:\/\/cleitonpinheiro.com.br\/site\/#\/schema\/logo\/image\/"},"sameAs":["https:\/\/www.facebook.com\/portalcpnoticias\/"]},{"@type":"Person","@id":"https:\/\/cleitonpinheiro.com.br\/site\/#\/schema\/person\/62fd4eb98fcc8bd3fc477aaff264af51","name":"Cleiton Pinheiro","image":{"@type":"ImageObject","inLanguage":"pt-BR","@id":"https:\/\/cleitonpinheiro.com.br\/site\/#\/schema\/person\/image\/","url":"https:\/\/secure.gravatar.com\/avatar\/15642ec35b78fe5eed3cfa8e4a3f3211d73a3df4f35f0566b4324958cba1b1b9?s=96&r=g","contentUrl":"https:\/\/secure.gravatar.com\/avatar\/15642ec35b78fe5eed3cfa8e4a3f3211d73a3df4f35f0566b4324958cba1b1b9?s=96&r=g","caption":"Cleiton Pinheiro"},"url":"https:\/\/cleitonpinheiro.com.br\/site\/author\/cleiton\/"}]}},"views":132,"_links":{"self":[{"href":"https:\/\/cleitonpinheiro.com.br\/site\/wp-json\/wp\/v2\/posts\/77099","targetHints":{"allow":["GET"]}}],"collection":[{"href":"https:\/\/cleitonpinheiro.com.br\/site\/wp-json\/wp\/v2\/posts"}],"about":[{"href":"https:\/\/cleitonpinheiro.com.br\/site\/wp-json\/wp\/v2\/types\/post"}],"author":[{"embeddable":true,"href":"https:\/\/cleitonpinheiro.com.br\/site\/wp-json\/wp\/v2\/users\/10"}],"replies":[{"embeddable":true,"href":"https:\/\/cleitonpinheiro.com.br\/site\/wp-json\/wp\/v2\/comments?post=77099"}],"version-history":[{"count":1,"href":"https:\/\/cleitonpinheiro.com.br\/site\/wp-json\/wp\/v2\/posts\/77099\/revisions"}],"predecessor-version":[{"id":77102,"href":"https:\/\/cleitonpinheiro.com.br\/site\/wp-json\/wp\/v2\/posts\/77099\/revisions\/77102"}],"wp:attachment":[{"href":"https:\/\/cleitonpinheiro.com.br\/site\/wp-json\/wp\/v2\/media?parent=77099"}],"wp:term":[{"taxonomy":"category","embeddable":true,"href":"https:\/\/cleitonpinheiro.com.br\/site\/wp-json\/wp\/v2\/categories?post=77099"},{"taxonomy":"post_tag","embeddable":true,"href":"https:\/\/cleitonpinheiro.com.br\/site\/wp-json\/wp\/v2\/tags?post=77099"}],"curies":[{"name":"wp","href":"https:\/\/api.w.org\/{rel}","templated":true}]}}