{"id":77103,"date":"2024-05-06T20:51:31","date_gmt":"2024-05-06T23:51:31","guid":{"rendered":"https:\/\/cleitonpinheiro.com.br\/site\/?p=77103"},"modified":"2024-05-06T20:51:35","modified_gmt":"2024-05-06T23:51:35","slug":"candidatos-ao-concurso-para-servidor-mpto-sao-convocados-para-etapas-seguintes","status":"publish","type":"post","link":"https:\/\/cleitonpinheiro.com.br\/site\/candidatos-ao-concurso-para-servidor-mpto-sao-convocados-para-etapas-seguintes\/","title":{"rendered":"Candidatos ao concurso para servidor MPTO s\u00e3o convocados para etapas seguintes"},"content":{"rendered":"\n<figure class=\"wp-block-image size-full\"><img decoding=\"async\" src=\"https:\/\/cleitonpinheiro.com.br\/site\/wp-content\/uploads\/2023\/01\/mpto-estabelece-trabalho-integralmente-telepresencial-em-18-comarcas-do-estado-1614436001-1200x628-ca3fbcf4.jpg\" alt=\"\" class=\"wp-image-67483\"\/><\/figure>\n\n\n\n<p>O Minist\u00e9rio P\u00fablico do Tocantins (MPTO) deu prosseguimento ao concurso p\u00fablico para o seu quadro de servidores, ao divulgar, nesta segunda-feira, 6, o Edital n. 12, referente ao cargo de \u201cT\u00e9cnico Ministerial \u2013 Assistente Administrativo\u201d, que traz o \u00a0resultado final da prova discursiva de 25 candidatos e a convoca\u00e7\u00e3o destes para as etapas seguintes; e o Edital n\u00ba 13, referente a todos os demais cargos, que traz o resultado provis\u00f3rio das \u00faltimas etapas do concurso e define prazos para recursos.<\/p>\n\n\n\n<p><strong>Edital n. 12<\/strong><br>Em rela\u00e7\u00e3o ao cargo de \u201cT\u00e9cnico Ministerial \u2013 Assistente Administrativo\u201d, 25 candidatos aprovados na prova discursiva s\u00e3o convocados para o exame psicot\u00e9cnico e &nbsp;para o procedimento de heteroidentifica\u00e7\u00e3o (voltado a quem concorre \u00e0s vagas reservadas a candidatos negros).<\/p>\n\n\n\n<p>O exame e o procedimento acontecem no pr\u00f3ximo s\u00e1bado, 11, em Palmas. Para saber o seu local e hor\u00e1rio, os candidatos dever\u00e3o realizar consulta individual no site do Cebraspe (<a href=\"http:\/\/www.cebraspe.org.br\/concursos\/mp_to_24_servidor\" target=\"_blank\" rel=\"noreferrer noopener\">www.cebraspe.org.br\/concursos\/mp_to_24_servidor<\/a>).<\/p>\n\n\n\n<p><strong>Edital n. 13<\/strong><br>O Edital n. 13, referente a todos os demais cargos, traz o resultado provis\u00f3rio do exame psicot\u00e9cnico, da avalia\u00e7\u00e3o biopsicossocial (daqueles que concorrem \u00e0s vagas reservadas a pessoas com defici\u00eancia) e do procedimento de heteroidentifica\u00e7\u00e3o. Estas etapas finais foram aplicadas nos dias 20 e 21 de abril.<\/p>\n\n\n\n<p>Com a divulga\u00e7\u00e3o do resultado provis\u00f3rio, foram informados os prazos para que os candidatos desclassificados acessem o site da banca Cebraspe e conhe\u00e7am as raz\u00f5es de sua desclassifica\u00e7\u00e3o, bem como os prazos para que interponham eventuais recursos contra essa avalia\u00e7\u00e3o.<\/p>\n\n\n\n<p>A publica\u00e7\u00e3o do resultado final para estes cargos est\u00e1 prevista para o dia 28 deste m\u00eas.<\/p>\n\n\n\n<p><strong>Entenda a diferen\u00e7a<\/strong><br>A sele\u00e7\u00e3o para o cargo de T\u00e9cnico Ministerial \u2013 Assistente Administrativo encontra-se em fase distinta porque foi preciso retificar o resultado final da prova objetiva referente a esse cargo, por meio do Edital n. 11, publicado em 29 de abril.<\/p>\n\n\n\n<p>Conforme explicou o Cebraspe, aconteceu um erro na corre\u00e7\u00e3o da prova de conhecimentos b\u00e1sicos, consistente no uso de um gabarito diferente do tipo de prova do candidato.<\/p>\n\n\n\n<p>Para sanar integralmente a falha, o Cebraspe realizou nova corre\u00e7\u00e3o das folhas de resposta, utilizando o gabarito correto. Isso implicou na altera\u00e7\u00e3o das notas finais da prova objetiva, o que resultou em uma nova ordem de classifica\u00e7\u00e3o, com 25 candidatos passando a constar como aprovados.<\/p>\n\n\n\n<p>O Cebraspe informou ter realizado uma auditoria rigorosa e verificado que o erro n\u00e3o se estendeu a outros cargos.<\/p>\n\n\n\n<p>A lista com todos os habilitados para o cargo consta no Edital n. 11.<\/p>\n\n\n\n<p><strong>Etapas anteriores<\/strong><br>J\u00e1 est\u00e3o finalizadas as primeiras etapas do concurso, referentes \u00e0s provas objetivas e discursivas, que foram aplicadas no dia 3 de mar\u00e7o. O certame oferece 54 vagas para cargos de n\u00edvel superior e m\u00e9dio, mais a forma\u00e7\u00e3o de cadastro de reserva.<\/p>\n","protected":false},"excerpt":{"rendered":"<p>O Minist\u00e9rio P\u00fablico do Tocantins (MPTO) deu prosseguimento ao concurso p\u00fablico para o seu quadro de servidores, ao divulgar, nesta segunda-feira, 6, o Edital n. 12, referente ao cargo de \u201cT\u00e9cnico Ministerial \u2013 Assistente Administrativo\u201d, que traz o \u00a0resultado final da prova discursiva de 25 candidatos e a convoca\u00e7\u00e3o destes para as etapas seguintes; e [&hellip;]<\/p>\n","protected":false},"author":10,"featured_media":0,"comment_status":"open","ping_status":"open","sticky":false,"template":"","format":"standard","meta":{"_acf_changed":false,"footnotes":""},"categories":[25,20,21],"tags":[],"class_list":["post-77103","post","type-post","status-publish","format-standard","hentry","category-funcionalismo","category-noticias-em-destaque","category-todas-noticias"],"acf":[],"yoast_head":"<!-- This site is optimized with the Yoast SEO plugin v24.4 - https:\/\/yoast.com\/wordpress\/plugins\/seo\/ -->\n<title>Candidatos ao concurso para servidor MPTO s\u00e3o convocados para etapas seguintes - PORTAL DE NOT\u00cdCIAS CLEITON PINHEIRO<\/title>\n<meta name=\"robots\" content=\"index, follow, max-snippet:-1, max-image-preview:large, max-video-preview:-1\" \/>\n<link rel=\"canonical\" href=\"https:\/\/cleitonpinheiro.com.br\/site\/candidatos-ao-concurso-para-servidor-mpto-sao-convocados-para-etapas-seguintes\/\" \/>\n<meta property=\"og:locale\" content=\"pt_BR\" \/>\n<meta property=\"og:type\" content=\"article\" \/>\n<meta property=\"og:title\" content=\"Candidatos ao concurso para servidor MPTO s\u00e3o convocados para etapas seguintes - PORTAL DE NOT\u00cdCIAS CLEITON PINHEIRO\" \/>\n<meta property=\"og:description\" content=\"O Minist\u00e9rio P\u00fablico do Tocantins (MPTO) deu prosseguimento ao concurso p\u00fablico para o seu quadro de servidores, ao divulgar, nesta segunda-feira, 6, o Edital n. 12, referente ao cargo de \u201cT\u00e9cnico Ministerial \u2013 Assistente Administrativo\u201d, que traz o \u00a0resultado final da prova discursiva de 25 candidatos e a convoca\u00e7\u00e3o destes para as etapas seguintes; e [&hellip;]\" \/>\n<meta property=\"og:url\" content=\"https:\/\/cleitonpinheiro.com.br\/site\/candidatos-ao-concurso-para-servidor-mpto-sao-convocados-para-etapas-seguintes\/\" \/>\n<meta property=\"og:site_name\" content=\"PORTAL DE NOT\u00cdCIAS CLEITON PINHEIRO\" \/>\n<meta property=\"article:publisher\" content=\"https:\/\/www.facebook.com\/portalcpnoticias\/\" \/>\n<meta property=\"article:published_time\" content=\"2024-05-06T23:51:31+00:00\" \/>\n<meta property=\"article:modified_time\" content=\"2024-05-06T23:51:35+00:00\" \/>\n<meta property=\"og:image\" content=\"https:\/\/cleitonpinheiro.com.br\/site\/wp-content\/uploads\/2023\/01\/mpto-estabelece-trabalho-integralmente-telepresencial-em-18-comarcas-do-estado-1614436001-1200x628-ca3fbcf4.jpg\" \/>\n\t<meta property=\"og:image:width\" content=\"1200\" \/>\n\t<meta property=\"og:image:height\" content=\"628\" \/>\n\t<meta property=\"og:image:type\" content=\"image\/jpeg\" \/>\n<meta name=\"author\" content=\"Cleiton Pinheiro\" \/>\n<meta name=\"twitter:card\" content=\"summary_large_image\" \/>\n<meta name=\"twitter:label1\" content=\"Escrito por\" \/>\n\t<meta name=\"twitter:data1\" content=\"Cleiton Pinheiro\" \/>\n\t<meta name=\"twitter:label2\" content=\"Est. tempo de leitura\" \/>\n\t<meta name=\"twitter:data2\" content=\"3 minutos\" \/>\n<script type=\"application\/ld+json\" class=\"yoast-schema-graph\">{\"@context\":\"https:\/\/schema.org\",\"@graph\":[{\"@type\":\"Article\",\"@id\":\"https:\/\/cleitonpinheiro.com.br\/site\/candidatos-ao-concurso-para-servidor-mpto-sao-convocados-para-etapas-seguintes\/#article\",\"isPartOf\":{\"@id\":\"https:\/\/cleitonpinheiro.com.br\/site\/candidatos-ao-concurso-para-servidor-mpto-sao-convocados-para-etapas-seguintes\/\"},\"author\":{\"name\":\"Cleiton Pinheiro\",\"@id\":\"https:\/\/cleitonpinheiro.com.br\/site\/#\/schema\/person\/62fd4eb98fcc8bd3fc477aaff264af51\"},\"headline\":\"Candidatos ao concurso para servidor MPTO s\u00e3o convocados para etapas seguintes\",\"datePublished\":\"2024-05-06T23:51:31+00:00\",\"dateModified\":\"2024-05-06T23:51:35+00:00\",\"mainEntityOfPage\":{\"@id\":\"https:\/\/cleitonpinheiro.com.br\/site\/candidatos-ao-concurso-para-servidor-mpto-sao-convocados-para-etapas-seguintes\/\"},\"wordCount\":489,\"commentCount\":0,\"publisher\":{\"@id\":\"https:\/\/cleitonpinheiro.com.br\/site\/#organization\"},\"image\":{\"@id\":\"https:\/\/cleitonpinheiro.com.br\/site\/candidatos-ao-concurso-para-servidor-mpto-sao-convocados-para-etapas-seguintes\/#primaryimage\"},\"thumbnailUrl\":\"https:\/\/cleitonpinheiro.com.br\/site\/wp-content\/uploads\/2023\/01\/mpto-estabelece-trabalho-integralmente-telepresencial-em-18-comarcas-do-estado-1614436001-1200x628-ca3fbcf4.jpg\",\"articleSection\":[\"FUNCIONALISMO\",\"NOT\u00cdCIAS EM DESTAQUE\",\"TODAS NOTICIAS\"],\"inLanguage\":\"pt-BR\",\"potentialAction\":[{\"@type\":\"CommentAction\",\"name\":\"Comment\",\"target\":[\"https:\/\/cleitonpinheiro.com.br\/site\/candidatos-ao-concurso-para-servidor-mpto-sao-convocados-para-etapas-seguintes\/#respond\"]}]},{\"@type\":\"WebPage\",\"@id\":\"https:\/\/cleitonpinheiro.com.br\/site\/candidatos-ao-concurso-para-servidor-mpto-sao-convocados-para-etapas-seguintes\/\",\"url\":\"https:\/\/cleitonpinheiro.com.br\/site\/candidatos-ao-concurso-para-servidor-mpto-sao-convocados-para-etapas-seguintes\/\",\"name\":\"Candidatos ao concurso para servidor MPTO s\u00e3o convocados para etapas seguintes - PORTAL DE NOT\u00cdCIAS CLEITON PINHEIRO\",\"isPartOf\":{\"@id\":\"https:\/\/cleitonpinheiro.com.br\/site\/#website\"},\"primaryImageOfPage\":{\"@id\":\"https:\/\/cleitonpinheiro.com.br\/site\/candidatos-ao-concurso-para-servidor-mpto-sao-convocados-para-etapas-seguintes\/#primaryimage\"},\"image\":{\"@id\":\"https:\/\/cleitonpinheiro.com.br\/site\/candidatos-ao-concurso-para-servidor-mpto-sao-convocados-para-etapas-seguintes\/#primaryimage\"},\"thumbnailUrl\":\"https:\/\/cleitonpinheiro.com.br\/site\/wp-content\/uploads\/2023\/01\/mpto-estabelece-trabalho-integralmente-telepresencial-em-18-comarcas-do-estado-1614436001-1200x628-ca3fbcf4.jpg\",\"datePublished\":\"2024-05-06T23:51:31+00:00\",\"dateModified\":\"2024-05-06T23:51:35+00:00\",\"breadcrumb\":{\"@id\":\"https:\/\/cleitonpinheiro.com.br\/site\/candidatos-ao-concurso-para-servidor-mpto-sao-convocados-para-etapas-seguintes\/#breadcrumb\"},\"inLanguage\":\"pt-BR\",\"potentialAction\":[{\"@type\":\"ReadAction\",\"target\":[\"https:\/\/cleitonpinheiro.com.br\/site\/candidatos-ao-concurso-para-servidor-mpto-sao-convocados-para-etapas-seguintes\/\"]}]},{\"@type\":\"ImageObject\",\"inLanguage\":\"pt-BR\",\"@id\":\"https:\/\/cleitonpinheiro.com.br\/site\/candidatos-ao-concurso-para-servidor-mpto-sao-convocados-para-etapas-seguintes\/#primaryimage\",\"url\":\"\",\"contentUrl\":\"\"},{\"@type\":\"BreadcrumbList\",\"@id\":\"https:\/\/cleitonpinheiro.com.br\/site\/candidatos-ao-concurso-para-servidor-mpto-sao-convocados-para-etapas-seguintes\/#breadcrumb\",\"itemListElement\":[{\"@type\":\"ListItem\",\"position\":1,\"name\":\"In\u00edcio\",\"item\":\"https:\/\/cleitonpinheiro.com.br\/site\/\"},{\"@type\":\"ListItem\",\"position\":2,\"name\":\"Candidatos ao concurso para servidor MPTO s\u00e3o convocados para etapas seguintes\"}]},{\"@type\":\"WebSite\",\"@id\":\"https:\/\/cleitonpinheiro.com.br\/site\/#website\",\"url\":\"https:\/\/cleitonpinheiro.com.br\/site\/\",\"name\":\"PORTAL DE NOT\u00cdCIAS CLEITON PINHEIRO\",\"description\":\"FALANDO A VERDADE\",\"publisher\":{\"@id\":\"https:\/\/cleitonpinheiro.com.br\/site\/#organization\"},\"potentialAction\":[{\"@type\":\"SearchAction\",\"target\":{\"@type\":\"EntryPoint\",\"urlTemplate\":\"https:\/\/cleitonpinheiro.com.br\/site\/?s={search_term_string}\"},\"query-input\":{\"@type\":\"PropertyValueSpecification\",\"valueRequired\":true,\"valueName\":\"search_term_string\"}}],\"inLanguage\":\"pt-BR\"},{\"@type\":\"Organization\",\"@id\":\"https:\/\/cleitonpinheiro.com.br\/site\/#organization\",\"name\":\"CPNOT\u00cdCIAS\",\"url\":\"https:\/\/cleitonpinheiro.com.br\/site\/\",\"logo\":{\"@type\":\"ImageObject\",\"inLanguage\":\"pt-BR\",\"@id\":\"https:\/\/cleitonpinheiro.com.br\/site\/#\/schema\/logo\/image\/\",\"url\":\"https:\/\/cleitonpinheiro.com.br\/site\/wp-content\/uploads\/2022\/08\/Logo-pequena-2.png\",\"contentUrl\":\"https:\/\/cleitonpinheiro.com.br\/site\/wp-content\/uploads\/2022\/08\/Logo-pequena-2.png\",\"width\":500,\"height\":500,\"caption\":\"CPNOT\u00cdCIAS\"},\"image\":{\"@id\":\"https:\/\/cleitonpinheiro.com.br\/site\/#\/schema\/logo\/image\/\"},\"sameAs\":[\"https:\/\/www.facebook.com\/portalcpnoticias\/\"]},{\"@type\":\"Person\",\"@id\":\"https:\/\/cleitonpinheiro.com.br\/site\/#\/schema\/person\/62fd4eb98fcc8bd3fc477aaff264af51\",\"name\":\"Cleiton Pinheiro\",\"image\":{\"@type\":\"ImageObject\",\"inLanguage\":\"pt-BR\",\"@id\":\"https:\/\/cleitonpinheiro.com.br\/site\/#\/schema\/person\/image\/\",\"url\":\"https:\/\/secure.gravatar.com\/avatar\/15642ec35b78fe5eed3cfa8e4a3f3211d73a3df4f35f0566b4324958cba1b1b9?s=96&r=g\",\"contentUrl\":\"https:\/\/secure.gravatar.com\/avatar\/15642ec35b78fe5eed3cfa8e4a3f3211d73a3df4f35f0566b4324958cba1b1b9?s=96&r=g\",\"caption\":\"Cleiton Pinheiro\"},\"url\":\"https:\/\/cleitonpinheiro.com.br\/site\/author\/cleiton\/\"}]}<\/script>\n<!-- \/ Yoast SEO plugin. -->","yoast_head_json":{"title":"Candidatos ao concurso para servidor MPTO s\u00e3o convocados para etapas seguintes - PORTAL DE NOT\u00cdCIAS CLEITON PINHEIRO","robots":{"index":"index","follow":"follow","max-snippet":"max-snippet:-1","max-image-preview":"max-image-preview:large","max-video-preview":"max-video-preview:-1"},"canonical":"https:\/\/cleitonpinheiro.com.br\/site\/candidatos-ao-concurso-para-servidor-mpto-sao-convocados-para-etapas-seguintes\/","og_locale":"pt_BR","og_type":"article","og_title":"Candidatos ao concurso para servidor MPTO s\u00e3o convocados para etapas seguintes - PORTAL DE NOT\u00cdCIAS CLEITON PINHEIRO","og_description":"O Minist\u00e9rio P\u00fablico do Tocantins (MPTO) deu prosseguimento ao concurso p\u00fablico para o seu quadro de servidores, ao divulgar, nesta segunda-feira, 6, o Edital n. 12, referente ao cargo de \u201cT\u00e9cnico Ministerial \u2013 Assistente Administrativo\u201d, que traz o \u00a0resultado final da prova discursiva de 25 candidatos e a convoca\u00e7\u00e3o destes para as etapas seguintes; e [&hellip;]","og_url":"https:\/\/cleitonpinheiro.com.br\/site\/candidatos-ao-concurso-para-servidor-mpto-sao-convocados-para-etapas-seguintes\/","og_site_name":"PORTAL DE NOT\u00cdCIAS CLEITON PINHEIRO","article_publisher":"https:\/\/www.facebook.com\/portalcpnoticias\/","article_published_time":"2024-05-06T23:51:31+00:00","article_modified_time":"2024-05-06T23:51:35+00:00","og_image":[{"width":1200,"height":628,"url":"https:\/\/cleitonpinheiro.com.br\/site\/wp-content\/uploads\/2023\/01\/mpto-estabelece-trabalho-integralmente-telepresencial-em-18-comarcas-do-estado-1614436001-1200x628-ca3fbcf4.jpg","type":"image\/jpeg"}],"author":"Cleiton Pinheiro","twitter_card":"summary_large_image","twitter_misc":{"Escrito por":"Cleiton Pinheiro","Est. tempo de leitura":"3 minutos"},"schema":{"@context":"https:\/\/schema.org","@graph":[{"@type":"Article","@id":"https:\/\/cleitonpinheiro.com.br\/site\/candidatos-ao-concurso-para-servidor-mpto-sao-convocados-para-etapas-seguintes\/#article","isPartOf":{"@id":"https:\/\/cleitonpinheiro.com.br\/site\/candidatos-ao-concurso-para-servidor-mpto-sao-convocados-para-etapas-seguintes\/"},"author":{"name":"Cleiton Pinheiro","@id":"https:\/\/cleitonpinheiro.com.br\/site\/#\/schema\/person\/62fd4eb98fcc8bd3fc477aaff264af51"},"headline":"Candidatos ao concurso para servidor MPTO s\u00e3o convocados para etapas seguintes","datePublished":"2024-05-06T23:51:31+00:00","dateModified":"2024-05-06T23:51:35+00:00","mainEntityOfPage":{"@id":"https:\/\/cleitonpinheiro.com.br\/site\/candidatos-ao-concurso-para-servidor-mpto-sao-convocados-para-etapas-seguintes\/"},"wordCount":489,"commentCount":0,"publisher":{"@id":"https:\/\/cleitonpinheiro.com.br\/site\/#organization"},"image":{"@id":"https:\/\/cleitonpinheiro.com.br\/site\/candidatos-ao-concurso-para-servidor-mpto-sao-convocados-para-etapas-seguintes\/#primaryimage"},"thumbnailUrl":"https:\/\/cleitonpinheiro.com.br\/site\/wp-content\/uploads\/2023\/01\/mpto-estabelece-trabalho-integralmente-telepresencial-em-18-comarcas-do-estado-1614436001-1200x628-ca3fbcf4.jpg","articleSection":["FUNCIONALISMO","NOT\u00cdCIAS EM DESTAQUE","TODAS NOTICIAS"],"inLanguage":"pt-BR","potentialAction":[{"@type":"CommentAction","name":"Comment","target":["https:\/\/cleitonpinheiro.com.br\/site\/candidatos-ao-concurso-para-servidor-mpto-sao-convocados-para-etapas-seguintes\/#respond"]}]},{"@type":"WebPage","@id":"https:\/\/cleitonpinheiro.com.br\/site\/candidatos-ao-concurso-para-servidor-mpto-sao-convocados-para-etapas-seguintes\/","url":"https:\/\/cleitonpinheiro.com.br\/site\/candidatos-ao-concurso-para-servidor-mpto-sao-convocados-para-etapas-seguintes\/","name":"Candidatos ao concurso para servidor MPTO s\u00e3o convocados para etapas seguintes - PORTAL DE NOT\u00cdCIAS CLEITON PINHEIRO","isPartOf":{"@id":"https:\/\/cleitonpinheiro.com.br\/site\/#website"},"primaryImageOfPage":{"@id":"https:\/\/cleitonpinheiro.com.br\/site\/candidatos-ao-concurso-para-servidor-mpto-sao-convocados-para-etapas-seguintes\/#primaryimage"},"image":{"@id":"https:\/\/cleitonpinheiro.com.br\/site\/candidatos-ao-concurso-para-servidor-mpto-sao-convocados-para-etapas-seguintes\/#primaryimage"},"thumbnailUrl":"https:\/\/cleitonpinheiro.com.br\/site\/wp-content\/uploads\/2023\/01\/mpto-estabelece-trabalho-integralmente-telepresencial-em-18-comarcas-do-estado-1614436001-1200x628-ca3fbcf4.jpg","datePublished":"2024-05-06T23:51:31+00:00","dateModified":"2024-05-06T23:51:35+00:00","breadcrumb":{"@id":"https:\/\/cleitonpinheiro.com.br\/site\/candidatos-ao-concurso-para-servidor-mpto-sao-convocados-para-etapas-seguintes\/#breadcrumb"},"inLanguage":"pt-BR","potentialAction":[{"@type":"ReadAction","target":["https:\/\/cleitonpinheiro.com.br\/site\/candidatos-ao-concurso-para-servidor-mpto-sao-convocados-para-etapas-seguintes\/"]}]},{"@type":"ImageObject","inLanguage":"pt-BR","@id":"https:\/\/cleitonpinheiro.com.br\/site\/candidatos-ao-concurso-para-servidor-mpto-sao-convocados-para-etapas-seguintes\/#primaryimage","url":"","contentUrl":""},{"@type":"BreadcrumbList","@id":"https:\/\/cleitonpinheiro.com.br\/site\/candidatos-ao-concurso-para-servidor-mpto-sao-convocados-para-etapas-seguintes\/#breadcrumb","itemListElement":[{"@type":"ListItem","position":1,"name":"In\u00edcio","item":"https:\/\/cleitonpinheiro.com.br\/site\/"},{"@type":"ListItem","position":2,"name":"Candidatos ao concurso para servidor MPTO s\u00e3o convocados para etapas seguintes"}]},{"@type":"WebSite","@id":"https:\/\/cleitonpinheiro.com.br\/site\/#website","url":"https:\/\/cleitonpinheiro.com.br\/site\/","name":"PORTAL DE NOT\u00cdCIAS CLEITON PINHEIRO","description":"FALANDO A VERDADE","publisher":{"@id":"https:\/\/cleitonpinheiro.com.br\/site\/#organization"},"potentialAction":[{"@type":"SearchAction","target":{"@type":"EntryPoint","urlTemplate":"https:\/\/cleitonpinheiro.com.br\/site\/?s={search_term_string}"},"query-input":{"@type":"PropertyValueSpecification","valueRequired":true,"valueName":"search_term_string"}}],"inLanguage":"pt-BR"},{"@type":"Organization","@id":"https:\/\/cleitonpinheiro.com.br\/site\/#organization","name":"CPNOT\u00cdCIAS","url":"https:\/\/cleitonpinheiro.com.br\/site\/","logo":{"@type":"ImageObject","inLanguage":"pt-BR","@id":"https:\/\/cleitonpinheiro.com.br\/site\/#\/schema\/logo\/image\/","url":"https:\/\/cleitonpinheiro.com.br\/site\/wp-content\/uploads\/2022\/08\/Logo-pequena-2.png","contentUrl":"https:\/\/cleitonpinheiro.com.br\/site\/wp-content\/uploads\/2022\/08\/Logo-pequena-2.png","width":500,"height":500,"caption":"CPNOT\u00cdCIAS"},"image":{"@id":"https:\/\/cleitonpinheiro.com.br\/site\/#\/schema\/logo\/image\/"},"sameAs":["https:\/\/www.facebook.com\/portalcpnoticias\/"]},{"@type":"Person","@id":"https:\/\/cleitonpinheiro.com.br\/site\/#\/schema\/person\/62fd4eb98fcc8bd3fc477aaff264af51","name":"Cleiton Pinheiro","image":{"@type":"ImageObject","inLanguage":"pt-BR","@id":"https:\/\/cleitonpinheiro.com.br\/site\/#\/schema\/person\/image\/","url":"https:\/\/secure.gravatar.com\/avatar\/15642ec35b78fe5eed3cfa8e4a3f3211d73a3df4f35f0566b4324958cba1b1b9?s=96&r=g","contentUrl":"https:\/\/secure.gravatar.com\/avatar\/15642ec35b78fe5eed3cfa8e4a3f3211d73a3df4f35f0566b4324958cba1b1b9?s=96&r=g","caption":"Cleiton Pinheiro"},"url":"https:\/\/cleitonpinheiro.com.br\/site\/author\/cleiton\/"}]}},"views":142,"_links":{"self":[{"href":"https:\/\/cleitonpinheiro.com.br\/site\/wp-json\/wp\/v2\/posts\/77103","targetHints":{"allow":["GET"]}}],"collection":[{"href":"https:\/\/cleitonpinheiro.com.br\/site\/wp-json\/wp\/v2\/posts"}],"about":[{"href":"https:\/\/cleitonpinheiro.com.br\/site\/wp-json\/wp\/v2\/types\/post"}],"author":[{"embeddable":true,"href":"https:\/\/cleitonpinheiro.com.br\/site\/wp-json\/wp\/v2\/users\/10"}],"replies":[{"embeddable":true,"href":"https:\/\/cleitonpinheiro.com.br\/site\/wp-json\/wp\/v2\/comments?post=77103"}],"version-history":[{"count":1,"href":"https:\/\/cleitonpinheiro.com.br\/site\/wp-json\/wp\/v2\/posts\/77103\/revisions"}],"predecessor-version":[{"id":77104,"href":"https:\/\/cleitonpinheiro.com.br\/site\/wp-json\/wp\/v2\/posts\/77103\/revisions\/77104"}],"wp:attachment":[{"href":"https:\/\/cleitonpinheiro.com.br\/site\/wp-json\/wp\/v2\/media?parent=77103"}],"wp:term":[{"taxonomy":"category","embeddable":true,"href":"https:\/\/cleitonpinheiro.com.br\/site\/wp-json\/wp\/v2\/categories?post=77103"},{"taxonomy":"post_tag","embeddable":true,"href":"https:\/\/cleitonpinheiro.com.br\/site\/wp-json\/wp\/v2\/tags?post=77103"}],"curies":[{"name":"wp","href":"https:\/\/api.w.org\/{rel}","templated":true}]}}