{"id":77106,"date":"2024-05-07T13:12:16","date_gmt":"2024-05-07T16:12:16","guid":{"rendered":"https:\/\/cleitonpinheiro.com.br\/site\/?p=77106"},"modified":"2024-05-07T13:12:20","modified_gmt":"2024-05-07T16:12:20","slug":"sedem-abre-inscricoes-para-ambulantes-trabalharem-durante-o-aniversario-da-capital","status":"publish","type":"post","link":"https:\/\/cleitonpinheiro.com.br\/site\/sedem-abre-inscricoes-para-ambulantes-trabalharem-durante-o-aniversario-da-capital\/","title":{"rendered":"Sedem abre inscri\u00e7\u00f5es para ambulantes trabalharem durante o anivers\u00e1rio da Capital"},"content":{"rendered":"\n<figure class=\"wp-block-image size-full\"><img decoding=\"async\" src=\"https:\/\/cleitonpinheiro.com.br\/site\/wp-content\/uploads\/2024\/05\/de81f8bb-c7dd-4dd3-8e62-db136393494e.jpg\" alt=\"sedem casa do empreendedor\" class=\"wp-image-77107\"\/><figcaption class=\"wp-element-caption\">Foto: Lia Mara\/Prefeitura de Palmas<\/figcaption><\/figure>\n\n\n\n<p>A Prefeitura de Palmas, por meio da Secretaria Municipal de Desenvolvimento Econ\u00f4mico (Sedem) publicou edital de inscri\u00e7\u00e3o aos vendedores ambulantes que tenham interesse em comercializar seus produtos na Vila Gastron\u00f4mica durante as celebra\u00e7\u00f5es do anivers\u00e1rio da Capital.\u00a0As inscri\u00e7\u00f5es, abertas a partir desta ter\u00e7a-feira, 7,\u00a0devem ser realizadas at\u00e9 o dia 10 de maio, das 13\u00a0\u00e0s 19 horas, na Casa do Empreendedor, situada no endere\u00e7o 104 Norte Rua NE 01. O Edital de Chamamento P\u00fablico n\u00ba 003\/2024 pode ser conferido na edi\u00e7\u00e3o de segunda-feira, 6, do Di\u00e1rio Oficial do Munic\u00edpio, ou\u00a0<strong><a href=\"http:\/\/diariooficial.palmas.to.gov.br\/media\/diario\/3457-6-5-2024-20-12-20.pdf\" target=\"_blank\" rel=\"noreferrer noopener\">clicando aqui<\/a><\/strong>.\u00a0<\/p>\n\n\n\n<p>De acordo com o cronograma do edital, ao todo s\u00e3o 20 vagas para vendas de produtos aliment\u00edcios. O sorteio dos vendedores credenciados para atuar no 35\u00ba Anivers\u00e1rio de Palmas ser\u00e1 realizado no dia 14 de maio, \u00e0s 15 horas, no Centro de Conven\u00e7\u00f5es Arnoud Rodrigues, situada no endere\u00e7o ARSE 33, Avenida NS-10, e incluir\u00e1 os interessados que tenham atendido \u00e0s condi\u00e7\u00f5es de habilita\u00e7\u00e3o informadas em edital.<\/p>\n\n\n\n<p><strong>Atra\u00e7\u00e3o Principal<\/strong><\/p>\n\n\n\n<p>A organiza\u00e7\u00e3o do evento j\u00e1 anunciou a principal atra\u00e7\u00e3o das celebra\u00e7\u00f5es de 35 anos de Palmas. Na virada do dia 19 para o dia 20 &#8211; dia do anivers\u00e1rio da cidade, quem agitar\u00e1 o p\u00fablico ser\u00e1 o Dj Alok, artista reconhecido internacionalmente e autor de grandes sucessos da m\u00fasica eletr\u00f4nica.&nbsp;<\/p>\n\n\n\n<p><strong>Confira abaixo a distribui\u00e7\u00e3o das vagas dispon\u00edveis para o anivers\u00e1rio de Palmas:&nbsp;<\/strong><\/p>\n\n\n\n<p>2 vagas: Caldo<br>2 vagas: Hamb\u00farguer<br>2 vagas: Cachorro-quente<br>1 vaga: Bolos, doces e tortas<br>3 vagas: Pastel<br>2 vagas: Tapioca e Crepe<br>2 vagas: A\u00e7a\u00ed, sorvete e gelados<br>2 vagas: Carne na chapa<br>1 vaga: Derivados de milho<br>1 vaga: Massas e pizza<br>2 vagas: Espetinho<\/p>\n\n\n\n<p><strong>Texto:\u00a0<\/strong>Marcio Greyck\/Prefeitura de Palmas<\/p>\n","protected":false},"excerpt":{"rendered":"<p>A Prefeitura de Palmas, por meio da Secretaria Municipal de Desenvolvimento Econ\u00f4mico (Sedem) publicou edital de inscri\u00e7\u00e3o aos vendedores ambulantes que tenham interesse em comercializar seus produtos na Vila Gastron\u00f4mica durante as celebra\u00e7\u00f5es do anivers\u00e1rio da Capital.\u00a0As inscri\u00e7\u00f5es, abertas a partir desta ter\u00e7a-feira, 7,\u00a0devem ser realizadas at\u00e9 o dia 10 de maio, das 13\u00a0\u00e0s 19 [&hellip;]<\/p>\n","protected":false},"author":10,"featured_media":0,"comment_status":"open","ping_status":"open","sticky":false,"template":"","format":"standard","meta":{"_acf_changed":false,"footnotes":""},"categories":[22,898,21],"tags":[],"class_list":["post-77106","post","type-post","status-publish","format-standard","hentry","category-cidades","category-manchete-segundaria","category-todas-noticias"],"acf":[],"yoast_head":"<!-- This site is optimized with the Yoast SEO plugin v24.4 - https:\/\/yoast.com\/wordpress\/plugins\/seo\/ -->\n<title>Sedem abre inscri\u00e7\u00f5es para ambulantes trabalharem durante o anivers\u00e1rio da Capital - PORTAL DE NOT\u00cdCIAS CLEITON PINHEIRO<\/title>\n<meta name=\"robots\" content=\"index, follow, max-snippet:-1, max-image-preview:large, max-video-preview:-1\" \/>\n<link rel=\"canonical\" href=\"https:\/\/cleitonpinheiro.com.br\/site\/sedem-abre-inscricoes-para-ambulantes-trabalharem-durante-o-aniversario-da-capital\/\" \/>\n<meta property=\"og:locale\" content=\"pt_BR\" \/>\n<meta property=\"og:type\" content=\"article\" \/>\n<meta property=\"og:title\" content=\"Sedem abre inscri\u00e7\u00f5es para ambulantes trabalharem durante o anivers\u00e1rio da Capital - PORTAL DE NOT\u00cdCIAS CLEITON PINHEIRO\" \/>\n<meta property=\"og:description\" content=\"A Prefeitura de Palmas, por meio da Secretaria Municipal de Desenvolvimento Econ\u00f4mico (Sedem) publicou edital de inscri\u00e7\u00e3o aos vendedores ambulantes que tenham interesse em comercializar seus produtos na Vila Gastron\u00f4mica durante as celebra\u00e7\u00f5es do anivers\u00e1rio da Capital.\u00a0As inscri\u00e7\u00f5es, abertas a partir desta ter\u00e7a-feira, 7,\u00a0devem ser realizadas at\u00e9 o dia 10 de maio, das 13\u00a0\u00e0s 19 [&hellip;]\" \/>\n<meta property=\"og:url\" content=\"https:\/\/cleitonpinheiro.com.br\/site\/sedem-abre-inscricoes-para-ambulantes-trabalharem-durante-o-aniversario-da-capital\/\" \/>\n<meta property=\"og:site_name\" content=\"PORTAL DE NOT\u00cdCIAS CLEITON PINHEIRO\" \/>\n<meta property=\"article:publisher\" content=\"https:\/\/www.facebook.com\/portalcpnoticias\/\" \/>\n<meta property=\"article:published_time\" content=\"2024-05-07T16:12:16+00:00\" \/>\n<meta property=\"article:modified_time\" content=\"2024-05-07T16:12:20+00:00\" \/>\n<meta property=\"og:image\" content=\"https:\/\/cleitonpinheiro.com.br\/site\/wp-content\/uploads\/2024\/05\/de81f8bb-c7dd-4dd3-8e62-db136393494e.jpg\" \/>\n\t<meta property=\"og:image:width\" content=\"800\" \/>\n\t<meta property=\"og:image:height\" content=\"450\" \/>\n\t<meta property=\"og:image:type\" content=\"image\/jpeg\" \/>\n<meta name=\"author\" content=\"Cleiton Pinheiro\" \/>\n<meta name=\"twitter:card\" content=\"summary_large_image\" \/>\n<meta name=\"twitter:label1\" content=\"Escrito por\" \/>\n\t<meta name=\"twitter:data1\" content=\"Cleiton Pinheiro\" \/>\n\t<meta name=\"twitter:label2\" content=\"Est. tempo de leitura\" \/>\n\t<meta name=\"twitter:data2\" content=\"2 minutos\" \/>\n<script type=\"application\/ld+json\" class=\"yoast-schema-graph\">{\"@context\":\"https:\/\/schema.org\",\"@graph\":[{\"@type\":\"Article\",\"@id\":\"https:\/\/cleitonpinheiro.com.br\/site\/sedem-abre-inscricoes-para-ambulantes-trabalharem-durante-o-aniversario-da-capital\/#article\",\"isPartOf\":{\"@id\":\"https:\/\/cleitonpinheiro.com.br\/site\/sedem-abre-inscricoes-para-ambulantes-trabalharem-durante-o-aniversario-da-capital\/\"},\"author\":{\"name\":\"Cleiton Pinheiro\",\"@id\":\"https:\/\/cleitonpinheiro.com.br\/site\/#\/schema\/person\/62fd4eb98fcc8bd3fc477aaff264af51\"},\"headline\":\"Sedem abre inscri\u00e7\u00f5es para ambulantes trabalharem durante o anivers\u00e1rio da Capital\",\"datePublished\":\"2024-05-07T16:12:16+00:00\",\"dateModified\":\"2024-05-07T16:12:20+00:00\",\"mainEntityOfPage\":{\"@id\":\"https:\/\/cleitonpinheiro.com.br\/site\/sedem-abre-inscricoes-para-ambulantes-trabalharem-durante-o-aniversario-da-capital\/\"},\"wordCount\":303,\"commentCount\":0,\"publisher\":{\"@id\":\"https:\/\/cleitonpinheiro.com.br\/site\/#organization\"},\"image\":{\"@id\":\"https:\/\/cleitonpinheiro.com.br\/site\/sedem-abre-inscricoes-para-ambulantes-trabalharem-durante-o-aniversario-da-capital\/#primaryimage\"},\"thumbnailUrl\":\"https:\/\/cleitonpinheiro.com.br\/site\/wp-content\/uploads\/2024\/05\/de81f8bb-c7dd-4dd3-8e62-db136393494e.jpg\",\"articleSection\":[\"CIDADES\",\"MANCHETE SEGUND\u00c1RIA\",\"TODAS NOTICIAS\"],\"inLanguage\":\"pt-BR\",\"potentialAction\":[{\"@type\":\"CommentAction\",\"name\":\"Comment\",\"target\":[\"https:\/\/cleitonpinheiro.com.br\/site\/sedem-abre-inscricoes-para-ambulantes-trabalharem-durante-o-aniversario-da-capital\/#respond\"]}]},{\"@type\":\"WebPage\",\"@id\":\"https:\/\/cleitonpinheiro.com.br\/site\/sedem-abre-inscricoes-para-ambulantes-trabalharem-durante-o-aniversario-da-capital\/\",\"url\":\"https:\/\/cleitonpinheiro.com.br\/site\/sedem-abre-inscricoes-para-ambulantes-trabalharem-durante-o-aniversario-da-capital\/\",\"name\":\"Sedem abre inscri\u00e7\u00f5es para ambulantes trabalharem durante o anivers\u00e1rio da Capital - PORTAL DE NOT\u00cdCIAS CLEITON PINHEIRO\",\"isPartOf\":{\"@id\":\"https:\/\/cleitonpinheiro.com.br\/site\/#website\"},\"primaryImageOfPage\":{\"@id\":\"https:\/\/cleitonpinheiro.com.br\/site\/sedem-abre-inscricoes-para-ambulantes-trabalharem-durante-o-aniversario-da-capital\/#primaryimage\"},\"image\":{\"@id\":\"https:\/\/cleitonpinheiro.com.br\/site\/sedem-abre-inscricoes-para-ambulantes-trabalharem-durante-o-aniversario-da-capital\/#primaryimage\"},\"thumbnailUrl\":\"https:\/\/cleitonpinheiro.com.br\/site\/wp-content\/uploads\/2024\/05\/de81f8bb-c7dd-4dd3-8e62-db136393494e.jpg\",\"datePublished\":\"2024-05-07T16:12:16+00:00\",\"dateModified\":\"2024-05-07T16:12:20+00:00\",\"breadcrumb\":{\"@id\":\"https:\/\/cleitonpinheiro.com.br\/site\/sedem-abre-inscricoes-para-ambulantes-trabalharem-durante-o-aniversario-da-capital\/#breadcrumb\"},\"inLanguage\":\"pt-BR\",\"potentialAction\":[{\"@type\":\"ReadAction\",\"target\":[\"https:\/\/cleitonpinheiro.com.br\/site\/sedem-abre-inscricoes-para-ambulantes-trabalharem-durante-o-aniversario-da-capital\/\"]}]},{\"@type\":\"ImageObject\",\"inLanguage\":\"pt-BR\",\"@id\":\"https:\/\/cleitonpinheiro.com.br\/site\/sedem-abre-inscricoes-para-ambulantes-trabalharem-durante-o-aniversario-da-capital\/#primaryimage\",\"url\":\"\",\"contentUrl\":\"\"},{\"@type\":\"BreadcrumbList\",\"@id\":\"https:\/\/cleitonpinheiro.com.br\/site\/sedem-abre-inscricoes-para-ambulantes-trabalharem-durante-o-aniversario-da-capital\/#breadcrumb\",\"itemListElement\":[{\"@type\":\"ListItem\",\"position\":1,\"name\":\"In\u00edcio\",\"item\":\"https:\/\/cleitonpinheiro.com.br\/site\/\"},{\"@type\":\"ListItem\",\"position\":2,\"name\":\"Sedem abre inscri\u00e7\u00f5es para ambulantes trabalharem durante o anivers\u00e1rio da Capital\"}]},{\"@type\":\"WebSite\",\"@id\":\"https:\/\/cleitonpinheiro.com.br\/site\/#website\",\"url\":\"https:\/\/cleitonpinheiro.com.br\/site\/\",\"name\":\"PORTAL DE NOT\u00cdCIAS CLEITON PINHEIRO\",\"description\":\"FALANDO A VERDADE\",\"publisher\":{\"@id\":\"https:\/\/cleitonpinheiro.com.br\/site\/#organization\"},\"potentialAction\":[{\"@type\":\"SearchAction\",\"target\":{\"@type\":\"EntryPoint\",\"urlTemplate\":\"https:\/\/cleitonpinheiro.com.br\/site\/?s={search_term_string}\"},\"query-input\":{\"@type\":\"PropertyValueSpecification\",\"valueRequired\":true,\"valueName\":\"search_term_string\"}}],\"inLanguage\":\"pt-BR\"},{\"@type\":\"Organization\",\"@id\":\"https:\/\/cleitonpinheiro.com.br\/site\/#organization\",\"name\":\"CPNOT\u00cdCIAS\",\"url\":\"https:\/\/cleitonpinheiro.com.br\/site\/\",\"logo\":{\"@type\":\"ImageObject\",\"inLanguage\":\"pt-BR\",\"@id\":\"https:\/\/cleitonpinheiro.com.br\/site\/#\/schema\/logo\/image\/\",\"url\":\"https:\/\/cleitonpinheiro.com.br\/site\/wp-content\/uploads\/2022\/08\/Logo-pequena-2.png\",\"contentUrl\":\"https:\/\/cleitonpinheiro.com.br\/site\/wp-content\/uploads\/2022\/08\/Logo-pequena-2.png\",\"width\":500,\"height\":500,\"caption\":\"CPNOT\u00cdCIAS\"},\"image\":{\"@id\":\"https:\/\/cleitonpinheiro.com.br\/site\/#\/schema\/logo\/image\/\"},\"sameAs\":[\"https:\/\/www.facebook.com\/portalcpnoticias\/\"]},{\"@type\":\"Person\",\"@id\":\"https:\/\/cleitonpinheiro.com.br\/site\/#\/schema\/person\/62fd4eb98fcc8bd3fc477aaff264af51\",\"name\":\"Cleiton Pinheiro\",\"image\":{\"@type\":\"ImageObject\",\"inLanguage\":\"pt-BR\",\"@id\":\"https:\/\/cleitonpinheiro.com.br\/site\/#\/schema\/person\/image\/\",\"url\":\"https:\/\/secure.gravatar.com\/avatar\/15642ec35b78fe5eed3cfa8e4a3f3211d73a3df4f35f0566b4324958cba1b1b9?s=96&r=g\",\"contentUrl\":\"https:\/\/secure.gravatar.com\/avatar\/15642ec35b78fe5eed3cfa8e4a3f3211d73a3df4f35f0566b4324958cba1b1b9?s=96&r=g\",\"caption\":\"Cleiton Pinheiro\"},\"url\":\"https:\/\/cleitonpinheiro.com.br\/site\/author\/cleiton\/\"}]}<\/script>\n<!-- \/ Yoast SEO plugin. -->","yoast_head_json":{"title":"Sedem abre inscri\u00e7\u00f5es para ambulantes trabalharem durante o anivers\u00e1rio da Capital - PORTAL DE NOT\u00cdCIAS CLEITON PINHEIRO","robots":{"index":"index","follow":"follow","max-snippet":"max-snippet:-1","max-image-preview":"max-image-preview:large","max-video-preview":"max-video-preview:-1"},"canonical":"https:\/\/cleitonpinheiro.com.br\/site\/sedem-abre-inscricoes-para-ambulantes-trabalharem-durante-o-aniversario-da-capital\/","og_locale":"pt_BR","og_type":"article","og_title":"Sedem abre inscri\u00e7\u00f5es para ambulantes trabalharem durante o anivers\u00e1rio da Capital - PORTAL DE NOT\u00cdCIAS CLEITON PINHEIRO","og_description":"A Prefeitura de Palmas, por meio da Secretaria Municipal de Desenvolvimento Econ\u00f4mico (Sedem) publicou edital de inscri\u00e7\u00e3o aos vendedores ambulantes que tenham interesse em comercializar seus produtos na Vila Gastron\u00f4mica durante as celebra\u00e7\u00f5es do anivers\u00e1rio da Capital.\u00a0As inscri\u00e7\u00f5es, abertas a partir desta ter\u00e7a-feira, 7,\u00a0devem ser realizadas at\u00e9 o dia 10 de maio, das 13\u00a0\u00e0s 19 [&hellip;]","og_url":"https:\/\/cleitonpinheiro.com.br\/site\/sedem-abre-inscricoes-para-ambulantes-trabalharem-durante-o-aniversario-da-capital\/","og_site_name":"PORTAL DE NOT\u00cdCIAS CLEITON PINHEIRO","article_publisher":"https:\/\/www.facebook.com\/portalcpnoticias\/","article_published_time":"2024-05-07T16:12:16+00:00","article_modified_time":"2024-05-07T16:12:20+00:00","og_image":[{"width":800,"height":450,"url":"https:\/\/cleitonpinheiro.com.br\/site\/wp-content\/uploads\/2024\/05\/de81f8bb-c7dd-4dd3-8e62-db136393494e.jpg","type":"image\/jpeg"}],"author":"Cleiton Pinheiro","twitter_card":"summary_large_image","twitter_misc":{"Escrito por":"Cleiton Pinheiro","Est. tempo de leitura":"2 minutos"},"schema":{"@context":"https:\/\/schema.org","@graph":[{"@type":"Article","@id":"https:\/\/cleitonpinheiro.com.br\/site\/sedem-abre-inscricoes-para-ambulantes-trabalharem-durante-o-aniversario-da-capital\/#article","isPartOf":{"@id":"https:\/\/cleitonpinheiro.com.br\/site\/sedem-abre-inscricoes-para-ambulantes-trabalharem-durante-o-aniversario-da-capital\/"},"author":{"name":"Cleiton Pinheiro","@id":"https:\/\/cleitonpinheiro.com.br\/site\/#\/schema\/person\/62fd4eb98fcc8bd3fc477aaff264af51"},"headline":"Sedem abre inscri\u00e7\u00f5es para ambulantes trabalharem durante o anivers\u00e1rio da Capital","datePublished":"2024-05-07T16:12:16+00:00","dateModified":"2024-05-07T16:12:20+00:00","mainEntityOfPage":{"@id":"https:\/\/cleitonpinheiro.com.br\/site\/sedem-abre-inscricoes-para-ambulantes-trabalharem-durante-o-aniversario-da-capital\/"},"wordCount":303,"commentCount":0,"publisher":{"@id":"https:\/\/cleitonpinheiro.com.br\/site\/#organization"},"image":{"@id":"https:\/\/cleitonpinheiro.com.br\/site\/sedem-abre-inscricoes-para-ambulantes-trabalharem-durante-o-aniversario-da-capital\/#primaryimage"},"thumbnailUrl":"https:\/\/cleitonpinheiro.com.br\/site\/wp-content\/uploads\/2024\/05\/de81f8bb-c7dd-4dd3-8e62-db136393494e.jpg","articleSection":["CIDADES","MANCHETE SEGUND\u00c1RIA","TODAS NOTICIAS"],"inLanguage":"pt-BR","potentialAction":[{"@type":"CommentAction","name":"Comment","target":["https:\/\/cleitonpinheiro.com.br\/site\/sedem-abre-inscricoes-para-ambulantes-trabalharem-durante-o-aniversario-da-capital\/#respond"]}]},{"@type":"WebPage","@id":"https:\/\/cleitonpinheiro.com.br\/site\/sedem-abre-inscricoes-para-ambulantes-trabalharem-durante-o-aniversario-da-capital\/","url":"https:\/\/cleitonpinheiro.com.br\/site\/sedem-abre-inscricoes-para-ambulantes-trabalharem-durante-o-aniversario-da-capital\/","name":"Sedem abre inscri\u00e7\u00f5es para ambulantes trabalharem durante o anivers\u00e1rio da Capital - PORTAL DE NOT\u00cdCIAS CLEITON PINHEIRO","isPartOf":{"@id":"https:\/\/cleitonpinheiro.com.br\/site\/#website"},"primaryImageOfPage":{"@id":"https:\/\/cleitonpinheiro.com.br\/site\/sedem-abre-inscricoes-para-ambulantes-trabalharem-durante-o-aniversario-da-capital\/#primaryimage"},"image":{"@id":"https:\/\/cleitonpinheiro.com.br\/site\/sedem-abre-inscricoes-para-ambulantes-trabalharem-durante-o-aniversario-da-capital\/#primaryimage"},"thumbnailUrl":"https:\/\/cleitonpinheiro.com.br\/site\/wp-content\/uploads\/2024\/05\/de81f8bb-c7dd-4dd3-8e62-db136393494e.jpg","datePublished":"2024-05-07T16:12:16+00:00","dateModified":"2024-05-07T16:12:20+00:00","breadcrumb":{"@id":"https:\/\/cleitonpinheiro.com.br\/site\/sedem-abre-inscricoes-para-ambulantes-trabalharem-durante-o-aniversario-da-capital\/#breadcrumb"},"inLanguage":"pt-BR","potentialAction":[{"@type":"ReadAction","target":["https:\/\/cleitonpinheiro.com.br\/site\/sedem-abre-inscricoes-para-ambulantes-trabalharem-durante-o-aniversario-da-capital\/"]}]},{"@type":"ImageObject","inLanguage":"pt-BR","@id":"https:\/\/cleitonpinheiro.com.br\/site\/sedem-abre-inscricoes-para-ambulantes-trabalharem-durante-o-aniversario-da-capital\/#primaryimage","url":"","contentUrl":""},{"@type":"BreadcrumbList","@id":"https:\/\/cleitonpinheiro.com.br\/site\/sedem-abre-inscricoes-para-ambulantes-trabalharem-durante-o-aniversario-da-capital\/#breadcrumb","itemListElement":[{"@type":"ListItem","position":1,"name":"In\u00edcio","item":"https:\/\/cleitonpinheiro.com.br\/site\/"},{"@type":"ListItem","position":2,"name":"Sedem abre inscri\u00e7\u00f5es para ambulantes trabalharem durante o anivers\u00e1rio da Capital"}]},{"@type":"WebSite","@id":"https:\/\/cleitonpinheiro.com.br\/site\/#website","url":"https:\/\/cleitonpinheiro.com.br\/site\/","name":"PORTAL DE NOT\u00cdCIAS CLEITON PINHEIRO","description":"FALANDO A VERDADE","publisher":{"@id":"https:\/\/cleitonpinheiro.com.br\/site\/#organization"},"potentialAction":[{"@type":"SearchAction","target":{"@type":"EntryPoint","urlTemplate":"https:\/\/cleitonpinheiro.com.br\/site\/?s={search_term_string}"},"query-input":{"@type":"PropertyValueSpecification","valueRequired":true,"valueName":"search_term_string"}}],"inLanguage":"pt-BR"},{"@type":"Organization","@id":"https:\/\/cleitonpinheiro.com.br\/site\/#organization","name":"CPNOT\u00cdCIAS","url":"https:\/\/cleitonpinheiro.com.br\/site\/","logo":{"@type":"ImageObject","inLanguage":"pt-BR","@id":"https:\/\/cleitonpinheiro.com.br\/site\/#\/schema\/logo\/image\/","url":"https:\/\/cleitonpinheiro.com.br\/site\/wp-content\/uploads\/2022\/08\/Logo-pequena-2.png","contentUrl":"https:\/\/cleitonpinheiro.com.br\/site\/wp-content\/uploads\/2022\/08\/Logo-pequena-2.png","width":500,"height":500,"caption":"CPNOT\u00cdCIAS"},"image":{"@id":"https:\/\/cleitonpinheiro.com.br\/site\/#\/schema\/logo\/image\/"},"sameAs":["https:\/\/www.facebook.com\/portalcpnoticias\/"]},{"@type":"Person","@id":"https:\/\/cleitonpinheiro.com.br\/site\/#\/schema\/person\/62fd4eb98fcc8bd3fc477aaff264af51","name":"Cleiton Pinheiro","image":{"@type":"ImageObject","inLanguage":"pt-BR","@id":"https:\/\/cleitonpinheiro.com.br\/site\/#\/schema\/person\/image\/","url":"https:\/\/secure.gravatar.com\/avatar\/15642ec35b78fe5eed3cfa8e4a3f3211d73a3df4f35f0566b4324958cba1b1b9?s=96&r=g","contentUrl":"https:\/\/secure.gravatar.com\/avatar\/15642ec35b78fe5eed3cfa8e4a3f3211d73a3df4f35f0566b4324958cba1b1b9?s=96&r=g","caption":"Cleiton Pinheiro"},"url":"https:\/\/cleitonpinheiro.com.br\/site\/author\/cleiton\/"}]}},"views":135,"_links":{"self":[{"href":"https:\/\/cleitonpinheiro.com.br\/site\/wp-json\/wp\/v2\/posts\/77106","targetHints":{"allow":["GET"]}}],"collection":[{"href":"https:\/\/cleitonpinheiro.com.br\/site\/wp-json\/wp\/v2\/posts"}],"about":[{"href":"https:\/\/cleitonpinheiro.com.br\/site\/wp-json\/wp\/v2\/types\/post"}],"author":[{"embeddable":true,"href":"https:\/\/cleitonpinheiro.com.br\/site\/wp-json\/wp\/v2\/users\/10"}],"replies":[{"embeddable":true,"href":"https:\/\/cleitonpinheiro.com.br\/site\/wp-json\/wp\/v2\/comments?post=77106"}],"version-history":[{"count":1,"href":"https:\/\/cleitonpinheiro.com.br\/site\/wp-json\/wp\/v2\/posts\/77106\/revisions"}],"predecessor-version":[{"id":77108,"href":"https:\/\/cleitonpinheiro.com.br\/site\/wp-json\/wp\/v2\/posts\/77106\/revisions\/77108"}],"wp:attachment":[{"href":"https:\/\/cleitonpinheiro.com.br\/site\/wp-json\/wp\/v2\/media?parent=77106"}],"wp:term":[{"taxonomy":"category","embeddable":true,"href":"https:\/\/cleitonpinheiro.com.br\/site\/wp-json\/wp\/v2\/categories?post=77106"},{"taxonomy":"post_tag","embeddable":true,"href":"https:\/\/cleitonpinheiro.com.br\/site\/wp-json\/wp\/v2\/tags?post=77106"}],"curies":[{"name":"wp","href":"https:\/\/api.w.org\/{rel}","templated":true}]}}