{"id":77109,"date":"2024-05-07T13:36:56","date_gmt":"2024-05-07T16:36:56","guid":{"rendered":"https:\/\/cleitonpinheiro.com.br\/site\/?p=77109"},"modified":"2024-05-07T13:37:03","modified_gmt":"2024-05-07T16:37:03","slug":"so-tres-deputadas-federais-enviaram-verba-para-prevencao-de-desastres-ao-rio-grande-do-sul","status":"publish","type":"post","link":"https:\/\/cleitonpinheiro.com.br\/site\/so-tres-deputadas-federais-enviaram-verba-para-prevencao-de-desastres-ao-rio-grande-do-sul\/","title":{"rendered":"S\u00f3 tr\u00eas deputadas federais enviaram verba para preven\u00e7\u00e3o de desastres ao Rio Grande do Sul"},"content":{"rendered":"\n<figure class=\"wp-block-image size-full\"><img decoding=\"async\" src=\"https:\/\/cleitonpinheiro.com.br\/site\/wp-content\/uploads\/2024\/05\/20240501160516_914ed26b71e10ed0f8eec82508cd86ee7e8ee9151284761286d64ab8d4d2d7f3-1-960x540-1.webp\" alt=\"\" class=\"wp-image-77110\"\/><\/figure>\n\n\n\n<p>O impacto de tr\u00eas eventos clim\u00e1ticos extremos em 2023, que deixaram um saldo de 80 mortos e provocaram inunda\u00e7\u00f5es em diversos munic\u00edpios, n\u00e3o sensibilizou os parlamentares federais ga\u00fachos a destinarem emendas para lidar com preven\u00e7\u00e3o a desastres. Aponta o <a href=\"https:\/\/iclnoticias.com.br\/deputadas-gauchas-emendas-desastres-2024\/\">jornalista Igor Mello no ICL Not\u00edcias<\/a>, onde detalha que pans R$ 2,5 milh\u00f5es de emendas foram destinadas este ano, do total de R$ 1,6 bilh\u00e3o para emendas individuais, de bancada ou de comiss\u00e3o dos deputados federais e senadores do Rio Grande do Sul no Congresso Nacional.<\/p>\n\n\n\n<p>S\u00f3 tr\u00eas deputadas enviaram recursos para lidar com a situa\u00e7\u00e3o: Fernanda Melchionna (PSOL-RS) fez duas emendas, num total de R$ 1,7 milh\u00e3o, para a elabora\u00e7\u00e3o de projetos de preven\u00e7\u00e3o \u00e0 eros\u00e3o costeira e para gest\u00e3o socioambiental.<\/p>\n\n\n\n<p>Maria do Ros\u00e1rio (PT-RS) e Reginete Bispo (PT-RS) disponibilizaram, respectivamente R$ 300 mil e R$ 500 mil para a\u00e7\u00f5es de educa\u00e7\u00e3o ambiental. Os dados s\u00e3o do Sistema Integrado de Planejamento e Or\u00e7amento da Uni\u00e3o (Siop), sistema que registra a destina\u00e7\u00e3o das verbas federais.<\/p>\n\n\n\n<h2 class=\"wp-block-heading\">Para onde v\u00e3o as emendas ga\u00fachas<\/h2>\n\n\n\n<p>Nesse montante de quase R$ 1,6 bilh\u00e3o, o maior volume de repasses vai para transfer\u00eancias diretas \u00e0s prefeituras e para a sa\u00fade \u2014 \u00e1rea que fica com 50% do total de recursos, segundo as regras or\u00e7ament\u00e1rias.<\/p>\n\n\n\n<p>Contudo, tamb\u00e9m tiveram destaque obras de pavimenta\u00e7\u00e3o de estradas \u2014 inclu\u00eddas em rubricas vinculadas aos minist\u00e9rios da Agricultura e da Integra\u00e7\u00e3o Nacional.<\/p>\n\n\n\n<p>Outros temas mais distantes da popula\u00e7\u00e3o tamb\u00e9m mereceram mais recursos que os desastres ambientais. Projetos de infraestrutura tur\u00edstica levaram R$ 8,9 milh\u00f5es, enquanto a adequa\u00e7\u00e3o de ativos de infraestrutura de quart\u00e9is das For\u00e7as Armadas mereceu R$ 4,79 milh\u00f5es.<\/p>\n\n\n\n<p>No caso das emendas de comiss\u00e3o e dos restos a pagar do or\u00e7amento secreto (as chamadas emendas do relator) ou das emendas RP2 distribu\u00eddas pelo governo Lula em 2023, n\u00e3o \u00e9 poss\u00edvel ter informa\u00e7\u00f5es precisas sobre os munic\u00edpios e estados beneficiados.<\/p>\n\n\n\n<p>No entanto, a coluna n\u00e3o localizou nenhum repasse dessas fontes para lidar com a emerg\u00eancia clim\u00e1tica no Rio Grande do Sul.<\/p>\n\n\n\n<p>Texto: ICL Not\u00edcias<\/p>\n","protected":false},"excerpt":{"rendered":"<p>O impacto de tr\u00eas eventos clim\u00e1ticos extremos em 2023, que deixaram um saldo de 80 mortos e provocaram inunda\u00e7\u00f5es em diversos munic\u00edpios, n\u00e3o sensibilizou os parlamentares federais ga\u00fachos a destinarem emendas para lidar com preven\u00e7\u00e3o a desastres. Aponta o jornalista Igor Mello no ICL Not\u00edcias, onde detalha que pans R$ 2,5 milh\u00f5es de emendas foram [&hellip;]<\/p>\n","protected":false},"author":10,"featured_media":0,"comment_status":"open","ping_status":"open","sticky":false,"template":"","format":"standard","meta":{"_acf_changed":false,"footnotes":""},"categories":[19,898,21],"tags":[],"class_list":["post-77109","post","type-post","status-publish","format-standard","hentry","category-brasil-mundo","category-manchete-segundaria","category-todas-noticias"],"acf":[],"yoast_head":"<!-- This site is optimized with the Yoast SEO plugin v24.4 - https:\/\/yoast.com\/wordpress\/plugins\/seo\/ -->\n<title>S\u00f3 tr\u00eas deputadas federais enviaram verba para preven\u00e7\u00e3o de desastres ao Rio Grande do Sul - PORTAL DE NOT\u00cdCIAS CLEITON PINHEIRO<\/title>\n<meta name=\"robots\" content=\"index, follow, max-snippet:-1, max-image-preview:large, max-video-preview:-1\" \/>\n<link rel=\"canonical\" href=\"https:\/\/cleitonpinheiro.com.br\/site\/so-tres-deputadas-federais-enviaram-verba-para-prevencao-de-desastres-ao-rio-grande-do-sul\/\" \/>\n<meta property=\"og:locale\" content=\"pt_BR\" \/>\n<meta property=\"og:type\" content=\"article\" \/>\n<meta property=\"og:title\" content=\"S\u00f3 tr\u00eas deputadas federais enviaram verba para preven\u00e7\u00e3o de desastres ao Rio Grande do Sul - PORTAL DE NOT\u00cdCIAS CLEITON PINHEIRO\" \/>\n<meta property=\"og:description\" content=\"O impacto de tr\u00eas eventos clim\u00e1ticos extremos em 2023, que deixaram um saldo de 80 mortos e provocaram inunda\u00e7\u00f5es em diversos munic\u00edpios, n\u00e3o sensibilizou os parlamentares federais ga\u00fachos a destinarem emendas para lidar com preven\u00e7\u00e3o a desastres. Aponta o jornalista Igor Mello no ICL Not\u00edcias, onde detalha que pans R$ 2,5 milh\u00f5es de emendas foram [&hellip;]\" \/>\n<meta property=\"og:url\" content=\"https:\/\/cleitonpinheiro.com.br\/site\/so-tres-deputadas-federais-enviaram-verba-para-prevencao-de-desastres-ao-rio-grande-do-sul\/\" \/>\n<meta property=\"og:site_name\" content=\"PORTAL DE NOT\u00cdCIAS CLEITON PINHEIRO\" \/>\n<meta property=\"article:publisher\" content=\"https:\/\/www.facebook.com\/portalcpnoticias\/\" \/>\n<meta property=\"article:published_time\" content=\"2024-05-07T16:36:56+00:00\" \/>\n<meta property=\"article:modified_time\" content=\"2024-05-07T16:37:03+00:00\" \/>\n<meta property=\"og:image\" content=\"https:\/\/cleitonpinheiro.com.br\/site\/wp-content\/uploads\/2024\/05\/20240501160516_914ed26b71e10ed0f8eec82508cd86ee7e8ee9151284761286d64ab8d4d2d7f3-1-960x540-1.webp\" \/>\n\t<meta property=\"og:image:width\" content=\"960\" \/>\n\t<meta property=\"og:image:height\" content=\"540\" \/>\n\t<meta property=\"og:image:type\" content=\"image\/webp\" \/>\n<meta name=\"author\" content=\"Cleiton Pinheiro\" \/>\n<meta name=\"twitter:card\" content=\"summary_large_image\" \/>\n<meta name=\"twitter:label1\" content=\"Escrito por\" \/>\n\t<meta name=\"twitter:data1\" content=\"Cleiton Pinheiro\" \/>\n\t<meta name=\"twitter:label2\" content=\"Est. tempo de leitura\" \/>\n\t<meta name=\"twitter:data2\" content=\"3 minutos\" \/>\n<script type=\"application\/ld+json\" class=\"yoast-schema-graph\">{\"@context\":\"https:\/\/schema.org\",\"@graph\":[{\"@type\":\"Article\",\"@id\":\"https:\/\/cleitonpinheiro.com.br\/site\/so-tres-deputadas-federais-enviaram-verba-para-prevencao-de-desastres-ao-rio-grande-do-sul\/#article\",\"isPartOf\":{\"@id\":\"https:\/\/cleitonpinheiro.com.br\/site\/so-tres-deputadas-federais-enviaram-verba-para-prevencao-de-desastres-ao-rio-grande-do-sul\/\"},\"author\":{\"name\":\"Cleiton Pinheiro\",\"@id\":\"https:\/\/cleitonpinheiro.com.br\/site\/#\/schema\/person\/62fd4eb98fcc8bd3fc477aaff264af51\"},\"headline\":\"S\u00f3 tr\u00eas deputadas federais enviaram verba para preven\u00e7\u00e3o de desastres ao Rio Grande do Sul\",\"datePublished\":\"2024-05-07T16:36:56+00:00\",\"dateModified\":\"2024-05-07T16:37:03+00:00\",\"mainEntityOfPage\":{\"@id\":\"https:\/\/cleitonpinheiro.com.br\/site\/so-tres-deputadas-federais-enviaram-verba-para-prevencao-de-desastres-ao-rio-grande-do-sul\/\"},\"wordCount\":388,\"commentCount\":0,\"publisher\":{\"@id\":\"https:\/\/cleitonpinheiro.com.br\/site\/#organization\"},\"image\":{\"@id\":\"https:\/\/cleitonpinheiro.com.br\/site\/so-tres-deputadas-federais-enviaram-verba-para-prevencao-de-desastres-ao-rio-grande-do-sul\/#primaryimage\"},\"thumbnailUrl\":\"https:\/\/cleitonpinheiro.com.br\/site\/wp-content\/uploads\/2024\/05\/20240501160516_914ed26b71e10ed0f8eec82508cd86ee7e8ee9151284761286d64ab8d4d2d7f3-1-960x540-1.webp\",\"articleSection\":[\"BRASIL \/ MUNDO\",\"MANCHETE SEGUND\u00c1RIA\",\"TODAS NOTICIAS\"],\"inLanguage\":\"pt-BR\",\"potentialAction\":[{\"@type\":\"CommentAction\",\"name\":\"Comment\",\"target\":[\"https:\/\/cleitonpinheiro.com.br\/site\/so-tres-deputadas-federais-enviaram-verba-para-prevencao-de-desastres-ao-rio-grande-do-sul\/#respond\"]}]},{\"@type\":\"WebPage\",\"@id\":\"https:\/\/cleitonpinheiro.com.br\/site\/so-tres-deputadas-federais-enviaram-verba-para-prevencao-de-desastres-ao-rio-grande-do-sul\/\",\"url\":\"https:\/\/cleitonpinheiro.com.br\/site\/so-tres-deputadas-federais-enviaram-verba-para-prevencao-de-desastres-ao-rio-grande-do-sul\/\",\"name\":\"S\u00f3 tr\u00eas deputadas federais enviaram verba para preven\u00e7\u00e3o de desastres ao Rio Grande do Sul - PORTAL DE NOT\u00cdCIAS CLEITON PINHEIRO\",\"isPartOf\":{\"@id\":\"https:\/\/cleitonpinheiro.com.br\/site\/#website\"},\"primaryImageOfPage\":{\"@id\":\"https:\/\/cleitonpinheiro.com.br\/site\/so-tres-deputadas-federais-enviaram-verba-para-prevencao-de-desastres-ao-rio-grande-do-sul\/#primaryimage\"},\"image\":{\"@id\":\"https:\/\/cleitonpinheiro.com.br\/site\/so-tres-deputadas-federais-enviaram-verba-para-prevencao-de-desastres-ao-rio-grande-do-sul\/#primaryimage\"},\"thumbnailUrl\":\"https:\/\/cleitonpinheiro.com.br\/site\/wp-content\/uploads\/2024\/05\/20240501160516_914ed26b71e10ed0f8eec82508cd86ee7e8ee9151284761286d64ab8d4d2d7f3-1-960x540-1.webp\",\"datePublished\":\"2024-05-07T16:36:56+00:00\",\"dateModified\":\"2024-05-07T16:37:03+00:00\",\"breadcrumb\":{\"@id\":\"https:\/\/cleitonpinheiro.com.br\/site\/so-tres-deputadas-federais-enviaram-verba-para-prevencao-de-desastres-ao-rio-grande-do-sul\/#breadcrumb\"},\"inLanguage\":\"pt-BR\",\"potentialAction\":[{\"@type\":\"ReadAction\",\"target\":[\"https:\/\/cleitonpinheiro.com.br\/site\/so-tres-deputadas-federais-enviaram-verba-para-prevencao-de-desastres-ao-rio-grande-do-sul\/\"]}]},{\"@type\":\"ImageObject\",\"inLanguage\":\"pt-BR\",\"@id\":\"https:\/\/cleitonpinheiro.com.br\/site\/so-tres-deputadas-federais-enviaram-verba-para-prevencao-de-desastres-ao-rio-grande-do-sul\/#primaryimage\",\"url\":\"\",\"contentUrl\":\"\"},{\"@type\":\"BreadcrumbList\",\"@id\":\"https:\/\/cleitonpinheiro.com.br\/site\/so-tres-deputadas-federais-enviaram-verba-para-prevencao-de-desastres-ao-rio-grande-do-sul\/#breadcrumb\",\"itemListElement\":[{\"@type\":\"ListItem\",\"position\":1,\"name\":\"In\u00edcio\",\"item\":\"https:\/\/cleitonpinheiro.com.br\/site\/\"},{\"@type\":\"ListItem\",\"position\":2,\"name\":\"S\u00f3 tr\u00eas deputadas federais enviaram verba para preven\u00e7\u00e3o de desastres ao Rio Grande do Sul\"}]},{\"@type\":\"WebSite\",\"@id\":\"https:\/\/cleitonpinheiro.com.br\/site\/#website\",\"url\":\"https:\/\/cleitonpinheiro.com.br\/site\/\",\"name\":\"PORTAL DE NOT\u00cdCIAS CLEITON PINHEIRO\",\"description\":\"FALANDO A VERDADE\",\"publisher\":{\"@id\":\"https:\/\/cleitonpinheiro.com.br\/site\/#organization\"},\"potentialAction\":[{\"@type\":\"SearchAction\",\"target\":{\"@type\":\"EntryPoint\",\"urlTemplate\":\"https:\/\/cleitonpinheiro.com.br\/site\/?s={search_term_string}\"},\"query-input\":{\"@type\":\"PropertyValueSpecification\",\"valueRequired\":true,\"valueName\":\"search_term_string\"}}],\"inLanguage\":\"pt-BR\"},{\"@type\":\"Organization\",\"@id\":\"https:\/\/cleitonpinheiro.com.br\/site\/#organization\",\"name\":\"CPNOT\u00cdCIAS\",\"url\":\"https:\/\/cleitonpinheiro.com.br\/site\/\",\"logo\":{\"@type\":\"ImageObject\",\"inLanguage\":\"pt-BR\",\"@id\":\"https:\/\/cleitonpinheiro.com.br\/site\/#\/schema\/logo\/image\/\",\"url\":\"https:\/\/cleitonpinheiro.com.br\/site\/wp-content\/uploads\/2022\/08\/Logo-pequena-2.png\",\"contentUrl\":\"https:\/\/cleitonpinheiro.com.br\/site\/wp-content\/uploads\/2022\/08\/Logo-pequena-2.png\",\"width\":500,\"height\":500,\"caption\":\"CPNOT\u00cdCIAS\"},\"image\":{\"@id\":\"https:\/\/cleitonpinheiro.com.br\/site\/#\/schema\/logo\/image\/\"},\"sameAs\":[\"https:\/\/www.facebook.com\/portalcpnoticias\/\"]},{\"@type\":\"Person\",\"@id\":\"https:\/\/cleitonpinheiro.com.br\/site\/#\/schema\/person\/62fd4eb98fcc8bd3fc477aaff264af51\",\"name\":\"Cleiton Pinheiro\",\"image\":{\"@type\":\"ImageObject\",\"inLanguage\":\"pt-BR\",\"@id\":\"https:\/\/cleitonpinheiro.com.br\/site\/#\/schema\/person\/image\/\",\"url\":\"https:\/\/secure.gravatar.com\/avatar\/15642ec35b78fe5eed3cfa8e4a3f3211d73a3df4f35f0566b4324958cba1b1b9?s=96&r=g\",\"contentUrl\":\"https:\/\/secure.gravatar.com\/avatar\/15642ec35b78fe5eed3cfa8e4a3f3211d73a3df4f35f0566b4324958cba1b1b9?s=96&r=g\",\"caption\":\"Cleiton Pinheiro\"},\"url\":\"https:\/\/cleitonpinheiro.com.br\/site\/author\/cleiton\/\"}]}<\/script>\n<!-- \/ Yoast SEO plugin. -->","yoast_head_json":{"title":"S\u00f3 tr\u00eas deputadas federais enviaram verba para preven\u00e7\u00e3o de desastres ao Rio Grande do Sul - PORTAL DE NOT\u00cdCIAS CLEITON PINHEIRO","robots":{"index":"index","follow":"follow","max-snippet":"max-snippet:-1","max-image-preview":"max-image-preview:large","max-video-preview":"max-video-preview:-1"},"canonical":"https:\/\/cleitonpinheiro.com.br\/site\/so-tres-deputadas-federais-enviaram-verba-para-prevencao-de-desastres-ao-rio-grande-do-sul\/","og_locale":"pt_BR","og_type":"article","og_title":"S\u00f3 tr\u00eas deputadas federais enviaram verba para preven\u00e7\u00e3o de desastres ao Rio Grande do Sul - PORTAL DE NOT\u00cdCIAS CLEITON PINHEIRO","og_description":"O impacto de tr\u00eas eventos clim\u00e1ticos extremos em 2023, que deixaram um saldo de 80 mortos e provocaram inunda\u00e7\u00f5es em diversos munic\u00edpios, n\u00e3o sensibilizou os parlamentares federais ga\u00fachos a destinarem emendas para lidar com preven\u00e7\u00e3o a desastres. Aponta o jornalista Igor Mello no ICL Not\u00edcias, onde detalha que pans R$ 2,5 milh\u00f5es de emendas foram [&hellip;]","og_url":"https:\/\/cleitonpinheiro.com.br\/site\/so-tres-deputadas-federais-enviaram-verba-para-prevencao-de-desastres-ao-rio-grande-do-sul\/","og_site_name":"PORTAL DE NOT\u00cdCIAS CLEITON PINHEIRO","article_publisher":"https:\/\/www.facebook.com\/portalcpnoticias\/","article_published_time":"2024-05-07T16:36:56+00:00","article_modified_time":"2024-05-07T16:37:03+00:00","og_image":[{"width":960,"height":540,"url":"https:\/\/cleitonpinheiro.com.br\/site\/wp-content\/uploads\/2024\/05\/20240501160516_914ed26b71e10ed0f8eec82508cd86ee7e8ee9151284761286d64ab8d4d2d7f3-1-960x540-1.webp","type":"image\/webp"}],"author":"Cleiton Pinheiro","twitter_card":"summary_large_image","twitter_misc":{"Escrito por":"Cleiton Pinheiro","Est. tempo de leitura":"3 minutos"},"schema":{"@context":"https:\/\/schema.org","@graph":[{"@type":"Article","@id":"https:\/\/cleitonpinheiro.com.br\/site\/so-tres-deputadas-federais-enviaram-verba-para-prevencao-de-desastres-ao-rio-grande-do-sul\/#article","isPartOf":{"@id":"https:\/\/cleitonpinheiro.com.br\/site\/so-tres-deputadas-federais-enviaram-verba-para-prevencao-de-desastres-ao-rio-grande-do-sul\/"},"author":{"name":"Cleiton Pinheiro","@id":"https:\/\/cleitonpinheiro.com.br\/site\/#\/schema\/person\/62fd4eb98fcc8bd3fc477aaff264af51"},"headline":"S\u00f3 tr\u00eas deputadas federais enviaram verba para preven\u00e7\u00e3o de desastres ao Rio Grande do Sul","datePublished":"2024-05-07T16:36:56+00:00","dateModified":"2024-05-07T16:37:03+00:00","mainEntityOfPage":{"@id":"https:\/\/cleitonpinheiro.com.br\/site\/so-tres-deputadas-federais-enviaram-verba-para-prevencao-de-desastres-ao-rio-grande-do-sul\/"},"wordCount":388,"commentCount":0,"publisher":{"@id":"https:\/\/cleitonpinheiro.com.br\/site\/#organization"},"image":{"@id":"https:\/\/cleitonpinheiro.com.br\/site\/so-tres-deputadas-federais-enviaram-verba-para-prevencao-de-desastres-ao-rio-grande-do-sul\/#primaryimage"},"thumbnailUrl":"https:\/\/cleitonpinheiro.com.br\/site\/wp-content\/uploads\/2024\/05\/20240501160516_914ed26b71e10ed0f8eec82508cd86ee7e8ee9151284761286d64ab8d4d2d7f3-1-960x540-1.webp","articleSection":["BRASIL \/ MUNDO","MANCHETE SEGUND\u00c1RIA","TODAS NOTICIAS"],"inLanguage":"pt-BR","potentialAction":[{"@type":"CommentAction","name":"Comment","target":["https:\/\/cleitonpinheiro.com.br\/site\/so-tres-deputadas-federais-enviaram-verba-para-prevencao-de-desastres-ao-rio-grande-do-sul\/#respond"]}]},{"@type":"WebPage","@id":"https:\/\/cleitonpinheiro.com.br\/site\/so-tres-deputadas-federais-enviaram-verba-para-prevencao-de-desastres-ao-rio-grande-do-sul\/","url":"https:\/\/cleitonpinheiro.com.br\/site\/so-tres-deputadas-federais-enviaram-verba-para-prevencao-de-desastres-ao-rio-grande-do-sul\/","name":"S\u00f3 tr\u00eas deputadas federais enviaram verba para preven\u00e7\u00e3o de desastres ao Rio Grande do Sul - PORTAL DE NOT\u00cdCIAS CLEITON PINHEIRO","isPartOf":{"@id":"https:\/\/cleitonpinheiro.com.br\/site\/#website"},"primaryImageOfPage":{"@id":"https:\/\/cleitonpinheiro.com.br\/site\/so-tres-deputadas-federais-enviaram-verba-para-prevencao-de-desastres-ao-rio-grande-do-sul\/#primaryimage"},"image":{"@id":"https:\/\/cleitonpinheiro.com.br\/site\/so-tres-deputadas-federais-enviaram-verba-para-prevencao-de-desastres-ao-rio-grande-do-sul\/#primaryimage"},"thumbnailUrl":"https:\/\/cleitonpinheiro.com.br\/site\/wp-content\/uploads\/2024\/05\/20240501160516_914ed26b71e10ed0f8eec82508cd86ee7e8ee9151284761286d64ab8d4d2d7f3-1-960x540-1.webp","datePublished":"2024-05-07T16:36:56+00:00","dateModified":"2024-05-07T16:37:03+00:00","breadcrumb":{"@id":"https:\/\/cleitonpinheiro.com.br\/site\/so-tres-deputadas-federais-enviaram-verba-para-prevencao-de-desastres-ao-rio-grande-do-sul\/#breadcrumb"},"inLanguage":"pt-BR","potentialAction":[{"@type":"ReadAction","target":["https:\/\/cleitonpinheiro.com.br\/site\/so-tres-deputadas-federais-enviaram-verba-para-prevencao-de-desastres-ao-rio-grande-do-sul\/"]}]},{"@type":"ImageObject","inLanguage":"pt-BR","@id":"https:\/\/cleitonpinheiro.com.br\/site\/so-tres-deputadas-federais-enviaram-verba-para-prevencao-de-desastres-ao-rio-grande-do-sul\/#primaryimage","url":"","contentUrl":""},{"@type":"BreadcrumbList","@id":"https:\/\/cleitonpinheiro.com.br\/site\/so-tres-deputadas-federais-enviaram-verba-para-prevencao-de-desastres-ao-rio-grande-do-sul\/#breadcrumb","itemListElement":[{"@type":"ListItem","position":1,"name":"In\u00edcio","item":"https:\/\/cleitonpinheiro.com.br\/site\/"},{"@type":"ListItem","position":2,"name":"S\u00f3 tr\u00eas deputadas federais enviaram verba para preven\u00e7\u00e3o de desastres ao Rio Grande do Sul"}]},{"@type":"WebSite","@id":"https:\/\/cleitonpinheiro.com.br\/site\/#website","url":"https:\/\/cleitonpinheiro.com.br\/site\/","name":"PORTAL DE NOT\u00cdCIAS CLEITON PINHEIRO","description":"FALANDO A VERDADE","publisher":{"@id":"https:\/\/cleitonpinheiro.com.br\/site\/#organization"},"potentialAction":[{"@type":"SearchAction","target":{"@type":"EntryPoint","urlTemplate":"https:\/\/cleitonpinheiro.com.br\/site\/?s={search_term_string}"},"query-input":{"@type":"PropertyValueSpecification","valueRequired":true,"valueName":"search_term_string"}}],"inLanguage":"pt-BR"},{"@type":"Organization","@id":"https:\/\/cleitonpinheiro.com.br\/site\/#organization","name":"CPNOT\u00cdCIAS","url":"https:\/\/cleitonpinheiro.com.br\/site\/","logo":{"@type":"ImageObject","inLanguage":"pt-BR","@id":"https:\/\/cleitonpinheiro.com.br\/site\/#\/schema\/logo\/image\/","url":"https:\/\/cleitonpinheiro.com.br\/site\/wp-content\/uploads\/2022\/08\/Logo-pequena-2.png","contentUrl":"https:\/\/cleitonpinheiro.com.br\/site\/wp-content\/uploads\/2022\/08\/Logo-pequena-2.png","width":500,"height":500,"caption":"CPNOT\u00cdCIAS"},"image":{"@id":"https:\/\/cleitonpinheiro.com.br\/site\/#\/schema\/logo\/image\/"},"sameAs":["https:\/\/www.facebook.com\/portalcpnoticias\/"]},{"@type":"Person","@id":"https:\/\/cleitonpinheiro.com.br\/site\/#\/schema\/person\/62fd4eb98fcc8bd3fc477aaff264af51","name":"Cleiton Pinheiro","image":{"@type":"ImageObject","inLanguage":"pt-BR","@id":"https:\/\/cleitonpinheiro.com.br\/site\/#\/schema\/person\/image\/","url":"https:\/\/secure.gravatar.com\/avatar\/15642ec35b78fe5eed3cfa8e4a3f3211d73a3df4f35f0566b4324958cba1b1b9?s=96&r=g","contentUrl":"https:\/\/secure.gravatar.com\/avatar\/15642ec35b78fe5eed3cfa8e4a3f3211d73a3df4f35f0566b4324958cba1b1b9?s=96&r=g","caption":"Cleiton Pinheiro"},"url":"https:\/\/cleitonpinheiro.com.br\/site\/author\/cleiton\/"}]}},"views":180,"_links":{"self":[{"href":"https:\/\/cleitonpinheiro.com.br\/site\/wp-json\/wp\/v2\/posts\/77109","targetHints":{"allow":["GET"]}}],"collection":[{"href":"https:\/\/cleitonpinheiro.com.br\/site\/wp-json\/wp\/v2\/posts"}],"about":[{"href":"https:\/\/cleitonpinheiro.com.br\/site\/wp-json\/wp\/v2\/types\/post"}],"author":[{"embeddable":true,"href":"https:\/\/cleitonpinheiro.com.br\/site\/wp-json\/wp\/v2\/users\/10"}],"replies":[{"embeddable":true,"href":"https:\/\/cleitonpinheiro.com.br\/site\/wp-json\/wp\/v2\/comments?post=77109"}],"version-history":[{"count":1,"href":"https:\/\/cleitonpinheiro.com.br\/site\/wp-json\/wp\/v2\/posts\/77109\/revisions"}],"predecessor-version":[{"id":77111,"href":"https:\/\/cleitonpinheiro.com.br\/site\/wp-json\/wp\/v2\/posts\/77109\/revisions\/77111"}],"wp:attachment":[{"href":"https:\/\/cleitonpinheiro.com.br\/site\/wp-json\/wp\/v2\/media?parent=77109"}],"wp:term":[{"taxonomy":"category","embeddable":true,"href":"https:\/\/cleitonpinheiro.com.br\/site\/wp-json\/wp\/v2\/categories?post=77109"},{"taxonomy":"post_tag","embeddable":true,"href":"https:\/\/cleitonpinheiro.com.br\/site\/wp-json\/wp\/v2\/tags?post=77109"}],"curies":[{"name":"wp","href":"https:\/\/api.w.org\/{rel}","templated":true}]}}