{"id":77121,"date":"2024-05-08T11:40:00","date_gmt":"2024-05-08T14:40:00","guid":{"rendered":"https:\/\/cleitonpinheiro.com.br\/site\/?p=77121"},"modified":"2024-05-08T12:35:26","modified_gmt":"2024-05-08T15:35:26","slug":"hoje-e-ultimo-dia-para-regularizar-ou-transferir-titulo-de-eleitor","status":"publish","type":"post","link":"https:\/\/cleitonpinheiro.com.br\/site\/hoje-e-ultimo-dia-para-regularizar-ou-transferir-titulo-de-eleitor\/","title":{"rendered":"Hoje \u00e9 \u00faltimo dia para regularizar ou transferir t\u00edtulo de eleitor"},"content":{"rendered":"\n<figure class=\"wp-block-image size-large\"><img decoding=\"async\" src=\"https:\/\/cleitonpinheiro.com.br\/site\/wp-content\/uploads\/2024\/05\/titulo_de_eleitor-1024x613.webp\" alt=\"\" class=\"wp-image-77122\"\/><figcaption class=\"wp-element-caption\">Foto: Marcello Casal Jr\/Ag\u00eancia Brasil<\/figcaption><\/figure>\n\n\n\n<p>Esta quarta-feira (8) \u00e9 o \u00faltimo dia para regularizar a situa\u00e7\u00e3o do t\u00edtulo de eleitor ou tirar o documento pela primeira vez a tempo de votar nas elei\u00e7\u00f5es municipais de outubro. Encerrado o prazo, o cadastro eleitoral \u00e9 fechado, sendo reaberto somente depois do pleito.<\/p>\n\n\n\n<p>Est\u00e3o aptos a votar nas elei\u00e7\u00f5es deste ano todos que tenham completado 16 anos at\u00e9 6 de outubro, data do primeiro turno. Segundo a Justi\u00e7a Eleitoral, isso equivale a mais de 152 milh\u00f5es de brasileiros. Eventual segundo turno, em cidades com mais de 200 mil habitantes, est\u00e1 marcado para 27 de outubro.<\/p>\n\n\n\n<p>Encerra-se nesta quarta tamb\u00e9m o prazo para a transfer\u00eancia do domic\u00edlio eleitoral, caso o eleitor tenha mudado de endere\u00e7o, indo morar em outro munic\u00edpio, por exemplo. Vale lembrar que, neste ano, devido ao car\u00e1ter local das elei\u00e7\u00f5es, n\u00e3o h\u00e1 possibilidade de voto em tr\u00e2nsito.<\/p>\n\n\n\n<p>Quem precisa cadastrar a biometria junto \u00e0 Justi\u00e7a Eleitoral tamb\u00e9m tem nesta quarta a \u00faltima oportunidade para realizar o procedimento. \u00c9 poss\u00edvel ainda somente atualizar informa\u00e7\u00f5es cadastrais, se necess\u00e1rio.<\/p>\n\n\n\n<p>A data final de 8 de maio para altera\u00e7\u00f5es nos t\u00edtulos eleitorais est\u00e1 prevista na Lei das Elei\u00e7\u00f5es, que determina o fechamento do cadastro eleitoral 150 dias antes da data de vota\u00e7\u00e3o. O acesso ao sistema somente dever\u00e1 voltar em 5 de novembro.<\/p>\n\n\n\n<p>Neste ano, os eleitores v\u00e3o votar para os cargos de prefeito, vice-prefeito e vereador.<\/p>\n\n\n\n<h2 class=\"wp-block-heading\">Primeiro t\u00edtulo e biometria<\/h2>\n\n\n\n<p>Quem vai tirar o seu primeiro t\u00edtulo de eleitor precisa necessariamente comparecer a um cart\u00f3rio eleitoral para se alistar. Qualquer pessoa que tenha 16 anos na data da vota\u00e7\u00e3o pode solicitar o documento que a qualifica a votar.<\/p>\n\n\n\n<p>Tamb\u00e9m precisam comparecer ao cart\u00f3rio eleitoral mais pr\u00f3ximo os eleitores que ainda n\u00e3o possuem o cadastro de biometria.<\/p>\n\n\n\n<p>\u00c9 necess\u00e1rio levar um documento de identifica\u00e7\u00e3o, preferencialmente com foto, que pode ser o registro geral (RG) ou a Carteira Nacional de Habilita\u00e7\u00e3o (CNH), por exemplo. S\u00e3o aceitas certid\u00e3o de nascimento ou de casamento.<\/p>\n\n\n\n<p>Podem ser solicitados comprovantes de resid\u00eancia. No caso de homens que solicitam o primeiro t\u00edtulo no ano em que completam 19 anos, \u00e9 preciso apresentar certificado de quita\u00e7\u00e3o militar.<\/p>\n\n\n\n<p>De acordo com a Constitui\u00e7\u00e3o, o alistamento e o voto s\u00e3o obrigat\u00f3rios a partir dos 18 anos de idade, e facultativos aos jovens de 16 e 17 anos, aos maiores de 70 anos e \u00e0s pessoas analfabetas.<\/p>\n\n\n\n<h2 class=\"wp-block-heading\">Transfer\u00eancia de domic\u00edlio<\/h2>\n\n\n\n<p>Para a transfer\u00eancia de domic\u00edlio eleitoral, \u00e9 necess\u00e1rio comprovar v\u00ednculo com a localidade em que o eleitor pretende votar. \u201cOs v\u00ednculos podem ser residencial, afetivo, familiar, profissional, comunit\u00e1rio ou de outra natureza que justifique a escolha da localidade\u201d, informa a Justi\u00e7a Eleitoral.<\/p>\n\n\n\n<p>O procedimento, nesse caso, pode ser feito pela internet, por meio da plataforma T\u00edtulo Net.<\/p>\n\n\n\n<p>Para requerer a transfer\u00eancia, \u00e9 necess\u00e1rio que o eleitor resida h\u00e1 pelo menos tr\u00eas meses no novo munic\u00edpio e j\u00e1 tenha transcorrido, no m\u00ednimo, um ano da data do alistamento eleitoral ou da \u00faltima transfer\u00eancia do t\u00edtulo &#8211; est\u00e3o isentos dessa condi\u00e7\u00e3o os servidores civis e militares, bem como seus familiares, que tenham se mudado em fun\u00e7\u00e3o de transfer\u00eancia ou remo\u00e7\u00e3o.<\/p>\n\n\n\n<p>Texto: Ag\u00eancia Brasil<\/p>\n","protected":false},"excerpt":{"rendered":"<p>Esta quarta-feira (8) \u00e9 o \u00faltimo dia para regularizar a situa\u00e7\u00e3o do t\u00edtulo de eleitor ou tirar o documento pela primeira vez a tempo de votar nas elei\u00e7\u00f5es municipais de outubro. Encerrado o prazo, o cadastro eleitoral \u00e9 fechado, sendo reaberto somente depois do pleito. Est\u00e3o aptos a votar nas elei\u00e7\u00f5es deste ano todos que [&hellip;]<\/p>\n","protected":false},"author":10,"featured_media":0,"comment_status":"open","ping_status":"open","sticky":false,"template":"","format":"standard","meta":{"_acf_changed":false,"footnotes":""},"categories":[898,23,21],"tags":[],"class_list":["post-77121","post","type-post","status-publish","format-standard","hentry","category-manchete-segundaria","category-politica","category-todas-noticias"],"acf":[],"yoast_head":"<!-- This site is optimized with the Yoast SEO plugin v24.4 - https:\/\/yoast.com\/wordpress\/plugins\/seo\/ -->\n<title>Hoje \u00e9 \u00faltimo dia para regularizar ou transferir t\u00edtulo de eleitor - PORTAL DE NOT\u00cdCIAS CLEITON PINHEIRO<\/title>\n<meta name=\"robots\" content=\"index, follow, max-snippet:-1, max-image-preview:large, max-video-preview:-1\" \/>\n<link rel=\"canonical\" href=\"https:\/\/cleitonpinheiro.com.br\/site\/hoje-e-ultimo-dia-para-regularizar-ou-transferir-titulo-de-eleitor\/\" \/>\n<meta property=\"og:locale\" content=\"pt_BR\" \/>\n<meta property=\"og:type\" content=\"article\" \/>\n<meta property=\"og:title\" content=\"Hoje \u00e9 \u00faltimo dia para regularizar ou transferir t\u00edtulo de eleitor - PORTAL DE NOT\u00cdCIAS CLEITON PINHEIRO\" \/>\n<meta property=\"og:description\" content=\"Esta quarta-feira (8) \u00e9 o \u00faltimo dia para regularizar a situa\u00e7\u00e3o do t\u00edtulo de eleitor ou tirar o documento pela primeira vez a tempo de votar nas elei\u00e7\u00f5es municipais de outubro. Encerrado o prazo, o cadastro eleitoral \u00e9 fechado, sendo reaberto somente depois do pleito. Est\u00e3o aptos a votar nas elei\u00e7\u00f5es deste ano todos que [&hellip;]\" \/>\n<meta property=\"og:url\" content=\"https:\/\/cleitonpinheiro.com.br\/site\/hoje-e-ultimo-dia-para-regularizar-ou-transferir-titulo-de-eleitor\/\" \/>\n<meta property=\"og:site_name\" content=\"PORTAL DE NOT\u00cdCIAS CLEITON PINHEIRO\" \/>\n<meta property=\"article:publisher\" content=\"https:\/\/www.facebook.com\/portalcpnoticias\/\" \/>\n<meta property=\"article:published_time\" content=\"2024-05-08T14:40:00+00:00\" \/>\n<meta property=\"article:modified_time\" content=\"2024-05-08T15:35:26+00:00\" \/>\n<meta property=\"og:image\" content=\"https:\/\/cleitonpinheiro.com.br\/site\/wp-content\/uploads\/2024\/05\/titulo_de_eleitor.webp\" \/>\n\t<meta property=\"og:image:width\" content=\"1170\" \/>\n\t<meta property=\"og:image:height\" content=\"700\" \/>\n\t<meta property=\"og:image:type\" content=\"image\/webp\" \/>\n<meta name=\"author\" content=\"Cleiton Pinheiro\" \/>\n<meta name=\"twitter:card\" content=\"summary_large_image\" \/>\n<meta name=\"twitter:label1\" content=\"Escrito por\" \/>\n\t<meta name=\"twitter:data1\" content=\"Cleiton Pinheiro\" \/>\n\t<meta name=\"twitter:label2\" content=\"Est. tempo de leitura\" \/>\n\t<meta name=\"twitter:data2\" content=\"4 minutos\" \/>\n<script type=\"application\/ld+json\" class=\"yoast-schema-graph\">{\"@context\":\"https:\/\/schema.org\",\"@graph\":[{\"@type\":\"Article\",\"@id\":\"https:\/\/cleitonpinheiro.com.br\/site\/hoje-e-ultimo-dia-para-regularizar-ou-transferir-titulo-de-eleitor\/#article\",\"isPartOf\":{\"@id\":\"https:\/\/cleitonpinheiro.com.br\/site\/hoje-e-ultimo-dia-para-regularizar-ou-transferir-titulo-de-eleitor\/\"},\"author\":{\"name\":\"Cleiton Pinheiro\",\"@id\":\"https:\/\/cleitonpinheiro.com.br\/site\/#\/schema\/person\/62fd4eb98fcc8bd3fc477aaff264af51\"},\"headline\":\"Hoje \u00e9 \u00faltimo dia para regularizar ou transferir t\u00edtulo de eleitor\",\"datePublished\":\"2024-05-08T14:40:00+00:00\",\"dateModified\":\"2024-05-08T15:35:26+00:00\",\"mainEntityOfPage\":{\"@id\":\"https:\/\/cleitonpinheiro.com.br\/site\/hoje-e-ultimo-dia-para-regularizar-ou-transferir-titulo-de-eleitor\/\"},\"wordCount\":574,\"commentCount\":0,\"publisher\":{\"@id\":\"https:\/\/cleitonpinheiro.com.br\/site\/#organization\"},\"image\":{\"@id\":\"https:\/\/cleitonpinheiro.com.br\/site\/hoje-e-ultimo-dia-para-regularizar-ou-transferir-titulo-de-eleitor\/#primaryimage\"},\"thumbnailUrl\":\"https:\/\/cleitonpinheiro.com.br\/site\/wp-content\/uploads\/2024\/05\/titulo_de_eleitor-1024x613.webp\",\"articleSection\":[\"MANCHETE SEGUND\u00c1RIA\",\"POL\u00cdTICA\",\"TODAS NOTICIAS\"],\"inLanguage\":\"pt-BR\",\"potentialAction\":[{\"@type\":\"CommentAction\",\"name\":\"Comment\",\"target\":[\"https:\/\/cleitonpinheiro.com.br\/site\/hoje-e-ultimo-dia-para-regularizar-ou-transferir-titulo-de-eleitor\/#respond\"]}]},{\"@type\":\"WebPage\",\"@id\":\"https:\/\/cleitonpinheiro.com.br\/site\/hoje-e-ultimo-dia-para-regularizar-ou-transferir-titulo-de-eleitor\/\",\"url\":\"https:\/\/cleitonpinheiro.com.br\/site\/hoje-e-ultimo-dia-para-regularizar-ou-transferir-titulo-de-eleitor\/\",\"name\":\"Hoje \u00e9 \u00faltimo dia para regularizar ou transferir t\u00edtulo de eleitor - PORTAL DE NOT\u00cdCIAS CLEITON PINHEIRO\",\"isPartOf\":{\"@id\":\"https:\/\/cleitonpinheiro.com.br\/site\/#website\"},\"primaryImageOfPage\":{\"@id\":\"https:\/\/cleitonpinheiro.com.br\/site\/hoje-e-ultimo-dia-para-regularizar-ou-transferir-titulo-de-eleitor\/#primaryimage\"},\"image\":{\"@id\":\"https:\/\/cleitonpinheiro.com.br\/site\/hoje-e-ultimo-dia-para-regularizar-ou-transferir-titulo-de-eleitor\/#primaryimage\"},\"thumbnailUrl\":\"https:\/\/cleitonpinheiro.com.br\/site\/wp-content\/uploads\/2024\/05\/titulo_de_eleitor-1024x613.webp\",\"datePublished\":\"2024-05-08T14:40:00+00:00\",\"dateModified\":\"2024-05-08T15:35:26+00:00\",\"breadcrumb\":{\"@id\":\"https:\/\/cleitonpinheiro.com.br\/site\/hoje-e-ultimo-dia-para-regularizar-ou-transferir-titulo-de-eleitor\/#breadcrumb\"},\"inLanguage\":\"pt-BR\",\"potentialAction\":[{\"@type\":\"ReadAction\",\"target\":[\"https:\/\/cleitonpinheiro.com.br\/site\/hoje-e-ultimo-dia-para-regularizar-ou-transferir-titulo-de-eleitor\/\"]}]},{\"@type\":\"ImageObject\",\"inLanguage\":\"pt-BR\",\"@id\":\"https:\/\/cleitonpinheiro.com.br\/site\/hoje-e-ultimo-dia-para-regularizar-ou-transferir-titulo-de-eleitor\/#primaryimage\",\"url\":\"\",\"contentUrl\":\"\"},{\"@type\":\"BreadcrumbList\",\"@id\":\"https:\/\/cleitonpinheiro.com.br\/site\/hoje-e-ultimo-dia-para-regularizar-ou-transferir-titulo-de-eleitor\/#breadcrumb\",\"itemListElement\":[{\"@type\":\"ListItem\",\"position\":1,\"name\":\"In\u00edcio\",\"item\":\"https:\/\/cleitonpinheiro.com.br\/site\/\"},{\"@type\":\"ListItem\",\"position\":2,\"name\":\"Hoje \u00e9 \u00faltimo dia para regularizar ou transferir t\u00edtulo de eleitor\"}]},{\"@type\":\"WebSite\",\"@id\":\"https:\/\/cleitonpinheiro.com.br\/site\/#website\",\"url\":\"https:\/\/cleitonpinheiro.com.br\/site\/\",\"name\":\"PORTAL DE NOT\u00cdCIAS CLEITON PINHEIRO\",\"description\":\"FALANDO A VERDADE\",\"publisher\":{\"@id\":\"https:\/\/cleitonpinheiro.com.br\/site\/#organization\"},\"potentialAction\":[{\"@type\":\"SearchAction\",\"target\":{\"@type\":\"EntryPoint\",\"urlTemplate\":\"https:\/\/cleitonpinheiro.com.br\/site\/?s={search_term_string}\"},\"query-input\":{\"@type\":\"PropertyValueSpecification\",\"valueRequired\":true,\"valueName\":\"search_term_string\"}}],\"inLanguage\":\"pt-BR\"},{\"@type\":\"Organization\",\"@id\":\"https:\/\/cleitonpinheiro.com.br\/site\/#organization\",\"name\":\"CPNOT\u00cdCIAS\",\"url\":\"https:\/\/cleitonpinheiro.com.br\/site\/\",\"logo\":{\"@type\":\"ImageObject\",\"inLanguage\":\"pt-BR\",\"@id\":\"https:\/\/cleitonpinheiro.com.br\/site\/#\/schema\/logo\/image\/\",\"url\":\"https:\/\/cleitonpinheiro.com.br\/site\/wp-content\/uploads\/2022\/08\/Logo-pequena-2.png\",\"contentUrl\":\"https:\/\/cleitonpinheiro.com.br\/site\/wp-content\/uploads\/2022\/08\/Logo-pequena-2.png\",\"width\":500,\"height\":500,\"caption\":\"CPNOT\u00cdCIAS\"},\"image\":{\"@id\":\"https:\/\/cleitonpinheiro.com.br\/site\/#\/schema\/logo\/image\/\"},\"sameAs\":[\"https:\/\/www.facebook.com\/portalcpnoticias\/\"]},{\"@type\":\"Person\",\"@id\":\"https:\/\/cleitonpinheiro.com.br\/site\/#\/schema\/person\/62fd4eb98fcc8bd3fc477aaff264af51\",\"name\":\"Cleiton Pinheiro\",\"image\":{\"@type\":\"ImageObject\",\"inLanguage\":\"pt-BR\",\"@id\":\"https:\/\/cleitonpinheiro.com.br\/site\/#\/schema\/person\/image\/\",\"url\":\"https:\/\/secure.gravatar.com\/avatar\/15642ec35b78fe5eed3cfa8e4a3f3211d73a3df4f35f0566b4324958cba1b1b9?s=96&r=g\",\"contentUrl\":\"https:\/\/secure.gravatar.com\/avatar\/15642ec35b78fe5eed3cfa8e4a3f3211d73a3df4f35f0566b4324958cba1b1b9?s=96&r=g\",\"caption\":\"Cleiton Pinheiro\"},\"url\":\"https:\/\/cleitonpinheiro.com.br\/site\/author\/cleiton\/\"}]}<\/script>\n<!-- \/ Yoast SEO plugin. -->","yoast_head_json":{"title":"Hoje \u00e9 \u00faltimo dia para regularizar ou transferir t\u00edtulo de eleitor - PORTAL DE NOT\u00cdCIAS CLEITON PINHEIRO","robots":{"index":"index","follow":"follow","max-snippet":"max-snippet:-1","max-image-preview":"max-image-preview:large","max-video-preview":"max-video-preview:-1"},"canonical":"https:\/\/cleitonpinheiro.com.br\/site\/hoje-e-ultimo-dia-para-regularizar-ou-transferir-titulo-de-eleitor\/","og_locale":"pt_BR","og_type":"article","og_title":"Hoje \u00e9 \u00faltimo dia para regularizar ou transferir t\u00edtulo de eleitor - PORTAL DE NOT\u00cdCIAS CLEITON PINHEIRO","og_description":"Esta quarta-feira (8) \u00e9 o \u00faltimo dia para regularizar a situa\u00e7\u00e3o do t\u00edtulo de eleitor ou tirar o documento pela primeira vez a tempo de votar nas elei\u00e7\u00f5es municipais de outubro. Encerrado o prazo, o cadastro eleitoral \u00e9 fechado, sendo reaberto somente depois do pleito. Est\u00e3o aptos a votar nas elei\u00e7\u00f5es deste ano todos que [&hellip;]","og_url":"https:\/\/cleitonpinheiro.com.br\/site\/hoje-e-ultimo-dia-para-regularizar-ou-transferir-titulo-de-eleitor\/","og_site_name":"PORTAL DE NOT\u00cdCIAS CLEITON PINHEIRO","article_publisher":"https:\/\/www.facebook.com\/portalcpnoticias\/","article_published_time":"2024-05-08T14:40:00+00:00","article_modified_time":"2024-05-08T15:35:26+00:00","og_image":[{"width":1170,"height":700,"url":"https:\/\/cleitonpinheiro.com.br\/site\/wp-content\/uploads\/2024\/05\/titulo_de_eleitor.webp","type":"image\/webp"}],"author":"Cleiton Pinheiro","twitter_card":"summary_large_image","twitter_misc":{"Escrito por":"Cleiton Pinheiro","Est. tempo de leitura":"4 minutos"},"schema":{"@context":"https:\/\/schema.org","@graph":[{"@type":"Article","@id":"https:\/\/cleitonpinheiro.com.br\/site\/hoje-e-ultimo-dia-para-regularizar-ou-transferir-titulo-de-eleitor\/#article","isPartOf":{"@id":"https:\/\/cleitonpinheiro.com.br\/site\/hoje-e-ultimo-dia-para-regularizar-ou-transferir-titulo-de-eleitor\/"},"author":{"name":"Cleiton Pinheiro","@id":"https:\/\/cleitonpinheiro.com.br\/site\/#\/schema\/person\/62fd4eb98fcc8bd3fc477aaff264af51"},"headline":"Hoje \u00e9 \u00faltimo dia para regularizar ou transferir t\u00edtulo de eleitor","datePublished":"2024-05-08T14:40:00+00:00","dateModified":"2024-05-08T15:35:26+00:00","mainEntityOfPage":{"@id":"https:\/\/cleitonpinheiro.com.br\/site\/hoje-e-ultimo-dia-para-regularizar-ou-transferir-titulo-de-eleitor\/"},"wordCount":574,"commentCount":0,"publisher":{"@id":"https:\/\/cleitonpinheiro.com.br\/site\/#organization"},"image":{"@id":"https:\/\/cleitonpinheiro.com.br\/site\/hoje-e-ultimo-dia-para-regularizar-ou-transferir-titulo-de-eleitor\/#primaryimage"},"thumbnailUrl":"https:\/\/cleitonpinheiro.com.br\/site\/wp-content\/uploads\/2024\/05\/titulo_de_eleitor-1024x613.webp","articleSection":["MANCHETE SEGUND\u00c1RIA","POL\u00cdTICA","TODAS NOTICIAS"],"inLanguage":"pt-BR","potentialAction":[{"@type":"CommentAction","name":"Comment","target":["https:\/\/cleitonpinheiro.com.br\/site\/hoje-e-ultimo-dia-para-regularizar-ou-transferir-titulo-de-eleitor\/#respond"]}]},{"@type":"WebPage","@id":"https:\/\/cleitonpinheiro.com.br\/site\/hoje-e-ultimo-dia-para-regularizar-ou-transferir-titulo-de-eleitor\/","url":"https:\/\/cleitonpinheiro.com.br\/site\/hoje-e-ultimo-dia-para-regularizar-ou-transferir-titulo-de-eleitor\/","name":"Hoje \u00e9 \u00faltimo dia para regularizar ou transferir t\u00edtulo de eleitor - PORTAL DE NOT\u00cdCIAS CLEITON PINHEIRO","isPartOf":{"@id":"https:\/\/cleitonpinheiro.com.br\/site\/#website"},"primaryImageOfPage":{"@id":"https:\/\/cleitonpinheiro.com.br\/site\/hoje-e-ultimo-dia-para-regularizar-ou-transferir-titulo-de-eleitor\/#primaryimage"},"image":{"@id":"https:\/\/cleitonpinheiro.com.br\/site\/hoje-e-ultimo-dia-para-regularizar-ou-transferir-titulo-de-eleitor\/#primaryimage"},"thumbnailUrl":"https:\/\/cleitonpinheiro.com.br\/site\/wp-content\/uploads\/2024\/05\/titulo_de_eleitor-1024x613.webp","datePublished":"2024-05-08T14:40:00+00:00","dateModified":"2024-05-08T15:35:26+00:00","breadcrumb":{"@id":"https:\/\/cleitonpinheiro.com.br\/site\/hoje-e-ultimo-dia-para-regularizar-ou-transferir-titulo-de-eleitor\/#breadcrumb"},"inLanguage":"pt-BR","potentialAction":[{"@type":"ReadAction","target":["https:\/\/cleitonpinheiro.com.br\/site\/hoje-e-ultimo-dia-para-regularizar-ou-transferir-titulo-de-eleitor\/"]}]},{"@type":"ImageObject","inLanguage":"pt-BR","@id":"https:\/\/cleitonpinheiro.com.br\/site\/hoje-e-ultimo-dia-para-regularizar-ou-transferir-titulo-de-eleitor\/#primaryimage","url":"","contentUrl":""},{"@type":"BreadcrumbList","@id":"https:\/\/cleitonpinheiro.com.br\/site\/hoje-e-ultimo-dia-para-regularizar-ou-transferir-titulo-de-eleitor\/#breadcrumb","itemListElement":[{"@type":"ListItem","position":1,"name":"In\u00edcio","item":"https:\/\/cleitonpinheiro.com.br\/site\/"},{"@type":"ListItem","position":2,"name":"Hoje \u00e9 \u00faltimo dia para regularizar ou transferir t\u00edtulo de eleitor"}]},{"@type":"WebSite","@id":"https:\/\/cleitonpinheiro.com.br\/site\/#website","url":"https:\/\/cleitonpinheiro.com.br\/site\/","name":"PORTAL DE NOT\u00cdCIAS CLEITON PINHEIRO","description":"FALANDO A VERDADE","publisher":{"@id":"https:\/\/cleitonpinheiro.com.br\/site\/#organization"},"potentialAction":[{"@type":"SearchAction","target":{"@type":"EntryPoint","urlTemplate":"https:\/\/cleitonpinheiro.com.br\/site\/?s={search_term_string}"},"query-input":{"@type":"PropertyValueSpecification","valueRequired":true,"valueName":"search_term_string"}}],"inLanguage":"pt-BR"},{"@type":"Organization","@id":"https:\/\/cleitonpinheiro.com.br\/site\/#organization","name":"CPNOT\u00cdCIAS","url":"https:\/\/cleitonpinheiro.com.br\/site\/","logo":{"@type":"ImageObject","inLanguage":"pt-BR","@id":"https:\/\/cleitonpinheiro.com.br\/site\/#\/schema\/logo\/image\/","url":"https:\/\/cleitonpinheiro.com.br\/site\/wp-content\/uploads\/2022\/08\/Logo-pequena-2.png","contentUrl":"https:\/\/cleitonpinheiro.com.br\/site\/wp-content\/uploads\/2022\/08\/Logo-pequena-2.png","width":500,"height":500,"caption":"CPNOT\u00cdCIAS"},"image":{"@id":"https:\/\/cleitonpinheiro.com.br\/site\/#\/schema\/logo\/image\/"},"sameAs":["https:\/\/www.facebook.com\/portalcpnoticias\/"]},{"@type":"Person","@id":"https:\/\/cleitonpinheiro.com.br\/site\/#\/schema\/person\/62fd4eb98fcc8bd3fc477aaff264af51","name":"Cleiton Pinheiro","image":{"@type":"ImageObject","inLanguage":"pt-BR","@id":"https:\/\/cleitonpinheiro.com.br\/site\/#\/schema\/person\/image\/","url":"https:\/\/secure.gravatar.com\/avatar\/15642ec35b78fe5eed3cfa8e4a3f3211d73a3df4f35f0566b4324958cba1b1b9?s=96&r=g","contentUrl":"https:\/\/secure.gravatar.com\/avatar\/15642ec35b78fe5eed3cfa8e4a3f3211d73a3df4f35f0566b4324958cba1b1b9?s=96&r=g","caption":"Cleiton Pinheiro"},"url":"https:\/\/cleitonpinheiro.com.br\/site\/author\/cleiton\/"}]}},"views":281,"_links":{"self":[{"href":"https:\/\/cleitonpinheiro.com.br\/site\/wp-json\/wp\/v2\/posts\/77121","targetHints":{"allow":["GET"]}}],"collection":[{"href":"https:\/\/cleitonpinheiro.com.br\/site\/wp-json\/wp\/v2\/posts"}],"about":[{"href":"https:\/\/cleitonpinheiro.com.br\/site\/wp-json\/wp\/v2\/types\/post"}],"author":[{"embeddable":true,"href":"https:\/\/cleitonpinheiro.com.br\/site\/wp-json\/wp\/v2\/users\/10"}],"replies":[{"embeddable":true,"href":"https:\/\/cleitonpinheiro.com.br\/site\/wp-json\/wp\/v2\/comments?post=77121"}],"version-history":[{"count":1,"href":"https:\/\/cleitonpinheiro.com.br\/site\/wp-json\/wp\/v2\/posts\/77121\/revisions"}],"predecessor-version":[{"id":77123,"href":"https:\/\/cleitonpinheiro.com.br\/site\/wp-json\/wp\/v2\/posts\/77121\/revisions\/77123"}],"wp:attachment":[{"href":"https:\/\/cleitonpinheiro.com.br\/site\/wp-json\/wp\/v2\/media?parent=77121"}],"wp:term":[{"taxonomy":"category","embeddable":true,"href":"https:\/\/cleitonpinheiro.com.br\/site\/wp-json\/wp\/v2\/categories?post=77121"},{"taxonomy":"post_tag","embeddable":true,"href":"https:\/\/cleitonpinheiro.com.br\/site\/wp-json\/wp\/v2\/tags?post=77121"}],"curies":[{"name":"wp","href":"https:\/\/api.w.org\/{rel}","templated":true}]}}