{"id":77124,"date":"2024-05-08T12:13:34","date_gmt":"2024-05-08T15:13:34","guid":{"rendered":"https:\/\/cleitonpinheiro.com.br\/site\/?p=77124"},"modified":"2024-05-08T12:13:38","modified_gmt":"2024-05-08T15:13:38","slug":"chuvas-no-rs-mortes-chegam-a-95-14-milhao-de-pessoas-sao-afetadas","status":"publish","type":"post","link":"https:\/\/cleitonpinheiro.com.br\/site\/chuvas-no-rs-mortes-chegam-a-95-14-milhao-de-pessoas-sao-afetadas\/","title":{"rendered":"Chuvas no RS: mortes chegam a 95; 1,4 milh\u00e3o de pessoas s\u00e3o afetadas"},"content":{"rendered":"\n<h2 class=\"wp-block-heading\">80% das cidades ga\u00fachas sofreram danos com os temporais<\/h2>\n\n\n\n<figure class=\"wp-block-image size-full\"><img decoding=\"async\" src=\"https:\/\/cleitonpinheiro.com.br\/site\/wp-content\/uploads\/2024\/05\/53699604977_16df95eca3_o_0-960x540-1.webp\" alt=\"\" class=\"wp-image-77125\"\/><\/figure>\n\n\n\n<p>As trag\u00e9dias das chuvas no Rio Grande do Sul provocaram 95 mortes at\u00e9 agora, sendo que quatro casos est\u00e3o em avalia\u00e7\u00e3o. O governador Eduardo Leite\u00a0confirmou que 131 pessoas est\u00e3o desaparecidas. Pelo menos, 401 cidades foram afetadas, o que representa 80,6% do total de 497 cidades ga\u00fachas.\u00a0<\/p>\n\n\n\n<p>Em entrevista \u00e0 imprensa nessa ter\u00e7a-feira, 7, o governador classificou\u00a0a situa\u00e7\u00e3o de \u201ccat\u00e1strofe\u201d. Al\u00e9m disso, 48.799 pessoas deixaram suas casas e est\u00e3o em abrigos.<\/p>\n\n\n\n<p>No entanto, o governo contabiliza um total de 159.036 cidad\u00e3os na condi\u00e7\u00e3o de desalojados. O desastre deixou, at\u00e9 o momento, 1,4 milh\u00e3o de pessoas afetadas pelo desastre. O Rio Grande do Sul tem 10,8 milh\u00f5es de habitantes, segundo o censo de 2022 do IBGE.<\/p>\n\n\n\n<blockquote class=\"wp-block-quote is-layout-flow wp-block-quote-is-layout-flow\">\n<p>\u201cO tamanho da crise no Rio Grande do Sul \u00e9 o que especialmente torna essa situa\u00e7\u00e3o dif\u00edcil de tratarmos. Praticamente todo o estado est\u00e1 atingido de alguma forma\u201d, lamentou o governador.<\/p>\n<\/blockquote>\n\n\n\n<p>Ele disse que os n\u00fameros est\u00e3o se elevando a cada dia, mas que os dados podem estar \u201cimprecisos\u201d.&nbsp;<\/p>\n\n\n\n<h2 class=\"wp-block-heading\">Queda de temperatura<\/h2>\n\n\n\n<p>A previs\u00e3o \u00e9 de&nbsp;<a href=\"https:\/\/agenciabrasil.ebc.com.br\/geral\/noticia\/2024-05\/rs-forca-nacional-e-policiais-temporarios-vao-conter-saques-e-roubos\" target=\"_blank\" rel=\"noreferrer noopener\">queda das&nbsp;temperaturas a partir da noite de quarta-feira (8) e quinta-feira (9)&nbsp;<\/a>com estimativa de chuva forte na zona sul do estado.<\/p>\n\n\n\n<blockquote class=\"wp-block-quote is-layout-flow wp-block-quote-is-layout-flow\">\n<p>\u201cH\u00e1 uma primeira proje\u00e7\u00e3o de que, entre sexta-feira e domingo, n\u00f3s voltemos a ter chuvas muito fortes na metade norte do estado, com incid\u00eancia nos rios que j\u00e1 se elevaram e que j\u00e1 provocaram todos esses estragos\u201d, disse o&nbsp;governador.&nbsp;<\/p>\n<\/blockquote>\n\n\n\n<p>O governador pede que as pessoas ainda n\u00e3o voltem para suas casas, pois h\u00e1 risco de novas enchentes.\u00a0<\/p>\n\n\n\n<p>Texto: Ag\u00eancia Brasil<\/p>\n","protected":false},"excerpt":{"rendered":"<p>80% das cidades ga\u00fachas sofreram danos com os temporais As trag\u00e9dias das chuvas no Rio Grande do Sul provocaram 95 mortes at\u00e9 agora, sendo que quatro casos est\u00e3o em avalia\u00e7\u00e3o. O governador Eduardo Leite\u00a0confirmou que 131 pessoas est\u00e3o desaparecidas. Pelo menos, 401 cidades foram afetadas, o que representa 80,6% do total de 497 cidades ga\u00fachas.\u00a0 [&hellip;]<\/p>\n","protected":false},"author":10,"featured_media":0,"comment_status":"open","ping_status":"open","sticky":false,"template":"","format":"standard","meta":{"_acf_changed":false,"footnotes":""},"categories":[19,898,21],"tags":[],"class_list":["post-77124","post","type-post","status-publish","format-standard","hentry","category-brasil-mundo","category-manchete-segundaria","category-todas-noticias"],"acf":[],"yoast_head":"<!-- This site is optimized with the Yoast SEO plugin v24.4 - https:\/\/yoast.com\/wordpress\/plugins\/seo\/ -->\n<title>Chuvas no RS: mortes chegam a 95; 1,4 milh\u00e3o de pessoas s\u00e3o afetadas - PORTAL DE NOT\u00cdCIAS CLEITON PINHEIRO<\/title>\n<meta name=\"robots\" content=\"index, follow, max-snippet:-1, max-image-preview:large, max-video-preview:-1\" \/>\n<link rel=\"canonical\" href=\"https:\/\/cleitonpinheiro.com.br\/site\/chuvas-no-rs-mortes-chegam-a-95-14-milhao-de-pessoas-sao-afetadas\/\" \/>\n<meta property=\"og:locale\" content=\"pt_BR\" \/>\n<meta property=\"og:type\" content=\"article\" \/>\n<meta property=\"og:title\" content=\"Chuvas no RS: mortes chegam a 95; 1,4 milh\u00e3o de pessoas s\u00e3o afetadas - PORTAL DE NOT\u00cdCIAS CLEITON PINHEIRO\" \/>\n<meta property=\"og:description\" content=\"80% das cidades ga\u00fachas sofreram danos com os temporais As trag\u00e9dias das chuvas no Rio Grande do Sul provocaram 95 mortes at\u00e9 agora, sendo que quatro casos est\u00e3o em avalia\u00e7\u00e3o. O governador Eduardo Leite\u00a0confirmou que 131 pessoas est\u00e3o desaparecidas. Pelo menos, 401 cidades foram afetadas, o que representa 80,6% do total de 497 cidades ga\u00fachas.\u00a0 [&hellip;]\" \/>\n<meta property=\"og:url\" content=\"https:\/\/cleitonpinheiro.com.br\/site\/chuvas-no-rs-mortes-chegam-a-95-14-milhao-de-pessoas-sao-afetadas\/\" \/>\n<meta property=\"og:site_name\" content=\"PORTAL DE NOT\u00cdCIAS CLEITON PINHEIRO\" \/>\n<meta property=\"article:publisher\" content=\"https:\/\/www.facebook.com\/portalcpnoticias\/\" \/>\n<meta property=\"article:published_time\" content=\"2024-05-08T15:13:34+00:00\" \/>\n<meta property=\"article:modified_time\" content=\"2024-05-08T15:13:38+00:00\" \/>\n<meta property=\"og:image\" content=\"https:\/\/cleitonpinheiro.com.br\/site\/wp-content\/uploads\/2024\/05\/53699604977_16df95eca3_o_0-960x540-1.webp\" \/>\n\t<meta property=\"og:image:width\" content=\"960\" \/>\n\t<meta property=\"og:image:height\" content=\"540\" \/>\n\t<meta property=\"og:image:type\" content=\"image\/webp\" \/>\n<meta name=\"author\" content=\"Cleiton Pinheiro\" \/>\n<meta name=\"twitter:card\" content=\"summary_large_image\" \/>\n<meta name=\"twitter:label1\" content=\"Escrito por\" \/>\n\t<meta name=\"twitter:data1\" content=\"Cleiton Pinheiro\" \/>\n\t<meta name=\"twitter:label2\" content=\"Est. tempo de leitura\" \/>\n\t<meta name=\"twitter:data2\" content=\"2 minutos\" \/>\n<script type=\"application\/ld+json\" class=\"yoast-schema-graph\">{\"@context\":\"https:\/\/schema.org\",\"@graph\":[{\"@type\":\"Article\",\"@id\":\"https:\/\/cleitonpinheiro.com.br\/site\/chuvas-no-rs-mortes-chegam-a-95-14-milhao-de-pessoas-sao-afetadas\/#article\",\"isPartOf\":{\"@id\":\"https:\/\/cleitonpinheiro.com.br\/site\/chuvas-no-rs-mortes-chegam-a-95-14-milhao-de-pessoas-sao-afetadas\/\"},\"author\":{\"name\":\"Cleiton Pinheiro\",\"@id\":\"https:\/\/cleitonpinheiro.com.br\/site\/#\/schema\/person\/62fd4eb98fcc8bd3fc477aaff264af51\"},\"headline\":\"Chuvas no RS: mortes chegam a 95; 1,4 milh\u00e3o de pessoas s\u00e3o afetadas\",\"datePublished\":\"2024-05-08T15:13:34+00:00\",\"dateModified\":\"2024-05-08T15:13:38+00:00\",\"mainEntityOfPage\":{\"@id\":\"https:\/\/cleitonpinheiro.com.br\/site\/chuvas-no-rs-mortes-chegam-a-95-14-milhao-de-pessoas-sao-afetadas\/\"},\"wordCount\":292,\"commentCount\":0,\"publisher\":{\"@id\":\"https:\/\/cleitonpinheiro.com.br\/site\/#organization\"},\"image\":{\"@id\":\"https:\/\/cleitonpinheiro.com.br\/site\/chuvas-no-rs-mortes-chegam-a-95-14-milhao-de-pessoas-sao-afetadas\/#primaryimage\"},\"thumbnailUrl\":\"https:\/\/cleitonpinheiro.com.br\/site\/wp-content\/uploads\/2024\/05\/53699604977_16df95eca3_o_0-960x540-1.webp\",\"articleSection\":[\"BRASIL \/ MUNDO\",\"MANCHETE SEGUND\u00c1RIA\",\"TODAS NOTICIAS\"],\"inLanguage\":\"pt-BR\",\"potentialAction\":[{\"@type\":\"CommentAction\",\"name\":\"Comment\",\"target\":[\"https:\/\/cleitonpinheiro.com.br\/site\/chuvas-no-rs-mortes-chegam-a-95-14-milhao-de-pessoas-sao-afetadas\/#respond\"]}]},{\"@type\":\"WebPage\",\"@id\":\"https:\/\/cleitonpinheiro.com.br\/site\/chuvas-no-rs-mortes-chegam-a-95-14-milhao-de-pessoas-sao-afetadas\/\",\"url\":\"https:\/\/cleitonpinheiro.com.br\/site\/chuvas-no-rs-mortes-chegam-a-95-14-milhao-de-pessoas-sao-afetadas\/\",\"name\":\"Chuvas no RS: mortes chegam a 95; 1,4 milh\u00e3o de pessoas s\u00e3o afetadas - PORTAL DE NOT\u00cdCIAS CLEITON PINHEIRO\",\"isPartOf\":{\"@id\":\"https:\/\/cleitonpinheiro.com.br\/site\/#website\"},\"primaryImageOfPage\":{\"@id\":\"https:\/\/cleitonpinheiro.com.br\/site\/chuvas-no-rs-mortes-chegam-a-95-14-milhao-de-pessoas-sao-afetadas\/#primaryimage\"},\"image\":{\"@id\":\"https:\/\/cleitonpinheiro.com.br\/site\/chuvas-no-rs-mortes-chegam-a-95-14-milhao-de-pessoas-sao-afetadas\/#primaryimage\"},\"thumbnailUrl\":\"https:\/\/cleitonpinheiro.com.br\/site\/wp-content\/uploads\/2024\/05\/53699604977_16df95eca3_o_0-960x540-1.webp\",\"datePublished\":\"2024-05-08T15:13:34+00:00\",\"dateModified\":\"2024-05-08T15:13:38+00:00\",\"breadcrumb\":{\"@id\":\"https:\/\/cleitonpinheiro.com.br\/site\/chuvas-no-rs-mortes-chegam-a-95-14-milhao-de-pessoas-sao-afetadas\/#breadcrumb\"},\"inLanguage\":\"pt-BR\",\"potentialAction\":[{\"@type\":\"ReadAction\",\"target\":[\"https:\/\/cleitonpinheiro.com.br\/site\/chuvas-no-rs-mortes-chegam-a-95-14-milhao-de-pessoas-sao-afetadas\/\"]}]},{\"@type\":\"ImageObject\",\"inLanguage\":\"pt-BR\",\"@id\":\"https:\/\/cleitonpinheiro.com.br\/site\/chuvas-no-rs-mortes-chegam-a-95-14-milhao-de-pessoas-sao-afetadas\/#primaryimage\",\"url\":\"\",\"contentUrl\":\"\"},{\"@type\":\"BreadcrumbList\",\"@id\":\"https:\/\/cleitonpinheiro.com.br\/site\/chuvas-no-rs-mortes-chegam-a-95-14-milhao-de-pessoas-sao-afetadas\/#breadcrumb\",\"itemListElement\":[{\"@type\":\"ListItem\",\"position\":1,\"name\":\"In\u00edcio\",\"item\":\"https:\/\/cleitonpinheiro.com.br\/site\/\"},{\"@type\":\"ListItem\",\"position\":2,\"name\":\"Chuvas no RS: mortes chegam a 95; 1,4 milh\u00e3o de pessoas s\u00e3o afetadas\"}]},{\"@type\":\"WebSite\",\"@id\":\"https:\/\/cleitonpinheiro.com.br\/site\/#website\",\"url\":\"https:\/\/cleitonpinheiro.com.br\/site\/\",\"name\":\"PORTAL DE NOT\u00cdCIAS CLEITON PINHEIRO\",\"description\":\"FALANDO A VERDADE\",\"publisher\":{\"@id\":\"https:\/\/cleitonpinheiro.com.br\/site\/#organization\"},\"potentialAction\":[{\"@type\":\"SearchAction\",\"target\":{\"@type\":\"EntryPoint\",\"urlTemplate\":\"https:\/\/cleitonpinheiro.com.br\/site\/?s={search_term_string}\"},\"query-input\":{\"@type\":\"PropertyValueSpecification\",\"valueRequired\":true,\"valueName\":\"search_term_string\"}}],\"inLanguage\":\"pt-BR\"},{\"@type\":\"Organization\",\"@id\":\"https:\/\/cleitonpinheiro.com.br\/site\/#organization\",\"name\":\"CPNOT\u00cdCIAS\",\"url\":\"https:\/\/cleitonpinheiro.com.br\/site\/\",\"logo\":{\"@type\":\"ImageObject\",\"inLanguage\":\"pt-BR\",\"@id\":\"https:\/\/cleitonpinheiro.com.br\/site\/#\/schema\/logo\/image\/\",\"url\":\"https:\/\/cleitonpinheiro.com.br\/site\/wp-content\/uploads\/2022\/08\/Logo-pequena-2.png\",\"contentUrl\":\"https:\/\/cleitonpinheiro.com.br\/site\/wp-content\/uploads\/2022\/08\/Logo-pequena-2.png\",\"width\":500,\"height\":500,\"caption\":\"CPNOT\u00cdCIAS\"},\"image\":{\"@id\":\"https:\/\/cleitonpinheiro.com.br\/site\/#\/schema\/logo\/image\/\"},\"sameAs\":[\"https:\/\/www.facebook.com\/portalcpnoticias\/\"]},{\"@type\":\"Person\",\"@id\":\"https:\/\/cleitonpinheiro.com.br\/site\/#\/schema\/person\/62fd4eb98fcc8bd3fc477aaff264af51\",\"name\":\"Cleiton Pinheiro\",\"image\":{\"@type\":\"ImageObject\",\"inLanguage\":\"pt-BR\",\"@id\":\"https:\/\/cleitonpinheiro.com.br\/site\/#\/schema\/person\/image\/\",\"url\":\"https:\/\/secure.gravatar.com\/avatar\/15642ec35b78fe5eed3cfa8e4a3f3211d73a3df4f35f0566b4324958cba1b1b9?s=96&r=g\",\"contentUrl\":\"https:\/\/secure.gravatar.com\/avatar\/15642ec35b78fe5eed3cfa8e4a3f3211d73a3df4f35f0566b4324958cba1b1b9?s=96&r=g\",\"caption\":\"Cleiton Pinheiro\"},\"url\":\"https:\/\/cleitonpinheiro.com.br\/site\/author\/cleiton\/\"}]}<\/script>\n<!-- \/ Yoast SEO plugin. -->","yoast_head_json":{"title":"Chuvas no RS: mortes chegam a 95; 1,4 milh\u00e3o de pessoas s\u00e3o afetadas - PORTAL DE NOT\u00cdCIAS CLEITON PINHEIRO","robots":{"index":"index","follow":"follow","max-snippet":"max-snippet:-1","max-image-preview":"max-image-preview:large","max-video-preview":"max-video-preview:-1"},"canonical":"https:\/\/cleitonpinheiro.com.br\/site\/chuvas-no-rs-mortes-chegam-a-95-14-milhao-de-pessoas-sao-afetadas\/","og_locale":"pt_BR","og_type":"article","og_title":"Chuvas no RS: mortes chegam a 95; 1,4 milh\u00e3o de pessoas s\u00e3o afetadas - PORTAL DE NOT\u00cdCIAS CLEITON PINHEIRO","og_description":"80% das cidades ga\u00fachas sofreram danos com os temporais As trag\u00e9dias das chuvas no Rio Grande do Sul provocaram 95 mortes at\u00e9 agora, sendo que quatro casos est\u00e3o em avalia\u00e7\u00e3o. O governador Eduardo Leite\u00a0confirmou que 131 pessoas est\u00e3o desaparecidas. Pelo menos, 401 cidades foram afetadas, o que representa 80,6% do total de 497 cidades ga\u00fachas.\u00a0 [&hellip;]","og_url":"https:\/\/cleitonpinheiro.com.br\/site\/chuvas-no-rs-mortes-chegam-a-95-14-milhao-de-pessoas-sao-afetadas\/","og_site_name":"PORTAL DE NOT\u00cdCIAS CLEITON PINHEIRO","article_publisher":"https:\/\/www.facebook.com\/portalcpnoticias\/","article_published_time":"2024-05-08T15:13:34+00:00","article_modified_time":"2024-05-08T15:13:38+00:00","og_image":[{"width":960,"height":540,"url":"https:\/\/cleitonpinheiro.com.br\/site\/wp-content\/uploads\/2024\/05\/53699604977_16df95eca3_o_0-960x540-1.webp","type":"image\/webp"}],"author":"Cleiton Pinheiro","twitter_card":"summary_large_image","twitter_misc":{"Escrito por":"Cleiton Pinheiro","Est. tempo de leitura":"2 minutos"},"schema":{"@context":"https:\/\/schema.org","@graph":[{"@type":"Article","@id":"https:\/\/cleitonpinheiro.com.br\/site\/chuvas-no-rs-mortes-chegam-a-95-14-milhao-de-pessoas-sao-afetadas\/#article","isPartOf":{"@id":"https:\/\/cleitonpinheiro.com.br\/site\/chuvas-no-rs-mortes-chegam-a-95-14-milhao-de-pessoas-sao-afetadas\/"},"author":{"name":"Cleiton Pinheiro","@id":"https:\/\/cleitonpinheiro.com.br\/site\/#\/schema\/person\/62fd4eb98fcc8bd3fc477aaff264af51"},"headline":"Chuvas no RS: mortes chegam a 95; 1,4 milh\u00e3o de pessoas s\u00e3o afetadas","datePublished":"2024-05-08T15:13:34+00:00","dateModified":"2024-05-08T15:13:38+00:00","mainEntityOfPage":{"@id":"https:\/\/cleitonpinheiro.com.br\/site\/chuvas-no-rs-mortes-chegam-a-95-14-milhao-de-pessoas-sao-afetadas\/"},"wordCount":292,"commentCount":0,"publisher":{"@id":"https:\/\/cleitonpinheiro.com.br\/site\/#organization"},"image":{"@id":"https:\/\/cleitonpinheiro.com.br\/site\/chuvas-no-rs-mortes-chegam-a-95-14-milhao-de-pessoas-sao-afetadas\/#primaryimage"},"thumbnailUrl":"https:\/\/cleitonpinheiro.com.br\/site\/wp-content\/uploads\/2024\/05\/53699604977_16df95eca3_o_0-960x540-1.webp","articleSection":["BRASIL \/ MUNDO","MANCHETE SEGUND\u00c1RIA","TODAS NOTICIAS"],"inLanguage":"pt-BR","potentialAction":[{"@type":"CommentAction","name":"Comment","target":["https:\/\/cleitonpinheiro.com.br\/site\/chuvas-no-rs-mortes-chegam-a-95-14-milhao-de-pessoas-sao-afetadas\/#respond"]}]},{"@type":"WebPage","@id":"https:\/\/cleitonpinheiro.com.br\/site\/chuvas-no-rs-mortes-chegam-a-95-14-milhao-de-pessoas-sao-afetadas\/","url":"https:\/\/cleitonpinheiro.com.br\/site\/chuvas-no-rs-mortes-chegam-a-95-14-milhao-de-pessoas-sao-afetadas\/","name":"Chuvas no RS: mortes chegam a 95; 1,4 milh\u00e3o de pessoas s\u00e3o afetadas - PORTAL DE NOT\u00cdCIAS CLEITON PINHEIRO","isPartOf":{"@id":"https:\/\/cleitonpinheiro.com.br\/site\/#website"},"primaryImageOfPage":{"@id":"https:\/\/cleitonpinheiro.com.br\/site\/chuvas-no-rs-mortes-chegam-a-95-14-milhao-de-pessoas-sao-afetadas\/#primaryimage"},"image":{"@id":"https:\/\/cleitonpinheiro.com.br\/site\/chuvas-no-rs-mortes-chegam-a-95-14-milhao-de-pessoas-sao-afetadas\/#primaryimage"},"thumbnailUrl":"https:\/\/cleitonpinheiro.com.br\/site\/wp-content\/uploads\/2024\/05\/53699604977_16df95eca3_o_0-960x540-1.webp","datePublished":"2024-05-08T15:13:34+00:00","dateModified":"2024-05-08T15:13:38+00:00","breadcrumb":{"@id":"https:\/\/cleitonpinheiro.com.br\/site\/chuvas-no-rs-mortes-chegam-a-95-14-milhao-de-pessoas-sao-afetadas\/#breadcrumb"},"inLanguage":"pt-BR","potentialAction":[{"@type":"ReadAction","target":["https:\/\/cleitonpinheiro.com.br\/site\/chuvas-no-rs-mortes-chegam-a-95-14-milhao-de-pessoas-sao-afetadas\/"]}]},{"@type":"ImageObject","inLanguage":"pt-BR","@id":"https:\/\/cleitonpinheiro.com.br\/site\/chuvas-no-rs-mortes-chegam-a-95-14-milhao-de-pessoas-sao-afetadas\/#primaryimage","url":"","contentUrl":""},{"@type":"BreadcrumbList","@id":"https:\/\/cleitonpinheiro.com.br\/site\/chuvas-no-rs-mortes-chegam-a-95-14-milhao-de-pessoas-sao-afetadas\/#breadcrumb","itemListElement":[{"@type":"ListItem","position":1,"name":"In\u00edcio","item":"https:\/\/cleitonpinheiro.com.br\/site\/"},{"@type":"ListItem","position":2,"name":"Chuvas no RS: mortes chegam a 95; 1,4 milh\u00e3o de pessoas s\u00e3o afetadas"}]},{"@type":"WebSite","@id":"https:\/\/cleitonpinheiro.com.br\/site\/#website","url":"https:\/\/cleitonpinheiro.com.br\/site\/","name":"PORTAL DE NOT\u00cdCIAS CLEITON PINHEIRO","description":"FALANDO A VERDADE","publisher":{"@id":"https:\/\/cleitonpinheiro.com.br\/site\/#organization"},"potentialAction":[{"@type":"SearchAction","target":{"@type":"EntryPoint","urlTemplate":"https:\/\/cleitonpinheiro.com.br\/site\/?s={search_term_string}"},"query-input":{"@type":"PropertyValueSpecification","valueRequired":true,"valueName":"search_term_string"}}],"inLanguage":"pt-BR"},{"@type":"Organization","@id":"https:\/\/cleitonpinheiro.com.br\/site\/#organization","name":"CPNOT\u00cdCIAS","url":"https:\/\/cleitonpinheiro.com.br\/site\/","logo":{"@type":"ImageObject","inLanguage":"pt-BR","@id":"https:\/\/cleitonpinheiro.com.br\/site\/#\/schema\/logo\/image\/","url":"https:\/\/cleitonpinheiro.com.br\/site\/wp-content\/uploads\/2022\/08\/Logo-pequena-2.png","contentUrl":"https:\/\/cleitonpinheiro.com.br\/site\/wp-content\/uploads\/2022\/08\/Logo-pequena-2.png","width":500,"height":500,"caption":"CPNOT\u00cdCIAS"},"image":{"@id":"https:\/\/cleitonpinheiro.com.br\/site\/#\/schema\/logo\/image\/"},"sameAs":["https:\/\/www.facebook.com\/portalcpnoticias\/"]},{"@type":"Person","@id":"https:\/\/cleitonpinheiro.com.br\/site\/#\/schema\/person\/62fd4eb98fcc8bd3fc477aaff264af51","name":"Cleiton Pinheiro","image":{"@type":"ImageObject","inLanguage":"pt-BR","@id":"https:\/\/cleitonpinheiro.com.br\/site\/#\/schema\/person\/image\/","url":"https:\/\/secure.gravatar.com\/avatar\/15642ec35b78fe5eed3cfa8e4a3f3211d73a3df4f35f0566b4324958cba1b1b9?s=96&r=g","contentUrl":"https:\/\/secure.gravatar.com\/avatar\/15642ec35b78fe5eed3cfa8e4a3f3211d73a3df4f35f0566b4324958cba1b1b9?s=96&r=g","caption":"Cleiton Pinheiro"},"url":"https:\/\/cleitonpinheiro.com.br\/site\/author\/cleiton\/"}]}},"views":191,"_links":{"self":[{"href":"https:\/\/cleitonpinheiro.com.br\/site\/wp-json\/wp\/v2\/posts\/77124","targetHints":{"allow":["GET"]}}],"collection":[{"href":"https:\/\/cleitonpinheiro.com.br\/site\/wp-json\/wp\/v2\/posts"}],"about":[{"href":"https:\/\/cleitonpinheiro.com.br\/site\/wp-json\/wp\/v2\/types\/post"}],"author":[{"embeddable":true,"href":"https:\/\/cleitonpinheiro.com.br\/site\/wp-json\/wp\/v2\/users\/10"}],"replies":[{"embeddable":true,"href":"https:\/\/cleitonpinheiro.com.br\/site\/wp-json\/wp\/v2\/comments?post=77124"}],"version-history":[{"count":1,"href":"https:\/\/cleitonpinheiro.com.br\/site\/wp-json\/wp\/v2\/posts\/77124\/revisions"}],"predecessor-version":[{"id":77126,"href":"https:\/\/cleitonpinheiro.com.br\/site\/wp-json\/wp\/v2\/posts\/77124\/revisions\/77126"}],"wp:attachment":[{"href":"https:\/\/cleitonpinheiro.com.br\/site\/wp-json\/wp\/v2\/media?parent=77124"}],"wp:term":[{"taxonomy":"category","embeddable":true,"href":"https:\/\/cleitonpinheiro.com.br\/site\/wp-json\/wp\/v2\/categories?post=77124"},{"taxonomy":"post_tag","embeddable":true,"href":"https:\/\/cleitonpinheiro.com.br\/site\/wp-json\/wp\/v2\/tags?post=77124"}],"curies":[{"name":"wp","href":"https:\/\/api.w.org\/{rel}","templated":true}]}}