{"id":77131,"date":"2024-05-08T12:31:49","date_gmt":"2024-05-08T15:31:49","guid":{"rendered":"https:\/\/cleitonpinheiro.com.br\/site\/?p=77131"},"modified":"2024-05-08T12:31:54","modified_gmt":"2024-05-08T15:31:54","slug":"missao-internacional-prefeita-de-palmas-cinthia-conhece-experiencias-exitosas-em-portugal","status":"publish","type":"post","link":"https:\/\/cleitonpinheiro.com.br\/site\/missao-internacional-prefeita-de-palmas-cinthia-conhece-experiencias-exitosas-em-portugal\/","title":{"rendered":"Miss\u00e3o internacional: Prefeita de Palmas, Cinthia, conhece experi\u00eancias exitosas em Portugal"},"content":{"rendered":"\n<figure class=\"wp-block-image size-full\"><img decoding=\"async\" src=\"https:\/\/cleitonpinheiro.com.br\/site\/wp-content\/uploads\/2024\/05\/c93c1047aa3a4663a6352d56da9788b8.jpg\" alt=\"\" class=\"wp-image-77132\"\/><\/figure>\n\n\n\n<p>A prefeita de Palmas, Cinthia Ribeiro, tamb\u00e9m 2\u00aa vice-presidente da Frente Nacional de Prefeitas e Prefeitos (FNP) e l\u00edder da miss\u00e3o internacional em Portugal, conhece experi\u00eancias exitosas e boas pr\u00e1ticas de mobilidade urbana e sustentabilidade no segundo dia de programa\u00e7\u00e3o. &#8220;Nas visitas vamos conhecer experi\u00eancias de desenvolvimento sustent\u00e1vel, desenvolvimento econ\u00f4mico e de inova\u00e7\u00e3o, ci\u00eancia e tecnologia; \u00e1reas em que Portugal tem pr\u00e1ticas de pol\u00edticas p\u00fablicas importantes&#8221;, detalha a gestora municipal.<\/p>\n\n\n\n<p>Oito munic\u00edpios portugueses &#8211; Espinho, Gondomar, Maia, Matosinhos, Porto, P\u00f3voa de Varzim, Valongo e Vila do Conde &#8211; formaram um cons\u00f3rcio municipal em 1982 para fazer o tratamento dos res\u00edduos s\u00f3lidos e redu\u00e7\u00e3o dos materiais descartados em aterros sanit\u00e1rios. Esse cons\u00f3rcio, denominado de&nbsp;<a href=\"https:\/\/lipor.pt\/\" target=\"_blank\" rel=\"noreferrer noopener\">Lipor<\/a>, desenvolve estrat\u00e9gias de coleta seletiva de materiais recicl\u00e1veis e tamb\u00e9m res\u00edduos org\u00e2nicos, como tamb\u00e9m, a valoriza\u00e7\u00e3o energ\u00e9tica oriunda da compostagem desses res\u00edduos.&nbsp;<\/p>\n\n\n\n<p>No munic\u00edpio de Matosinhos, a comitiva da FNP visitou o&nbsp;<a href=\"https:\/\/www.ceiia.com\/\" target=\"_blank\" rel=\"noreferrer noopener\">Centro de Engenharia e Desenvolvimento (CEiiA)<\/a>. A prefeita Cinthia lembrou a visita do presidente Lula no ano passado e como ele ficou impressionado com os projetos inovadores desenvolvidos. O CEiiA \u00e9 considerado uma refer\u00eancia em projetos sustent\u00e1veis de mobilidade urbana, a\u00e9rea, mar\u00edtima e espacial. &nbsp;A prefeita Cinthia conheceu o&nbsp;<a href=\"https:\/\/www.ceiia.com\/ayr\" target=\"_blank\" rel=\"noreferrer noopener\">aplicativo AYR<\/a>&nbsp;desenvolvido pelo CEiiA, que faz a promo\u00e7\u00e3o da descarboniza\u00e7\u00e3o das cidades por meio do incentivo \u00e0 mobilidade ativa. A prefeitura de Itaja\u00ed (SC) \u00e9 precursora na replica\u00e7\u00e3o dessa iniciativa.<\/p>\n\n\n\n<p>Com in\u00edcio nesse domingo, 5, com a chegada da comitiva na cidade do Porto, localizada na regi\u00e3o norte de Portugal, a primeira atividade da miss\u00e3o foi a reuni\u00e3o de briefing sobre as agendas dos pr\u00f3ximos dias. Representando Palmas na miss\u00e3o, al\u00e9m da prefeita Cinthia, tamb\u00e9m est\u00e3o os secret\u00e1rios municipais de Planejamento e Desenvolvimento Humano, Mila Jaber; de Infraestrutura e Servi\u00e7os P\u00fablicos, Ant\u00f4nio Trabulsi Sobrinho; da Funda\u00e7\u00e3o Cultural de Palmas, Giovanni Assis; da Casa Civil, Gustavo Bott\u00f3s; da Ag\u00eancia de Tecnologia da Informa\u00e7\u00e3o, Yrene Nakamura; e do procurador-geral do Munic\u00edpio, Mauro Jos\u00e9 Ribas. Sem qualquer \u00f4nus \u00e0 Prefeitura de Palmas, tamb\u00e9m participa da miss\u00e3o o deputado estadual Eduardo Mantoan.<\/p>\n\n\n\n<p>Tamb\u00e9m integram a miss\u00e3o internacional, que conta com o apoio do F\u00f3rum de Integra\u00e7\u00e3o Brasil Europa (Fibe), o prefeito de Guarulhos (SP) e vice-presidente de Regi\u00f5es Metropolitanas da FNP, Guti; o prefeito de Mar\u00edlia (SP) e vice-presidente de Tr\u00e2nsito e Transporte da FNP, Daniel Alonso; e o prefeito de Santa B\u00e1rbara do Tug\u00fario (MG), Donatinho. Acompanhados de secret\u00e1rios municipais e assessores t\u00e9cnicos.<\/p>\n\n\n\n<p>Texto: Prefeitura de Palmas<\/p>\n","protected":false},"excerpt":{"rendered":"<p>A prefeita de Palmas, Cinthia Ribeiro, tamb\u00e9m 2\u00aa vice-presidente da Frente Nacional de Prefeitas e Prefeitos (FNP) e l\u00edder da miss\u00e3o internacional em Portugal, conhece experi\u00eancias exitosas e boas pr\u00e1ticas de mobilidade urbana e sustentabilidade no segundo dia de programa\u00e7\u00e3o. &#8220;Nas visitas vamos conhecer experi\u00eancias de desenvolvimento sustent\u00e1vel, desenvolvimento econ\u00f4mico e de inova\u00e7\u00e3o, ci\u00eancia e [&hellip;]<\/p>\n","protected":false},"author":10,"featured_media":0,"comment_status":"open","ping_status":"open","sticky":false,"template":"","format":"standard","meta":{"_acf_changed":false,"footnotes":""},"categories":[22,898,21],"tags":[],"class_list":["post-77131","post","type-post","status-publish","format-standard","hentry","category-cidades","category-manchete-segundaria","category-todas-noticias"],"acf":[],"yoast_head":"<!-- This site is optimized with the Yoast SEO plugin v24.4 - https:\/\/yoast.com\/wordpress\/plugins\/seo\/ -->\n<title>Miss\u00e3o internacional: Prefeita de Palmas, Cinthia, conhece experi\u00eancias exitosas em Portugal - PORTAL DE NOT\u00cdCIAS CLEITON PINHEIRO<\/title>\n<meta name=\"robots\" content=\"index, follow, max-snippet:-1, max-image-preview:large, max-video-preview:-1\" \/>\n<link rel=\"canonical\" href=\"https:\/\/cleitonpinheiro.com.br\/site\/missao-internacional-prefeita-de-palmas-cinthia-conhece-experiencias-exitosas-em-portugal\/\" \/>\n<meta property=\"og:locale\" content=\"pt_BR\" \/>\n<meta property=\"og:type\" content=\"article\" \/>\n<meta property=\"og:title\" content=\"Miss\u00e3o internacional: Prefeita de Palmas, Cinthia, conhece experi\u00eancias exitosas em Portugal - PORTAL DE NOT\u00cdCIAS CLEITON PINHEIRO\" \/>\n<meta property=\"og:description\" content=\"A prefeita de Palmas, Cinthia Ribeiro, tamb\u00e9m 2\u00aa vice-presidente da Frente Nacional de Prefeitas e Prefeitos (FNP) e l\u00edder da miss\u00e3o internacional em Portugal, conhece experi\u00eancias exitosas e boas pr\u00e1ticas de mobilidade urbana e sustentabilidade no segundo dia de programa\u00e7\u00e3o. &#8220;Nas visitas vamos conhecer experi\u00eancias de desenvolvimento sustent\u00e1vel, desenvolvimento econ\u00f4mico e de inova\u00e7\u00e3o, ci\u00eancia e [&hellip;]\" \/>\n<meta property=\"og:url\" content=\"https:\/\/cleitonpinheiro.com.br\/site\/missao-internacional-prefeita-de-palmas-cinthia-conhece-experiencias-exitosas-em-portugal\/\" \/>\n<meta property=\"og:site_name\" content=\"PORTAL DE NOT\u00cdCIAS CLEITON PINHEIRO\" \/>\n<meta property=\"article:publisher\" content=\"https:\/\/www.facebook.com\/portalcpnoticias\/\" \/>\n<meta property=\"article:published_time\" content=\"2024-05-08T15:31:49+00:00\" \/>\n<meta property=\"article:modified_time\" content=\"2024-05-08T15:31:54+00:00\" \/>\n<meta property=\"og:image\" content=\"https:\/\/cleitonpinheiro.com.br\/site\/wp-content\/uploads\/2024\/05\/c93c1047aa3a4663a6352d56da9788b8.jpg\" \/>\n\t<meta property=\"og:image:width\" content=\"800\" \/>\n\t<meta property=\"og:image:height\" content=\"533\" \/>\n\t<meta property=\"og:image:type\" content=\"image\/jpeg\" \/>\n<meta name=\"author\" content=\"Cleiton Pinheiro\" \/>\n<meta name=\"twitter:card\" content=\"summary_large_image\" \/>\n<meta name=\"twitter:label1\" content=\"Escrito por\" \/>\n\t<meta name=\"twitter:data1\" content=\"Cleiton Pinheiro\" \/>\n\t<meta name=\"twitter:label2\" content=\"Est. tempo de leitura\" \/>\n\t<meta name=\"twitter:data2\" content=\"3 minutos\" \/>\n<script type=\"application\/ld+json\" class=\"yoast-schema-graph\">{\"@context\":\"https:\/\/schema.org\",\"@graph\":[{\"@type\":\"Article\",\"@id\":\"https:\/\/cleitonpinheiro.com.br\/site\/missao-internacional-prefeita-de-palmas-cinthia-conhece-experiencias-exitosas-em-portugal\/#article\",\"isPartOf\":{\"@id\":\"https:\/\/cleitonpinheiro.com.br\/site\/missao-internacional-prefeita-de-palmas-cinthia-conhece-experiencias-exitosas-em-portugal\/\"},\"author\":{\"name\":\"Cleiton Pinheiro\",\"@id\":\"https:\/\/cleitonpinheiro.com.br\/site\/#\/schema\/person\/62fd4eb98fcc8bd3fc477aaff264af51\"},\"headline\":\"Miss\u00e3o internacional: Prefeita de Palmas, Cinthia, conhece experi\u00eancias exitosas em Portugal\",\"datePublished\":\"2024-05-08T15:31:49+00:00\",\"dateModified\":\"2024-05-08T15:31:54+00:00\",\"mainEntityOfPage\":{\"@id\":\"https:\/\/cleitonpinheiro.com.br\/site\/missao-internacional-prefeita-de-palmas-cinthia-conhece-experiencias-exitosas-em-portugal\/\"},\"wordCount\":482,\"commentCount\":0,\"publisher\":{\"@id\":\"https:\/\/cleitonpinheiro.com.br\/site\/#organization\"},\"image\":{\"@id\":\"https:\/\/cleitonpinheiro.com.br\/site\/missao-internacional-prefeita-de-palmas-cinthia-conhece-experiencias-exitosas-em-portugal\/#primaryimage\"},\"thumbnailUrl\":\"https:\/\/cleitonpinheiro.com.br\/site\/wp-content\/uploads\/2024\/05\/c93c1047aa3a4663a6352d56da9788b8.jpg\",\"articleSection\":[\"CIDADES\",\"MANCHETE SEGUND\u00c1RIA\",\"TODAS NOTICIAS\"],\"inLanguage\":\"pt-BR\",\"potentialAction\":[{\"@type\":\"CommentAction\",\"name\":\"Comment\",\"target\":[\"https:\/\/cleitonpinheiro.com.br\/site\/missao-internacional-prefeita-de-palmas-cinthia-conhece-experiencias-exitosas-em-portugal\/#respond\"]}]},{\"@type\":\"WebPage\",\"@id\":\"https:\/\/cleitonpinheiro.com.br\/site\/missao-internacional-prefeita-de-palmas-cinthia-conhece-experiencias-exitosas-em-portugal\/\",\"url\":\"https:\/\/cleitonpinheiro.com.br\/site\/missao-internacional-prefeita-de-palmas-cinthia-conhece-experiencias-exitosas-em-portugal\/\",\"name\":\"Miss\u00e3o internacional: Prefeita de Palmas, Cinthia, conhece experi\u00eancias exitosas em Portugal - PORTAL DE NOT\u00cdCIAS CLEITON PINHEIRO\",\"isPartOf\":{\"@id\":\"https:\/\/cleitonpinheiro.com.br\/site\/#website\"},\"primaryImageOfPage\":{\"@id\":\"https:\/\/cleitonpinheiro.com.br\/site\/missao-internacional-prefeita-de-palmas-cinthia-conhece-experiencias-exitosas-em-portugal\/#primaryimage\"},\"image\":{\"@id\":\"https:\/\/cleitonpinheiro.com.br\/site\/missao-internacional-prefeita-de-palmas-cinthia-conhece-experiencias-exitosas-em-portugal\/#primaryimage\"},\"thumbnailUrl\":\"https:\/\/cleitonpinheiro.com.br\/site\/wp-content\/uploads\/2024\/05\/c93c1047aa3a4663a6352d56da9788b8.jpg\",\"datePublished\":\"2024-05-08T15:31:49+00:00\",\"dateModified\":\"2024-05-08T15:31:54+00:00\",\"breadcrumb\":{\"@id\":\"https:\/\/cleitonpinheiro.com.br\/site\/missao-internacional-prefeita-de-palmas-cinthia-conhece-experiencias-exitosas-em-portugal\/#breadcrumb\"},\"inLanguage\":\"pt-BR\",\"potentialAction\":[{\"@type\":\"ReadAction\",\"target\":[\"https:\/\/cleitonpinheiro.com.br\/site\/missao-internacional-prefeita-de-palmas-cinthia-conhece-experiencias-exitosas-em-portugal\/\"]}]},{\"@type\":\"ImageObject\",\"inLanguage\":\"pt-BR\",\"@id\":\"https:\/\/cleitonpinheiro.com.br\/site\/missao-internacional-prefeita-de-palmas-cinthia-conhece-experiencias-exitosas-em-portugal\/#primaryimage\",\"url\":\"\",\"contentUrl\":\"\"},{\"@type\":\"BreadcrumbList\",\"@id\":\"https:\/\/cleitonpinheiro.com.br\/site\/missao-internacional-prefeita-de-palmas-cinthia-conhece-experiencias-exitosas-em-portugal\/#breadcrumb\",\"itemListElement\":[{\"@type\":\"ListItem\",\"position\":1,\"name\":\"In\u00edcio\",\"item\":\"https:\/\/cleitonpinheiro.com.br\/site\/\"},{\"@type\":\"ListItem\",\"position\":2,\"name\":\"Miss\u00e3o internacional: Prefeita de Palmas, Cinthia, conhece experi\u00eancias exitosas em Portugal\"}]},{\"@type\":\"WebSite\",\"@id\":\"https:\/\/cleitonpinheiro.com.br\/site\/#website\",\"url\":\"https:\/\/cleitonpinheiro.com.br\/site\/\",\"name\":\"PORTAL DE NOT\u00cdCIAS CLEITON PINHEIRO\",\"description\":\"FALANDO A VERDADE\",\"publisher\":{\"@id\":\"https:\/\/cleitonpinheiro.com.br\/site\/#organization\"},\"potentialAction\":[{\"@type\":\"SearchAction\",\"target\":{\"@type\":\"EntryPoint\",\"urlTemplate\":\"https:\/\/cleitonpinheiro.com.br\/site\/?s={search_term_string}\"},\"query-input\":{\"@type\":\"PropertyValueSpecification\",\"valueRequired\":true,\"valueName\":\"search_term_string\"}}],\"inLanguage\":\"pt-BR\"},{\"@type\":\"Organization\",\"@id\":\"https:\/\/cleitonpinheiro.com.br\/site\/#organization\",\"name\":\"CPNOT\u00cdCIAS\",\"url\":\"https:\/\/cleitonpinheiro.com.br\/site\/\",\"logo\":{\"@type\":\"ImageObject\",\"inLanguage\":\"pt-BR\",\"@id\":\"https:\/\/cleitonpinheiro.com.br\/site\/#\/schema\/logo\/image\/\",\"url\":\"https:\/\/cleitonpinheiro.com.br\/site\/wp-content\/uploads\/2022\/08\/Logo-pequena-2.png\",\"contentUrl\":\"https:\/\/cleitonpinheiro.com.br\/site\/wp-content\/uploads\/2022\/08\/Logo-pequena-2.png\",\"width\":500,\"height\":500,\"caption\":\"CPNOT\u00cdCIAS\"},\"image\":{\"@id\":\"https:\/\/cleitonpinheiro.com.br\/site\/#\/schema\/logo\/image\/\"},\"sameAs\":[\"https:\/\/www.facebook.com\/portalcpnoticias\/\"]},{\"@type\":\"Person\",\"@id\":\"https:\/\/cleitonpinheiro.com.br\/site\/#\/schema\/person\/62fd4eb98fcc8bd3fc477aaff264af51\",\"name\":\"Cleiton Pinheiro\",\"image\":{\"@type\":\"ImageObject\",\"inLanguage\":\"pt-BR\",\"@id\":\"https:\/\/cleitonpinheiro.com.br\/site\/#\/schema\/person\/image\/\",\"url\":\"https:\/\/secure.gravatar.com\/avatar\/15642ec35b78fe5eed3cfa8e4a3f3211d73a3df4f35f0566b4324958cba1b1b9?s=96&r=g\",\"contentUrl\":\"https:\/\/secure.gravatar.com\/avatar\/15642ec35b78fe5eed3cfa8e4a3f3211d73a3df4f35f0566b4324958cba1b1b9?s=96&r=g\",\"caption\":\"Cleiton Pinheiro\"},\"url\":\"https:\/\/cleitonpinheiro.com.br\/site\/author\/cleiton\/\"}]}<\/script>\n<!-- \/ Yoast SEO plugin. -->","yoast_head_json":{"title":"Miss\u00e3o internacional: Prefeita de Palmas, Cinthia, conhece experi\u00eancias exitosas em Portugal - PORTAL DE NOT\u00cdCIAS CLEITON PINHEIRO","robots":{"index":"index","follow":"follow","max-snippet":"max-snippet:-1","max-image-preview":"max-image-preview:large","max-video-preview":"max-video-preview:-1"},"canonical":"https:\/\/cleitonpinheiro.com.br\/site\/missao-internacional-prefeita-de-palmas-cinthia-conhece-experiencias-exitosas-em-portugal\/","og_locale":"pt_BR","og_type":"article","og_title":"Miss\u00e3o internacional: Prefeita de Palmas, Cinthia, conhece experi\u00eancias exitosas em Portugal - PORTAL DE NOT\u00cdCIAS CLEITON PINHEIRO","og_description":"A prefeita de Palmas, Cinthia Ribeiro, tamb\u00e9m 2\u00aa vice-presidente da Frente Nacional de Prefeitas e Prefeitos (FNP) e l\u00edder da miss\u00e3o internacional em Portugal, conhece experi\u00eancias exitosas e boas pr\u00e1ticas de mobilidade urbana e sustentabilidade no segundo dia de programa\u00e7\u00e3o. &#8220;Nas visitas vamos conhecer experi\u00eancias de desenvolvimento sustent\u00e1vel, desenvolvimento econ\u00f4mico e de inova\u00e7\u00e3o, ci\u00eancia e [&hellip;]","og_url":"https:\/\/cleitonpinheiro.com.br\/site\/missao-internacional-prefeita-de-palmas-cinthia-conhece-experiencias-exitosas-em-portugal\/","og_site_name":"PORTAL DE NOT\u00cdCIAS CLEITON PINHEIRO","article_publisher":"https:\/\/www.facebook.com\/portalcpnoticias\/","article_published_time":"2024-05-08T15:31:49+00:00","article_modified_time":"2024-05-08T15:31:54+00:00","og_image":[{"width":800,"height":533,"url":"https:\/\/cleitonpinheiro.com.br\/site\/wp-content\/uploads\/2024\/05\/c93c1047aa3a4663a6352d56da9788b8.jpg","type":"image\/jpeg"}],"author":"Cleiton Pinheiro","twitter_card":"summary_large_image","twitter_misc":{"Escrito por":"Cleiton Pinheiro","Est. tempo de leitura":"3 minutos"},"schema":{"@context":"https:\/\/schema.org","@graph":[{"@type":"Article","@id":"https:\/\/cleitonpinheiro.com.br\/site\/missao-internacional-prefeita-de-palmas-cinthia-conhece-experiencias-exitosas-em-portugal\/#article","isPartOf":{"@id":"https:\/\/cleitonpinheiro.com.br\/site\/missao-internacional-prefeita-de-palmas-cinthia-conhece-experiencias-exitosas-em-portugal\/"},"author":{"name":"Cleiton Pinheiro","@id":"https:\/\/cleitonpinheiro.com.br\/site\/#\/schema\/person\/62fd4eb98fcc8bd3fc477aaff264af51"},"headline":"Miss\u00e3o internacional: Prefeita de Palmas, Cinthia, conhece experi\u00eancias exitosas em Portugal","datePublished":"2024-05-08T15:31:49+00:00","dateModified":"2024-05-08T15:31:54+00:00","mainEntityOfPage":{"@id":"https:\/\/cleitonpinheiro.com.br\/site\/missao-internacional-prefeita-de-palmas-cinthia-conhece-experiencias-exitosas-em-portugal\/"},"wordCount":482,"commentCount":0,"publisher":{"@id":"https:\/\/cleitonpinheiro.com.br\/site\/#organization"},"image":{"@id":"https:\/\/cleitonpinheiro.com.br\/site\/missao-internacional-prefeita-de-palmas-cinthia-conhece-experiencias-exitosas-em-portugal\/#primaryimage"},"thumbnailUrl":"https:\/\/cleitonpinheiro.com.br\/site\/wp-content\/uploads\/2024\/05\/c93c1047aa3a4663a6352d56da9788b8.jpg","articleSection":["CIDADES","MANCHETE SEGUND\u00c1RIA","TODAS NOTICIAS"],"inLanguage":"pt-BR","potentialAction":[{"@type":"CommentAction","name":"Comment","target":["https:\/\/cleitonpinheiro.com.br\/site\/missao-internacional-prefeita-de-palmas-cinthia-conhece-experiencias-exitosas-em-portugal\/#respond"]}]},{"@type":"WebPage","@id":"https:\/\/cleitonpinheiro.com.br\/site\/missao-internacional-prefeita-de-palmas-cinthia-conhece-experiencias-exitosas-em-portugal\/","url":"https:\/\/cleitonpinheiro.com.br\/site\/missao-internacional-prefeita-de-palmas-cinthia-conhece-experiencias-exitosas-em-portugal\/","name":"Miss\u00e3o internacional: Prefeita de Palmas, Cinthia, conhece experi\u00eancias exitosas em Portugal - PORTAL DE NOT\u00cdCIAS CLEITON PINHEIRO","isPartOf":{"@id":"https:\/\/cleitonpinheiro.com.br\/site\/#website"},"primaryImageOfPage":{"@id":"https:\/\/cleitonpinheiro.com.br\/site\/missao-internacional-prefeita-de-palmas-cinthia-conhece-experiencias-exitosas-em-portugal\/#primaryimage"},"image":{"@id":"https:\/\/cleitonpinheiro.com.br\/site\/missao-internacional-prefeita-de-palmas-cinthia-conhece-experiencias-exitosas-em-portugal\/#primaryimage"},"thumbnailUrl":"https:\/\/cleitonpinheiro.com.br\/site\/wp-content\/uploads\/2024\/05\/c93c1047aa3a4663a6352d56da9788b8.jpg","datePublished":"2024-05-08T15:31:49+00:00","dateModified":"2024-05-08T15:31:54+00:00","breadcrumb":{"@id":"https:\/\/cleitonpinheiro.com.br\/site\/missao-internacional-prefeita-de-palmas-cinthia-conhece-experiencias-exitosas-em-portugal\/#breadcrumb"},"inLanguage":"pt-BR","potentialAction":[{"@type":"ReadAction","target":["https:\/\/cleitonpinheiro.com.br\/site\/missao-internacional-prefeita-de-palmas-cinthia-conhece-experiencias-exitosas-em-portugal\/"]}]},{"@type":"ImageObject","inLanguage":"pt-BR","@id":"https:\/\/cleitonpinheiro.com.br\/site\/missao-internacional-prefeita-de-palmas-cinthia-conhece-experiencias-exitosas-em-portugal\/#primaryimage","url":"","contentUrl":""},{"@type":"BreadcrumbList","@id":"https:\/\/cleitonpinheiro.com.br\/site\/missao-internacional-prefeita-de-palmas-cinthia-conhece-experiencias-exitosas-em-portugal\/#breadcrumb","itemListElement":[{"@type":"ListItem","position":1,"name":"In\u00edcio","item":"https:\/\/cleitonpinheiro.com.br\/site\/"},{"@type":"ListItem","position":2,"name":"Miss\u00e3o internacional: Prefeita de Palmas, Cinthia, conhece experi\u00eancias exitosas em Portugal"}]},{"@type":"WebSite","@id":"https:\/\/cleitonpinheiro.com.br\/site\/#website","url":"https:\/\/cleitonpinheiro.com.br\/site\/","name":"PORTAL DE NOT\u00cdCIAS CLEITON PINHEIRO","description":"FALANDO A VERDADE","publisher":{"@id":"https:\/\/cleitonpinheiro.com.br\/site\/#organization"},"potentialAction":[{"@type":"SearchAction","target":{"@type":"EntryPoint","urlTemplate":"https:\/\/cleitonpinheiro.com.br\/site\/?s={search_term_string}"},"query-input":{"@type":"PropertyValueSpecification","valueRequired":true,"valueName":"search_term_string"}}],"inLanguage":"pt-BR"},{"@type":"Organization","@id":"https:\/\/cleitonpinheiro.com.br\/site\/#organization","name":"CPNOT\u00cdCIAS","url":"https:\/\/cleitonpinheiro.com.br\/site\/","logo":{"@type":"ImageObject","inLanguage":"pt-BR","@id":"https:\/\/cleitonpinheiro.com.br\/site\/#\/schema\/logo\/image\/","url":"https:\/\/cleitonpinheiro.com.br\/site\/wp-content\/uploads\/2022\/08\/Logo-pequena-2.png","contentUrl":"https:\/\/cleitonpinheiro.com.br\/site\/wp-content\/uploads\/2022\/08\/Logo-pequena-2.png","width":500,"height":500,"caption":"CPNOT\u00cdCIAS"},"image":{"@id":"https:\/\/cleitonpinheiro.com.br\/site\/#\/schema\/logo\/image\/"},"sameAs":["https:\/\/www.facebook.com\/portalcpnoticias\/"]},{"@type":"Person","@id":"https:\/\/cleitonpinheiro.com.br\/site\/#\/schema\/person\/62fd4eb98fcc8bd3fc477aaff264af51","name":"Cleiton Pinheiro","image":{"@type":"ImageObject","inLanguage":"pt-BR","@id":"https:\/\/cleitonpinheiro.com.br\/site\/#\/schema\/person\/image\/","url":"https:\/\/secure.gravatar.com\/avatar\/15642ec35b78fe5eed3cfa8e4a3f3211d73a3df4f35f0566b4324958cba1b1b9?s=96&r=g","contentUrl":"https:\/\/secure.gravatar.com\/avatar\/15642ec35b78fe5eed3cfa8e4a3f3211d73a3df4f35f0566b4324958cba1b1b9?s=96&r=g","caption":"Cleiton Pinheiro"},"url":"https:\/\/cleitonpinheiro.com.br\/site\/author\/cleiton\/"}]}},"views":221,"_links":{"self":[{"href":"https:\/\/cleitonpinheiro.com.br\/site\/wp-json\/wp\/v2\/posts\/77131","targetHints":{"allow":["GET"]}}],"collection":[{"href":"https:\/\/cleitonpinheiro.com.br\/site\/wp-json\/wp\/v2\/posts"}],"about":[{"href":"https:\/\/cleitonpinheiro.com.br\/site\/wp-json\/wp\/v2\/types\/post"}],"author":[{"embeddable":true,"href":"https:\/\/cleitonpinheiro.com.br\/site\/wp-json\/wp\/v2\/users\/10"}],"replies":[{"embeddable":true,"href":"https:\/\/cleitonpinheiro.com.br\/site\/wp-json\/wp\/v2\/comments?post=77131"}],"version-history":[{"count":1,"href":"https:\/\/cleitonpinheiro.com.br\/site\/wp-json\/wp\/v2\/posts\/77131\/revisions"}],"predecessor-version":[{"id":77133,"href":"https:\/\/cleitonpinheiro.com.br\/site\/wp-json\/wp\/v2\/posts\/77131\/revisions\/77133"}],"wp:attachment":[{"href":"https:\/\/cleitonpinheiro.com.br\/site\/wp-json\/wp\/v2\/media?parent=77131"}],"wp:term":[{"taxonomy":"category","embeddable":true,"href":"https:\/\/cleitonpinheiro.com.br\/site\/wp-json\/wp\/v2\/categories?post=77131"},{"taxonomy":"post_tag","embeddable":true,"href":"https:\/\/cleitonpinheiro.com.br\/site\/wp-json\/wp\/v2\/tags?post=77131"}],"curies":[{"name":"wp","href":"https:\/\/api.w.org\/{rel}","templated":true}]}}