{"id":77196,"date":"2024-05-15T08:21:30","date_gmt":"2024-05-15T11:21:30","guid":{"rendered":"https:\/\/cleitonpinheiro.com.br\/site\/?p=77196"},"modified":"2024-05-16T15:44:58","modified_gmt":"2024-05-16T18:44:58","slug":"prefeitura-de-palmas-garante-nota-triplo-a-em-classificacao-do-governo-federal","status":"publish","type":"post","link":"https:\/\/cleitonpinheiro.com.br\/site\/prefeitura-de-palmas-garante-nota-triplo-a-em-classificacao-do-governo-federal\/","title":{"rendered":"Prefeitura de Palmas garante nota Triplo A em classifica\u00e7\u00e3o do Governo Federal"},"content":{"rendered":"\n<figure class=\"wp-block-image size-full\"><img decoding=\"async\" src=\"https:\/\/cleitonpinheiro.com.br\/site\/wp-content\/uploads\/2024\/05\/d1705db6-1906-4be2-aa10-530fd378b571.jpg\" alt=\"\" class=\"wp-image-77197\"\/><figcaption class=\"wp-element-caption\">Prefeita Cinthia: \u201cesse resultado demonstra a excel\u00eancia da nossa gest\u00e3o or\u00e7ament\u00e1ria e a sa\u00fade financeira da Prefeitura de Palmas&#8221; &#8211; Foto: Edu Fortes\/Prefeitura de Palmas<\/figcaption><\/figure>\n\n\n\n<p>Com base na presta\u00e7\u00e3o de contas de 2023, a Secretaria do Tesouro Nacional (STN), ligada ao Minist\u00e9rio da Fazenda, classificou a Prefeitura de Palmas com as maiores notas &#8211; Triplo A &#8211; em rela\u00e7\u00e3o aos indicadores Endividamento, Poupan\u00e7a e Liquidez. Essa nota demonstra a capacidade de pagamento do munic\u00edpio e estado. Entre as capitais, apenas Palmas e mais tr\u00eas cidades alcan\u00e7aram a melhor classifica\u00e7\u00e3o &#8211; Rio Branco (AC), Vit\u00f3ria (ES) e S\u00e3o Lu\u00eds (MA) -. \u00a0O Estado do Tocantins aparece com nota B +.\u00a0<\/p>\n\n\n\n<p>\u201cA nota Triplo A possibilita ao munic\u00edpio acessar um grande volume de recursos financeiros via financiamento e torna Palmas apta a receber mais recursos do Governo Federal\u201d, explica a prefeita de Palmas, Cinthia Ribeiro. A Gest\u00e3o Municipal foi contemplada com recursos no Novo PAC este ano, quase R$ 400 milh\u00f5es, para obras em \u00e1reas importantes: sa\u00fade, educa\u00e7\u00e3o, habita\u00e7\u00e3o, regulariza\u00e7\u00e3o fundi\u00e1ria&nbsp;e mobilidade urbana. &nbsp;<\/p>\n\n\n\n<p>\u201cEsse resultado demonstra a excel\u00eancia da nossa gest\u00e3o or\u00e7ament\u00e1ria e a sa\u00fade financeira da Prefeitura de Palmas, que nos permite ampliar e melhorar o servi\u00e7o p\u00fablico\u201d, argumenta Cinthia Ribeiro. Vale destacar que a administra\u00e7\u00e3o da prefeita ampliou a arrecada\u00e7\u00e3o de receitas sem aumento de impostos e taxas, que possibilitou a amplia\u00e7\u00e3o dos servi\u00e7os p\u00fablicos e a implanta\u00e7\u00e3o de melhorias aos servidores p\u00fablicos.<\/p>\n\n\n\n<p>A STN faz um diagn\u00f3stico da capacidade de pagamento e a situa\u00e7\u00e3o fiscal das prefeituras e dos governos estaduais, tendo como finalidade a autoriza\u00e7\u00e3o de empr\u00e9stimos com garantia da Uni\u00e3o.&nbsp;<\/p>\n\n\n\n<p><strong>Ranking da Capacidade de Pagamento (Capag) das capitais&nbsp;&nbsp; &nbsp;&nbsp;&nbsp; &nbsp;&nbsp;&nbsp; &nbsp;&nbsp;&nbsp; &nbsp;<\/strong><\/p>\n\n\n\n<ul class=\"wp-block-list\">\n<li>Palmas (TO): A\u00a0\u00a0 \u00a0A\u00a0\u00a0 \u00a0A<\/li>\n\n\n\n<li>Rio Branco (AC): A\u00a0\u00a0 \u00a0A\u00a0\u00a0 \u00a0A<\/li>\n\n\n\n<li>S\u00e3o Lu\u00eds (MA):\u00a0\u00a0A\u00a0\u00a0 \u00a0A\u00a0\u00a0 \u00a0A<\/li>\n\n\n\n<li>Vit\u00f3ria (ES):\u00a0\u00a0 \u00a0A\u00a0\u00a0 \u00a0A\u00a0\u00a0 \u00a0A<\/li>\n\n\n\n<li>Salvador (BA):\u00a0\u00a0 A\u00a0\u00a0 \u00a0B\u00a0\u00a0 \u00a0A<\/li>\n\n\n\n<li>Belo Horizonte (MG):\u00a0\u00a0 A\u00a0\u00a0 \u00a0B\u00a0\u00a0 \u00a0A<\/li>\n\n\n\n<li>Jo\u00e3o Pessoa (PB):\u00a0\u00a0A\u00a0\u00a0 \u00a0B\u00a0\u00a0 \u00a0A<\/li>\n\n\n\n<li>Porto Alegre (RS) :\u00a0\u00a0A\u00a0\u00a0 \u00a0B\u00a0\u00a0 \u00a0A<\/li>\n\n\n\n<li>Porto Velho (RO) :\u00a0\u00a0 A\u00a0\u00a0 \u00a0B\u00a0\u00a0 \u00a0A<\/li>\n\n\n\n<li>Macei\u00f3 (AL) :\u00a0 A\u00a0\u00a0 \u00a0A\u00a0\u00a0 \u00a0B<\/li>\n\n\n\n<li>Goi\u00e2nia (GO):\u00a0\u00a0A\u00a0\u00a0 \u00a0B\u00a0\u00a0 \u00a0A<\/li>\n\n\n\n<li>Bel\u00e9m (PA):\u00a0\u00a0A\u00a0\u00a0 \u00a0B\u00a0\u00a0 \u00a0A<\/li>\n\n\n\n<li>Curitiba (PR):\u00a0 A\u00a0\u00a0 \u00a0B\u00a0\u00a0 \u00a0A<\/li>\n\n\n\n<li>S\u00e3o Paulo (SP):\u00a0 A\u00a0\u00a0 \u00a0B\u00a0\u00a0 \u00a0A<\/li>\n\n\n\n<li>Aracaju (SE):\u00a0 A\u00a0\u00a0 \u00a0B\u00a0\u00a0 \u00a0A<\/li>\n\n\n\n<li>Fortaleza (CE):\u00a0\u00a0A\u00a0\u00a0 \u00a0B\u00a0\u00a0 \u00a0B<\/li>\n\n\n\n<li>Bras\u00edlia (DF):\u00a0 A\u00a0\u00a0 \u00a0B\u00a0\u00a0 \u00a0A<\/li>\n\n\n\n<li>Recife (PE):\u00a0 A\u00a0\u00a0 \u00a0B\u00a0\u00a0 \u00a0B<\/li>\n\n\n\n<li>Manaus (AM):\u00a0\u00a0A\u00a0\u00a0 \u00a0B\u00a0\u00a0 \u00a0B<\/li>\n\n\n\n<li>Macap\u00e1 (AP):\u00a0 A\u00a0\u00a0 \u00a0B\u00a0\u00a0 \u00a0B<\/li>\n\n\n\n<li>Rio de Janeiro (RJ):\u00a0 A\u00a0\u00a0 \u00a0B\u00a0\u00a0 \u00a0B<\/li>\n\n\n\n<li>Campo Grande (MS):\u00a0A\u00a0\u00a0 \u00a0C\u00a0\u00a0 \u00a0B<\/li>\n\n\n\n<li>Teresina (PI):\u00a0 A\u00a0\u00a0 \u00a0C\u00a0\u00a0 \u00a0C<\/li>\n\n\n\n<li>Natal (RN):\u00a0 A\u00a0\u00a0 \u00a0C\u00a0\u00a0 \u00a0C<\/li>\n\n\n\n<li>Boa Vista (RR):\u00a0A\u00a0\u00a0 \u00a0A\u00a0\u00a0 \u00a0C<\/li>\n\n\n\n<li>Florian\u00f3polis (SC):\u00a0\u00a0A\u00a0\u00a0 \u00a0B\u00a0\u00a0 \u00a0C<\/li>\n\n\n\n<li>Cuiab\u00e1 (MT):\u00a0dados n\u00e3o informados\u00a0\u00a0 \u00a0\u00a0\u00a0 \u00a0\u00a0\u00a0 \u00a0<\/li>\n<\/ul>\n\n\n\n<p><em>Fonte: www.tesourotransparente.gov.br &#8211; Capag&nbsp;<\/em><\/p>\n\n\n\n<p><strong>Texto:\u00a0<\/strong>Prefeitura de Palmas<\/p>\n","protected":false},"excerpt":{"rendered":"<p>Com base na presta\u00e7\u00e3o de contas de 2023, a Secretaria do Tesouro Nacional (STN), ligada ao Minist\u00e9rio da Fazenda, classificou a Prefeitura de Palmas com as maiores notas &#8211; Triplo A &#8211; em rela\u00e7\u00e3o aos indicadores Endividamento, Poupan\u00e7a e Liquidez. Essa nota demonstra a capacidade de pagamento do munic\u00edpio e estado. Entre as capitais, apenas [&hellip;]<\/p>\n","protected":false},"author":10,"featured_media":0,"comment_status":"open","ping_status":"open","sticky":false,"template":"","format":"standard","meta":{"_acf_changed":false,"footnotes":""},"categories":[22,898,21],"tags":[],"class_list":["post-77196","post","type-post","status-publish","format-standard","hentry","category-cidades","category-manchete-segundaria","category-todas-noticias"],"acf":[],"yoast_head":"<!-- This site is optimized with the Yoast SEO plugin v24.4 - https:\/\/yoast.com\/wordpress\/plugins\/seo\/ -->\n<title>Prefeitura de Palmas garante nota Triplo A em classifica\u00e7\u00e3o do Governo Federal - PORTAL DE NOT\u00cdCIAS CLEITON PINHEIRO<\/title>\n<meta name=\"robots\" content=\"index, follow, max-snippet:-1, max-image-preview:large, max-video-preview:-1\" \/>\n<link rel=\"canonical\" href=\"https:\/\/cleitonpinheiro.com.br\/site\/prefeitura-de-palmas-garante-nota-triplo-a-em-classificacao-do-governo-federal\/\" \/>\n<meta property=\"og:locale\" content=\"pt_BR\" \/>\n<meta property=\"og:type\" content=\"article\" \/>\n<meta property=\"og:title\" content=\"Prefeitura de Palmas garante nota Triplo A em classifica\u00e7\u00e3o do Governo Federal - PORTAL DE NOT\u00cdCIAS CLEITON PINHEIRO\" \/>\n<meta property=\"og:description\" content=\"Com base na presta\u00e7\u00e3o de contas de 2023, a Secretaria do Tesouro Nacional (STN), ligada ao Minist\u00e9rio da Fazenda, classificou a Prefeitura de Palmas com as maiores notas &#8211; Triplo A &#8211; em rela\u00e7\u00e3o aos indicadores Endividamento, Poupan\u00e7a e Liquidez. Essa nota demonstra a capacidade de pagamento do munic\u00edpio e estado. Entre as capitais, apenas [&hellip;]\" \/>\n<meta property=\"og:url\" content=\"https:\/\/cleitonpinheiro.com.br\/site\/prefeitura-de-palmas-garante-nota-triplo-a-em-classificacao-do-governo-federal\/\" \/>\n<meta property=\"og:site_name\" content=\"PORTAL DE NOT\u00cdCIAS CLEITON PINHEIRO\" \/>\n<meta property=\"article:publisher\" content=\"https:\/\/www.facebook.com\/portalcpnoticias\/\" \/>\n<meta property=\"article:published_time\" content=\"2024-05-15T11:21:30+00:00\" \/>\n<meta property=\"article:modified_time\" content=\"2024-05-16T18:44:58+00:00\" \/>\n<meta property=\"og:image\" content=\"https:\/\/cleitonpinheiro.com.br\/site\/wp-content\/uploads\/2024\/05\/d1705db6-1906-4be2-aa10-530fd378b571.jpg\" \/>\n\t<meta property=\"og:image:width\" content=\"800\" \/>\n\t<meta property=\"og:image:height\" content=\"533\" \/>\n\t<meta property=\"og:image:type\" content=\"image\/jpeg\" \/>\n<meta name=\"author\" content=\"Cleiton Pinheiro\" \/>\n<meta name=\"twitter:card\" content=\"summary_large_image\" \/>\n<meta name=\"twitter:label1\" content=\"Escrito por\" \/>\n\t<meta name=\"twitter:data1\" content=\"Cleiton Pinheiro\" \/>\n\t<meta name=\"twitter:label2\" content=\"Est. tempo de leitura\" \/>\n\t<meta name=\"twitter:data2\" content=\"3 minutos\" \/>\n<script type=\"application\/ld+json\" class=\"yoast-schema-graph\">{\"@context\":\"https:\/\/schema.org\",\"@graph\":[{\"@type\":\"Article\",\"@id\":\"https:\/\/cleitonpinheiro.com.br\/site\/prefeitura-de-palmas-garante-nota-triplo-a-em-classificacao-do-governo-federal\/#article\",\"isPartOf\":{\"@id\":\"https:\/\/cleitonpinheiro.com.br\/site\/prefeitura-de-palmas-garante-nota-triplo-a-em-classificacao-do-governo-federal\/\"},\"author\":{\"name\":\"Cleiton Pinheiro\",\"@id\":\"https:\/\/cleitonpinheiro.com.br\/site\/#\/schema\/person\/62fd4eb98fcc8bd3fc477aaff264af51\"},\"headline\":\"Prefeitura de Palmas garante nota Triplo A em classifica\u00e7\u00e3o do Governo Federal\",\"datePublished\":\"2024-05-15T11:21:30+00:00\",\"dateModified\":\"2024-05-16T18:44:58+00:00\",\"mainEntityOfPage\":{\"@id\":\"https:\/\/cleitonpinheiro.com.br\/site\/prefeitura-de-palmas-garante-nota-triplo-a-em-classificacao-do-governo-federal\/\"},\"wordCount\":509,\"commentCount\":0,\"publisher\":{\"@id\":\"https:\/\/cleitonpinheiro.com.br\/site\/#organization\"},\"image\":{\"@id\":\"https:\/\/cleitonpinheiro.com.br\/site\/prefeitura-de-palmas-garante-nota-triplo-a-em-classificacao-do-governo-federal\/#primaryimage\"},\"thumbnailUrl\":\"https:\/\/cleitonpinheiro.com.br\/site\/wp-content\/uploads\/2024\/05\/d1705db6-1906-4be2-aa10-530fd378b571.jpg\",\"articleSection\":[\"CIDADES\",\"MANCHETE SEGUND\u00c1RIA\",\"TODAS NOTICIAS\"],\"inLanguage\":\"pt-BR\",\"potentialAction\":[{\"@type\":\"CommentAction\",\"name\":\"Comment\",\"target\":[\"https:\/\/cleitonpinheiro.com.br\/site\/prefeitura-de-palmas-garante-nota-triplo-a-em-classificacao-do-governo-federal\/#respond\"]}]},{\"@type\":\"WebPage\",\"@id\":\"https:\/\/cleitonpinheiro.com.br\/site\/prefeitura-de-palmas-garante-nota-triplo-a-em-classificacao-do-governo-federal\/\",\"url\":\"https:\/\/cleitonpinheiro.com.br\/site\/prefeitura-de-palmas-garante-nota-triplo-a-em-classificacao-do-governo-federal\/\",\"name\":\"Prefeitura de Palmas garante nota Triplo A em classifica\u00e7\u00e3o do Governo Federal - PORTAL DE NOT\u00cdCIAS CLEITON PINHEIRO\",\"isPartOf\":{\"@id\":\"https:\/\/cleitonpinheiro.com.br\/site\/#website\"},\"primaryImageOfPage\":{\"@id\":\"https:\/\/cleitonpinheiro.com.br\/site\/prefeitura-de-palmas-garante-nota-triplo-a-em-classificacao-do-governo-federal\/#primaryimage\"},\"image\":{\"@id\":\"https:\/\/cleitonpinheiro.com.br\/site\/prefeitura-de-palmas-garante-nota-triplo-a-em-classificacao-do-governo-federal\/#primaryimage\"},\"thumbnailUrl\":\"https:\/\/cleitonpinheiro.com.br\/site\/wp-content\/uploads\/2024\/05\/d1705db6-1906-4be2-aa10-530fd378b571.jpg\",\"datePublished\":\"2024-05-15T11:21:30+00:00\",\"dateModified\":\"2024-05-16T18:44:58+00:00\",\"breadcrumb\":{\"@id\":\"https:\/\/cleitonpinheiro.com.br\/site\/prefeitura-de-palmas-garante-nota-triplo-a-em-classificacao-do-governo-federal\/#breadcrumb\"},\"inLanguage\":\"pt-BR\",\"potentialAction\":[{\"@type\":\"ReadAction\",\"target\":[\"https:\/\/cleitonpinheiro.com.br\/site\/prefeitura-de-palmas-garante-nota-triplo-a-em-classificacao-do-governo-federal\/\"]}]},{\"@type\":\"ImageObject\",\"inLanguage\":\"pt-BR\",\"@id\":\"https:\/\/cleitonpinheiro.com.br\/site\/prefeitura-de-palmas-garante-nota-triplo-a-em-classificacao-do-governo-federal\/#primaryimage\",\"url\":\"\",\"contentUrl\":\"\"},{\"@type\":\"BreadcrumbList\",\"@id\":\"https:\/\/cleitonpinheiro.com.br\/site\/prefeitura-de-palmas-garante-nota-triplo-a-em-classificacao-do-governo-federal\/#breadcrumb\",\"itemListElement\":[{\"@type\":\"ListItem\",\"position\":1,\"name\":\"In\u00edcio\",\"item\":\"https:\/\/cleitonpinheiro.com.br\/site\/\"},{\"@type\":\"ListItem\",\"position\":2,\"name\":\"Prefeitura de Palmas garante nota Triplo A em classifica\u00e7\u00e3o do Governo Federal\"}]},{\"@type\":\"WebSite\",\"@id\":\"https:\/\/cleitonpinheiro.com.br\/site\/#website\",\"url\":\"https:\/\/cleitonpinheiro.com.br\/site\/\",\"name\":\"PORTAL DE NOT\u00cdCIAS CLEITON PINHEIRO\",\"description\":\"FALANDO A VERDADE\",\"publisher\":{\"@id\":\"https:\/\/cleitonpinheiro.com.br\/site\/#organization\"},\"potentialAction\":[{\"@type\":\"SearchAction\",\"target\":{\"@type\":\"EntryPoint\",\"urlTemplate\":\"https:\/\/cleitonpinheiro.com.br\/site\/?s={search_term_string}\"},\"query-input\":{\"@type\":\"PropertyValueSpecification\",\"valueRequired\":true,\"valueName\":\"search_term_string\"}}],\"inLanguage\":\"pt-BR\"},{\"@type\":\"Organization\",\"@id\":\"https:\/\/cleitonpinheiro.com.br\/site\/#organization\",\"name\":\"CPNOT\u00cdCIAS\",\"url\":\"https:\/\/cleitonpinheiro.com.br\/site\/\",\"logo\":{\"@type\":\"ImageObject\",\"inLanguage\":\"pt-BR\",\"@id\":\"https:\/\/cleitonpinheiro.com.br\/site\/#\/schema\/logo\/image\/\",\"url\":\"https:\/\/cleitonpinheiro.com.br\/site\/wp-content\/uploads\/2022\/08\/Logo-pequena-2.png\",\"contentUrl\":\"https:\/\/cleitonpinheiro.com.br\/site\/wp-content\/uploads\/2022\/08\/Logo-pequena-2.png\",\"width\":500,\"height\":500,\"caption\":\"CPNOT\u00cdCIAS\"},\"image\":{\"@id\":\"https:\/\/cleitonpinheiro.com.br\/site\/#\/schema\/logo\/image\/\"},\"sameAs\":[\"https:\/\/www.facebook.com\/portalcpnoticias\/\"]},{\"@type\":\"Person\",\"@id\":\"https:\/\/cleitonpinheiro.com.br\/site\/#\/schema\/person\/62fd4eb98fcc8bd3fc477aaff264af51\",\"name\":\"Cleiton Pinheiro\",\"image\":{\"@type\":\"ImageObject\",\"inLanguage\":\"pt-BR\",\"@id\":\"https:\/\/cleitonpinheiro.com.br\/site\/#\/schema\/person\/image\/\",\"url\":\"https:\/\/secure.gravatar.com\/avatar\/15642ec35b78fe5eed3cfa8e4a3f3211d73a3df4f35f0566b4324958cba1b1b9?s=96&r=g\",\"contentUrl\":\"https:\/\/secure.gravatar.com\/avatar\/15642ec35b78fe5eed3cfa8e4a3f3211d73a3df4f35f0566b4324958cba1b1b9?s=96&r=g\",\"caption\":\"Cleiton Pinheiro\"},\"url\":\"https:\/\/cleitonpinheiro.com.br\/site\/author\/cleiton\/\"}]}<\/script>\n<!-- \/ Yoast SEO plugin. -->","yoast_head_json":{"title":"Prefeitura de Palmas garante nota Triplo A em classifica\u00e7\u00e3o do Governo Federal - PORTAL DE NOT\u00cdCIAS CLEITON PINHEIRO","robots":{"index":"index","follow":"follow","max-snippet":"max-snippet:-1","max-image-preview":"max-image-preview:large","max-video-preview":"max-video-preview:-1"},"canonical":"https:\/\/cleitonpinheiro.com.br\/site\/prefeitura-de-palmas-garante-nota-triplo-a-em-classificacao-do-governo-federal\/","og_locale":"pt_BR","og_type":"article","og_title":"Prefeitura de Palmas garante nota Triplo A em classifica\u00e7\u00e3o do Governo Federal - PORTAL DE NOT\u00cdCIAS CLEITON PINHEIRO","og_description":"Com base na presta\u00e7\u00e3o de contas de 2023, a Secretaria do Tesouro Nacional (STN), ligada ao Minist\u00e9rio da Fazenda, classificou a Prefeitura de Palmas com as maiores notas &#8211; Triplo A &#8211; em rela\u00e7\u00e3o aos indicadores Endividamento, Poupan\u00e7a e Liquidez. Essa nota demonstra a capacidade de pagamento do munic\u00edpio e estado. Entre as capitais, apenas [&hellip;]","og_url":"https:\/\/cleitonpinheiro.com.br\/site\/prefeitura-de-palmas-garante-nota-triplo-a-em-classificacao-do-governo-federal\/","og_site_name":"PORTAL DE NOT\u00cdCIAS CLEITON PINHEIRO","article_publisher":"https:\/\/www.facebook.com\/portalcpnoticias\/","article_published_time":"2024-05-15T11:21:30+00:00","article_modified_time":"2024-05-16T18:44:58+00:00","og_image":[{"width":800,"height":533,"url":"https:\/\/cleitonpinheiro.com.br\/site\/wp-content\/uploads\/2024\/05\/d1705db6-1906-4be2-aa10-530fd378b571.jpg","type":"image\/jpeg"}],"author":"Cleiton Pinheiro","twitter_card":"summary_large_image","twitter_misc":{"Escrito por":"Cleiton Pinheiro","Est. tempo de leitura":"3 minutos"},"schema":{"@context":"https:\/\/schema.org","@graph":[{"@type":"Article","@id":"https:\/\/cleitonpinheiro.com.br\/site\/prefeitura-de-palmas-garante-nota-triplo-a-em-classificacao-do-governo-federal\/#article","isPartOf":{"@id":"https:\/\/cleitonpinheiro.com.br\/site\/prefeitura-de-palmas-garante-nota-triplo-a-em-classificacao-do-governo-federal\/"},"author":{"name":"Cleiton Pinheiro","@id":"https:\/\/cleitonpinheiro.com.br\/site\/#\/schema\/person\/62fd4eb98fcc8bd3fc477aaff264af51"},"headline":"Prefeitura de Palmas garante nota Triplo A em classifica\u00e7\u00e3o do Governo Federal","datePublished":"2024-05-15T11:21:30+00:00","dateModified":"2024-05-16T18:44:58+00:00","mainEntityOfPage":{"@id":"https:\/\/cleitonpinheiro.com.br\/site\/prefeitura-de-palmas-garante-nota-triplo-a-em-classificacao-do-governo-federal\/"},"wordCount":509,"commentCount":0,"publisher":{"@id":"https:\/\/cleitonpinheiro.com.br\/site\/#organization"},"image":{"@id":"https:\/\/cleitonpinheiro.com.br\/site\/prefeitura-de-palmas-garante-nota-triplo-a-em-classificacao-do-governo-federal\/#primaryimage"},"thumbnailUrl":"https:\/\/cleitonpinheiro.com.br\/site\/wp-content\/uploads\/2024\/05\/d1705db6-1906-4be2-aa10-530fd378b571.jpg","articleSection":["CIDADES","MANCHETE SEGUND\u00c1RIA","TODAS NOTICIAS"],"inLanguage":"pt-BR","potentialAction":[{"@type":"CommentAction","name":"Comment","target":["https:\/\/cleitonpinheiro.com.br\/site\/prefeitura-de-palmas-garante-nota-triplo-a-em-classificacao-do-governo-federal\/#respond"]}]},{"@type":"WebPage","@id":"https:\/\/cleitonpinheiro.com.br\/site\/prefeitura-de-palmas-garante-nota-triplo-a-em-classificacao-do-governo-federal\/","url":"https:\/\/cleitonpinheiro.com.br\/site\/prefeitura-de-palmas-garante-nota-triplo-a-em-classificacao-do-governo-federal\/","name":"Prefeitura de Palmas garante nota Triplo A em classifica\u00e7\u00e3o do Governo Federal - PORTAL DE NOT\u00cdCIAS CLEITON PINHEIRO","isPartOf":{"@id":"https:\/\/cleitonpinheiro.com.br\/site\/#website"},"primaryImageOfPage":{"@id":"https:\/\/cleitonpinheiro.com.br\/site\/prefeitura-de-palmas-garante-nota-triplo-a-em-classificacao-do-governo-federal\/#primaryimage"},"image":{"@id":"https:\/\/cleitonpinheiro.com.br\/site\/prefeitura-de-palmas-garante-nota-triplo-a-em-classificacao-do-governo-federal\/#primaryimage"},"thumbnailUrl":"https:\/\/cleitonpinheiro.com.br\/site\/wp-content\/uploads\/2024\/05\/d1705db6-1906-4be2-aa10-530fd378b571.jpg","datePublished":"2024-05-15T11:21:30+00:00","dateModified":"2024-05-16T18:44:58+00:00","breadcrumb":{"@id":"https:\/\/cleitonpinheiro.com.br\/site\/prefeitura-de-palmas-garante-nota-triplo-a-em-classificacao-do-governo-federal\/#breadcrumb"},"inLanguage":"pt-BR","potentialAction":[{"@type":"ReadAction","target":["https:\/\/cleitonpinheiro.com.br\/site\/prefeitura-de-palmas-garante-nota-triplo-a-em-classificacao-do-governo-federal\/"]}]},{"@type":"ImageObject","inLanguage":"pt-BR","@id":"https:\/\/cleitonpinheiro.com.br\/site\/prefeitura-de-palmas-garante-nota-triplo-a-em-classificacao-do-governo-federal\/#primaryimage","url":"","contentUrl":""},{"@type":"BreadcrumbList","@id":"https:\/\/cleitonpinheiro.com.br\/site\/prefeitura-de-palmas-garante-nota-triplo-a-em-classificacao-do-governo-federal\/#breadcrumb","itemListElement":[{"@type":"ListItem","position":1,"name":"In\u00edcio","item":"https:\/\/cleitonpinheiro.com.br\/site\/"},{"@type":"ListItem","position":2,"name":"Prefeitura de Palmas garante nota Triplo A em classifica\u00e7\u00e3o do Governo Federal"}]},{"@type":"WebSite","@id":"https:\/\/cleitonpinheiro.com.br\/site\/#website","url":"https:\/\/cleitonpinheiro.com.br\/site\/","name":"PORTAL DE NOT\u00cdCIAS CLEITON PINHEIRO","description":"FALANDO A VERDADE","publisher":{"@id":"https:\/\/cleitonpinheiro.com.br\/site\/#organization"},"potentialAction":[{"@type":"SearchAction","target":{"@type":"EntryPoint","urlTemplate":"https:\/\/cleitonpinheiro.com.br\/site\/?s={search_term_string}"},"query-input":{"@type":"PropertyValueSpecification","valueRequired":true,"valueName":"search_term_string"}}],"inLanguage":"pt-BR"},{"@type":"Organization","@id":"https:\/\/cleitonpinheiro.com.br\/site\/#organization","name":"CPNOT\u00cdCIAS","url":"https:\/\/cleitonpinheiro.com.br\/site\/","logo":{"@type":"ImageObject","inLanguage":"pt-BR","@id":"https:\/\/cleitonpinheiro.com.br\/site\/#\/schema\/logo\/image\/","url":"https:\/\/cleitonpinheiro.com.br\/site\/wp-content\/uploads\/2022\/08\/Logo-pequena-2.png","contentUrl":"https:\/\/cleitonpinheiro.com.br\/site\/wp-content\/uploads\/2022\/08\/Logo-pequena-2.png","width":500,"height":500,"caption":"CPNOT\u00cdCIAS"},"image":{"@id":"https:\/\/cleitonpinheiro.com.br\/site\/#\/schema\/logo\/image\/"},"sameAs":["https:\/\/www.facebook.com\/portalcpnoticias\/"]},{"@type":"Person","@id":"https:\/\/cleitonpinheiro.com.br\/site\/#\/schema\/person\/62fd4eb98fcc8bd3fc477aaff264af51","name":"Cleiton Pinheiro","image":{"@type":"ImageObject","inLanguage":"pt-BR","@id":"https:\/\/cleitonpinheiro.com.br\/site\/#\/schema\/person\/image\/","url":"https:\/\/secure.gravatar.com\/avatar\/15642ec35b78fe5eed3cfa8e4a3f3211d73a3df4f35f0566b4324958cba1b1b9?s=96&r=g","contentUrl":"https:\/\/secure.gravatar.com\/avatar\/15642ec35b78fe5eed3cfa8e4a3f3211d73a3df4f35f0566b4324958cba1b1b9?s=96&r=g","caption":"Cleiton Pinheiro"},"url":"https:\/\/cleitonpinheiro.com.br\/site\/author\/cleiton\/"}]}},"views":170,"_links":{"self":[{"href":"https:\/\/cleitonpinheiro.com.br\/site\/wp-json\/wp\/v2\/posts\/77196","targetHints":{"allow":["GET"]}}],"collection":[{"href":"https:\/\/cleitonpinheiro.com.br\/site\/wp-json\/wp\/v2\/posts"}],"about":[{"href":"https:\/\/cleitonpinheiro.com.br\/site\/wp-json\/wp\/v2\/types\/post"}],"author":[{"embeddable":true,"href":"https:\/\/cleitonpinheiro.com.br\/site\/wp-json\/wp\/v2\/users\/10"}],"replies":[{"embeddable":true,"href":"https:\/\/cleitonpinheiro.com.br\/site\/wp-json\/wp\/v2\/comments?post=77196"}],"version-history":[{"count":1,"href":"https:\/\/cleitonpinheiro.com.br\/site\/wp-json\/wp\/v2\/posts\/77196\/revisions"}],"predecessor-version":[{"id":77198,"href":"https:\/\/cleitonpinheiro.com.br\/site\/wp-json\/wp\/v2\/posts\/77196\/revisions\/77198"}],"wp:attachment":[{"href":"https:\/\/cleitonpinheiro.com.br\/site\/wp-json\/wp\/v2\/media?parent=77196"}],"wp:term":[{"taxonomy":"category","embeddable":true,"href":"https:\/\/cleitonpinheiro.com.br\/site\/wp-json\/wp\/v2\/categories?post=77196"},{"taxonomy":"post_tag","embeddable":true,"href":"https:\/\/cleitonpinheiro.com.br\/site\/wp-json\/wp\/v2\/tags?post=77196"}],"curies":[{"name":"wp","href":"https:\/\/api.w.org\/{rel}","templated":true}]}}