{"id":77199,"date":"2024-05-16T13:05:53","date_gmt":"2024-05-16T16:05:53","guid":{"rendered":"https:\/\/cleitonpinheiro.com.br\/site\/?p=77199"},"modified":"2024-05-17T13:31:23","modified_gmt":"2024-05-17T16:31:23","slug":"prefeita-cinthia-anuncia-pagamento-do-adicional-da-saude-relacao-dos-servidores-esta-no-diario","status":"publish","type":"post","link":"https:\/\/cleitonpinheiro.com.br\/site\/prefeita-cinthia-anuncia-pagamento-do-adicional-da-saude-relacao-dos-servidores-esta-no-diario\/","title":{"rendered":"Prefeita Cinthia anuncia pagamento do adicional da sa\u00fade; rela\u00e7\u00e3o dos servidores est\u00e1 no Di\u00e1rio"},"content":{"rendered":"\n<figure class=\"wp-block-image size-full\"><img decoding=\"async\" src=\"https:\/\/cleitonpinheiro.com.br\/site\/wp-content\/uploads\/2024\/05\/5ed6955b-92eb-4842-ab56-fd14191976fe-1.jpg\" alt=\"\" class=\"wp-image-77200\"\/><figcaption class=\"wp-element-caption\">San\u00e7\u00e3o do projeto de lei de cria\u00e7\u00e3o da o APSa\u00fade pela prefeita Cinthia no \u00faltimo dia 26 &#8211; Foto: Edu Fortes\/Prefeitura de Palmas<\/figcaption><\/figure>\n\n\n\n<p>Sancionada pela prefeita Cinthia Ribeiro no \u00faltimo dia 26, a\u00a0<a href=\"https:\/\/legislativo.palmas.to.gov.br\/media\/leis\/lei-ordinaria-3.068-2024-04-26-29-4-2024-15-31-55.pdf\" target=\"_blank\" rel=\"noreferrer noopener\">lei que cria o\u00a0Adicional por Produtividade no Sistema \u00danico de Sa\u00fade (APSa\u00fade)<\/a>\u00a0moderniza e assegura o pagamento de verba indenizat\u00f3ria por atividade especial aos servidores p\u00fablicos\u00a0que desempenhem a\u00e7\u00f5es final\u00edsticas e\/ou t\u00e9cnicas na\u00a0Rede de Aten\u00e7\u00e3o do Sistema \u00danico de Sa\u00fade j\u00e1 est\u00e1 em vigor. A gestora municipal anunciou na \u00faltima quarta-feira, 15, pelas redes sociais, a publica\u00e7\u00e3o,\u00a0<a href=\"http:\/\/diariooficial.palmas.to.gov.br\/media\/diario\/3464-15-5-2024-23-38-7.pdf\" target=\"_blank\" rel=\"noreferrer noopener\">no Di\u00e1rio Oficial do Munic\u00edpio (DOM)<\/a>,\u00a0da lista que designa os servidores que receber\u00e3o o adiconal, e o pagamento da indeniza\u00e7\u00e3o at\u00e9 o dia 20 de maio, data do anivers\u00e1rio de 35 anos de Palmas.\u00a0<\/p>\n\n\n\n<p>Direto da Agrotins, onde participou da solenidade de abertura da feira, a prefeita gravou um v\u00eddeo ressaltando a import\u00e2ncia do adicional aos servidores que atuam na linha de frente do SUS. &#8220;S\u00e3o profissionais que fazem toda a diferen\u00e7a e merecem ser contemplados com esse benef\u00edcio, agora institu\u00eddo por lei. E agora, os servidores que receber\u00e3o o adicional por produtividade passar\u00e3o por avalia\u00e7\u00f5es, quem trabalha mais ter\u00e1 um reconhecimento maior. Esse pagamento agora ser\u00e1 retroativo a mar\u00e7o deste ano.&#8221;<\/p>\n\n\n\n<p>A&nbsp;<a href=\"https:\/\/legislativo.palmas.to.gov.br\/media\/leis\/lei-ordinaria-3.068-2024-04-26-29-4-2024-15-31-55.pdf\" target=\"_blank\" rel=\"noreferrer noopener\">Lei 3.068, de 26 de abril de 2024<\/a>,&nbsp;institui o APSa\u00fade, o Aux\u00edlio Pecuni\u00e1rio &#8211; Programa Mais M\u00e9dicos para o Brasil &#8211; Alimenta\u00e7\u00e3o e Moradia e a&nbsp;Indeniza\u00e7\u00e3o de Transporte.<\/p>\n\n\n\n<p><br><strong>Texto:\u00a0<\/strong>Prefeitura de Palmas<\/p>\n","protected":false},"excerpt":{"rendered":"<p>Sancionada pela prefeita Cinthia Ribeiro no \u00faltimo dia 26, a\u00a0lei que cria o\u00a0Adicional por Produtividade no Sistema \u00danico de Sa\u00fade (APSa\u00fade)\u00a0moderniza e assegura o pagamento de verba indenizat\u00f3ria por atividade especial aos servidores p\u00fablicos\u00a0que desempenhem a\u00e7\u00f5es final\u00edsticas e\/ou t\u00e9cnicas na\u00a0Rede de Aten\u00e7\u00e3o do Sistema \u00danico de Sa\u00fade j\u00e1 est\u00e1 em vigor. A gestora municipal anunciou [&hellip;]<\/p>\n","protected":false},"author":10,"featured_media":0,"comment_status":"open","ping_status":"open","sticky":false,"template":"","format":"standard","meta":{"_acf_changed":false,"footnotes":""},"categories":[22,898,21],"tags":[],"class_list":["post-77199","post","type-post","status-publish","format-standard","hentry","category-cidades","category-manchete-segundaria","category-todas-noticias"],"acf":[],"yoast_head":"<!-- This site is optimized with the Yoast SEO plugin v24.4 - https:\/\/yoast.com\/wordpress\/plugins\/seo\/ -->\n<title>Prefeita Cinthia anuncia pagamento do adicional da sa\u00fade; rela\u00e7\u00e3o dos servidores est\u00e1 no Di\u00e1rio - PORTAL DE NOT\u00cdCIAS CLEITON PINHEIRO<\/title>\n<meta name=\"robots\" content=\"index, follow, max-snippet:-1, max-image-preview:large, max-video-preview:-1\" \/>\n<link rel=\"canonical\" href=\"https:\/\/cleitonpinheiro.com.br\/site\/prefeita-cinthia-anuncia-pagamento-do-adicional-da-saude-relacao-dos-servidores-esta-no-diario\/\" \/>\n<meta property=\"og:locale\" content=\"pt_BR\" \/>\n<meta property=\"og:type\" content=\"article\" \/>\n<meta property=\"og:title\" content=\"Prefeita Cinthia anuncia pagamento do adicional da sa\u00fade; rela\u00e7\u00e3o dos servidores est\u00e1 no Di\u00e1rio - PORTAL DE NOT\u00cdCIAS CLEITON PINHEIRO\" \/>\n<meta property=\"og:description\" content=\"Sancionada pela prefeita Cinthia Ribeiro no \u00faltimo dia 26, a\u00a0lei que cria o\u00a0Adicional por Produtividade no Sistema \u00danico de Sa\u00fade (APSa\u00fade)\u00a0moderniza e assegura o pagamento de verba indenizat\u00f3ria por atividade especial aos servidores p\u00fablicos\u00a0que desempenhem a\u00e7\u00f5es final\u00edsticas e\/ou t\u00e9cnicas na\u00a0Rede de Aten\u00e7\u00e3o do Sistema \u00danico de Sa\u00fade j\u00e1 est\u00e1 em vigor. A gestora municipal anunciou [&hellip;]\" \/>\n<meta property=\"og:url\" content=\"https:\/\/cleitonpinheiro.com.br\/site\/prefeita-cinthia-anuncia-pagamento-do-adicional-da-saude-relacao-dos-servidores-esta-no-diario\/\" \/>\n<meta property=\"og:site_name\" content=\"PORTAL DE NOT\u00cdCIAS CLEITON PINHEIRO\" \/>\n<meta property=\"article:publisher\" content=\"https:\/\/www.facebook.com\/portalcpnoticias\/\" \/>\n<meta property=\"article:published_time\" content=\"2024-05-16T16:05:53+00:00\" \/>\n<meta property=\"article:modified_time\" content=\"2024-05-17T16:31:23+00:00\" \/>\n<meta property=\"og:image\" content=\"https:\/\/cleitonpinheiro.com.br\/site\/wp-content\/uploads\/2024\/05\/5ed6955b-92eb-4842-ab56-fd14191976fe-1.jpg\" \/>\n\t<meta property=\"og:image:width\" content=\"800\" \/>\n\t<meta property=\"og:image:height\" content=\"533\" \/>\n\t<meta property=\"og:image:type\" content=\"image\/jpeg\" \/>\n<meta name=\"author\" content=\"Cleiton Pinheiro\" \/>\n<meta name=\"twitter:card\" content=\"summary_large_image\" \/>\n<meta name=\"twitter:label1\" content=\"Escrito por\" \/>\n\t<meta name=\"twitter:data1\" content=\"Cleiton Pinheiro\" \/>\n\t<meta name=\"twitter:label2\" content=\"Est. tempo de leitura\" \/>\n\t<meta name=\"twitter:data2\" content=\"2 minutos\" \/>\n<script type=\"application\/ld+json\" class=\"yoast-schema-graph\">{\"@context\":\"https:\/\/schema.org\",\"@graph\":[{\"@type\":\"Article\",\"@id\":\"https:\/\/cleitonpinheiro.com.br\/site\/prefeita-cinthia-anuncia-pagamento-do-adicional-da-saude-relacao-dos-servidores-esta-no-diario\/#article\",\"isPartOf\":{\"@id\":\"https:\/\/cleitonpinheiro.com.br\/site\/prefeita-cinthia-anuncia-pagamento-do-adicional-da-saude-relacao-dos-servidores-esta-no-diario\/\"},\"author\":{\"name\":\"Cleiton Pinheiro\",\"@id\":\"https:\/\/cleitonpinheiro.com.br\/site\/#\/schema\/person\/62fd4eb98fcc8bd3fc477aaff264af51\"},\"headline\":\"Prefeita Cinthia anuncia pagamento do adicional da sa\u00fade; rela\u00e7\u00e3o dos servidores est\u00e1 no Di\u00e1rio\",\"datePublished\":\"2024-05-16T16:05:53+00:00\",\"dateModified\":\"2024-05-17T16:31:23+00:00\",\"mainEntityOfPage\":{\"@id\":\"https:\/\/cleitonpinheiro.com.br\/site\/prefeita-cinthia-anuncia-pagamento-do-adicional-da-saude-relacao-dos-servidores-esta-no-diario\/\"},\"wordCount\":288,\"commentCount\":0,\"publisher\":{\"@id\":\"https:\/\/cleitonpinheiro.com.br\/site\/#organization\"},\"image\":{\"@id\":\"https:\/\/cleitonpinheiro.com.br\/site\/prefeita-cinthia-anuncia-pagamento-do-adicional-da-saude-relacao-dos-servidores-esta-no-diario\/#primaryimage\"},\"thumbnailUrl\":\"https:\/\/cleitonpinheiro.com.br\/site\/wp-content\/uploads\/2024\/05\/5ed6955b-92eb-4842-ab56-fd14191976fe-1.jpg\",\"articleSection\":[\"CIDADES\",\"MANCHETE SEGUND\u00c1RIA\",\"TODAS NOTICIAS\"],\"inLanguage\":\"pt-BR\",\"potentialAction\":[{\"@type\":\"CommentAction\",\"name\":\"Comment\",\"target\":[\"https:\/\/cleitonpinheiro.com.br\/site\/prefeita-cinthia-anuncia-pagamento-do-adicional-da-saude-relacao-dos-servidores-esta-no-diario\/#respond\"]}]},{\"@type\":\"WebPage\",\"@id\":\"https:\/\/cleitonpinheiro.com.br\/site\/prefeita-cinthia-anuncia-pagamento-do-adicional-da-saude-relacao-dos-servidores-esta-no-diario\/\",\"url\":\"https:\/\/cleitonpinheiro.com.br\/site\/prefeita-cinthia-anuncia-pagamento-do-adicional-da-saude-relacao-dos-servidores-esta-no-diario\/\",\"name\":\"Prefeita Cinthia anuncia pagamento do adicional da sa\u00fade; rela\u00e7\u00e3o dos servidores est\u00e1 no Di\u00e1rio - PORTAL DE NOT\u00cdCIAS CLEITON PINHEIRO\",\"isPartOf\":{\"@id\":\"https:\/\/cleitonpinheiro.com.br\/site\/#website\"},\"primaryImageOfPage\":{\"@id\":\"https:\/\/cleitonpinheiro.com.br\/site\/prefeita-cinthia-anuncia-pagamento-do-adicional-da-saude-relacao-dos-servidores-esta-no-diario\/#primaryimage\"},\"image\":{\"@id\":\"https:\/\/cleitonpinheiro.com.br\/site\/prefeita-cinthia-anuncia-pagamento-do-adicional-da-saude-relacao-dos-servidores-esta-no-diario\/#primaryimage\"},\"thumbnailUrl\":\"https:\/\/cleitonpinheiro.com.br\/site\/wp-content\/uploads\/2024\/05\/5ed6955b-92eb-4842-ab56-fd14191976fe-1.jpg\",\"datePublished\":\"2024-05-16T16:05:53+00:00\",\"dateModified\":\"2024-05-17T16:31:23+00:00\",\"breadcrumb\":{\"@id\":\"https:\/\/cleitonpinheiro.com.br\/site\/prefeita-cinthia-anuncia-pagamento-do-adicional-da-saude-relacao-dos-servidores-esta-no-diario\/#breadcrumb\"},\"inLanguage\":\"pt-BR\",\"potentialAction\":[{\"@type\":\"ReadAction\",\"target\":[\"https:\/\/cleitonpinheiro.com.br\/site\/prefeita-cinthia-anuncia-pagamento-do-adicional-da-saude-relacao-dos-servidores-esta-no-diario\/\"]}]},{\"@type\":\"ImageObject\",\"inLanguage\":\"pt-BR\",\"@id\":\"https:\/\/cleitonpinheiro.com.br\/site\/prefeita-cinthia-anuncia-pagamento-do-adicional-da-saude-relacao-dos-servidores-esta-no-diario\/#primaryimage\",\"url\":\"\",\"contentUrl\":\"\"},{\"@type\":\"BreadcrumbList\",\"@id\":\"https:\/\/cleitonpinheiro.com.br\/site\/prefeita-cinthia-anuncia-pagamento-do-adicional-da-saude-relacao-dos-servidores-esta-no-diario\/#breadcrumb\",\"itemListElement\":[{\"@type\":\"ListItem\",\"position\":1,\"name\":\"In\u00edcio\",\"item\":\"https:\/\/cleitonpinheiro.com.br\/site\/\"},{\"@type\":\"ListItem\",\"position\":2,\"name\":\"Prefeita Cinthia anuncia pagamento do adicional da sa\u00fade; rela\u00e7\u00e3o dos servidores est\u00e1 no Di\u00e1rio\"}]},{\"@type\":\"WebSite\",\"@id\":\"https:\/\/cleitonpinheiro.com.br\/site\/#website\",\"url\":\"https:\/\/cleitonpinheiro.com.br\/site\/\",\"name\":\"PORTAL DE NOT\u00cdCIAS CLEITON PINHEIRO\",\"description\":\"FALANDO A VERDADE\",\"publisher\":{\"@id\":\"https:\/\/cleitonpinheiro.com.br\/site\/#organization\"},\"potentialAction\":[{\"@type\":\"SearchAction\",\"target\":{\"@type\":\"EntryPoint\",\"urlTemplate\":\"https:\/\/cleitonpinheiro.com.br\/site\/?s={search_term_string}\"},\"query-input\":{\"@type\":\"PropertyValueSpecification\",\"valueRequired\":true,\"valueName\":\"search_term_string\"}}],\"inLanguage\":\"pt-BR\"},{\"@type\":\"Organization\",\"@id\":\"https:\/\/cleitonpinheiro.com.br\/site\/#organization\",\"name\":\"CPNOT\u00cdCIAS\",\"url\":\"https:\/\/cleitonpinheiro.com.br\/site\/\",\"logo\":{\"@type\":\"ImageObject\",\"inLanguage\":\"pt-BR\",\"@id\":\"https:\/\/cleitonpinheiro.com.br\/site\/#\/schema\/logo\/image\/\",\"url\":\"https:\/\/cleitonpinheiro.com.br\/site\/wp-content\/uploads\/2022\/08\/Logo-pequena-2.png\",\"contentUrl\":\"https:\/\/cleitonpinheiro.com.br\/site\/wp-content\/uploads\/2022\/08\/Logo-pequena-2.png\",\"width\":500,\"height\":500,\"caption\":\"CPNOT\u00cdCIAS\"},\"image\":{\"@id\":\"https:\/\/cleitonpinheiro.com.br\/site\/#\/schema\/logo\/image\/\"},\"sameAs\":[\"https:\/\/www.facebook.com\/portalcpnoticias\/\"]},{\"@type\":\"Person\",\"@id\":\"https:\/\/cleitonpinheiro.com.br\/site\/#\/schema\/person\/62fd4eb98fcc8bd3fc477aaff264af51\",\"name\":\"Cleiton Pinheiro\",\"image\":{\"@type\":\"ImageObject\",\"inLanguage\":\"pt-BR\",\"@id\":\"https:\/\/cleitonpinheiro.com.br\/site\/#\/schema\/person\/image\/\",\"url\":\"https:\/\/secure.gravatar.com\/avatar\/15642ec35b78fe5eed3cfa8e4a3f3211d73a3df4f35f0566b4324958cba1b1b9?s=96&r=g\",\"contentUrl\":\"https:\/\/secure.gravatar.com\/avatar\/15642ec35b78fe5eed3cfa8e4a3f3211d73a3df4f35f0566b4324958cba1b1b9?s=96&r=g\",\"caption\":\"Cleiton Pinheiro\"},\"url\":\"https:\/\/cleitonpinheiro.com.br\/site\/author\/cleiton\/\"}]}<\/script>\n<!-- \/ Yoast SEO plugin. -->","yoast_head_json":{"title":"Prefeita Cinthia anuncia pagamento do adicional da sa\u00fade; rela\u00e7\u00e3o dos servidores est\u00e1 no Di\u00e1rio - PORTAL DE NOT\u00cdCIAS CLEITON PINHEIRO","robots":{"index":"index","follow":"follow","max-snippet":"max-snippet:-1","max-image-preview":"max-image-preview:large","max-video-preview":"max-video-preview:-1"},"canonical":"https:\/\/cleitonpinheiro.com.br\/site\/prefeita-cinthia-anuncia-pagamento-do-adicional-da-saude-relacao-dos-servidores-esta-no-diario\/","og_locale":"pt_BR","og_type":"article","og_title":"Prefeita Cinthia anuncia pagamento do adicional da sa\u00fade; rela\u00e7\u00e3o dos servidores est\u00e1 no Di\u00e1rio - PORTAL DE NOT\u00cdCIAS CLEITON PINHEIRO","og_description":"Sancionada pela prefeita Cinthia Ribeiro no \u00faltimo dia 26, a\u00a0lei que cria o\u00a0Adicional por Produtividade no Sistema \u00danico de Sa\u00fade (APSa\u00fade)\u00a0moderniza e assegura o pagamento de verba indenizat\u00f3ria por atividade especial aos servidores p\u00fablicos\u00a0que desempenhem a\u00e7\u00f5es final\u00edsticas e\/ou t\u00e9cnicas na\u00a0Rede de Aten\u00e7\u00e3o do Sistema \u00danico de Sa\u00fade j\u00e1 est\u00e1 em vigor. A gestora municipal anunciou [&hellip;]","og_url":"https:\/\/cleitonpinheiro.com.br\/site\/prefeita-cinthia-anuncia-pagamento-do-adicional-da-saude-relacao-dos-servidores-esta-no-diario\/","og_site_name":"PORTAL DE NOT\u00cdCIAS CLEITON PINHEIRO","article_publisher":"https:\/\/www.facebook.com\/portalcpnoticias\/","article_published_time":"2024-05-16T16:05:53+00:00","article_modified_time":"2024-05-17T16:31:23+00:00","og_image":[{"width":800,"height":533,"url":"https:\/\/cleitonpinheiro.com.br\/site\/wp-content\/uploads\/2024\/05\/5ed6955b-92eb-4842-ab56-fd14191976fe-1.jpg","type":"image\/jpeg"}],"author":"Cleiton Pinheiro","twitter_card":"summary_large_image","twitter_misc":{"Escrito por":"Cleiton Pinheiro","Est. tempo de leitura":"2 minutos"},"schema":{"@context":"https:\/\/schema.org","@graph":[{"@type":"Article","@id":"https:\/\/cleitonpinheiro.com.br\/site\/prefeita-cinthia-anuncia-pagamento-do-adicional-da-saude-relacao-dos-servidores-esta-no-diario\/#article","isPartOf":{"@id":"https:\/\/cleitonpinheiro.com.br\/site\/prefeita-cinthia-anuncia-pagamento-do-adicional-da-saude-relacao-dos-servidores-esta-no-diario\/"},"author":{"name":"Cleiton Pinheiro","@id":"https:\/\/cleitonpinheiro.com.br\/site\/#\/schema\/person\/62fd4eb98fcc8bd3fc477aaff264af51"},"headline":"Prefeita Cinthia anuncia pagamento do adicional da sa\u00fade; rela\u00e7\u00e3o dos servidores est\u00e1 no Di\u00e1rio","datePublished":"2024-05-16T16:05:53+00:00","dateModified":"2024-05-17T16:31:23+00:00","mainEntityOfPage":{"@id":"https:\/\/cleitonpinheiro.com.br\/site\/prefeita-cinthia-anuncia-pagamento-do-adicional-da-saude-relacao-dos-servidores-esta-no-diario\/"},"wordCount":288,"commentCount":0,"publisher":{"@id":"https:\/\/cleitonpinheiro.com.br\/site\/#organization"},"image":{"@id":"https:\/\/cleitonpinheiro.com.br\/site\/prefeita-cinthia-anuncia-pagamento-do-adicional-da-saude-relacao-dos-servidores-esta-no-diario\/#primaryimage"},"thumbnailUrl":"https:\/\/cleitonpinheiro.com.br\/site\/wp-content\/uploads\/2024\/05\/5ed6955b-92eb-4842-ab56-fd14191976fe-1.jpg","articleSection":["CIDADES","MANCHETE SEGUND\u00c1RIA","TODAS NOTICIAS"],"inLanguage":"pt-BR","potentialAction":[{"@type":"CommentAction","name":"Comment","target":["https:\/\/cleitonpinheiro.com.br\/site\/prefeita-cinthia-anuncia-pagamento-do-adicional-da-saude-relacao-dos-servidores-esta-no-diario\/#respond"]}]},{"@type":"WebPage","@id":"https:\/\/cleitonpinheiro.com.br\/site\/prefeita-cinthia-anuncia-pagamento-do-adicional-da-saude-relacao-dos-servidores-esta-no-diario\/","url":"https:\/\/cleitonpinheiro.com.br\/site\/prefeita-cinthia-anuncia-pagamento-do-adicional-da-saude-relacao-dos-servidores-esta-no-diario\/","name":"Prefeita Cinthia anuncia pagamento do adicional da sa\u00fade; rela\u00e7\u00e3o dos servidores est\u00e1 no Di\u00e1rio - PORTAL DE NOT\u00cdCIAS CLEITON PINHEIRO","isPartOf":{"@id":"https:\/\/cleitonpinheiro.com.br\/site\/#website"},"primaryImageOfPage":{"@id":"https:\/\/cleitonpinheiro.com.br\/site\/prefeita-cinthia-anuncia-pagamento-do-adicional-da-saude-relacao-dos-servidores-esta-no-diario\/#primaryimage"},"image":{"@id":"https:\/\/cleitonpinheiro.com.br\/site\/prefeita-cinthia-anuncia-pagamento-do-adicional-da-saude-relacao-dos-servidores-esta-no-diario\/#primaryimage"},"thumbnailUrl":"https:\/\/cleitonpinheiro.com.br\/site\/wp-content\/uploads\/2024\/05\/5ed6955b-92eb-4842-ab56-fd14191976fe-1.jpg","datePublished":"2024-05-16T16:05:53+00:00","dateModified":"2024-05-17T16:31:23+00:00","breadcrumb":{"@id":"https:\/\/cleitonpinheiro.com.br\/site\/prefeita-cinthia-anuncia-pagamento-do-adicional-da-saude-relacao-dos-servidores-esta-no-diario\/#breadcrumb"},"inLanguage":"pt-BR","potentialAction":[{"@type":"ReadAction","target":["https:\/\/cleitonpinheiro.com.br\/site\/prefeita-cinthia-anuncia-pagamento-do-adicional-da-saude-relacao-dos-servidores-esta-no-diario\/"]}]},{"@type":"ImageObject","inLanguage":"pt-BR","@id":"https:\/\/cleitonpinheiro.com.br\/site\/prefeita-cinthia-anuncia-pagamento-do-adicional-da-saude-relacao-dos-servidores-esta-no-diario\/#primaryimage","url":"","contentUrl":""},{"@type":"BreadcrumbList","@id":"https:\/\/cleitonpinheiro.com.br\/site\/prefeita-cinthia-anuncia-pagamento-do-adicional-da-saude-relacao-dos-servidores-esta-no-diario\/#breadcrumb","itemListElement":[{"@type":"ListItem","position":1,"name":"In\u00edcio","item":"https:\/\/cleitonpinheiro.com.br\/site\/"},{"@type":"ListItem","position":2,"name":"Prefeita Cinthia anuncia pagamento do adicional da sa\u00fade; rela\u00e7\u00e3o dos servidores est\u00e1 no Di\u00e1rio"}]},{"@type":"WebSite","@id":"https:\/\/cleitonpinheiro.com.br\/site\/#website","url":"https:\/\/cleitonpinheiro.com.br\/site\/","name":"PORTAL DE NOT\u00cdCIAS CLEITON PINHEIRO","description":"FALANDO A VERDADE","publisher":{"@id":"https:\/\/cleitonpinheiro.com.br\/site\/#organization"},"potentialAction":[{"@type":"SearchAction","target":{"@type":"EntryPoint","urlTemplate":"https:\/\/cleitonpinheiro.com.br\/site\/?s={search_term_string}"},"query-input":{"@type":"PropertyValueSpecification","valueRequired":true,"valueName":"search_term_string"}}],"inLanguage":"pt-BR"},{"@type":"Organization","@id":"https:\/\/cleitonpinheiro.com.br\/site\/#organization","name":"CPNOT\u00cdCIAS","url":"https:\/\/cleitonpinheiro.com.br\/site\/","logo":{"@type":"ImageObject","inLanguage":"pt-BR","@id":"https:\/\/cleitonpinheiro.com.br\/site\/#\/schema\/logo\/image\/","url":"https:\/\/cleitonpinheiro.com.br\/site\/wp-content\/uploads\/2022\/08\/Logo-pequena-2.png","contentUrl":"https:\/\/cleitonpinheiro.com.br\/site\/wp-content\/uploads\/2022\/08\/Logo-pequena-2.png","width":500,"height":500,"caption":"CPNOT\u00cdCIAS"},"image":{"@id":"https:\/\/cleitonpinheiro.com.br\/site\/#\/schema\/logo\/image\/"},"sameAs":["https:\/\/www.facebook.com\/portalcpnoticias\/"]},{"@type":"Person","@id":"https:\/\/cleitonpinheiro.com.br\/site\/#\/schema\/person\/62fd4eb98fcc8bd3fc477aaff264af51","name":"Cleiton Pinheiro","image":{"@type":"ImageObject","inLanguage":"pt-BR","@id":"https:\/\/cleitonpinheiro.com.br\/site\/#\/schema\/person\/image\/","url":"https:\/\/secure.gravatar.com\/avatar\/15642ec35b78fe5eed3cfa8e4a3f3211d73a3df4f35f0566b4324958cba1b1b9?s=96&r=g","contentUrl":"https:\/\/secure.gravatar.com\/avatar\/15642ec35b78fe5eed3cfa8e4a3f3211d73a3df4f35f0566b4324958cba1b1b9?s=96&r=g","caption":"Cleiton Pinheiro"},"url":"https:\/\/cleitonpinheiro.com.br\/site\/author\/cleiton\/"}]}},"views":145,"_links":{"self":[{"href":"https:\/\/cleitonpinheiro.com.br\/site\/wp-json\/wp\/v2\/posts\/77199","targetHints":{"allow":["GET"]}}],"collection":[{"href":"https:\/\/cleitonpinheiro.com.br\/site\/wp-json\/wp\/v2\/posts"}],"about":[{"href":"https:\/\/cleitonpinheiro.com.br\/site\/wp-json\/wp\/v2\/types\/post"}],"author":[{"embeddable":true,"href":"https:\/\/cleitonpinheiro.com.br\/site\/wp-json\/wp\/v2\/users\/10"}],"replies":[{"embeddable":true,"href":"https:\/\/cleitonpinheiro.com.br\/site\/wp-json\/wp\/v2\/comments?post=77199"}],"version-history":[{"count":1,"href":"https:\/\/cleitonpinheiro.com.br\/site\/wp-json\/wp\/v2\/posts\/77199\/revisions"}],"predecessor-version":[{"id":77201,"href":"https:\/\/cleitonpinheiro.com.br\/site\/wp-json\/wp\/v2\/posts\/77199\/revisions\/77201"}],"wp:attachment":[{"href":"https:\/\/cleitonpinheiro.com.br\/site\/wp-json\/wp\/v2\/media?parent=77199"}],"wp:term":[{"taxonomy":"category","embeddable":true,"href":"https:\/\/cleitonpinheiro.com.br\/site\/wp-json\/wp\/v2\/categories?post=77199"},{"taxonomy":"post_tag","embeddable":true,"href":"https:\/\/cleitonpinheiro.com.br\/site\/wp-json\/wp\/v2\/tags?post=77199"}],"curies":[{"name":"wp","href":"https:\/\/api.w.org\/{rel}","templated":true}]}}