{"id":77202,"date":"2024-05-16T13:59:19","date_gmt":"2024-05-16T16:59:19","guid":{"rendered":"https:\/\/cleitonpinheiro.com.br\/site\/?p=77202"},"modified":"2024-05-16T13:59:29","modified_gmt":"2024-05-16T16:59:29","slug":"governo-federal-cria-ministerio-extraordinario-de-apoio-ao-rs","status":"publish","type":"post","link":"https:\/\/cleitonpinheiro.com.br\/site\/governo-federal-cria-ministerio-extraordinario-de-apoio-ao-rs\/","title":{"rendered":"Governo federal cria minist\u00e9rio extraordin\u00e1rio de apoio ao RS"},"content":{"rendered":"\n<figure class=\"wp-block-image size-large\"><img decoding=\"async\" src=\"https:\/\/cleitonpinheiro.com.br\/site\/wp-content\/uploads\/2024\/05\/53724201650_dd63181e2e_o-1024x613.webp\" alt=\"\" class=\"wp-image-77203\"\/><figcaption class=\"wp-element-caption\">Foto: Ricardo Stuckert\/PR<\/figcaption><\/figure>\n\n\n\n<p>Em sua terceira visita ao Rio Grande do Sul em duas semanas, o presidente Luiz In\u00e1cio Lula da Silva assinou, nesta quarta-feira (15), a cria\u00e7\u00e3o da\u00a0<a href=\"https:\/\/agenciabrasil.ebc.com.br\/geral\/noticia\/2024-05\/paulo-pimenta-sera-ministro-extraordinario-pela-reconstrucao-do-rs\">Secretaria Extraordin\u00e1ria da Presid\u00eancia da Rep\u00fablica para Apoio \u00e0 Reconstru\u00e7\u00e3o do Rio Grande do Sul<\/a>. A nova pasta, com status de minist\u00e9rio, ser\u00e1 ocupada por Paulo Pimenta, que deixa a Secretaria de Comunica\u00e7\u00e3o Social da Presid\u00eancia (Secom) para acompanhar os trabalhos de recupera\u00e7\u00e3o do estado, afetado pela\u00a0<a href=\"https:\/\/agenciabrasil.ebc.com.br\/tags\/chuvas\" target=\"_blank\" rel=\"noreferrer noopener\">maior cat\u00e1strofe clim\u00e1tica de sua hist\u00f3ria<\/a>, com chuvas e enchentes que resultaram na morte, at\u00e9 o momento, de 149 pessoas e deixaram mais de 800 mil fora de suas casas.<\/p>\n\n\n\n<p>O ato foi assinado em um evento p\u00fablico em S\u00e3o Leopoldo do Sul, na regi\u00e3o metropolitana de Porto Alegre. Tamb\u00e9m foi anunciado o&nbsp;<a href=\"https:\/\/agenciabrasil.ebc.com.br\/geral\/noticia\/2024-05\/governo-federal-anuncia-pix-de-r-51-mil-para-familias-do-rs\" target=\"_blank\" rel=\"noreferrer noopener\">pagamento de um benef\u00edcio de R$ 5,1 mil para as fam\u00edlias afetadas pelas enchentes<\/a>, al\u00e9m de um programa de&nbsp;<a href=\"https:\/\/agenciabrasil.ebc.com.br\/politica\/noticia\/2024-05\/lula-se-compromete-garantir-moradia-para-quem-perdeu-casa-no-rs\" target=\"_blank\" rel=\"noreferrer noopener\">reconstru\u00e7\u00e3o e doa\u00e7\u00e3o de novas moradias populares<\/a>.<\/p>\n\n\n\n<p>Em seu discurso de posse, Paulo Pimenta sintetizou o trabalho na nova pasta, que, segundo ele, vai ser o de articular e apoiar o trabalho do governo do estado e das prefeituras.<\/p>\n\n\n\n<p>&#8220;O presidente tomou essa decis\u00e3o, de constituir um minist\u00e9rio espec\u00edfico, para articular, organizar as a\u00e7\u00f5es do governo federal, sem ter o car\u00e1ter executivo, mas para facilitar o trabalho, para apoiar o governo do estado, apoiar as prefeituras municipais, para que o mais rapidamente poss\u00edvel a gente possa alcan\u00e7ar o nosso objetivo&#8221;, declarou.<\/p>\n\n\n\n<p>Pimenta, que j\u00e1 vinha acompanhando os desdobramentos da trag\u00e9dia desde o in\u00edcio das chuvas, lembrou que o governo federal vem dando todo o suporte ao estado. Ele destacou o resgate de mais de 80 mil pessoas nos \u00faltimos dias e agradeceu o envolvimento das for\u00e7as de seguran\u00e7a e dos milhares de volunt\u00e1rios nessa tarefa.&nbsp;<\/p>\n\n\n\n<p>Ao todo, cerca de 75 munic\u00edpios j\u00e1 receberam recursos federais em ajuda humanit\u00e1ria e pelo menos R$ 100 milh\u00f5es dos cofres federais j\u00e1 foram repassados para a\u00e7\u00f5es de resgate e acolhimento das pessoas afetadas pelas chuvas. O estado tem 80 mil pessoas em abrigos, sem previs\u00e3o de retorno \u00e0s suas casas, seja porque as \u00e1reas seguem inundadas ou porque tiveram resid\u00eancias destru\u00eddas pela for\u00e7a das \u00e1guas.&nbsp;&nbsp;<\/p>\n\n\n\n<p>&#8220;S\u00f3 o que n\u00f3s n\u00e3o temos condi\u00e7\u00f5es de devolver para o nosso povo s\u00e3o as vidas das pessoas que foram perdidas&#8221;, disse o ministro, mencionando as ainda 150 pessoas desaparecidas.&nbsp;<\/p>\n\n\n\n<p>Ele classificou as medidas anunciadas pelo governo federal para o estado como o maior plano de apoio a uma situa\u00e7\u00e3o de cat\u00e1strofe da hist\u00f3ria do pa\u00eds.<\/p>\n\n\n\n<p>Texto: Pedro Rafael Vilela\/Ag\u00eancia Brasil<\/p>\n","protected":false},"excerpt":{"rendered":"<p>Em sua terceira visita ao Rio Grande do Sul em duas semanas, o presidente Luiz In\u00e1cio Lula da Silva assinou, nesta quarta-feira (15), a cria\u00e7\u00e3o da\u00a0Secretaria Extraordin\u00e1ria da Presid\u00eancia da Rep\u00fablica para Apoio \u00e0 Reconstru\u00e7\u00e3o do Rio Grande do Sul. A nova pasta, com status de minist\u00e9rio, ser\u00e1 ocupada por Paulo Pimenta, que deixa a [&hellip;]<\/p>\n","protected":false},"author":10,"featured_media":0,"comment_status":"open","ping_status":"open","sticky":false,"template":"","format":"standard","meta":{"_acf_changed":false,"footnotes":""},"categories":[19,898,21],"tags":[],"class_list":["post-77202","post","type-post","status-publish","format-standard","hentry","category-brasil-mundo","category-manchete-segundaria","category-todas-noticias"],"acf":[],"yoast_head":"<!-- This site is optimized with the Yoast SEO plugin v24.4 - https:\/\/yoast.com\/wordpress\/plugins\/seo\/ -->\n<title>Governo federal cria minist\u00e9rio extraordin\u00e1rio de apoio ao RS - PORTAL DE NOT\u00cdCIAS CLEITON PINHEIRO<\/title>\n<meta name=\"robots\" content=\"index, follow, max-snippet:-1, max-image-preview:large, max-video-preview:-1\" \/>\n<link rel=\"canonical\" href=\"https:\/\/cleitonpinheiro.com.br\/site\/governo-federal-cria-ministerio-extraordinario-de-apoio-ao-rs\/\" \/>\n<meta property=\"og:locale\" content=\"pt_BR\" \/>\n<meta property=\"og:type\" content=\"article\" \/>\n<meta property=\"og:title\" content=\"Governo federal cria minist\u00e9rio extraordin\u00e1rio de apoio ao RS - PORTAL DE NOT\u00cdCIAS CLEITON PINHEIRO\" \/>\n<meta property=\"og:description\" content=\"Em sua terceira visita ao Rio Grande do Sul em duas semanas, o presidente Luiz In\u00e1cio Lula da Silva assinou, nesta quarta-feira (15), a cria\u00e7\u00e3o da\u00a0Secretaria Extraordin\u00e1ria da Presid\u00eancia da Rep\u00fablica para Apoio \u00e0 Reconstru\u00e7\u00e3o do Rio Grande do Sul. A nova pasta, com status de minist\u00e9rio, ser\u00e1 ocupada por Paulo Pimenta, que deixa a [&hellip;]\" \/>\n<meta property=\"og:url\" content=\"https:\/\/cleitonpinheiro.com.br\/site\/governo-federal-cria-ministerio-extraordinario-de-apoio-ao-rs\/\" \/>\n<meta property=\"og:site_name\" content=\"PORTAL DE NOT\u00cdCIAS CLEITON PINHEIRO\" \/>\n<meta property=\"article:publisher\" content=\"https:\/\/www.facebook.com\/portalcpnoticias\/\" \/>\n<meta property=\"article:published_time\" content=\"2024-05-16T16:59:19+00:00\" \/>\n<meta property=\"article:modified_time\" content=\"2024-05-16T16:59:29+00:00\" \/>\n<meta property=\"og:image\" content=\"https:\/\/cleitonpinheiro.com.br\/site\/wp-content\/uploads\/2024\/05\/53724201650_dd63181e2e_o.webp\" \/>\n\t<meta property=\"og:image:width\" content=\"1170\" \/>\n\t<meta property=\"og:image:height\" content=\"700\" \/>\n\t<meta property=\"og:image:type\" content=\"image\/webp\" \/>\n<meta name=\"author\" content=\"Cleiton Pinheiro\" \/>\n<meta name=\"twitter:card\" content=\"summary_large_image\" \/>\n<meta name=\"twitter:label1\" content=\"Escrito por\" \/>\n\t<meta name=\"twitter:data1\" content=\"Cleiton Pinheiro\" \/>\n\t<meta name=\"twitter:label2\" content=\"Est. tempo de leitura\" \/>\n\t<meta name=\"twitter:data2\" content=\"3 minutos\" \/>\n<script type=\"application\/ld+json\" class=\"yoast-schema-graph\">{\"@context\":\"https:\/\/schema.org\",\"@graph\":[{\"@type\":\"Article\",\"@id\":\"https:\/\/cleitonpinheiro.com.br\/site\/governo-federal-cria-ministerio-extraordinario-de-apoio-ao-rs\/#article\",\"isPartOf\":{\"@id\":\"https:\/\/cleitonpinheiro.com.br\/site\/governo-federal-cria-ministerio-extraordinario-de-apoio-ao-rs\/\"},\"author\":{\"name\":\"Cleiton Pinheiro\",\"@id\":\"https:\/\/cleitonpinheiro.com.br\/site\/#\/schema\/person\/62fd4eb98fcc8bd3fc477aaff264af51\"},\"headline\":\"Governo federal cria minist\u00e9rio extraordin\u00e1rio de apoio ao RS\",\"datePublished\":\"2024-05-16T16:59:19+00:00\",\"dateModified\":\"2024-05-16T16:59:29+00:00\",\"mainEntityOfPage\":{\"@id\":\"https:\/\/cleitonpinheiro.com.br\/site\/governo-federal-cria-ministerio-extraordinario-de-apoio-ao-rs\/\"},\"wordCount\":480,\"commentCount\":0,\"publisher\":{\"@id\":\"https:\/\/cleitonpinheiro.com.br\/site\/#organization\"},\"image\":{\"@id\":\"https:\/\/cleitonpinheiro.com.br\/site\/governo-federal-cria-ministerio-extraordinario-de-apoio-ao-rs\/#primaryimage\"},\"thumbnailUrl\":\"https:\/\/cleitonpinheiro.com.br\/site\/wp-content\/uploads\/2024\/05\/53724201650_dd63181e2e_o-1024x613.webp\",\"articleSection\":[\"BRASIL \/ MUNDO\",\"MANCHETE SEGUND\u00c1RIA\",\"TODAS NOTICIAS\"],\"inLanguage\":\"pt-BR\",\"potentialAction\":[{\"@type\":\"CommentAction\",\"name\":\"Comment\",\"target\":[\"https:\/\/cleitonpinheiro.com.br\/site\/governo-federal-cria-ministerio-extraordinario-de-apoio-ao-rs\/#respond\"]}]},{\"@type\":\"WebPage\",\"@id\":\"https:\/\/cleitonpinheiro.com.br\/site\/governo-federal-cria-ministerio-extraordinario-de-apoio-ao-rs\/\",\"url\":\"https:\/\/cleitonpinheiro.com.br\/site\/governo-federal-cria-ministerio-extraordinario-de-apoio-ao-rs\/\",\"name\":\"Governo federal cria minist\u00e9rio extraordin\u00e1rio de apoio ao RS - PORTAL DE NOT\u00cdCIAS CLEITON PINHEIRO\",\"isPartOf\":{\"@id\":\"https:\/\/cleitonpinheiro.com.br\/site\/#website\"},\"primaryImageOfPage\":{\"@id\":\"https:\/\/cleitonpinheiro.com.br\/site\/governo-federal-cria-ministerio-extraordinario-de-apoio-ao-rs\/#primaryimage\"},\"image\":{\"@id\":\"https:\/\/cleitonpinheiro.com.br\/site\/governo-federal-cria-ministerio-extraordinario-de-apoio-ao-rs\/#primaryimage\"},\"thumbnailUrl\":\"https:\/\/cleitonpinheiro.com.br\/site\/wp-content\/uploads\/2024\/05\/53724201650_dd63181e2e_o-1024x613.webp\",\"datePublished\":\"2024-05-16T16:59:19+00:00\",\"dateModified\":\"2024-05-16T16:59:29+00:00\",\"breadcrumb\":{\"@id\":\"https:\/\/cleitonpinheiro.com.br\/site\/governo-federal-cria-ministerio-extraordinario-de-apoio-ao-rs\/#breadcrumb\"},\"inLanguage\":\"pt-BR\",\"potentialAction\":[{\"@type\":\"ReadAction\",\"target\":[\"https:\/\/cleitonpinheiro.com.br\/site\/governo-federal-cria-ministerio-extraordinario-de-apoio-ao-rs\/\"]}]},{\"@type\":\"ImageObject\",\"inLanguage\":\"pt-BR\",\"@id\":\"https:\/\/cleitonpinheiro.com.br\/site\/governo-federal-cria-ministerio-extraordinario-de-apoio-ao-rs\/#primaryimage\",\"url\":\"\",\"contentUrl\":\"\"},{\"@type\":\"BreadcrumbList\",\"@id\":\"https:\/\/cleitonpinheiro.com.br\/site\/governo-federal-cria-ministerio-extraordinario-de-apoio-ao-rs\/#breadcrumb\",\"itemListElement\":[{\"@type\":\"ListItem\",\"position\":1,\"name\":\"In\u00edcio\",\"item\":\"https:\/\/cleitonpinheiro.com.br\/site\/\"},{\"@type\":\"ListItem\",\"position\":2,\"name\":\"Governo federal cria minist\u00e9rio extraordin\u00e1rio de apoio ao RS\"}]},{\"@type\":\"WebSite\",\"@id\":\"https:\/\/cleitonpinheiro.com.br\/site\/#website\",\"url\":\"https:\/\/cleitonpinheiro.com.br\/site\/\",\"name\":\"PORTAL DE NOT\u00cdCIAS CLEITON PINHEIRO\",\"description\":\"FALANDO A VERDADE\",\"publisher\":{\"@id\":\"https:\/\/cleitonpinheiro.com.br\/site\/#organization\"},\"potentialAction\":[{\"@type\":\"SearchAction\",\"target\":{\"@type\":\"EntryPoint\",\"urlTemplate\":\"https:\/\/cleitonpinheiro.com.br\/site\/?s={search_term_string}\"},\"query-input\":{\"@type\":\"PropertyValueSpecification\",\"valueRequired\":true,\"valueName\":\"search_term_string\"}}],\"inLanguage\":\"pt-BR\"},{\"@type\":\"Organization\",\"@id\":\"https:\/\/cleitonpinheiro.com.br\/site\/#organization\",\"name\":\"CPNOT\u00cdCIAS\",\"url\":\"https:\/\/cleitonpinheiro.com.br\/site\/\",\"logo\":{\"@type\":\"ImageObject\",\"inLanguage\":\"pt-BR\",\"@id\":\"https:\/\/cleitonpinheiro.com.br\/site\/#\/schema\/logo\/image\/\",\"url\":\"https:\/\/cleitonpinheiro.com.br\/site\/wp-content\/uploads\/2022\/08\/Logo-pequena-2.png\",\"contentUrl\":\"https:\/\/cleitonpinheiro.com.br\/site\/wp-content\/uploads\/2022\/08\/Logo-pequena-2.png\",\"width\":500,\"height\":500,\"caption\":\"CPNOT\u00cdCIAS\"},\"image\":{\"@id\":\"https:\/\/cleitonpinheiro.com.br\/site\/#\/schema\/logo\/image\/\"},\"sameAs\":[\"https:\/\/www.facebook.com\/portalcpnoticias\/\"]},{\"@type\":\"Person\",\"@id\":\"https:\/\/cleitonpinheiro.com.br\/site\/#\/schema\/person\/62fd4eb98fcc8bd3fc477aaff264af51\",\"name\":\"Cleiton Pinheiro\",\"image\":{\"@type\":\"ImageObject\",\"inLanguage\":\"pt-BR\",\"@id\":\"https:\/\/cleitonpinheiro.com.br\/site\/#\/schema\/person\/image\/\",\"url\":\"https:\/\/secure.gravatar.com\/avatar\/15642ec35b78fe5eed3cfa8e4a3f3211d73a3df4f35f0566b4324958cba1b1b9?s=96&r=g\",\"contentUrl\":\"https:\/\/secure.gravatar.com\/avatar\/15642ec35b78fe5eed3cfa8e4a3f3211d73a3df4f35f0566b4324958cba1b1b9?s=96&r=g\",\"caption\":\"Cleiton Pinheiro\"},\"url\":\"https:\/\/cleitonpinheiro.com.br\/site\/author\/cleiton\/\"}]}<\/script>\n<!-- \/ Yoast SEO plugin. -->","yoast_head_json":{"title":"Governo federal cria minist\u00e9rio extraordin\u00e1rio de apoio ao RS - PORTAL DE NOT\u00cdCIAS CLEITON PINHEIRO","robots":{"index":"index","follow":"follow","max-snippet":"max-snippet:-1","max-image-preview":"max-image-preview:large","max-video-preview":"max-video-preview:-1"},"canonical":"https:\/\/cleitonpinheiro.com.br\/site\/governo-federal-cria-ministerio-extraordinario-de-apoio-ao-rs\/","og_locale":"pt_BR","og_type":"article","og_title":"Governo federal cria minist\u00e9rio extraordin\u00e1rio de apoio ao RS - PORTAL DE NOT\u00cdCIAS CLEITON PINHEIRO","og_description":"Em sua terceira visita ao Rio Grande do Sul em duas semanas, o presidente Luiz In\u00e1cio Lula da Silva assinou, nesta quarta-feira (15), a cria\u00e7\u00e3o da\u00a0Secretaria Extraordin\u00e1ria da Presid\u00eancia da Rep\u00fablica para Apoio \u00e0 Reconstru\u00e7\u00e3o do Rio Grande do Sul. A nova pasta, com status de minist\u00e9rio, ser\u00e1 ocupada por Paulo Pimenta, que deixa a [&hellip;]","og_url":"https:\/\/cleitonpinheiro.com.br\/site\/governo-federal-cria-ministerio-extraordinario-de-apoio-ao-rs\/","og_site_name":"PORTAL DE NOT\u00cdCIAS CLEITON PINHEIRO","article_publisher":"https:\/\/www.facebook.com\/portalcpnoticias\/","article_published_time":"2024-05-16T16:59:19+00:00","article_modified_time":"2024-05-16T16:59:29+00:00","og_image":[{"width":1170,"height":700,"url":"https:\/\/cleitonpinheiro.com.br\/site\/wp-content\/uploads\/2024\/05\/53724201650_dd63181e2e_o.webp","type":"image\/webp"}],"author":"Cleiton Pinheiro","twitter_card":"summary_large_image","twitter_misc":{"Escrito por":"Cleiton Pinheiro","Est. tempo de leitura":"3 minutos"},"schema":{"@context":"https:\/\/schema.org","@graph":[{"@type":"Article","@id":"https:\/\/cleitonpinheiro.com.br\/site\/governo-federal-cria-ministerio-extraordinario-de-apoio-ao-rs\/#article","isPartOf":{"@id":"https:\/\/cleitonpinheiro.com.br\/site\/governo-federal-cria-ministerio-extraordinario-de-apoio-ao-rs\/"},"author":{"name":"Cleiton Pinheiro","@id":"https:\/\/cleitonpinheiro.com.br\/site\/#\/schema\/person\/62fd4eb98fcc8bd3fc477aaff264af51"},"headline":"Governo federal cria minist\u00e9rio extraordin\u00e1rio de apoio ao RS","datePublished":"2024-05-16T16:59:19+00:00","dateModified":"2024-05-16T16:59:29+00:00","mainEntityOfPage":{"@id":"https:\/\/cleitonpinheiro.com.br\/site\/governo-federal-cria-ministerio-extraordinario-de-apoio-ao-rs\/"},"wordCount":480,"commentCount":0,"publisher":{"@id":"https:\/\/cleitonpinheiro.com.br\/site\/#organization"},"image":{"@id":"https:\/\/cleitonpinheiro.com.br\/site\/governo-federal-cria-ministerio-extraordinario-de-apoio-ao-rs\/#primaryimage"},"thumbnailUrl":"https:\/\/cleitonpinheiro.com.br\/site\/wp-content\/uploads\/2024\/05\/53724201650_dd63181e2e_o-1024x613.webp","articleSection":["BRASIL \/ MUNDO","MANCHETE SEGUND\u00c1RIA","TODAS NOTICIAS"],"inLanguage":"pt-BR","potentialAction":[{"@type":"CommentAction","name":"Comment","target":["https:\/\/cleitonpinheiro.com.br\/site\/governo-federal-cria-ministerio-extraordinario-de-apoio-ao-rs\/#respond"]}]},{"@type":"WebPage","@id":"https:\/\/cleitonpinheiro.com.br\/site\/governo-federal-cria-ministerio-extraordinario-de-apoio-ao-rs\/","url":"https:\/\/cleitonpinheiro.com.br\/site\/governo-federal-cria-ministerio-extraordinario-de-apoio-ao-rs\/","name":"Governo federal cria minist\u00e9rio extraordin\u00e1rio de apoio ao RS - PORTAL DE NOT\u00cdCIAS CLEITON PINHEIRO","isPartOf":{"@id":"https:\/\/cleitonpinheiro.com.br\/site\/#website"},"primaryImageOfPage":{"@id":"https:\/\/cleitonpinheiro.com.br\/site\/governo-federal-cria-ministerio-extraordinario-de-apoio-ao-rs\/#primaryimage"},"image":{"@id":"https:\/\/cleitonpinheiro.com.br\/site\/governo-federal-cria-ministerio-extraordinario-de-apoio-ao-rs\/#primaryimage"},"thumbnailUrl":"https:\/\/cleitonpinheiro.com.br\/site\/wp-content\/uploads\/2024\/05\/53724201650_dd63181e2e_o-1024x613.webp","datePublished":"2024-05-16T16:59:19+00:00","dateModified":"2024-05-16T16:59:29+00:00","breadcrumb":{"@id":"https:\/\/cleitonpinheiro.com.br\/site\/governo-federal-cria-ministerio-extraordinario-de-apoio-ao-rs\/#breadcrumb"},"inLanguage":"pt-BR","potentialAction":[{"@type":"ReadAction","target":["https:\/\/cleitonpinheiro.com.br\/site\/governo-federal-cria-ministerio-extraordinario-de-apoio-ao-rs\/"]}]},{"@type":"ImageObject","inLanguage":"pt-BR","@id":"https:\/\/cleitonpinheiro.com.br\/site\/governo-federal-cria-ministerio-extraordinario-de-apoio-ao-rs\/#primaryimage","url":"","contentUrl":""},{"@type":"BreadcrumbList","@id":"https:\/\/cleitonpinheiro.com.br\/site\/governo-federal-cria-ministerio-extraordinario-de-apoio-ao-rs\/#breadcrumb","itemListElement":[{"@type":"ListItem","position":1,"name":"In\u00edcio","item":"https:\/\/cleitonpinheiro.com.br\/site\/"},{"@type":"ListItem","position":2,"name":"Governo federal cria minist\u00e9rio extraordin\u00e1rio de apoio ao RS"}]},{"@type":"WebSite","@id":"https:\/\/cleitonpinheiro.com.br\/site\/#website","url":"https:\/\/cleitonpinheiro.com.br\/site\/","name":"PORTAL DE NOT\u00cdCIAS CLEITON PINHEIRO","description":"FALANDO A VERDADE","publisher":{"@id":"https:\/\/cleitonpinheiro.com.br\/site\/#organization"},"potentialAction":[{"@type":"SearchAction","target":{"@type":"EntryPoint","urlTemplate":"https:\/\/cleitonpinheiro.com.br\/site\/?s={search_term_string}"},"query-input":{"@type":"PropertyValueSpecification","valueRequired":true,"valueName":"search_term_string"}}],"inLanguage":"pt-BR"},{"@type":"Organization","@id":"https:\/\/cleitonpinheiro.com.br\/site\/#organization","name":"CPNOT\u00cdCIAS","url":"https:\/\/cleitonpinheiro.com.br\/site\/","logo":{"@type":"ImageObject","inLanguage":"pt-BR","@id":"https:\/\/cleitonpinheiro.com.br\/site\/#\/schema\/logo\/image\/","url":"https:\/\/cleitonpinheiro.com.br\/site\/wp-content\/uploads\/2022\/08\/Logo-pequena-2.png","contentUrl":"https:\/\/cleitonpinheiro.com.br\/site\/wp-content\/uploads\/2022\/08\/Logo-pequena-2.png","width":500,"height":500,"caption":"CPNOT\u00cdCIAS"},"image":{"@id":"https:\/\/cleitonpinheiro.com.br\/site\/#\/schema\/logo\/image\/"},"sameAs":["https:\/\/www.facebook.com\/portalcpnoticias\/"]},{"@type":"Person","@id":"https:\/\/cleitonpinheiro.com.br\/site\/#\/schema\/person\/62fd4eb98fcc8bd3fc477aaff264af51","name":"Cleiton Pinheiro","image":{"@type":"ImageObject","inLanguage":"pt-BR","@id":"https:\/\/cleitonpinheiro.com.br\/site\/#\/schema\/person\/image\/","url":"https:\/\/secure.gravatar.com\/avatar\/15642ec35b78fe5eed3cfa8e4a3f3211d73a3df4f35f0566b4324958cba1b1b9?s=96&r=g","contentUrl":"https:\/\/secure.gravatar.com\/avatar\/15642ec35b78fe5eed3cfa8e4a3f3211d73a3df4f35f0566b4324958cba1b1b9?s=96&r=g","caption":"Cleiton Pinheiro"},"url":"https:\/\/cleitonpinheiro.com.br\/site\/author\/cleiton\/"}]}},"views":158,"_links":{"self":[{"href":"https:\/\/cleitonpinheiro.com.br\/site\/wp-json\/wp\/v2\/posts\/77202","targetHints":{"allow":["GET"]}}],"collection":[{"href":"https:\/\/cleitonpinheiro.com.br\/site\/wp-json\/wp\/v2\/posts"}],"about":[{"href":"https:\/\/cleitonpinheiro.com.br\/site\/wp-json\/wp\/v2\/types\/post"}],"author":[{"embeddable":true,"href":"https:\/\/cleitonpinheiro.com.br\/site\/wp-json\/wp\/v2\/users\/10"}],"replies":[{"embeddable":true,"href":"https:\/\/cleitonpinheiro.com.br\/site\/wp-json\/wp\/v2\/comments?post=77202"}],"version-history":[{"count":1,"href":"https:\/\/cleitonpinheiro.com.br\/site\/wp-json\/wp\/v2\/posts\/77202\/revisions"}],"predecessor-version":[{"id":77204,"href":"https:\/\/cleitonpinheiro.com.br\/site\/wp-json\/wp\/v2\/posts\/77202\/revisions\/77204"}],"wp:attachment":[{"href":"https:\/\/cleitonpinheiro.com.br\/site\/wp-json\/wp\/v2\/media?parent=77202"}],"wp:term":[{"taxonomy":"category","embeddable":true,"href":"https:\/\/cleitonpinheiro.com.br\/site\/wp-json\/wp\/v2\/categories?post=77202"},{"taxonomy":"post_tag","embeddable":true,"href":"https:\/\/cleitonpinheiro.com.br\/site\/wp-json\/wp\/v2\/tags?post=77202"}],"curies":[{"name":"wp","href":"https:\/\/api.w.org\/{rel}","templated":true}]}}