{"id":77211,"date":"2024-05-16T14:14:34","date_gmt":"2024-05-16T17:14:34","guid":{"rendered":"https:\/\/cleitonpinheiro.com.br\/site\/?p=77211"},"modified":"2024-05-16T14:14:39","modified_gmt":"2024-05-16T17:14:39","slug":"cbf-suspende-duas-rodadas-do-brasileirao-por-causa-de-cheias-no-rs","status":"publish","type":"post","link":"https:\/\/cleitonpinheiro.com.br\/site\/cbf-suspende-duas-rodadas-do-brasileirao-por-causa-de-cheias-no-rs\/","title":{"rendered":"CBF suspende duas rodadas do Brasileir\u00e3o por causa de cheias no RS"},"content":{"rendered":"\n<figure class=\"wp-block-image size-large\"><img decoding=\"async\" src=\"https:\/\/cleitonpinheiro.com.br\/site\/wp-content\/uploads\/2024\/05\/brasileirao-feminino-serie-a1-na-tv-brasil-01-credito-divulgacao-cbf-1024x613.webp\" alt=\"\" class=\"wp-image-77212\"\/><figcaption class=\"wp-element-caption\">Foto: CBF<\/figcaption><\/figure>\n\n\n\n<p>A Confedera\u00e7\u00e3o Brasileira de Futebol (CBF) anunciou a suspens\u00e3o das 7\u00ba e 8\u00ba rodadas\u00a0da S\u00e9rie A do Campeonato Brasileiro, o\u00a0Brasileir\u00e3o, por causa das enchentes que atingem o Rio Grande do Sul. Os jogos estavam marcados para os dois pr\u00f3ximos finais de semana.\u00a0O per\u00edodo de suspens\u00e3o &#8211; de 19 a 27 de maio &#8211; coincide com o anunciado pela CBF na semana passada, que\u00a0contemplava apenas partidas de times ga\u00fachos\u00a0(feminino e masculino) em todos os campeonatos nacionais.<\/p>\n\n\n\n<p>A medida foi tomada ap\u00f3s a entidade receber pedido de 15 dos 20 times que participam da competi\u00e7\u00e3o e da&nbsp;Federa\u00e7\u00e3o Ga\u00facha de Futebol.&nbsp;<\/p>\n\n\n\n<p>Os clubes que apresentaram a solicita\u00e7\u00e3o foram: Atl\u00e9tico Goianiense, Atl\u00e9tico Mineiro, Athletico Paranaense,&nbsp;Crici\u00fama,&nbsp;Cruzeiro,&nbsp;Cuiab\u00e1,&nbsp;Bahia,&nbsp;Juventude,&nbsp;Vit\u00f3ria, Fluminense,&nbsp;Fortaleza,&nbsp;Gr\u00eamio,&nbsp;Botafogo, Sport Club e Vasco da Gama.<\/p>\n\n\n\n<p>Segundo a entidade,&nbsp;cinco clubes foram contra a paralisa\u00e7\u00e3o da S\u00e9rie A nas rodadas 7 e 8:&nbsp;Flamengo, Palmeiras, Corinthians, S\u00e3o Paulo e Bragantino.<\/p>\n\n\n\n<p>A entidade afirma ainda que o&nbsp;Conselho&nbsp;Conselho T\u00e9cnico Extraordin\u00e1rio&nbsp;da S\u00e9rie A se reunir\u00e1 no dia dia 27 de maio.&nbsp;Entre as quest\u00f5es serem debatidas, est\u00e3o a delibera\u00e7\u00e3o de aspectos t\u00e9cnicos das competi\u00e7\u00f5es bem como a situa\u00e7\u00e3o de registro e transfer\u00eancia de atletas.&nbsp;<\/p>\n\n\n\n<p>Na \u00faltima sexta (10), o&nbsp;Minist\u00e9rio do Esporte j\u00e1 tinha feito&nbsp;um pedido formal&nbsp;\u00e0 CBF&nbsp;pelo&nbsp;adiamento do Campeonato Brasileiro, em raz\u00e3o das enchentes que assolam o estado ga\u00facho desde o final de abril. Na solicita\u00e7\u00e3o, o minist\u00e9rio&nbsp;cita o fato de o Rio Grande do Sul enfrentar uma \u201ctrag\u00e9dia\u201d que mobiliza todo o pa\u00eds, que est\u00e1 \u201cenvolvido no apoio aos jogadores e familiares, bem como a toda a popula\u00e7\u00e3o daquela regi\u00e3o\u201d.<\/p>\n\n\n\n<p>De acordo com a CBF, os demais torneios&nbsp;continuam sem mudan\u00e7a&nbsp;no cronograma. J\u00e1 as disputas&nbsp;dos clubes ga\u00fachos&nbsp;est\u00e3o suspensas&nbsp;at\u00e9 o dia 27 de maio.<\/p>\n\n\n\n<p>No comunicado de hoje, a confedera\u00e7\u00e3o se solidariza com os atingidos pela trag\u00e9dia no Rio Grande do Sul. &#8220;Como entidade nacional de administra\u00e7\u00e3o do desporto, se solidariza com cada v\u00edtima desse evento catastr\u00f3fico, ressaltando que est\u00e1 empreendendo todos os esfor\u00e7os, no \u00e2mbito nacional e internacional, que est\u00e3o ao seu alcance para colaborar com o povo ga\u00facho nessa dr\u00e1stica crise atrav\u00e9s de a\u00e7\u00f5es e iniciativas, sem preju\u00edzo de outras que ainda ser\u00e3o desenvolvidas, caso necess\u00e1rio&#8221;, afirma.<\/p>\n\n\n\n<p>Texto: Ag\u00eancia Brasil<\/p>\n","protected":false},"excerpt":{"rendered":"<p>A Confedera\u00e7\u00e3o Brasileira de Futebol (CBF) anunciou a suspens\u00e3o das 7\u00ba e 8\u00ba rodadas\u00a0da S\u00e9rie A do Campeonato Brasileiro, o\u00a0Brasileir\u00e3o, por causa das enchentes que atingem o Rio Grande do Sul. Os jogos estavam marcados para os dois pr\u00f3ximos finais de semana.\u00a0O per\u00edodo de suspens\u00e3o &#8211; de 19 a 27 de maio &#8211; coincide com [&hellip;]<\/p>\n","protected":false},"author":10,"featured_media":0,"comment_status":"open","ping_status":"open","sticky":false,"template":"","format":"standard","meta":{"_acf_changed":false,"footnotes":""},"categories":[1,20,21],"tags":[],"class_list":["post-77211","post","type-post","status-publish","format-standard","hentry","category-esporte","category-noticias-em-destaque","category-todas-noticias"],"acf":[],"yoast_head":"<!-- This site is optimized with the Yoast SEO plugin v24.4 - https:\/\/yoast.com\/wordpress\/plugins\/seo\/ -->\n<title>CBF suspende duas rodadas do Brasileir\u00e3o por causa de cheias no RS - PORTAL DE NOT\u00cdCIAS CLEITON PINHEIRO<\/title>\n<meta name=\"robots\" content=\"index, follow, max-snippet:-1, max-image-preview:large, max-video-preview:-1\" \/>\n<link rel=\"canonical\" href=\"https:\/\/cleitonpinheiro.com.br\/site\/cbf-suspende-duas-rodadas-do-brasileirao-por-causa-de-cheias-no-rs\/\" \/>\n<meta property=\"og:locale\" content=\"pt_BR\" \/>\n<meta property=\"og:type\" content=\"article\" \/>\n<meta property=\"og:title\" content=\"CBF suspende duas rodadas do Brasileir\u00e3o por causa de cheias no RS - PORTAL DE NOT\u00cdCIAS CLEITON PINHEIRO\" \/>\n<meta property=\"og:description\" content=\"A Confedera\u00e7\u00e3o Brasileira de Futebol (CBF) anunciou a suspens\u00e3o das 7\u00ba e 8\u00ba rodadas\u00a0da S\u00e9rie A do Campeonato Brasileiro, o\u00a0Brasileir\u00e3o, por causa das enchentes que atingem o Rio Grande do Sul. Os jogos estavam marcados para os dois pr\u00f3ximos finais de semana.\u00a0O per\u00edodo de suspens\u00e3o &#8211; de 19 a 27 de maio &#8211; coincide com [&hellip;]\" \/>\n<meta property=\"og:url\" content=\"https:\/\/cleitonpinheiro.com.br\/site\/cbf-suspende-duas-rodadas-do-brasileirao-por-causa-de-cheias-no-rs\/\" \/>\n<meta property=\"og:site_name\" content=\"PORTAL DE NOT\u00cdCIAS CLEITON PINHEIRO\" \/>\n<meta property=\"article:publisher\" content=\"https:\/\/www.facebook.com\/portalcpnoticias\/\" \/>\n<meta property=\"article:published_time\" content=\"2024-05-16T17:14:34+00:00\" \/>\n<meta property=\"article:modified_time\" content=\"2024-05-16T17:14:39+00:00\" \/>\n<meta property=\"og:image\" content=\"https:\/\/cleitonpinheiro.com.br\/site\/wp-content\/uploads\/2024\/05\/brasileirao-feminino-serie-a1-na-tv-brasil-01-credito-divulgacao-cbf.webp\" \/>\n\t<meta property=\"og:image:width\" content=\"1170\" \/>\n\t<meta property=\"og:image:height\" content=\"700\" \/>\n\t<meta property=\"og:image:type\" content=\"image\/webp\" \/>\n<meta name=\"author\" content=\"Cleiton Pinheiro\" \/>\n<meta name=\"twitter:card\" content=\"summary_large_image\" \/>\n<meta name=\"twitter:label1\" content=\"Escrito por\" \/>\n\t<meta name=\"twitter:data1\" content=\"Cleiton Pinheiro\" \/>\n\t<meta name=\"twitter:label2\" content=\"Est. tempo de leitura\" \/>\n\t<meta name=\"twitter:data2\" content=\"3 minutos\" \/>\n<script type=\"application\/ld+json\" class=\"yoast-schema-graph\">{\"@context\":\"https:\/\/schema.org\",\"@graph\":[{\"@type\":\"Article\",\"@id\":\"https:\/\/cleitonpinheiro.com.br\/site\/cbf-suspende-duas-rodadas-do-brasileirao-por-causa-de-cheias-no-rs\/#article\",\"isPartOf\":{\"@id\":\"https:\/\/cleitonpinheiro.com.br\/site\/cbf-suspende-duas-rodadas-do-brasileirao-por-causa-de-cheias-no-rs\/\"},\"author\":{\"name\":\"Cleiton Pinheiro\",\"@id\":\"https:\/\/cleitonpinheiro.com.br\/site\/#\/schema\/person\/62fd4eb98fcc8bd3fc477aaff264af51\"},\"headline\":\"CBF suspende duas rodadas do Brasileir\u00e3o por causa de cheias no RS\",\"datePublished\":\"2024-05-16T17:14:34+00:00\",\"dateModified\":\"2024-05-16T17:14:39+00:00\",\"mainEntityOfPage\":{\"@id\":\"https:\/\/cleitonpinheiro.com.br\/site\/cbf-suspende-duas-rodadas-do-brasileirao-por-causa-de-cheias-no-rs\/\"},\"wordCount\":469,\"commentCount\":0,\"publisher\":{\"@id\":\"https:\/\/cleitonpinheiro.com.br\/site\/#organization\"},\"image\":{\"@id\":\"https:\/\/cleitonpinheiro.com.br\/site\/cbf-suspende-duas-rodadas-do-brasileirao-por-causa-de-cheias-no-rs\/#primaryimage\"},\"thumbnailUrl\":\"https:\/\/cleitonpinheiro.com.br\/site\/wp-content\/uploads\/2024\/05\/brasileirao-feminino-serie-a1-na-tv-brasil-01-credito-divulgacao-cbf-1024x613.webp\",\"articleSection\":[\"ESPORTE\",\"NOT\u00cdCIAS EM DESTAQUE\",\"TODAS NOTICIAS\"],\"inLanguage\":\"pt-BR\",\"potentialAction\":[{\"@type\":\"CommentAction\",\"name\":\"Comment\",\"target\":[\"https:\/\/cleitonpinheiro.com.br\/site\/cbf-suspende-duas-rodadas-do-brasileirao-por-causa-de-cheias-no-rs\/#respond\"]}]},{\"@type\":\"WebPage\",\"@id\":\"https:\/\/cleitonpinheiro.com.br\/site\/cbf-suspende-duas-rodadas-do-brasileirao-por-causa-de-cheias-no-rs\/\",\"url\":\"https:\/\/cleitonpinheiro.com.br\/site\/cbf-suspende-duas-rodadas-do-brasileirao-por-causa-de-cheias-no-rs\/\",\"name\":\"CBF suspende duas rodadas do Brasileir\u00e3o por causa de cheias no RS - PORTAL DE NOT\u00cdCIAS CLEITON PINHEIRO\",\"isPartOf\":{\"@id\":\"https:\/\/cleitonpinheiro.com.br\/site\/#website\"},\"primaryImageOfPage\":{\"@id\":\"https:\/\/cleitonpinheiro.com.br\/site\/cbf-suspende-duas-rodadas-do-brasileirao-por-causa-de-cheias-no-rs\/#primaryimage\"},\"image\":{\"@id\":\"https:\/\/cleitonpinheiro.com.br\/site\/cbf-suspende-duas-rodadas-do-brasileirao-por-causa-de-cheias-no-rs\/#primaryimage\"},\"thumbnailUrl\":\"https:\/\/cleitonpinheiro.com.br\/site\/wp-content\/uploads\/2024\/05\/brasileirao-feminino-serie-a1-na-tv-brasil-01-credito-divulgacao-cbf-1024x613.webp\",\"datePublished\":\"2024-05-16T17:14:34+00:00\",\"dateModified\":\"2024-05-16T17:14:39+00:00\",\"breadcrumb\":{\"@id\":\"https:\/\/cleitonpinheiro.com.br\/site\/cbf-suspende-duas-rodadas-do-brasileirao-por-causa-de-cheias-no-rs\/#breadcrumb\"},\"inLanguage\":\"pt-BR\",\"potentialAction\":[{\"@type\":\"ReadAction\",\"target\":[\"https:\/\/cleitonpinheiro.com.br\/site\/cbf-suspende-duas-rodadas-do-brasileirao-por-causa-de-cheias-no-rs\/\"]}]},{\"@type\":\"ImageObject\",\"inLanguage\":\"pt-BR\",\"@id\":\"https:\/\/cleitonpinheiro.com.br\/site\/cbf-suspende-duas-rodadas-do-brasileirao-por-causa-de-cheias-no-rs\/#primaryimage\",\"url\":\"\",\"contentUrl\":\"\"},{\"@type\":\"BreadcrumbList\",\"@id\":\"https:\/\/cleitonpinheiro.com.br\/site\/cbf-suspende-duas-rodadas-do-brasileirao-por-causa-de-cheias-no-rs\/#breadcrumb\",\"itemListElement\":[{\"@type\":\"ListItem\",\"position\":1,\"name\":\"In\u00edcio\",\"item\":\"https:\/\/cleitonpinheiro.com.br\/site\/\"},{\"@type\":\"ListItem\",\"position\":2,\"name\":\"CBF suspende duas rodadas do Brasileir\u00e3o por causa de cheias no RS\"}]},{\"@type\":\"WebSite\",\"@id\":\"https:\/\/cleitonpinheiro.com.br\/site\/#website\",\"url\":\"https:\/\/cleitonpinheiro.com.br\/site\/\",\"name\":\"PORTAL DE NOT\u00cdCIAS CLEITON PINHEIRO\",\"description\":\"FALANDO A VERDADE\",\"publisher\":{\"@id\":\"https:\/\/cleitonpinheiro.com.br\/site\/#organization\"},\"potentialAction\":[{\"@type\":\"SearchAction\",\"target\":{\"@type\":\"EntryPoint\",\"urlTemplate\":\"https:\/\/cleitonpinheiro.com.br\/site\/?s={search_term_string}\"},\"query-input\":{\"@type\":\"PropertyValueSpecification\",\"valueRequired\":true,\"valueName\":\"search_term_string\"}}],\"inLanguage\":\"pt-BR\"},{\"@type\":\"Organization\",\"@id\":\"https:\/\/cleitonpinheiro.com.br\/site\/#organization\",\"name\":\"CPNOT\u00cdCIAS\",\"url\":\"https:\/\/cleitonpinheiro.com.br\/site\/\",\"logo\":{\"@type\":\"ImageObject\",\"inLanguage\":\"pt-BR\",\"@id\":\"https:\/\/cleitonpinheiro.com.br\/site\/#\/schema\/logo\/image\/\",\"url\":\"https:\/\/cleitonpinheiro.com.br\/site\/wp-content\/uploads\/2022\/08\/Logo-pequena-2.png\",\"contentUrl\":\"https:\/\/cleitonpinheiro.com.br\/site\/wp-content\/uploads\/2022\/08\/Logo-pequena-2.png\",\"width\":500,\"height\":500,\"caption\":\"CPNOT\u00cdCIAS\"},\"image\":{\"@id\":\"https:\/\/cleitonpinheiro.com.br\/site\/#\/schema\/logo\/image\/\"},\"sameAs\":[\"https:\/\/www.facebook.com\/portalcpnoticias\/\"]},{\"@type\":\"Person\",\"@id\":\"https:\/\/cleitonpinheiro.com.br\/site\/#\/schema\/person\/62fd4eb98fcc8bd3fc477aaff264af51\",\"name\":\"Cleiton Pinheiro\",\"image\":{\"@type\":\"ImageObject\",\"inLanguage\":\"pt-BR\",\"@id\":\"https:\/\/cleitonpinheiro.com.br\/site\/#\/schema\/person\/image\/\",\"url\":\"https:\/\/secure.gravatar.com\/avatar\/15642ec35b78fe5eed3cfa8e4a3f3211d73a3df4f35f0566b4324958cba1b1b9?s=96&r=g\",\"contentUrl\":\"https:\/\/secure.gravatar.com\/avatar\/15642ec35b78fe5eed3cfa8e4a3f3211d73a3df4f35f0566b4324958cba1b1b9?s=96&r=g\",\"caption\":\"Cleiton Pinheiro\"},\"url\":\"https:\/\/cleitonpinheiro.com.br\/site\/author\/cleiton\/\"}]}<\/script>\n<!-- \/ Yoast SEO plugin. -->","yoast_head_json":{"title":"CBF suspende duas rodadas do Brasileir\u00e3o por causa de cheias no RS - PORTAL DE NOT\u00cdCIAS CLEITON PINHEIRO","robots":{"index":"index","follow":"follow","max-snippet":"max-snippet:-1","max-image-preview":"max-image-preview:large","max-video-preview":"max-video-preview:-1"},"canonical":"https:\/\/cleitonpinheiro.com.br\/site\/cbf-suspende-duas-rodadas-do-brasileirao-por-causa-de-cheias-no-rs\/","og_locale":"pt_BR","og_type":"article","og_title":"CBF suspende duas rodadas do Brasileir\u00e3o por causa de cheias no RS - PORTAL DE NOT\u00cdCIAS CLEITON PINHEIRO","og_description":"A Confedera\u00e7\u00e3o Brasileira de Futebol (CBF) anunciou a suspens\u00e3o das 7\u00ba e 8\u00ba rodadas\u00a0da S\u00e9rie A do Campeonato Brasileiro, o\u00a0Brasileir\u00e3o, por causa das enchentes que atingem o Rio Grande do Sul. Os jogos estavam marcados para os dois pr\u00f3ximos finais de semana.\u00a0O per\u00edodo de suspens\u00e3o &#8211; de 19 a 27 de maio &#8211; coincide com [&hellip;]","og_url":"https:\/\/cleitonpinheiro.com.br\/site\/cbf-suspende-duas-rodadas-do-brasileirao-por-causa-de-cheias-no-rs\/","og_site_name":"PORTAL DE NOT\u00cdCIAS CLEITON PINHEIRO","article_publisher":"https:\/\/www.facebook.com\/portalcpnoticias\/","article_published_time":"2024-05-16T17:14:34+00:00","article_modified_time":"2024-05-16T17:14:39+00:00","og_image":[{"width":1170,"height":700,"url":"https:\/\/cleitonpinheiro.com.br\/site\/wp-content\/uploads\/2024\/05\/brasileirao-feminino-serie-a1-na-tv-brasil-01-credito-divulgacao-cbf.webp","type":"image\/webp"}],"author":"Cleiton Pinheiro","twitter_card":"summary_large_image","twitter_misc":{"Escrito por":"Cleiton Pinheiro","Est. tempo de leitura":"3 minutos"},"schema":{"@context":"https:\/\/schema.org","@graph":[{"@type":"Article","@id":"https:\/\/cleitonpinheiro.com.br\/site\/cbf-suspende-duas-rodadas-do-brasileirao-por-causa-de-cheias-no-rs\/#article","isPartOf":{"@id":"https:\/\/cleitonpinheiro.com.br\/site\/cbf-suspende-duas-rodadas-do-brasileirao-por-causa-de-cheias-no-rs\/"},"author":{"name":"Cleiton Pinheiro","@id":"https:\/\/cleitonpinheiro.com.br\/site\/#\/schema\/person\/62fd4eb98fcc8bd3fc477aaff264af51"},"headline":"CBF suspende duas rodadas do Brasileir\u00e3o por causa de cheias no RS","datePublished":"2024-05-16T17:14:34+00:00","dateModified":"2024-05-16T17:14:39+00:00","mainEntityOfPage":{"@id":"https:\/\/cleitonpinheiro.com.br\/site\/cbf-suspende-duas-rodadas-do-brasileirao-por-causa-de-cheias-no-rs\/"},"wordCount":469,"commentCount":0,"publisher":{"@id":"https:\/\/cleitonpinheiro.com.br\/site\/#organization"},"image":{"@id":"https:\/\/cleitonpinheiro.com.br\/site\/cbf-suspende-duas-rodadas-do-brasileirao-por-causa-de-cheias-no-rs\/#primaryimage"},"thumbnailUrl":"https:\/\/cleitonpinheiro.com.br\/site\/wp-content\/uploads\/2024\/05\/brasileirao-feminino-serie-a1-na-tv-brasil-01-credito-divulgacao-cbf-1024x613.webp","articleSection":["ESPORTE","NOT\u00cdCIAS EM DESTAQUE","TODAS NOTICIAS"],"inLanguage":"pt-BR","potentialAction":[{"@type":"CommentAction","name":"Comment","target":["https:\/\/cleitonpinheiro.com.br\/site\/cbf-suspende-duas-rodadas-do-brasileirao-por-causa-de-cheias-no-rs\/#respond"]}]},{"@type":"WebPage","@id":"https:\/\/cleitonpinheiro.com.br\/site\/cbf-suspende-duas-rodadas-do-brasileirao-por-causa-de-cheias-no-rs\/","url":"https:\/\/cleitonpinheiro.com.br\/site\/cbf-suspende-duas-rodadas-do-brasileirao-por-causa-de-cheias-no-rs\/","name":"CBF suspende duas rodadas do Brasileir\u00e3o por causa de cheias no RS - PORTAL DE NOT\u00cdCIAS CLEITON PINHEIRO","isPartOf":{"@id":"https:\/\/cleitonpinheiro.com.br\/site\/#website"},"primaryImageOfPage":{"@id":"https:\/\/cleitonpinheiro.com.br\/site\/cbf-suspende-duas-rodadas-do-brasileirao-por-causa-de-cheias-no-rs\/#primaryimage"},"image":{"@id":"https:\/\/cleitonpinheiro.com.br\/site\/cbf-suspende-duas-rodadas-do-brasileirao-por-causa-de-cheias-no-rs\/#primaryimage"},"thumbnailUrl":"https:\/\/cleitonpinheiro.com.br\/site\/wp-content\/uploads\/2024\/05\/brasileirao-feminino-serie-a1-na-tv-brasil-01-credito-divulgacao-cbf-1024x613.webp","datePublished":"2024-05-16T17:14:34+00:00","dateModified":"2024-05-16T17:14:39+00:00","breadcrumb":{"@id":"https:\/\/cleitonpinheiro.com.br\/site\/cbf-suspende-duas-rodadas-do-brasileirao-por-causa-de-cheias-no-rs\/#breadcrumb"},"inLanguage":"pt-BR","potentialAction":[{"@type":"ReadAction","target":["https:\/\/cleitonpinheiro.com.br\/site\/cbf-suspende-duas-rodadas-do-brasileirao-por-causa-de-cheias-no-rs\/"]}]},{"@type":"ImageObject","inLanguage":"pt-BR","@id":"https:\/\/cleitonpinheiro.com.br\/site\/cbf-suspende-duas-rodadas-do-brasileirao-por-causa-de-cheias-no-rs\/#primaryimage","url":"","contentUrl":""},{"@type":"BreadcrumbList","@id":"https:\/\/cleitonpinheiro.com.br\/site\/cbf-suspende-duas-rodadas-do-brasileirao-por-causa-de-cheias-no-rs\/#breadcrumb","itemListElement":[{"@type":"ListItem","position":1,"name":"In\u00edcio","item":"https:\/\/cleitonpinheiro.com.br\/site\/"},{"@type":"ListItem","position":2,"name":"CBF suspende duas rodadas do Brasileir\u00e3o por causa de cheias no RS"}]},{"@type":"WebSite","@id":"https:\/\/cleitonpinheiro.com.br\/site\/#website","url":"https:\/\/cleitonpinheiro.com.br\/site\/","name":"PORTAL DE NOT\u00cdCIAS CLEITON PINHEIRO","description":"FALANDO A VERDADE","publisher":{"@id":"https:\/\/cleitonpinheiro.com.br\/site\/#organization"},"potentialAction":[{"@type":"SearchAction","target":{"@type":"EntryPoint","urlTemplate":"https:\/\/cleitonpinheiro.com.br\/site\/?s={search_term_string}"},"query-input":{"@type":"PropertyValueSpecification","valueRequired":true,"valueName":"search_term_string"}}],"inLanguage":"pt-BR"},{"@type":"Organization","@id":"https:\/\/cleitonpinheiro.com.br\/site\/#organization","name":"CPNOT\u00cdCIAS","url":"https:\/\/cleitonpinheiro.com.br\/site\/","logo":{"@type":"ImageObject","inLanguage":"pt-BR","@id":"https:\/\/cleitonpinheiro.com.br\/site\/#\/schema\/logo\/image\/","url":"https:\/\/cleitonpinheiro.com.br\/site\/wp-content\/uploads\/2022\/08\/Logo-pequena-2.png","contentUrl":"https:\/\/cleitonpinheiro.com.br\/site\/wp-content\/uploads\/2022\/08\/Logo-pequena-2.png","width":500,"height":500,"caption":"CPNOT\u00cdCIAS"},"image":{"@id":"https:\/\/cleitonpinheiro.com.br\/site\/#\/schema\/logo\/image\/"},"sameAs":["https:\/\/www.facebook.com\/portalcpnoticias\/"]},{"@type":"Person","@id":"https:\/\/cleitonpinheiro.com.br\/site\/#\/schema\/person\/62fd4eb98fcc8bd3fc477aaff264af51","name":"Cleiton Pinheiro","image":{"@type":"ImageObject","inLanguage":"pt-BR","@id":"https:\/\/cleitonpinheiro.com.br\/site\/#\/schema\/person\/image\/","url":"https:\/\/secure.gravatar.com\/avatar\/15642ec35b78fe5eed3cfa8e4a3f3211d73a3df4f35f0566b4324958cba1b1b9?s=96&r=g","contentUrl":"https:\/\/secure.gravatar.com\/avatar\/15642ec35b78fe5eed3cfa8e4a3f3211d73a3df4f35f0566b4324958cba1b1b9?s=96&r=g","caption":"Cleiton Pinheiro"},"url":"https:\/\/cleitonpinheiro.com.br\/site\/author\/cleiton\/"}]}},"views":156,"_links":{"self":[{"href":"https:\/\/cleitonpinheiro.com.br\/site\/wp-json\/wp\/v2\/posts\/77211","targetHints":{"allow":["GET"]}}],"collection":[{"href":"https:\/\/cleitonpinheiro.com.br\/site\/wp-json\/wp\/v2\/posts"}],"about":[{"href":"https:\/\/cleitonpinheiro.com.br\/site\/wp-json\/wp\/v2\/types\/post"}],"author":[{"embeddable":true,"href":"https:\/\/cleitonpinheiro.com.br\/site\/wp-json\/wp\/v2\/users\/10"}],"replies":[{"embeddable":true,"href":"https:\/\/cleitonpinheiro.com.br\/site\/wp-json\/wp\/v2\/comments?post=77211"}],"version-history":[{"count":1,"href":"https:\/\/cleitonpinheiro.com.br\/site\/wp-json\/wp\/v2\/posts\/77211\/revisions"}],"predecessor-version":[{"id":77213,"href":"https:\/\/cleitonpinheiro.com.br\/site\/wp-json\/wp\/v2\/posts\/77211\/revisions\/77213"}],"wp:attachment":[{"href":"https:\/\/cleitonpinheiro.com.br\/site\/wp-json\/wp\/v2\/media?parent=77211"}],"wp:term":[{"taxonomy":"category","embeddable":true,"href":"https:\/\/cleitonpinheiro.com.br\/site\/wp-json\/wp\/v2\/categories?post=77211"},{"taxonomy":"post_tag","embeddable":true,"href":"https:\/\/cleitonpinheiro.com.br\/site\/wp-json\/wp\/v2\/tags?post=77211"}],"curies":[{"name":"wp","href":"https:\/\/api.w.org\/{rel}","templated":true}]}}