{"id":77232,"date":"2024-05-17T14:01:45","date_gmt":"2024-05-17T17:01:45","guid":{"rendered":"https:\/\/cleitonpinheiro.com.br\/site\/?p=77232"},"modified":"2024-05-17T14:01:50","modified_gmt":"2024-05-17T17:01:50","slug":"quilombolas-cobram-do-governo-agilidade-na-titulacao-de-terras","status":"publish","type":"post","link":"https:\/\/cleitonpinheiro.com.br\/site\/quilombolas-cobram-do-governo-agilidade-na-titulacao-de-terras\/","title":{"rendered":"Quilombolas cobram do governo agilidade na titula\u00e7\u00e3o de terras"},"content":{"rendered":"\n<p>Lideran\u00e7as quilombolas presentes no encontro Aquilombar 2024, em Bras\u00edlia, cobraram o governo federal sobre o que consideram como lentid\u00e3o do processo de titula\u00e7\u00e3o dos territ\u00f3rios das comunidades negras rurais, apesar de reconhecerem alguns avan\u00e7os na pauta do movimento durante o atual governo.<\/p>\n\n\n\n<p>O coordenador executivo da Articula\u00e7\u00e3o Nacional de Comunidades Negras Rurais Quilombolas (Conaq), Biko Rodrigues, afirmou \u00e0&nbsp;<strong>Ag\u00eancia Brasil<\/strong>&nbsp;que o processo de titula\u00e7\u00e3o dos territ\u00f3rios ainda est\u00e1 engatinhando.<\/p>\n\n\n\n<p>\u201cA gente entende que [o atual governo] pegou um pa\u00eds totalmente devastado e que o ano passado foi um ano de reconstru\u00e7\u00e3o, inclusive, das pol\u00edticas p\u00fablicas. Mas neste ano de 2024, a gente esperava mais. A gente espera mais desse governo\u201d, disse.<\/p>\n\n\n\n<figure class=\"wp-block-image alignright\"><img decoding=\"async\" src=\"https:\/\/imagens.ebc.com.br\/y84Gtzo87zB3_ynqF7HNY_CDBwk=\/365x0\/smart\/https:\/\/agenciabrasil.ebc.com.br\/sites\/default\/files\/thumbnails\/image\/2024\/05\/16\/pzzb2663-20.jpg?itok=V47VYCDh\" alt=\"Bras\u00edlia (DF) 16\/05\/2024 O coordenador da Coordena\u00e7\u00e3o Nacional de Articula\u00e7\u00e3o de Comunidades Negras Rurais Quilombolas (CONAQ), Biko Rodrigues, durante ato no II Aquilombar, Jornada de Lutas dos Quilombolas do Brasil\n Foto: Fabio Rodrigues-Pozzebom\/ Ag\u00eancia Brasil\" title=\"Fabio Rodrigues-Pozzebom\/ Ag\u00eancia Brasil\"\/><\/figure>\n\n\n\n<h6 class=\"wp-block-heading\">Coordenador Nacional de Articula\u00e7\u00e3o de Comunidades Negras Rurais Quilombolas, Biko Rodrigues, cobra mais agilidade na titula\u00e7\u00e3o de terras quilombolas &#8211; Foto: Fabio Rodrigues-Pozzebom\/Ag\u00eancia Brasil<\/h6>\n\n\n\n<p>A segunda edi\u00e7\u00e3o do maior evento quilombola do pa\u00eds recebeu nesta semana caravanas de diversos estados, somando mais de 1.000 pessoas, segundo a organiza\u00e7\u00e3o do encontro. Com o tema Ancestralizando o Futuro, o Aquilombar 2024 encerrou uma s\u00e9rie de atividades nesta quinta-feira (16) com uma marcha na Esplanada dos Minist\u00e9rios, e com a entrega de uma carta com a pauta do movimento a&nbsp;representantes do governo federal.&nbsp;&nbsp;<\/p>\n\n\n\n<p>A lideran\u00e7a quilombola Biko Rodrigues defendeu que a&nbsp;<a href=\"https:\/\/agenciabrasil.ebc.com.br\/geral\/noticia\/2024-05\/mais-de-98-dos-territorios-quilombolas-no-brasil-estao-ameacados\" target=\"_blank\" rel=\"noreferrer noopener\">demarca\u00e7\u00e3o dos quilombos deve ser encarada como pol\u00edtica de preserva\u00e7\u00e3o do meio ambiente<\/a>&nbsp;e citou a cat\u00e1strofe clim\u00e1tica que afeta o Rio Grande do Sul e a Confer\u00eancia das Na\u00e7\u00f5es Unidas sobre Mudan\u00e7as Clim\u00e1ticas (COP30), prevista para ocorrer em Bel\u00e9m, em 2025.&nbsp;&nbsp;<\/p>\n\n\n\n<p>\u201cN\u00f3s somos a fronteira que impede o agroneg\u00f3cio e a minera\u00e7\u00e3o de acabar com o campo brasileiro. Mesmo sendo uma fronteira t\u00e3o importante para a preserva\u00e7\u00e3o da sociobiodiversidade, somos considerados invis\u00edveis, mesmo estando em todos os biomas\u201d, alertou.<\/p>\n\n\n\n<p>O argumento de Biko \u00e9 baseado em&nbsp;<a href=\"https:\/\/agenciabrasil.ebc.com.br\/geral\/noticia\/2023-09\/exemplo-de-preservacao-quilombo-kalunga-mantem-83-do-cerrado-nativo\" target=\"_blank\" rel=\"noreferrer noopener\">dados que t\u00eam apontado que terras quilombolas s\u00e3o mais preservadas<\/a>&nbsp;do que outros territ\u00f3rios.&nbsp;<\/p>\n\n\n\n<p>No palco, diante do p\u00fablico quilombola presente em Bras\u00edlia e de representantes do Executivo, a principal lideran\u00e7a do movimento pediu ao governo federal \u201csinais\u201d de que a pol\u00edtica de titula\u00e7\u00e3o de terras deve andar.&nbsp;&nbsp;<\/p>\n\n\n\n<p>\u201cN\u00e3o tem como a gente tratar uma repara\u00e7\u00e3o de bilh\u00f5es, com milh\u00f5es. Hoje n\u00f3s temos R$ 137 milh\u00f5es [de or\u00e7amento para titula\u00e7\u00e3o de terras quilombolas]. Mas a pol\u00edtica quilombola \u00e9 uma pol\u00edtica que exige muito mais do que milh\u00f5es, porque \u00e9 uma pol\u00edtica hist\u00f3rica de repara\u00e7\u00e3o\u201d, destacou.<\/p>\n\n\n\n<p>De acordo com Biko, os recursos do or\u00e7amento deste ano para titula\u00e7\u00e3o de terras daria para regularizar apenas tr\u00eas quilombos, uma vez que o governo precisa indenizar quem ocupa as \u00e1reas reivindicadas pelas comunidades de remanescentes de escravizados no Brasil.<\/p>\n\n\n\n<p>\u201cO grau de import\u00e2ncia de uma pol\u00edtica dentro do governo \u00e9 quanto o governo prioriza aquela pol\u00edtica no investimento de recursos, mas tamb\u00e9m na quantidade de pessoas para dar conta da demanda\u201d, acrescentou a lideran\u00e7a \u00e0&nbsp;<strong>Ag\u00eancia Brasil<\/strong>.<\/p>\n\n\n\n<h2 class=\"wp-block-heading\">Titula\u00e7\u00f5es em breve<\/h2>\n\n\n\n<p>Presente no evento com quatro ministros, entre eles, a da Igualdade Social, Anielle Franco, o da Secretaria-Geral da Presid\u00eancia, M\u00e1rcio Mac\u00eado, e a da Cultura, Margareth Menezes, o governo entregou certificados de reconhecimentos de territ\u00f3rios pela Funda\u00e7\u00e3o Palmares e tamb\u00e9m relat\u00f3rios t\u00e9cnicos do Incra para alguns quilombos. Os documentos s\u00e3o etapas burocr\u00e1ticas pr\u00e9vias \u00e0 definitiva titula\u00e7\u00e3o de uma terra.<\/p>\n\n\n\n<p>Tamb\u00e9m presente no encontro, o ministro do Desenvolvimento Agr\u00e1rio, Paulo Teixeira, prometeu que o presidente Luiz In\u00e1cio Lula da Silva vai anunciar novas titula\u00e7\u00f5es \u201cem breve\u201d, assim que a situa\u00e7\u00e3o do Rio Grande do Sul permitir.<\/p>\n\n\n\n<p>\u201cO presidente Lula vai entregar os t\u00edtulos, os decretos e a mudan\u00e7a na estrutura do Incra em um per\u00edodo muito pr\u00f3ximo. O presidente Lula, nesses dias, est\u00e1 com toda a aten\u00e7\u00e3o no Rio Grande do Sul\u201d, disse.<\/p>\n\n\n\n<p>Teixeira acrescentou que o Incra voltou a ter or\u00e7amento com os cerca de R$ 138 milh\u00f5es para regulariza\u00e7\u00e3o dos territ\u00f3rios quilombolas. \u201cN\u00f3s, junto com voc\u00eas, vamos concluir essa aboli\u00e7\u00e3o inconclusa e reparar os povos de origem africana\u201d, completou.<\/p>\n\n\n\n<figure class=\"wp-block-image alignleft\"><img decoding=\"async\" src=\"https:\/\/imagens.ebc.com.br\/xXLfPE5zuRpdc1JilZjJuWV02PE=\/365x0\/smart\/https:\/\/agenciabrasil.ebc.com.br\/sites\/default\/files\/thumbnails\/image\/2024\/05\/16\/pzzb2648-18.jpg?itok=VoiA0Ai2\" alt=\"Bras\u00edlia (DF) 16\/05\/2024  O ministro do Desenvolvimento Agr\u00e1rio, Paulo Teixeira, participa de ato no II Aquilombar, Jornada de Lutas dos Quilombolas do Brasil\n Foto: Fabio Rodrigues-Pozzebom\/ Ag\u00eancia Brasil\" title=\"Fabio Rodrigues-Pozzebom\/ Ag\u00eancia Brasil\"\/><\/figure>\n\n\n\n<h6 class=\"wp-block-heading\">Ministro do Desenvolvimento Agr\u00e1rio, Paulo Teixeira, diz que o presidente Lula vai entregar os t\u00edtulos de reconhecimento de quilombos, II Aquilombar &#8211; Foto: Fabio Rodrigues-Pozzebom\/Ag\u00eancia Brasil<\/h6>\n\n\n\n<p>No in\u00edcio de abril, o Incra reconheceu e delimitou as terras do Quilombo Pitanga dos Palmares, na Bahia, onde a&nbsp;<a href=\"https:\/\/agenciabrasil.ebc.com.br\/direitos-humanos\/noticia\/2023-08\/lider-quilombola-de-pitanga-dos-palmares-e-executada-na-bahia\" target=\"_blank\" rel=\"noreferrer noopener\">lideran\u00e7a M\u00e3e Bernadete foi assassinada em agosto de 2023<\/a>. Apesar desse avan\u00e7o, a&nbsp;<a href=\"https:\/\/agenciabrasil.ebc.com.br\/direitos-humanos\/noticia\/2024-04\/incra-terras-de-quilombo-de-mae-bernadete\" target=\"_blank\" rel=\"noreferrer noopener\">titula\u00e7\u00e3o ainda n\u00e3o foi finalizada<\/a>. Em mar\u00e7o de 2023,&nbsp;<a href=\"https:\/\/agenciabrasil.ebc.com.br\/direitos-humanos\/noticia\/2023-03\/lula-titula-areas-quilombolas-apos-quatro-anos-de-paralisacao%20https:\/\/agenciabrasil.ebc.com.br\/fr\/node\/1567628\" target=\"_blank\" rel=\"noreferrer noopener\">tr\u00eas territ\u00f3rios foram titulados pelo governo federal<\/a>. Em novembro, outros cinco territ\u00f3rios foram titulados. O&nbsp;<a href=\"https:\/\/agenciabrasil.ebc.com.br\/direitos-humanos\/noticia\/2023-08\/cerca-de-300-territorios-quilombolas-devem-ser-titulados-ate-2026\" target=\"_blank\" rel=\"noreferrer noopener\">governo chegou a prometer 300 titula\u00e7\u00f5es<\/a>&nbsp;at\u00e9 o final do mandato.<\/p>\n\n\n\n<h2 class=\"wp-block-heading\">Sem paci\u00eancia<\/h2>\n\n\n\n<figure class=\"wp-block-image\"><img decoding=\"async\" src=\"https:\/\/imagens.ebc.com.br\/hBly_w9LPeq6jo70bGjFFWyyqQ0=\/754x0\/smart\/https:\/\/agenciabrasil.ebc.com.br\/sites\/default\/files\/thumbnails\/image\/2024\/05\/16\/pzzb2655-19.jpg?itok=Nh-iSswX\" alt=\"Bras\u00edlia (DF) 16\/05\/2024  Participante de ato no II Aquilombar, Jornada de Lutas dos Quilombolas do Brasil\n Foto: Fabio Rodrigues-Pozzebom\/ Ag\u00eancia Brasil\" title=\"Fabio Rodrigues-Pozzebom\/ Ag\u00eancia Brasil\"\/><\/figure>\n\n\n\n<h6 class=\"wp-block-heading\">II Aquilombar, Jornada de Lutas dos Quilombolas do Brasil &#8211; Foto: Fabio Rodrigues-Pozzebom\/Ag\u00eancia Brasil<\/h6>\n\n\n\n<p>De acordo com o&nbsp;<a href=\"https:\/\/cpisp.org.br\/direitosquilombolas\/observatorio-terras-quilombolas\/\" target=\"_blank\" rel=\"noreferrer noopener\">Observat\u00f3rio Terras Quilombolas<\/a>, existem 1,9 mil terras quilombolas em processo de regulariza\u00e7\u00e3o no Brasil. Dessas, 172 estariam com a titula\u00e7\u00e3o conclu\u00edda, representando cerca de 9% do total dos processos que iniciaram a tramita\u00e7\u00e3o.&nbsp;<\/p>\n\n\n\n<p>No atual ritmo, o Brasil levaria mais de 2,1 mil anos para titular todos os territ\u00f3rios quilombolas com processos no Incra,&nbsp;<a href=\"http:\/\/https\/\/www.terradedireitos.org.br\/noticias\/noticias\/no-atual-ritmo-brasil-levara-2188-anos-para-titular-todos-os-territorios-quilombolas-com-processos-no-incra\/23871\" target=\"_blank\" rel=\"noreferrer noopener\">segundo c\u00e1lculo da organiza\u00e7\u00e3o Terra de Direitos<\/a>.<\/p>\n\n\n\n<p>O quilombola Jhonny Martins, da executiva nacional da Conaq, lembrou \u00e0&nbsp;<strong>Ag\u00eancia Brasil&nbsp;<\/strong>que o governo sempre pede paci\u00eancia para a regula\u00e7\u00e3o dos territ\u00f3rios. \u201cA gente est\u00e1 h\u00e1 quase 500 anos esperando, lutando, e tendo paci\u00eancia para que as coisas aconte\u00e7am. Ent\u00e3o, a gente n\u00e3o tem mais esse tempo de paci\u00eancia, a gente quer a efetividade das a\u00e7\u00f5es\u201d, reclamou.<\/p>\n\n\n\n<p>Ainda segundo a lideran\u00e7a, uma das dificuldades do movimento \u00e9 dialogar com o Congresso Nacional, que aprova o Or\u00e7amento da Uni\u00e3o. \u201cA gente tem muitas comunidades que est\u00e3o no meio do agro, do agro pop, do agro tech. \u00c9 uma dificuldade muito grande, porque \u00e9 o agro que sustenta o Congresso Nacional\u201d.<\/p>\n\n\n\n<p>Jhonny disse ainda que a segunda principal demanda do movimento \u00e9 em rela\u00e7\u00e3o \u00e0 viol\u00eancia nos quilombos, devido ao&nbsp;<a href=\"https:\/\/agenciabrasil.ebc.com.br\/direitos-humanos\/noticia\/2023-08\/trinta-lideres-quilombolas-foram-assassinados-em-10-anos-diz-conaq\" target=\"_blank\" rel=\"noreferrer noopener\">elevado n\u00famero de lideran\u00e7as assassinadas<\/a>. De acordo com a Conaq, em dez anos, 30 lideran\u00e7as do movimento foram assassinadas.&nbsp;<\/p>\n\n\n\n<p>\u201cQuando um quilombola tomba, o Estado tem a m\u00e3o cheia de sangue. Se o quilombo fosse titulado, a gente n\u00e3o teria esse tipo de agress\u00e3o\u201d, disse.<\/p>\n\n\n\n<h2 class=\"wp-block-heading\">Juventude<\/h2>\n\n\n\n<figure class=\"wp-block-image\"><img decoding=\"async\" src=\"https:\/\/imagens.ebc.com.br\/iH9mCCwbnP1KphhGlkEeqr3Zyvo=\/754x0\/smart\/https:\/\/agenciabrasil.ebc.com.br\/sites\/default\/files\/thumbnails\/image\/2024\/05\/16\/pzzb2623-15.jpg?itok=IwGWvqHb\" alt=\"Bras\u00edlia (DF) 16\/05\/2024  Sthefany Jesus da Silva, do Mato Grosso do Sul, participa de ato no II Aquilombar, Jornada de Lutas dos Quilombolas do Brasil\n Foto: Fabio Rodrigues-Pozzebom\/ Ag\u00eancia Brasil\" title=\"Fabio Rodrigues-Pozzebom\/ Ag\u00eancia Brasil\"\/><\/figure>\n\n\n\n<h6 class=\"wp-block-heading\">Sthefany Jesus da Silva, de Mato Grosso do Sul, participa de ato no II Aquilombar &#8211; Foto: Fabio Rodrigues-Pozzebom\/Ag\u00eancia Brasil<\/h6>\n\n\n\n<p>Tamb\u00e9m marcou presen\u00e7a na marcha do Aquilombar 2024 a juventude do movimento, que enfrenta outros desafios, como o de mant\u00ea-los unidos em torno da luta pela titula\u00e7\u00e3o das terras.<\/p>\n\n\n\n<p>A estudante de 22 anos&nbsp;Sth\u00e9fany de Jesus Silva, do Quilombo de Furnas do Dion\u00edsio, de Mato Grosso do Sul, reclama que&nbsp;a principal dificuldade \u00e9 a falta de servi\u00e7os p\u00fablicos na zona rural, que faz a juventude ir para as cidades.&nbsp;&nbsp;<\/p>\n\n\n\n<p>\u201cMuitos jovens n\u00e3o procuram o movimento para saber como \u00e9 [atuar no movimento]. Ent\u00e3o, os antepassados v\u00e3o passando e n\u00e3o passam a cultura para juventude. Como eles v\u00e3o falecendo, parte da juventude fica sem esse conhecimento ancestral que queremos preservar\u201d, disse.<\/p>\n\n\n\n<p>Texto: Lucas Pordeus Le\u00f3n\/Ag\u00eancia Brasil<\/p>\n","protected":false},"excerpt":{"rendered":"<p>Lideran\u00e7as quilombolas presentes no encontro Aquilombar 2024, em Bras\u00edlia, cobraram o governo federal sobre o que consideram como lentid\u00e3o do processo de titula\u00e7\u00e3o dos territ\u00f3rios das comunidades negras rurais, apesar de reconhecerem alguns avan\u00e7os na pauta do movimento durante o atual governo. O coordenador executivo da Articula\u00e7\u00e3o Nacional de Comunidades Negras Rurais Quilombolas (Conaq), Biko [&hellip;]<\/p>\n","protected":false},"author":10,"featured_media":0,"comment_status":"open","ping_status":"open","sticky":false,"template":"","format":"standard","meta":{"_acf_changed":false,"footnotes":""},"categories":[19,20,21],"tags":[],"class_list":["post-77232","post","type-post","status-publish","format-standard","hentry","category-brasil-mundo","category-noticias-em-destaque","category-todas-noticias"],"acf":[],"yoast_head":"<!-- This site is optimized with the Yoast SEO plugin v24.4 - https:\/\/yoast.com\/wordpress\/plugins\/seo\/ -->\n<title>Quilombolas cobram do governo agilidade na titula\u00e7\u00e3o de terras - PORTAL DE NOT\u00cdCIAS CLEITON PINHEIRO<\/title>\n<meta name=\"robots\" content=\"index, follow, max-snippet:-1, max-image-preview:large, max-video-preview:-1\" \/>\n<link rel=\"canonical\" href=\"https:\/\/cleitonpinheiro.com.br\/site\/quilombolas-cobram-do-governo-agilidade-na-titulacao-de-terras\/\" \/>\n<meta property=\"og:locale\" content=\"pt_BR\" \/>\n<meta property=\"og:type\" content=\"article\" \/>\n<meta property=\"og:title\" content=\"Quilombolas cobram do governo agilidade na titula\u00e7\u00e3o de terras - PORTAL DE NOT\u00cdCIAS CLEITON PINHEIRO\" \/>\n<meta property=\"og:description\" content=\"Lideran\u00e7as quilombolas presentes no encontro Aquilombar 2024, em Bras\u00edlia, cobraram o governo federal sobre o que consideram como lentid\u00e3o do processo de titula\u00e7\u00e3o dos territ\u00f3rios das comunidades negras rurais, apesar de reconhecerem alguns avan\u00e7os na pauta do movimento durante o atual governo. O coordenador executivo da Articula\u00e7\u00e3o Nacional de Comunidades Negras Rurais Quilombolas (Conaq), Biko [&hellip;]\" \/>\n<meta property=\"og:url\" content=\"https:\/\/cleitonpinheiro.com.br\/site\/quilombolas-cobram-do-governo-agilidade-na-titulacao-de-terras\/\" \/>\n<meta property=\"og:site_name\" content=\"PORTAL DE NOT\u00cdCIAS CLEITON PINHEIRO\" \/>\n<meta property=\"article:publisher\" content=\"https:\/\/www.facebook.com\/portalcpnoticias\/\" \/>\n<meta property=\"article:published_time\" content=\"2024-05-17T17:01:45+00:00\" \/>\n<meta property=\"article:modified_time\" content=\"2024-05-17T17:01:50+00:00\" \/>\n<meta property=\"og:image\" content=\"https:\/\/cleitonpinheiro.com.br\/site\/wp-content\/uploads\/2024\/05\/pzzb2655-19.jpg\" \/>\n\t<meta property=\"og:image:width\" content=\"754\" \/>\n\t<meta property=\"og:image:height\" content=\"503\" \/>\n\t<meta property=\"og:image:type\" content=\"image\/jpeg\" \/>\n<meta name=\"author\" content=\"Cleiton Pinheiro\" \/>\n<meta name=\"twitter:card\" content=\"summary_large_image\" \/>\n<meta name=\"twitter:label1\" content=\"Escrito por\" \/>\n\t<meta name=\"twitter:data1\" content=\"Cleiton Pinheiro\" \/>\n\t<meta name=\"twitter:label2\" content=\"Est. tempo de leitura\" \/>\n\t<meta name=\"twitter:data2\" content=\"8 minutos\" \/>\n<script type=\"application\/ld+json\" class=\"yoast-schema-graph\">{\"@context\":\"https:\/\/schema.org\",\"@graph\":[{\"@type\":\"Article\",\"@id\":\"https:\/\/cleitonpinheiro.com.br\/site\/quilombolas-cobram-do-governo-agilidade-na-titulacao-de-terras\/#article\",\"isPartOf\":{\"@id\":\"https:\/\/cleitonpinheiro.com.br\/site\/quilombolas-cobram-do-governo-agilidade-na-titulacao-de-terras\/\"},\"author\":{\"name\":\"Cleiton Pinheiro\",\"@id\":\"https:\/\/cleitonpinheiro.com.br\/site\/#\/schema\/person\/62fd4eb98fcc8bd3fc477aaff264af51\"},\"headline\":\"Quilombolas cobram do governo agilidade na titula\u00e7\u00e3o de terras\",\"datePublished\":\"2024-05-17T17:01:45+00:00\",\"dateModified\":\"2024-05-17T17:01:50+00:00\",\"mainEntityOfPage\":{\"@id\":\"https:\/\/cleitonpinheiro.com.br\/site\/quilombolas-cobram-do-governo-agilidade-na-titulacao-de-terras\/\"},\"wordCount\":1306,\"commentCount\":0,\"publisher\":{\"@id\":\"https:\/\/cleitonpinheiro.com.br\/site\/#organization\"},\"image\":{\"@id\":\"https:\/\/cleitonpinheiro.com.br\/site\/quilombolas-cobram-do-governo-agilidade-na-titulacao-de-terras\/#primaryimage\"},\"thumbnailUrl\":\"https:\/\/imagens.ebc.com.br\/y84Gtzo87zB3_ynqF7HNY_CDBwk=\/365x0\/smart\/https:\/\/agenciabrasil.ebc.com.br\/sites\/default\/files\/thumbnails\/image\/2024\/05\/16\/pzzb2663-20.jpg?itok=V47VYCDh\",\"articleSection\":[\"BRASIL \/ MUNDO\",\"NOT\u00cdCIAS EM DESTAQUE\",\"TODAS NOTICIAS\"],\"inLanguage\":\"pt-BR\",\"potentialAction\":[{\"@type\":\"CommentAction\",\"name\":\"Comment\",\"target\":[\"https:\/\/cleitonpinheiro.com.br\/site\/quilombolas-cobram-do-governo-agilidade-na-titulacao-de-terras\/#respond\"]}]},{\"@type\":\"WebPage\",\"@id\":\"https:\/\/cleitonpinheiro.com.br\/site\/quilombolas-cobram-do-governo-agilidade-na-titulacao-de-terras\/\",\"url\":\"https:\/\/cleitonpinheiro.com.br\/site\/quilombolas-cobram-do-governo-agilidade-na-titulacao-de-terras\/\",\"name\":\"Quilombolas cobram do governo agilidade na titula\u00e7\u00e3o de terras - PORTAL DE NOT\u00cdCIAS CLEITON PINHEIRO\",\"isPartOf\":{\"@id\":\"https:\/\/cleitonpinheiro.com.br\/site\/#website\"},\"primaryImageOfPage\":{\"@id\":\"https:\/\/cleitonpinheiro.com.br\/site\/quilombolas-cobram-do-governo-agilidade-na-titulacao-de-terras\/#primaryimage\"},\"image\":{\"@id\":\"https:\/\/cleitonpinheiro.com.br\/site\/quilombolas-cobram-do-governo-agilidade-na-titulacao-de-terras\/#primaryimage\"},\"thumbnailUrl\":\"https:\/\/imagens.ebc.com.br\/y84Gtzo87zB3_ynqF7HNY_CDBwk=\/365x0\/smart\/https:\/\/agenciabrasil.ebc.com.br\/sites\/default\/files\/thumbnails\/image\/2024\/05\/16\/pzzb2663-20.jpg?itok=V47VYCDh\",\"datePublished\":\"2024-05-17T17:01:45+00:00\",\"dateModified\":\"2024-05-17T17:01:50+00:00\",\"breadcrumb\":{\"@id\":\"https:\/\/cleitonpinheiro.com.br\/site\/quilombolas-cobram-do-governo-agilidade-na-titulacao-de-terras\/#breadcrumb\"},\"inLanguage\":\"pt-BR\",\"potentialAction\":[{\"@type\":\"ReadAction\",\"target\":[\"https:\/\/cleitonpinheiro.com.br\/site\/quilombolas-cobram-do-governo-agilidade-na-titulacao-de-terras\/\"]}]},{\"@type\":\"ImageObject\",\"inLanguage\":\"pt-BR\",\"@id\":\"https:\/\/cleitonpinheiro.com.br\/site\/quilombolas-cobram-do-governo-agilidade-na-titulacao-de-terras\/#primaryimage\",\"url\":\"https:\/\/imagens.ebc.com.br\/y84Gtzo87zB3_ynqF7HNY_CDBwk=\/365x0\/smart\/https:\/\/agenciabrasil.ebc.com.br\/sites\/default\/files\/thumbnails\/image\/2024\/05\/16\/pzzb2663-20.jpg?itok=V47VYCDh\",\"contentUrl\":\"https:\/\/imagens.ebc.com.br\/y84Gtzo87zB3_ynqF7HNY_CDBwk=\/365x0\/smart\/https:\/\/agenciabrasil.ebc.com.br\/sites\/default\/files\/thumbnails\/image\/2024\/05\/16\/pzzb2663-20.jpg?itok=V47VYCDh\"},{\"@type\":\"BreadcrumbList\",\"@id\":\"https:\/\/cleitonpinheiro.com.br\/site\/quilombolas-cobram-do-governo-agilidade-na-titulacao-de-terras\/#breadcrumb\",\"itemListElement\":[{\"@type\":\"ListItem\",\"position\":1,\"name\":\"In\u00edcio\",\"item\":\"https:\/\/cleitonpinheiro.com.br\/site\/\"},{\"@type\":\"ListItem\",\"position\":2,\"name\":\"Quilombolas cobram do governo agilidade na titula\u00e7\u00e3o de terras\"}]},{\"@type\":\"WebSite\",\"@id\":\"https:\/\/cleitonpinheiro.com.br\/site\/#website\",\"url\":\"https:\/\/cleitonpinheiro.com.br\/site\/\",\"name\":\"PORTAL DE NOT\u00cdCIAS CLEITON PINHEIRO\",\"description\":\"FALANDO A VERDADE\",\"publisher\":{\"@id\":\"https:\/\/cleitonpinheiro.com.br\/site\/#organization\"},\"potentialAction\":[{\"@type\":\"SearchAction\",\"target\":{\"@type\":\"EntryPoint\",\"urlTemplate\":\"https:\/\/cleitonpinheiro.com.br\/site\/?s={search_term_string}\"},\"query-input\":{\"@type\":\"PropertyValueSpecification\",\"valueRequired\":true,\"valueName\":\"search_term_string\"}}],\"inLanguage\":\"pt-BR\"},{\"@type\":\"Organization\",\"@id\":\"https:\/\/cleitonpinheiro.com.br\/site\/#organization\",\"name\":\"CPNOT\u00cdCIAS\",\"url\":\"https:\/\/cleitonpinheiro.com.br\/site\/\",\"logo\":{\"@type\":\"ImageObject\",\"inLanguage\":\"pt-BR\",\"@id\":\"https:\/\/cleitonpinheiro.com.br\/site\/#\/schema\/logo\/image\/\",\"url\":\"https:\/\/cleitonpinheiro.com.br\/site\/wp-content\/uploads\/2022\/08\/Logo-pequena-2.png\",\"contentUrl\":\"https:\/\/cleitonpinheiro.com.br\/site\/wp-content\/uploads\/2022\/08\/Logo-pequena-2.png\",\"width\":500,\"height\":500,\"caption\":\"CPNOT\u00cdCIAS\"},\"image\":{\"@id\":\"https:\/\/cleitonpinheiro.com.br\/site\/#\/schema\/logo\/image\/\"},\"sameAs\":[\"https:\/\/www.facebook.com\/portalcpnoticias\/\"]},{\"@type\":\"Person\",\"@id\":\"https:\/\/cleitonpinheiro.com.br\/site\/#\/schema\/person\/62fd4eb98fcc8bd3fc477aaff264af51\",\"name\":\"Cleiton Pinheiro\",\"image\":{\"@type\":\"ImageObject\",\"inLanguage\":\"pt-BR\",\"@id\":\"https:\/\/cleitonpinheiro.com.br\/site\/#\/schema\/person\/image\/\",\"url\":\"https:\/\/secure.gravatar.com\/avatar\/15642ec35b78fe5eed3cfa8e4a3f3211d73a3df4f35f0566b4324958cba1b1b9?s=96&r=g\",\"contentUrl\":\"https:\/\/secure.gravatar.com\/avatar\/15642ec35b78fe5eed3cfa8e4a3f3211d73a3df4f35f0566b4324958cba1b1b9?s=96&r=g\",\"caption\":\"Cleiton Pinheiro\"},\"url\":\"https:\/\/cleitonpinheiro.com.br\/site\/author\/cleiton\/\"}]}<\/script>\n<!-- \/ Yoast SEO plugin. -->","yoast_head_json":{"title":"Quilombolas cobram do governo agilidade na titula\u00e7\u00e3o de terras - PORTAL DE NOT\u00cdCIAS CLEITON PINHEIRO","robots":{"index":"index","follow":"follow","max-snippet":"max-snippet:-1","max-image-preview":"max-image-preview:large","max-video-preview":"max-video-preview:-1"},"canonical":"https:\/\/cleitonpinheiro.com.br\/site\/quilombolas-cobram-do-governo-agilidade-na-titulacao-de-terras\/","og_locale":"pt_BR","og_type":"article","og_title":"Quilombolas cobram do governo agilidade na titula\u00e7\u00e3o de terras - PORTAL DE NOT\u00cdCIAS CLEITON PINHEIRO","og_description":"Lideran\u00e7as quilombolas presentes no encontro Aquilombar 2024, em Bras\u00edlia, cobraram o governo federal sobre o que consideram como lentid\u00e3o do processo de titula\u00e7\u00e3o dos territ\u00f3rios das comunidades negras rurais, apesar de reconhecerem alguns avan\u00e7os na pauta do movimento durante o atual governo. O coordenador executivo da Articula\u00e7\u00e3o Nacional de Comunidades Negras Rurais Quilombolas (Conaq), Biko [&hellip;]","og_url":"https:\/\/cleitonpinheiro.com.br\/site\/quilombolas-cobram-do-governo-agilidade-na-titulacao-de-terras\/","og_site_name":"PORTAL DE NOT\u00cdCIAS CLEITON PINHEIRO","article_publisher":"https:\/\/www.facebook.com\/portalcpnoticias\/","article_published_time":"2024-05-17T17:01:45+00:00","article_modified_time":"2024-05-17T17:01:50+00:00","og_image":[{"width":754,"height":503,"url":"https:\/\/cleitonpinheiro.com.br\/site\/wp-content\/uploads\/2024\/05\/pzzb2655-19.jpg","type":"image\/jpeg"}],"author":"Cleiton Pinheiro","twitter_card":"summary_large_image","twitter_misc":{"Escrito por":"Cleiton Pinheiro","Est. tempo de leitura":"8 minutos"},"schema":{"@context":"https:\/\/schema.org","@graph":[{"@type":"Article","@id":"https:\/\/cleitonpinheiro.com.br\/site\/quilombolas-cobram-do-governo-agilidade-na-titulacao-de-terras\/#article","isPartOf":{"@id":"https:\/\/cleitonpinheiro.com.br\/site\/quilombolas-cobram-do-governo-agilidade-na-titulacao-de-terras\/"},"author":{"name":"Cleiton Pinheiro","@id":"https:\/\/cleitonpinheiro.com.br\/site\/#\/schema\/person\/62fd4eb98fcc8bd3fc477aaff264af51"},"headline":"Quilombolas cobram do governo agilidade na titula\u00e7\u00e3o de terras","datePublished":"2024-05-17T17:01:45+00:00","dateModified":"2024-05-17T17:01:50+00:00","mainEntityOfPage":{"@id":"https:\/\/cleitonpinheiro.com.br\/site\/quilombolas-cobram-do-governo-agilidade-na-titulacao-de-terras\/"},"wordCount":1306,"commentCount":0,"publisher":{"@id":"https:\/\/cleitonpinheiro.com.br\/site\/#organization"},"image":{"@id":"https:\/\/cleitonpinheiro.com.br\/site\/quilombolas-cobram-do-governo-agilidade-na-titulacao-de-terras\/#primaryimage"},"thumbnailUrl":"https:\/\/imagens.ebc.com.br\/y84Gtzo87zB3_ynqF7HNY_CDBwk=\/365x0\/smart\/https:\/\/agenciabrasil.ebc.com.br\/sites\/default\/files\/thumbnails\/image\/2024\/05\/16\/pzzb2663-20.jpg?itok=V47VYCDh","articleSection":["BRASIL \/ MUNDO","NOT\u00cdCIAS EM DESTAQUE","TODAS NOTICIAS"],"inLanguage":"pt-BR","potentialAction":[{"@type":"CommentAction","name":"Comment","target":["https:\/\/cleitonpinheiro.com.br\/site\/quilombolas-cobram-do-governo-agilidade-na-titulacao-de-terras\/#respond"]}]},{"@type":"WebPage","@id":"https:\/\/cleitonpinheiro.com.br\/site\/quilombolas-cobram-do-governo-agilidade-na-titulacao-de-terras\/","url":"https:\/\/cleitonpinheiro.com.br\/site\/quilombolas-cobram-do-governo-agilidade-na-titulacao-de-terras\/","name":"Quilombolas cobram do governo agilidade na titula\u00e7\u00e3o de terras - PORTAL DE NOT\u00cdCIAS CLEITON PINHEIRO","isPartOf":{"@id":"https:\/\/cleitonpinheiro.com.br\/site\/#website"},"primaryImageOfPage":{"@id":"https:\/\/cleitonpinheiro.com.br\/site\/quilombolas-cobram-do-governo-agilidade-na-titulacao-de-terras\/#primaryimage"},"image":{"@id":"https:\/\/cleitonpinheiro.com.br\/site\/quilombolas-cobram-do-governo-agilidade-na-titulacao-de-terras\/#primaryimage"},"thumbnailUrl":"https:\/\/imagens.ebc.com.br\/y84Gtzo87zB3_ynqF7HNY_CDBwk=\/365x0\/smart\/https:\/\/agenciabrasil.ebc.com.br\/sites\/default\/files\/thumbnails\/image\/2024\/05\/16\/pzzb2663-20.jpg?itok=V47VYCDh","datePublished":"2024-05-17T17:01:45+00:00","dateModified":"2024-05-17T17:01:50+00:00","breadcrumb":{"@id":"https:\/\/cleitonpinheiro.com.br\/site\/quilombolas-cobram-do-governo-agilidade-na-titulacao-de-terras\/#breadcrumb"},"inLanguage":"pt-BR","potentialAction":[{"@type":"ReadAction","target":["https:\/\/cleitonpinheiro.com.br\/site\/quilombolas-cobram-do-governo-agilidade-na-titulacao-de-terras\/"]}]},{"@type":"ImageObject","inLanguage":"pt-BR","@id":"https:\/\/cleitonpinheiro.com.br\/site\/quilombolas-cobram-do-governo-agilidade-na-titulacao-de-terras\/#primaryimage","url":"https:\/\/imagens.ebc.com.br\/y84Gtzo87zB3_ynqF7HNY_CDBwk=\/365x0\/smart\/https:\/\/agenciabrasil.ebc.com.br\/sites\/default\/files\/thumbnails\/image\/2024\/05\/16\/pzzb2663-20.jpg?itok=V47VYCDh","contentUrl":"https:\/\/imagens.ebc.com.br\/y84Gtzo87zB3_ynqF7HNY_CDBwk=\/365x0\/smart\/https:\/\/agenciabrasil.ebc.com.br\/sites\/default\/files\/thumbnails\/image\/2024\/05\/16\/pzzb2663-20.jpg?itok=V47VYCDh"},{"@type":"BreadcrumbList","@id":"https:\/\/cleitonpinheiro.com.br\/site\/quilombolas-cobram-do-governo-agilidade-na-titulacao-de-terras\/#breadcrumb","itemListElement":[{"@type":"ListItem","position":1,"name":"In\u00edcio","item":"https:\/\/cleitonpinheiro.com.br\/site\/"},{"@type":"ListItem","position":2,"name":"Quilombolas cobram do governo agilidade na titula\u00e7\u00e3o de terras"}]},{"@type":"WebSite","@id":"https:\/\/cleitonpinheiro.com.br\/site\/#website","url":"https:\/\/cleitonpinheiro.com.br\/site\/","name":"PORTAL DE NOT\u00cdCIAS CLEITON PINHEIRO","description":"FALANDO A VERDADE","publisher":{"@id":"https:\/\/cleitonpinheiro.com.br\/site\/#organization"},"potentialAction":[{"@type":"SearchAction","target":{"@type":"EntryPoint","urlTemplate":"https:\/\/cleitonpinheiro.com.br\/site\/?s={search_term_string}"},"query-input":{"@type":"PropertyValueSpecification","valueRequired":true,"valueName":"search_term_string"}}],"inLanguage":"pt-BR"},{"@type":"Organization","@id":"https:\/\/cleitonpinheiro.com.br\/site\/#organization","name":"CPNOT\u00cdCIAS","url":"https:\/\/cleitonpinheiro.com.br\/site\/","logo":{"@type":"ImageObject","inLanguage":"pt-BR","@id":"https:\/\/cleitonpinheiro.com.br\/site\/#\/schema\/logo\/image\/","url":"https:\/\/cleitonpinheiro.com.br\/site\/wp-content\/uploads\/2022\/08\/Logo-pequena-2.png","contentUrl":"https:\/\/cleitonpinheiro.com.br\/site\/wp-content\/uploads\/2022\/08\/Logo-pequena-2.png","width":500,"height":500,"caption":"CPNOT\u00cdCIAS"},"image":{"@id":"https:\/\/cleitonpinheiro.com.br\/site\/#\/schema\/logo\/image\/"},"sameAs":["https:\/\/www.facebook.com\/portalcpnoticias\/"]},{"@type":"Person","@id":"https:\/\/cleitonpinheiro.com.br\/site\/#\/schema\/person\/62fd4eb98fcc8bd3fc477aaff264af51","name":"Cleiton Pinheiro","image":{"@type":"ImageObject","inLanguage":"pt-BR","@id":"https:\/\/cleitonpinheiro.com.br\/site\/#\/schema\/person\/image\/","url":"https:\/\/secure.gravatar.com\/avatar\/15642ec35b78fe5eed3cfa8e4a3f3211d73a3df4f35f0566b4324958cba1b1b9?s=96&r=g","contentUrl":"https:\/\/secure.gravatar.com\/avatar\/15642ec35b78fe5eed3cfa8e4a3f3211d73a3df4f35f0566b4324958cba1b1b9?s=96&r=g","caption":"Cleiton Pinheiro"},"url":"https:\/\/cleitonpinheiro.com.br\/site\/author\/cleiton\/"}]}},"views":163,"_links":{"self":[{"href":"https:\/\/cleitonpinheiro.com.br\/site\/wp-json\/wp\/v2\/posts\/77232","targetHints":{"allow":["GET"]}}],"collection":[{"href":"https:\/\/cleitonpinheiro.com.br\/site\/wp-json\/wp\/v2\/posts"}],"about":[{"href":"https:\/\/cleitonpinheiro.com.br\/site\/wp-json\/wp\/v2\/types\/post"}],"author":[{"embeddable":true,"href":"https:\/\/cleitonpinheiro.com.br\/site\/wp-json\/wp\/v2\/users\/10"}],"replies":[{"embeddable":true,"href":"https:\/\/cleitonpinheiro.com.br\/site\/wp-json\/wp\/v2\/comments?post=77232"}],"version-history":[{"count":1,"href":"https:\/\/cleitonpinheiro.com.br\/site\/wp-json\/wp\/v2\/posts\/77232\/revisions"}],"predecessor-version":[{"id":77234,"href":"https:\/\/cleitonpinheiro.com.br\/site\/wp-json\/wp\/v2\/posts\/77232\/revisions\/77234"}],"wp:attachment":[{"href":"https:\/\/cleitonpinheiro.com.br\/site\/wp-json\/wp\/v2\/media?parent=77232"}],"wp:term":[{"taxonomy":"category","embeddable":true,"href":"https:\/\/cleitonpinheiro.com.br\/site\/wp-json\/wp\/v2\/categories?post=77232"},{"taxonomy":"post_tag","embeddable":true,"href":"https:\/\/cleitonpinheiro.com.br\/site\/wp-json\/wp\/v2\/tags?post=77232"}],"curies":[{"name":"wp","href":"https:\/\/api.w.org\/{rel}","templated":true}]}}