{"id":77238,"date":"2024-05-16T09:38:00","date_gmt":"2024-05-16T12:38:00","guid":{"rendered":"https:\/\/cleitonpinheiro.com.br\/site\/?p=77238"},"modified":"2024-05-17T13:55:24","modified_gmt":"2024-05-17T16:55:24","slug":"ministro-do-stf-andre-mendonca-e-eleito-para-o-tse","status":"publish","type":"post","link":"https:\/\/cleitonpinheiro.com.br\/site\/ministro-do-stf-andre-mendonca-e-eleito-para-o-tse\/","title":{"rendered":"Ministro do STF Andr\u00e9 Mendon\u00e7a \u00e9 eleito para o TSE"},"content":{"rendered":"\n<h2 class=\"wp-block-heading\"><em>Ministro Alexandre de Moraes deixa a corte eleitoral em junho<\/em><\/h2>\n\n\n\n<figure class=\"wp-block-image size-large\"><img decoding=\"async\" src=\"https:\/\/cleitonpinheiro.com.br\/site\/wp-content\/uploads\/2024\/05\/a81t7365-1-1024x613.webp\" alt=\"\" class=\"wp-image-77239\"\/><figcaption class=\"wp-element-caption\">Foto: Jos\u00e9 Cruz\/Ag\u00eancia Brasil<\/figcaption><\/figure>\n\n\n\n<p>O ministro do Supremo Tribunal Federal (STF) Andr\u00e9 Mendon\u00e7a foi eleito nesta quinta-feira (16) para a vaga de ministro efetivo do Tribunal Superior Eleitoral (TSE), \u00f3rg\u00e3o respons\u00e1vel pela organiza\u00e7\u00e3o das elei\u00e7\u00f5es.<\/p>\n\n\n\n<p>Desde 2022, Mendon\u00e7a j\u00e1 atua no tribunal, mas como ministro substituto. Com a sa\u00edda de Alexandre de Moraes, atual presidente do TSE, no pr\u00f3ximo m\u00eas, uma das tr\u00eas cadeiras efetivas destinada a membros do Supremo ficar\u00e1 vaga e ser\u00e1 ocupada por Andr\u00e9 Mendon\u00e7a.<\/p>\n\n\n\n<p>A elei\u00e7\u00e3o foi realizada de forma simb\u00f3lica pelo plen\u00e1rio do STF. As cadeiras do Supremo no TSE s\u00e3o ocupadas de forma rotativa entre os ministros.<\/p>\n\n\n\n<p>Ao ser eleito para a vaga efetiva, Andr\u00e9 Mendon\u00e7a se comprometeu a atuar de forma imparcial no tribunal eleitoral. Ele foi indicado para o STF pelo ex-presidente Jair Bolsonaro.&nbsp;<\/p>\n\n\n\n<p>&#8220;O meu compromisso com os eminentes pares, como um dos representantes do pr\u00f3prio tribunal no TSE, \u00e9 atuar com absoluta imparcialidade e defer\u00eancia ao tribunal, \u00e0 legisla\u00e7\u00e3o e \u00e0 Constitui\u00e7\u00e3o&#8221;, afirmou.<\/p>\n\n\n\n<p>Mendon\u00e7a tamb\u00e9m cumprimentou Alexandre de Moraes pela atua\u00e7\u00e3o na presid\u00eancia do tribunal. &#8220;O meu registro da gest\u00e3o exitosa de Vossa Excel\u00eancia [ Moraes] \u00e0 frente do TSE, conduzindo o tribunal em tempos de muitas turbul\u00eancias e alguns questionamentos&#8221;, disse.<\/p>\n\n\n\n<p>Moraes deixar\u00e1 a presid\u00eancia do TSE no dia 3 de junho, quando completar\u00e1 o per\u00edodo m\u00e1ximo de 4 anos na Corte. Ele ser\u00e1 sucedido pela ministra C\u00e1rmen L\u00facia no comando do tribunal.<\/p>\n\n\n\n<p>A partir de junho, o TSE ser\u00e1 composto pela ministra C\u00e1rmen L\u00facia, presidente; Nunes Marques, vice-presidente; e os ministros Andr\u00e9 Mendon\u00e7a, Raul Ara\u00fajo (STJ), Maria Isabel Galotti (STJ), Floriano de Azevedo Marques e Andr\u00e9 Ramos Tavares, ambos oriundos da advocacia.<\/p>\n\n\n\n<p>O TSE \u00e9 composto por sete ministros, sendo tr\u00eas do STF, dois do Superior Tribunal de Justi\u00e7a, e dois advogados indicados pelo presidente da Rep\u00fablica.<\/p>\n\n\n\n<p>Texto: Andr\u00e9 Richter\u00a0\/Ag\u00eancia Brasil<\/p>\n","protected":false},"excerpt":{"rendered":"<p>Ministro Alexandre de Moraes deixa a corte eleitoral em junho O ministro do Supremo Tribunal Federal (STF) Andr\u00e9 Mendon\u00e7a foi eleito nesta quinta-feira (16) para a vaga de ministro efetivo do Tribunal Superior Eleitoral (TSE), \u00f3rg\u00e3o respons\u00e1vel pela organiza\u00e7\u00e3o das elei\u00e7\u00f5es. Desde 2022, Mendon\u00e7a j\u00e1 atua no tribunal, mas como ministro substituto. Com a sa\u00edda [&hellip;]<\/p>\n","protected":false},"author":10,"featured_media":0,"comment_status":"open","ping_status":"open","sticky":false,"template":"","format":"standard","meta":{"_acf_changed":false,"footnotes":""},"categories":[20,23,21],"tags":[],"class_list":["post-77238","post","type-post","status-publish","format-standard","hentry","category-noticias-em-destaque","category-politica","category-todas-noticias"],"acf":[],"yoast_head":"<!-- This site is optimized with the Yoast SEO plugin v24.4 - https:\/\/yoast.com\/wordpress\/plugins\/seo\/ -->\n<title>Ministro do STF Andr\u00e9 Mendon\u00e7a \u00e9 eleito para o TSE - PORTAL DE NOT\u00cdCIAS CLEITON PINHEIRO<\/title>\n<meta name=\"robots\" content=\"index, follow, max-snippet:-1, max-image-preview:large, max-video-preview:-1\" \/>\n<link rel=\"canonical\" href=\"https:\/\/cleitonpinheiro.com.br\/site\/ministro-do-stf-andre-mendonca-e-eleito-para-o-tse\/\" \/>\n<meta property=\"og:locale\" content=\"pt_BR\" \/>\n<meta property=\"og:type\" content=\"article\" \/>\n<meta property=\"og:title\" content=\"Ministro do STF Andr\u00e9 Mendon\u00e7a \u00e9 eleito para o TSE - PORTAL DE NOT\u00cdCIAS CLEITON PINHEIRO\" \/>\n<meta property=\"og:description\" content=\"Ministro Alexandre de Moraes deixa a corte eleitoral em junho O ministro do Supremo Tribunal Federal (STF) Andr\u00e9 Mendon\u00e7a foi eleito nesta quinta-feira (16) para a vaga de ministro efetivo do Tribunal Superior Eleitoral (TSE), \u00f3rg\u00e3o respons\u00e1vel pela organiza\u00e7\u00e3o das elei\u00e7\u00f5es. Desde 2022, Mendon\u00e7a j\u00e1 atua no tribunal, mas como ministro substituto. Com a sa\u00edda [&hellip;]\" \/>\n<meta property=\"og:url\" content=\"https:\/\/cleitonpinheiro.com.br\/site\/ministro-do-stf-andre-mendonca-e-eleito-para-o-tse\/\" \/>\n<meta property=\"og:site_name\" content=\"PORTAL DE NOT\u00cdCIAS CLEITON PINHEIRO\" \/>\n<meta property=\"article:publisher\" content=\"https:\/\/www.facebook.com\/portalcpnoticias\/\" \/>\n<meta property=\"article:published_time\" content=\"2024-05-16T12:38:00+00:00\" \/>\n<meta property=\"article:modified_time\" content=\"2024-05-17T16:55:24+00:00\" \/>\n<meta property=\"og:image\" content=\"https:\/\/cleitonpinheiro.com.br\/site\/wp-content\/uploads\/2024\/05\/a81t7365-1.webp\" \/>\n\t<meta property=\"og:image:width\" content=\"1170\" \/>\n\t<meta property=\"og:image:height\" content=\"700\" \/>\n\t<meta property=\"og:image:type\" content=\"image\/webp\" \/>\n<meta name=\"author\" content=\"Cleiton Pinheiro\" \/>\n<meta name=\"twitter:card\" content=\"summary_large_image\" \/>\n<meta name=\"twitter:label1\" content=\"Escrito por\" \/>\n\t<meta name=\"twitter:data1\" content=\"Cleiton Pinheiro\" \/>\n\t<meta name=\"twitter:label2\" content=\"Est. tempo de leitura\" \/>\n\t<meta name=\"twitter:data2\" content=\"3 minutos\" \/>\n<script type=\"application\/ld+json\" class=\"yoast-schema-graph\">{\"@context\":\"https:\/\/schema.org\",\"@graph\":[{\"@type\":\"Article\",\"@id\":\"https:\/\/cleitonpinheiro.com.br\/site\/ministro-do-stf-andre-mendonca-e-eleito-para-o-tse\/#article\",\"isPartOf\":{\"@id\":\"https:\/\/cleitonpinheiro.com.br\/site\/ministro-do-stf-andre-mendonca-e-eleito-para-o-tse\/\"},\"author\":{\"name\":\"Cleiton Pinheiro\",\"@id\":\"https:\/\/cleitonpinheiro.com.br\/site\/#\/schema\/person\/62fd4eb98fcc8bd3fc477aaff264af51\"},\"headline\":\"Ministro do STF Andr\u00e9 Mendon\u00e7a \u00e9 eleito para o TSE\",\"datePublished\":\"2024-05-16T12:38:00+00:00\",\"dateModified\":\"2024-05-17T16:55:24+00:00\",\"mainEntityOfPage\":{\"@id\":\"https:\/\/cleitonpinheiro.com.br\/site\/ministro-do-stf-andre-mendonca-e-eleito-para-o-tse\/\"},\"wordCount\":357,\"commentCount\":0,\"publisher\":{\"@id\":\"https:\/\/cleitonpinheiro.com.br\/site\/#organization\"},\"image\":{\"@id\":\"https:\/\/cleitonpinheiro.com.br\/site\/ministro-do-stf-andre-mendonca-e-eleito-para-o-tse\/#primaryimage\"},\"thumbnailUrl\":\"https:\/\/cleitonpinheiro.com.br\/site\/wp-content\/uploads\/2024\/05\/a81t7365-1-1024x613.webp\",\"articleSection\":[\"NOT\u00cdCIAS EM DESTAQUE\",\"POL\u00cdTICA\",\"TODAS NOTICIAS\"],\"inLanguage\":\"pt-BR\",\"potentialAction\":[{\"@type\":\"CommentAction\",\"name\":\"Comment\",\"target\":[\"https:\/\/cleitonpinheiro.com.br\/site\/ministro-do-stf-andre-mendonca-e-eleito-para-o-tse\/#respond\"]}]},{\"@type\":\"WebPage\",\"@id\":\"https:\/\/cleitonpinheiro.com.br\/site\/ministro-do-stf-andre-mendonca-e-eleito-para-o-tse\/\",\"url\":\"https:\/\/cleitonpinheiro.com.br\/site\/ministro-do-stf-andre-mendonca-e-eleito-para-o-tse\/\",\"name\":\"Ministro do STF Andr\u00e9 Mendon\u00e7a \u00e9 eleito para o TSE - PORTAL DE NOT\u00cdCIAS CLEITON PINHEIRO\",\"isPartOf\":{\"@id\":\"https:\/\/cleitonpinheiro.com.br\/site\/#website\"},\"primaryImageOfPage\":{\"@id\":\"https:\/\/cleitonpinheiro.com.br\/site\/ministro-do-stf-andre-mendonca-e-eleito-para-o-tse\/#primaryimage\"},\"image\":{\"@id\":\"https:\/\/cleitonpinheiro.com.br\/site\/ministro-do-stf-andre-mendonca-e-eleito-para-o-tse\/#primaryimage\"},\"thumbnailUrl\":\"https:\/\/cleitonpinheiro.com.br\/site\/wp-content\/uploads\/2024\/05\/a81t7365-1-1024x613.webp\",\"datePublished\":\"2024-05-16T12:38:00+00:00\",\"dateModified\":\"2024-05-17T16:55:24+00:00\",\"breadcrumb\":{\"@id\":\"https:\/\/cleitonpinheiro.com.br\/site\/ministro-do-stf-andre-mendonca-e-eleito-para-o-tse\/#breadcrumb\"},\"inLanguage\":\"pt-BR\",\"potentialAction\":[{\"@type\":\"ReadAction\",\"target\":[\"https:\/\/cleitonpinheiro.com.br\/site\/ministro-do-stf-andre-mendonca-e-eleito-para-o-tse\/\"]}]},{\"@type\":\"ImageObject\",\"inLanguage\":\"pt-BR\",\"@id\":\"https:\/\/cleitonpinheiro.com.br\/site\/ministro-do-stf-andre-mendonca-e-eleito-para-o-tse\/#primaryimage\",\"url\":\"\",\"contentUrl\":\"\"},{\"@type\":\"BreadcrumbList\",\"@id\":\"https:\/\/cleitonpinheiro.com.br\/site\/ministro-do-stf-andre-mendonca-e-eleito-para-o-tse\/#breadcrumb\",\"itemListElement\":[{\"@type\":\"ListItem\",\"position\":1,\"name\":\"In\u00edcio\",\"item\":\"https:\/\/cleitonpinheiro.com.br\/site\/\"},{\"@type\":\"ListItem\",\"position\":2,\"name\":\"Ministro do STF Andr\u00e9 Mendon\u00e7a \u00e9 eleito para o TSE\"}]},{\"@type\":\"WebSite\",\"@id\":\"https:\/\/cleitonpinheiro.com.br\/site\/#website\",\"url\":\"https:\/\/cleitonpinheiro.com.br\/site\/\",\"name\":\"PORTAL DE NOT\u00cdCIAS CLEITON PINHEIRO\",\"description\":\"FALANDO A VERDADE\",\"publisher\":{\"@id\":\"https:\/\/cleitonpinheiro.com.br\/site\/#organization\"},\"potentialAction\":[{\"@type\":\"SearchAction\",\"target\":{\"@type\":\"EntryPoint\",\"urlTemplate\":\"https:\/\/cleitonpinheiro.com.br\/site\/?s={search_term_string}\"},\"query-input\":{\"@type\":\"PropertyValueSpecification\",\"valueRequired\":true,\"valueName\":\"search_term_string\"}}],\"inLanguage\":\"pt-BR\"},{\"@type\":\"Organization\",\"@id\":\"https:\/\/cleitonpinheiro.com.br\/site\/#organization\",\"name\":\"CPNOT\u00cdCIAS\",\"url\":\"https:\/\/cleitonpinheiro.com.br\/site\/\",\"logo\":{\"@type\":\"ImageObject\",\"inLanguage\":\"pt-BR\",\"@id\":\"https:\/\/cleitonpinheiro.com.br\/site\/#\/schema\/logo\/image\/\",\"url\":\"https:\/\/cleitonpinheiro.com.br\/site\/wp-content\/uploads\/2022\/08\/Logo-pequena-2.png\",\"contentUrl\":\"https:\/\/cleitonpinheiro.com.br\/site\/wp-content\/uploads\/2022\/08\/Logo-pequena-2.png\",\"width\":500,\"height\":500,\"caption\":\"CPNOT\u00cdCIAS\"},\"image\":{\"@id\":\"https:\/\/cleitonpinheiro.com.br\/site\/#\/schema\/logo\/image\/\"},\"sameAs\":[\"https:\/\/www.facebook.com\/portalcpnoticias\/\"]},{\"@type\":\"Person\",\"@id\":\"https:\/\/cleitonpinheiro.com.br\/site\/#\/schema\/person\/62fd4eb98fcc8bd3fc477aaff264af51\",\"name\":\"Cleiton Pinheiro\",\"image\":{\"@type\":\"ImageObject\",\"inLanguage\":\"pt-BR\",\"@id\":\"https:\/\/cleitonpinheiro.com.br\/site\/#\/schema\/person\/image\/\",\"url\":\"https:\/\/secure.gravatar.com\/avatar\/15642ec35b78fe5eed3cfa8e4a3f3211d73a3df4f35f0566b4324958cba1b1b9?s=96&r=g\",\"contentUrl\":\"https:\/\/secure.gravatar.com\/avatar\/15642ec35b78fe5eed3cfa8e4a3f3211d73a3df4f35f0566b4324958cba1b1b9?s=96&r=g\",\"caption\":\"Cleiton Pinheiro\"},\"url\":\"https:\/\/cleitonpinheiro.com.br\/site\/author\/cleiton\/\"}]}<\/script>\n<!-- \/ Yoast SEO plugin. -->","yoast_head_json":{"title":"Ministro do STF Andr\u00e9 Mendon\u00e7a \u00e9 eleito para o TSE - PORTAL DE NOT\u00cdCIAS CLEITON PINHEIRO","robots":{"index":"index","follow":"follow","max-snippet":"max-snippet:-1","max-image-preview":"max-image-preview:large","max-video-preview":"max-video-preview:-1"},"canonical":"https:\/\/cleitonpinheiro.com.br\/site\/ministro-do-stf-andre-mendonca-e-eleito-para-o-tse\/","og_locale":"pt_BR","og_type":"article","og_title":"Ministro do STF Andr\u00e9 Mendon\u00e7a \u00e9 eleito para o TSE - PORTAL DE NOT\u00cdCIAS CLEITON PINHEIRO","og_description":"Ministro Alexandre de Moraes deixa a corte eleitoral em junho O ministro do Supremo Tribunal Federal (STF) Andr\u00e9 Mendon\u00e7a foi eleito nesta quinta-feira (16) para a vaga de ministro efetivo do Tribunal Superior Eleitoral (TSE), \u00f3rg\u00e3o respons\u00e1vel pela organiza\u00e7\u00e3o das elei\u00e7\u00f5es. Desde 2022, Mendon\u00e7a j\u00e1 atua no tribunal, mas como ministro substituto. Com a sa\u00edda [&hellip;]","og_url":"https:\/\/cleitonpinheiro.com.br\/site\/ministro-do-stf-andre-mendonca-e-eleito-para-o-tse\/","og_site_name":"PORTAL DE NOT\u00cdCIAS CLEITON PINHEIRO","article_publisher":"https:\/\/www.facebook.com\/portalcpnoticias\/","article_published_time":"2024-05-16T12:38:00+00:00","article_modified_time":"2024-05-17T16:55:24+00:00","og_image":[{"width":1170,"height":700,"url":"https:\/\/cleitonpinheiro.com.br\/site\/wp-content\/uploads\/2024\/05\/a81t7365-1.webp","type":"image\/webp"}],"author":"Cleiton Pinheiro","twitter_card":"summary_large_image","twitter_misc":{"Escrito por":"Cleiton Pinheiro","Est. tempo de leitura":"3 minutos"},"schema":{"@context":"https:\/\/schema.org","@graph":[{"@type":"Article","@id":"https:\/\/cleitonpinheiro.com.br\/site\/ministro-do-stf-andre-mendonca-e-eleito-para-o-tse\/#article","isPartOf":{"@id":"https:\/\/cleitonpinheiro.com.br\/site\/ministro-do-stf-andre-mendonca-e-eleito-para-o-tse\/"},"author":{"name":"Cleiton Pinheiro","@id":"https:\/\/cleitonpinheiro.com.br\/site\/#\/schema\/person\/62fd4eb98fcc8bd3fc477aaff264af51"},"headline":"Ministro do STF Andr\u00e9 Mendon\u00e7a \u00e9 eleito para o TSE","datePublished":"2024-05-16T12:38:00+00:00","dateModified":"2024-05-17T16:55:24+00:00","mainEntityOfPage":{"@id":"https:\/\/cleitonpinheiro.com.br\/site\/ministro-do-stf-andre-mendonca-e-eleito-para-o-tse\/"},"wordCount":357,"commentCount":0,"publisher":{"@id":"https:\/\/cleitonpinheiro.com.br\/site\/#organization"},"image":{"@id":"https:\/\/cleitonpinheiro.com.br\/site\/ministro-do-stf-andre-mendonca-e-eleito-para-o-tse\/#primaryimage"},"thumbnailUrl":"https:\/\/cleitonpinheiro.com.br\/site\/wp-content\/uploads\/2024\/05\/a81t7365-1-1024x613.webp","articleSection":["NOT\u00cdCIAS EM DESTAQUE","POL\u00cdTICA","TODAS NOTICIAS"],"inLanguage":"pt-BR","potentialAction":[{"@type":"CommentAction","name":"Comment","target":["https:\/\/cleitonpinheiro.com.br\/site\/ministro-do-stf-andre-mendonca-e-eleito-para-o-tse\/#respond"]}]},{"@type":"WebPage","@id":"https:\/\/cleitonpinheiro.com.br\/site\/ministro-do-stf-andre-mendonca-e-eleito-para-o-tse\/","url":"https:\/\/cleitonpinheiro.com.br\/site\/ministro-do-stf-andre-mendonca-e-eleito-para-o-tse\/","name":"Ministro do STF Andr\u00e9 Mendon\u00e7a \u00e9 eleito para o TSE - PORTAL DE NOT\u00cdCIAS CLEITON PINHEIRO","isPartOf":{"@id":"https:\/\/cleitonpinheiro.com.br\/site\/#website"},"primaryImageOfPage":{"@id":"https:\/\/cleitonpinheiro.com.br\/site\/ministro-do-stf-andre-mendonca-e-eleito-para-o-tse\/#primaryimage"},"image":{"@id":"https:\/\/cleitonpinheiro.com.br\/site\/ministro-do-stf-andre-mendonca-e-eleito-para-o-tse\/#primaryimage"},"thumbnailUrl":"https:\/\/cleitonpinheiro.com.br\/site\/wp-content\/uploads\/2024\/05\/a81t7365-1-1024x613.webp","datePublished":"2024-05-16T12:38:00+00:00","dateModified":"2024-05-17T16:55:24+00:00","breadcrumb":{"@id":"https:\/\/cleitonpinheiro.com.br\/site\/ministro-do-stf-andre-mendonca-e-eleito-para-o-tse\/#breadcrumb"},"inLanguage":"pt-BR","potentialAction":[{"@type":"ReadAction","target":["https:\/\/cleitonpinheiro.com.br\/site\/ministro-do-stf-andre-mendonca-e-eleito-para-o-tse\/"]}]},{"@type":"ImageObject","inLanguage":"pt-BR","@id":"https:\/\/cleitonpinheiro.com.br\/site\/ministro-do-stf-andre-mendonca-e-eleito-para-o-tse\/#primaryimage","url":"","contentUrl":""},{"@type":"BreadcrumbList","@id":"https:\/\/cleitonpinheiro.com.br\/site\/ministro-do-stf-andre-mendonca-e-eleito-para-o-tse\/#breadcrumb","itemListElement":[{"@type":"ListItem","position":1,"name":"In\u00edcio","item":"https:\/\/cleitonpinheiro.com.br\/site\/"},{"@type":"ListItem","position":2,"name":"Ministro do STF Andr\u00e9 Mendon\u00e7a \u00e9 eleito para o TSE"}]},{"@type":"WebSite","@id":"https:\/\/cleitonpinheiro.com.br\/site\/#website","url":"https:\/\/cleitonpinheiro.com.br\/site\/","name":"PORTAL DE NOT\u00cdCIAS CLEITON PINHEIRO","description":"FALANDO A VERDADE","publisher":{"@id":"https:\/\/cleitonpinheiro.com.br\/site\/#organization"},"potentialAction":[{"@type":"SearchAction","target":{"@type":"EntryPoint","urlTemplate":"https:\/\/cleitonpinheiro.com.br\/site\/?s={search_term_string}"},"query-input":{"@type":"PropertyValueSpecification","valueRequired":true,"valueName":"search_term_string"}}],"inLanguage":"pt-BR"},{"@type":"Organization","@id":"https:\/\/cleitonpinheiro.com.br\/site\/#organization","name":"CPNOT\u00cdCIAS","url":"https:\/\/cleitonpinheiro.com.br\/site\/","logo":{"@type":"ImageObject","inLanguage":"pt-BR","@id":"https:\/\/cleitonpinheiro.com.br\/site\/#\/schema\/logo\/image\/","url":"https:\/\/cleitonpinheiro.com.br\/site\/wp-content\/uploads\/2022\/08\/Logo-pequena-2.png","contentUrl":"https:\/\/cleitonpinheiro.com.br\/site\/wp-content\/uploads\/2022\/08\/Logo-pequena-2.png","width":500,"height":500,"caption":"CPNOT\u00cdCIAS"},"image":{"@id":"https:\/\/cleitonpinheiro.com.br\/site\/#\/schema\/logo\/image\/"},"sameAs":["https:\/\/www.facebook.com\/portalcpnoticias\/"]},{"@type":"Person","@id":"https:\/\/cleitonpinheiro.com.br\/site\/#\/schema\/person\/62fd4eb98fcc8bd3fc477aaff264af51","name":"Cleiton Pinheiro","image":{"@type":"ImageObject","inLanguage":"pt-BR","@id":"https:\/\/cleitonpinheiro.com.br\/site\/#\/schema\/person\/image\/","url":"https:\/\/secure.gravatar.com\/avatar\/15642ec35b78fe5eed3cfa8e4a3f3211d73a3df4f35f0566b4324958cba1b1b9?s=96&r=g","contentUrl":"https:\/\/secure.gravatar.com\/avatar\/15642ec35b78fe5eed3cfa8e4a3f3211d73a3df4f35f0566b4324958cba1b1b9?s=96&r=g","caption":"Cleiton Pinheiro"},"url":"https:\/\/cleitonpinheiro.com.br\/site\/author\/cleiton\/"}]}},"views":237,"_links":{"self":[{"href":"https:\/\/cleitonpinheiro.com.br\/site\/wp-json\/wp\/v2\/posts\/77238","targetHints":{"allow":["GET"]}}],"collection":[{"href":"https:\/\/cleitonpinheiro.com.br\/site\/wp-json\/wp\/v2\/posts"}],"about":[{"href":"https:\/\/cleitonpinheiro.com.br\/site\/wp-json\/wp\/v2\/types\/post"}],"author":[{"embeddable":true,"href":"https:\/\/cleitonpinheiro.com.br\/site\/wp-json\/wp\/v2\/users\/10"}],"replies":[{"embeddable":true,"href":"https:\/\/cleitonpinheiro.com.br\/site\/wp-json\/wp\/v2\/comments?post=77238"}],"version-history":[{"count":1,"href":"https:\/\/cleitonpinheiro.com.br\/site\/wp-json\/wp\/v2\/posts\/77238\/revisions"}],"predecessor-version":[{"id":77240,"href":"https:\/\/cleitonpinheiro.com.br\/site\/wp-json\/wp\/v2\/posts\/77238\/revisions\/77240"}],"wp:attachment":[{"href":"https:\/\/cleitonpinheiro.com.br\/site\/wp-json\/wp\/v2\/media?parent=77238"}],"wp:term":[{"taxonomy":"category","embeddable":true,"href":"https:\/\/cleitonpinheiro.com.br\/site\/wp-json\/wp\/v2\/categories?post=77238"},{"taxonomy":"post_tag","embeddable":true,"href":"https:\/\/cleitonpinheiro.com.br\/site\/wp-json\/wp\/v2\/tags?post=77238"}],"curies":[{"name":"wp","href":"https:\/\/api.w.org\/{rel}","templated":true}]}}