{"id":77251,"date":"2024-05-17T13:18:03","date_gmt":"2024-05-17T16:18:03","guid":{"rendered":"https:\/\/cleitonpinheiro.com.br\/site\/?p=77251"},"modified":"2024-05-23T14:37:23","modified_gmt":"2024-05-23T17:37:23","slug":"prefeitura-de-palmas-contrata-copese-uft-para-realizar-concurso-da-educacao-edital-previsto-para-junho","status":"publish","type":"post","link":"https:\/\/cleitonpinheiro.com.br\/site\/prefeitura-de-palmas-contrata-copese-uft-para-realizar-concurso-da-educacao-edital-previsto-para-junho\/","title":{"rendered":"Prefeitura de Palmas contrata Copese\/UFT para realizar concurso da educa\u00e7\u00e3o; edital previsto para junho"},"content":{"rendered":"\n<figure class=\"wp-block-image size-full\"><img decoding=\"async\" src=\"https:\/\/cleitonpinheiro.com.br\/site\/wp-content\/uploads\/2024\/05\/25da5db5-972d-4e9a-9802-2af9ed963215.jpg\" alt=\"\" class=\"wp-image-77252\"\/><figcaption class=\"wp-element-caption\">Assinatura do contrato aconteceu na Universidade Federal do Tocantins no gabinete do reitor Lu\u00eds Eduardo Bovolato &#8211; Foto: Lia Mara\/Prefeitura de Palmas<\/figcaption><\/figure>\n\n\n\n<p>A Prefeitura de Palmas, representada pelo Instituto 20 de Maio de Ensino, Ci\u00eancia e Tecnologia (IVM), e a Universidade Federal do Tocantins (UFT), assinaram nesta quinta-feira, 16, o contrato para a realiza\u00e7\u00e3o do concurso p\u00fablico de provas objetivas, reda\u00e7\u00e3o e provas de t\u00edtulos para a \u00e1rea da Educa\u00e7\u00e3o do Munic\u00edpio de Palmas. O contrato foi assinado na sede da Reitoria da UFT pela presidente do IVM, Ivonete Motta, e pelo reitor da UFT, Lu\u00eds Eduardo Bovolato. O concurso ser\u00e1 conduzido pela Comiss\u00e3o Permanente de Sele\u00e7\u00e3o da Universidade Federal do Tocantins (Copese\/UFT).\u00a0<\/p>\n\n\n\n<p>O ato de assinatura contou ainda com as presen\u00e7as da presidente da Comiss\u00e3o Especial dos Concursos da Prefeitura, Mila Jaber, &nbsp;do procurador Geral do Munic\u00edpio, Mauro Ribas, do secret\u00e1rio da Educa\u00e7\u00e3o, F\u00e1bio Chaves, da analista jur\u00eddica do IVM, Fab\u00edola Akitaya, e do presidente da Funda\u00e7\u00e3o de Apoio Cient\u00edfico e T\u00e9cnico do Tocantins (FAPTO), interveniente do contrato, L\u00e9o Ara\u00fajo da Silva e do vice-reitor da UFT, &nbsp;Marcelo Leineker.&nbsp;<\/p>\n\n\n\n<p>No total, o concurso da Educa\u00e7\u00e3o vai oferecer 2.258 vagas para posse imediata e 1.194 vagas para forma\u00e7\u00e3o de cadastro de reserva, distribu\u00eddas da seguinte forma: &nbsp;n\u00edvel superior, 1.488 candidatos para posse imediata e 814 para cadastro de reserva; n\u00edvel m\u00e9dio, 770 vagas para posse imediata e 380 para cadastro de reserva. &nbsp;<\/p>\n\n\n\n<p>A prefeita de Palmas, Cintia Ribeiro celebrou a assinatura do contrato e o passo dado em dire\u00e7\u00e3o a mais um certame realizado pela gest\u00e3o municipal em 2024. &#8220;Assinamos o contrato com a Copese\/UFT para a realiza\u00e7\u00e3o do concurso da Educa\u00e7\u00e3o nesta quinta-feira. Ao todo estamos ofertando mais de 2.250 vagas para posse imediata e forma\u00e7\u00e3o do cadastro reserva. A medida refor\u00e7a o compromisso de nossa gest\u00e3o com o desenvolvimento integral de Palmas e da nossa popula\u00e7\u00e3o. Servidores da educa\u00e7\u00e3o concursados s\u00e3o garantia de valoriza\u00e7\u00e3o dos profissionais e da excel\u00eancia no nosso ensino que j\u00e1 nota dez.&#8221;<\/p>\n\n\n\n<p>A partir da assinatura do contrato, a Copese, ter\u00e1 prazo m\u00e1ximo de 10 dias para apresentar \u00e0 Comiss\u00e3o Especial organizadora dos Concursos P\u00fablicos da Prefeitura de Palmas, as regras que disciplinar\u00e3o o concurso e todas as informa\u00e7\u00f5es que ir\u00e3o compor o edital e seu planejamento de execu\u00e7\u00e3o. Com isso, a previs\u00e3o \u00e9 que o edital seja lan\u00e7ado ainda na primeira quinzena de junho.&nbsp;<\/p>\n\n\n\n<p>Na ocasi\u00e3o, o reitor da UFT, Lu\u00eds Eduardo Bovolato, refor\u00e7ou o compromisso da institui\u00e7\u00e3o para realiza\u00e7\u00e3o do t\u00e3o aguardado concurso. \u201cEleger uma institui\u00e7\u00e3o local para realizar um concurso aqui no Tocantins&nbsp;aumenta ainda mais a nossa responsabilidade e o compromisso em desenvolver um processo tranquilo, com muita qualidade e seguran\u00e7a para que, ao final, aqueles que participarem, e forem aprovados, possam tomar posse e desenvolver suas carreiras\u201d, completou.<\/p>\n\n\n\n<p>Para a presidente do Instituto 20 de Maio, Ivonete Motta, \u00e9 uma conquista para todos do munic\u00edpio e tamb\u00e9m para a popula\u00e7\u00e3o que ser\u00e1 beneficiada com mais servidores. \u201cEsse concurso t\u00e3o esperado \u00e9 o resultado de um esfor\u00e7o de muita gente, al\u00e9m de ser uma determina\u00e7\u00e3o da prefeita Cinthia Ribeiro. Seguimos a orienta\u00e7\u00e3o da Comiss\u00e3o Especial Organizadora dos Concursos P\u00fablicos, e contamos com o trabalho de toda uma equipe que elaborou os instrumentos legais necess\u00e1rios para que a gente chegasse com seguran\u00e7a at\u00e9 esse momento. O trabalho do IVM \u00e9 cont\u00ednuo, j\u00e1 estamos com dois concursos em fase bem adiantada, o do Quadro Geral e da Sa\u00fade, e muito em breve lan\u00e7aremos o edital da Educa\u00e7\u00e3o.&#8221;<\/p>\n\n\n\n<p><strong>Confira abaixo os cargos e vagas do Concurso do Quadro da Educa\u00e7\u00e3o<\/strong><\/p>\n\n\n\n<ul class=\"wp-block-list\">\n<li>L\u00edngua Portuguesa &#8211; 70 vagas imediatas e 60 cadastro de reserva<\/li>\n\n\n\n<li>Matem\u00e1tica &#8211; 50 vagas imediatas e 40 cadastro de reserva<\/li>\n\n\n\n<li>L\u00edngua Inglesa &#8211; 30 vagas imediatas e 20 cadastro de reserva<\/li>\n\n\n\n<li>Ci\u00eancias F\u00edsica Biol\u00f3gica &#8211; 40 vagas imediatas e 10 cadastro de reserva<\/li>\n\n\n\n<li>L\u00edngua Libras \u00a0&#8211; 10 vagas imediatas e 10 cadastro de reserva\u00a0<\/li>\n\n\n\n<li>Hist\u00f3ria \u00a0&#8211; 30 vagas imediatas e 10 cadastro de reserva<\/li>\n\n\n\n<li>Geografia \u00a0&#8211; 30 vagas imediatas e 10 cadastro de reserva<\/li>\n\n\n\n<li>Educa\u00e7\u00e3o F\u00edsica &#8211; 50 vagas imediatas e 30 cadastro de reserva<\/li>\n\n\n\n<li>Educa\u00e7\u00e3o F\u00edsica (Nata\u00e7\u00e3o) &#8211; 20 vagas imediatas e 10 cadastro de reserva<\/li>\n\n\n\n<li>Educa\u00e7\u00e3o F\u00edsica (Dan\u00e7a) &#8211; 20 vagas imediatas e 10 cadastro de reserva<\/li>\n\n\n\n<li>Educa\u00e7\u00e3o F\u00edsica (Pr\u00e1ticas Corporais) \u00a0&#8211; 15 vagas imediatas e 05 cadastro de reserva<\/li>\n\n\n\n<li>M\u00fasica &#8211; 30 vagas imediatas e 10 cadastro de reserva<\/li>\n\n\n\n<li>Artes C\u00eanicas &#8211; 10 vagas imediatas e 05 cadastro de reserva<\/li>\n\n\n\n<li>Artes \u00a0\u00a0 \u00a0Visuais &#8211; 10 vagas imediatas e 05 cadastro de reserva\u00a0<\/li>\n\n\n\n<li>Supervisor Pedag\u00f3gico &#8211; 50 vagas imediatas e 20 cadastro de reserva<\/li>\n\n\n\n<li>Orientador Educacional &#8211; \u00a050 vagas imediatas e 20 cadastro de reserva<\/li>\n\n\n\n<li>Professor do Ensino Fundamental I (Professor de educa\u00e7\u00e3o infantil e s\u00e9ries iniciais) &#8211; \u00a0902 vagas imediatas e 500 cadastro de reserva<\/li>\n\n\n\n<li>T\u00e9cnico Administrativo Educacional (Monitor de Educa\u00e7\u00e3o Infantil) \u00a0&#8211; 400 vagas imediatas e 300 cadastro de reserva<\/li>\n\n\n\n<li>Nutricionista \u00a0\u00a0 \u00a0&#8211; 11 vagas imediatas e 02 cadastro de reserva<\/li>\n\n\n\n<li>Psic\u00f3logo &#8211; 30 vagas imediatas e 10 cadastro de reserva \u00a0<\/li>\n\n\n\n<li>Assistente Social &#8211; 30 vagas imediatas e 10 cadastro de reserva<\/li>\n<\/ul>\n\n\n\n<p>TOTAL de 2.258 vagas imediatas e \u00a01.194 para cadastro de reserva\u00a0<\/p>\n\n\n\n<p>Texto: Prefeitura de Palmas<\/p>\n","protected":false},"excerpt":{"rendered":"<p>A Prefeitura de Palmas, representada pelo Instituto 20 de Maio de Ensino, Ci\u00eancia e Tecnologia (IVM), e a Universidade Federal do Tocantins (UFT), assinaram nesta quinta-feira, 16, o contrato para a realiza\u00e7\u00e3o do concurso p\u00fablico de provas objetivas, reda\u00e7\u00e3o e provas de t\u00edtulos para a \u00e1rea da Educa\u00e7\u00e3o do Munic\u00edpio de Palmas. O contrato foi [&hellip;]<\/p>\n","protected":false},"author":10,"featured_media":0,"comment_status":"open","ping_status":"open","sticky":false,"template":"","format":"standard","meta":{"_acf_changed":false,"footnotes":""},"categories":[25,898,21],"tags":[],"class_list":["post-77251","post","type-post","status-publish","format-standard","hentry","category-funcionalismo","category-manchete-segundaria","category-todas-noticias"],"acf":[],"yoast_head":"<!-- This site is optimized with the Yoast SEO plugin v24.4 - https:\/\/yoast.com\/wordpress\/plugins\/seo\/ -->\n<title>Prefeitura de Palmas contrata Copese\/UFT para realizar concurso da educa\u00e7\u00e3o; edital previsto para junho - PORTAL DE NOT\u00cdCIAS CLEITON PINHEIRO<\/title>\n<meta name=\"robots\" content=\"index, follow, max-snippet:-1, max-image-preview:large, max-video-preview:-1\" \/>\n<link rel=\"canonical\" href=\"https:\/\/cleitonpinheiro.com.br\/site\/prefeitura-de-palmas-contrata-copese-uft-para-realizar-concurso-da-educacao-edital-previsto-para-junho\/\" \/>\n<meta property=\"og:locale\" content=\"pt_BR\" \/>\n<meta property=\"og:type\" content=\"article\" \/>\n<meta property=\"og:title\" content=\"Prefeitura de Palmas contrata Copese\/UFT para realizar concurso da educa\u00e7\u00e3o; edital previsto para junho - PORTAL DE NOT\u00cdCIAS CLEITON PINHEIRO\" \/>\n<meta property=\"og:description\" content=\"A Prefeitura de Palmas, representada pelo Instituto 20 de Maio de Ensino, Ci\u00eancia e Tecnologia (IVM), e a Universidade Federal do Tocantins (UFT), assinaram nesta quinta-feira, 16, o contrato para a realiza\u00e7\u00e3o do concurso p\u00fablico de provas objetivas, reda\u00e7\u00e3o e provas de t\u00edtulos para a \u00e1rea da Educa\u00e7\u00e3o do Munic\u00edpio de Palmas. O contrato foi [&hellip;]\" \/>\n<meta property=\"og:url\" content=\"https:\/\/cleitonpinheiro.com.br\/site\/prefeitura-de-palmas-contrata-copese-uft-para-realizar-concurso-da-educacao-edital-previsto-para-junho\/\" \/>\n<meta property=\"og:site_name\" content=\"PORTAL DE NOT\u00cdCIAS CLEITON PINHEIRO\" \/>\n<meta property=\"article:publisher\" content=\"https:\/\/www.facebook.com\/portalcpnoticias\/\" \/>\n<meta property=\"article:published_time\" content=\"2024-05-17T16:18:03+00:00\" \/>\n<meta property=\"article:modified_time\" content=\"2024-05-23T17:37:23+00:00\" \/>\n<meta property=\"og:image\" content=\"https:\/\/cleitonpinheiro.com.br\/site\/wp-content\/uploads\/2024\/05\/25da5db5-972d-4e9a-9802-2af9ed963215.jpg\" \/>\n\t<meta property=\"og:image:width\" content=\"800\" \/>\n\t<meta property=\"og:image:height\" content=\"533\" \/>\n\t<meta property=\"og:image:type\" content=\"image\/jpeg\" \/>\n<meta name=\"author\" content=\"Cleiton Pinheiro\" \/>\n<meta name=\"twitter:card\" content=\"summary_large_image\" \/>\n<meta name=\"twitter:label1\" content=\"Escrito por\" \/>\n\t<meta name=\"twitter:data1\" content=\"Cleiton Pinheiro\" \/>\n\t<meta name=\"twitter:label2\" content=\"Est. tempo de leitura\" \/>\n\t<meta name=\"twitter:data2\" content=\"5 minutos\" \/>\n<script type=\"application\/ld+json\" class=\"yoast-schema-graph\">{\"@context\":\"https:\/\/schema.org\",\"@graph\":[{\"@type\":\"Article\",\"@id\":\"https:\/\/cleitonpinheiro.com.br\/site\/prefeitura-de-palmas-contrata-copese-uft-para-realizar-concurso-da-educacao-edital-previsto-para-junho\/#article\",\"isPartOf\":{\"@id\":\"https:\/\/cleitonpinheiro.com.br\/site\/prefeitura-de-palmas-contrata-copese-uft-para-realizar-concurso-da-educacao-edital-previsto-para-junho\/\"},\"author\":{\"name\":\"Cleiton Pinheiro\",\"@id\":\"https:\/\/cleitonpinheiro.com.br\/site\/#\/schema\/person\/62fd4eb98fcc8bd3fc477aaff264af51\"},\"headline\":\"Prefeitura de Palmas contrata Copese\/UFT para realizar concurso da educa\u00e7\u00e3o; edital previsto para junho\",\"datePublished\":\"2024-05-17T16:18:03+00:00\",\"dateModified\":\"2024-05-23T17:37:23+00:00\",\"mainEntityOfPage\":{\"@id\":\"https:\/\/cleitonpinheiro.com.br\/site\/prefeitura-de-palmas-contrata-copese-uft-para-realizar-concurso-da-educacao-edital-previsto-para-junho\/\"},\"wordCount\":915,\"commentCount\":0,\"publisher\":{\"@id\":\"https:\/\/cleitonpinheiro.com.br\/site\/#organization\"},\"image\":{\"@id\":\"https:\/\/cleitonpinheiro.com.br\/site\/prefeitura-de-palmas-contrata-copese-uft-para-realizar-concurso-da-educacao-edital-previsto-para-junho\/#primaryimage\"},\"thumbnailUrl\":\"https:\/\/cleitonpinheiro.com.br\/site\/wp-content\/uploads\/2024\/05\/25da5db5-972d-4e9a-9802-2af9ed963215.jpg\",\"articleSection\":[\"FUNCIONALISMO\",\"MANCHETE SEGUND\u00c1RIA\",\"TODAS NOTICIAS\"],\"inLanguage\":\"pt-BR\",\"potentialAction\":[{\"@type\":\"CommentAction\",\"name\":\"Comment\",\"target\":[\"https:\/\/cleitonpinheiro.com.br\/site\/prefeitura-de-palmas-contrata-copese-uft-para-realizar-concurso-da-educacao-edital-previsto-para-junho\/#respond\"]}]},{\"@type\":\"WebPage\",\"@id\":\"https:\/\/cleitonpinheiro.com.br\/site\/prefeitura-de-palmas-contrata-copese-uft-para-realizar-concurso-da-educacao-edital-previsto-para-junho\/\",\"url\":\"https:\/\/cleitonpinheiro.com.br\/site\/prefeitura-de-palmas-contrata-copese-uft-para-realizar-concurso-da-educacao-edital-previsto-para-junho\/\",\"name\":\"Prefeitura de Palmas contrata Copese\/UFT para realizar concurso da educa\u00e7\u00e3o; edital previsto para junho - PORTAL DE NOT\u00cdCIAS CLEITON PINHEIRO\",\"isPartOf\":{\"@id\":\"https:\/\/cleitonpinheiro.com.br\/site\/#website\"},\"primaryImageOfPage\":{\"@id\":\"https:\/\/cleitonpinheiro.com.br\/site\/prefeitura-de-palmas-contrata-copese-uft-para-realizar-concurso-da-educacao-edital-previsto-para-junho\/#primaryimage\"},\"image\":{\"@id\":\"https:\/\/cleitonpinheiro.com.br\/site\/prefeitura-de-palmas-contrata-copese-uft-para-realizar-concurso-da-educacao-edital-previsto-para-junho\/#primaryimage\"},\"thumbnailUrl\":\"https:\/\/cleitonpinheiro.com.br\/site\/wp-content\/uploads\/2024\/05\/25da5db5-972d-4e9a-9802-2af9ed963215.jpg\",\"datePublished\":\"2024-05-17T16:18:03+00:00\",\"dateModified\":\"2024-05-23T17:37:23+00:00\",\"breadcrumb\":{\"@id\":\"https:\/\/cleitonpinheiro.com.br\/site\/prefeitura-de-palmas-contrata-copese-uft-para-realizar-concurso-da-educacao-edital-previsto-para-junho\/#breadcrumb\"},\"inLanguage\":\"pt-BR\",\"potentialAction\":[{\"@type\":\"ReadAction\",\"target\":[\"https:\/\/cleitonpinheiro.com.br\/site\/prefeitura-de-palmas-contrata-copese-uft-para-realizar-concurso-da-educacao-edital-previsto-para-junho\/\"]}]},{\"@type\":\"ImageObject\",\"inLanguage\":\"pt-BR\",\"@id\":\"https:\/\/cleitonpinheiro.com.br\/site\/prefeitura-de-palmas-contrata-copese-uft-para-realizar-concurso-da-educacao-edital-previsto-para-junho\/#primaryimage\",\"url\":\"\",\"contentUrl\":\"\"},{\"@type\":\"BreadcrumbList\",\"@id\":\"https:\/\/cleitonpinheiro.com.br\/site\/prefeitura-de-palmas-contrata-copese-uft-para-realizar-concurso-da-educacao-edital-previsto-para-junho\/#breadcrumb\",\"itemListElement\":[{\"@type\":\"ListItem\",\"position\":1,\"name\":\"In\u00edcio\",\"item\":\"https:\/\/cleitonpinheiro.com.br\/site\/\"},{\"@type\":\"ListItem\",\"position\":2,\"name\":\"Prefeitura de Palmas contrata Copese\/UFT para realizar concurso da educa\u00e7\u00e3o; edital previsto para junho\"}]},{\"@type\":\"WebSite\",\"@id\":\"https:\/\/cleitonpinheiro.com.br\/site\/#website\",\"url\":\"https:\/\/cleitonpinheiro.com.br\/site\/\",\"name\":\"PORTAL DE NOT\u00cdCIAS CLEITON PINHEIRO\",\"description\":\"FALANDO A VERDADE\",\"publisher\":{\"@id\":\"https:\/\/cleitonpinheiro.com.br\/site\/#organization\"},\"potentialAction\":[{\"@type\":\"SearchAction\",\"target\":{\"@type\":\"EntryPoint\",\"urlTemplate\":\"https:\/\/cleitonpinheiro.com.br\/site\/?s={search_term_string}\"},\"query-input\":{\"@type\":\"PropertyValueSpecification\",\"valueRequired\":true,\"valueName\":\"search_term_string\"}}],\"inLanguage\":\"pt-BR\"},{\"@type\":\"Organization\",\"@id\":\"https:\/\/cleitonpinheiro.com.br\/site\/#organization\",\"name\":\"CPNOT\u00cdCIAS\",\"url\":\"https:\/\/cleitonpinheiro.com.br\/site\/\",\"logo\":{\"@type\":\"ImageObject\",\"inLanguage\":\"pt-BR\",\"@id\":\"https:\/\/cleitonpinheiro.com.br\/site\/#\/schema\/logo\/image\/\",\"url\":\"https:\/\/cleitonpinheiro.com.br\/site\/wp-content\/uploads\/2022\/08\/Logo-pequena-2.png\",\"contentUrl\":\"https:\/\/cleitonpinheiro.com.br\/site\/wp-content\/uploads\/2022\/08\/Logo-pequena-2.png\",\"width\":500,\"height\":500,\"caption\":\"CPNOT\u00cdCIAS\"},\"image\":{\"@id\":\"https:\/\/cleitonpinheiro.com.br\/site\/#\/schema\/logo\/image\/\"},\"sameAs\":[\"https:\/\/www.facebook.com\/portalcpnoticias\/\"]},{\"@type\":\"Person\",\"@id\":\"https:\/\/cleitonpinheiro.com.br\/site\/#\/schema\/person\/62fd4eb98fcc8bd3fc477aaff264af51\",\"name\":\"Cleiton Pinheiro\",\"image\":{\"@type\":\"ImageObject\",\"inLanguage\":\"pt-BR\",\"@id\":\"https:\/\/cleitonpinheiro.com.br\/site\/#\/schema\/person\/image\/\",\"url\":\"https:\/\/secure.gravatar.com\/avatar\/15642ec35b78fe5eed3cfa8e4a3f3211d73a3df4f35f0566b4324958cba1b1b9?s=96&r=g\",\"contentUrl\":\"https:\/\/secure.gravatar.com\/avatar\/15642ec35b78fe5eed3cfa8e4a3f3211d73a3df4f35f0566b4324958cba1b1b9?s=96&r=g\",\"caption\":\"Cleiton Pinheiro\"},\"url\":\"https:\/\/cleitonpinheiro.com.br\/site\/author\/cleiton\/\"}]}<\/script>\n<!-- \/ Yoast SEO plugin. -->","yoast_head_json":{"title":"Prefeitura de Palmas contrata Copese\/UFT para realizar concurso da educa\u00e7\u00e3o; edital previsto para junho - PORTAL DE NOT\u00cdCIAS CLEITON PINHEIRO","robots":{"index":"index","follow":"follow","max-snippet":"max-snippet:-1","max-image-preview":"max-image-preview:large","max-video-preview":"max-video-preview:-1"},"canonical":"https:\/\/cleitonpinheiro.com.br\/site\/prefeitura-de-palmas-contrata-copese-uft-para-realizar-concurso-da-educacao-edital-previsto-para-junho\/","og_locale":"pt_BR","og_type":"article","og_title":"Prefeitura de Palmas contrata Copese\/UFT para realizar concurso da educa\u00e7\u00e3o; edital previsto para junho - PORTAL DE NOT\u00cdCIAS CLEITON PINHEIRO","og_description":"A Prefeitura de Palmas, representada pelo Instituto 20 de Maio de Ensino, Ci\u00eancia e Tecnologia (IVM), e a Universidade Federal do Tocantins (UFT), assinaram nesta quinta-feira, 16, o contrato para a realiza\u00e7\u00e3o do concurso p\u00fablico de provas objetivas, reda\u00e7\u00e3o e provas de t\u00edtulos para a \u00e1rea da Educa\u00e7\u00e3o do Munic\u00edpio de Palmas. O contrato foi [&hellip;]","og_url":"https:\/\/cleitonpinheiro.com.br\/site\/prefeitura-de-palmas-contrata-copese-uft-para-realizar-concurso-da-educacao-edital-previsto-para-junho\/","og_site_name":"PORTAL DE NOT\u00cdCIAS CLEITON PINHEIRO","article_publisher":"https:\/\/www.facebook.com\/portalcpnoticias\/","article_published_time":"2024-05-17T16:18:03+00:00","article_modified_time":"2024-05-23T17:37:23+00:00","og_image":[{"width":800,"height":533,"url":"https:\/\/cleitonpinheiro.com.br\/site\/wp-content\/uploads\/2024\/05\/25da5db5-972d-4e9a-9802-2af9ed963215.jpg","type":"image\/jpeg"}],"author":"Cleiton Pinheiro","twitter_card":"summary_large_image","twitter_misc":{"Escrito por":"Cleiton Pinheiro","Est. tempo de leitura":"5 minutos"},"schema":{"@context":"https:\/\/schema.org","@graph":[{"@type":"Article","@id":"https:\/\/cleitonpinheiro.com.br\/site\/prefeitura-de-palmas-contrata-copese-uft-para-realizar-concurso-da-educacao-edital-previsto-para-junho\/#article","isPartOf":{"@id":"https:\/\/cleitonpinheiro.com.br\/site\/prefeitura-de-palmas-contrata-copese-uft-para-realizar-concurso-da-educacao-edital-previsto-para-junho\/"},"author":{"name":"Cleiton Pinheiro","@id":"https:\/\/cleitonpinheiro.com.br\/site\/#\/schema\/person\/62fd4eb98fcc8bd3fc477aaff264af51"},"headline":"Prefeitura de Palmas contrata Copese\/UFT para realizar concurso da educa\u00e7\u00e3o; edital previsto para junho","datePublished":"2024-05-17T16:18:03+00:00","dateModified":"2024-05-23T17:37:23+00:00","mainEntityOfPage":{"@id":"https:\/\/cleitonpinheiro.com.br\/site\/prefeitura-de-palmas-contrata-copese-uft-para-realizar-concurso-da-educacao-edital-previsto-para-junho\/"},"wordCount":915,"commentCount":0,"publisher":{"@id":"https:\/\/cleitonpinheiro.com.br\/site\/#organization"},"image":{"@id":"https:\/\/cleitonpinheiro.com.br\/site\/prefeitura-de-palmas-contrata-copese-uft-para-realizar-concurso-da-educacao-edital-previsto-para-junho\/#primaryimage"},"thumbnailUrl":"https:\/\/cleitonpinheiro.com.br\/site\/wp-content\/uploads\/2024\/05\/25da5db5-972d-4e9a-9802-2af9ed963215.jpg","articleSection":["FUNCIONALISMO","MANCHETE SEGUND\u00c1RIA","TODAS NOTICIAS"],"inLanguage":"pt-BR","potentialAction":[{"@type":"CommentAction","name":"Comment","target":["https:\/\/cleitonpinheiro.com.br\/site\/prefeitura-de-palmas-contrata-copese-uft-para-realizar-concurso-da-educacao-edital-previsto-para-junho\/#respond"]}]},{"@type":"WebPage","@id":"https:\/\/cleitonpinheiro.com.br\/site\/prefeitura-de-palmas-contrata-copese-uft-para-realizar-concurso-da-educacao-edital-previsto-para-junho\/","url":"https:\/\/cleitonpinheiro.com.br\/site\/prefeitura-de-palmas-contrata-copese-uft-para-realizar-concurso-da-educacao-edital-previsto-para-junho\/","name":"Prefeitura de Palmas contrata Copese\/UFT para realizar concurso da educa\u00e7\u00e3o; edital previsto para junho - PORTAL DE NOT\u00cdCIAS CLEITON PINHEIRO","isPartOf":{"@id":"https:\/\/cleitonpinheiro.com.br\/site\/#website"},"primaryImageOfPage":{"@id":"https:\/\/cleitonpinheiro.com.br\/site\/prefeitura-de-palmas-contrata-copese-uft-para-realizar-concurso-da-educacao-edital-previsto-para-junho\/#primaryimage"},"image":{"@id":"https:\/\/cleitonpinheiro.com.br\/site\/prefeitura-de-palmas-contrata-copese-uft-para-realizar-concurso-da-educacao-edital-previsto-para-junho\/#primaryimage"},"thumbnailUrl":"https:\/\/cleitonpinheiro.com.br\/site\/wp-content\/uploads\/2024\/05\/25da5db5-972d-4e9a-9802-2af9ed963215.jpg","datePublished":"2024-05-17T16:18:03+00:00","dateModified":"2024-05-23T17:37:23+00:00","breadcrumb":{"@id":"https:\/\/cleitonpinheiro.com.br\/site\/prefeitura-de-palmas-contrata-copese-uft-para-realizar-concurso-da-educacao-edital-previsto-para-junho\/#breadcrumb"},"inLanguage":"pt-BR","potentialAction":[{"@type":"ReadAction","target":["https:\/\/cleitonpinheiro.com.br\/site\/prefeitura-de-palmas-contrata-copese-uft-para-realizar-concurso-da-educacao-edital-previsto-para-junho\/"]}]},{"@type":"ImageObject","inLanguage":"pt-BR","@id":"https:\/\/cleitonpinheiro.com.br\/site\/prefeitura-de-palmas-contrata-copese-uft-para-realizar-concurso-da-educacao-edital-previsto-para-junho\/#primaryimage","url":"","contentUrl":""},{"@type":"BreadcrumbList","@id":"https:\/\/cleitonpinheiro.com.br\/site\/prefeitura-de-palmas-contrata-copese-uft-para-realizar-concurso-da-educacao-edital-previsto-para-junho\/#breadcrumb","itemListElement":[{"@type":"ListItem","position":1,"name":"In\u00edcio","item":"https:\/\/cleitonpinheiro.com.br\/site\/"},{"@type":"ListItem","position":2,"name":"Prefeitura de Palmas contrata Copese\/UFT para realizar concurso da educa\u00e7\u00e3o; edital previsto para junho"}]},{"@type":"WebSite","@id":"https:\/\/cleitonpinheiro.com.br\/site\/#website","url":"https:\/\/cleitonpinheiro.com.br\/site\/","name":"PORTAL DE NOT\u00cdCIAS CLEITON PINHEIRO","description":"FALANDO A VERDADE","publisher":{"@id":"https:\/\/cleitonpinheiro.com.br\/site\/#organization"},"potentialAction":[{"@type":"SearchAction","target":{"@type":"EntryPoint","urlTemplate":"https:\/\/cleitonpinheiro.com.br\/site\/?s={search_term_string}"},"query-input":{"@type":"PropertyValueSpecification","valueRequired":true,"valueName":"search_term_string"}}],"inLanguage":"pt-BR"},{"@type":"Organization","@id":"https:\/\/cleitonpinheiro.com.br\/site\/#organization","name":"CPNOT\u00cdCIAS","url":"https:\/\/cleitonpinheiro.com.br\/site\/","logo":{"@type":"ImageObject","inLanguage":"pt-BR","@id":"https:\/\/cleitonpinheiro.com.br\/site\/#\/schema\/logo\/image\/","url":"https:\/\/cleitonpinheiro.com.br\/site\/wp-content\/uploads\/2022\/08\/Logo-pequena-2.png","contentUrl":"https:\/\/cleitonpinheiro.com.br\/site\/wp-content\/uploads\/2022\/08\/Logo-pequena-2.png","width":500,"height":500,"caption":"CPNOT\u00cdCIAS"},"image":{"@id":"https:\/\/cleitonpinheiro.com.br\/site\/#\/schema\/logo\/image\/"},"sameAs":["https:\/\/www.facebook.com\/portalcpnoticias\/"]},{"@type":"Person","@id":"https:\/\/cleitonpinheiro.com.br\/site\/#\/schema\/person\/62fd4eb98fcc8bd3fc477aaff264af51","name":"Cleiton Pinheiro","image":{"@type":"ImageObject","inLanguage":"pt-BR","@id":"https:\/\/cleitonpinheiro.com.br\/site\/#\/schema\/person\/image\/","url":"https:\/\/secure.gravatar.com\/avatar\/15642ec35b78fe5eed3cfa8e4a3f3211d73a3df4f35f0566b4324958cba1b1b9?s=96&r=g","contentUrl":"https:\/\/secure.gravatar.com\/avatar\/15642ec35b78fe5eed3cfa8e4a3f3211d73a3df4f35f0566b4324958cba1b1b9?s=96&r=g","caption":"Cleiton Pinheiro"},"url":"https:\/\/cleitonpinheiro.com.br\/site\/author\/cleiton\/"}]}},"views":203,"_links":{"self":[{"href":"https:\/\/cleitonpinheiro.com.br\/site\/wp-json\/wp\/v2\/posts\/77251","targetHints":{"allow":["GET"]}}],"collection":[{"href":"https:\/\/cleitonpinheiro.com.br\/site\/wp-json\/wp\/v2\/posts"}],"about":[{"href":"https:\/\/cleitonpinheiro.com.br\/site\/wp-json\/wp\/v2\/types\/post"}],"author":[{"embeddable":true,"href":"https:\/\/cleitonpinheiro.com.br\/site\/wp-json\/wp\/v2\/users\/10"}],"replies":[{"embeddable":true,"href":"https:\/\/cleitonpinheiro.com.br\/site\/wp-json\/wp\/v2\/comments?post=77251"}],"version-history":[{"count":1,"href":"https:\/\/cleitonpinheiro.com.br\/site\/wp-json\/wp\/v2\/posts\/77251\/revisions"}],"predecessor-version":[{"id":77253,"href":"https:\/\/cleitonpinheiro.com.br\/site\/wp-json\/wp\/v2\/posts\/77251\/revisions\/77253"}],"wp:attachment":[{"href":"https:\/\/cleitonpinheiro.com.br\/site\/wp-json\/wp\/v2\/media?parent=77251"}],"wp:term":[{"taxonomy":"category","embeddable":true,"href":"https:\/\/cleitonpinheiro.com.br\/site\/wp-json\/wp\/v2\/categories?post=77251"},{"taxonomy":"post_tag","embeddable":true,"href":"https:\/\/cleitonpinheiro.com.br\/site\/wp-json\/wp\/v2\/tags?post=77251"}],"curies":[{"name":"wp","href":"https:\/\/api.w.org\/{rel}","templated":true}]}}