{"id":77262,"date":"2024-05-17T15:09:52","date_gmt":"2024-05-17T18:09:52","guid":{"rendered":"https:\/\/cleitonpinheiro.com.br\/site\/?p=77262"},"modified":"2024-05-17T15:09:58","modified_gmt":"2024-05-17T18:09:58","slug":"palmas-recebe-etapa-do-campeonato-brasileiro-de-motocross","status":"publish","type":"post","link":"https:\/\/cleitonpinheiro.com.br\/site\/palmas-recebe-etapa-do-campeonato-brasileiro-de-motocross\/","title":{"rendered":"Palmas recebe etapa do Campeonato Brasileiro de Motocross"},"content":{"rendered":"\n<figure class=\"wp-block-image aligncenter size-full\"><img decoding=\"async\" src=\"https:\/\/cleitonpinheiro.com.br\/site\/wp-content\/uploads\/2024\/05\/motocross-8080377_640.jpg\" alt=\"\" class=\"wp-image-77263\"\/><figcaption class=\"wp-element-caption\">Foto:  Setiawan Heriadi\/Pixabay<\/figcaption><\/figure>\n\n\n\n<p>Palmas recebe nos dias 17 a 19 de maio, a abertura do\u00a0<em>Estadual de Motocross<\/em>\u00a0e a 4\u00aa etapa do\u00a0<em>Campeonato Brasileiro.<\/em>\u00a0O evento promovido pela Confedera\u00e7\u00e3o Brasileira de Motociclismo (CBM) e Federa\u00e7\u00e3o Tocantinense de Motociclismo (FMT), conta com o apoio do Governo do Tocantins, por meio da Secretaria de Estado dos Esportes e Juventude (Seju).\u00a0<\/p>\n\n\n\n<p>A organiza\u00e7\u00e3o prev\u00ea um p\u00fablico de mais de 80 mil pessoas e uma m\u00e9dia de 600 pilotos ao longo do evento, com a presen\u00e7a das principais marcas nacionais do motociclismo. A entrada \u00e9 2 kg de alimentos n\u00e3o perec\u00edveis. &nbsp;<\/p>\n\n\n\n<p>A competi\u00e7\u00e3o nacional reunir\u00e1 pilotos de nove pa\u00edses na estrutura montada no parque Sussuapara, na regi\u00e3o norte de Palmas. A&nbsp;<em>4\u00aa etapa do Campeonato Brasileiro<\/em>&nbsp;receber\u00e1 competidores nas Classes MX1, MX2, MX3, MXF, MX2JR, YZ125, MXJR, 65CC e 50CC.&nbsp;&nbsp;<\/p>\n\n\n\n<p>A pista de motocross em Palmas \u00e9 conhecida por seu tra\u00e7ado desafiador e t\u00e9cnico e proporcionar\u00e1 neste fim de semana, grandes disputas para o p\u00fablico presente. O evento tamb\u00e9m ter\u00e1 transmiss\u00f5es ao vivo pelo YouTube da Confedera\u00e7\u00e3o Brasileira de Motociclismo.<\/p>\n\n\n\n<p><strong>Programa\u00e7\u00e3o<\/strong><\/p>\n\n\n\n<p>A rodada come\u00e7a nesta sexta-feira, 17, \u00e0s 16h, com a disputa das categorias regionais do\u00a0<em>Campeonato Tocantinense<\/em>. No s\u00e1bado, 18, \u00e0s 14h, acontece a classificat\u00f3ria da etapa nacional, enquanto que as provas oficiais iniciam \u00e0s 16h40. No domingo, 19, as disputam est\u00e3o previstas para iniciarem \u00e0s 10h.<\/p>\n\n\n\n<p>Texto: Taianne Moreira \/ Governo do Tocantins<\/p>\n","protected":false},"excerpt":{"rendered":"<p>Palmas recebe nos dias 17 a 19 de maio, a abertura do\u00a0Estadual de Motocross\u00a0e a 4\u00aa etapa do\u00a0Campeonato Brasileiro.\u00a0O evento promovido pela Confedera\u00e7\u00e3o Brasileira de Motociclismo (CBM) e Federa\u00e7\u00e3o Tocantinense de Motociclismo (FMT), conta com o apoio do Governo do Tocantins, por meio da Secretaria de Estado dos Esportes e Juventude (Seju).\u00a0 A organiza\u00e7\u00e3o prev\u00ea [&hellip;]<\/p>\n","protected":false},"author":10,"featured_media":0,"comment_status":"open","ping_status":"open","sticky":false,"template":"","format":"standard","meta":{"_acf_changed":false,"footnotes":""},"categories":[1,20,21],"tags":[],"class_list":["post-77262","post","type-post","status-publish","format-standard","hentry","category-esporte","category-noticias-em-destaque","category-todas-noticias"],"acf":[],"yoast_head":"<!-- This site is optimized with the Yoast SEO plugin v24.4 - https:\/\/yoast.com\/wordpress\/plugins\/seo\/ -->\n<title>Palmas recebe etapa do Campeonato Brasileiro de Motocross - PORTAL DE NOT\u00cdCIAS CLEITON PINHEIRO<\/title>\n<meta name=\"robots\" content=\"index, follow, max-snippet:-1, max-image-preview:large, max-video-preview:-1\" \/>\n<link rel=\"canonical\" href=\"https:\/\/cleitonpinheiro.com.br\/site\/palmas-recebe-etapa-do-campeonato-brasileiro-de-motocross\/\" \/>\n<meta property=\"og:locale\" content=\"pt_BR\" \/>\n<meta property=\"og:type\" content=\"article\" \/>\n<meta property=\"og:title\" content=\"Palmas recebe etapa do Campeonato Brasileiro de Motocross - PORTAL DE NOT\u00cdCIAS CLEITON PINHEIRO\" \/>\n<meta property=\"og:description\" content=\"Palmas recebe nos dias 17 a 19 de maio, a abertura do\u00a0Estadual de Motocross\u00a0e a 4\u00aa etapa do\u00a0Campeonato Brasileiro.\u00a0O evento promovido pela Confedera\u00e7\u00e3o Brasileira de Motociclismo (CBM) e Federa\u00e7\u00e3o Tocantinense de Motociclismo (FMT), conta com o apoio do Governo do Tocantins, por meio da Secretaria de Estado dos Esportes e Juventude (Seju).\u00a0 A organiza\u00e7\u00e3o prev\u00ea [&hellip;]\" \/>\n<meta property=\"og:url\" content=\"https:\/\/cleitonpinheiro.com.br\/site\/palmas-recebe-etapa-do-campeonato-brasileiro-de-motocross\/\" \/>\n<meta property=\"og:site_name\" content=\"PORTAL DE NOT\u00cdCIAS CLEITON PINHEIRO\" \/>\n<meta property=\"article:publisher\" content=\"https:\/\/www.facebook.com\/portalcpnoticias\/\" \/>\n<meta property=\"article:published_time\" content=\"2024-05-17T18:09:52+00:00\" \/>\n<meta property=\"article:modified_time\" content=\"2024-05-17T18:09:58+00:00\" \/>\n<meta property=\"og:image\" content=\"https:\/\/cleitonpinheiro.com.br\/site\/wp-content\/uploads\/2024\/05\/motocross-8080377_640.jpg\" \/>\n\t<meta property=\"og:image:width\" content=\"640\" \/>\n\t<meta property=\"og:image:height\" content=\"427\" \/>\n\t<meta property=\"og:image:type\" content=\"image\/jpeg\" \/>\n<meta name=\"author\" content=\"Cleiton Pinheiro\" \/>\n<meta name=\"twitter:card\" content=\"summary_large_image\" \/>\n<meta name=\"twitter:label1\" content=\"Escrito por\" \/>\n\t<meta name=\"twitter:data1\" content=\"Cleiton Pinheiro\" \/>\n\t<meta name=\"twitter:label2\" content=\"Est. tempo de leitura\" \/>\n\t<meta name=\"twitter:data2\" content=\"2 minutos\" \/>\n<script type=\"application\/ld+json\" class=\"yoast-schema-graph\">{\"@context\":\"https:\/\/schema.org\",\"@graph\":[{\"@type\":\"Article\",\"@id\":\"https:\/\/cleitonpinheiro.com.br\/site\/palmas-recebe-etapa-do-campeonato-brasileiro-de-motocross\/#article\",\"isPartOf\":{\"@id\":\"https:\/\/cleitonpinheiro.com.br\/site\/palmas-recebe-etapa-do-campeonato-brasileiro-de-motocross\/\"},\"author\":{\"name\":\"Cleiton Pinheiro\",\"@id\":\"https:\/\/cleitonpinheiro.com.br\/site\/#\/schema\/person\/62fd4eb98fcc8bd3fc477aaff264af51\"},\"headline\":\"Palmas recebe etapa do Campeonato Brasileiro de Motocross\",\"datePublished\":\"2024-05-17T18:09:52+00:00\",\"dateModified\":\"2024-05-17T18:09:58+00:00\",\"mainEntityOfPage\":{\"@id\":\"https:\/\/cleitonpinheiro.com.br\/site\/palmas-recebe-etapa-do-campeonato-brasileiro-de-motocross\/\"},\"wordCount\":256,\"commentCount\":0,\"publisher\":{\"@id\":\"https:\/\/cleitonpinheiro.com.br\/site\/#organization\"},\"image\":{\"@id\":\"https:\/\/cleitonpinheiro.com.br\/site\/palmas-recebe-etapa-do-campeonato-brasileiro-de-motocross\/#primaryimage\"},\"thumbnailUrl\":\"https:\/\/cleitonpinheiro.com.br\/site\/wp-content\/uploads\/2024\/05\/motocross-8080377_640.jpg\",\"articleSection\":[\"ESPORTE\",\"NOT\u00cdCIAS EM DESTAQUE\",\"TODAS NOTICIAS\"],\"inLanguage\":\"pt-BR\",\"potentialAction\":[{\"@type\":\"CommentAction\",\"name\":\"Comment\",\"target\":[\"https:\/\/cleitonpinheiro.com.br\/site\/palmas-recebe-etapa-do-campeonato-brasileiro-de-motocross\/#respond\"]}]},{\"@type\":\"WebPage\",\"@id\":\"https:\/\/cleitonpinheiro.com.br\/site\/palmas-recebe-etapa-do-campeonato-brasileiro-de-motocross\/\",\"url\":\"https:\/\/cleitonpinheiro.com.br\/site\/palmas-recebe-etapa-do-campeonato-brasileiro-de-motocross\/\",\"name\":\"Palmas recebe etapa do Campeonato Brasileiro de Motocross - PORTAL DE NOT\u00cdCIAS CLEITON PINHEIRO\",\"isPartOf\":{\"@id\":\"https:\/\/cleitonpinheiro.com.br\/site\/#website\"},\"primaryImageOfPage\":{\"@id\":\"https:\/\/cleitonpinheiro.com.br\/site\/palmas-recebe-etapa-do-campeonato-brasileiro-de-motocross\/#primaryimage\"},\"image\":{\"@id\":\"https:\/\/cleitonpinheiro.com.br\/site\/palmas-recebe-etapa-do-campeonato-brasileiro-de-motocross\/#primaryimage\"},\"thumbnailUrl\":\"https:\/\/cleitonpinheiro.com.br\/site\/wp-content\/uploads\/2024\/05\/motocross-8080377_640.jpg\",\"datePublished\":\"2024-05-17T18:09:52+00:00\",\"dateModified\":\"2024-05-17T18:09:58+00:00\",\"breadcrumb\":{\"@id\":\"https:\/\/cleitonpinheiro.com.br\/site\/palmas-recebe-etapa-do-campeonato-brasileiro-de-motocross\/#breadcrumb\"},\"inLanguage\":\"pt-BR\",\"potentialAction\":[{\"@type\":\"ReadAction\",\"target\":[\"https:\/\/cleitonpinheiro.com.br\/site\/palmas-recebe-etapa-do-campeonato-brasileiro-de-motocross\/\"]}]},{\"@type\":\"ImageObject\",\"inLanguage\":\"pt-BR\",\"@id\":\"https:\/\/cleitonpinheiro.com.br\/site\/palmas-recebe-etapa-do-campeonato-brasileiro-de-motocross\/#primaryimage\",\"url\":\"\",\"contentUrl\":\"\"},{\"@type\":\"BreadcrumbList\",\"@id\":\"https:\/\/cleitonpinheiro.com.br\/site\/palmas-recebe-etapa-do-campeonato-brasileiro-de-motocross\/#breadcrumb\",\"itemListElement\":[{\"@type\":\"ListItem\",\"position\":1,\"name\":\"In\u00edcio\",\"item\":\"https:\/\/cleitonpinheiro.com.br\/site\/\"},{\"@type\":\"ListItem\",\"position\":2,\"name\":\"Palmas recebe etapa do Campeonato Brasileiro de Motocross\"}]},{\"@type\":\"WebSite\",\"@id\":\"https:\/\/cleitonpinheiro.com.br\/site\/#website\",\"url\":\"https:\/\/cleitonpinheiro.com.br\/site\/\",\"name\":\"PORTAL DE NOT\u00cdCIAS CLEITON PINHEIRO\",\"description\":\"FALANDO A VERDADE\",\"publisher\":{\"@id\":\"https:\/\/cleitonpinheiro.com.br\/site\/#organization\"},\"potentialAction\":[{\"@type\":\"SearchAction\",\"target\":{\"@type\":\"EntryPoint\",\"urlTemplate\":\"https:\/\/cleitonpinheiro.com.br\/site\/?s={search_term_string}\"},\"query-input\":{\"@type\":\"PropertyValueSpecification\",\"valueRequired\":true,\"valueName\":\"search_term_string\"}}],\"inLanguage\":\"pt-BR\"},{\"@type\":\"Organization\",\"@id\":\"https:\/\/cleitonpinheiro.com.br\/site\/#organization\",\"name\":\"CPNOT\u00cdCIAS\",\"url\":\"https:\/\/cleitonpinheiro.com.br\/site\/\",\"logo\":{\"@type\":\"ImageObject\",\"inLanguage\":\"pt-BR\",\"@id\":\"https:\/\/cleitonpinheiro.com.br\/site\/#\/schema\/logo\/image\/\",\"url\":\"https:\/\/cleitonpinheiro.com.br\/site\/wp-content\/uploads\/2022\/08\/Logo-pequena-2.png\",\"contentUrl\":\"https:\/\/cleitonpinheiro.com.br\/site\/wp-content\/uploads\/2022\/08\/Logo-pequena-2.png\",\"width\":500,\"height\":500,\"caption\":\"CPNOT\u00cdCIAS\"},\"image\":{\"@id\":\"https:\/\/cleitonpinheiro.com.br\/site\/#\/schema\/logo\/image\/\"},\"sameAs\":[\"https:\/\/www.facebook.com\/portalcpnoticias\/\"]},{\"@type\":\"Person\",\"@id\":\"https:\/\/cleitonpinheiro.com.br\/site\/#\/schema\/person\/62fd4eb98fcc8bd3fc477aaff264af51\",\"name\":\"Cleiton Pinheiro\",\"image\":{\"@type\":\"ImageObject\",\"inLanguage\":\"pt-BR\",\"@id\":\"https:\/\/cleitonpinheiro.com.br\/site\/#\/schema\/person\/image\/\",\"url\":\"https:\/\/secure.gravatar.com\/avatar\/15642ec35b78fe5eed3cfa8e4a3f3211d73a3df4f35f0566b4324958cba1b1b9?s=96&r=g\",\"contentUrl\":\"https:\/\/secure.gravatar.com\/avatar\/15642ec35b78fe5eed3cfa8e4a3f3211d73a3df4f35f0566b4324958cba1b1b9?s=96&r=g\",\"caption\":\"Cleiton Pinheiro\"},\"url\":\"https:\/\/cleitonpinheiro.com.br\/site\/author\/cleiton\/\"}]}<\/script>\n<!-- \/ Yoast SEO plugin. -->","yoast_head_json":{"title":"Palmas recebe etapa do Campeonato Brasileiro de Motocross - PORTAL DE NOT\u00cdCIAS CLEITON PINHEIRO","robots":{"index":"index","follow":"follow","max-snippet":"max-snippet:-1","max-image-preview":"max-image-preview:large","max-video-preview":"max-video-preview:-1"},"canonical":"https:\/\/cleitonpinheiro.com.br\/site\/palmas-recebe-etapa-do-campeonato-brasileiro-de-motocross\/","og_locale":"pt_BR","og_type":"article","og_title":"Palmas recebe etapa do Campeonato Brasileiro de Motocross - PORTAL DE NOT\u00cdCIAS CLEITON PINHEIRO","og_description":"Palmas recebe nos dias 17 a 19 de maio, a abertura do\u00a0Estadual de Motocross\u00a0e a 4\u00aa etapa do\u00a0Campeonato Brasileiro.\u00a0O evento promovido pela Confedera\u00e7\u00e3o Brasileira de Motociclismo (CBM) e Federa\u00e7\u00e3o Tocantinense de Motociclismo (FMT), conta com o apoio do Governo do Tocantins, por meio da Secretaria de Estado dos Esportes e Juventude (Seju).\u00a0 A organiza\u00e7\u00e3o prev\u00ea [&hellip;]","og_url":"https:\/\/cleitonpinheiro.com.br\/site\/palmas-recebe-etapa-do-campeonato-brasileiro-de-motocross\/","og_site_name":"PORTAL DE NOT\u00cdCIAS CLEITON PINHEIRO","article_publisher":"https:\/\/www.facebook.com\/portalcpnoticias\/","article_published_time":"2024-05-17T18:09:52+00:00","article_modified_time":"2024-05-17T18:09:58+00:00","og_image":[{"width":640,"height":427,"url":"https:\/\/cleitonpinheiro.com.br\/site\/wp-content\/uploads\/2024\/05\/motocross-8080377_640.jpg","type":"image\/jpeg"}],"author":"Cleiton Pinheiro","twitter_card":"summary_large_image","twitter_misc":{"Escrito por":"Cleiton Pinheiro","Est. tempo de leitura":"2 minutos"},"schema":{"@context":"https:\/\/schema.org","@graph":[{"@type":"Article","@id":"https:\/\/cleitonpinheiro.com.br\/site\/palmas-recebe-etapa-do-campeonato-brasileiro-de-motocross\/#article","isPartOf":{"@id":"https:\/\/cleitonpinheiro.com.br\/site\/palmas-recebe-etapa-do-campeonato-brasileiro-de-motocross\/"},"author":{"name":"Cleiton Pinheiro","@id":"https:\/\/cleitonpinheiro.com.br\/site\/#\/schema\/person\/62fd4eb98fcc8bd3fc477aaff264af51"},"headline":"Palmas recebe etapa do Campeonato Brasileiro de Motocross","datePublished":"2024-05-17T18:09:52+00:00","dateModified":"2024-05-17T18:09:58+00:00","mainEntityOfPage":{"@id":"https:\/\/cleitonpinheiro.com.br\/site\/palmas-recebe-etapa-do-campeonato-brasileiro-de-motocross\/"},"wordCount":256,"commentCount":0,"publisher":{"@id":"https:\/\/cleitonpinheiro.com.br\/site\/#organization"},"image":{"@id":"https:\/\/cleitonpinheiro.com.br\/site\/palmas-recebe-etapa-do-campeonato-brasileiro-de-motocross\/#primaryimage"},"thumbnailUrl":"https:\/\/cleitonpinheiro.com.br\/site\/wp-content\/uploads\/2024\/05\/motocross-8080377_640.jpg","articleSection":["ESPORTE","NOT\u00cdCIAS EM DESTAQUE","TODAS NOTICIAS"],"inLanguage":"pt-BR","potentialAction":[{"@type":"CommentAction","name":"Comment","target":["https:\/\/cleitonpinheiro.com.br\/site\/palmas-recebe-etapa-do-campeonato-brasileiro-de-motocross\/#respond"]}]},{"@type":"WebPage","@id":"https:\/\/cleitonpinheiro.com.br\/site\/palmas-recebe-etapa-do-campeonato-brasileiro-de-motocross\/","url":"https:\/\/cleitonpinheiro.com.br\/site\/palmas-recebe-etapa-do-campeonato-brasileiro-de-motocross\/","name":"Palmas recebe etapa do Campeonato Brasileiro de Motocross - PORTAL DE NOT\u00cdCIAS CLEITON PINHEIRO","isPartOf":{"@id":"https:\/\/cleitonpinheiro.com.br\/site\/#website"},"primaryImageOfPage":{"@id":"https:\/\/cleitonpinheiro.com.br\/site\/palmas-recebe-etapa-do-campeonato-brasileiro-de-motocross\/#primaryimage"},"image":{"@id":"https:\/\/cleitonpinheiro.com.br\/site\/palmas-recebe-etapa-do-campeonato-brasileiro-de-motocross\/#primaryimage"},"thumbnailUrl":"https:\/\/cleitonpinheiro.com.br\/site\/wp-content\/uploads\/2024\/05\/motocross-8080377_640.jpg","datePublished":"2024-05-17T18:09:52+00:00","dateModified":"2024-05-17T18:09:58+00:00","breadcrumb":{"@id":"https:\/\/cleitonpinheiro.com.br\/site\/palmas-recebe-etapa-do-campeonato-brasileiro-de-motocross\/#breadcrumb"},"inLanguage":"pt-BR","potentialAction":[{"@type":"ReadAction","target":["https:\/\/cleitonpinheiro.com.br\/site\/palmas-recebe-etapa-do-campeonato-brasileiro-de-motocross\/"]}]},{"@type":"ImageObject","inLanguage":"pt-BR","@id":"https:\/\/cleitonpinheiro.com.br\/site\/palmas-recebe-etapa-do-campeonato-brasileiro-de-motocross\/#primaryimage","url":"","contentUrl":""},{"@type":"BreadcrumbList","@id":"https:\/\/cleitonpinheiro.com.br\/site\/palmas-recebe-etapa-do-campeonato-brasileiro-de-motocross\/#breadcrumb","itemListElement":[{"@type":"ListItem","position":1,"name":"In\u00edcio","item":"https:\/\/cleitonpinheiro.com.br\/site\/"},{"@type":"ListItem","position":2,"name":"Palmas recebe etapa do Campeonato Brasileiro de Motocross"}]},{"@type":"WebSite","@id":"https:\/\/cleitonpinheiro.com.br\/site\/#website","url":"https:\/\/cleitonpinheiro.com.br\/site\/","name":"PORTAL DE NOT\u00cdCIAS CLEITON PINHEIRO","description":"FALANDO A VERDADE","publisher":{"@id":"https:\/\/cleitonpinheiro.com.br\/site\/#organization"},"potentialAction":[{"@type":"SearchAction","target":{"@type":"EntryPoint","urlTemplate":"https:\/\/cleitonpinheiro.com.br\/site\/?s={search_term_string}"},"query-input":{"@type":"PropertyValueSpecification","valueRequired":true,"valueName":"search_term_string"}}],"inLanguage":"pt-BR"},{"@type":"Organization","@id":"https:\/\/cleitonpinheiro.com.br\/site\/#organization","name":"CPNOT\u00cdCIAS","url":"https:\/\/cleitonpinheiro.com.br\/site\/","logo":{"@type":"ImageObject","inLanguage":"pt-BR","@id":"https:\/\/cleitonpinheiro.com.br\/site\/#\/schema\/logo\/image\/","url":"https:\/\/cleitonpinheiro.com.br\/site\/wp-content\/uploads\/2022\/08\/Logo-pequena-2.png","contentUrl":"https:\/\/cleitonpinheiro.com.br\/site\/wp-content\/uploads\/2022\/08\/Logo-pequena-2.png","width":500,"height":500,"caption":"CPNOT\u00cdCIAS"},"image":{"@id":"https:\/\/cleitonpinheiro.com.br\/site\/#\/schema\/logo\/image\/"},"sameAs":["https:\/\/www.facebook.com\/portalcpnoticias\/"]},{"@type":"Person","@id":"https:\/\/cleitonpinheiro.com.br\/site\/#\/schema\/person\/62fd4eb98fcc8bd3fc477aaff264af51","name":"Cleiton Pinheiro","image":{"@type":"ImageObject","inLanguage":"pt-BR","@id":"https:\/\/cleitonpinheiro.com.br\/site\/#\/schema\/person\/image\/","url":"https:\/\/secure.gravatar.com\/avatar\/15642ec35b78fe5eed3cfa8e4a3f3211d73a3df4f35f0566b4324958cba1b1b9?s=96&r=g","contentUrl":"https:\/\/secure.gravatar.com\/avatar\/15642ec35b78fe5eed3cfa8e4a3f3211d73a3df4f35f0566b4324958cba1b1b9?s=96&r=g","caption":"Cleiton Pinheiro"},"url":"https:\/\/cleitonpinheiro.com.br\/site\/author\/cleiton\/"}]}},"views":188,"_links":{"self":[{"href":"https:\/\/cleitonpinheiro.com.br\/site\/wp-json\/wp\/v2\/posts\/77262","targetHints":{"allow":["GET"]}}],"collection":[{"href":"https:\/\/cleitonpinheiro.com.br\/site\/wp-json\/wp\/v2\/posts"}],"about":[{"href":"https:\/\/cleitonpinheiro.com.br\/site\/wp-json\/wp\/v2\/types\/post"}],"author":[{"embeddable":true,"href":"https:\/\/cleitonpinheiro.com.br\/site\/wp-json\/wp\/v2\/users\/10"}],"replies":[{"embeddable":true,"href":"https:\/\/cleitonpinheiro.com.br\/site\/wp-json\/wp\/v2\/comments?post=77262"}],"version-history":[{"count":1,"href":"https:\/\/cleitonpinheiro.com.br\/site\/wp-json\/wp\/v2\/posts\/77262\/revisions"}],"predecessor-version":[{"id":77264,"href":"https:\/\/cleitonpinheiro.com.br\/site\/wp-json\/wp\/v2\/posts\/77262\/revisions\/77264"}],"wp:attachment":[{"href":"https:\/\/cleitonpinheiro.com.br\/site\/wp-json\/wp\/v2\/media?parent=77262"}],"wp:term":[{"taxonomy":"category","embeddable":true,"href":"https:\/\/cleitonpinheiro.com.br\/site\/wp-json\/wp\/v2\/categories?post=77262"},{"taxonomy":"post_tag","embeddable":true,"href":"https:\/\/cleitonpinheiro.com.br\/site\/wp-json\/wp\/v2\/tags?post=77262"}],"curies":[{"name":"wp","href":"https:\/\/api.w.org\/{rel}","templated":true}]}}