{"id":77265,"date":"2024-05-18T13:55:22","date_gmt":"2024-05-18T16:55:22","guid":{"rendered":"https:\/\/cleitonpinheiro.com.br\/site\/?p=77265"},"modified":"2024-05-18T13:55:25","modified_gmt":"2024-05-18T16:55:25","slug":"visitacao-a-novos-rumos-em-passagem-segue-ate-3-de-junho-na-galeria-municipal-de-artes","status":"publish","type":"post","link":"https:\/\/cleitonpinheiro.com.br\/site\/visitacao-a-novos-rumos-em-passagem-segue-ate-3-de-junho-na-galeria-municipal-de-artes\/","title":{"rendered":"Visita\u00e7\u00e3o a \u2018Novos Rumos; Em Passagem\u2019 segue at\u00e9 3 de junho na Galeria Municipal de Artes"},"content":{"rendered":"\n<figure class=\"wp-block-image size-full\"><img decoding=\"async\" src=\"https:\/\/cleitonpinheiro.com.br\/site\/wp-content\/uploads\/2024\/05\/1b6e8718-d04d-4ae1-90d6-a18e52850e40.jpg\" alt=\"\" class=\"wp-image-77266\"\/><figcaption class=\"wp-element-caption\">Foto: Bruno Felipe\/Prefeitura de Palmas<\/figcaption><\/figure>\n\n\n\n<p>O p\u00fablico tem at\u00e9 o dia 3 de junho para conferir o trabalho do artista visual , Marcos Dutra, em sua mais recente exposi\u00e7\u00e3o \u2018Novos rumos; em passagem\u2019, que acontece na Galeria Municipal de Artes, no Espa\u00e7o Cultural Jos\u00e9 Gomes Sobrinho, de segunda \u00e0 sexta-feira, das 8h \u00e0s 19h, com visita\u00e7\u00e3o gratuita.\u00a0<\/p>\n\n\n\n<p>A abertura oficial foi realizada nesta sexta-feira, 9, e contou com performance especial do artista, que na exposi\u00e7\u00e3o revisita sua hist\u00f3ria e apresenta novos elementos \u00e0 sua vasta carreira iniciada no come\u00e7o dos anos 1990 em Pequizeiro-TO. A curadoria \u00e9 de Elsa Elvas.&nbsp;\u201cN\u00f3s ficamos felizes em ter este espa\u00e7o ocupado por nossos artistas, por quem nos faz lembrar das nossas origens, \u00e9 muito gratificante receber essa exposi\u00e7\u00e3o que para n\u00f3s \u00e9 cheia de significados\u201d, afirmou a secret\u00e1ria-executiva da Funda\u00e7\u00e3o Cultural de Palmas, Euzeni Grimm.<\/p>\n\n\n\n<p>Em \u2018Novos rumos; em passagem\u2019, Marcos Dutra apresenta telas e esculturas que, em sua ess\u00eancia, exp\u00f5em a transi\u00e7\u00e3o dos elementos para um novo rumo&nbsp;ou passagem para novos usos. O&nbsp;material utilizado em suas telas, vai do barro caracter\u00edstico em suas pinturas aos objetos e ferramentas \u00fateis do cotidiano, a exemplo das m\u00e3os de pil\u00e3o ou de uma carretilha, que s\u00e3o resignificados e transformados em arte.&nbsp;\u201cO est\u00e1gio mutacional que prepara, algo gestacional onde paira nas origens, morre e depois germina. Passagem \u00e9 renascimento, \u00e9 uma neo-exist\u00eancia, o que precisa transformar para enfim tomar um novo corpo com novos significados\u201d, reflete a curadora, Elsa Elvas.&nbsp;<\/p>\n\n\n\n<p><strong>Identidade art\u00edstica<\/strong><\/p>\n\n\n\n<p>\u201cEu sempre quis trabalhar a arte, o meu trabalho, com material que j\u00e1 existe, que j\u00e1 passou por algum momento na vida de algu\u00e9m. Essa exposi\u00e7\u00e3o mostra justamente isso, \u00e9 um material que j\u00e1 foi usado, que j\u00e1 existe, mas com uma forma diferente de uso. \u00c9 a forma como coloco ele na tela, no ferro, na escultura\u201d, explica Dutra.&nbsp;O artista conta tamb\u00e9m que seu trabalho reflete sua hist\u00f3ria, de artista pobre do interior, que optava por usar pigmentos naturais para n\u00e3o gastar com tintas, at\u00e9 o processo de se reconhecer como artista negro, o que ocorreu quando participou de uma exposi\u00e7\u00e3o do Museu Afro-Brasil. \u201c Desde 2013, quando eu participei de uma exposi\u00e7\u00e3o no Museu Afro-Brasil, com curadoria do Emmanuel Ara\u00fajo, que ele defendeu muito essa quest\u00e3o do negro, da arte negra, que eu entendi mais a minha arte nesse contexto\u201d, afirma.&nbsp;<\/p>\n\n\n\n<p><strong>Artista<\/strong><\/p>\n\n\n\n<p>Marcos Dutra \u00e9 natural de Pequizeiro (TO). Atualmente residente em Palmas. Como artista trabalha desde 1992, participando de diversas exposi\u00e7\u00f5es coletivas e individuais no Brasil e exterior.&nbsp;<\/p>\n\n\n\n<p>Sua forma\u00e7\u00e3o art\u00edstica se deu atrav\u00e9s de leituras, experimenta\u00e7\u00f5es e participa\u00e7\u00e3o em oficinas. Em 2005, participou como representante do estado do Tocantins, no projeto ano do Brasil na Fran\u00e7a. Em 2007 e 2009 participou do projeto \u201cArtistas Brasileiros\u201d no Senado Federal, Bras\u00edlia (DF). J\u00e1 em 2008 participou do XIII Circuito Internacional de Arte Brasileira na Pol\u00f4nia, Alemanha e \u00c1ustria. Em 2009 participou com a instala\u00e7\u00e3o \u201cO P\u00e3o Nosso de cada dia\u201d, percorrendo as capitais dos Estados que constituem a Amaz\u00f4nia Legal, atrav\u00e9s do Projeto \u201cSesc \u2013 Amaz\u00f4nia das Artes\u201d. Em 2013, Marcos Dutra participou da exposi\u00e7\u00e3o \u201cA Nova M\u00e3o Afro-Brasileira\u201d no Museu Afro-Brasil, convidado por Emanoel Ara\u00fajo. Em 2014, Marcos Dutra participou com performance do \u201cConverg\u00eancia \u2013 2014\u201d \u2013 Mostra de Performance Arte do Sesc \u2013 Palmas \u2013 TO. Em 2021, participa\u00e7\u00e3o na exposi\u00e7\u00e3o Carolina Maria de Jesus (Um Brasil para os Brasileiros), no Instituto Moreira Sales, S\u00e3o Paulo (SP), em 2022 no Museu de Arte do Rio, em 2023 na Exposi\u00e7\u00e3o dos Brasis Arte e Pensamento Negro, Sesc Belenzinho S\u00e3o Paulo (SP).&nbsp;<\/p>\n\n\n\n<p>Sua produ\u00e7\u00e3o art\u00edstica abrange desde objetos, instala\u00e7\u00f5es, pinturas, esculturas, desenhos, interven\u00e7\u00f5es urbanas e performance. Em suas obras det\u00eam-se conceitualmente nas quest\u00f5es sociais, mem\u00f3rias de sua inf\u00e2ncia, mesclando com elementos da sua cultura amaz\u00f4nica.&nbsp;<\/p>\n\n\n\n<p>Texto: Samara Martins\/Prefeitura de Palmas<\/p>\n","protected":false},"excerpt":{"rendered":"<p>O p\u00fablico tem at\u00e9 o dia 3 de junho para conferir o trabalho do artista visual , Marcos Dutra, em sua mais recente exposi\u00e7\u00e3o \u2018Novos rumos; em passagem\u2019, que acontece na Galeria Municipal de Artes, no Espa\u00e7o Cultural Jos\u00e9 Gomes Sobrinho, de segunda \u00e0 sexta-feira, das 8h \u00e0s 19h, com visita\u00e7\u00e3o gratuita.\u00a0 A abertura oficial [&hellip;]<\/p>\n","protected":false},"author":10,"featured_media":0,"comment_status":"open","ping_status":"open","sticky":false,"template":"","format":"standard","meta":{"_acf_changed":false,"footnotes":""},"categories":[22,20,21],"tags":[],"class_list":["post-77265","post","type-post","status-publish","format-standard","hentry","category-cidades","category-noticias-em-destaque","category-todas-noticias"],"acf":[],"yoast_head":"<!-- This site is optimized with the Yoast SEO plugin v24.4 - https:\/\/yoast.com\/wordpress\/plugins\/seo\/ -->\n<title>Visita\u00e7\u00e3o a \u2018Novos Rumos; Em Passagem\u2019 segue at\u00e9 3 de junho na Galeria Municipal de Artes - PORTAL DE NOT\u00cdCIAS CLEITON PINHEIRO<\/title>\n<meta name=\"robots\" content=\"index, follow, max-snippet:-1, max-image-preview:large, max-video-preview:-1\" \/>\n<link rel=\"canonical\" href=\"https:\/\/cleitonpinheiro.com.br\/site\/visitacao-a-novos-rumos-em-passagem-segue-ate-3-de-junho-na-galeria-municipal-de-artes\/\" \/>\n<meta property=\"og:locale\" content=\"pt_BR\" \/>\n<meta property=\"og:type\" content=\"article\" \/>\n<meta property=\"og:title\" content=\"Visita\u00e7\u00e3o a \u2018Novos Rumos; Em Passagem\u2019 segue at\u00e9 3 de junho na Galeria Municipal de Artes - PORTAL DE NOT\u00cdCIAS CLEITON PINHEIRO\" \/>\n<meta property=\"og:description\" content=\"O p\u00fablico tem at\u00e9 o dia 3 de junho para conferir o trabalho do artista visual , Marcos Dutra, em sua mais recente exposi\u00e7\u00e3o \u2018Novos rumos; em passagem\u2019, que acontece na Galeria Municipal de Artes, no Espa\u00e7o Cultural Jos\u00e9 Gomes Sobrinho, de segunda \u00e0 sexta-feira, das 8h \u00e0s 19h, com visita\u00e7\u00e3o gratuita.\u00a0 A abertura oficial [&hellip;]\" \/>\n<meta property=\"og:url\" content=\"https:\/\/cleitonpinheiro.com.br\/site\/visitacao-a-novos-rumos-em-passagem-segue-ate-3-de-junho-na-galeria-municipal-de-artes\/\" \/>\n<meta property=\"og:site_name\" content=\"PORTAL DE NOT\u00cdCIAS CLEITON PINHEIRO\" \/>\n<meta property=\"article:publisher\" content=\"https:\/\/www.facebook.com\/portalcpnoticias\/\" \/>\n<meta property=\"article:published_time\" content=\"2024-05-18T16:55:22+00:00\" \/>\n<meta property=\"article:modified_time\" content=\"2024-05-18T16:55:25+00:00\" \/>\n<meta property=\"og:image\" content=\"https:\/\/cleitonpinheiro.com.br\/site\/wp-content\/uploads\/2024\/05\/1b6e8718-d04d-4ae1-90d6-a18e52850e40.jpg\" \/>\n\t<meta property=\"og:image:width\" content=\"800\" \/>\n\t<meta property=\"og:image:height\" content=\"533\" \/>\n\t<meta property=\"og:image:type\" content=\"image\/jpeg\" \/>\n<meta name=\"author\" content=\"Cleiton Pinheiro\" \/>\n<meta name=\"twitter:card\" content=\"summary_large_image\" \/>\n<meta name=\"twitter:label1\" content=\"Escrito por\" \/>\n\t<meta name=\"twitter:data1\" content=\"Cleiton Pinheiro\" \/>\n\t<meta name=\"twitter:label2\" content=\"Est. tempo de leitura\" \/>\n\t<meta name=\"twitter:data2\" content=\"4 minutos\" \/>\n<script type=\"application\/ld+json\" class=\"yoast-schema-graph\">{\"@context\":\"https:\/\/schema.org\",\"@graph\":[{\"@type\":\"Article\",\"@id\":\"https:\/\/cleitonpinheiro.com.br\/site\/visitacao-a-novos-rumos-em-passagem-segue-ate-3-de-junho-na-galeria-municipal-de-artes\/#article\",\"isPartOf\":{\"@id\":\"https:\/\/cleitonpinheiro.com.br\/site\/visitacao-a-novos-rumos-em-passagem-segue-ate-3-de-junho-na-galeria-municipal-de-artes\/\"},\"author\":{\"name\":\"Cleiton Pinheiro\",\"@id\":\"https:\/\/cleitonpinheiro.com.br\/site\/#\/schema\/person\/62fd4eb98fcc8bd3fc477aaff264af51\"},\"headline\":\"Visita\u00e7\u00e3o a \u2018Novos Rumos; Em Passagem\u2019 segue at\u00e9 3 de junho na Galeria Municipal de Artes\",\"datePublished\":\"2024-05-18T16:55:22+00:00\",\"dateModified\":\"2024-05-18T16:55:25+00:00\",\"mainEntityOfPage\":{\"@id\":\"https:\/\/cleitonpinheiro.com.br\/site\/visitacao-a-novos-rumos-em-passagem-segue-ate-3-de-junho-na-galeria-municipal-de-artes\/\"},\"wordCount\":691,\"commentCount\":0,\"publisher\":{\"@id\":\"https:\/\/cleitonpinheiro.com.br\/site\/#organization\"},\"image\":{\"@id\":\"https:\/\/cleitonpinheiro.com.br\/site\/visitacao-a-novos-rumos-em-passagem-segue-ate-3-de-junho-na-galeria-municipal-de-artes\/#primaryimage\"},\"thumbnailUrl\":\"https:\/\/cleitonpinheiro.com.br\/site\/wp-content\/uploads\/2024\/05\/1b6e8718-d04d-4ae1-90d6-a18e52850e40.jpg\",\"articleSection\":[\"CIDADES\",\"NOT\u00cdCIAS EM DESTAQUE\",\"TODAS NOTICIAS\"],\"inLanguage\":\"pt-BR\",\"potentialAction\":[{\"@type\":\"CommentAction\",\"name\":\"Comment\",\"target\":[\"https:\/\/cleitonpinheiro.com.br\/site\/visitacao-a-novos-rumos-em-passagem-segue-ate-3-de-junho-na-galeria-municipal-de-artes\/#respond\"]}]},{\"@type\":\"WebPage\",\"@id\":\"https:\/\/cleitonpinheiro.com.br\/site\/visitacao-a-novos-rumos-em-passagem-segue-ate-3-de-junho-na-galeria-municipal-de-artes\/\",\"url\":\"https:\/\/cleitonpinheiro.com.br\/site\/visitacao-a-novos-rumos-em-passagem-segue-ate-3-de-junho-na-galeria-municipal-de-artes\/\",\"name\":\"Visita\u00e7\u00e3o a \u2018Novos Rumos; Em Passagem\u2019 segue at\u00e9 3 de junho na Galeria Municipal de Artes - PORTAL DE NOT\u00cdCIAS CLEITON PINHEIRO\",\"isPartOf\":{\"@id\":\"https:\/\/cleitonpinheiro.com.br\/site\/#website\"},\"primaryImageOfPage\":{\"@id\":\"https:\/\/cleitonpinheiro.com.br\/site\/visitacao-a-novos-rumos-em-passagem-segue-ate-3-de-junho-na-galeria-municipal-de-artes\/#primaryimage\"},\"image\":{\"@id\":\"https:\/\/cleitonpinheiro.com.br\/site\/visitacao-a-novos-rumos-em-passagem-segue-ate-3-de-junho-na-galeria-municipal-de-artes\/#primaryimage\"},\"thumbnailUrl\":\"https:\/\/cleitonpinheiro.com.br\/site\/wp-content\/uploads\/2024\/05\/1b6e8718-d04d-4ae1-90d6-a18e52850e40.jpg\",\"datePublished\":\"2024-05-18T16:55:22+00:00\",\"dateModified\":\"2024-05-18T16:55:25+00:00\",\"breadcrumb\":{\"@id\":\"https:\/\/cleitonpinheiro.com.br\/site\/visitacao-a-novos-rumos-em-passagem-segue-ate-3-de-junho-na-galeria-municipal-de-artes\/#breadcrumb\"},\"inLanguage\":\"pt-BR\",\"potentialAction\":[{\"@type\":\"ReadAction\",\"target\":[\"https:\/\/cleitonpinheiro.com.br\/site\/visitacao-a-novos-rumos-em-passagem-segue-ate-3-de-junho-na-galeria-municipal-de-artes\/\"]}]},{\"@type\":\"ImageObject\",\"inLanguage\":\"pt-BR\",\"@id\":\"https:\/\/cleitonpinheiro.com.br\/site\/visitacao-a-novos-rumos-em-passagem-segue-ate-3-de-junho-na-galeria-municipal-de-artes\/#primaryimage\",\"url\":\"\",\"contentUrl\":\"\"},{\"@type\":\"BreadcrumbList\",\"@id\":\"https:\/\/cleitonpinheiro.com.br\/site\/visitacao-a-novos-rumos-em-passagem-segue-ate-3-de-junho-na-galeria-municipal-de-artes\/#breadcrumb\",\"itemListElement\":[{\"@type\":\"ListItem\",\"position\":1,\"name\":\"In\u00edcio\",\"item\":\"https:\/\/cleitonpinheiro.com.br\/site\/\"},{\"@type\":\"ListItem\",\"position\":2,\"name\":\"Visita\u00e7\u00e3o a \u2018Novos Rumos; Em Passagem\u2019 segue at\u00e9 3 de junho na Galeria Municipal de Artes\"}]},{\"@type\":\"WebSite\",\"@id\":\"https:\/\/cleitonpinheiro.com.br\/site\/#website\",\"url\":\"https:\/\/cleitonpinheiro.com.br\/site\/\",\"name\":\"PORTAL DE NOT\u00cdCIAS CLEITON PINHEIRO\",\"description\":\"FALANDO A VERDADE\",\"publisher\":{\"@id\":\"https:\/\/cleitonpinheiro.com.br\/site\/#organization\"},\"potentialAction\":[{\"@type\":\"SearchAction\",\"target\":{\"@type\":\"EntryPoint\",\"urlTemplate\":\"https:\/\/cleitonpinheiro.com.br\/site\/?s={search_term_string}\"},\"query-input\":{\"@type\":\"PropertyValueSpecification\",\"valueRequired\":true,\"valueName\":\"search_term_string\"}}],\"inLanguage\":\"pt-BR\"},{\"@type\":\"Organization\",\"@id\":\"https:\/\/cleitonpinheiro.com.br\/site\/#organization\",\"name\":\"CPNOT\u00cdCIAS\",\"url\":\"https:\/\/cleitonpinheiro.com.br\/site\/\",\"logo\":{\"@type\":\"ImageObject\",\"inLanguage\":\"pt-BR\",\"@id\":\"https:\/\/cleitonpinheiro.com.br\/site\/#\/schema\/logo\/image\/\",\"url\":\"https:\/\/cleitonpinheiro.com.br\/site\/wp-content\/uploads\/2022\/08\/Logo-pequena-2.png\",\"contentUrl\":\"https:\/\/cleitonpinheiro.com.br\/site\/wp-content\/uploads\/2022\/08\/Logo-pequena-2.png\",\"width\":500,\"height\":500,\"caption\":\"CPNOT\u00cdCIAS\"},\"image\":{\"@id\":\"https:\/\/cleitonpinheiro.com.br\/site\/#\/schema\/logo\/image\/\"},\"sameAs\":[\"https:\/\/www.facebook.com\/portalcpnoticias\/\"]},{\"@type\":\"Person\",\"@id\":\"https:\/\/cleitonpinheiro.com.br\/site\/#\/schema\/person\/62fd4eb98fcc8bd3fc477aaff264af51\",\"name\":\"Cleiton Pinheiro\",\"image\":{\"@type\":\"ImageObject\",\"inLanguage\":\"pt-BR\",\"@id\":\"https:\/\/cleitonpinheiro.com.br\/site\/#\/schema\/person\/image\/\",\"url\":\"https:\/\/secure.gravatar.com\/avatar\/15642ec35b78fe5eed3cfa8e4a3f3211d73a3df4f35f0566b4324958cba1b1b9?s=96&r=g\",\"contentUrl\":\"https:\/\/secure.gravatar.com\/avatar\/15642ec35b78fe5eed3cfa8e4a3f3211d73a3df4f35f0566b4324958cba1b1b9?s=96&r=g\",\"caption\":\"Cleiton Pinheiro\"},\"url\":\"https:\/\/cleitonpinheiro.com.br\/site\/author\/cleiton\/\"}]}<\/script>\n<!-- \/ Yoast SEO plugin. -->","yoast_head_json":{"title":"Visita\u00e7\u00e3o a \u2018Novos Rumos; Em Passagem\u2019 segue at\u00e9 3 de junho na Galeria Municipal de Artes - PORTAL DE NOT\u00cdCIAS CLEITON PINHEIRO","robots":{"index":"index","follow":"follow","max-snippet":"max-snippet:-1","max-image-preview":"max-image-preview:large","max-video-preview":"max-video-preview:-1"},"canonical":"https:\/\/cleitonpinheiro.com.br\/site\/visitacao-a-novos-rumos-em-passagem-segue-ate-3-de-junho-na-galeria-municipal-de-artes\/","og_locale":"pt_BR","og_type":"article","og_title":"Visita\u00e7\u00e3o a \u2018Novos Rumos; Em Passagem\u2019 segue at\u00e9 3 de junho na Galeria Municipal de Artes - PORTAL DE NOT\u00cdCIAS CLEITON PINHEIRO","og_description":"O p\u00fablico tem at\u00e9 o dia 3 de junho para conferir o trabalho do artista visual , Marcos Dutra, em sua mais recente exposi\u00e7\u00e3o \u2018Novos rumos; em passagem\u2019, que acontece na Galeria Municipal de Artes, no Espa\u00e7o Cultural Jos\u00e9 Gomes Sobrinho, de segunda \u00e0 sexta-feira, das 8h \u00e0s 19h, com visita\u00e7\u00e3o gratuita.\u00a0 A abertura oficial [&hellip;]","og_url":"https:\/\/cleitonpinheiro.com.br\/site\/visitacao-a-novos-rumos-em-passagem-segue-ate-3-de-junho-na-galeria-municipal-de-artes\/","og_site_name":"PORTAL DE NOT\u00cdCIAS CLEITON PINHEIRO","article_publisher":"https:\/\/www.facebook.com\/portalcpnoticias\/","article_published_time":"2024-05-18T16:55:22+00:00","article_modified_time":"2024-05-18T16:55:25+00:00","og_image":[{"width":800,"height":533,"url":"https:\/\/cleitonpinheiro.com.br\/site\/wp-content\/uploads\/2024\/05\/1b6e8718-d04d-4ae1-90d6-a18e52850e40.jpg","type":"image\/jpeg"}],"author":"Cleiton Pinheiro","twitter_card":"summary_large_image","twitter_misc":{"Escrito por":"Cleiton Pinheiro","Est. tempo de leitura":"4 minutos"},"schema":{"@context":"https:\/\/schema.org","@graph":[{"@type":"Article","@id":"https:\/\/cleitonpinheiro.com.br\/site\/visitacao-a-novos-rumos-em-passagem-segue-ate-3-de-junho-na-galeria-municipal-de-artes\/#article","isPartOf":{"@id":"https:\/\/cleitonpinheiro.com.br\/site\/visitacao-a-novos-rumos-em-passagem-segue-ate-3-de-junho-na-galeria-municipal-de-artes\/"},"author":{"name":"Cleiton Pinheiro","@id":"https:\/\/cleitonpinheiro.com.br\/site\/#\/schema\/person\/62fd4eb98fcc8bd3fc477aaff264af51"},"headline":"Visita\u00e7\u00e3o a \u2018Novos Rumos; Em Passagem\u2019 segue at\u00e9 3 de junho na Galeria Municipal de Artes","datePublished":"2024-05-18T16:55:22+00:00","dateModified":"2024-05-18T16:55:25+00:00","mainEntityOfPage":{"@id":"https:\/\/cleitonpinheiro.com.br\/site\/visitacao-a-novos-rumos-em-passagem-segue-ate-3-de-junho-na-galeria-municipal-de-artes\/"},"wordCount":691,"commentCount":0,"publisher":{"@id":"https:\/\/cleitonpinheiro.com.br\/site\/#organization"},"image":{"@id":"https:\/\/cleitonpinheiro.com.br\/site\/visitacao-a-novos-rumos-em-passagem-segue-ate-3-de-junho-na-galeria-municipal-de-artes\/#primaryimage"},"thumbnailUrl":"https:\/\/cleitonpinheiro.com.br\/site\/wp-content\/uploads\/2024\/05\/1b6e8718-d04d-4ae1-90d6-a18e52850e40.jpg","articleSection":["CIDADES","NOT\u00cdCIAS EM DESTAQUE","TODAS NOTICIAS"],"inLanguage":"pt-BR","potentialAction":[{"@type":"CommentAction","name":"Comment","target":["https:\/\/cleitonpinheiro.com.br\/site\/visitacao-a-novos-rumos-em-passagem-segue-ate-3-de-junho-na-galeria-municipal-de-artes\/#respond"]}]},{"@type":"WebPage","@id":"https:\/\/cleitonpinheiro.com.br\/site\/visitacao-a-novos-rumos-em-passagem-segue-ate-3-de-junho-na-galeria-municipal-de-artes\/","url":"https:\/\/cleitonpinheiro.com.br\/site\/visitacao-a-novos-rumos-em-passagem-segue-ate-3-de-junho-na-galeria-municipal-de-artes\/","name":"Visita\u00e7\u00e3o a \u2018Novos Rumos; Em Passagem\u2019 segue at\u00e9 3 de junho na Galeria Municipal de Artes - PORTAL DE NOT\u00cdCIAS CLEITON PINHEIRO","isPartOf":{"@id":"https:\/\/cleitonpinheiro.com.br\/site\/#website"},"primaryImageOfPage":{"@id":"https:\/\/cleitonpinheiro.com.br\/site\/visitacao-a-novos-rumos-em-passagem-segue-ate-3-de-junho-na-galeria-municipal-de-artes\/#primaryimage"},"image":{"@id":"https:\/\/cleitonpinheiro.com.br\/site\/visitacao-a-novos-rumos-em-passagem-segue-ate-3-de-junho-na-galeria-municipal-de-artes\/#primaryimage"},"thumbnailUrl":"https:\/\/cleitonpinheiro.com.br\/site\/wp-content\/uploads\/2024\/05\/1b6e8718-d04d-4ae1-90d6-a18e52850e40.jpg","datePublished":"2024-05-18T16:55:22+00:00","dateModified":"2024-05-18T16:55:25+00:00","breadcrumb":{"@id":"https:\/\/cleitonpinheiro.com.br\/site\/visitacao-a-novos-rumos-em-passagem-segue-ate-3-de-junho-na-galeria-municipal-de-artes\/#breadcrumb"},"inLanguage":"pt-BR","potentialAction":[{"@type":"ReadAction","target":["https:\/\/cleitonpinheiro.com.br\/site\/visitacao-a-novos-rumos-em-passagem-segue-ate-3-de-junho-na-galeria-municipal-de-artes\/"]}]},{"@type":"ImageObject","inLanguage":"pt-BR","@id":"https:\/\/cleitonpinheiro.com.br\/site\/visitacao-a-novos-rumos-em-passagem-segue-ate-3-de-junho-na-galeria-municipal-de-artes\/#primaryimage","url":"","contentUrl":""},{"@type":"BreadcrumbList","@id":"https:\/\/cleitonpinheiro.com.br\/site\/visitacao-a-novos-rumos-em-passagem-segue-ate-3-de-junho-na-galeria-municipal-de-artes\/#breadcrumb","itemListElement":[{"@type":"ListItem","position":1,"name":"In\u00edcio","item":"https:\/\/cleitonpinheiro.com.br\/site\/"},{"@type":"ListItem","position":2,"name":"Visita\u00e7\u00e3o a \u2018Novos Rumos; Em Passagem\u2019 segue at\u00e9 3 de junho na Galeria Municipal de Artes"}]},{"@type":"WebSite","@id":"https:\/\/cleitonpinheiro.com.br\/site\/#website","url":"https:\/\/cleitonpinheiro.com.br\/site\/","name":"PORTAL DE NOT\u00cdCIAS CLEITON PINHEIRO","description":"FALANDO A VERDADE","publisher":{"@id":"https:\/\/cleitonpinheiro.com.br\/site\/#organization"},"potentialAction":[{"@type":"SearchAction","target":{"@type":"EntryPoint","urlTemplate":"https:\/\/cleitonpinheiro.com.br\/site\/?s={search_term_string}"},"query-input":{"@type":"PropertyValueSpecification","valueRequired":true,"valueName":"search_term_string"}}],"inLanguage":"pt-BR"},{"@type":"Organization","@id":"https:\/\/cleitonpinheiro.com.br\/site\/#organization","name":"CPNOT\u00cdCIAS","url":"https:\/\/cleitonpinheiro.com.br\/site\/","logo":{"@type":"ImageObject","inLanguage":"pt-BR","@id":"https:\/\/cleitonpinheiro.com.br\/site\/#\/schema\/logo\/image\/","url":"https:\/\/cleitonpinheiro.com.br\/site\/wp-content\/uploads\/2022\/08\/Logo-pequena-2.png","contentUrl":"https:\/\/cleitonpinheiro.com.br\/site\/wp-content\/uploads\/2022\/08\/Logo-pequena-2.png","width":500,"height":500,"caption":"CPNOT\u00cdCIAS"},"image":{"@id":"https:\/\/cleitonpinheiro.com.br\/site\/#\/schema\/logo\/image\/"},"sameAs":["https:\/\/www.facebook.com\/portalcpnoticias\/"]},{"@type":"Person","@id":"https:\/\/cleitonpinheiro.com.br\/site\/#\/schema\/person\/62fd4eb98fcc8bd3fc477aaff264af51","name":"Cleiton Pinheiro","image":{"@type":"ImageObject","inLanguage":"pt-BR","@id":"https:\/\/cleitonpinheiro.com.br\/site\/#\/schema\/person\/image\/","url":"https:\/\/secure.gravatar.com\/avatar\/15642ec35b78fe5eed3cfa8e4a3f3211d73a3df4f35f0566b4324958cba1b1b9?s=96&r=g","contentUrl":"https:\/\/secure.gravatar.com\/avatar\/15642ec35b78fe5eed3cfa8e4a3f3211d73a3df4f35f0566b4324958cba1b1b9?s=96&r=g","caption":"Cleiton Pinheiro"},"url":"https:\/\/cleitonpinheiro.com.br\/site\/author\/cleiton\/"}]}},"views":159,"_links":{"self":[{"href":"https:\/\/cleitonpinheiro.com.br\/site\/wp-json\/wp\/v2\/posts\/77265","targetHints":{"allow":["GET"]}}],"collection":[{"href":"https:\/\/cleitonpinheiro.com.br\/site\/wp-json\/wp\/v2\/posts"}],"about":[{"href":"https:\/\/cleitonpinheiro.com.br\/site\/wp-json\/wp\/v2\/types\/post"}],"author":[{"embeddable":true,"href":"https:\/\/cleitonpinheiro.com.br\/site\/wp-json\/wp\/v2\/users\/10"}],"replies":[{"embeddable":true,"href":"https:\/\/cleitonpinheiro.com.br\/site\/wp-json\/wp\/v2\/comments?post=77265"}],"version-history":[{"count":1,"href":"https:\/\/cleitonpinheiro.com.br\/site\/wp-json\/wp\/v2\/posts\/77265\/revisions"}],"predecessor-version":[{"id":77267,"href":"https:\/\/cleitonpinheiro.com.br\/site\/wp-json\/wp\/v2\/posts\/77265\/revisions\/77267"}],"wp:attachment":[{"href":"https:\/\/cleitonpinheiro.com.br\/site\/wp-json\/wp\/v2\/media?parent=77265"}],"wp:term":[{"taxonomy":"category","embeddable":true,"href":"https:\/\/cleitonpinheiro.com.br\/site\/wp-json\/wp\/v2\/categories?post=77265"},{"taxonomy":"post_tag","embeddable":true,"href":"https:\/\/cleitonpinheiro.com.br\/site\/wp-json\/wp\/v2\/tags?post=77265"}],"curies":[{"name":"wp","href":"https:\/\/api.w.org\/{rel}","templated":true}]}}