{"id":77268,"date":"2024-05-14T15:15:28","date_gmt":"2024-05-14T18:15:28","guid":{"rendered":"https:\/\/cleitonpinheiro.com.br\/site\/?p=77268"},"modified":"2024-05-17T15:17:05","modified_gmt":"2024-05-17T18:17:05","slug":"unidades-educacionais-de-palmas-participam-do-circuito-estudantil-2024","status":"publish","type":"post","link":"https:\/\/cleitonpinheiro.com.br\/site\/unidades-educacionais-de-palmas-participam-do-circuito-estudantil-2024\/","title":{"rendered":"Unidades educacionais de Palmas participam do Circuito Estudantil 2024"},"content":{"rendered":"\n<figure class=\"wp-block-image size-full\"><img decoding=\"async\" src=\"https:\/\/cleitonpinheiro.com.br\/site\/wp-content\/uploads\/2024\/05\/522309504c56464aa55772709752cde4.jpg\" alt=\"\" class=\"wp-image-77269\"\/><\/figure>\n\n\n\n<p>Preparar os alunos da rede municipal da Capital para a primeira etapa dos Jogos Estudantis do Tocantins (Jets) e promover a intera\u00e7\u00e3o entre os estudantes com a pr\u00e1tica esportiva s\u00e3o os principais objetivos do Circuito Estudantil que come\u00e7a nesta segunda-feira, 13, com participa\u00e7\u00e3o de 18 unidades educacionais de Palmas. Nesta edi\u00e7\u00e3o, ser\u00e3o nove modalidades esportivas a serem disputadas, sendo que a primeira competi\u00e7\u00e3o ser\u00e1 uma disputa de xadrez, no Centro Universit\u00e1rio Unitop. Na ter\u00e7a-feira, 14, ter\u00e1 atletismo\u00a0na pista da Universidade Federal do Tocantins (UFT).<\/p>\n\n\n\n<p>O evento esportivo, que j\u00e1 faz parte do calend\u00e1rio escolar da Capital, envolve competi\u00e7\u00f5es individuais e coletivas como: xadrez, t\u00eanis de mesa, jud\u00f4, nata\u00e7\u00e3o, golzinho, karat\u00ea, badminton, atletismo e v\u00f4lei de praia, com locais e hor\u00e1rios listados&nbsp;<a href=\"https:\/\/sgn.net.br\/Midia\/Anexo\/13.05.2024\/6405e55470f8416c905fca36abf11d87.pdf\" target=\"_blank\" rel=\"noreferrer noopener\">na programa\u00e7\u00e3o de competi\u00e7\u00f5es, dispon\u00edvel para consulta aqui.<\/a>. As competi\u00e7\u00f5es seguir\u00e3o at\u00e9 o dia 24 de maio e a cerim\u00f4nia de premia\u00e7\u00e3o aos vencedores ser\u00e1 realizada ao final deste m\u00eas, em local a ser definido posteriormente.&nbsp;<\/p>\n\n\n\n<p>As disputas do Circuito Estudantil 2024 acontecer\u00e3o em diferentes locais definidos conforme a estrutura e capacidade de realiza\u00e7\u00e3o de cada modalidade esportiva, sendo nas seguintes institui\u00e7\u00f5es parceiras do evento: Unitop&nbsp;(xadrez e v\u00f4lei); pista de atletismo da UFT(atletismo); Centro de Treinamento FTTM\/Col\u00e9gio Ulbra&nbsp;(t\u00eanis de mesa); Escolta de Tempo Integral (ETI) An\u00edsio Teixeira (jud\u00f4); CT Faeto\/Col\u00e9gio Militar (nata\u00e7\u00e3o); ETI Eur\u00eddice de Mello (golzinho); ETI Pedro Piagem (karat\u00ea) e&nbsp;ETI Padre Josimo (badminton).<\/p>\n\n\n\n<p>Para a professora de educa\u00e7\u00e3o f\u00edsica e t\u00e9cnica de desporto da Secretaria Municipal da Educa\u00e7\u00e3o de Palmas (Semed), Carolline Gimenez, o evento \u00e9 de grande import\u00e2ncia tanto para a rede quanto para os alunos, j\u00e1 que faz parte do calend\u00e1rio esportivo municipal. \u201cO Circuito Estudantil, al\u00e9m de promover um maior entrosamento entre t\u00e9cnicos, estudantes e toda a comunidade escolar, visa tamb\u00e9m preparar nossos alunos para o primeiro grande evento anual, que \u00e9 o Jets, que acontece em tr\u00eas etapas\u201d, detalha.\u00a0<\/p>\n\n\n\n<p>Texto: Prefeitura de Palmas<\/p>\n","protected":false},"excerpt":{"rendered":"<p>Preparar os alunos da rede municipal da Capital para a primeira etapa dos Jogos Estudantis do Tocantins (Jets) e promover a intera\u00e7\u00e3o entre os estudantes com a pr\u00e1tica esportiva s\u00e3o os principais objetivos do Circuito Estudantil que come\u00e7a nesta segunda-feira, 13, com participa\u00e7\u00e3o de 18 unidades educacionais de Palmas. Nesta edi\u00e7\u00e3o, ser\u00e3o nove modalidades esportivas [&hellip;]<\/p>\n","protected":false},"author":10,"featured_media":0,"comment_status":"open","ping_status":"open","sticky":false,"template":"","format":"standard","meta":{"_acf_changed":false,"footnotes":""},"categories":[22,20,21],"tags":[],"class_list":["post-77268","post","type-post","status-publish","format-standard","hentry","category-cidades","category-noticias-em-destaque","category-todas-noticias"],"acf":[],"yoast_head":"<!-- This site is optimized with the Yoast SEO plugin v24.4 - https:\/\/yoast.com\/wordpress\/plugins\/seo\/ -->\n<title>Unidades educacionais de Palmas participam do Circuito Estudantil 2024 - PORTAL DE NOT\u00cdCIAS CLEITON PINHEIRO<\/title>\n<meta name=\"robots\" content=\"index, follow, max-snippet:-1, max-image-preview:large, max-video-preview:-1\" \/>\n<link rel=\"canonical\" href=\"https:\/\/cleitonpinheiro.com.br\/site\/unidades-educacionais-de-palmas-participam-do-circuito-estudantil-2024\/\" \/>\n<meta property=\"og:locale\" content=\"pt_BR\" \/>\n<meta property=\"og:type\" content=\"article\" \/>\n<meta property=\"og:title\" content=\"Unidades educacionais de Palmas participam do Circuito Estudantil 2024 - PORTAL DE NOT\u00cdCIAS CLEITON PINHEIRO\" \/>\n<meta property=\"og:description\" content=\"Preparar os alunos da rede municipal da Capital para a primeira etapa dos Jogos Estudantis do Tocantins (Jets) e promover a intera\u00e7\u00e3o entre os estudantes com a pr\u00e1tica esportiva s\u00e3o os principais objetivos do Circuito Estudantil que come\u00e7a nesta segunda-feira, 13, com participa\u00e7\u00e3o de 18 unidades educacionais de Palmas. Nesta edi\u00e7\u00e3o, ser\u00e3o nove modalidades esportivas [&hellip;]\" \/>\n<meta property=\"og:url\" content=\"https:\/\/cleitonpinheiro.com.br\/site\/unidades-educacionais-de-palmas-participam-do-circuito-estudantil-2024\/\" \/>\n<meta property=\"og:site_name\" content=\"PORTAL DE NOT\u00cdCIAS CLEITON PINHEIRO\" \/>\n<meta property=\"article:publisher\" content=\"https:\/\/www.facebook.com\/portalcpnoticias\/\" \/>\n<meta property=\"article:published_time\" content=\"2024-05-14T18:15:28+00:00\" \/>\n<meta property=\"article:modified_time\" content=\"2024-05-17T18:17:05+00:00\" \/>\n<meta property=\"og:image\" content=\"https:\/\/cleitonpinheiro.com.br\/site\/wp-content\/uploads\/2024\/05\/522309504c56464aa55772709752cde4.jpg\" \/>\n\t<meta property=\"og:image:width\" content=\"800\" \/>\n\t<meta property=\"og:image:height\" content=\"533\" \/>\n\t<meta property=\"og:image:type\" content=\"image\/jpeg\" \/>\n<meta name=\"author\" content=\"Cleiton Pinheiro\" \/>\n<meta name=\"twitter:card\" content=\"summary_large_image\" \/>\n<meta name=\"twitter:label1\" content=\"Escrito por\" \/>\n\t<meta name=\"twitter:data1\" content=\"Cleiton Pinheiro\" \/>\n\t<meta name=\"twitter:label2\" content=\"Est. tempo de leitura\" \/>\n\t<meta name=\"twitter:data2\" content=\"3 minutos\" \/>\n<script type=\"application\/ld+json\" class=\"yoast-schema-graph\">{\"@context\":\"https:\/\/schema.org\",\"@graph\":[{\"@type\":\"Article\",\"@id\":\"https:\/\/cleitonpinheiro.com.br\/site\/unidades-educacionais-de-palmas-participam-do-circuito-estudantil-2024\/#article\",\"isPartOf\":{\"@id\":\"https:\/\/cleitonpinheiro.com.br\/site\/unidades-educacionais-de-palmas-participam-do-circuito-estudantil-2024\/\"},\"author\":{\"name\":\"Cleiton Pinheiro\",\"@id\":\"https:\/\/cleitonpinheiro.com.br\/site\/#\/schema\/person\/62fd4eb98fcc8bd3fc477aaff264af51\"},\"headline\":\"Unidades educacionais de Palmas participam do Circuito Estudantil 2024\",\"datePublished\":\"2024-05-14T18:15:28+00:00\",\"dateModified\":\"2024-05-17T18:17:05+00:00\",\"mainEntityOfPage\":{\"@id\":\"https:\/\/cleitonpinheiro.com.br\/site\/unidades-educacionais-de-palmas-participam-do-circuito-estudantil-2024\/\"},\"wordCount\":367,\"commentCount\":0,\"publisher\":{\"@id\":\"https:\/\/cleitonpinheiro.com.br\/site\/#organization\"},\"image\":{\"@id\":\"https:\/\/cleitonpinheiro.com.br\/site\/unidades-educacionais-de-palmas-participam-do-circuito-estudantil-2024\/#primaryimage\"},\"thumbnailUrl\":\"https:\/\/cleitonpinheiro.com.br\/site\/wp-content\/uploads\/2024\/05\/522309504c56464aa55772709752cde4.jpg\",\"articleSection\":[\"CIDADES\",\"NOT\u00cdCIAS EM DESTAQUE\",\"TODAS NOTICIAS\"],\"inLanguage\":\"pt-BR\",\"potentialAction\":[{\"@type\":\"CommentAction\",\"name\":\"Comment\",\"target\":[\"https:\/\/cleitonpinheiro.com.br\/site\/unidades-educacionais-de-palmas-participam-do-circuito-estudantil-2024\/#respond\"]}]},{\"@type\":\"WebPage\",\"@id\":\"https:\/\/cleitonpinheiro.com.br\/site\/unidades-educacionais-de-palmas-participam-do-circuito-estudantil-2024\/\",\"url\":\"https:\/\/cleitonpinheiro.com.br\/site\/unidades-educacionais-de-palmas-participam-do-circuito-estudantil-2024\/\",\"name\":\"Unidades educacionais de Palmas participam do Circuito Estudantil 2024 - PORTAL DE NOT\u00cdCIAS CLEITON PINHEIRO\",\"isPartOf\":{\"@id\":\"https:\/\/cleitonpinheiro.com.br\/site\/#website\"},\"primaryImageOfPage\":{\"@id\":\"https:\/\/cleitonpinheiro.com.br\/site\/unidades-educacionais-de-palmas-participam-do-circuito-estudantil-2024\/#primaryimage\"},\"image\":{\"@id\":\"https:\/\/cleitonpinheiro.com.br\/site\/unidades-educacionais-de-palmas-participam-do-circuito-estudantil-2024\/#primaryimage\"},\"thumbnailUrl\":\"https:\/\/cleitonpinheiro.com.br\/site\/wp-content\/uploads\/2024\/05\/522309504c56464aa55772709752cde4.jpg\",\"datePublished\":\"2024-05-14T18:15:28+00:00\",\"dateModified\":\"2024-05-17T18:17:05+00:00\",\"breadcrumb\":{\"@id\":\"https:\/\/cleitonpinheiro.com.br\/site\/unidades-educacionais-de-palmas-participam-do-circuito-estudantil-2024\/#breadcrumb\"},\"inLanguage\":\"pt-BR\",\"potentialAction\":[{\"@type\":\"ReadAction\",\"target\":[\"https:\/\/cleitonpinheiro.com.br\/site\/unidades-educacionais-de-palmas-participam-do-circuito-estudantil-2024\/\"]}]},{\"@type\":\"ImageObject\",\"inLanguage\":\"pt-BR\",\"@id\":\"https:\/\/cleitonpinheiro.com.br\/site\/unidades-educacionais-de-palmas-participam-do-circuito-estudantil-2024\/#primaryimage\",\"url\":\"\",\"contentUrl\":\"\"},{\"@type\":\"BreadcrumbList\",\"@id\":\"https:\/\/cleitonpinheiro.com.br\/site\/unidades-educacionais-de-palmas-participam-do-circuito-estudantil-2024\/#breadcrumb\",\"itemListElement\":[{\"@type\":\"ListItem\",\"position\":1,\"name\":\"In\u00edcio\",\"item\":\"https:\/\/cleitonpinheiro.com.br\/site\/\"},{\"@type\":\"ListItem\",\"position\":2,\"name\":\"Unidades educacionais de Palmas participam do Circuito Estudantil 2024\"}]},{\"@type\":\"WebSite\",\"@id\":\"https:\/\/cleitonpinheiro.com.br\/site\/#website\",\"url\":\"https:\/\/cleitonpinheiro.com.br\/site\/\",\"name\":\"PORTAL DE NOT\u00cdCIAS CLEITON PINHEIRO\",\"description\":\"FALANDO A VERDADE\",\"publisher\":{\"@id\":\"https:\/\/cleitonpinheiro.com.br\/site\/#organization\"},\"potentialAction\":[{\"@type\":\"SearchAction\",\"target\":{\"@type\":\"EntryPoint\",\"urlTemplate\":\"https:\/\/cleitonpinheiro.com.br\/site\/?s={search_term_string}\"},\"query-input\":{\"@type\":\"PropertyValueSpecification\",\"valueRequired\":true,\"valueName\":\"search_term_string\"}}],\"inLanguage\":\"pt-BR\"},{\"@type\":\"Organization\",\"@id\":\"https:\/\/cleitonpinheiro.com.br\/site\/#organization\",\"name\":\"CPNOT\u00cdCIAS\",\"url\":\"https:\/\/cleitonpinheiro.com.br\/site\/\",\"logo\":{\"@type\":\"ImageObject\",\"inLanguage\":\"pt-BR\",\"@id\":\"https:\/\/cleitonpinheiro.com.br\/site\/#\/schema\/logo\/image\/\",\"url\":\"https:\/\/cleitonpinheiro.com.br\/site\/wp-content\/uploads\/2022\/08\/Logo-pequena-2.png\",\"contentUrl\":\"https:\/\/cleitonpinheiro.com.br\/site\/wp-content\/uploads\/2022\/08\/Logo-pequena-2.png\",\"width\":500,\"height\":500,\"caption\":\"CPNOT\u00cdCIAS\"},\"image\":{\"@id\":\"https:\/\/cleitonpinheiro.com.br\/site\/#\/schema\/logo\/image\/\"},\"sameAs\":[\"https:\/\/www.facebook.com\/portalcpnoticias\/\"]},{\"@type\":\"Person\",\"@id\":\"https:\/\/cleitonpinheiro.com.br\/site\/#\/schema\/person\/62fd4eb98fcc8bd3fc477aaff264af51\",\"name\":\"Cleiton Pinheiro\",\"image\":{\"@type\":\"ImageObject\",\"inLanguage\":\"pt-BR\",\"@id\":\"https:\/\/cleitonpinheiro.com.br\/site\/#\/schema\/person\/image\/\",\"url\":\"https:\/\/secure.gravatar.com\/avatar\/15642ec35b78fe5eed3cfa8e4a3f3211d73a3df4f35f0566b4324958cba1b1b9?s=96&r=g\",\"contentUrl\":\"https:\/\/secure.gravatar.com\/avatar\/15642ec35b78fe5eed3cfa8e4a3f3211d73a3df4f35f0566b4324958cba1b1b9?s=96&r=g\",\"caption\":\"Cleiton Pinheiro\"},\"url\":\"https:\/\/cleitonpinheiro.com.br\/site\/author\/cleiton\/\"}]}<\/script>\n<!-- \/ Yoast SEO plugin. -->","yoast_head_json":{"title":"Unidades educacionais de Palmas participam do Circuito Estudantil 2024 - PORTAL DE NOT\u00cdCIAS CLEITON PINHEIRO","robots":{"index":"index","follow":"follow","max-snippet":"max-snippet:-1","max-image-preview":"max-image-preview:large","max-video-preview":"max-video-preview:-1"},"canonical":"https:\/\/cleitonpinheiro.com.br\/site\/unidades-educacionais-de-palmas-participam-do-circuito-estudantil-2024\/","og_locale":"pt_BR","og_type":"article","og_title":"Unidades educacionais de Palmas participam do Circuito Estudantil 2024 - PORTAL DE NOT\u00cdCIAS CLEITON PINHEIRO","og_description":"Preparar os alunos da rede municipal da Capital para a primeira etapa dos Jogos Estudantis do Tocantins (Jets) e promover a intera\u00e7\u00e3o entre os estudantes com a pr\u00e1tica esportiva s\u00e3o os principais objetivos do Circuito Estudantil que come\u00e7a nesta segunda-feira, 13, com participa\u00e7\u00e3o de 18 unidades educacionais de Palmas. Nesta edi\u00e7\u00e3o, ser\u00e3o nove modalidades esportivas [&hellip;]","og_url":"https:\/\/cleitonpinheiro.com.br\/site\/unidades-educacionais-de-palmas-participam-do-circuito-estudantil-2024\/","og_site_name":"PORTAL DE NOT\u00cdCIAS CLEITON PINHEIRO","article_publisher":"https:\/\/www.facebook.com\/portalcpnoticias\/","article_published_time":"2024-05-14T18:15:28+00:00","article_modified_time":"2024-05-17T18:17:05+00:00","og_image":[{"width":800,"height":533,"url":"https:\/\/cleitonpinheiro.com.br\/site\/wp-content\/uploads\/2024\/05\/522309504c56464aa55772709752cde4.jpg","type":"image\/jpeg"}],"author":"Cleiton Pinheiro","twitter_card":"summary_large_image","twitter_misc":{"Escrito por":"Cleiton Pinheiro","Est. tempo de leitura":"3 minutos"},"schema":{"@context":"https:\/\/schema.org","@graph":[{"@type":"Article","@id":"https:\/\/cleitonpinheiro.com.br\/site\/unidades-educacionais-de-palmas-participam-do-circuito-estudantil-2024\/#article","isPartOf":{"@id":"https:\/\/cleitonpinheiro.com.br\/site\/unidades-educacionais-de-palmas-participam-do-circuito-estudantil-2024\/"},"author":{"name":"Cleiton Pinheiro","@id":"https:\/\/cleitonpinheiro.com.br\/site\/#\/schema\/person\/62fd4eb98fcc8bd3fc477aaff264af51"},"headline":"Unidades educacionais de Palmas participam do Circuito Estudantil 2024","datePublished":"2024-05-14T18:15:28+00:00","dateModified":"2024-05-17T18:17:05+00:00","mainEntityOfPage":{"@id":"https:\/\/cleitonpinheiro.com.br\/site\/unidades-educacionais-de-palmas-participam-do-circuito-estudantil-2024\/"},"wordCount":367,"commentCount":0,"publisher":{"@id":"https:\/\/cleitonpinheiro.com.br\/site\/#organization"},"image":{"@id":"https:\/\/cleitonpinheiro.com.br\/site\/unidades-educacionais-de-palmas-participam-do-circuito-estudantil-2024\/#primaryimage"},"thumbnailUrl":"https:\/\/cleitonpinheiro.com.br\/site\/wp-content\/uploads\/2024\/05\/522309504c56464aa55772709752cde4.jpg","articleSection":["CIDADES","NOT\u00cdCIAS EM DESTAQUE","TODAS NOTICIAS"],"inLanguage":"pt-BR","potentialAction":[{"@type":"CommentAction","name":"Comment","target":["https:\/\/cleitonpinheiro.com.br\/site\/unidades-educacionais-de-palmas-participam-do-circuito-estudantil-2024\/#respond"]}]},{"@type":"WebPage","@id":"https:\/\/cleitonpinheiro.com.br\/site\/unidades-educacionais-de-palmas-participam-do-circuito-estudantil-2024\/","url":"https:\/\/cleitonpinheiro.com.br\/site\/unidades-educacionais-de-palmas-participam-do-circuito-estudantil-2024\/","name":"Unidades educacionais de Palmas participam do Circuito Estudantil 2024 - PORTAL DE NOT\u00cdCIAS CLEITON PINHEIRO","isPartOf":{"@id":"https:\/\/cleitonpinheiro.com.br\/site\/#website"},"primaryImageOfPage":{"@id":"https:\/\/cleitonpinheiro.com.br\/site\/unidades-educacionais-de-palmas-participam-do-circuito-estudantil-2024\/#primaryimage"},"image":{"@id":"https:\/\/cleitonpinheiro.com.br\/site\/unidades-educacionais-de-palmas-participam-do-circuito-estudantil-2024\/#primaryimage"},"thumbnailUrl":"https:\/\/cleitonpinheiro.com.br\/site\/wp-content\/uploads\/2024\/05\/522309504c56464aa55772709752cde4.jpg","datePublished":"2024-05-14T18:15:28+00:00","dateModified":"2024-05-17T18:17:05+00:00","breadcrumb":{"@id":"https:\/\/cleitonpinheiro.com.br\/site\/unidades-educacionais-de-palmas-participam-do-circuito-estudantil-2024\/#breadcrumb"},"inLanguage":"pt-BR","potentialAction":[{"@type":"ReadAction","target":["https:\/\/cleitonpinheiro.com.br\/site\/unidades-educacionais-de-palmas-participam-do-circuito-estudantil-2024\/"]}]},{"@type":"ImageObject","inLanguage":"pt-BR","@id":"https:\/\/cleitonpinheiro.com.br\/site\/unidades-educacionais-de-palmas-participam-do-circuito-estudantil-2024\/#primaryimage","url":"","contentUrl":""},{"@type":"BreadcrumbList","@id":"https:\/\/cleitonpinheiro.com.br\/site\/unidades-educacionais-de-palmas-participam-do-circuito-estudantil-2024\/#breadcrumb","itemListElement":[{"@type":"ListItem","position":1,"name":"In\u00edcio","item":"https:\/\/cleitonpinheiro.com.br\/site\/"},{"@type":"ListItem","position":2,"name":"Unidades educacionais de Palmas participam do Circuito Estudantil 2024"}]},{"@type":"WebSite","@id":"https:\/\/cleitonpinheiro.com.br\/site\/#website","url":"https:\/\/cleitonpinheiro.com.br\/site\/","name":"PORTAL DE NOT\u00cdCIAS CLEITON PINHEIRO","description":"FALANDO A VERDADE","publisher":{"@id":"https:\/\/cleitonpinheiro.com.br\/site\/#organization"},"potentialAction":[{"@type":"SearchAction","target":{"@type":"EntryPoint","urlTemplate":"https:\/\/cleitonpinheiro.com.br\/site\/?s={search_term_string}"},"query-input":{"@type":"PropertyValueSpecification","valueRequired":true,"valueName":"search_term_string"}}],"inLanguage":"pt-BR"},{"@type":"Organization","@id":"https:\/\/cleitonpinheiro.com.br\/site\/#organization","name":"CPNOT\u00cdCIAS","url":"https:\/\/cleitonpinheiro.com.br\/site\/","logo":{"@type":"ImageObject","inLanguage":"pt-BR","@id":"https:\/\/cleitonpinheiro.com.br\/site\/#\/schema\/logo\/image\/","url":"https:\/\/cleitonpinheiro.com.br\/site\/wp-content\/uploads\/2022\/08\/Logo-pequena-2.png","contentUrl":"https:\/\/cleitonpinheiro.com.br\/site\/wp-content\/uploads\/2022\/08\/Logo-pequena-2.png","width":500,"height":500,"caption":"CPNOT\u00cdCIAS"},"image":{"@id":"https:\/\/cleitonpinheiro.com.br\/site\/#\/schema\/logo\/image\/"},"sameAs":["https:\/\/www.facebook.com\/portalcpnoticias\/"]},{"@type":"Person","@id":"https:\/\/cleitonpinheiro.com.br\/site\/#\/schema\/person\/62fd4eb98fcc8bd3fc477aaff264af51","name":"Cleiton Pinheiro","image":{"@type":"ImageObject","inLanguage":"pt-BR","@id":"https:\/\/cleitonpinheiro.com.br\/site\/#\/schema\/person\/image\/","url":"https:\/\/secure.gravatar.com\/avatar\/15642ec35b78fe5eed3cfa8e4a3f3211d73a3df4f35f0566b4324958cba1b1b9?s=96&r=g","contentUrl":"https:\/\/secure.gravatar.com\/avatar\/15642ec35b78fe5eed3cfa8e4a3f3211d73a3df4f35f0566b4324958cba1b1b9?s=96&r=g","caption":"Cleiton Pinheiro"},"url":"https:\/\/cleitonpinheiro.com.br\/site\/author\/cleiton\/"}]}},"views":188,"_links":{"self":[{"href":"https:\/\/cleitonpinheiro.com.br\/site\/wp-json\/wp\/v2\/posts\/77268","targetHints":{"allow":["GET"]}}],"collection":[{"href":"https:\/\/cleitonpinheiro.com.br\/site\/wp-json\/wp\/v2\/posts"}],"about":[{"href":"https:\/\/cleitonpinheiro.com.br\/site\/wp-json\/wp\/v2\/types\/post"}],"author":[{"embeddable":true,"href":"https:\/\/cleitonpinheiro.com.br\/site\/wp-json\/wp\/v2\/users\/10"}],"replies":[{"embeddable":true,"href":"https:\/\/cleitonpinheiro.com.br\/site\/wp-json\/wp\/v2\/comments?post=77268"}],"version-history":[{"count":1,"href":"https:\/\/cleitonpinheiro.com.br\/site\/wp-json\/wp\/v2\/posts\/77268\/revisions"}],"predecessor-version":[{"id":77270,"href":"https:\/\/cleitonpinheiro.com.br\/site\/wp-json\/wp\/v2\/posts\/77268\/revisions\/77270"}],"wp:attachment":[{"href":"https:\/\/cleitonpinheiro.com.br\/site\/wp-json\/wp\/v2\/media?parent=77268"}],"wp:term":[{"taxonomy":"category","embeddable":true,"href":"https:\/\/cleitonpinheiro.com.br\/site\/wp-json\/wp\/v2\/categories?post=77268"},{"taxonomy":"post_tag","embeddable":true,"href":"https:\/\/cleitonpinheiro.com.br\/site\/wp-json\/wp\/v2\/tags?post=77268"}],"curies":[{"name":"wp","href":"https:\/\/api.w.org\/{rel}","templated":true}]}}