{"id":77271,"date":"2024-05-18T14:05:12","date_gmt":"2024-05-18T17:05:12","guid":{"rendered":"https:\/\/cleitonpinheiro.com.br\/site\/?p=77271"},"modified":"2024-05-18T14:05:17","modified_gmt":"2024-05-18T17:05:17","slug":"curso-gratuito-ensina-artistas-e-produtores-culturais-a-usar-as-redes-sociais-a-favor-da-arte","status":"publish","type":"post","link":"https:\/\/cleitonpinheiro.com.br\/site\/curso-gratuito-ensina-artistas-e-produtores-culturais-a-usar-as-redes-sociais-a-favor-da-arte\/","title":{"rendered":"Curso gratuito ensina artistas e produtores culturais a usar as redes sociais a favor da arte"},"content":{"rendered":"\n<figure class=\"wp-block-image size-full\"><img decoding=\"async\" src=\"https:\/\/cleitonpinheiro.com.br\/site\/wp-content\/uploads\/2024\/05\/71fe2dd6cbdb41ca977449e58e6412e5.jpg\" alt=\"\" class=\"wp-image-77272\"\/><\/figure>\n\n\n\n<p>Com a populariza\u00e7\u00e3o dos canais digitais de comunica\u00e7\u00e3o, o desafio de produzir cultura mudou bastante nos \u00faltimos anos. Se por um lado, as redes sociais democratizaram o acesso e a promo\u00e7\u00e3o de trabalhos culturais, por outro, lidar com elas pode ser um grande desafio para alguns. Para sanar essa dificuldade&nbsp;surgiu o Projeto \u201cCultura na Rede: Presen\u00e7a e Impacto\u201d lan\u00e7ando um curso gratuito nos dias 4, 5 e 8 de junho em Palmas.&nbsp;O curso cont\u00e9m 8 horas de treinamento e ser\u00e1 ministrado com aulas te\u00f3ricas e pr\u00e1ticas, com apostila pr\u00f3pria e conte\u00fado interativo.<\/p>\n\n\n\n<p>Ao todo, ser\u00e3o duas turmas, em diferentes datas e hor\u00e1rios, em Palmas,&nbsp;ao final da imers\u00e3o, o participante ter\u00e1 condi\u00e7\u00f5es de criar seus pr\u00f3prios conte\u00fados com estrat\u00e9gia, facilidade e seguran\u00e7a.&nbsp;A primeira turma ser\u00e1 nos dias 4 e 5 de junho, das 18h \u00e0s 22h, interessados podem se inscrever&nbsp;<a href=\"https:\/\/www.sympla.com.br\/evento\/cultura-na-rede-presenca-e-impacto-turma-2\/2462539?referrer=www.google.com\" target=\"_blank\" rel=\"noreferrer noopener\">clicando aqui.<\/a>&nbsp;J\u00e1 a segunda turma acontece no dia 8 de junho, das 8h \u00e0s 18h. A inscri\u00e7\u00e3o pode ser feita&nbsp;<a href=\"https:\/\/www.sympla.com.br\/evento\/cultura-na-rede-presenca-e-impacto-turma-2\/2462539?referrer=www.google.com\" target=\"_blank\" rel=\"noreferrer noopener\">clicando aqui.<\/a>&nbsp;As aulas ser\u00e3o ministradas no Hotel Ibis Palmas JK, localizado na Quadra&nbsp;Arne 12 (106 Norte)&nbsp;Avenida NS-04.<\/p>\n\n\n\n<p>O curso abordar\u00e1&nbsp;marketing pessoal e presen\u00e7a digital, ministrado pela jornalista Graziela Guardiola; fotografia e v\u00eddeos para o digital, ministrado pelo fot\u00f3grafo&nbsp;Glauber Matos e blindagem jur\u00eddica de conte\u00fado para o digital, pelo advogado&nbsp;Cleiton Bastos.&nbsp;O Projeto \u201cCultura na Rede: Presen\u00e7a e Impacto\u201d est\u00e1 sendo realizado com recursos da Lei Paulo Gustavo, disponibilizados pelo Minist\u00e9rio da Cultura e geridos pela Funda\u00e7\u00e3o Cultural de Palmas (FCP). As inscri\u00e7\u00f5es podem ser feitas por qualquer artista ou produtor cultural que tenha Cadastro no Sistema Municipal de Inscri\u00e7\u00f5es. Aqueles que ainda n\u00e3o tenham o cadastro, podem faz\u00ea-lo clicando&nbsp;<a href=\"https:\/\/www.curtapalmas.com\/index.php\/cadastro-cultural\/cadastro-cultural-2023\" target=\"_blank\" rel=\"noreferrer noopener\">aqui<\/a>.<\/p>\n\n\n\n<p><strong>Sobre o projeto<\/strong><\/p>\n\n\n\n<p>Segundo os dados mais recentes do Sistema de Informa\u00e7\u00f5es e Indicadores Culturais (SIIC) divulgados pelo Instituto Brasileiro de Geografia e Estat\u00edstica (IBGE), o Tocantins tem 25 mil \u201cfazedores de cultura\u201d, parte deles agora poder\u00e3o melhorar suas aptid\u00f5es para as redes sociais por meio do \u201cPresen\u00e7a e Impacto\u2019, que re\u00fane conte\u00fados de marketing pessoal, presen\u00e7a digital, fotos, v\u00eddeos e blindagem jur\u00eddica. A ideia \u00e9 que, a partir da mentoria especializada, os alunos consigam se posicionar no digital, melhorando seu marketing profissional com as ferramentas e estrat\u00e9gias corretas para se destacar no mercado e levar p\u00fablico para suas produ\u00e7\u00f5es e apresenta\u00e7\u00f5es, que o \u00e9 objetivo de todos os artistas.&nbsp;<\/p>\n\n\n\n<p>Estudantes do ensino m\u00e9dio da Escola Estadual&nbsp;Prof\u00aa Eliz\u00e2ngela Gl\u00f3ria Cardoso e do Col\u00e9gio Militar do Estado do Tocantins&nbsp;Senador Ant\u00f4nio Luiz Maya, ambos na Capital, tamb\u00e9m foram contemplados com duas palestras sobre Marketing Pessoal e Presen\u00e7a no Digital com foco na carreira pela jornalista e consultora Graziela Guardiola como contrapartida social do projeto.<\/p>\n\n\n\n<p><strong>Servi\u00e7o<\/strong><\/p>\n\n\n\n<p><strong>Curso \u201cCultura na Rede: Presen\u00e7a e Impacto\u201d<\/strong><\/p>\n\n\n\n<p><strong>Local:&nbsp;<\/strong>Hotel Ibis Palmas JK (Arne 12, Av. NS-04, pr\u00f3ximo ao Hosp. e Maternidade Dona Regina)&nbsp;<\/p>\n\n\n\n<p><strong>P\u00fablico:&nbsp;<\/strong>artistas e fazedores de cultura de Palmas<\/p>\n\n\n\n<p>Texto: Prefeitura de Palmas<\/p>\n","protected":false},"excerpt":{"rendered":"<p>Com a populariza\u00e7\u00e3o dos canais digitais de comunica\u00e7\u00e3o, o desafio de produzir cultura mudou bastante nos \u00faltimos anos. Se por um lado, as redes sociais democratizaram o acesso e a promo\u00e7\u00e3o de trabalhos culturais, por outro, lidar com elas pode ser um grande desafio para alguns. Para sanar essa dificuldade&nbsp;surgiu o Projeto \u201cCultura na Rede: [&hellip;]<\/p>\n","protected":false},"author":10,"featured_media":0,"comment_status":"open","ping_status":"open","sticky":false,"template":"","format":"standard","meta":{"_acf_changed":false,"footnotes":""},"categories":[22,898,21],"tags":[],"class_list":["post-77271","post","type-post","status-publish","format-standard","hentry","category-cidades","category-manchete-segundaria","category-todas-noticias"],"acf":[],"yoast_head":"<!-- This site is optimized with the Yoast SEO plugin v24.4 - https:\/\/yoast.com\/wordpress\/plugins\/seo\/ -->\n<title>Curso gratuito ensina artistas e produtores culturais a usar as redes sociais a favor da arte - PORTAL DE NOT\u00cdCIAS CLEITON PINHEIRO<\/title>\n<meta name=\"robots\" content=\"index, follow, max-snippet:-1, max-image-preview:large, max-video-preview:-1\" \/>\n<link rel=\"canonical\" href=\"https:\/\/cleitonpinheiro.com.br\/site\/curso-gratuito-ensina-artistas-e-produtores-culturais-a-usar-as-redes-sociais-a-favor-da-arte\/\" \/>\n<meta property=\"og:locale\" content=\"pt_BR\" \/>\n<meta property=\"og:type\" content=\"article\" \/>\n<meta property=\"og:title\" content=\"Curso gratuito ensina artistas e produtores culturais a usar as redes sociais a favor da arte - PORTAL DE NOT\u00cdCIAS CLEITON PINHEIRO\" \/>\n<meta property=\"og:description\" content=\"Com a populariza\u00e7\u00e3o dos canais digitais de comunica\u00e7\u00e3o, o desafio de produzir cultura mudou bastante nos \u00faltimos anos. Se por um lado, as redes sociais democratizaram o acesso e a promo\u00e7\u00e3o de trabalhos culturais, por outro, lidar com elas pode ser um grande desafio para alguns. Para sanar essa dificuldade&nbsp;surgiu o Projeto \u201cCultura na Rede: [&hellip;]\" \/>\n<meta property=\"og:url\" content=\"https:\/\/cleitonpinheiro.com.br\/site\/curso-gratuito-ensina-artistas-e-produtores-culturais-a-usar-as-redes-sociais-a-favor-da-arte\/\" \/>\n<meta property=\"og:site_name\" content=\"PORTAL DE NOT\u00cdCIAS CLEITON PINHEIRO\" \/>\n<meta property=\"article:publisher\" content=\"https:\/\/www.facebook.com\/portalcpnoticias\/\" \/>\n<meta property=\"article:published_time\" content=\"2024-05-18T17:05:12+00:00\" \/>\n<meta property=\"article:modified_time\" content=\"2024-05-18T17:05:17+00:00\" \/>\n<meta property=\"og:image\" content=\"https:\/\/cleitonpinheiro.com.br\/site\/wp-content\/uploads\/2024\/05\/71fe2dd6cbdb41ca977449e58e6412e5.jpg\" \/>\n\t<meta property=\"og:image:width\" content=\"800\" \/>\n\t<meta property=\"og:image:height\" content=\"565\" \/>\n\t<meta property=\"og:image:type\" content=\"image\/jpeg\" \/>\n<meta name=\"author\" content=\"Cleiton Pinheiro\" \/>\n<meta name=\"twitter:card\" content=\"summary_large_image\" \/>\n<meta name=\"twitter:label1\" content=\"Escrito por\" \/>\n\t<meta name=\"twitter:data1\" content=\"Cleiton Pinheiro\" \/>\n\t<meta name=\"twitter:label2\" content=\"Est. tempo de leitura\" \/>\n\t<meta name=\"twitter:data2\" content=\"4 minutos\" \/>\n<script type=\"application\/ld+json\" class=\"yoast-schema-graph\">{\"@context\":\"https:\/\/schema.org\",\"@graph\":[{\"@type\":\"Article\",\"@id\":\"https:\/\/cleitonpinheiro.com.br\/site\/curso-gratuito-ensina-artistas-e-produtores-culturais-a-usar-as-redes-sociais-a-favor-da-arte\/#article\",\"isPartOf\":{\"@id\":\"https:\/\/cleitonpinheiro.com.br\/site\/curso-gratuito-ensina-artistas-e-produtores-culturais-a-usar-as-redes-sociais-a-favor-da-arte\/\"},\"author\":{\"name\":\"Cleiton Pinheiro\",\"@id\":\"https:\/\/cleitonpinheiro.com.br\/site\/#\/schema\/person\/62fd4eb98fcc8bd3fc477aaff264af51\"},\"headline\":\"Curso gratuito ensina artistas e produtores culturais a usar as redes sociais a favor da arte\",\"datePublished\":\"2024-05-18T17:05:12+00:00\",\"dateModified\":\"2024-05-18T17:05:17+00:00\",\"mainEntityOfPage\":{\"@id\":\"https:\/\/cleitonpinheiro.com.br\/site\/curso-gratuito-ensina-artistas-e-produtores-culturais-a-usar-as-redes-sociais-a-favor-da-arte\/\"},\"wordCount\":561,\"commentCount\":0,\"publisher\":{\"@id\":\"https:\/\/cleitonpinheiro.com.br\/site\/#organization\"},\"image\":{\"@id\":\"https:\/\/cleitonpinheiro.com.br\/site\/curso-gratuito-ensina-artistas-e-produtores-culturais-a-usar-as-redes-sociais-a-favor-da-arte\/#primaryimage\"},\"thumbnailUrl\":\"https:\/\/cleitonpinheiro.com.br\/site\/wp-content\/uploads\/2024\/05\/71fe2dd6cbdb41ca977449e58e6412e5.jpg\",\"articleSection\":[\"CIDADES\",\"MANCHETE SEGUND\u00c1RIA\",\"TODAS NOTICIAS\"],\"inLanguage\":\"pt-BR\",\"potentialAction\":[{\"@type\":\"CommentAction\",\"name\":\"Comment\",\"target\":[\"https:\/\/cleitonpinheiro.com.br\/site\/curso-gratuito-ensina-artistas-e-produtores-culturais-a-usar-as-redes-sociais-a-favor-da-arte\/#respond\"]}]},{\"@type\":\"WebPage\",\"@id\":\"https:\/\/cleitonpinheiro.com.br\/site\/curso-gratuito-ensina-artistas-e-produtores-culturais-a-usar-as-redes-sociais-a-favor-da-arte\/\",\"url\":\"https:\/\/cleitonpinheiro.com.br\/site\/curso-gratuito-ensina-artistas-e-produtores-culturais-a-usar-as-redes-sociais-a-favor-da-arte\/\",\"name\":\"Curso gratuito ensina artistas e produtores culturais a usar as redes sociais a favor da arte - PORTAL DE NOT\u00cdCIAS CLEITON PINHEIRO\",\"isPartOf\":{\"@id\":\"https:\/\/cleitonpinheiro.com.br\/site\/#website\"},\"primaryImageOfPage\":{\"@id\":\"https:\/\/cleitonpinheiro.com.br\/site\/curso-gratuito-ensina-artistas-e-produtores-culturais-a-usar-as-redes-sociais-a-favor-da-arte\/#primaryimage\"},\"image\":{\"@id\":\"https:\/\/cleitonpinheiro.com.br\/site\/curso-gratuito-ensina-artistas-e-produtores-culturais-a-usar-as-redes-sociais-a-favor-da-arte\/#primaryimage\"},\"thumbnailUrl\":\"https:\/\/cleitonpinheiro.com.br\/site\/wp-content\/uploads\/2024\/05\/71fe2dd6cbdb41ca977449e58e6412e5.jpg\",\"datePublished\":\"2024-05-18T17:05:12+00:00\",\"dateModified\":\"2024-05-18T17:05:17+00:00\",\"breadcrumb\":{\"@id\":\"https:\/\/cleitonpinheiro.com.br\/site\/curso-gratuito-ensina-artistas-e-produtores-culturais-a-usar-as-redes-sociais-a-favor-da-arte\/#breadcrumb\"},\"inLanguage\":\"pt-BR\",\"potentialAction\":[{\"@type\":\"ReadAction\",\"target\":[\"https:\/\/cleitonpinheiro.com.br\/site\/curso-gratuito-ensina-artistas-e-produtores-culturais-a-usar-as-redes-sociais-a-favor-da-arte\/\"]}]},{\"@type\":\"ImageObject\",\"inLanguage\":\"pt-BR\",\"@id\":\"https:\/\/cleitonpinheiro.com.br\/site\/curso-gratuito-ensina-artistas-e-produtores-culturais-a-usar-as-redes-sociais-a-favor-da-arte\/#primaryimage\",\"url\":\"\",\"contentUrl\":\"\"},{\"@type\":\"BreadcrumbList\",\"@id\":\"https:\/\/cleitonpinheiro.com.br\/site\/curso-gratuito-ensina-artistas-e-produtores-culturais-a-usar-as-redes-sociais-a-favor-da-arte\/#breadcrumb\",\"itemListElement\":[{\"@type\":\"ListItem\",\"position\":1,\"name\":\"In\u00edcio\",\"item\":\"https:\/\/cleitonpinheiro.com.br\/site\/\"},{\"@type\":\"ListItem\",\"position\":2,\"name\":\"Curso gratuito ensina artistas e produtores culturais a usar as redes sociais a favor da arte\"}]},{\"@type\":\"WebSite\",\"@id\":\"https:\/\/cleitonpinheiro.com.br\/site\/#website\",\"url\":\"https:\/\/cleitonpinheiro.com.br\/site\/\",\"name\":\"PORTAL DE NOT\u00cdCIAS CLEITON PINHEIRO\",\"description\":\"FALANDO A VERDADE\",\"publisher\":{\"@id\":\"https:\/\/cleitonpinheiro.com.br\/site\/#organization\"},\"potentialAction\":[{\"@type\":\"SearchAction\",\"target\":{\"@type\":\"EntryPoint\",\"urlTemplate\":\"https:\/\/cleitonpinheiro.com.br\/site\/?s={search_term_string}\"},\"query-input\":{\"@type\":\"PropertyValueSpecification\",\"valueRequired\":true,\"valueName\":\"search_term_string\"}}],\"inLanguage\":\"pt-BR\"},{\"@type\":\"Organization\",\"@id\":\"https:\/\/cleitonpinheiro.com.br\/site\/#organization\",\"name\":\"CPNOT\u00cdCIAS\",\"url\":\"https:\/\/cleitonpinheiro.com.br\/site\/\",\"logo\":{\"@type\":\"ImageObject\",\"inLanguage\":\"pt-BR\",\"@id\":\"https:\/\/cleitonpinheiro.com.br\/site\/#\/schema\/logo\/image\/\",\"url\":\"https:\/\/cleitonpinheiro.com.br\/site\/wp-content\/uploads\/2022\/08\/Logo-pequena-2.png\",\"contentUrl\":\"https:\/\/cleitonpinheiro.com.br\/site\/wp-content\/uploads\/2022\/08\/Logo-pequena-2.png\",\"width\":500,\"height\":500,\"caption\":\"CPNOT\u00cdCIAS\"},\"image\":{\"@id\":\"https:\/\/cleitonpinheiro.com.br\/site\/#\/schema\/logo\/image\/\"},\"sameAs\":[\"https:\/\/www.facebook.com\/portalcpnoticias\/\"]},{\"@type\":\"Person\",\"@id\":\"https:\/\/cleitonpinheiro.com.br\/site\/#\/schema\/person\/62fd4eb98fcc8bd3fc477aaff264af51\",\"name\":\"Cleiton Pinheiro\",\"image\":{\"@type\":\"ImageObject\",\"inLanguage\":\"pt-BR\",\"@id\":\"https:\/\/cleitonpinheiro.com.br\/site\/#\/schema\/person\/image\/\",\"url\":\"https:\/\/secure.gravatar.com\/avatar\/15642ec35b78fe5eed3cfa8e4a3f3211d73a3df4f35f0566b4324958cba1b1b9?s=96&r=g\",\"contentUrl\":\"https:\/\/secure.gravatar.com\/avatar\/15642ec35b78fe5eed3cfa8e4a3f3211d73a3df4f35f0566b4324958cba1b1b9?s=96&r=g\",\"caption\":\"Cleiton Pinheiro\"},\"url\":\"https:\/\/cleitonpinheiro.com.br\/site\/author\/cleiton\/\"}]}<\/script>\n<!-- \/ Yoast SEO plugin. -->","yoast_head_json":{"title":"Curso gratuito ensina artistas e produtores culturais a usar as redes sociais a favor da arte - PORTAL DE NOT\u00cdCIAS CLEITON PINHEIRO","robots":{"index":"index","follow":"follow","max-snippet":"max-snippet:-1","max-image-preview":"max-image-preview:large","max-video-preview":"max-video-preview:-1"},"canonical":"https:\/\/cleitonpinheiro.com.br\/site\/curso-gratuito-ensina-artistas-e-produtores-culturais-a-usar-as-redes-sociais-a-favor-da-arte\/","og_locale":"pt_BR","og_type":"article","og_title":"Curso gratuito ensina artistas e produtores culturais a usar as redes sociais a favor da arte - PORTAL DE NOT\u00cdCIAS CLEITON PINHEIRO","og_description":"Com a populariza\u00e7\u00e3o dos canais digitais de comunica\u00e7\u00e3o, o desafio de produzir cultura mudou bastante nos \u00faltimos anos. Se por um lado, as redes sociais democratizaram o acesso e a promo\u00e7\u00e3o de trabalhos culturais, por outro, lidar com elas pode ser um grande desafio para alguns. Para sanar essa dificuldade&nbsp;surgiu o Projeto \u201cCultura na Rede: [&hellip;]","og_url":"https:\/\/cleitonpinheiro.com.br\/site\/curso-gratuito-ensina-artistas-e-produtores-culturais-a-usar-as-redes-sociais-a-favor-da-arte\/","og_site_name":"PORTAL DE NOT\u00cdCIAS CLEITON PINHEIRO","article_publisher":"https:\/\/www.facebook.com\/portalcpnoticias\/","article_published_time":"2024-05-18T17:05:12+00:00","article_modified_time":"2024-05-18T17:05:17+00:00","og_image":[{"width":800,"height":565,"url":"https:\/\/cleitonpinheiro.com.br\/site\/wp-content\/uploads\/2024\/05\/71fe2dd6cbdb41ca977449e58e6412e5.jpg","type":"image\/jpeg"}],"author":"Cleiton Pinheiro","twitter_card":"summary_large_image","twitter_misc":{"Escrito por":"Cleiton Pinheiro","Est. tempo de leitura":"4 minutos"},"schema":{"@context":"https:\/\/schema.org","@graph":[{"@type":"Article","@id":"https:\/\/cleitonpinheiro.com.br\/site\/curso-gratuito-ensina-artistas-e-produtores-culturais-a-usar-as-redes-sociais-a-favor-da-arte\/#article","isPartOf":{"@id":"https:\/\/cleitonpinheiro.com.br\/site\/curso-gratuito-ensina-artistas-e-produtores-culturais-a-usar-as-redes-sociais-a-favor-da-arte\/"},"author":{"name":"Cleiton Pinheiro","@id":"https:\/\/cleitonpinheiro.com.br\/site\/#\/schema\/person\/62fd4eb98fcc8bd3fc477aaff264af51"},"headline":"Curso gratuito ensina artistas e produtores culturais a usar as redes sociais a favor da arte","datePublished":"2024-05-18T17:05:12+00:00","dateModified":"2024-05-18T17:05:17+00:00","mainEntityOfPage":{"@id":"https:\/\/cleitonpinheiro.com.br\/site\/curso-gratuito-ensina-artistas-e-produtores-culturais-a-usar-as-redes-sociais-a-favor-da-arte\/"},"wordCount":561,"commentCount":0,"publisher":{"@id":"https:\/\/cleitonpinheiro.com.br\/site\/#organization"},"image":{"@id":"https:\/\/cleitonpinheiro.com.br\/site\/curso-gratuito-ensina-artistas-e-produtores-culturais-a-usar-as-redes-sociais-a-favor-da-arte\/#primaryimage"},"thumbnailUrl":"https:\/\/cleitonpinheiro.com.br\/site\/wp-content\/uploads\/2024\/05\/71fe2dd6cbdb41ca977449e58e6412e5.jpg","articleSection":["CIDADES","MANCHETE SEGUND\u00c1RIA","TODAS NOTICIAS"],"inLanguage":"pt-BR","potentialAction":[{"@type":"CommentAction","name":"Comment","target":["https:\/\/cleitonpinheiro.com.br\/site\/curso-gratuito-ensina-artistas-e-produtores-culturais-a-usar-as-redes-sociais-a-favor-da-arte\/#respond"]}]},{"@type":"WebPage","@id":"https:\/\/cleitonpinheiro.com.br\/site\/curso-gratuito-ensina-artistas-e-produtores-culturais-a-usar-as-redes-sociais-a-favor-da-arte\/","url":"https:\/\/cleitonpinheiro.com.br\/site\/curso-gratuito-ensina-artistas-e-produtores-culturais-a-usar-as-redes-sociais-a-favor-da-arte\/","name":"Curso gratuito ensina artistas e produtores culturais a usar as redes sociais a favor da arte - PORTAL DE NOT\u00cdCIAS CLEITON PINHEIRO","isPartOf":{"@id":"https:\/\/cleitonpinheiro.com.br\/site\/#website"},"primaryImageOfPage":{"@id":"https:\/\/cleitonpinheiro.com.br\/site\/curso-gratuito-ensina-artistas-e-produtores-culturais-a-usar-as-redes-sociais-a-favor-da-arte\/#primaryimage"},"image":{"@id":"https:\/\/cleitonpinheiro.com.br\/site\/curso-gratuito-ensina-artistas-e-produtores-culturais-a-usar-as-redes-sociais-a-favor-da-arte\/#primaryimage"},"thumbnailUrl":"https:\/\/cleitonpinheiro.com.br\/site\/wp-content\/uploads\/2024\/05\/71fe2dd6cbdb41ca977449e58e6412e5.jpg","datePublished":"2024-05-18T17:05:12+00:00","dateModified":"2024-05-18T17:05:17+00:00","breadcrumb":{"@id":"https:\/\/cleitonpinheiro.com.br\/site\/curso-gratuito-ensina-artistas-e-produtores-culturais-a-usar-as-redes-sociais-a-favor-da-arte\/#breadcrumb"},"inLanguage":"pt-BR","potentialAction":[{"@type":"ReadAction","target":["https:\/\/cleitonpinheiro.com.br\/site\/curso-gratuito-ensina-artistas-e-produtores-culturais-a-usar-as-redes-sociais-a-favor-da-arte\/"]}]},{"@type":"ImageObject","inLanguage":"pt-BR","@id":"https:\/\/cleitonpinheiro.com.br\/site\/curso-gratuito-ensina-artistas-e-produtores-culturais-a-usar-as-redes-sociais-a-favor-da-arte\/#primaryimage","url":"","contentUrl":""},{"@type":"BreadcrumbList","@id":"https:\/\/cleitonpinheiro.com.br\/site\/curso-gratuito-ensina-artistas-e-produtores-culturais-a-usar-as-redes-sociais-a-favor-da-arte\/#breadcrumb","itemListElement":[{"@type":"ListItem","position":1,"name":"In\u00edcio","item":"https:\/\/cleitonpinheiro.com.br\/site\/"},{"@type":"ListItem","position":2,"name":"Curso gratuito ensina artistas e produtores culturais a usar as redes sociais a favor da arte"}]},{"@type":"WebSite","@id":"https:\/\/cleitonpinheiro.com.br\/site\/#website","url":"https:\/\/cleitonpinheiro.com.br\/site\/","name":"PORTAL DE NOT\u00cdCIAS CLEITON PINHEIRO","description":"FALANDO A VERDADE","publisher":{"@id":"https:\/\/cleitonpinheiro.com.br\/site\/#organization"},"potentialAction":[{"@type":"SearchAction","target":{"@type":"EntryPoint","urlTemplate":"https:\/\/cleitonpinheiro.com.br\/site\/?s={search_term_string}"},"query-input":{"@type":"PropertyValueSpecification","valueRequired":true,"valueName":"search_term_string"}}],"inLanguage":"pt-BR"},{"@type":"Organization","@id":"https:\/\/cleitonpinheiro.com.br\/site\/#organization","name":"CPNOT\u00cdCIAS","url":"https:\/\/cleitonpinheiro.com.br\/site\/","logo":{"@type":"ImageObject","inLanguage":"pt-BR","@id":"https:\/\/cleitonpinheiro.com.br\/site\/#\/schema\/logo\/image\/","url":"https:\/\/cleitonpinheiro.com.br\/site\/wp-content\/uploads\/2022\/08\/Logo-pequena-2.png","contentUrl":"https:\/\/cleitonpinheiro.com.br\/site\/wp-content\/uploads\/2022\/08\/Logo-pequena-2.png","width":500,"height":500,"caption":"CPNOT\u00cdCIAS"},"image":{"@id":"https:\/\/cleitonpinheiro.com.br\/site\/#\/schema\/logo\/image\/"},"sameAs":["https:\/\/www.facebook.com\/portalcpnoticias\/"]},{"@type":"Person","@id":"https:\/\/cleitonpinheiro.com.br\/site\/#\/schema\/person\/62fd4eb98fcc8bd3fc477aaff264af51","name":"Cleiton Pinheiro","image":{"@type":"ImageObject","inLanguage":"pt-BR","@id":"https:\/\/cleitonpinheiro.com.br\/site\/#\/schema\/person\/image\/","url":"https:\/\/secure.gravatar.com\/avatar\/15642ec35b78fe5eed3cfa8e4a3f3211d73a3df4f35f0566b4324958cba1b1b9?s=96&r=g","contentUrl":"https:\/\/secure.gravatar.com\/avatar\/15642ec35b78fe5eed3cfa8e4a3f3211d73a3df4f35f0566b4324958cba1b1b9?s=96&r=g","caption":"Cleiton Pinheiro"},"url":"https:\/\/cleitonpinheiro.com.br\/site\/author\/cleiton\/"}]}},"views":173,"_links":{"self":[{"href":"https:\/\/cleitonpinheiro.com.br\/site\/wp-json\/wp\/v2\/posts\/77271","targetHints":{"allow":["GET"]}}],"collection":[{"href":"https:\/\/cleitonpinheiro.com.br\/site\/wp-json\/wp\/v2\/posts"}],"about":[{"href":"https:\/\/cleitonpinheiro.com.br\/site\/wp-json\/wp\/v2\/types\/post"}],"author":[{"embeddable":true,"href":"https:\/\/cleitonpinheiro.com.br\/site\/wp-json\/wp\/v2\/users\/10"}],"replies":[{"embeddable":true,"href":"https:\/\/cleitonpinheiro.com.br\/site\/wp-json\/wp\/v2\/comments?post=77271"}],"version-history":[{"count":1,"href":"https:\/\/cleitonpinheiro.com.br\/site\/wp-json\/wp\/v2\/posts\/77271\/revisions"}],"predecessor-version":[{"id":77325,"href":"https:\/\/cleitonpinheiro.com.br\/site\/wp-json\/wp\/v2\/posts\/77271\/revisions\/77325"}],"wp:attachment":[{"href":"https:\/\/cleitonpinheiro.com.br\/site\/wp-json\/wp\/v2\/media?parent=77271"}],"wp:term":[{"taxonomy":"category","embeddable":true,"href":"https:\/\/cleitonpinheiro.com.br\/site\/wp-json\/wp\/v2\/categories?post=77271"},{"taxonomy":"post_tag","embeddable":true,"href":"https:\/\/cleitonpinheiro.com.br\/site\/wp-json\/wp\/v2\/tags?post=77271"}],"curies":[{"name":"wp","href":"https:\/\/api.w.org\/{rel}","templated":true}]}}