{"id":77273,"date":"2024-05-17T15:24:26","date_gmt":"2024-05-17T18:24:26","guid":{"rendered":"https:\/\/cleitonpinheiro.com.br\/site\/?p=77273"},"modified":"2024-05-17T15:24:31","modified_gmt":"2024-05-17T18:24:31","slug":"palmas-recebera-r-43-milhoes-do-pac-para-saude-entre-as-obras-centro-de-parto-normal","status":"publish","type":"post","link":"https:\/\/cleitonpinheiro.com.br\/site\/palmas-recebera-r-43-milhoes-do-pac-para-saude-entre-as-obras-centro-de-parto-normal\/","title":{"rendered":"Palmas receber\u00e1 R$ 43 milh\u00f5es do PAC para sa\u00fade; entre as obras, Centro de Parto Normal"},"content":{"rendered":"\n<figure class=\"wp-block-image aligncenter size-full\"><img decoding=\"async\" src=\"https:\/\/cleitonpinheiro.com.br\/site\/wp-content\/uploads\/2024\/05\/birth-2747060_640.jpg\" alt=\"\" class=\"wp-image-77274\"\/><figcaption class=\"wp-element-caption\">Foto: cynthia_groth\/Pixabay<\/figcaption><\/figure>\n\n\n\n<p>Palmas \u00e9 uma das cidades contempladas com investimentos oriundos do novo Programa de Acelera\u00e7\u00e3o do Crescimento Sa\u00fade (Novo PAC) do Governo Federal e do Minist\u00e9rio da Sa\u00fade. Com recurso de mais de R$ 43 milh\u00f5es, a Prefeitura ir\u00e1 construir uma nova Unidade de Sa\u00fade da Fam\u00edlia (USF) na regi\u00e3o Sul, uma policl\u00ednica, um Centro de Parto Normal, um Centro de Aten\u00e7\u00e3o Psicossocial (Caps)\u00a0e adquirir mais seis ambul\u00e2ncias para o Servi\u00e7o de Atendimento M\u00f3vel de Urg\u00eancia (Samu) da Secretaria Municipal da Sa\u00fade (Semus).<\/p>\n\n\n\n<p>Para a secret\u00e1ria municipal da Sa\u00fade, Anna Crystina Mota, esta \u00e9 mais uma conquista para garantir a assist\u00eancia em sa\u00fade que Palmas merece. \u201cAcabamos de entregar a reforma de duas unidades de sa\u00fade na regi\u00e3o Sul, essa nova constru\u00e7\u00e3o garantir\u00e1 um atendimento de mais pacientes. Al\u00e9m disso, a Casa de Parto Normal ser\u00e1 um diferencial para Palmas e uma obra muito aguardada.\u201d<\/p>\n\n\n\n<p><strong>Centro de Parto Normal<\/strong><\/p>\n\n\n\n<p>Palmas possui uma popula\u00e7\u00e3o estimada de quase 100 mil mulheres em idade f\u00e9rtil. O Centro de Parto Normal possibilitar\u00e1 a realiza\u00e7\u00e3o de uma m\u00e9dia de 900 partos por ano em um ambiente acolhedor e que garantir\u00e1 uma assist\u00eancia materno-infantil para as m\u00e3es e os rec\u00e9m-nascidos.<\/p>\n\n\n\n<p>Texto: Prefeitura de Palmas<\/p>\n","protected":false},"excerpt":{"rendered":"<p>Palmas \u00e9 uma das cidades contempladas com investimentos oriundos do novo Programa de Acelera\u00e7\u00e3o do Crescimento Sa\u00fade (Novo PAC) do Governo Federal e do Minist\u00e9rio da Sa\u00fade. Com recurso de mais de R$ 43 milh\u00f5es, a Prefeitura ir\u00e1 construir uma nova Unidade de Sa\u00fade da Fam\u00edlia (USF) na regi\u00e3o Sul, uma policl\u00ednica, um Centro de [&hellip;]<\/p>\n","protected":false},"author":10,"featured_media":0,"comment_status":"open","ping_status":"open","sticky":false,"template":"","format":"standard","meta":{"_acf_changed":false,"footnotes":""},"categories":[22,898,21],"tags":[],"class_list":["post-77273","post","type-post","status-publish","format-standard","hentry","category-cidades","category-manchete-segundaria","category-todas-noticias"],"acf":[],"yoast_head":"<!-- This site is optimized with the Yoast SEO plugin v24.4 - https:\/\/yoast.com\/wordpress\/plugins\/seo\/ -->\n<title>Palmas receber\u00e1 R$ 43 milh\u00f5es do PAC para sa\u00fade; entre as obras, Centro de Parto Normal - PORTAL DE NOT\u00cdCIAS CLEITON PINHEIRO<\/title>\n<meta name=\"robots\" content=\"index, follow, max-snippet:-1, max-image-preview:large, max-video-preview:-1\" \/>\n<link rel=\"canonical\" href=\"https:\/\/cleitonpinheiro.com.br\/site\/palmas-recebera-r-43-milhoes-do-pac-para-saude-entre-as-obras-centro-de-parto-normal\/\" \/>\n<meta property=\"og:locale\" content=\"pt_BR\" \/>\n<meta property=\"og:type\" content=\"article\" \/>\n<meta property=\"og:title\" content=\"Palmas receber\u00e1 R$ 43 milh\u00f5es do PAC para sa\u00fade; entre as obras, Centro de Parto Normal - PORTAL DE NOT\u00cdCIAS CLEITON PINHEIRO\" \/>\n<meta property=\"og:description\" content=\"Palmas \u00e9 uma das cidades contempladas com investimentos oriundos do novo Programa de Acelera\u00e7\u00e3o do Crescimento Sa\u00fade (Novo PAC) do Governo Federal e do Minist\u00e9rio da Sa\u00fade. Com recurso de mais de R$ 43 milh\u00f5es, a Prefeitura ir\u00e1 construir uma nova Unidade de Sa\u00fade da Fam\u00edlia (USF) na regi\u00e3o Sul, uma policl\u00ednica, um Centro de [&hellip;]\" \/>\n<meta property=\"og:url\" content=\"https:\/\/cleitonpinheiro.com.br\/site\/palmas-recebera-r-43-milhoes-do-pac-para-saude-entre-as-obras-centro-de-parto-normal\/\" \/>\n<meta property=\"og:site_name\" content=\"PORTAL DE NOT\u00cdCIAS CLEITON PINHEIRO\" \/>\n<meta property=\"article:publisher\" content=\"https:\/\/www.facebook.com\/portalcpnoticias\/\" \/>\n<meta property=\"article:published_time\" content=\"2024-05-17T18:24:26+00:00\" \/>\n<meta property=\"article:modified_time\" content=\"2024-05-17T18:24:31+00:00\" \/>\n<meta property=\"og:image\" content=\"https:\/\/cleitonpinheiro.com.br\/site\/wp-content\/uploads\/2024\/05\/birth-2747060_640.jpg\" \/>\n\t<meta property=\"og:image:width\" content=\"640\" \/>\n\t<meta property=\"og:image:height\" content=\"427\" \/>\n\t<meta property=\"og:image:type\" content=\"image\/jpeg\" \/>\n<meta name=\"author\" content=\"Cleiton Pinheiro\" \/>\n<meta name=\"twitter:card\" content=\"summary_large_image\" \/>\n<meta name=\"twitter:label1\" content=\"Escrito por\" \/>\n\t<meta name=\"twitter:data1\" content=\"Cleiton Pinheiro\" \/>\n\t<meta name=\"twitter:label2\" content=\"Est. tempo de leitura\" \/>\n\t<meta name=\"twitter:data2\" content=\"2 minutos\" \/>\n<script type=\"application\/ld+json\" class=\"yoast-schema-graph\">{\"@context\":\"https:\/\/schema.org\",\"@graph\":[{\"@type\":\"Article\",\"@id\":\"https:\/\/cleitonpinheiro.com.br\/site\/palmas-recebera-r-43-milhoes-do-pac-para-saude-entre-as-obras-centro-de-parto-normal\/#article\",\"isPartOf\":{\"@id\":\"https:\/\/cleitonpinheiro.com.br\/site\/palmas-recebera-r-43-milhoes-do-pac-para-saude-entre-as-obras-centro-de-parto-normal\/\"},\"author\":{\"name\":\"Cleiton Pinheiro\",\"@id\":\"https:\/\/cleitonpinheiro.com.br\/site\/#\/schema\/person\/62fd4eb98fcc8bd3fc477aaff264af51\"},\"headline\":\"Palmas receber\u00e1 R$ 43 milh\u00f5es do PAC para sa\u00fade; entre as obras, Centro de Parto Normal\",\"datePublished\":\"2024-05-17T18:24:26+00:00\",\"dateModified\":\"2024-05-17T18:24:31+00:00\",\"mainEntityOfPage\":{\"@id\":\"https:\/\/cleitonpinheiro.com.br\/site\/palmas-recebera-r-43-milhoes-do-pac-para-saude-entre-as-obras-centro-de-parto-normal\/\"},\"wordCount\":244,\"commentCount\":0,\"publisher\":{\"@id\":\"https:\/\/cleitonpinheiro.com.br\/site\/#organization\"},\"image\":{\"@id\":\"https:\/\/cleitonpinheiro.com.br\/site\/palmas-recebera-r-43-milhoes-do-pac-para-saude-entre-as-obras-centro-de-parto-normal\/#primaryimage\"},\"thumbnailUrl\":\"https:\/\/cleitonpinheiro.com.br\/site\/wp-content\/uploads\/2024\/05\/birth-2747060_640.jpg\",\"articleSection\":[\"CIDADES\",\"MANCHETE SEGUND\u00c1RIA\",\"TODAS NOTICIAS\"],\"inLanguage\":\"pt-BR\",\"potentialAction\":[{\"@type\":\"CommentAction\",\"name\":\"Comment\",\"target\":[\"https:\/\/cleitonpinheiro.com.br\/site\/palmas-recebera-r-43-milhoes-do-pac-para-saude-entre-as-obras-centro-de-parto-normal\/#respond\"]}]},{\"@type\":\"WebPage\",\"@id\":\"https:\/\/cleitonpinheiro.com.br\/site\/palmas-recebera-r-43-milhoes-do-pac-para-saude-entre-as-obras-centro-de-parto-normal\/\",\"url\":\"https:\/\/cleitonpinheiro.com.br\/site\/palmas-recebera-r-43-milhoes-do-pac-para-saude-entre-as-obras-centro-de-parto-normal\/\",\"name\":\"Palmas receber\u00e1 R$ 43 milh\u00f5es do PAC para sa\u00fade; entre as obras, Centro de Parto Normal - PORTAL DE NOT\u00cdCIAS CLEITON PINHEIRO\",\"isPartOf\":{\"@id\":\"https:\/\/cleitonpinheiro.com.br\/site\/#website\"},\"primaryImageOfPage\":{\"@id\":\"https:\/\/cleitonpinheiro.com.br\/site\/palmas-recebera-r-43-milhoes-do-pac-para-saude-entre-as-obras-centro-de-parto-normal\/#primaryimage\"},\"image\":{\"@id\":\"https:\/\/cleitonpinheiro.com.br\/site\/palmas-recebera-r-43-milhoes-do-pac-para-saude-entre-as-obras-centro-de-parto-normal\/#primaryimage\"},\"thumbnailUrl\":\"https:\/\/cleitonpinheiro.com.br\/site\/wp-content\/uploads\/2024\/05\/birth-2747060_640.jpg\",\"datePublished\":\"2024-05-17T18:24:26+00:00\",\"dateModified\":\"2024-05-17T18:24:31+00:00\",\"breadcrumb\":{\"@id\":\"https:\/\/cleitonpinheiro.com.br\/site\/palmas-recebera-r-43-milhoes-do-pac-para-saude-entre-as-obras-centro-de-parto-normal\/#breadcrumb\"},\"inLanguage\":\"pt-BR\",\"potentialAction\":[{\"@type\":\"ReadAction\",\"target\":[\"https:\/\/cleitonpinheiro.com.br\/site\/palmas-recebera-r-43-milhoes-do-pac-para-saude-entre-as-obras-centro-de-parto-normal\/\"]}]},{\"@type\":\"ImageObject\",\"inLanguage\":\"pt-BR\",\"@id\":\"https:\/\/cleitonpinheiro.com.br\/site\/palmas-recebera-r-43-milhoes-do-pac-para-saude-entre-as-obras-centro-de-parto-normal\/#primaryimage\",\"url\":\"\",\"contentUrl\":\"\"},{\"@type\":\"BreadcrumbList\",\"@id\":\"https:\/\/cleitonpinheiro.com.br\/site\/palmas-recebera-r-43-milhoes-do-pac-para-saude-entre-as-obras-centro-de-parto-normal\/#breadcrumb\",\"itemListElement\":[{\"@type\":\"ListItem\",\"position\":1,\"name\":\"In\u00edcio\",\"item\":\"https:\/\/cleitonpinheiro.com.br\/site\/\"},{\"@type\":\"ListItem\",\"position\":2,\"name\":\"Palmas receber\u00e1 R$ 43 milh\u00f5es do PAC para sa\u00fade; entre as obras, Centro de Parto Normal\"}]},{\"@type\":\"WebSite\",\"@id\":\"https:\/\/cleitonpinheiro.com.br\/site\/#website\",\"url\":\"https:\/\/cleitonpinheiro.com.br\/site\/\",\"name\":\"PORTAL DE NOT\u00cdCIAS CLEITON PINHEIRO\",\"description\":\"FALANDO A VERDADE\",\"publisher\":{\"@id\":\"https:\/\/cleitonpinheiro.com.br\/site\/#organization\"},\"potentialAction\":[{\"@type\":\"SearchAction\",\"target\":{\"@type\":\"EntryPoint\",\"urlTemplate\":\"https:\/\/cleitonpinheiro.com.br\/site\/?s={search_term_string}\"},\"query-input\":{\"@type\":\"PropertyValueSpecification\",\"valueRequired\":true,\"valueName\":\"search_term_string\"}}],\"inLanguage\":\"pt-BR\"},{\"@type\":\"Organization\",\"@id\":\"https:\/\/cleitonpinheiro.com.br\/site\/#organization\",\"name\":\"CPNOT\u00cdCIAS\",\"url\":\"https:\/\/cleitonpinheiro.com.br\/site\/\",\"logo\":{\"@type\":\"ImageObject\",\"inLanguage\":\"pt-BR\",\"@id\":\"https:\/\/cleitonpinheiro.com.br\/site\/#\/schema\/logo\/image\/\",\"url\":\"https:\/\/cleitonpinheiro.com.br\/site\/wp-content\/uploads\/2022\/08\/Logo-pequena-2.png\",\"contentUrl\":\"https:\/\/cleitonpinheiro.com.br\/site\/wp-content\/uploads\/2022\/08\/Logo-pequena-2.png\",\"width\":500,\"height\":500,\"caption\":\"CPNOT\u00cdCIAS\"},\"image\":{\"@id\":\"https:\/\/cleitonpinheiro.com.br\/site\/#\/schema\/logo\/image\/\"},\"sameAs\":[\"https:\/\/www.facebook.com\/portalcpnoticias\/\"]},{\"@type\":\"Person\",\"@id\":\"https:\/\/cleitonpinheiro.com.br\/site\/#\/schema\/person\/62fd4eb98fcc8bd3fc477aaff264af51\",\"name\":\"Cleiton Pinheiro\",\"image\":{\"@type\":\"ImageObject\",\"inLanguage\":\"pt-BR\",\"@id\":\"https:\/\/cleitonpinheiro.com.br\/site\/#\/schema\/person\/image\/\",\"url\":\"https:\/\/secure.gravatar.com\/avatar\/15642ec35b78fe5eed3cfa8e4a3f3211d73a3df4f35f0566b4324958cba1b1b9?s=96&r=g\",\"contentUrl\":\"https:\/\/secure.gravatar.com\/avatar\/15642ec35b78fe5eed3cfa8e4a3f3211d73a3df4f35f0566b4324958cba1b1b9?s=96&r=g\",\"caption\":\"Cleiton Pinheiro\"},\"url\":\"https:\/\/cleitonpinheiro.com.br\/site\/author\/cleiton\/\"}]}<\/script>\n<!-- \/ Yoast SEO plugin. -->","yoast_head_json":{"title":"Palmas receber\u00e1 R$ 43 milh\u00f5es do PAC para sa\u00fade; entre as obras, Centro de Parto Normal - PORTAL DE NOT\u00cdCIAS CLEITON PINHEIRO","robots":{"index":"index","follow":"follow","max-snippet":"max-snippet:-1","max-image-preview":"max-image-preview:large","max-video-preview":"max-video-preview:-1"},"canonical":"https:\/\/cleitonpinheiro.com.br\/site\/palmas-recebera-r-43-milhoes-do-pac-para-saude-entre-as-obras-centro-de-parto-normal\/","og_locale":"pt_BR","og_type":"article","og_title":"Palmas receber\u00e1 R$ 43 milh\u00f5es do PAC para sa\u00fade; entre as obras, Centro de Parto Normal - PORTAL DE NOT\u00cdCIAS CLEITON PINHEIRO","og_description":"Palmas \u00e9 uma das cidades contempladas com investimentos oriundos do novo Programa de Acelera\u00e7\u00e3o do Crescimento Sa\u00fade (Novo PAC) do Governo Federal e do Minist\u00e9rio da Sa\u00fade. Com recurso de mais de R$ 43 milh\u00f5es, a Prefeitura ir\u00e1 construir uma nova Unidade de Sa\u00fade da Fam\u00edlia (USF) na regi\u00e3o Sul, uma policl\u00ednica, um Centro de [&hellip;]","og_url":"https:\/\/cleitonpinheiro.com.br\/site\/palmas-recebera-r-43-milhoes-do-pac-para-saude-entre-as-obras-centro-de-parto-normal\/","og_site_name":"PORTAL DE NOT\u00cdCIAS CLEITON PINHEIRO","article_publisher":"https:\/\/www.facebook.com\/portalcpnoticias\/","article_published_time":"2024-05-17T18:24:26+00:00","article_modified_time":"2024-05-17T18:24:31+00:00","og_image":[{"width":640,"height":427,"url":"https:\/\/cleitonpinheiro.com.br\/site\/wp-content\/uploads\/2024\/05\/birth-2747060_640.jpg","type":"image\/jpeg"}],"author":"Cleiton Pinheiro","twitter_card":"summary_large_image","twitter_misc":{"Escrito por":"Cleiton Pinheiro","Est. tempo de leitura":"2 minutos"},"schema":{"@context":"https:\/\/schema.org","@graph":[{"@type":"Article","@id":"https:\/\/cleitonpinheiro.com.br\/site\/palmas-recebera-r-43-milhoes-do-pac-para-saude-entre-as-obras-centro-de-parto-normal\/#article","isPartOf":{"@id":"https:\/\/cleitonpinheiro.com.br\/site\/palmas-recebera-r-43-milhoes-do-pac-para-saude-entre-as-obras-centro-de-parto-normal\/"},"author":{"name":"Cleiton Pinheiro","@id":"https:\/\/cleitonpinheiro.com.br\/site\/#\/schema\/person\/62fd4eb98fcc8bd3fc477aaff264af51"},"headline":"Palmas receber\u00e1 R$ 43 milh\u00f5es do PAC para sa\u00fade; entre as obras, Centro de Parto Normal","datePublished":"2024-05-17T18:24:26+00:00","dateModified":"2024-05-17T18:24:31+00:00","mainEntityOfPage":{"@id":"https:\/\/cleitonpinheiro.com.br\/site\/palmas-recebera-r-43-milhoes-do-pac-para-saude-entre-as-obras-centro-de-parto-normal\/"},"wordCount":244,"commentCount":0,"publisher":{"@id":"https:\/\/cleitonpinheiro.com.br\/site\/#organization"},"image":{"@id":"https:\/\/cleitonpinheiro.com.br\/site\/palmas-recebera-r-43-milhoes-do-pac-para-saude-entre-as-obras-centro-de-parto-normal\/#primaryimage"},"thumbnailUrl":"https:\/\/cleitonpinheiro.com.br\/site\/wp-content\/uploads\/2024\/05\/birth-2747060_640.jpg","articleSection":["CIDADES","MANCHETE SEGUND\u00c1RIA","TODAS NOTICIAS"],"inLanguage":"pt-BR","potentialAction":[{"@type":"CommentAction","name":"Comment","target":["https:\/\/cleitonpinheiro.com.br\/site\/palmas-recebera-r-43-milhoes-do-pac-para-saude-entre-as-obras-centro-de-parto-normal\/#respond"]}]},{"@type":"WebPage","@id":"https:\/\/cleitonpinheiro.com.br\/site\/palmas-recebera-r-43-milhoes-do-pac-para-saude-entre-as-obras-centro-de-parto-normal\/","url":"https:\/\/cleitonpinheiro.com.br\/site\/palmas-recebera-r-43-milhoes-do-pac-para-saude-entre-as-obras-centro-de-parto-normal\/","name":"Palmas receber\u00e1 R$ 43 milh\u00f5es do PAC para sa\u00fade; entre as obras, Centro de Parto Normal - PORTAL DE NOT\u00cdCIAS CLEITON PINHEIRO","isPartOf":{"@id":"https:\/\/cleitonpinheiro.com.br\/site\/#website"},"primaryImageOfPage":{"@id":"https:\/\/cleitonpinheiro.com.br\/site\/palmas-recebera-r-43-milhoes-do-pac-para-saude-entre-as-obras-centro-de-parto-normal\/#primaryimage"},"image":{"@id":"https:\/\/cleitonpinheiro.com.br\/site\/palmas-recebera-r-43-milhoes-do-pac-para-saude-entre-as-obras-centro-de-parto-normal\/#primaryimage"},"thumbnailUrl":"https:\/\/cleitonpinheiro.com.br\/site\/wp-content\/uploads\/2024\/05\/birth-2747060_640.jpg","datePublished":"2024-05-17T18:24:26+00:00","dateModified":"2024-05-17T18:24:31+00:00","breadcrumb":{"@id":"https:\/\/cleitonpinheiro.com.br\/site\/palmas-recebera-r-43-milhoes-do-pac-para-saude-entre-as-obras-centro-de-parto-normal\/#breadcrumb"},"inLanguage":"pt-BR","potentialAction":[{"@type":"ReadAction","target":["https:\/\/cleitonpinheiro.com.br\/site\/palmas-recebera-r-43-milhoes-do-pac-para-saude-entre-as-obras-centro-de-parto-normal\/"]}]},{"@type":"ImageObject","inLanguage":"pt-BR","@id":"https:\/\/cleitonpinheiro.com.br\/site\/palmas-recebera-r-43-milhoes-do-pac-para-saude-entre-as-obras-centro-de-parto-normal\/#primaryimage","url":"","contentUrl":""},{"@type":"BreadcrumbList","@id":"https:\/\/cleitonpinheiro.com.br\/site\/palmas-recebera-r-43-milhoes-do-pac-para-saude-entre-as-obras-centro-de-parto-normal\/#breadcrumb","itemListElement":[{"@type":"ListItem","position":1,"name":"In\u00edcio","item":"https:\/\/cleitonpinheiro.com.br\/site\/"},{"@type":"ListItem","position":2,"name":"Palmas receber\u00e1 R$ 43 milh\u00f5es do PAC para sa\u00fade; entre as obras, Centro de Parto Normal"}]},{"@type":"WebSite","@id":"https:\/\/cleitonpinheiro.com.br\/site\/#website","url":"https:\/\/cleitonpinheiro.com.br\/site\/","name":"PORTAL DE NOT\u00cdCIAS CLEITON PINHEIRO","description":"FALANDO A VERDADE","publisher":{"@id":"https:\/\/cleitonpinheiro.com.br\/site\/#organization"},"potentialAction":[{"@type":"SearchAction","target":{"@type":"EntryPoint","urlTemplate":"https:\/\/cleitonpinheiro.com.br\/site\/?s={search_term_string}"},"query-input":{"@type":"PropertyValueSpecification","valueRequired":true,"valueName":"search_term_string"}}],"inLanguage":"pt-BR"},{"@type":"Organization","@id":"https:\/\/cleitonpinheiro.com.br\/site\/#organization","name":"CPNOT\u00cdCIAS","url":"https:\/\/cleitonpinheiro.com.br\/site\/","logo":{"@type":"ImageObject","inLanguage":"pt-BR","@id":"https:\/\/cleitonpinheiro.com.br\/site\/#\/schema\/logo\/image\/","url":"https:\/\/cleitonpinheiro.com.br\/site\/wp-content\/uploads\/2022\/08\/Logo-pequena-2.png","contentUrl":"https:\/\/cleitonpinheiro.com.br\/site\/wp-content\/uploads\/2022\/08\/Logo-pequena-2.png","width":500,"height":500,"caption":"CPNOT\u00cdCIAS"},"image":{"@id":"https:\/\/cleitonpinheiro.com.br\/site\/#\/schema\/logo\/image\/"},"sameAs":["https:\/\/www.facebook.com\/portalcpnoticias\/"]},{"@type":"Person","@id":"https:\/\/cleitonpinheiro.com.br\/site\/#\/schema\/person\/62fd4eb98fcc8bd3fc477aaff264af51","name":"Cleiton Pinheiro","image":{"@type":"ImageObject","inLanguage":"pt-BR","@id":"https:\/\/cleitonpinheiro.com.br\/site\/#\/schema\/person\/image\/","url":"https:\/\/secure.gravatar.com\/avatar\/15642ec35b78fe5eed3cfa8e4a3f3211d73a3df4f35f0566b4324958cba1b1b9?s=96&r=g","contentUrl":"https:\/\/secure.gravatar.com\/avatar\/15642ec35b78fe5eed3cfa8e4a3f3211d73a3df4f35f0566b4324958cba1b1b9?s=96&r=g","caption":"Cleiton Pinheiro"},"url":"https:\/\/cleitonpinheiro.com.br\/site\/author\/cleiton\/"}]}},"views":172,"_links":{"self":[{"href":"https:\/\/cleitonpinheiro.com.br\/site\/wp-json\/wp\/v2\/posts\/77273","targetHints":{"allow":["GET"]}}],"collection":[{"href":"https:\/\/cleitonpinheiro.com.br\/site\/wp-json\/wp\/v2\/posts"}],"about":[{"href":"https:\/\/cleitonpinheiro.com.br\/site\/wp-json\/wp\/v2\/types\/post"}],"author":[{"embeddable":true,"href":"https:\/\/cleitonpinheiro.com.br\/site\/wp-json\/wp\/v2\/users\/10"}],"replies":[{"embeddable":true,"href":"https:\/\/cleitonpinheiro.com.br\/site\/wp-json\/wp\/v2\/comments?post=77273"}],"version-history":[{"count":1,"href":"https:\/\/cleitonpinheiro.com.br\/site\/wp-json\/wp\/v2\/posts\/77273\/revisions"}],"predecessor-version":[{"id":77275,"href":"https:\/\/cleitonpinheiro.com.br\/site\/wp-json\/wp\/v2\/posts\/77273\/revisions\/77275"}],"wp:attachment":[{"href":"https:\/\/cleitonpinheiro.com.br\/site\/wp-json\/wp\/v2\/media?parent=77273"}],"wp:term":[{"taxonomy":"category","embeddable":true,"href":"https:\/\/cleitonpinheiro.com.br\/site\/wp-json\/wp\/v2\/categories?post=77273"},{"taxonomy":"post_tag","embeddable":true,"href":"https:\/\/cleitonpinheiro.com.br\/site\/wp-json\/wp\/v2\/tags?post=77273"}],"curies":[{"name":"wp","href":"https:\/\/api.w.org\/{rel}","templated":true}]}}