{"id":77276,"date":"2024-05-16T15:25:31","date_gmt":"2024-05-16T18:25:31","guid":{"rendered":"https:\/\/cleitonpinheiro.com.br\/site\/?p=77276"},"modified":"2024-05-17T15:27:44","modified_gmt":"2024-05-17T18:27:44","slug":"versao-restaurada-de-a-hora-da-estrela-entra-em-exibicao-no-cine-cultura","status":"publish","type":"post","link":"https:\/\/cleitonpinheiro.com.br\/site\/versao-restaurada-de-a-hora-da-estrela-entra-em-exibicao-no-cine-cultura\/","title":{"rendered":"Vers\u00e3o restaurada de \u2018A Hora da Estrela\u2019 entra em exibi\u00e7\u00e3o no Cine Cultura"},"content":{"rendered":"\n<figure class=\"wp-block-image size-full\"><img decoding=\"async\" src=\"https:\/\/cleitonpinheiro.com.br\/site\/wp-content\/uploads\/2024\/05\/64db8645ac7b4a41bf1531177a24b1f1.jpg\" alt=\"\" class=\"wp-image-77277\"\/><\/figure>\n\n\n\n<p>A adapta\u00e7\u00e3o do livro de Clarice Lispector e um dos maiores cl\u00e1ssicos do cinema nacional chega \u00e0s telas do Cine Cultura Palmas nesta semana. Em vers\u00e3o restaurada, \u2018A Hora da Estrela\u2019 estreia nesta quinta-feira, 16, \u00e0s 20h30.\u00a0Com Marc\u00e9lia Cartaxo e Fernanda Montenegro no elenco, o longa foi premiado em diversos festivais e est\u00e1 na lista da Associa\u00e7\u00e3o Brasileira de Cr\u00edticos de Cinema\u00a0(Abraccine) como um dos cem melhores filmes brasileiros de todos os tempos.<\/p>\n\n\n\n<p>Nele acompanhamos a hist\u00f3ria de Macab\u00e9a, uma mulher nordestina que depois de perder uma velha tia, seu \u00fanico elo com o mundo, viaja para o Rio de Janeiro, onde aluga um quarto, se emprega como datil\u00f3grafa e gasta suas horas ouvindo a R\u00e1dio Rel\u00f3gio. Apaixona-se, ent\u00e3o, por Ol\u00edmpico de Jesus, um metal\u00fargico nordestino, que logo a trai com uma colega de trabalho. Desesperada, Macab\u00e9a consulta uma cartomante que lhe prev\u00ea um futuro luminoso, diferente do que a espera.&nbsp;<a href=\"http:\/\/youtu.be\/jCVVei38HZs\" target=\"_blank\" rel=\"noreferrer noopener\">Confira o trailer aqui<\/a><a href=\"https:\/\/www.youtube.com\/watch?v=jCVVei38HZs\" target=\"_blank\" rel=\"noreferrer noopener\">.<\/a><\/p>\n\n\n\n<p>O filme retorna \u00e0s telas de cinema do Brasil, por meio da Sess\u00e3o Vitrine Petrobras, projeto inovador de distribui\u00e7\u00e3o de filmes brasileiro em salas de cinema comerciais realizado pela distribuidora Vitrine Filmes. Estreando filmes a pre\u00e7os reduzidos, o projeto realiza sess\u00f5es com debates e oficinas, com o principal objetivo de potencializar a forma\u00e7\u00e3o de p\u00fablico para o cinema, promovendo a democratiza\u00e7\u00e3o do cinema brasileiro.<\/p>\n\n\n\n<p><strong>Ingressos<\/strong><\/p>\n\n\n\n<p>Os ingressos est\u00e3o dispon\u00edveis no Cine Cultura, localizado no Espa\u00e7o Cultural Jos\u00e9 Gomes Sobrinho, todos no valor de R$ 15 a inteira, e R$ 7,50, a meia-entrada. As vendas iniciam-se a partir das 16 horas. O Cine Cultura Palmas reserva o direito de alterar a programa\u00e7\u00e3o sem aviso pr\u00e9vio. Para mais informa\u00e7\u00f5es, ligue no telefone (63) 3212-7308.<br>&nbsp;<br><strong>Programa\u00e7\u00e3o&nbsp;<\/strong>&nbsp; &nbsp; &nbsp;<\/p>\n\n\n\n<p><strong>16\/05\/2024 (qui)<\/strong><br>16h30 &#8211; Transe, Carolina Jabor e Anne Pinheiro<br>Drama|2022| Brasil|75&#8242;<br>Classifica\u00e7\u00e3o: 14 anos<\/p>\n\n\n\n<p>18h30 &#8211; Di\u00e1logos com Ruth de Souza, Juliana Vicente<br>Document\u00e1rio| Brasil| 2024| 115\u2019<br>Classifica\u00e7\u00e3o: 12 anos&nbsp;<\/p>\n\n\n\n<p>20h30 &#8211; A Hora da Estrela, Suzana Amaral<br>Com\u00e9dia, drama|Brasil|1985|96\u2019<br>Classifica\u00e7\u00e3o: 12 anos&nbsp;<\/p>\n\n\n\n<p><br><strong>17\/05\/2024 (sex)<\/strong><br>16h30 &#8211; Uma Ba\u00eda, Murilo Salles<br>Document\u00e1rio| Brasil|2024|110\u2019<br>Classifica\u00e7\u00e3o: Livre<\/p>\n\n\n\n<p>18h30 &#8211; Maestro(s), Bruno Chiche<br>Drama |Fran\u00e7a|2022|98\u2019<br>Classifica\u00e7\u00e3o: 10 anos&nbsp;<\/p>\n\n\n\n<p>20h30 &#8211; Di\u00e1logos com Ruth de Souza, Juliana Vicente<br>Document\u00e1rio| Brasil| 2024| 115\u2019<br>Classifica\u00e7\u00e3o: 12 anos&nbsp;<\/p>\n\n\n\n<p><strong>18\/05\/2024 (s\u00e1b)<\/strong><br>16h30&nbsp;&#8211; A Hora da Estrela, Suzana Amaral<br>Com\u00e9dia, drama| Brasil|1985|96\u2019<br>Classifica\u00e7\u00e3o: 12 anos&nbsp;<\/p>\n\n\n\n<p>18h30 &#8211; Maestro(s), Bruno Chiche<br>Drama |Fran\u00e7a|2022|98\u2019<br>Classifica\u00e7\u00e3o: 10 anos<\/p>\n\n\n\n<p>20h30 &#8211; De Repente, Miss!, Hsu Chien (pr\u00e9-estreia)<br>Com\u00e9dia| Brasil| 2024| 93\u2019<br>Classifica\u00e7\u00e3o: 12 anos&nbsp;<\/p>\n\n\n\n<p><strong>19\/05\/2024 (dom)<\/strong><br>16h30- Di\u00e1logos com Ruth de Souza, Juliana Vicente<br>Document\u00e1rio| Brasil| 2024| 115\u2019<br>Classifica\u00e7\u00e3o: 12 anos&nbsp;<\/p>\n\n\n\n<p>18h30 &#8211; Palmas Eu Gosto de Tu, Andr\u00e9 Ara\u00fajo; H\u00e9lio Brito; Roberto Giovanetti, Wertem Nunes, Marcelo Silva e Eva Pereira<br>Fic\u00e7\u00e3o, Brasil, 2014, 95 \u2018<br>Classifica\u00e7\u00e3o: Livre&nbsp;<\/p>\n\n\n\n<p>20h30 -Dorival Caymmi &#8211; Um Homem de Afetos, Daniela Broitman<br>Document\u00e1rio |Brasil| 2024|93\u2019<br>Classifica\u00e7\u00e3o: Livre<\/p>\n\n\n\n<p><br><strong>22\/05\/2024 (qua)<\/strong><br>16h30 &#8211; Morcego Negro, Chaim Litewski, Cleisson Vidal<br>Document\u00e1rio| Brasil|2024|124\u2019<br>Classifica\u00e7\u00e3o: 12 anos&nbsp;<\/p>\n\n\n\n<p>18h30 &#8211; Maestro(s), Bruno Chiche<br>Drama |Fran\u00e7a|2022|98\u2019<br>Classifica\u00e7\u00e3o: 10 anos<\/p>\n\n\n\n<p>20h30 &#8211; A Hora da Estrela, Suzana Amaral<br>Com\u00e9dia, drama|Brasil|1985|96\u2019<br>Classifica\u00e7\u00e3o: 12 anos\u00a0<\/p>\n\n\n\n<p>Texto: Prefeitura de Palmas<\/p>\n","protected":false},"excerpt":{"rendered":"<p>A adapta\u00e7\u00e3o do livro de Clarice Lispector e um dos maiores cl\u00e1ssicos do cinema nacional chega \u00e0s telas do Cine Cultura Palmas nesta semana. Em vers\u00e3o restaurada, \u2018A Hora da Estrela\u2019 estreia nesta quinta-feira, 16, \u00e0s 20h30.\u00a0Com Marc\u00e9lia Cartaxo e Fernanda Montenegro no elenco, o longa foi premiado em diversos festivais e est\u00e1 na lista [&hellip;]<\/p>\n","protected":false},"author":10,"featured_media":0,"comment_status":"open","ping_status":"open","sticky":false,"template":"","format":"standard","meta":{"_acf_changed":false,"footnotes":""},"categories":[22,20,21],"tags":[],"class_list":["post-77276","post","type-post","status-publish","format-standard","hentry","category-cidades","category-noticias-em-destaque","category-todas-noticias"],"acf":[],"yoast_head":"<!-- This site is optimized with the Yoast SEO plugin v24.4 - https:\/\/yoast.com\/wordpress\/plugins\/seo\/ -->\n<title>Vers\u00e3o restaurada de \u2018A Hora da Estrela\u2019 entra em exibi\u00e7\u00e3o no Cine Cultura - PORTAL DE NOT\u00cdCIAS CLEITON PINHEIRO<\/title>\n<meta name=\"robots\" content=\"index, follow, max-snippet:-1, max-image-preview:large, max-video-preview:-1\" \/>\n<link rel=\"canonical\" href=\"https:\/\/cleitonpinheiro.com.br\/site\/versao-restaurada-de-a-hora-da-estrela-entra-em-exibicao-no-cine-cultura\/\" \/>\n<meta property=\"og:locale\" content=\"pt_BR\" \/>\n<meta property=\"og:type\" content=\"article\" \/>\n<meta property=\"og:title\" content=\"Vers\u00e3o restaurada de \u2018A Hora da Estrela\u2019 entra em exibi\u00e7\u00e3o no Cine Cultura - PORTAL DE NOT\u00cdCIAS CLEITON PINHEIRO\" \/>\n<meta property=\"og:description\" content=\"A adapta\u00e7\u00e3o do livro de Clarice Lispector e um dos maiores cl\u00e1ssicos do cinema nacional chega \u00e0s telas do Cine Cultura Palmas nesta semana. Em vers\u00e3o restaurada, \u2018A Hora da Estrela\u2019 estreia nesta quinta-feira, 16, \u00e0s 20h30.\u00a0Com Marc\u00e9lia Cartaxo e Fernanda Montenegro no elenco, o longa foi premiado em diversos festivais e est\u00e1 na lista [&hellip;]\" \/>\n<meta property=\"og:url\" content=\"https:\/\/cleitonpinheiro.com.br\/site\/versao-restaurada-de-a-hora-da-estrela-entra-em-exibicao-no-cine-cultura\/\" \/>\n<meta property=\"og:site_name\" content=\"PORTAL DE NOT\u00cdCIAS CLEITON PINHEIRO\" \/>\n<meta property=\"article:publisher\" content=\"https:\/\/www.facebook.com\/portalcpnoticias\/\" \/>\n<meta property=\"article:published_time\" content=\"2024-05-16T18:25:31+00:00\" \/>\n<meta property=\"article:modified_time\" content=\"2024-05-17T18:27:44+00:00\" \/>\n<meta property=\"og:image\" content=\"https:\/\/cleitonpinheiro.com.br\/site\/wp-content\/uploads\/2024\/05\/64db8645ac7b4a41bf1531177a24b1f1.jpg\" \/>\n\t<meta property=\"og:image:width\" content=\"800\" \/>\n\t<meta property=\"og:image:height\" content=\"450\" \/>\n\t<meta property=\"og:image:type\" content=\"image\/jpeg\" \/>\n<meta name=\"author\" content=\"Cleiton Pinheiro\" \/>\n<meta name=\"twitter:card\" content=\"summary_large_image\" \/>\n<meta name=\"twitter:label1\" content=\"Escrito por\" \/>\n\t<meta name=\"twitter:data1\" content=\"Cleiton Pinheiro\" \/>\n\t<meta name=\"twitter:label2\" content=\"Est. tempo de leitura\" \/>\n\t<meta name=\"twitter:data2\" content=\"4 minutos\" \/>\n<script type=\"application\/ld+json\" class=\"yoast-schema-graph\">{\"@context\":\"https:\/\/schema.org\",\"@graph\":[{\"@type\":\"Article\",\"@id\":\"https:\/\/cleitonpinheiro.com.br\/site\/versao-restaurada-de-a-hora-da-estrela-entra-em-exibicao-no-cine-cultura\/#article\",\"isPartOf\":{\"@id\":\"https:\/\/cleitonpinheiro.com.br\/site\/versao-restaurada-de-a-hora-da-estrela-entra-em-exibicao-no-cine-cultura\/\"},\"author\":{\"name\":\"Cleiton Pinheiro\",\"@id\":\"https:\/\/cleitonpinheiro.com.br\/site\/#\/schema\/person\/62fd4eb98fcc8bd3fc477aaff264af51\"},\"headline\":\"Vers\u00e3o restaurada de \u2018A Hora da Estrela\u2019 entra em exibi\u00e7\u00e3o no Cine Cultura\",\"datePublished\":\"2024-05-16T18:25:31+00:00\",\"dateModified\":\"2024-05-17T18:27:44+00:00\",\"mainEntityOfPage\":{\"@id\":\"https:\/\/cleitonpinheiro.com.br\/site\/versao-restaurada-de-a-hora-da-estrela-entra-em-exibicao-no-cine-cultura\/\"},\"wordCount\":559,\"commentCount\":0,\"publisher\":{\"@id\":\"https:\/\/cleitonpinheiro.com.br\/site\/#organization\"},\"image\":{\"@id\":\"https:\/\/cleitonpinheiro.com.br\/site\/versao-restaurada-de-a-hora-da-estrela-entra-em-exibicao-no-cine-cultura\/#primaryimage\"},\"thumbnailUrl\":\"https:\/\/cleitonpinheiro.com.br\/site\/wp-content\/uploads\/2024\/05\/64db8645ac7b4a41bf1531177a24b1f1.jpg\",\"articleSection\":[\"CIDADES\",\"NOT\u00cdCIAS EM DESTAQUE\",\"TODAS NOTICIAS\"],\"inLanguage\":\"pt-BR\",\"potentialAction\":[{\"@type\":\"CommentAction\",\"name\":\"Comment\",\"target\":[\"https:\/\/cleitonpinheiro.com.br\/site\/versao-restaurada-de-a-hora-da-estrela-entra-em-exibicao-no-cine-cultura\/#respond\"]}]},{\"@type\":\"WebPage\",\"@id\":\"https:\/\/cleitonpinheiro.com.br\/site\/versao-restaurada-de-a-hora-da-estrela-entra-em-exibicao-no-cine-cultura\/\",\"url\":\"https:\/\/cleitonpinheiro.com.br\/site\/versao-restaurada-de-a-hora-da-estrela-entra-em-exibicao-no-cine-cultura\/\",\"name\":\"Vers\u00e3o restaurada de \u2018A Hora da Estrela\u2019 entra em exibi\u00e7\u00e3o no Cine Cultura - PORTAL DE NOT\u00cdCIAS CLEITON PINHEIRO\",\"isPartOf\":{\"@id\":\"https:\/\/cleitonpinheiro.com.br\/site\/#website\"},\"primaryImageOfPage\":{\"@id\":\"https:\/\/cleitonpinheiro.com.br\/site\/versao-restaurada-de-a-hora-da-estrela-entra-em-exibicao-no-cine-cultura\/#primaryimage\"},\"image\":{\"@id\":\"https:\/\/cleitonpinheiro.com.br\/site\/versao-restaurada-de-a-hora-da-estrela-entra-em-exibicao-no-cine-cultura\/#primaryimage\"},\"thumbnailUrl\":\"https:\/\/cleitonpinheiro.com.br\/site\/wp-content\/uploads\/2024\/05\/64db8645ac7b4a41bf1531177a24b1f1.jpg\",\"datePublished\":\"2024-05-16T18:25:31+00:00\",\"dateModified\":\"2024-05-17T18:27:44+00:00\",\"breadcrumb\":{\"@id\":\"https:\/\/cleitonpinheiro.com.br\/site\/versao-restaurada-de-a-hora-da-estrela-entra-em-exibicao-no-cine-cultura\/#breadcrumb\"},\"inLanguage\":\"pt-BR\",\"potentialAction\":[{\"@type\":\"ReadAction\",\"target\":[\"https:\/\/cleitonpinheiro.com.br\/site\/versao-restaurada-de-a-hora-da-estrela-entra-em-exibicao-no-cine-cultura\/\"]}]},{\"@type\":\"ImageObject\",\"inLanguage\":\"pt-BR\",\"@id\":\"https:\/\/cleitonpinheiro.com.br\/site\/versao-restaurada-de-a-hora-da-estrela-entra-em-exibicao-no-cine-cultura\/#primaryimage\",\"url\":\"\",\"contentUrl\":\"\"},{\"@type\":\"BreadcrumbList\",\"@id\":\"https:\/\/cleitonpinheiro.com.br\/site\/versao-restaurada-de-a-hora-da-estrela-entra-em-exibicao-no-cine-cultura\/#breadcrumb\",\"itemListElement\":[{\"@type\":\"ListItem\",\"position\":1,\"name\":\"In\u00edcio\",\"item\":\"https:\/\/cleitonpinheiro.com.br\/site\/\"},{\"@type\":\"ListItem\",\"position\":2,\"name\":\"Vers\u00e3o restaurada de \u2018A Hora da Estrela\u2019 entra em exibi\u00e7\u00e3o no Cine Cultura\"}]},{\"@type\":\"WebSite\",\"@id\":\"https:\/\/cleitonpinheiro.com.br\/site\/#website\",\"url\":\"https:\/\/cleitonpinheiro.com.br\/site\/\",\"name\":\"PORTAL DE NOT\u00cdCIAS CLEITON PINHEIRO\",\"description\":\"FALANDO A VERDADE\",\"publisher\":{\"@id\":\"https:\/\/cleitonpinheiro.com.br\/site\/#organization\"},\"potentialAction\":[{\"@type\":\"SearchAction\",\"target\":{\"@type\":\"EntryPoint\",\"urlTemplate\":\"https:\/\/cleitonpinheiro.com.br\/site\/?s={search_term_string}\"},\"query-input\":{\"@type\":\"PropertyValueSpecification\",\"valueRequired\":true,\"valueName\":\"search_term_string\"}}],\"inLanguage\":\"pt-BR\"},{\"@type\":\"Organization\",\"@id\":\"https:\/\/cleitonpinheiro.com.br\/site\/#organization\",\"name\":\"CPNOT\u00cdCIAS\",\"url\":\"https:\/\/cleitonpinheiro.com.br\/site\/\",\"logo\":{\"@type\":\"ImageObject\",\"inLanguage\":\"pt-BR\",\"@id\":\"https:\/\/cleitonpinheiro.com.br\/site\/#\/schema\/logo\/image\/\",\"url\":\"https:\/\/cleitonpinheiro.com.br\/site\/wp-content\/uploads\/2022\/08\/Logo-pequena-2.png\",\"contentUrl\":\"https:\/\/cleitonpinheiro.com.br\/site\/wp-content\/uploads\/2022\/08\/Logo-pequena-2.png\",\"width\":500,\"height\":500,\"caption\":\"CPNOT\u00cdCIAS\"},\"image\":{\"@id\":\"https:\/\/cleitonpinheiro.com.br\/site\/#\/schema\/logo\/image\/\"},\"sameAs\":[\"https:\/\/www.facebook.com\/portalcpnoticias\/\"]},{\"@type\":\"Person\",\"@id\":\"https:\/\/cleitonpinheiro.com.br\/site\/#\/schema\/person\/62fd4eb98fcc8bd3fc477aaff264af51\",\"name\":\"Cleiton Pinheiro\",\"image\":{\"@type\":\"ImageObject\",\"inLanguage\":\"pt-BR\",\"@id\":\"https:\/\/cleitonpinheiro.com.br\/site\/#\/schema\/person\/image\/\",\"url\":\"https:\/\/secure.gravatar.com\/avatar\/15642ec35b78fe5eed3cfa8e4a3f3211d73a3df4f35f0566b4324958cba1b1b9?s=96&r=g\",\"contentUrl\":\"https:\/\/secure.gravatar.com\/avatar\/15642ec35b78fe5eed3cfa8e4a3f3211d73a3df4f35f0566b4324958cba1b1b9?s=96&r=g\",\"caption\":\"Cleiton Pinheiro\"},\"url\":\"https:\/\/cleitonpinheiro.com.br\/site\/author\/cleiton\/\"}]}<\/script>\n<!-- \/ Yoast SEO plugin. -->","yoast_head_json":{"title":"Vers\u00e3o restaurada de \u2018A Hora da Estrela\u2019 entra em exibi\u00e7\u00e3o no Cine Cultura - PORTAL DE NOT\u00cdCIAS CLEITON PINHEIRO","robots":{"index":"index","follow":"follow","max-snippet":"max-snippet:-1","max-image-preview":"max-image-preview:large","max-video-preview":"max-video-preview:-1"},"canonical":"https:\/\/cleitonpinheiro.com.br\/site\/versao-restaurada-de-a-hora-da-estrela-entra-em-exibicao-no-cine-cultura\/","og_locale":"pt_BR","og_type":"article","og_title":"Vers\u00e3o restaurada de \u2018A Hora da Estrela\u2019 entra em exibi\u00e7\u00e3o no Cine Cultura - PORTAL DE NOT\u00cdCIAS CLEITON PINHEIRO","og_description":"A adapta\u00e7\u00e3o do livro de Clarice Lispector e um dos maiores cl\u00e1ssicos do cinema nacional chega \u00e0s telas do Cine Cultura Palmas nesta semana. Em vers\u00e3o restaurada, \u2018A Hora da Estrela\u2019 estreia nesta quinta-feira, 16, \u00e0s 20h30.\u00a0Com Marc\u00e9lia Cartaxo e Fernanda Montenegro no elenco, o longa foi premiado em diversos festivais e est\u00e1 na lista [&hellip;]","og_url":"https:\/\/cleitonpinheiro.com.br\/site\/versao-restaurada-de-a-hora-da-estrela-entra-em-exibicao-no-cine-cultura\/","og_site_name":"PORTAL DE NOT\u00cdCIAS CLEITON PINHEIRO","article_publisher":"https:\/\/www.facebook.com\/portalcpnoticias\/","article_published_time":"2024-05-16T18:25:31+00:00","article_modified_time":"2024-05-17T18:27:44+00:00","og_image":[{"width":800,"height":450,"url":"https:\/\/cleitonpinheiro.com.br\/site\/wp-content\/uploads\/2024\/05\/64db8645ac7b4a41bf1531177a24b1f1.jpg","type":"image\/jpeg"}],"author":"Cleiton Pinheiro","twitter_card":"summary_large_image","twitter_misc":{"Escrito por":"Cleiton Pinheiro","Est. tempo de leitura":"4 minutos"},"schema":{"@context":"https:\/\/schema.org","@graph":[{"@type":"Article","@id":"https:\/\/cleitonpinheiro.com.br\/site\/versao-restaurada-de-a-hora-da-estrela-entra-em-exibicao-no-cine-cultura\/#article","isPartOf":{"@id":"https:\/\/cleitonpinheiro.com.br\/site\/versao-restaurada-de-a-hora-da-estrela-entra-em-exibicao-no-cine-cultura\/"},"author":{"name":"Cleiton Pinheiro","@id":"https:\/\/cleitonpinheiro.com.br\/site\/#\/schema\/person\/62fd4eb98fcc8bd3fc477aaff264af51"},"headline":"Vers\u00e3o restaurada de \u2018A Hora da Estrela\u2019 entra em exibi\u00e7\u00e3o no Cine Cultura","datePublished":"2024-05-16T18:25:31+00:00","dateModified":"2024-05-17T18:27:44+00:00","mainEntityOfPage":{"@id":"https:\/\/cleitonpinheiro.com.br\/site\/versao-restaurada-de-a-hora-da-estrela-entra-em-exibicao-no-cine-cultura\/"},"wordCount":559,"commentCount":0,"publisher":{"@id":"https:\/\/cleitonpinheiro.com.br\/site\/#organization"},"image":{"@id":"https:\/\/cleitonpinheiro.com.br\/site\/versao-restaurada-de-a-hora-da-estrela-entra-em-exibicao-no-cine-cultura\/#primaryimage"},"thumbnailUrl":"https:\/\/cleitonpinheiro.com.br\/site\/wp-content\/uploads\/2024\/05\/64db8645ac7b4a41bf1531177a24b1f1.jpg","articleSection":["CIDADES","NOT\u00cdCIAS EM DESTAQUE","TODAS NOTICIAS"],"inLanguage":"pt-BR","potentialAction":[{"@type":"CommentAction","name":"Comment","target":["https:\/\/cleitonpinheiro.com.br\/site\/versao-restaurada-de-a-hora-da-estrela-entra-em-exibicao-no-cine-cultura\/#respond"]}]},{"@type":"WebPage","@id":"https:\/\/cleitonpinheiro.com.br\/site\/versao-restaurada-de-a-hora-da-estrela-entra-em-exibicao-no-cine-cultura\/","url":"https:\/\/cleitonpinheiro.com.br\/site\/versao-restaurada-de-a-hora-da-estrela-entra-em-exibicao-no-cine-cultura\/","name":"Vers\u00e3o restaurada de \u2018A Hora da Estrela\u2019 entra em exibi\u00e7\u00e3o no Cine Cultura - PORTAL DE NOT\u00cdCIAS CLEITON PINHEIRO","isPartOf":{"@id":"https:\/\/cleitonpinheiro.com.br\/site\/#website"},"primaryImageOfPage":{"@id":"https:\/\/cleitonpinheiro.com.br\/site\/versao-restaurada-de-a-hora-da-estrela-entra-em-exibicao-no-cine-cultura\/#primaryimage"},"image":{"@id":"https:\/\/cleitonpinheiro.com.br\/site\/versao-restaurada-de-a-hora-da-estrela-entra-em-exibicao-no-cine-cultura\/#primaryimage"},"thumbnailUrl":"https:\/\/cleitonpinheiro.com.br\/site\/wp-content\/uploads\/2024\/05\/64db8645ac7b4a41bf1531177a24b1f1.jpg","datePublished":"2024-05-16T18:25:31+00:00","dateModified":"2024-05-17T18:27:44+00:00","breadcrumb":{"@id":"https:\/\/cleitonpinheiro.com.br\/site\/versao-restaurada-de-a-hora-da-estrela-entra-em-exibicao-no-cine-cultura\/#breadcrumb"},"inLanguage":"pt-BR","potentialAction":[{"@type":"ReadAction","target":["https:\/\/cleitonpinheiro.com.br\/site\/versao-restaurada-de-a-hora-da-estrela-entra-em-exibicao-no-cine-cultura\/"]}]},{"@type":"ImageObject","inLanguage":"pt-BR","@id":"https:\/\/cleitonpinheiro.com.br\/site\/versao-restaurada-de-a-hora-da-estrela-entra-em-exibicao-no-cine-cultura\/#primaryimage","url":"","contentUrl":""},{"@type":"BreadcrumbList","@id":"https:\/\/cleitonpinheiro.com.br\/site\/versao-restaurada-de-a-hora-da-estrela-entra-em-exibicao-no-cine-cultura\/#breadcrumb","itemListElement":[{"@type":"ListItem","position":1,"name":"In\u00edcio","item":"https:\/\/cleitonpinheiro.com.br\/site\/"},{"@type":"ListItem","position":2,"name":"Vers\u00e3o restaurada de \u2018A Hora da Estrela\u2019 entra em exibi\u00e7\u00e3o no Cine Cultura"}]},{"@type":"WebSite","@id":"https:\/\/cleitonpinheiro.com.br\/site\/#website","url":"https:\/\/cleitonpinheiro.com.br\/site\/","name":"PORTAL DE NOT\u00cdCIAS CLEITON PINHEIRO","description":"FALANDO A VERDADE","publisher":{"@id":"https:\/\/cleitonpinheiro.com.br\/site\/#organization"},"potentialAction":[{"@type":"SearchAction","target":{"@type":"EntryPoint","urlTemplate":"https:\/\/cleitonpinheiro.com.br\/site\/?s={search_term_string}"},"query-input":{"@type":"PropertyValueSpecification","valueRequired":true,"valueName":"search_term_string"}}],"inLanguage":"pt-BR"},{"@type":"Organization","@id":"https:\/\/cleitonpinheiro.com.br\/site\/#organization","name":"CPNOT\u00cdCIAS","url":"https:\/\/cleitonpinheiro.com.br\/site\/","logo":{"@type":"ImageObject","inLanguage":"pt-BR","@id":"https:\/\/cleitonpinheiro.com.br\/site\/#\/schema\/logo\/image\/","url":"https:\/\/cleitonpinheiro.com.br\/site\/wp-content\/uploads\/2022\/08\/Logo-pequena-2.png","contentUrl":"https:\/\/cleitonpinheiro.com.br\/site\/wp-content\/uploads\/2022\/08\/Logo-pequena-2.png","width":500,"height":500,"caption":"CPNOT\u00cdCIAS"},"image":{"@id":"https:\/\/cleitonpinheiro.com.br\/site\/#\/schema\/logo\/image\/"},"sameAs":["https:\/\/www.facebook.com\/portalcpnoticias\/"]},{"@type":"Person","@id":"https:\/\/cleitonpinheiro.com.br\/site\/#\/schema\/person\/62fd4eb98fcc8bd3fc477aaff264af51","name":"Cleiton Pinheiro","image":{"@type":"ImageObject","inLanguage":"pt-BR","@id":"https:\/\/cleitonpinheiro.com.br\/site\/#\/schema\/person\/image\/","url":"https:\/\/secure.gravatar.com\/avatar\/15642ec35b78fe5eed3cfa8e4a3f3211d73a3df4f35f0566b4324958cba1b1b9?s=96&r=g","contentUrl":"https:\/\/secure.gravatar.com\/avatar\/15642ec35b78fe5eed3cfa8e4a3f3211d73a3df4f35f0566b4324958cba1b1b9?s=96&r=g","caption":"Cleiton Pinheiro"},"url":"https:\/\/cleitonpinheiro.com.br\/site\/author\/cleiton\/"}]}},"views":145,"_links":{"self":[{"href":"https:\/\/cleitonpinheiro.com.br\/site\/wp-json\/wp\/v2\/posts\/77276","targetHints":{"allow":["GET"]}}],"collection":[{"href":"https:\/\/cleitonpinheiro.com.br\/site\/wp-json\/wp\/v2\/posts"}],"about":[{"href":"https:\/\/cleitonpinheiro.com.br\/site\/wp-json\/wp\/v2\/types\/post"}],"author":[{"embeddable":true,"href":"https:\/\/cleitonpinheiro.com.br\/site\/wp-json\/wp\/v2\/users\/10"}],"replies":[{"embeddable":true,"href":"https:\/\/cleitonpinheiro.com.br\/site\/wp-json\/wp\/v2\/comments?post=77276"}],"version-history":[{"count":1,"href":"https:\/\/cleitonpinheiro.com.br\/site\/wp-json\/wp\/v2\/posts\/77276\/revisions"}],"predecessor-version":[{"id":77279,"href":"https:\/\/cleitonpinheiro.com.br\/site\/wp-json\/wp\/v2\/posts\/77276\/revisions\/77279"}],"wp:attachment":[{"href":"https:\/\/cleitonpinheiro.com.br\/site\/wp-json\/wp\/v2\/media?parent=77276"}],"wp:term":[{"taxonomy":"category","embeddable":true,"href":"https:\/\/cleitonpinheiro.com.br\/site\/wp-json\/wp\/v2\/categories?post=77276"},{"taxonomy":"post_tag","embeddable":true,"href":"https:\/\/cleitonpinheiro.com.br\/site\/wp-json\/wp\/v2\/tags?post=77276"}],"curies":[{"name":"wp","href":"https:\/\/api.w.org\/{rel}","templated":true}]}}