{"id":77283,"date":"2024-05-15T08:30:00","date_gmt":"2024-05-15T11:30:00","guid":{"rendered":"https:\/\/cleitonpinheiro.com.br\/site\/?p=77283"},"modified":"2024-05-17T15:32:02","modified_gmt":"2024-05-17T18:32:02","slug":"sedem-sorteia-20-vagas-para-ambulantes-trabalharem-na-festa-de-aniversario-de-palmas","status":"publish","type":"post","link":"https:\/\/cleitonpinheiro.com.br\/site\/sedem-sorteia-20-vagas-para-ambulantes-trabalharem-na-festa-de-aniversario-de-palmas\/","title":{"rendered":"Sedem sorteia 20 vagas para ambulantes trabalharem na festa de anivers\u00e1rio de Palmas"},"content":{"rendered":"\n<figure class=\"wp-block-image size-full\"><img decoding=\"async\" src=\"https:\/\/cleitonpinheiro.com.br\/site\/wp-content\/uploads\/2024\/05\/5c5280ff-af90-42d1-90dd-f86cf216a6e7.jpg\" alt=\"\" class=\"wp-image-77284\"\/><figcaption class=\"wp-element-caption\">Foto: Lia Mara\/Prefeitura de Palmas<\/figcaption><\/figure>\n\n\n\n<p>A Secretaria de Desenvolvimento Econ\u00f4mico e Emprego (Sedem) realizou na tarde desta ter\u00e7a-feira, 14, o sorteio das 20 vagas destinadas \u00e0 comercializa\u00e7\u00e3o de produtos na Vila Gastron\u00f4mica do grande show em celebra\u00e7\u00e3o do\u00a0<a href=\"https:\/\/agenciapalmas.com\/Noticia\/241551\/avenida-teotonio-segurado-sera-palco-de-programacao-de-aniversario-com-alok-como-atracao-principal\" target=\"_blank\" rel=\"noreferrer noopener\">anivers\u00e1rio da Capital<\/a>, que acontece no pr\u00f3ximo domingo, 19, na Avenida Teot\u00f4nio Segurado. A sele\u00e7\u00e3o que definiu os ambulantes habilitados ocorreu no audit\u00f3rio do Centro de Conven\u00e7\u00f5es ArnAud Rodrigues, na Avenida NS-10.<\/p>\n\n\n\n<p>De acordo com a Sedem, as vagas foram distribu\u00eddas da seguinte forma: duas&nbsp;vagas para caldo;&nbsp;duas&nbsp;vagas para hamb\u00farguer; duas&nbsp;vagas de cachorro-quente; uma&nbsp;vaga para bolos, doces e tortas; tr\u00eas&nbsp;vagas para pastel; duas vagas para venda de tapioca e crepe, duas&nbsp;vagas para a\u00e7a\u00ed, sorvete e gelados; duas&nbsp;vagas para carne na chapa; uma&nbsp;vaga para venda de derivados de milho; uma&nbsp;vaga para &nbsp;vendas de massas e pizza&nbsp;e outras duas&nbsp;vagas para comercializar&nbsp;espetinho.&nbsp;<\/p>\n\n\n\n<p>Para a diretora de Ind\u00fastria e Com\u00e9rcio da Sedem, Marilene Lima dos Santos, os vendedores habilitados para a festa de anivers\u00e1rio precisam ainda montar o processo da Vigil\u00e2ncia Sanit\u00e1ria para obter&nbsp;o documento de credenciamento. \u201cO sorteio de hoje s\u00f3 \u00e9 uma parte do processo. Para finalizar os contemplados devem procurar o atendimento na Casa do Empreendedor,&nbsp;organizar e finalizar o processo sanit\u00e1rio\u2019\u2019.&nbsp;<\/p>\n\n\n\n<p><strong>Ambulantes sorteados&nbsp;<\/strong><\/p>\n\n\n\n<p>1 &#8211; A\u00e7a\u00ed, sorvetes e gelados &#8211; Alessandra Soares Reis<br>2 &#8211; A\u00e7a\u00ed,s orvetes e gelados &#8211; Regivania Almeida de Morais<br>3 &#8211; Pastel &#8211; Carla Regia Prado Aguiar<br>4 &#8211; Pastel &#8211; Sonia Ferreira de Sousa<br>5 &#8211; Pastel &#8211; Marilza da Concei\u00e7\u00e3o Sousa<br>6 &#8211; Pastel &#8211; Taylane Barreiras Nunes<br>7 &#8211; Espetinho &#8211; J\u00e9ssica de Melo Silva<br>8 &#8211; Espetinho &#8211; Alarico Alves Ribeiro<br>9 &#8211; Espetinho &#8211; Evanilde Ferreira Alves Teixeira<br>10 &#8211; Caldos &#8211; Angerly dos Santos Araujo<br>11 &#8211; Caldos &#8211; Adriana Soares dos Santos<br>12 &#8211; Cachorro-quente &#8211; Djanny Sousa da Silva<br>13 &#8211; Cachorro-quente &#8211; Domingas Alves de Sousa<br>14 &#8211; Cachorro-quente &#8211; Marcos Jhones Rodrigues Oliveira<br>15 &#8211; Carne na chapa &#8211; Marcos Paulo Gomes da Silva<br>16 &#8211; Carne na chapa &#8211; Matheus Felipe Neres Ferreira<br>17 &#8211; Hamb\u00farguer &nbsp;&#8211; Maria Celma de Sousa Lima<br>18 &#8211; Hamb\u00farguer &#8211; Hamb\u00farguer<br>19 &#8211; Hamb\u00farguer &#8211; Lucas David Costa<br>20 &#8211; Tapiocas e crepes &#8211; Jos\u00e9 Joaquim de Oliveira<\/p>\n\n\n\n<p><br>Texto: Prefeitura de Palmas<\/p>\n","protected":false},"excerpt":{"rendered":"<p>A Secretaria de Desenvolvimento Econ\u00f4mico e Emprego (Sedem) realizou na tarde desta ter\u00e7a-feira, 14, o sorteio das 20 vagas destinadas \u00e0 comercializa\u00e7\u00e3o de produtos na Vila Gastron\u00f4mica do grande show em celebra\u00e7\u00e3o do\u00a0anivers\u00e1rio da Capital, que acontece no pr\u00f3ximo domingo, 19, na Avenida Teot\u00f4nio Segurado. A sele\u00e7\u00e3o que definiu os ambulantes habilitados ocorreu no audit\u00f3rio [&hellip;]<\/p>\n","protected":false},"author":10,"featured_media":0,"comment_status":"open","ping_status":"open","sticky":false,"template":"","format":"standard","meta":{"_acf_changed":false,"footnotes":""},"categories":[22,898,21],"tags":[],"class_list":["post-77283","post","type-post","status-publish","format-standard","hentry","category-cidades","category-manchete-segundaria","category-todas-noticias"],"acf":[],"yoast_head":"<!-- This site is optimized with the Yoast SEO plugin v24.4 - https:\/\/yoast.com\/wordpress\/plugins\/seo\/ -->\n<title>Sedem sorteia 20 vagas para ambulantes trabalharem na festa de anivers\u00e1rio de Palmas - PORTAL DE NOT\u00cdCIAS CLEITON PINHEIRO<\/title>\n<meta name=\"robots\" content=\"index, follow, max-snippet:-1, max-image-preview:large, max-video-preview:-1\" \/>\n<link rel=\"canonical\" href=\"https:\/\/cleitonpinheiro.com.br\/site\/sedem-sorteia-20-vagas-para-ambulantes-trabalharem-na-festa-de-aniversario-de-palmas\/\" \/>\n<meta property=\"og:locale\" content=\"pt_BR\" \/>\n<meta property=\"og:type\" content=\"article\" \/>\n<meta property=\"og:title\" content=\"Sedem sorteia 20 vagas para ambulantes trabalharem na festa de anivers\u00e1rio de Palmas - PORTAL DE NOT\u00cdCIAS CLEITON PINHEIRO\" \/>\n<meta property=\"og:description\" content=\"A Secretaria de Desenvolvimento Econ\u00f4mico e Emprego (Sedem) realizou na tarde desta ter\u00e7a-feira, 14, o sorteio das 20 vagas destinadas \u00e0 comercializa\u00e7\u00e3o de produtos na Vila Gastron\u00f4mica do grande show em celebra\u00e7\u00e3o do\u00a0anivers\u00e1rio da Capital, que acontece no pr\u00f3ximo domingo, 19, na Avenida Teot\u00f4nio Segurado. A sele\u00e7\u00e3o que definiu os ambulantes habilitados ocorreu no audit\u00f3rio [&hellip;]\" \/>\n<meta property=\"og:url\" content=\"https:\/\/cleitonpinheiro.com.br\/site\/sedem-sorteia-20-vagas-para-ambulantes-trabalharem-na-festa-de-aniversario-de-palmas\/\" \/>\n<meta property=\"og:site_name\" content=\"PORTAL DE NOT\u00cdCIAS CLEITON PINHEIRO\" \/>\n<meta property=\"article:publisher\" content=\"https:\/\/www.facebook.com\/portalcpnoticias\/\" \/>\n<meta property=\"article:published_time\" content=\"2024-05-15T11:30:00+00:00\" \/>\n<meta property=\"article:modified_time\" content=\"2024-05-17T18:32:02+00:00\" \/>\n<meta property=\"og:image\" content=\"https:\/\/cleitonpinheiro.com.br\/site\/wp-content\/uploads\/2024\/05\/5c5280ff-af90-42d1-90dd-f86cf216a6e7.jpg\" \/>\n\t<meta property=\"og:image:width\" content=\"800\" \/>\n\t<meta property=\"og:image:height\" content=\"533\" \/>\n\t<meta property=\"og:image:type\" content=\"image\/jpeg\" \/>\n<meta name=\"author\" content=\"Cleiton Pinheiro\" \/>\n<meta name=\"twitter:card\" content=\"summary_large_image\" \/>\n<meta name=\"twitter:label1\" content=\"Escrito por\" \/>\n\t<meta name=\"twitter:data1\" content=\"Cleiton Pinheiro\" \/>\n\t<meta name=\"twitter:label2\" content=\"Est. tempo de leitura\" \/>\n\t<meta name=\"twitter:data2\" content=\"3 minutos\" \/>\n<script type=\"application\/ld+json\" class=\"yoast-schema-graph\">{\"@context\":\"https:\/\/schema.org\",\"@graph\":[{\"@type\":\"Article\",\"@id\":\"https:\/\/cleitonpinheiro.com.br\/site\/sedem-sorteia-20-vagas-para-ambulantes-trabalharem-na-festa-de-aniversario-de-palmas\/#article\",\"isPartOf\":{\"@id\":\"https:\/\/cleitonpinheiro.com.br\/site\/sedem-sorteia-20-vagas-para-ambulantes-trabalharem-na-festa-de-aniversario-de-palmas\/\"},\"author\":{\"name\":\"Cleiton Pinheiro\",\"@id\":\"https:\/\/cleitonpinheiro.com.br\/site\/#\/schema\/person\/62fd4eb98fcc8bd3fc477aaff264af51\"},\"headline\":\"Sedem sorteia 20 vagas para ambulantes trabalharem na festa de anivers\u00e1rio de Palmas\",\"datePublished\":\"2024-05-15T11:30:00+00:00\",\"dateModified\":\"2024-05-17T18:32:02+00:00\",\"mainEntityOfPage\":{\"@id\":\"https:\/\/cleitonpinheiro.com.br\/site\/sedem-sorteia-20-vagas-para-ambulantes-trabalharem-na-festa-de-aniversario-de-palmas\/\"},\"wordCount\":424,\"commentCount\":0,\"publisher\":{\"@id\":\"https:\/\/cleitonpinheiro.com.br\/site\/#organization\"},\"image\":{\"@id\":\"https:\/\/cleitonpinheiro.com.br\/site\/sedem-sorteia-20-vagas-para-ambulantes-trabalharem-na-festa-de-aniversario-de-palmas\/#primaryimage\"},\"thumbnailUrl\":\"https:\/\/cleitonpinheiro.com.br\/site\/wp-content\/uploads\/2024\/05\/5c5280ff-af90-42d1-90dd-f86cf216a6e7.jpg\",\"articleSection\":[\"CIDADES\",\"MANCHETE SEGUND\u00c1RIA\",\"TODAS NOTICIAS\"],\"inLanguage\":\"pt-BR\",\"potentialAction\":[{\"@type\":\"CommentAction\",\"name\":\"Comment\",\"target\":[\"https:\/\/cleitonpinheiro.com.br\/site\/sedem-sorteia-20-vagas-para-ambulantes-trabalharem-na-festa-de-aniversario-de-palmas\/#respond\"]}]},{\"@type\":\"WebPage\",\"@id\":\"https:\/\/cleitonpinheiro.com.br\/site\/sedem-sorteia-20-vagas-para-ambulantes-trabalharem-na-festa-de-aniversario-de-palmas\/\",\"url\":\"https:\/\/cleitonpinheiro.com.br\/site\/sedem-sorteia-20-vagas-para-ambulantes-trabalharem-na-festa-de-aniversario-de-palmas\/\",\"name\":\"Sedem sorteia 20 vagas para ambulantes trabalharem na festa de anivers\u00e1rio de Palmas - PORTAL DE NOT\u00cdCIAS CLEITON PINHEIRO\",\"isPartOf\":{\"@id\":\"https:\/\/cleitonpinheiro.com.br\/site\/#website\"},\"primaryImageOfPage\":{\"@id\":\"https:\/\/cleitonpinheiro.com.br\/site\/sedem-sorteia-20-vagas-para-ambulantes-trabalharem-na-festa-de-aniversario-de-palmas\/#primaryimage\"},\"image\":{\"@id\":\"https:\/\/cleitonpinheiro.com.br\/site\/sedem-sorteia-20-vagas-para-ambulantes-trabalharem-na-festa-de-aniversario-de-palmas\/#primaryimage\"},\"thumbnailUrl\":\"https:\/\/cleitonpinheiro.com.br\/site\/wp-content\/uploads\/2024\/05\/5c5280ff-af90-42d1-90dd-f86cf216a6e7.jpg\",\"datePublished\":\"2024-05-15T11:30:00+00:00\",\"dateModified\":\"2024-05-17T18:32:02+00:00\",\"breadcrumb\":{\"@id\":\"https:\/\/cleitonpinheiro.com.br\/site\/sedem-sorteia-20-vagas-para-ambulantes-trabalharem-na-festa-de-aniversario-de-palmas\/#breadcrumb\"},\"inLanguage\":\"pt-BR\",\"potentialAction\":[{\"@type\":\"ReadAction\",\"target\":[\"https:\/\/cleitonpinheiro.com.br\/site\/sedem-sorteia-20-vagas-para-ambulantes-trabalharem-na-festa-de-aniversario-de-palmas\/\"]}]},{\"@type\":\"ImageObject\",\"inLanguage\":\"pt-BR\",\"@id\":\"https:\/\/cleitonpinheiro.com.br\/site\/sedem-sorteia-20-vagas-para-ambulantes-trabalharem-na-festa-de-aniversario-de-palmas\/#primaryimage\",\"url\":\"\",\"contentUrl\":\"\"},{\"@type\":\"BreadcrumbList\",\"@id\":\"https:\/\/cleitonpinheiro.com.br\/site\/sedem-sorteia-20-vagas-para-ambulantes-trabalharem-na-festa-de-aniversario-de-palmas\/#breadcrumb\",\"itemListElement\":[{\"@type\":\"ListItem\",\"position\":1,\"name\":\"In\u00edcio\",\"item\":\"https:\/\/cleitonpinheiro.com.br\/site\/\"},{\"@type\":\"ListItem\",\"position\":2,\"name\":\"Sedem sorteia 20 vagas para ambulantes trabalharem na festa de anivers\u00e1rio de Palmas\"}]},{\"@type\":\"WebSite\",\"@id\":\"https:\/\/cleitonpinheiro.com.br\/site\/#website\",\"url\":\"https:\/\/cleitonpinheiro.com.br\/site\/\",\"name\":\"PORTAL DE NOT\u00cdCIAS CLEITON PINHEIRO\",\"description\":\"FALANDO A VERDADE\",\"publisher\":{\"@id\":\"https:\/\/cleitonpinheiro.com.br\/site\/#organization\"},\"potentialAction\":[{\"@type\":\"SearchAction\",\"target\":{\"@type\":\"EntryPoint\",\"urlTemplate\":\"https:\/\/cleitonpinheiro.com.br\/site\/?s={search_term_string}\"},\"query-input\":{\"@type\":\"PropertyValueSpecification\",\"valueRequired\":true,\"valueName\":\"search_term_string\"}}],\"inLanguage\":\"pt-BR\"},{\"@type\":\"Organization\",\"@id\":\"https:\/\/cleitonpinheiro.com.br\/site\/#organization\",\"name\":\"CPNOT\u00cdCIAS\",\"url\":\"https:\/\/cleitonpinheiro.com.br\/site\/\",\"logo\":{\"@type\":\"ImageObject\",\"inLanguage\":\"pt-BR\",\"@id\":\"https:\/\/cleitonpinheiro.com.br\/site\/#\/schema\/logo\/image\/\",\"url\":\"https:\/\/cleitonpinheiro.com.br\/site\/wp-content\/uploads\/2022\/08\/Logo-pequena-2.png\",\"contentUrl\":\"https:\/\/cleitonpinheiro.com.br\/site\/wp-content\/uploads\/2022\/08\/Logo-pequena-2.png\",\"width\":500,\"height\":500,\"caption\":\"CPNOT\u00cdCIAS\"},\"image\":{\"@id\":\"https:\/\/cleitonpinheiro.com.br\/site\/#\/schema\/logo\/image\/\"},\"sameAs\":[\"https:\/\/www.facebook.com\/portalcpnoticias\/\"]},{\"@type\":\"Person\",\"@id\":\"https:\/\/cleitonpinheiro.com.br\/site\/#\/schema\/person\/62fd4eb98fcc8bd3fc477aaff264af51\",\"name\":\"Cleiton Pinheiro\",\"image\":{\"@type\":\"ImageObject\",\"inLanguage\":\"pt-BR\",\"@id\":\"https:\/\/cleitonpinheiro.com.br\/site\/#\/schema\/person\/image\/\",\"url\":\"https:\/\/secure.gravatar.com\/avatar\/15642ec35b78fe5eed3cfa8e4a3f3211d73a3df4f35f0566b4324958cba1b1b9?s=96&r=g\",\"contentUrl\":\"https:\/\/secure.gravatar.com\/avatar\/15642ec35b78fe5eed3cfa8e4a3f3211d73a3df4f35f0566b4324958cba1b1b9?s=96&r=g\",\"caption\":\"Cleiton Pinheiro\"},\"url\":\"https:\/\/cleitonpinheiro.com.br\/site\/author\/cleiton\/\"}]}<\/script>\n<!-- \/ Yoast SEO plugin. -->","yoast_head_json":{"title":"Sedem sorteia 20 vagas para ambulantes trabalharem na festa de anivers\u00e1rio de Palmas - PORTAL DE NOT\u00cdCIAS CLEITON PINHEIRO","robots":{"index":"index","follow":"follow","max-snippet":"max-snippet:-1","max-image-preview":"max-image-preview:large","max-video-preview":"max-video-preview:-1"},"canonical":"https:\/\/cleitonpinheiro.com.br\/site\/sedem-sorteia-20-vagas-para-ambulantes-trabalharem-na-festa-de-aniversario-de-palmas\/","og_locale":"pt_BR","og_type":"article","og_title":"Sedem sorteia 20 vagas para ambulantes trabalharem na festa de anivers\u00e1rio de Palmas - PORTAL DE NOT\u00cdCIAS CLEITON PINHEIRO","og_description":"A Secretaria de Desenvolvimento Econ\u00f4mico e Emprego (Sedem) realizou na tarde desta ter\u00e7a-feira, 14, o sorteio das 20 vagas destinadas \u00e0 comercializa\u00e7\u00e3o de produtos na Vila Gastron\u00f4mica do grande show em celebra\u00e7\u00e3o do\u00a0anivers\u00e1rio da Capital, que acontece no pr\u00f3ximo domingo, 19, na Avenida Teot\u00f4nio Segurado. A sele\u00e7\u00e3o que definiu os ambulantes habilitados ocorreu no audit\u00f3rio [&hellip;]","og_url":"https:\/\/cleitonpinheiro.com.br\/site\/sedem-sorteia-20-vagas-para-ambulantes-trabalharem-na-festa-de-aniversario-de-palmas\/","og_site_name":"PORTAL DE NOT\u00cdCIAS CLEITON PINHEIRO","article_publisher":"https:\/\/www.facebook.com\/portalcpnoticias\/","article_published_time":"2024-05-15T11:30:00+00:00","article_modified_time":"2024-05-17T18:32:02+00:00","og_image":[{"width":800,"height":533,"url":"https:\/\/cleitonpinheiro.com.br\/site\/wp-content\/uploads\/2024\/05\/5c5280ff-af90-42d1-90dd-f86cf216a6e7.jpg","type":"image\/jpeg"}],"author":"Cleiton Pinheiro","twitter_card":"summary_large_image","twitter_misc":{"Escrito por":"Cleiton Pinheiro","Est. tempo de leitura":"3 minutos"},"schema":{"@context":"https:\/\/schema.org","@graph":[{"@type":"Article","@id":"https:\/\/cleitonpinheiro.com.br\/site\/sedem-sorteia-20-vagas-para-ambulantes-trabalharem-na-festa-de-aniversario-de-palmas\/#article","isPartOf":{"@id":"https:\/\/cleitonpinheiro.com.br\/site\/sedem-sorteia-20-vagas-para-ambulantes-trabalharem-na-festa-de-aniversario-de-palmas\/"},"author":{"name":"Cleiton Pinheiro","@id":"https:\/\/cleitonpinheiro.com.br\/site\/#\/schema\/person\/62fd4eb98fcc8bd3fc477aaff264af51"},"headline":"Sedem sorteia 20 vagas para ambulantes trabalharem na festa de anivers\u00e1rio de Palmas","datePublished":"2024-05-15T11:30:00+00:00","dateModified":"2024-05-17T18:32:02+00:00","mainEntityOfPage":{"@id":"https:\/\/cleitonpinheiro.com.br\/site\/sedem-sorteia-20-vagas-para-ambulantes-trabalharem-na-festa-de-aniversario-de-palmas\/"},"wordCount":424,"commentCount":0,"publisher":{"@id":"https:\/\/cleitonpinheiro.com.br\/site\/#organization"},"image":{"@id":"https:\/\/cleitonpinheiro.com.br\/site\/sedem-sorteia-20-vagas-para-ambulantes-trabalharem-na-festa-de-aniversario-de-palmas\/#primaryimage"},"thumbnailUrl":"https:\/\/cleitonpinheiro.com.br\/site\/wp-content\/uploads\/2024\/05\/5c5280ff-af90-42d1-90dd-f86cf216a6e7.jpg","articleSection":["CIDADES","MANCHETE SEGUND\u00c1RIA","TODAS NOTICIAS"],"inLanguage":"pt-BR","potentialAction":[{"@type":"CommentAction","name":"Comment","target":["https:\/\/cleitonpinheiro.com.br\/site\/sedem-sorteia-20-vagas-para-ambulantes-trabalharem-na-festa-de-aniversario-de-palmas\/#respond"]}]},{"@type":"WebPage","@id":"https:\/\/cleitonpinheiro.com.br\/site\/sedem-sorteia-20-vagas-para-ambulantes-trabalharem-na-festa-de-aniversario-de-palmas\/","url":"https:\/\/cleitonpinheiro.com.br\/site\/sedem-sorteia-20-vagas-para-ambulantes-trabalharem-na-festa-de-aniversario-de-palmas\/","name":"Sedem sorteia 20 vagas para ambulantes trabalharem na festa de anivers\u00e1rio de Palmas - PORTAL DE NOT\u00cdCIAS CLEITON PINHEIRO","isPartOf":{"@id":"https:\/\/cleitonpinheiro.com.br\/site\/#website"},"primaryImageOfPage":{"@id":"https:\/\/cleitonpinheiro.com.br\/site\/sedem-sorteia-20-vagas-para-ambulantes-trabalharem-na-festa-de-aniversario-de-palmas\/#primaryimage"},"image":{"@id":"https:\/\/cleitonpinheiro.com.br\/site\/sedem-sorteia-20-vagas-para-ambulantes-trabalharem-na-festa-de-aniversario-de-palmas\/#primaryimage"},"thumbnailUrl":"https:\/\/cleitonpinheiro.com.br\/site\/wp-content\/uploads\/2024\/05\/5c5280ff-af90-42d1-90dd-f86cf216a6e7.jpg","datePublished":"2024-05-15T11:30:00+00:00","dateModified":"2024-05-17T18:32:02+00:00","breadcrumb":{"@id":"https:\/\/cleitonpinheiro.com.br\/site\/sedem-sorteia-20-vagas-para-ambulantes-trabalharem-na-festa-de-aniversario-de-palmas\/#breadcrumb"},"inLanguage":"pt-BR","potentialAction":[{"@type":"ReadAction","target":["https:\/\/cleitonpinheiro.com.br\/site\/sedem-sorteia-20-vagas-para-ambulantes-trabalharem-na-festa-de-aniversario-de-palmas\/"]}]},{"@type":"ImageObject","inLanguage":"pt-BR","@id":"https:\/\/cleitonpinheiro.com.br\/site\/sedem-sorteia-20-vagas-para-ambulantes-trabalharem-na-festa-de-aniversario-de-palmas\/#primaryimage","url":"","contentUrl":""},{"@type":"BreadcrumbList","@id":"https:\/\/cleitonpinheiro.com.br\/site\/sedem-sorteia-20-vagas-para-ambulantes-trabalharem-na-festa-de-aniversario-de-palmas\/#breadcrumb","itemListElement":[{"@type":"ListItem","position":1,"name":"In\u00edcio","item":"https:\/\/cleitonpinheiro.com.br\/site\/"},{"@type":"ListItem","position":2,"name":"Sedem sorteia 20 vagas para ambulantes trabalharem na festa de anivers\u00e1rio de Palmas"}]},{"@type":"WebSite","@id":"https:\/\/cleitonpinheiro.com.br\/site\/#website","url":"https:\/\/cleitonpinheiro.com.br\/site\/","name":"PORTAL DE NOT\u00cdCIAS CLEITON PINHEIRO","description":"FALANDO A VERDADE","publisher":{"@id":"https:\/\/cleitonpinheiro.com.br\/site\/#organization"},"potentialAction":[{"@type":"SearchAction","target":{"@type":"EntryPoint","urlTemplate":"https:\/\/cleitonpinheiro.com.br\/site\/?s={search_term_string}"},"query-input":{"@type":"PropertyValueSpecification","valueRequired":true,"valueName":"search_term_string"}}],"inLanguage":"pt-BR"},{"@type":"Organization","@id":"https:\/\/cleitonpinheiro.com.br\/site\/#organization","name":"CPNOT\u00cdCIAS","url":"https:\/\/cleitonpinheiro.com.br\/site\/","logo":{"@type":"ImageObject","inLanguage":"pt-BR","@id":"https:\/\/cleitonpinheiro.com.br\/site\/#\/schema\/logo\/image\/","url":"https:\/\/cleitonpinheiro.com.br\/site\/wp-content\/uploads\/2022\/08\/Logo-pequena-2.png","contentUrl":"https:\/\/cleitonpinheiro.com.br\/site\/wp-content\/uploads\/2022\/08\/Logo-pequena-2.png","width":500,"height":500,"caption":"CPNOT\u00cdCIAS"},"image":{"@id":"https:\/\/cleitonpinheiro.com.br\/site\/#\/schema\/logo\/image\/"},"sameAs":["https:\/\/www.facebook.com\/portalcpnoticias\/"]},{"@type":"Person","@id":"https:\/\/cleitonpinheiro.com.br\/site\/#\/schema\/person\/62fd4eb98fcc8bd3fc477aaff264af51","name":"Cleiton Pinheiro","image":{"@type":"ImageObject","inLanguage":"pt-BR","@id":"https:\/\/cleitonpinheiro.com.br\/site\/#\/schema\/person\/image\/","url":"https:\/\/secure.gravatar.com\/avatar\/15642ec35b78fe5eed3cfa8e4a3f3211d73a3df4f35f0566b4324958cba1b1b9?s=96&r=g","contentUrl":"https:\/\/secure.gravatar.com\/avatar\/15642ec35b78fe5eed3cfa8e4a3f3211d73a3df4f35f0566b4324958cba1b1b9?s=96&r=g","caption":"Cleiton Pinheiro"},"url":"https:\/\/cleitonpinheiro.com.br\/site\/author\/cleiton\/"}]}},"views":131,"_links":{"self":[{"href":"https:\/\/cleitonpinheiro.com.br\/site\/wp-json\/wp\/v2\/posts\/77283","targetHints":{"allow":["GET"]}}],"collection":[{"href":"https:\/\/cleitonpinheiro.com.br\/site\/wp-json\/wp\/v2\/posts"}],"about":[{"href":"https:\/\/cleitonpinheiro.com.br\/site\/wp-json\/wp\/v2\/types\/post"}],"author":[{"embeddable":true,"href":"https:\/\/cleitonpinheiro.com.br\/site\/wp-json\/wp\/v2\/users\/10"}],"replies":[{"embeddable":true,"href":"https:\/\/cleitonpinheiro.com.br\/site\/wp-json\/wp\/v2\/comments?post=77283"}],"version-history":[{"count":1,"href":"https:\/\/cleitonpinheiro.com.br\/site\/wp-json\/wp\/v2\/posts\/77283\/revisions"}],"predecessor-version":[{"id":77285,"href":"https:\/\/cleitonpinheiro.com.br\/site\/wp-json\/wp\/v2\/posts\/77283\/revisions\/77285"}],"wp:attachment":[{"href":"https:\/\/cleitonpinheiro.com.br\/site\/wp-json\/wp\/v2\/media?parent=77283"}],"wp:term":[{"taxonomy":"category","embeddable":true,"href":"https:\/\/cleitonpinheiro.com.br\/site\/wp-json\/wp\/v2\/categories?post=77283"},{"taxonomy":"post_tag","embeddable":true,"href":"https:\/\/cleitonpinheiro.com.br\/site\/wp-json\/wp\/v2\/tags?post=77283"}],"curies":[{"name":"wp","href":"https:\/\/api.w.org\/{rel}","templated":true}]}}