{"id":77286,"date":"2024-05-18T14:06:55","date_gmt":"2024-05-18T17:06:55","guid":{"rendered":"https:\/\/cleitonpinheiro.com.br\/site\/?p=77286"},"modified":"2024-05-23T14:37:32","modified_gmt":"2024-05-23T17:37:32","slug":"pac-quase-r-200-milhoes-para-aquisicao-de-112-onibus-para-o-transporte-coletivo-de-palmas","status":"publish","type":"post","link":"https:\/\/cleitonpinheiro.com.br\/site\/pac-quase-r-200-milhoes-para-aquisicao-de-112-onibus-para-o-transporte-coletivo-de-palmas\/","title":{"rendered":"PAC: quase R$ 200 milh\u00f5es para aquisi\u00e7\u00e3o de 112 \u00f4nibus para o transporte coletivo de Palmas"},"content":{"rendered":"\n<figure class=\"wp-block-image size-full\"><img decoding=\"async\" src=\"https:\/\/cleitonpinheiro.com.br\/site\/wp-content\/uploads\/2024\/05\/5f3b27f9-8220-46b5-8d0e-86e9aa1dc126.jpg\" alt=\"\" class=\"wp-image-77287\"\/><figcaption class=\"wp-element-caption\">Foto: Francisco Barros\/Prefeitura de Palmas<\/figcaption><\/figure>\n\n\n\n<p>A prefeita Cinthia Ribeiro anunciou nas redes sociais que a Prefeitura de Palmas foi contemplada quase R$ 200 milh\u00f5es, recursos do Novo Plano de Acelera\u00e7\u00e3o do Crescimento (PAC) do governo federal, para aquisi\u00e7\u00e3o de 112 \u00f4nibus (zero quil\u00f4metro)&nbsp;para o transporte coletivo. Ser\u00e3o 100 ve\u00edculos&nbsp;a combust\u00e3o e 12 \u00f4nibus el\u00e9tricos. Desde dezembro de 2022 que a Gest\u00e3o Municipal assumiu o transporte coletivo, ap\u00f3s o t\u00e9rmino da concess\u00e3o de 30 anos.<\/p>\n\n\n\n<p>Este ano, a prefeitura locou 100  ve\u00edculos seminovos, de ano e modelo igual ou superior a 2019, climatizados e adaptados para o transporte de pessoas com defici\u00eancia ou mobilidade reduzida, refor\u00e7ar a frota. Al\u00e9m de substitu\u00edrem os ve\u00edculos de uma das ex-concession\u00e1rias que operaram&nbsp;em requisi\u00e7\u00e3o por mais tempo, os \u00f4nibus refor\u00e7aram o atendimento das linhas 010 (Eix\u00e3o), 013 (Eix\u00e3o exclusivo para mulheres), 020 (TO-050), 190 (NS-10), 480 (Maria Rosa), 500 (S\u00f4nia Regina), 510 (Laila-Araras) e 540 (Eix\u00e3o-Taquari) nos hor\u00e1rios de pico.<\/p>\n\n\n\n<p><strong>Catraca livre<\/strong><\/p>\n\n\n\n<p>A gratuidade tem como objetivo incentivar o uso do transporte p\u00fablico, ampliar o acesso ao lazer, parques, centros esportivos, eventos culturais, melhorar a economia e a oferta de empregos. O benef\u00edcio est\u00e1 previsto no Decreto Municipal N\u00ba 2.466\/2023, que institui a tarifa zero no transporte p\u00fablico coletivo de Palmas nos finais de semana e feriados.<\/p>\n\n\n\n<p><strong>Linhas exclusiva e motoristas mulheres<\/strong><\/p>\n\n\n\n<p>Outra necessidade da popula\u00e7\u00e3o atendida foi a cria\u00e7\u00e3o de uma linha exclusiva para mulheres.&nbsp;A medida tem o objetivo de coibir situa\u00e7\u00f5es de ass\u00e9dio. O \u00f4nibus exclusivo come\u00e7ou a operar no dia 8 de mar\u00e7o de 2023, Dia Internacional da Mulher. Vale ressaltar que a linha complementar n\u00e3o interfere na rotina das demais rotas do transporte coletivo de Palmas.&nbsp;A ATCP tamb\u00e9m lan\u00e7ou editais inclusivos para contrata\u00e7\u00e3o de mulheres para a cargos de motoristas. Atualmente dez profissionais do sexo feminino est\u00e3o no exerc\u00edcio da fun\u00e7\u00e3o.&nbsp;<\/p>\n\n\n\n<p><strong>Pix<\/strong><\/p>\n\n\n\n<p>ATCP&nbsp;inovou recentemente ao implantar uma alternativa do m\u00e9todo de pagamento para recarga dos cart\u00f5es do Meu Bus\u00e3o Palmas. Agora, os cidad\u00e3os t\u00eam a op\u00e7\u00e3o de recarregar seus cart\u00f5es utilizando&nbsp;pix como forma de pagamento, diretamente pelo site da ag\u00eancia. A recarga online oferece aos usu\u00e1rios a comodidade de compra dos cr\u00e9ditos sem a necessidade de deslocamento f\u00edsico.&nbsp;<a href=\"https:\/\/agenciapalmas.com\/Noticia\/239710\/confira-locais-de-recarga-e-formas-de-pagamento-do-transporte-coletivo-da-capital\" target=\"_blank\" rel=\"noreferrer noopener\">Saiba mais aqui<\/a>.<\/p>\n\n\n\n<p><strong>Cittamobi<\/strong><\/p>\n\n\n\n<p>O aplicativo Cittamobi veio para melhorar e facilitar a oferta de&nbsp;orienta\u00e7\u00e3o a&nbsp;usu\u00e1rios do transporte coletivo de Palmas. A ferramenta pode ser baixada gratuitamente no celular&nbsp;e, por meio dele, a popula\u00e7\u00e3o pode acompanhar, em tempo real, tudo sobre o transporte coletivo de Palmas. O Cittamobi&nbsp;traz ainda&nbsp;informa\u00e7\u00f5es sobre o mapa do itiner\u00e1rio da linha e a fun\u00e7\u00e3o de alarme para avisar quando o \u00f4nibus chegar ao ponto de destino. Durante a viagem, o passageiro ainda poder\u00e1 acompanhar a previs\u00e3o de chegada nos pr\u00f3ximos pontos enquanto o ve\u00edculo faz o trajeto. Outra facilidade do aplicativo \u00e9 a inclus\u00e3o para os usu\u00e1rios com defici\u00eancia visual. Basta acionar o comando de voz.&nbsp;<\/p>\n\n\n\n<p><strong>Novos abrigos<\/strong><\/p>\n\n\n\n<p>Teve in\u00edcio a implanta\u00e7\u00e3o de 325 abrigos de medidas de 2,50 x 4,0 m,&nbsp;al\u00e9m de mais 175 abrigos de 4,00 x 6,00 m, com 500 estruturas de apoio para comunica\u00e7\u00e3o. Ao todo, 80 abrigos ser\u00e3o retirados e outros 85 ser\u00e3o readequados ou reparados. A previs\u00e3o or\u00e7ament\u00e1ria \u00e9 de R$ 15.985,048,15. &nbsp;<\/p>\n\n\n\n<p>No Levantamento T\u00e9cnico Quantitativo, com ano base 2021, foi identificado que em Palmas h\u00e1 mais de 790 pontos de paradas, divididos da seguinte forma:&nbsp;402 abrigos de concreto;&nbsp;36 abrigos met\u00e1licos; 106 placas de sinaliza\u00e7\u00e3o vertical; 229 sem placa; 14 abrigos sustent\u00e1veis e seis esta\u00e7\u00f5es.&nbsp;<\/p>\n\n\n\n<p>Texto: Prefeitura de Palmas<\/p>\n","protected":false},"excerpt":{"rendered":"<p>A prefeita Cinthia Ribeiro anunciou nas redes sociais que a Prefeitura de Palmas foi contemplada quase R$ 200 milh\u00f5es, recursos do Novo Plano de Acelera\u00e7\u00e3o do Crescimento (PAC) do governo federal, para aquisi\u00e7\u00e3o de 112 \u00f4nibus (zero quil\u00f4metro)&nbsp;para o transporte coletivo. Ser\u00e3o 100 ve\u00edculos&nbsp;a combust\u00e3o e 12 \u00f4nibus el\u00e9tricos. Desde dezembro de 2022 que a [&hellip;]<\/p>\n","protected":false},"author":10,"featured_media":0,"comment_status":"open","ping_status":"open","sticky":false,"template":"","format":"standard","meta":{"_acf_changed":false,"footnotes":""},"categories":[22,898,21],"tags":[],"class_list":["post-77286","post","type-post","status-publish","format-standard","hentry","category-cidades","category-manchete-segundaria","category-todas-noticias"],"acf":[],"yoast_head":"<!-- This site is optimized with the Yoast SEO plugin v24.4 - https:\/\/yoast.com\/wordpress\/plugins\/seo\/ -->\n<title>PAC: quase R$ 200 milh\u00f5es para aquisi\u00e7\u00e3o de 112 \u00f4nibus para o transporte coletivo de Palmas - PORTAL DE NOT\u00cdCIAS CLEITON PINHEIRO<\/title>\n<meta name=\"robots\" content=\"index, follow, max-snippet:-1, max-image-preview:large, max-video-preview:-1\" \/>\n<link rel=\"canonical\" href=\"https:\/\/cleitonpinheiro.com.br\/site\/pac-quase-r-200-milhoes-para-aquisicao-de-112-onibus-para-o-transporte-coletivo-de-palmas\/\" \/>\n<meta property=\"og:locale\" content=\"pt_BR\" \/>\n<meta property=\"og:type\" content=\"article\" \/>\n<meta property=\"og:title\" content=\"PAC: quase R$ 200 milh\u00f5es para aquisi\u00e7\u00e3o de 112 \u00f4nibus para o transporte coletivo de Palmas - PORTAL DE NOT\u00cdCIAS CLEITON PINHEIRO\" \/>\n<meta property=\"og:description\" content=\"A prefeita Cinthia Ribeiro anunciou nas redes sociais que a Prefeitura de Palmas foi contemplada quase R$ 200 milh\u00f5es, recursos do Novo Plano de Acelera\u00e7\u00e3o do Crescimento (PAC) do governo federal, para aquisi\u00e7\u00e3o de 112 \u00f4nibus (zero quil\u00f4metro)&nbsp;para o transporte coletivo. Ser\u00e3o 100 ve\u00edculos&nbsp;a combust\u00e3o e 12 \u00f4nibus el\u00e9tricos. Desde dezembro de 2022 que a [&hellip;]\" \/>\n<meta property=\"og:url\" content=\"https:\/\/cleitonpinheiro.com.br\/site\/pac-quase-r-200-milhoes-para-aquisicao-de-112-onibus-para-o-transporte-coletivo-de-palmas\/\" \/>\n<meta property=\"og:site_name\" content=\"PORTAL DE NOT\u00cdCIAS CLEITON PINHEIRO\" \/>\n<meta property=\"article:publisher\" content=\"https:\/\/www.facebook.com\/portalcpnoticias\/\" \/>\n<meta property=\"article:published_time\" content=\"2024-05-18T17:06:55+00:00\" \/>\n<meta property=\"article:modified_time\" content=\"2024-05-23T17:37:32+00:00\" \/>\n<meta property=\"og:image\" content=\"https:\/\/cleitonpinheiro.com.br\/site\/wp-content\/uploads\/2024\/05\/5f3b27f9-8220-46b5-8d0e-86e9aa1dc126.jpg\" \/>\n\t<meta property=\"og:image:width\" content=\"800\" \/>\n\t<meta property=\"og:image:height\" content=\"533\" \/>\n\t<meta property=\"og:image:type\" content=\"image\/jpeg\" \/>\n<meta name=\"author\" content=\"Cleiton Pinheiro\" \/>\n<meta name=\"twitter:card\" content=\"summary_large_image\" \/>\n<meta name=\"twitter:label1\" content=\"Escrito por\" \/>\n\t<meta name=\"twitter:data1\" content=\"Cleiton Pinheiro\" \/>\n\t<meta name=\"twitter:label2\" content=\"Est. tempo de leitura\" \/>\n\t<meta name=\"twitter:data2\" content=\"4 minutos\" \/>\n<script type=\"application\/ld+json\" class=\"yoast-schema-graph\">{\"@context\":\"https:\/\/schema.org\",\"@graph\":[{\"@type\":\"Article\",\"@id\":\"https:\/\/cleitonpinheiro.com.br\/site\/pac-quase-r-200-milhoes-para-aquisicao-de-112-onibus-para-o-transporte-coletivo-de-palmas\/#article\",\"isPartOf\":{\"@id\":\"https:\/\/cleitonpinheiro.com.br\/site\/pac-quase-r-200-milhoes-para-aquisicao-de-112-onibus-para-o-transporte-coletivo-de-palmas\/\"},\"author\":{\"name\":\"Cleiton Pinheiro\",\"@id\":\"https:\/\/cleitonpinheiro.com.br\/site\/#\/schema\/person\/62fd4eb98fcc8bd3fc477aaff264af51\"},\"headline\":\"PAC: quase R$ 200 milh\u00f5es para aquisi\u00e7\u00e3o de 112 \u00f4nibus para o transporte coletivo de Palmas\",\"datePublished\":\"2024-05-18T17:06:55+00:00\",\"dateModified\":\"2024-05-23T17:37:32+00:00\",\"mainEntityOfPage\":{\"@id\":\"https:\/\/cleitonpinheiro.com.br\/site\/pac-quase-r-200-milhoes-para-aquisicao-de-112-onibus-para-o-transporte-coletivo-de-palmas\/\"},\"wordCount\":660,\"commentCount\":0,\"publisher\":{\"@id\":\"https:\/\/cleitonpinheiro.com.br\/site\/#organization\"},\"image\":{\"@id\":\"https:\/\/cleitonpinheiro.com.br\/site\/pac-quase-r-200-milhoes-para-aquisicao-de-112-onibus-para-o-transporte-coletivo-de-palmas\/#primaryimage\"},\"thumbnailUrl\":\"https:\/\/cleitonpinheiro.com.br\/site\/wp-content\/uploads\/2024\/05\/5f3b27f9-8220-46b5-8d0e-86e9aa1dc126.jpg\",\"articleSection\":[\"CIDADES\",\"MANCHETE SEGUND\u00c1RIA\",\"TODAS NOTICIAS\"],\"inLanguage\":\"pt-BR\",\"potentialAction\":[{\"@type\":\"CommentAction\",\"name\":\"Comment\",\"target\":[\"https:\/\/cleitonpinheiro.com.br\/site\/pac-quase-r-200-milhoes-para-aquisicao-de-112-onibus-para-o-transporte-coletivo-de-palmas\/#respond\"]}]},{\"@type\":\"WebPage\",\"@id\":\"https:\/\/cleitonpinheiro.com.br\/site\/pac-quase-r-200-milhoes-para-aquisicao-de-112-onibus-para-o-transporte-coletivo-de-palmas\/\",\"url\":\"https:\/\/cleitonpinheiro.com.br\/site\/pac-quase-r-200-milhoes-para-aquisicao-de-112-onibus-para-o-transporte-coletivo-de-palmas\/\",\"name\":\"PAC: quase R$ 200 milh\u00f5es para aquisi\u00e7\u00e3o de 112 \u00f4nibus para o transporte coletivo de Palmas - PORTAL DE NOT\u00cdCIAS CLEITON PINHEIRO\",\"isPartOf\":{\"@id\":\"https:\/\/cleitonpinheiro.com.br\/site\/#website\"},\"primaryImageOfPage\":{\"@id\":\"https:\/\/cleitonpinheiro.com.br\/site\/pac-quase-r-200-milhoes-para-aquisicao-de-112-onibus-para-o-transporte-coletivo-de-palmas\/#primaryimage\"},\"image\":{\"@id\":\"https:\/\/cleitonpinheiro.com.br\/site\/pac-quase-r-200-milhoes-para-aquisicao-de-112-onibus-para-o-transporte-coletivo-de-palmas\/#primaryimage\"},\"thumbnailUrl\":\"https:\/\/cleitonpinheiro.com.br\/site\/wp-content\/uploads\/2024\/05\/5f3b27f9-8220-46b5-8d0e-86e9aa1dc126.jpg\",\"datePublished\":\"2024-05-18T17:06:55+00:00\",\"dateModified\":\"2024-05-23T17:37:32+00:00\",\"breadcrumb\":{\"@id\":\"https:\/\/cleitonpinheiro.com.br\/site\/pac-quase-r-200-milhoes-para-aquisicao-de-112-onibus-para-o-transporte-coletivo-de-palmas\/#breadcrumb\"},\"inLanguage\":\"pt-BR\",\"potentialAction\":[{\"@type\":\"ReadAction\",\"target\":[\"https:\/\/cleitonpinheiro.com.br\/site\/pac-quase-r-200-milhoes-para-aquisicao-de-112-onibus-para-o-transporte-coletivo-de-palmas\/\"]}]},{\"@type\":\"ImageObject\",\"inLanguage\":\"pt-BR\",\"@id\":\"https:\/\/cleitonpinheiro.com.br\/site\/pac-quase-r-200-milhoes-para-aquisicao-de-112-onibus-para-o-transporte-coletivo-de-palmas\/#primaryimage\",\"url\":\"\",\"contentUrl\":\"\"},{\"@type\":\"BreadcrumbList\",\"@id\":\"https:\/\/cleitonpinheiro.com.br\/site\/pac-quase-r-200-milhoes-para-aquisicao-de-112-onibus-para-o-transporte-coletivo-de-palmas\/#breadcrumb\",\"itemListElement\":[{\"@type\":\"ListItem\",\"position\":1,\"name\":\"In\u00edcio\",\"item\":\"https:\/\/cleitonpinheiro.com.br\/site\/\"},{\"@type\":\"ListItem\",\"position\":2,\"name\":\"PAC: quase R$ 200 milh\u00f5es para aquisi\u00e7\u00e3o de 112 \u00f4nibus para o transporte coletivo de Palmas\"}]},{\"@type\":\"WebSite\",\"@id\":\"https:\/\/cleitonpinheiro.com.br\/site\/#website\",\"url\":\"https:\/\/cleitonpinheiro.com.br\/site\/\",\"name\":\"PORTAL DE NOT\u00cdCIAS CLEITON PINHEIRO\",\"description\":\"FALANDO A VERDADE\",\"publisher\":{\"@id\":\"https:\/\/cleitonpinheiro.com.br\/site\/#organization\"},\"potentialAction\":[{\"@type\":\"SearchAction\",\"target\":{\"@type\":\"EntryPoint\",\"urlTemplate\":\"https:\/\/cleitonpinheiro.com.br\/site\/?s={search_term_string}\"},\"query-input\":{\"@type\":\"PropertyValueSpecification\",\"valueRequired\":true,\"valueName\":\"search_term_string\"}}],\"inLanguage\":\"pt-BR\"},{\"@type\":\"Organization\",\"@id\":\"https:\/\/cleitonpinheiro.com.br\/site\/#organization\",\"name\":\"CPNOT\u00cdCIAS\",\"url\":\"https:\/\/cleitonpinheiro.com.br\/site\/\",\"logo\":{\"@type\":\"ImageObject\",\"inLanguage\":\"pt-BR\",\"@id\":\"https:\/\/cleitonpinheiro.com.br\/site\/#\/schema\/logo\/image\/\",\"url\":\"https:\/\/cleitonpinheiro.com.br\/site\/wp-content\/uploads\/2022\/08\/Logo-pequena-2.png\",\"contentUrl\":\"https:\/\/cleitonpinheiro.com.br\/site\/wp-content\/uploads\/2022\/08\/Logo-pequena-2.png\",\"width\":500,\"height\":500,\"caption\":\"CPNOT\u00cdCIAS\"},\"image\":{\"@id\":\"https:\/\/cleitonpinheiro.com.br\/site\/#\/schema\/logo\/image\/\"},\"sameAs\":[\"https:\/\/www.facebook.com\/portalcpnoticias\/\"]},{\"@type\":\"Person\",\"@id\":\"https:\/\/cleitonpinheiro.com.br\/site\/#\/schema\/person\/62fd4eb98fcc8bd3fc477aaff264af51\",\"name\":\"Cleiton Pinheiro\",\"image\":{\"@type\":\"ImageObject\",\"inLanguage\":\"pt-BR\",\"@id\":\"https:\/\/cleitonpinheiro.com.br\/site\/#\/schema\/person\/image\/\",\"url\":\"https:\/\/secure.gravatar.com\/avatar\/15642ec35b78fe5eed3cfa8e4a3f3211d73a3df4f35f0566b4324958cba1b1b9?s=96&r=g\",\"contentUrl\":\"https:\/\/secure.gravatar.com\/avatar\/15642ec35b78fe5eed3cfa8e4a3f3211d73a3df4f35f0566b4324958cba1b1b9?s=96&r=g\",\"caption\":\"Cleiton Pinheiro\"},\"url\":\"https:\/\/cleitonpinheiro.com.br\/site\/author\/cleiton\/\"}]}<\/script>\n<!-- \/ Yoast SEO plugin. -->","yoast_head_json":{"title":"PAC: quase R$ 200 milh\u00f5es para aquisi\u00e7\u00e3o de 112 \u00f4nibus para o transporte coletivo de Palmas - PORTAL DE NOT\u00cdCIAS CLEITON PINHEIRO","robots":{"index":"index","follow":"follow","max-snippet":"max-snippet:-1","max-image-preview":"max-image-preview:large","max-video-preview":"max-video-preview:-1"},"canonical":"https:\/\/cleitonpinheiro.com.br\/site\/pac-quase-r-200-milhoes-para-aquisicao-de-112-onibus-para-o-transporte-coletivo-de-palmas\/","og_locale":"pt_BR","og_type":"article","og_title":"PAC: quase R$ 200 milh\u00f5es para aquisi\u00e7\u00e3o de 112 \u00f4nibus para o transporte coletivo de Palmas - PORTAL DE NOT\u00cdCIAS CLEITON PINHEIRO","og_description":"A prefeita Cinthia Ribeiro anunciou nas redes sociais que a Prefeitura de Palmas foi contemplada quase R$ 200 milh\u00f5es, recursos do Novo Plano de Acelera\u00e7\u00e3o do Crescimento (PAC) do governo federal, para aquisi\u00e7\u00e3o de 112 \u00f4nibus (zero quil\u00f4metro)&nbsp;para o transporte coletivo. Ser\u00e3o 100 ve\u00edculos&nbsp;a combust\u00e3o e 12 \u00f4nibus el\u00e9tricos. Desde dezembro de 2022 que a [&hellip;]","og_url":"https:\/\/cleitonpinheiro.com.br\/site\/pac-quase-r-200-milhoes-para-aquisicao-de-112-onibus-para-o-transporte-coletivo-de-palmas\/","og_site_name":"PORTAL DE NOT\u00cdCIAS CLEITON PINHEIRO","article_publisher":"https:\/\/www.facebook.com\/portalcpnoticias\/","article_published_time":"2024-05-18T17:06:55+00:00","article_modified_time":"2024-05-23T17:37:32+00:00","og_image":[{"width":800,"height":533,"url":"https:\/\/cleitonpinheiro.com.br\/site\/wp-content\/uploads\/2024\/05\/5f3b27f9-8220-46b5-8d0e-86e9aa1dc126.jpg","type":"image\/jpeg"}],"author":"Cleiton Pinheiro","twitter_card":"summary_large_image","twitter_misc":{"Escrito por":"Cleiton Pinheiro","Est. tempo de leitura":"4 minutos"},"schema":{"@context":"https:\/\/schema.org","@graph":[{"@type":"Article","@id":"https:\/\/cleitonpinheiro.com.br\/site\/pac-quase-r-200-milhoes-para-aquisicao-de-112-onibus-para-o-transporte-coletivo-de-palmas\/#article","isPartOf":{"@id":"https:\/\/cleitonpinheiro.com.br\/site\/pac-quase-r-200-milhoes-para-aquisicao-de-112-onibus-para-o-transporte-coletivo-de-palmas\/"},"author":{"name":"Cleiton Pinheiro","@id":"https:\/\/cleitonpinheiro.com.br\/site\/#\/schema\/person\/62fd4eb98fcc8bd3fc477aaff264af51"},"headline":"PAC: quase R$ 200 milh\u00f5es para aquisi\u00e7\u00e3o de 112 \u00f4nibus para o transporte coletivo de Palmas","datePublished":"2024-05-18T17:06:55+00:00","dateModified":"2024-05-23T17:37:32+00:00","mainEntityOfPage":{"@id":"https:\/\/cleitonpinheiro.com.br\/site\/pac-quase-r-200-milhoes-para-aquisicao-de-112-onibus-para-o-transporte-coletivo-de-palmas\/"},"wordCount":660,"commentCount":0,"publisher":{"@id":"https:\/\/cleitonpinheiro.com.br\/site\/#organization"},"image":{"@id":"https:\/\/cleitonpinheiro.com.br\/site\/pac-quase-r-200-milhoes-para-aquisicao-de-112-onibus-para-o-transporte-coletivo-de-palmas\/#primaryimage"},"thumbnailUrl":"https:\/\/cleitonpinheiro.com.br\/site\/wp-content\/uploads\/2024\/05\/5f3b27f9-8220-46b5-8d0e-86e9aa1dc126.jpg","articleSection":["CIDADES","MANCHETE SEGUND\u00c1RIA","TODAS NOTICIAS"],"inLanguage":"pt-BR","potentialAction":[{"@type":"CommentAction","name":"Comment","target":["https:\/\/cleitonpinheiro.com.br\/site\/pac-quase-r-200-milhoes-para-aquisicao-de-112-onibus-para-o-transporte-coletivo-de-palmas\/#respond"]}]},{"@type":"WebPage","@id":"https:\/\/cleitonpinheiro.com.br\/site\/pac-quase-r-200-milhoes-para-aquisicao-de-112-onibus-para-o-transporte-coletivo-de-palmas\/","url":"https:\/\/cleitonpinheiro.com.br\/site\/pac-quase-r-200-milhoes-para-aquisicao-de-112-onibus-para-o-transporte-coletivo-de-palmas\/","name":"PAC: quase R$ 200 milh\u00f5es para aquisi\u00e7\u00e3o de 112 \u00f4nibus para o transporte coletivo de Palmas - PORTAL DE NOT\u00cdCIAS CLEITON PINHEIRO","isPartOf":{"@id":"https:\/\/cleitonpinheiro.com.br\/site\/#website"},"primaryImageOfPage":{"@id":"https:\/\/cleitonpinheiro.com.br\/site\/pac-quase-r-200-milhoes-para-aquisicao-de-112-onibus-para-o-transporte-coletivo-de-palmas\/#primaryimage"},"image":{"@id":"https:\/\/cleitonpinheiro.com.br\/site\/pac-quase-r-200-milhoes-para-aquisicao-de-112-onibus-para-o-transporte-coletivo-de-palmas\/#primaryimage"},"thumbnailUrl":"https:\/\/cleitonpinheiro.com.br\/site\/wp-content\/uploads\/2024\/05\/5f3b27f9-8220-46b5-8d0e-86e9aa1dc126.jpg","datePublished":"2024-05-18T17:06:55+00:00","dateModified":"2024-05-23T17:37:32+00:00","breadcrumb":{"@id":"https:\/\/cleitonpinheiro.com.br\/site\/pac-quase-r-200-milhoes-para-aquisicao-de-112-onibus-para-o-transporte-coletivo-de-palmas\/#breadcrumb"},"inLanguage":"pt-BR","potentialAction":[{"@type":"ReadAction","target":["https:\/\/cleitonpinheiro.com.br\/site\/pac-quase-r-200-milhoes-para-aquisicao-de-112-onibus-para-o-transporte-coletivo-de-palmas\/"]}]},{"@type":"ImageObject","inLanguage":"pt-BR","@id":"https:\/\/cleitonpinheiro.com.br\/site\/pac-quase-r-200-milhoes-para-aquisicao-de-112-onibus-para-o-transporte-coletivo-de-palmas\/#primaryimage","url":"","contentUrl":""},{"@type":"BreadcrumbList","@id":"https:\/\/cleitonpinheiro.com.br\/site\/pac-quase-r-200-milhoes-para-aquisicao-de-112-onibus-para-o-transporte-coletivo-de-palmas\/#breadcrumb","itemListElement":[{"@type":"ListItem","position":1,"name":"In\u00edcio","item":"https:\/\/cleitonpinheiro.com.br\/site\/"},{"@type":"ListItem","position":2,"name":"PAC: quase R$ 200 milh\u00f5es para aquisi\u00e7\u00e3o de 112 \u00f4nibus para o transporte coletivo de Palmas"}]},{"@type":"WebSite","@id":"https:\/\/cleitonpinheiro.com.br\/site\/#website","url":"https:\/\/cleitonpinheiro.com.br\/site\/","name":"PORTAL DE NOT\u00cdCIAS CLEITON PINHEIRO","description":"FALANDO A VERDADE","publisher":{"@id":"https:\/\/cleitonpinheiro.com.br\/site\/#organization"},"potentialAction":[{"@type":"SearchAction","target":{"@type":"EntryPoint","urlTemplate":"https:\/\/cleitonpinheiro.com.br\/site\/?s={search_term_string}"},"query-input":{"@type":"PropertyValueSpecification","valueRequired":true,"valueName":"search_term_string"}}],"inLanguage":"pt-BR"},{"@type":"Organization","@id":"https:\/\/cleitonpinheiro.com.br\/site\/#organization","name":"CPNOT\u00cdCIAS","url":"https:\/\/cleitonpinheiro.com.br\/site\/","logo":{"@type":"ImageObject","inLanguage":"pt-BR","@id":"https:\/\/cleitonpinheiro.com.br\/site\/#\/schema\/logo\/image\/","url":"https:\/\/cleitonpinheiro.com.br\/site\/wp-content\/uploads\/2022\/08\/Logo-pequena-2.png","contentUrl":"https:\/\/cleitonpinheiro.com.br\/site\/wp-content\/uploads\/2022\/08\/Logo-pequena-2.png","width":500,"height":500,"caption":"CPNOT\u00cdCIAS"},"image":{"@id":"https:\/\/cleitonpinheiro.com.br\/site\/#\/schema\/logo\/image\/"},"sameAs":["https:\/\/www.facebook.com\/portalcpnoticias\/"]},{"@type":"Person","@id":"https:\/\/cleitonpinheiro.com.br\/site\/#\/schema\/person\/62fd4eb98fcc8bd3fc477aaff264af51","name":"Cleiton Pinheiro","image":{"@type":"ImageObject","inLanguage":"pt-BR","@id":"https:\/\/cleitonpinheiro.com.br\/site\/#\/schema\/person\/image\/","url":"https:\/\/secure.gravatar.com\/avatar\/15642ec35b78fe5eed3cfa8e4a3f3211d73a3df4f35f0566b4324958cba1b1b9?s=96&r=g","contentUrl":"https:\/\/secure.gravatar.com\/avatar\/15642ec35b78fe5eed3cfa8e4a3f3211d73a3df4f35f0566b4324958cba1b1b9?s=96&r=g","caption":"Cleiton Pinheiro"},"url":"https:\/\/cleitonpinheiro.com.br\/site\/author\/cleiton\/"}]}},"views":185,"_links":{"self":[{"href":"https:\/\/cleitonpinheiro.com.br\/site\/wp-json\/wp\/v2\/posts\/77286","targetHints":{"allow":["GET"]}}],"collection":[{"href":"https:\/\/cleitonpinheiro.com.br\/site\/wp-json\/wp\/v2\/posts"}],"about":[{"href":"https:\/\/cleitonpinheiro.com.br\/site\/wp-json\/wp\/v2\/types\/post"}],"author":[{"embeddable":true,"href":"https:\/\/cleitonpinheiro.com.br\/site\/wp-json\/wp\/v2\/users\/10"}],"replies":[{"embeddable":true,"href":"https:\/\/cleitonpinheiro.com.br\/site\/wp-json\/wp\/v2\/comments?post=77286"}],"version-history":[{"count":1,"href":"https:\/\/cleitonpinheiro.com.br\/site\/wp-json\/wp\/v2\/posts\/77286\/revisions"}],"predecessor-version":[{"id":77326,"href":"https:\/\/cleitonpinheiro.com.br\/site\/wp-json\/wp\/v2\/posts\/77286\/revisions\/77326"}],"wp:attachment":[{"href":"https:\/\/cleitonpinheiro.com.br\/site\/wp-json\/wp\/v2\/media?parent=77286"}],"wp:term":[{"taxonomy":"category","embeddable":true,"href":"https:\/\/cleitonpinheiro.com.br\/site\/wp-json\/wp\/v2\/categories?post=77286"},{"taxonomy":"post_tag","embeddable":true,"href":"https:\/\/cleitonpinheiro.com.br\/site\/wp-json\/wp\/v2\/tags?post=77286"}],"curies":[{"name":"wp","href":"https:\/\/api.w.org\/{rel}","templated":true}]}}