{"id":77288,"date":"2024-05-16T15:41:13","date_gmt":"2024-05-16T18:41:13","guid":{"rendered":"https:\/\/cleitonpinheiro.com.br\/site\/?p=77288"},"modified":"2024-05-17T15:42:50","modified_gmt":"2024-05-17T18:42:50","slug":"educacao-em-tempo-integral-de-palmas-e-modelo-de-inclusao-social-nos-esportes-e-nas-artes","status":"publish","type":"post","link":"https:\/\/cleitonpinheiro.com.br\/site\/educacao-em-tempo-integral-de-palmas-e-modelo-de-inclusao-social-nos-esportes-e-nas-artes\/","title":{"rendered":"Educa\u00e7\u00e3o em Tempo Integral de Palmas \u00e9 modelo de inclus\u00e3o social nos esportes e nas artes"},"content":{"rendered":"\n<figure class=\"wp-block-image size-full\"><img decoding=\"async\" src=\"https:\/\/cleitonpinheiro.com.br\/site\/wp-content\/uploads\/2024\/05\/254d612385e946b2beca41bd0389dd1d.jpg\" alt=\"\" class=\"wp-image-77289\"\/><\/figure>\n\n\n\n<p>\u201cUm celeiro de possibilidades de talentos\u201d. Assim, a diretora da Escola de Tempo Integral (ETI) Padre Josimo Tavares, Marialice Thomaz, descreve as oportunidades oferecidas pelo modelo de integralidade de\u00a0ensino ofertado no Munic\u00edpio e que se consolida como um sucesso na\u00a0Capital.\u00a0A Educa\u00e7\u00e3o de Tempo Integral na Capital \u00e9 tema desta que \u00e9 a\u00a0segunda mat\u00e9ria especial de\u00a0<a href=\"https:\/\/agenciapalmas.com\/Noticia\/241529\/serie-de-reportagens-especiais-retrata-experiencias-inovadoras-na-educacao-da-capital\" target=\"_blank\" rel=\"noreferrer noopener\">s\u00e9rie desenvolvida pela Secretaria Municipal da Educa\u00e7\u00e3o (Semed)\u00a0<\/a>sobre avan\u00e7os da Educa\u00e7\u00e3o de Palmas em seus 35 anos, celebrados no pr\u00f3ximo dia 20 de maio.<\/p>\n\n\n\n<p>Segundo a gestora, diversas linguagens art\u00edsticas, culturais e esportivas s\u00e3o acess\u00edveis a milhares de estudantes matriculados nas 19 unidades educacionais, que oferecem o ensino integral, em Palmas. De Norte a Sul, as Escolas de Tempo Integral seguem promovendo inclus\u00e3o social, ampliando a oferta de experi\u00eancias aos alunos para al\u00e9m do curr\u00edculo regular. Atividades como dan\u00e7a, teatro, m\u00fasica e esportivas (jud\u00f4, capoeira e nata\u00e7\u00e3o) s\u00e3o oferecidas dentro das institui\u00e7\u00f5es escolares. \u201cObservamos que muitos alunos teriam dificuldades de ter acesso no dia a dia a esse bens culturais e esportivos. Ent\u00e3o \u00e9 uma alegria muito grande a escola poder proporcionar essa oportunidade a todos eles\u201d, destaca ainda a diretora, acrescentando que muitos talentos e habilidades foram descobertos dentro da escola e hoje seguem se destacando al\u00e9m dos muros da unidade educacional.&nbsp;<\/p>\n\n\n\n<p>\u00c9 o caso do ex-aluno Jairo Rosa Neto, que estudou na unidade do 2\u00ba ao 9\u00ba ano do Ensino Fundamental. L\u00e1, ele se destacou na nata\u00e7\u00e3o e hoje se tornou um dos nomes reconhecidos no esporte. Al\u00e9m de Palmas, o atleta j\u00e1 competiu no Rio de Janeiro (RJ), Bras\u00edlia (DF) e em Macei\u00f3 (AL). \u201cSigo sempre dando o meu melhor e grato \u00e0&nbsp;escola onde aprimorei minhas t\u00e9cnicas de nata\u00e7\u00e3o e hoje o esporte faz parte da minha rotina como competidor\u201d, avalia. &nbsp;<\/p>\n\n\n\n<p>Assim como Jairo, a aluna do 8\u00ba ano Isabela Guimar\u00e3es tamb\u00e9m encontrou uma atividade prazerosa na escola. Ela conta que faz, h\u00e1 tr\u00eas anos, parte&nbsp;da fanfarra da unidade, onde toca instrumentos de percuss\u00e3o. \u201cEu gosto bastante de participar dessas atividades e, antes da fanfarra, eu fiz aulas de dan\u00e7a, teatro e capoeira. S\u00e3o muitas possibilidades acess\u00edveis que temos aqui\u201d, destaca a aluna.&nbsp;<\/p>\n\n\n\n<p><br><strong>Regi\u00e3o Sul<\/strong><\/p>\n\n\n\n<p>A diretora da ETI An\u00edsio Teixeira na regi\u00e3o Sul de Palmas, Cleudemar Abreu, tamb\u00e9m ressalta a inclus\u00e3o social de crian\u00e7as e adolescentes por meio de atividades art\u00edsticas oferecidas na escola, como dan\u00e7a, m\u00fasica, teatro, jud\u00f4, nata\u00e7\u00e3o, al\u00e9m de projetos voltados para o meio ambiente e novas tecnologias. \u201cTemos muitos alunos que seguiram suas profiss\u00f5es a partir de experi\u00eancias vivenciadas aqui na escola, como o aluno egresso Maycon Cardoso, que hoje \u00e9 um excelente professor de dan\u00e7a\u201d, revela&nbsp;a gestora.&nbsp;<\/p>\n\n\n\n<p>Na ETI Eur\u00eddice de Melo, a diretora Juliana Queiroz Silva, destaca o projeto de m\u00fasica desenvolvido na unidade em parceria com a Guarda Metropolitana de Palmas. \u201c\u00c9 um projeto riqu\u00edssimo e lindo. Os alunos participam das aulas e tocam em v\u00e1rios eventos. Eles entram em contato direto com a m\u00fasica cl\u00e1ssica, conhecem os instrumentos e seguem uma profiss\u00e3o ligada \u00e0 m\u00fasica\u201d, diz, acrescentando que \u00e9 mais uma oportunidade de aprendizado art\u00edstico.&nbsp;<\/p>\n\n\n\n<p>Al\u00e9m disso, a gestora cita os festejos juninos que j\u00e1 se aproximam como um grande evento esperado pelos alunos e que envolvem toda comunidade. Iniciativas voltadas ao meio ambiente, como os Projetos Germinar e Horta, tamb\u00e9m est\u00e3o no rol das atividades \u00e0 disposi\u00e7\u00e3o dos alunos que frequentam o ensino integral na rede municipal de ensino de Palmas. \u201cTodos, sem exce\u00e7\u00e3o, s\u00e3o inclu\u00eddos nas a\u00e7\u00f5es e t\u00eam a oportunidade de experimentar e partilhar suas habilidades e talentos\u201d, conclui a gestora.\u00a0<\/p>\n\n\n\n<p>Texto: Prefeitura de Palmas<\/p>\n","protected":false},"excerpt":{"rendered":"<p>\u201cUm celeiro de possibilidades de talentos\u201d. Assim, a diretora da Escola de Tempo Integral (ETI) Padre Josimo Tavares, Marialice Thomaz, descreve as oportunidades oferecidas pelo modelo de integralidade de\u00a0ensino ofertado no Munic\u00edpio e que se consolida como um sucesso na\u00a0Capital.\u00a0A Educa\u00e7\u00e3o de Tempo Integral na Capital \u00e9 tema desta que \u00e9 a\u00a0segunda mat\u00e9ria especial de\u00a0s\u00e9rie [&hellip;]<\/p>\n","protected":false},"author":10,"featured_media":0,"comment_status":"open","ping_status":"open","sticky":false,"template":"","format":"standard","meta":{"_acf_changed":false,"footnotes":""},"categories":[22,898,21],"tags":[],"class_list":["post-77288","post","type-post","status-publish","format-standard","hentry","category-cidades","category-manchete-segundaria","category-todas-noticias"],"acf":[],"yoast_head":"<!-- This site is optimized with the Yoast SEO plugin v24.4 - https:\/\/yoast.com\/wordpress\/plugins\/seo\/ -->\n<title>Educa\u00e7\u00e3o em Tempo Integral de Palmas \u00e9 modelo de inclus\u00e3o social nos esportes e nas artes - PORTAL DE NOT\u00cdCIAS CLEITON PINHEIRO<\/title>\n<meta name=\"robots\" content=\"index, follow, max-snippet:-1, max-image-preview:large, max-video-preview:-1\" \/>\n<link rel=\"canonical\" href=\"https:\/\/cleitonpinheiro.com.br\/site\/educacao-em-tempo-integral-de-palmas-e-modelo-de-inclusao-social-nos-esportes-e-nas-artes\/\" \/>\n<meta property=\"og:locale\" content=\"pt_BR\" \/>\n<meta property=\"og:type\" content=\"article\" \/>\n<meta property=\"og:title\" content=\"Educa\u00e7\u00e3o em Tempo Integral de Palmas \u00e9 modelo de inclus\u00e3o social nos esportes e nas artes - PORTAL DE NOT\u00cdCIAS CLEITON PINHEIRO\" \/>\n<meta property=\"og:description\" content=\"\u201cUm celeiro de possibilidades de talentos\u201d. Assim, a diretora da Escola de Tempo Integral (ETI) Padre Josimo Tavares, Marialice Thomaz, descreve as oportunidades oferecidas pelo modelo de integralidade de\u00a0ensino ofertado no Munic\u00edpio e que se consolida como um sucesso na\u00a0Capital.\u00a0A Educa\u00e7\u00e3o de Tempo Integral na Capital \u00e9 tema desta que \u00e9 a\u00a0segunda mat\u00e9ria especial de\u00a0s\u00e9rie [&hellip;]\" \/>\n<meta property=\"og:url\" content=\"https:\/\/cleitonpinheiro.com.br\/site\/educacao-em-tempo-integral-de-palmas-e-modelo-de-inclusao-social-nos-esportes-e-nas-artes\/\" \/>\n<meta property=\"og:site_name\" content=\"PORTAL DE NOT\u00cdCIAS CLEITON PINHEIRO\" \/>\n<meta property=\"article:publisher\" content=\"https:\/\/www.facebook.com\/portalcpnoticias\/\" \/>\n<meta property=\"article:published_time\" content=\"2024-05-16T18:41:13+00:00\" \/>\n<meta property=\"article:modified_time\" content=\"2024-05-17T18:42:50+00:00\" \/>\n<meta property=\"og:image\" content=\"https:\/\/cleitonpinheiro.com.br\/site\/wp-content\/uploads\/2024\/05\/254d612385e946b2beca41bd0389dd1d.jpg\" \/>\n\t<meta property=\"og:image:width\" content=\"800\" \/>\n\t<meta property=\"og:image:height\" content=\"600\" \/>\n\t<meta property=\"og:image:type\" content=\"image\/jpeg\" \/>\n<meta name=\"author\" content=\"Cleiton Pinheiro\" \/>\n<meta name=\"twitter:card\" content=\"summary_large_image\" \/>\n<meta name=\"twitter:label1\" content=\"Escrito por\" \/>\n\t<meta name=\"twitter:data1\" content=\"Cleiton Pinheiro\" \/>\n\t<meta name=\"twitter:label2\" content=\"Est. tempo de leitura\" \/>\n\t<meta name=\"twitter:data2\" content=\"4 minutos\" \/>\n<script type=\"application\/ld+json\" class=\"yoast-schema-graph\">{\"@context\":\"https:\/\/schema.org\",\"@graph\":[{\"@type\":\"Article\",\"@id\":\"https:\/\/cleitonpinheiro.com.br\/site\/educacao-em-tempo-integral-de-palmas-e-modelo-de-inclusao-social-nos-esportes-e-nas-artes\/#article\",\"isPartOf\":{\"@id\":\"https:\/\/cleitonpinheiro.com.br\/site\/educacao-em-tempo-integral-de-palmas-e-modelo-de-inclusao-social-nos-esportes-e-nas-artes\/\"},\"author\":{\"name\":\"Cleiton Pinheiro\",\"@id\":\"https:\/\/cleitonpinheiro.com.br\/site\/#\/schema\/person\/62fd4eb98fcc8bd3fc477aaff264af51\"},\"headline\":\"Educa\u00e7\u00e3o em Tempo Integral de Palmas \u00e9 modelo de inclus\u00e3o social nos esportes e nas artes\",\"datePublished\":\"2024-05-16T18:41:13+00:00\",\"dateModified\":\"2024-05-17T18:42:50+00:00\",\"mainEntityOfPage\":{\"@id\":\"https:\/\/cleitonpinheiro.com.br\/site\/educacao-em-tempo-integral-de-palmas-e-modelo-de-inclusao-social-nos-esportes-e-nas-artes\/\"},\"wordCount\":668,\"commentCount\":0,\"publisher\":{\"@id\":\"https:\/\/cleitonpinheiro.com.br\/site\/#organization\"},\"image\":{\"@id\":\"https:\/\/cleitonpinheiro.com.br\/site\/educacao-em-tempo-integral-de-palmas-e-modelo-de-inclusao-social-nos-esportes-e-nas-artes\/#primaryimage\"},\"thumbnailUrl\":\"https:\/\/cleitonpinheiro.com.br\/site\/wp-content\/uploads\/2024\/05\/254d612385e946b2beca41bd0389dd1d.jpg\",\"articleSection\":[\"CIDADES\",\"MANCHETE SEGUND\u00c1RIA\",\"TODAS NOTICIAS\"],\"inLanguage\":\"pt-BR\",\"potentialAction\":[{\"@type\":\"CommentAction\",\"name\":\"Comment\",\"target\":[\"https:\/\/cleitonpinheiro.com.br\/site\/educacao-em-tempo-integral-de-palmas-e-modelo-de-inclusao-social-nos-esportes-e-nas-artes\/#respond\"]}]},{\"@type\":\"WebPage\",\"@id\":\"https:\/\/cleitonpinheiro.com.br\/site\/educacao-em-tempo-integral-de-palmas-e-modelo-de-inclusao-social-nos-esportes-e-nas-artes\/\",\"url\":\"https:\/\/cleitonpinheiro.com.br\/site\/educacao-em-tempo-integral-de-palmas-e-modelo-de-inclusao-social-nos-esportes-e-nas-artes\/\",\"name\":\"Educa\u00e7\u00e3o em Tempo Integral de Palmas \u00e9 modelo de inclus\u00e3o social nos esportes e nas artes - PORTAL DE NOT\u00cdCIAS CLEITON PINHEIRO\",\"isPartOf\":{\"@id\":\"https:\/\/cleitonpinheiro.com.br\/site\/#website\"},\"primaryImageOfPage\":{\"@id\":\"https:\/\/cleitonpinheiro.com.br\/site\/educacao-em-tempo-integral-de-palmas-e-modelo-de-inclusao-social-nos-esportes-e-nas-artes\/#primaryimage\"},\"image\":{\"@id\":\"https:\/\/cleitonpinheiro.com.br\/site\/educacao-em-tempo-integral-de-palmas-e-modelo-de-inclusao-social-nos-esportes-e-nas-artes\/#primaryimage\"},\"thumbnailUrl\":\"https:\/\/cleitonpinheiro.com.br\/site\/wp-content\/uploads\/2024\/05\/254d612385e946b2beca41bd0389dd1d.jpg\",\"datePublished\":\"2024-05-16T18:41:13+00:00\",\"dateModified\":\"2024-05-17T18:42:50+00:00\",\"breadcrumb\":{\"@id\":\"https:\/\/cleitonpinheiro.com.br\/site\/educacao-em-tempo-integral-de-palmas-e-modelo-de-inclusao-social-nos-esportes-e-nas-artes\/#breadcrumb\"},\"inLanguage\":\"pt-BR\",\"potentialAction\":[{\"@type\":\"ReadAction\",\"target\":[\"https:\/\/cleitonpinheiro.com.br\/site\/educacao-em-tempo-integral-de-palmas-e-modelo-de-inclusao-social-nos-esportes-e-nas-artes\/\"]}]},{\"@type\":\"ImageObject\",\"inLanguage\":\"pt-BR\",\"@id\":\"https:\/\/cleitonpinheiro.com.br\/site\/educacao-em-tempo-integral-de-palmas-e-modelo-de-inclusao-social-nos-esportes-e-nas-artes\/#primaryimage\",\"url\":\"\",\"contentUrl\":\"\"},{\"@type\":\"BreadcrumbList\",\"@id\":\"https:\/\/cleitonpinheiro.com.br\/site\/educacao-em-tempo-integral-de-palmas-e-modelo-de-inclusao-social-nos-esportes-e-nas-artes\/#breadcrumb\",\"itemListElement\":[{\"@type\":\"ListItem\",\"position\":1,\"name\":\"In\u00edcio\",\"item\":\"https:\/\/cleitonpinheiro.com.br\/site\/\"},{\"@type\":\"ListItem\",\"position\":2,\"name\":\"Educa\u00e7\u00e3o em Tempo Integral de Palmas \u00e9 modelo de inclus\u00e3o social nos esportes e nas artes\"}]},{\"@type\":\"WebSite\",\"@id\":\"https:\/\/cleitonpinheiro.com.br\/site\/#website\",\"url\":\"https:\/\/cleitonpinheiro.com.br\/site\/\",\"name\":\"PORTAL DE NOT\u00cdCIAS CLEITON PINHEIRO\",\"description\":\"FALANDO A VERDADE\",\"publisher\":{\"@id\":\"https:\/\/cleitonpinheiro.com.br\/site\/#organization\"},\"potentialAction\":[{\"@type\":\"SearchAction\",\"target\":{\"@type\":\"EntryPoint\",\"urlTemplate\":\"https:\/\/cleitonpinheiro.com.br\/site\/?s={search_term_string}\"},\"query-input\":{\"@type\":\"PropertyValueSpecification\",\"valueRequired\":true,\"valueName\":\"search_term_string\"}}],\"inLanguage\":\"pt-BR\"},{\"@type\":\"Organization\",\"@id\":\"https:\/\/cleitonpinheiro.com.br\/site\/#organization\",\"name\":\"CPNOT\u00cdCIAS\",\"url\":\"https:\/\/cleitonpinheiro.com.br\/site\/\",\"logo\":{\"@type\":\"ImageObject\",\"inLanguage\":\"pt-BR\",\"@id\":\"https:\/\/cleitonpinheiro.com.br\/site\/#\/schema\/logo\/image\/\",\"url\":\"https:\/\/cleitonpinheiro.com.br\/site\/wp-content\/uploads\/2022\/08\/Logo-pequena-2.png\",\"contentUrl\":\"https:\/\/cleitonpinheiro.com.br\/site\/wp-content\/uploads\/2022\/08\/Logo-pequena-2.png\",\"width\":500,\"height\":500,\"caption\":\"CPNOT\u00cdCIAS\"},\"image\":{\"@id\":\"https:\/\/cleitonpinheiro.com.br\/site\/#\/schema\/logo\/image\/\"},\"sameAs\":[\"https:\/\/www.facebook.com\/portalcpnoticias\/\"]},{\"@type\":\"Person\",\"@id\":\"https:\/\/cleitonpinheiro.com.br\/site\/#\/schema\/person\/62fd4eb98fcc8bd3fc477aaff264af51\",\"name\":\"Cleiton Pinheiro\",\"image\":{\"@type\":\"ImageObject\",\"inLanguage\":\"pt-BR\",\"@id\":\"https:\/\/cleitonpinheiro.com.br\/site\/#\/schema\/person\/image\/\",\"url\":\"https:\/\/secure.gravatar.com\/avatar\/15642ec35b78fe5eed3cfa8e4a3f3211d73a3df4f35f0566b4324958cba1b1b9?s=96&r=g\",\"contentUrl\":\"https:\/\/secure.gravatar.com\/avatar\/15642ec35b78fe5eed3cfa8e4a3f3211d73a3df4f35f0566b4324958cba1b1b9?s=96&r=g\",\"caption\":\"Cleiton Pinheiro\"},\"url\":\"https:\/\/cleitonpinheiro.com.br\/site\/author\/cleiton\/\"}]}<\/script>\n<!-- \/ Yoast SEO plugin. -->","yoast_head_json":{"title":"Educa\u00e7\u00e3o em Tempo Integral de Palmas \u00e9 modelo de inclus\u00e3o social nos esportes e nas artes - PORTAL DE NOT\u00cdCIAS CLEITON PINHEIRO","robots":{"index":"index","follow":"follow","max-snippet":"max-snippet:-1","max-image-preview":"max-image-preview:large","max-video-preview":"max-video-preview:-1"},"canonical":"https:\/\/cleitonpinheiro.com.br\/site\/educacao-em-tempo-integral-de-palmas-e-modelo-de-inclusao-social-nos-esportes-e-nas-artes\/","og_locale":"pt_BR","og_type":"article","og_title":"Educa\u00e7\u00e3o em Tempo Integral de Palmas \u00e9 modelo de inclus\u00e3o social nos esportes e nas artes - PORTAL DE NOT\u00cdCIAS CLEITON PINHEIRO","og_description":"\u201cUm celeiro de possibilidades de talentos\u201d. Assim, a diretora da Escola de Tempo Integral (ETI) Padre Josimo Tavares, Marialice Thomaz, descreve as oportunidades oferecidas pelo modelo de integralidade de\u00a0ensino ofertado no Munic\u00edpio e que se consolida como um sucesso na\u00a0Capital.\u00a0A Educa\u00e7\u00e3o de Tempo Integral na Capital \u00e9 tema desta que \u00e9 a\u00a0segunda mat\u00e9ria especial de\u00a0s\u00e9rie [&hellip;]","og_url":"https:\/\/cleitonpinheiro.com.br\/site\/educacao-em-tempo-integral-de-palmas-e-modelo-de-inclusao-social-nos-esportes-e-nas-artes\/","og_site_name":"PORTAL DE NOT\u00cdCIAS CLEITON PINHEIRO","article_publisher":"https:\/\/www.facebook.com\/portalcpnoticias\/","article_published_time":"2024-05-16T18:41:13+00:00","article_modified_time":"2024-05-17T18:42:50+00:00","og_image":[{"width":800,"height":600,"url":"https:\/\/cleitonpinheiro.com.br\/site\/wp-content\/uploads\/2024\/05\/254d612385e946b2beca41bd0389dd1d.jpg","type":"image\/jpeg"}],"author":"Cleiton Pinheiro","twitter_card":"summary_large_image","twitter_misc":{"Escrito por":"Cleiton Pinheiro","Est. tempo de leitura":"4 minutos"},"schema":{"@context":"https:\/\/schema.org","@graph":[{"@type":"Article","@id":"https:\/\/cleitonpinheiro.com.br\/site\/educacao-em-tempo-integral-de-palmas-e-modelo-de-inclusao-social-nos-esportes-e-nas-artes\/#article","isPartOf":{"@id":"https:\/\/cleitonpinheiro.com.br\/site\/educacao-em-tempo-integral-de-palmas-e-modelo-de-inclusao-social-nos-esportes-e-nas-artes\/"},"author":{"name":"Cleiton Pinheiro","@id":"https:\/\/cleitonpinheiro.com.br\/site\/#\/schema\/person\/62fd4eb98fcc8bd3fc477aaff264af51"},"headline":"Educa\u00e7\u00e3o em Tempo Integral de Palmas \u00e9 modelo de inclus\u00e3o social nos esportes e nas artes","datePublished":"2024-05-16T18:41:13+00:00","dateModified":"2024-05-17T18:42:50+00:00","mainEntityOfPage":{"@id":"https:\/\/cleitonpinheiro.com.br\/site\/educacao-em-tempo-integral-de-palmas-e-modelo-de-inclusao-social-nos-esportes-e-nas-artes\/"},"wordCount":668,"commentCount":0,"publisher":{"@id":"https:\/\/cleitonpinheiro.com.br\/site\/#organization"},"image":{"@id":"https:\/\/cleitonpinheiro.com.br\/site\/educacao-em-tempo-integral-de-palmas-e-modelo-de-inclusao-social-nos-esportes-e-nas-artes\/#primaryimage"},"thumbnailUrl":"https:\/\/cleitonpinheiro.com.br\/site\/wp-content\/uploads\/2024\/05\/254d612385e946b2beca41bd0389dd1d.jpg","articleSection":["CIDADES","MANCHETE SEGUND\u00c1RIA","TODAS NOTICIAS"],"inLanguage":"pt-BR","potentialAction":[{"@type":"CommentAction","name":"Comment","target":["https:\/\/cleitonpinheiro.com.br\/site\/educacao-em-tempo-integral-de-palmas-e-modelo-de-inclusao-social-nos-esportes-e-nas-artes\/#respond"]}]},{"@type":"WebPage","@id":"https:\/\/cleitonpinheiro.com.br\/site\/educacao-em-tempo-integral-de-palmas-e-modelo-de-inclusao-social-nos-esportes-e-nas-artes\/","url":"https:\/\/cleitonpinheiro.com.br\/site\/educacao-em-tempo-integral-de-palmas-e-modelo-de-inclusao-social-nos-esportes-e-nas-artes\/","name":"Educa\u00e7\u00e3o em Tempo Integral de Palmas \u00e9 modelo de inclus\u00e3o social nos esportes e nas artes - PORTAL DE NOT\u00cdCIAS CLEITON PINHEIRO","isPartOf":{"@id":"https:\/\/cleitonpinheiro.com.br\/site\/#website"},"primaryImageOfPage":{"@id":"https:\/\/cleitonpinheiro.com.br\/site\/educacao-em-tempo-integral-de-palmas-e-modelo-de-inclusao-social-nos-esportes-e-nas-artes\/#primaryimage"},"image":{"@id":"https:\/\/cleitonpinheiro.com.br\/site\/educacao-em-tempo-integral-de-palmas-e-modelo-de-inclusao-social-nos-esportes-e-nas-artes\/#primaryimage"},"thumbnailUrl":"https:\/\/cleitonpinheiro.com.br\/site\/wp-content\/uploads\/2024\/05\/254d612385e946b2beca41bd0389dd1d.jpg","datePublished":"2024-05-16T18:41:13+00:00","dateModified":"2024-05-17T18:42:50+00:00","breadcrumb":{"@id":"https:\/\/cleitonpinheiro.com.br\/site\/educacao-em-tempo-integral-de-palmas-e-modelo-de-inclusao-social-nos-esportes-e-nas-artes\/#breadcrumb"},"inLanguage":"pt-BR","potentialAction":[{"@type":"ReadAction","target":["https:\/\/cleitonpinheiro.com.br\/site\/educacao-em-tempo-integral-de-palmas-e-modelo-de-inclusao-social-nos-esportes-e-nas-artes\/"]}]},{"@type":"ImageObject","inLanguage":"pt-BR","@id":"https:\/\/cleitonpinheiro.com.br\/site\/educacao-em-tempo-integral-de-palmas-e-modelo-de-inclusao-social-nos-esportes-e-nas-artes\/#primaryimage","url":"","contentUrl":""},{"@type":"BreadcrumbList","@id":"https:\/\/cleitonpinheiro.com.br\/site\/educacao-em-tempo-integral-de-palmas-e-modelo-de-inclusao-social-nos-esportes-e-nas-artes\/#breadcrumb","itemListElement":[{"@type":"ListItem","position":1,"name":"In\u00edcio","item":"https:\/\/cleitonpinheiro.com.br\/site\/"},{"@type":"ListItem","position":2,"name":"Educa\u00e7\u00e3o em Tempo Integral de Palmas \u00e9 modelo de inclus\u00e3o social nos esportes e nas artes"}]},{"@type":"WebSite","@id":"https:\/\/cleitonpinheiro.com.br\/site\/#website","url":"https:\/\/cleitonpinheiro.com.br\/site\/","name":"PORTAL DE NOT\u00cdCIAS CLEITON PINHEIRO","description":"FALANDO A VERDADE","publisher":{"@id":"https:\/\/cleitonpinheiro.com.br\/site\/#organization"},"potentialAction":[{"@type":"SearchAction","target":{"@type":"EntryPoint","urlTemplate":"https:\/\/cleitonpinheiro.com.br\/site\/?s={search_term_string}"},"query-input":{"@type":"PropertyValueSpecification","valueRequired":true,"valueName":"search_term_string"}}],"inLanguage":"pt-BR"},{"@type":"Organization","@id":"https:\/\/cleitonpinheiro.com.br\/site\/#organization","name":"CPNOT\u00cdCIAS","url":"https:\/\/cleitonpinheiro.com.br\/site\/","logo":{"@type":"ImageObject","inLanguage":"pt-BR","@id":"https:\/\/cleitonpinheiro.com.br\/site\/#\/schema\/logo\/image\/","url":"https:\/\/cleitonpinheiro.com.br\/site\/wp-content\/uploads\/2022\/08\/Logo-pequena-2.png","contentUrl":"https:\/\/cleitonpinheiro.com.br\/site\/wp-content\/uploads\/2022\/08\/Logo-pequena-2.png","width":500,"height":500,"caption":"CPNOT\u00cdCIAS"},"image":{"@id":"https:\/\/cleitonpinheiro.com.br\/site\/#\/schema\/logo\/image\/"},"sameAs":["https:\/\/www.facebook.com\/portalcpnoticias\/"]},{"@type":"Person","@id":"https:\/\/cleitonpinheiro.com.br\/site\/#\/schema\/person\/62fd4eb98fcc8bd3fc477aaff264af51","name":"Cleiton Pinheiro","image":{"@type":"ImageObject","inLanguage":"pt-BR","@id":"https:\/\/cleitonpinheiro.com.br\/site\/#\/schema\/person\/image\/","url":"https:\/\/secure.gravatar.com\/avatar\/15642ec35b78fe5eed3cfa8e4a3f3211d73a3df4f35f0566b4324958cba1b1b9?s=96&r=g","contentUrl":"https:\/\/secure.gravatar.com\/avatar\/15642ec35b78fe5eed3cfa8e4a3f3211d73a3df4f35f0566b4324958cba1b1b9?s=96&r=g","caption":"Cleiton Pinheiro"},"url":"https:\/\/cleitonpinheiro.com.br\/site\/author\/cleiton\/"}]}},"views":179,"_links":{"self":[{"href":"https:\/\/cleitonpinheiro.com.br\/site\/wp-json\/wp\/v2\/posts\/77288","targetHints":{"allow":["GET"]}}],"collection":[{"href":"https:\/\/cleitonpinheiro.com.br\/site\/wp-json\/wp\/v2\/posts"}],"about":[{"href":"https:\/\/cleitonpinheiro.com.br\/site\/wp-json\/wp\/v2\/types\/post"}],"author":[{"embeddable":true,"href":"https:\/\/cleitonpinheiro.com.br\/site\/wp-json\/wp\/v2\/users\/10"}],"replies":[{"embeddable":true,"href":"https:\/\/cleitonpinheiro.com.br\/site\/wp-json\/wp\/v2\/comments?post=77288"}],"version-history":[{"count":1,"href":"https:\/\/cleitonpinheiro.com.br\/site\/wp-json\/wp\/v2\/posts\/77288\/revisions"}],"predecessor-version":[{"id":77290,"href":"https:\/\/cleitonpinheiro.com.br\/site\/wp-json\/wp\/v2\/posts\/77288\/revisions\/77290"}],"wp:attachment":[{"href":"https:\/\/cleitonpinheiro.com.br\/site\/wp-json\/wp\/v2\/media?parent=77288"}],"wp:term":[{"taxonomy":"category","embeddable":true,"href":"https:\/\/cleitonpinheiro.com.br\/site\/wp-json\/wp\/v2\/categories?post=77288"},{"taxonomy":"post_tag","embeddable":true,"href":"https:\/\/cleitonpinheiro.com.br\/site\/wp-json\/wp\/v2\/tags?post=77288"}],"curies":[{"name":"wp","href":"https:\/\/api.w.org\/{rel}","templated":true}]}}