{"id":77294,"date":"2024-05-09T15:45:07","date_gmt":"2024-05-09T18:45:07","guid":{"rendered":"https:\/\/cleitonpinheiro.com.br\/site\/?p=77294"},"modified":"2024-05-17T15:48:18","modified_gmt":"2024-05-17T18:48:18","slug":"dialogos-com-ruth-de-souza-estreia-no-cine-cultura-nesta-quinta-feira-9","status":"publish","type":"post","link":"https:\/\/cleitonpinheiro.com.br\/site\/dialogos-com-ruth-de-souza-estreia-no-cine-cultura-nesta-quinta-feira-9\/","title":{"rendered":"&#8216;Di\u00e1logos com Ruth de Souza&#8217; estreia no cine Cultura nesta quinta-feira, 9"},"content":{"rendered":"\n<figure class=\"wp-block-image size-full\"><img decoding=\"async\" src=\"https:\/\/cleitonpinheiro.com.br\/site\/wp-content\/uploads\/2024\/05\/994e6d25f79544d4a9fe30af6ccfba5b.jpg\" alt=\"\" class=\"wp-image-77295\"\/><\/figure>\n\n\n\n<p>O filme documental &#8220;Di\u00e1logos com Ruth de Souza&#8221;, de Juliana Vicente, narra a trajet\u00f3ria de Ruth de Souza, primeira atriz negra a ganhar destaque, representando um marco nas conquistas das mulheres negras ao longo de quase um s\u00e9culo. A obra estreia no Cine Cultura Palmas nesta quinta-feira, 9, \u00e0s 18h30.<\/p>\n\n\n\n<p>Exibido no Festival do Rio em 2022, o filme rendeu \u00e0 diretora o pr\u00eamio de melhor dire\u00e7\u00e3o em document\u00e1rio, al\u00e9m de ter sido selecionado para Mostra de S\u00e3o Paulo e no Festival de Bras\u00edlia do cinema brasileiro. O document\u00e1rio captura um encontro profundo entre duas gera\u00e7\u00f5es de artistas negras, reflex\u00f5es e mem\u00f3rias.<\/p>\n\n\n\n<p><strong>Festival \u00d3pera&nbsp;<\/strong><\/p>\n\n\n\n<p>Nesta semana, o \u00d3pera na Tela estreia &nbsp;pela primeira vez um filme de fic\u00e7\u00e3o. Trata-se de o \u2018Il Boemo\u2019, um filme biogr\u00e1fico que se passa na Veneza de 1764, quando o m\u00fasico e compositor Josef Myslivecek (Vojtech Dyk), apelidado de Il Boemo, n\u00e3o consegue se destacar apesar de seu talento. Confira o&nbsp;<a href=\"https:\/\/youtu.be\/aaqt0AxxIsc\" target=\"_blank\" rel=\"noreferrer noopener\">trailer aqui<\/a>.<\/p>\n\n\n\n<p>A \u00f3pera \u2018Tr\u00eas Bal\u00e9s De Maurice B\u00e9jart\u2019 tamb\u00e9m ser\u00e1 exibida nesta semana. Tratam-se de tr\u00eas obras realizadas na d\u00e9cada de 1970 que brilham ainda hoje com a mesma intensidade coreogr\u00e1fica e musical. \u2018O P\u00e1ssaro de Fogo\u2019 \u00e9 uma ode \u00e0 juventude numa poderosa partitura de Stravinsky. Escrita para dois dan\u00e7arinos, \u2018Can\u00e7\u00f5es de um Companheiro Errante\u2019 \u00e9 uma obra \u00edntima criada sobre um ciclo de Gustav Mahler Lieder. Por fim, o m\u00edtico \u2018Bolero\u2019, a obra mais famosa de Ravel, coloca no palco cerca de vinte dan\u00e7arinos cercando a estrela Amandine Albisson. Confira o&nbsp;<a href=\"https:\/\/youtu.be\/9-7OczRYwAM\" target=\"_blank\" rel=\"noreferrer noopener\">trailer aqui<\/a>.<\/p>\n\n\n\n<p><strong>Ingressos<\/strong><br>Os ingressos est\u00e3o dispon\u00edveis no Cine Cultura, localizado no Espa\u00e7o Cultural Jos\u00e9 Gomes Sobrinho, todos no valor de R$ 15 a inteira, e R$ 7,50&nbsp;a meia-entrada. As vendas iniciam-se a partir das 16 horas. O Cine Cultura Palmas reserva o direito de alterar a programa\u00e7\u00e3o sem aviso pr\u00e9vio. Para mais informa\u00e7\u00f5es, ligue no telefone (63) 3212-7308.<\/p>\n\n\n\n<p><strong>Programa\u00e7\u00e3o&nbsp; &nbsp; &nbsp; &nbsp; &nbsp;&nbsp;<\/strong>&nbsp; &nbsp; &nbsp; &nbsp; &nbsp; &nbsp; &nbsp; &nbsp; &nbsp; &nbsp; &nbsp; &nbsp; &nbsp; &nbsp; &nbsp; &nbsp; &nbsp;<\/p>\n\n\n\n<p><strong>Quinta:09\/05\/2024<\/strong><br>16h30 &#8211; Transe, Carolina Jabor e Anne Pinheiro<br>Drama|2022| Brasil|75&#8242;<br>Classifica\u00e7\u00e3o: 14 anos<\/p>\n\n\n\n<p>18h30- Di\u00e1logos com Ruth de Souza, Juliana Vicente<br>Document\u00e1rio| Brasil| 2024| 115\u2019<br>Classifica\u00e7\u00e3o: 12 anos&nbsp;<\/p>\n\n\n\n<p>20h30-Dorival Caymmi &#8211; Um Homem de Afetos, Daniela Broitman<br>Document\u00e1rio |Brasil| 2024|93\u2019<br>Classifica\u00e7\u00e3o: Livre<\/p>\n\n\n\n<p><br><strong>Sexta: 10\/05\/2024<\/strong><br>18h40- Uma Ba\u00eda, Murilo Salles<br>Document\u00e1rio| Brasil|2024|110\u2019<br>Classifica\u00e7\u00e3o: Livre<\/p>\n\n\n\n<p>20h40 &#8211; Nada Ser\u00e1 Como Antes &#8211; A M\u00fasica do Clube da Esquina, Ana Rieper<br>Document\u00e1rio| Brasil |2024| 78\u2019<br>Classifica\u00e7\u00e3o: 10 anos<\/p>\n\n\n\n<p><br><strong>S\u00e1bado: 1105\/2024<\/strong><br>16h30- Nada Ser\u00e1 Como Antes &#8211; A M\u00fasica do Clube da Esquina, Ana Rieper<br>Document\u00e1rio| Brasil |2024| 78\u2019<br>Classifica\u00e7\u00e3o: 10 anos<\/p>\n\n\n\n<p>18h &#8211; Festival \u00d3pera na Tela&nbsp;<br>Tr\u00eas Bal\u00e9s De Maurice B\u00e9jart&nbsp;<br>O P\u00e1ssaro de Fogo, de Igor Stravinsky<br>Can\u00e7\u00f5es de um Companheiro Errante, de Gustav Mahler<br>Bolero, de Maurice Ravel<br>Dura\u00e7\u00e3o: 1h<br>Classifica\u00e7\u00e3o: 14 anos&nbsp;<\/p>\n\n\n\n<p>19h30 &#8211; Festival \u00d3pera na Tela&nbsp;<br>&nbsp;Il Boemo, Petr Vaclav<br>Drama biogr\u00e1fico| Fran\u00e7a| 2023|2h20\u2019<br>Classifica\u00e7\u00e3o: 16 anos&nbsp;<\/p>\n\n\n\n<p><strong>Domingo: 12\/05\/2024<\/strong><br>16h30- Di\u00e1logos com Ruth de Souza, Juliana Vicente<br>Document\u00e1rio| Brasil| 2024| 115\u2019<br>Classifica\u00e7\u00e3o: 12 anos&nbsp;<\/p>\n\n\n\n<p><br>18h30 &#8211; Morcego Negro, Chaim Litewski, Cleisson Vidal<br>Document\u00e1rio| Brasil|2024|124\u2019<br>Classifica\u00e7\u00e3o: 12 anos&nbsp;<\/p>\n\n\n\n<p><strong>Quarta: 15\/05\/2024<\/strong><br>16h30- Morcego Negro, Chaim Litewski, Cleisson Vidal<br>Document\u00e1rio| Brasil|2024|124\u2019<br>Classifica\u00e7\u00e3o: 12 anos&nbsp;<\/p>\n\n\n\n<p>Projeto Cine Club Fl\u00e1cido<br>19h30 &#8211; Tia Virg\u00ednia, F\u00e1bio Meira<br>Com\u00e9dia|Brasil|2023|98\u2019<br>Classifica\u00e7\u00e3o: 12 anos&nbsp;<\/p>\n\n\n\n<p><strong>Texto:\u00a0<\/strong>Prefeitura de Palmas<\/p>\n","protected":false},"excerpt":{"rendered":"<p>O filme documental &#8220;Di\u00e1logos com Ruth de Souza&#8221;, de Juliana Vicente, narra a trajet\u00f3ria de Ruth de Souza, primeira atriz negra a ganhar destaque, representando um marco nas conquistas das mulheres negras ao longo de quase um s\u00e9culo. A obra estreia no Cine Cultura Palmas nesta quinta-feira, 9, \u00e0s 18h30. Exibido no Festival do Rio [&hellip;]<\/p>\n","protected":false},"author":10,"featured_media":0,"comment_status":"open","ping_status":"open","sticky":false,"template":"","format":"standard","meta":{"_acf_changed":false,"footnotes":""},"categories":[22,20,21],"tags":[],"class_list":["post-77294","post","type-post","status-publish","format-standard","hentry","category-cidades","category-noticias-em-destaque","category-todas-noticias"],"acf":[],"yoast_head":"<!-- This site is optimized with the Yoast SEO plugin v24.4 - https:\/\/yoast.com\/wordpress\/plugins\/seo\/ -->\n<title>&#039;Di\u00e1logos com Ruth de Souza&#039; estreia no cine Cultura nesta quinta-feira, 9 - PORTAL DE NOT\u00cdCIAS CLEITON PINHEIRO<\/title>\n<meta name=\"robots\" content=\"index, follow, max-snippet:-1, max-image-preview:large, max-video-preview:-1\" \/>\n<link rel=\"canonical\" href=\"https:\/\/cleitonpinheiro.com.br\/site\/dialogos-com-ruth-de-souza-estreia-no-cine-cultura-nesta-quinta-feira-9\/\" \/>\n<meta property=\"og:locale\" content=\"pt_BR\" \/>\n<meta property=\"og:type\" content=\"article\" \/>\n<meta property=\"og:title\" content=\"&#039;Di\u00e1logos com Ruth de Souza&#039; estreia no cine Cultura nesta quinta-feira, 9 - PORTAL DE NOT\u00cdCIAS CLEITON PINHEIRO\" \/>\n<meta property=\"og:description\" content=\"O filme documental &#8220;Di\u00e1logos com Ruth de Souza&#8221;, de Juliana Vicente, narra a trajet\u00f3ria de Ruth de Souza, primeira atriz negra a ganhar destaque, representando um marco nas conquistas das mulheres negras ao longo de quase um s\u00e9culo. A obra estreia no Cine Cultura Palmas nesta quinta-feira, 9, \u00e0s 18h30. Exibido no Festival do Rio [&hellip;]\" \/>\n<meta property=\"og:url\" content=\"https:\/\/cleitonpinheiro.com.br\/site\/dialogos-com-ruth-de-souza-estreia-no-cine-cultura-nesta-quinta-feira-9\/\" \/>\n<meta property=\"og:site_name\" content=\"PORTAL DE NOT\u00cdCIAS CLEITON PINHEIRO\" \/>\n<meta property=\"article:publisher\" content=\"https:\/\/www.facebook.com\/portalcpnoticias\/\" \/>\n<meta property=\"article:published_time\" content=\"2024-05-09T18:45:07+00:00\" \/>\n<meta property=\"article:modified_time\" content=\"2024-05-17T18:48:18+00:00\" \/>\n<meta property=\"og:image\" content=\"https:\/\/cleitonpinheiro.com.br\/site\/wp-content\/uploads\/2024\/05\/994e6d25f79544d4a9fe30af6ccfba5b.jpg\" \/>\n\t<meta property=\"og:image:width\" content=\"800\" \/>\n\t<meta property=\"og:image:height\" content=\"450\" \/>\n\t<meta property=\"og:image:type\" content=\"image\/jpeg\" \/>\n<meta name=\"author\" content=\"Cleiton Pinheiro\" \/>\n<meta name=\"twitter:card\" content=\"summary_large_image\" \/>\n<meta name=\"twitter:label1\" content=\"Escrito por\" \/>\n\t<meta name=\"twitter:data1\" content=\"Cleiton Pinheiro\" \/>\n\t<meta name=\"twitter:label2\" content=\"Est. tempo de leitura\" \/>\n\t<meta name=\"twitter:data2\" content=\"4 minutos\" \/>\n<script type=\"application\/ld+json\" class=\"yoast-schema-graph\">{\"@context\":\"https:\/\/schema.org\",\"@graph\":[{\"@type\":\"Article\",\"@id\":\"https:\/\/cleitonpinheiro.com.br\/site\/dialogos-com-ruth-de-souza-estreia-no-cine-cultura-nesta-quinta-feira-9\/#article\",\"isPartOf\":{\"@id\":\"https:\/\/cleitonpinheiro.com.br\/site\/dialogos-com-ruth-de-souza-estreia-no-cine-cultura-nesta-quinta-feira-9\/\"},\"author\":{\"name\":\"Cleiton Pinheiro\",\"@id\":\"https:\/\/cleitonpinheiro.com.br\/site\/#\/schema\/person\/62fd4eb98fcc8bd3fc477aaff264af51\"},\"headline\":\"&#8216;Di\u00e1logos com Ruth de Souza&#8217; estreia no cine Cultura nesta quinta-feira, 9\",\"datePublished\":\"2024-05-09T18:45:07+00:00\",\"dateModified\":\"2024-05-17T18:48:18+00:00\",\"mainEntityOfPage\":{\"@id\":\"https:\/\/cleitonpinheiro.com.br\/site\/dialogos-com-ruth-de-souza-estreia-no-cine-cultura-nesta-quinta-feira-9\/\"},\"wordCount\":606,\"commentCount\":0,\"publisher\":{\"@id\":\"https:\/\/cleitonpinheiro.com.br\/site\/#organization\"},\"image\":{\"@id\":\"https:\/\/cleitonpinheiro.com.br\/site\/dialogos-com-ruth-de-souza-estreia-no-cine-cultura-nesta-quinta-feira-9\/#primaryimage\"},\"thumbnailUrl\":\"https:\/\/cleitonpinheiro.com.br\/site\/wp-content\/uploads\/2024\/05\/994e6d25f79544d4a9fe30af6ccfba5b.jpg\",\"articleSection\":[\"CIDADES\",\"NOT\u00cdCIAS EM DESTAQUE\",\"TODAS NOTICIAS\"],\"inLanguage\":\"pt-BR\",\"potentialAction\":[{\"@type\":\"CommentAction\",\"name\":\"Comment\",\"target\":[\"https:\/\/cleitonpinheiro.com.br\/site\/dialogos-com-ruth-de-souza-estreia-no-cine-cultura-nesta-quinta-feira-9\/#respond\"]}]},{\"@type\":\"WebPage\",\"@id\":\"https:\/\/cleitonpinheiro.com.br\/site\/dialogos-com-ruth-de-souza-estreia-no-cine-cultura-nesta-quinta-feira-9\/\",\"url\":\"https:\/\/cleitonpinheiro.com.br\/site\/dialogos-com-ruth-de-souza-estreia-no-cine-cultura-nesta-quinta-feira-9\/\",\"name\":\"'Di\u00e1logos com Ruth de Souza' estreia no cine Cultura nesta quinta-feira, 9 - PORTAL DE NOT\u00cdCIAS CLEITON PINHEIRO\",\"isPartOf\":{\"@id\":\"https:\/\/cleitonpinheiro.com.br\/site\/#website\"},\"primaryImageOfPage\":{\"@id\":\"https:\/\/cleitonpinheiro.com.br\/site\/dialogos-com-ruth-de-souza-estreia-no-cine-cultura-nesta-quinta-feira-9\/#primaryimage\"},\"image\":{\"@id\":\"https:\/\/cleitonpinheiro.com.br\/site\/dialogos-com-ruth-de-souza-estreia-no-cine-cultura-nesta-quinta-feira-9\/#primaryimage\"},\"thumbnailUrl\":\"https:\/\/cleitonpinheiro.com.br\/site\/wp-content\/uploads\/2024\/05\/994e6d25f79544d4a9fe30af6ccfba5b.jpg\",\"datePublished\":\"2024-05-09T18:45:07+00:00\",\"dateModified\":\"2024-05-17T18:48:18+00:00\",\"breadcrumb\":{\"@id\":\"https:\/\/cleitonpinheiro.com.br\/site\/dialogos-com-ruth-de-souza-estreia-no-cine-cultura-nesta-quinta-feira-9\/#breadcrumb\"},\"inLanguage\":\"pt-BR\",\"potentialAction\":[{\"@type\":\"ReadAction\",\"target\":[\"https:\/\/cleitonpinheiro.com.br\/site\/dialogos-com-ruth-de-souza-estreia-no-cine-cultura-nesta-quinta-feira-9\/\"]}]},{\"@type\":\"ImageObject\",\"inLanguage\":\"pt-BR\",\"@id\":\"https:\/\/cleitonpinheiro.com.br\/site\/dialogos-com-ruth-de-souza-estreia-no-cine-cultura-nesta-quinta-feira-9\/#primaryimage\",\"url\":\"\",\"contentUrl\":\"\"},{\"@type\":\"BreadcrumbList\",\"@id\":\"https:\/\/cleitonpinheiro.com.br\/site\/dialogos-com-ruth-de-souza-estreia-no-cine-cultura-nesta-quinta-feira-9\/#breadcrumb\",\"itemListElement\":[{\"@type\":\"ListItem\",\"position\":1,\"name\":\"In\u00edcio\",\"item\":\"https:\/\/cleitonpinheiro.com.br\/site\/\"},{\"@type\":\"ListItem\",\"position\":2,\"name\":\"&#8216;Di\u00e1logos com Ruth de Souza&#8217; estreia no cine Cultura nesta quinta-feira, 9\"}]},{\"@type\":\"WebSite\",\"@id\":\"https:\/\/cleitonpinheiro.com.br\/site\/#website\",\"url\":\"https:\/\/cleitonpinheiro.com.br\/site\/\",\"name\":\"PORTAL DE NOT\u00cdCIAS CLEITON PINHEIRO\",\"description\":\"FALANDO A VERDADE\",\"publisher\":{\"@id\":\"https:\/\/cleitonpinheiro.com.br\/site\/#organization\"},\"potentialAction\":[{\"@type\":\"SearchAction\",\"target\":{\"@type\":\"EntryPoint\",\"urlTemplate\":\"https:\/\/cleitonpinheiro.com.br\/site\/?s={search_term_string}\"},\"query-input\":{\"@type\":\"PropertyValueSpecification\",\"valueRequired\":true,\"valueName\":\"search_term_string\"}}],\"inLanguage\":\"pt-BR\"},{\"@type\":\"Organization\",\"@id\":\"https:\/\/cleitonpinheiro.com.br\/site\/#organization\",\"name\":\"CPNOT\u00cdCIAS\",\"url\":\"https:\/\/cleitonpinheiro.com.br\/site\/\",\"logo\":{\"@type\":\"ImageObject\",\"inLanguage\":\"pt-BR\",\"@id\":\"https:\/\/cleitonpinheiro.com.br\/site\/#\/schema\/logo\/image\/\",\"url\":\"https:\/\/cleitonpinheiro.com.br\/site\/wp-content\/uploads\/2022\/08\/Logo-pequena-2.png\",\"contentUrl\":\"https:\/\/cleitonpinheiro.com.br\/site\/wp-content\/uploads\/2022\/08\/Logo-pequena-2.png\",\"width\":500,\"height\":500,\"caption\":\"CPNOT\u00cdCIAS\"},\"image\":{\"@id\":\"https:\/\/cleitonpinheiro.com.br\/site\/#\/schema\/logo\/image\/\"},\"sameAs\":[\"https:\/\/www.facebook.com\/portalcpnoticias\/\"]},{\"@type\":\"Person\",\"@id\":\"https:\/\/cleitonpinheiro.com.br\/site\/#\/schema\/person\/62fd4eb98fcc8bd3fc477aaff264af51\",\"name\":\"Cleiton Pinheiro\",\"image\":{\"@type\":\"ImageObject\",\"inLanguage\":\"pt-BR\",\"@id\":\"https:\/\/cleitonpinheiro.com.br\/site\/#\/schema\/person\/image\/\",\"url\":\"https:\/\/secure.gravatar.com\/avatar\/15642ec35b78fe5eed3cfa8e4a3f3211d73a3df4f35f0566b4324958cba1b1b9?s=96&r=g\",\"contentUrl\":\"https:\/\/secure.gravatar.com\/avatar\/15642ec35b78fe5eed3cfa8e4a3f3211d73a3df4f35f0566b4324958cba1b1b9?s=96&r=g\",\"caption\":\"Cleiton Pinheiro\"},\"url\":\"https:\/\/cleitonpinheiro.com.br\/site\/author\/cleiton\/\"}]}<\/script>\n<!-- \/ Yoast SEO plugin. -->","yoast_head_json":{"title":"'Di\u00e1logos com Ruth de Souza' estreia no cine Cultura nesta quinta-feira, 9 - PORTAL DE NOT\u00cdCIAS CLEITON PINHEIRO","robots":{"index":"index","follow":"follow","max-snippet":"max-snippet:-1","max-image-preview":"max-image-preview:large","max-video-preview":"max-video-preview:-1"},"canonical":"https:\/\/cleitonpinheiro.com.br\/site\/dialogos-com-ruth-de-souza-estreia-no-cine-cultura-nesta-quinta-feira-9\/","og_locale":"pt_BR","og_type":"article","og_title":"'Di\u00e1logos com Ruth de Souza' estreia no cine Cultura nesta quinta-feira, 9 - PORTAL DE NOT\u00cdCIAS CLEITON PINHEIRO","og_description":"O filme documental &#8220;Di\u00e1logos com Ruth de Souza&#8221;, de Juliana Vicente, narra a trajet\u00f3ria de Ruth de Souza, primeira atriz negra a ganhar destaque, representando um marco nas conquistas das mulheres negras ao longo de quase um s\u00e9culo. A obra estreia no Cine Cultura Palmas nesta quinta-feira, 9, \u00e0s 18h30. Exibido no Festival do Rio [&hellip;]","og_url":"https:\/\/cleitonpinheiro.com.br\/site\/dialogos-com-ruth-de-souza-estreia-no-cine-cultura-nesta-quinta-feira-9\/","og_site_name":"PORTAL DE NOT\u00cdCIAS CLEITON PINHEIRO","article_publisher":"https:\/\/www.facebook.com\/portalcpnoticias\/","article_published_time":"2024-05-09T18:45:07+00:00","article_modified_time":"2024-05-17T18:48:18+00:00","og_image":[{"width":800,"height":450,"url":"https:\/\/cleitonpinheiro.com.br\/site\/wp-content\/uploads\/2024\/05\/994e6d25f79544d4a9fe30af6ccfba5b.jpg","type":"image\/jpeg"}],"author":"Cleiton Pinheiro","twitter_card":"summary_large_image","twitter_misc":{"Escrito por":"Cleiton Pinheiro","Est. tempo de leitura":"4 minutos"},"schema":{"@context":"https:\/\/schema.org","@graph":[{"@type":"Article","@id":"https:\/\/cleitonpinheiro.com.br\/site\/dialogos-com-ruth-de-souza-estreia-no-cine-cultura-nesta-quinta-feira-9\/#article","isPartOf":{"@id":"https:\/\/cleitonpinheiro.com.br\/site\/dialogos-com-ruth-de-souza-estreia-no-cine-cultura-nesta-quinta-feira-9\/"},"author":{"name":"Cleiton Pinheiro","@id":"https:\/\/cleitonpinheiro.com.br\/site\/#\/schema\/person\/62fd4eb98fcc8bd3fc477aaff264af51"},"headline":"&#8216;Di\u00e1logos com Ruth de Souza&#8217; estreia no cine Cultura nesta quinta-feira, 9","datePublished":"2024-05-09T18:45:07+00:00","dateModified":"2024-05-17T18:48:18+00:00","mainEntityOfPage":{"@id":"https:\/\/cleitonpinheiro.com.br\/site\/dialogos-com-ruth-de-souza-estreia-no-cine-cultura-nesta-quinta-feira-9\/"},"wordCount":606,"commentCount":0,"publisher":{"@id":"https:\/\/cleitonpinheiro.com.br\/site\/#organization"},"image":{"@id":"https:\/\/cleitonpinheiro.com.br\/site\/dialogos-com-ruth-de-souza-estreia-no-cine-cultura-nesta-quinta-feira-9\/#primaryimage"},"thumbnailUrl":"https:\/\/cleitonpinheiro.com.br\/site\/wp-content\/uploads\/2024\/05\/994e6d25f79544d4a9fe30af6ccfba5b.jpg","articleSection":["CIDADES","NOT\u00cdCIAS EM DESTAQUE","TODAS NOTICIAS"],"inLanguage":"pt-BR","potentialAction":[{"@type":"CommentAction","name":"Comment","target":["https:\/\/cleitonpinheiro.com.br\/site\/dialogos-com-ruth-de-souza-estreia-no-cine-cultura-nesta-quinta-feira-9\/#respond"]}]},{"@type":"WebPage","@id":"https:\/\/cleitonpinheiro.com.br\/site\/dialogos-com-ruth-de-souza-estreia-no-cine-cultura-nesta-quinta-feira-9\/","url":"https:\/\/cleitonpinheiro.com.br\/site\/dialogos-com-ruth-de-souza-estreia-no-cine-cultura-nesta-quinta-feira-9\/","name":"'Di\u00e1logos com Ruth de Souza' estreia no cine Cultura nesta quinta-feira, 9 - PORTAL DE NOT\u00cdCIAS CLEITON PINHEIRO","isPartOf":{"@id":"https:\/\/cleitonpinheiro.com.br\/site\/#website"},"primaryImageOfPage":{"@id":"https:\/\/cleitonpinheiro.com.br\/site\/dialogos-com-ruth-de-souza-estreia-no-cine-cultura-nesta-quinta-feira-9\/#primaryimage"},"image":{"@id":"https:\/\/cleitonpinheiro.com.br\/site\/dialogos-com-ruth-de-souza-estreia-no-cine-cultura-nesta-quinta-feira-9\/#primaryimage"},"thumbnailUrl":"https:\/\/cleitonpinheiro.com.br\/site\/wp-content\/uploads\/2024\/05\/994e6d25f79544d4a9fe30af6ccfba5b.jpg","datePublished":"2024-05-09T18:45:07+00:00","dateModified":"2024-05-17T18:48:18+00:00","breadcrumb":{"@id":"https:\/\/cleitonpinheiro.com.br\/site\/dialogos-com-ruth-de-souza-estreia-no-cine-cultura-nesta-quinta-feira-9\/#breadcrumb"},"inLanguage":"pt-BR","potentialAction":[{"@type":"ReadAction","target":["https:\/\/cleitonpinheiro.com.br\/site\/dialogos-com-ruth-de-souza-estreia-no-cine-cultura-nesta-quinta-feira-9\/"]}]},{"@type":"ImageObject","inLanguage":"pt-BR","@id":"https:\/\/cleitonpinheiro.com.br\/site\/dialogos-com-ruth-de-souza-estreia-no-cine-cultura-nesta-quinta-feira-9\/#primaryimage","url":"","contentUrl":""},{"@type":"BreadcrumbList","@id":"https:\/\/cleitonpinheiro.com.br\/site\/dialogos-com-ruth-de-souza-estreia-no-cine-cultura-nesta-quinta-feira-9\/#breadcrumb","itemListElement":[{"@type":"ListItem","position":1,"name":"In\u00edcio","item":"https:\/\/cleitonpinheiro.com.br\/site\/"},{"@type":"ListItem","position":2,"name":"&#8216;Di\u00e1logos com Ruth de Souza&#8217; estreia no cine Cultura nesta quinta-feira, 9"}]},{"@type":"WebSite","@id":"https:\/\/cleitonpinheiro.com.br\/site\/#website","url":"https:\/\/cleitonpinheiro.com.br\/site\/","name":"PORTAL DE NOT\u00cdCIAS CLEITON PINHEIRO","description":"FALANDO A VERDADE","publisher":{"@id":"https:\/\/cleitonpinheiro.com.br\/site\/#organization"},"potentialAction":[{"@type":"SearchAction","target":{"@type":"EntryPoint","urlTemplate":"https:\/\/cleitonpinheiro.com.br\/site\/?s={search_term_string}"},"query-input":{"@type":"PropertyValueSpecification","valueRequired":true,"valueName":"search_term_string"}}],"inLanguage":"pt-BR"},{"@type":"Organization","@id":"https:\/\/cleitonpinheiro.com.br\/site\/#organization","name":"CPNOT\u00cdCIAS","url":"https:\/\/cleitonpinheiro.com.br\/site\/","logo":{"@type":"ImageObject","inLanguage":"pt-BR","@id":"https:\/\/cleitonpinheiro.com.br\/site\/#\/schema\/logo\/image\/","url":"https:\/\/cleitonpinheiro.com.br\/site\/wp-content\/uploads\/2022\/08\/Logo-pequena-2.png","contentUrl":"https:\/\/cleitonpinheiro.com.br\/site\/wp-content\/uploads\/2022\/08\/Logo-pequena-2.png","width":500,"height":500,"caption":"CPNOT\u00cdCIAS"},"image":{"@id":"https:\/\/cleitonpinheiro.com.br\/site\/#\/schema\/logo\/image\/"},"sameAs":["https:\/\/www.facebook.com\/portalcpnoticias\/"]},{"@type":"Person","@id":"https:\/\/cleitonpinheiro.com.br\/site\/#\/schema\/person\/62fd4eb98fcc8bd3fc477aaff264af51","name":"Cleiton Pinheiro","image":{"@type":"ImageObject","inLanguage":"pt-BR","@id":"https:\/\/cleitonpinheiro.com.br\/site\/#\/schema\/person\/image\/","url":"https:\/\/secure.gravatar.com\/avatar\/15642ec35b78fe5eed3cfa8e4a3f3211d73a3df4f35f0566b4324958cba1b1b9?s=96&r=g","contentUrl":"https:\/\/secure.gravatar.com\/avatar\/15642ec35b78fe5eed3cfa8e4a3f3211d73a3df4f35f0566b4324958cba1b1b9?s=96&r=g","caption":"Cleiton Pinheiro"},"url":"https:\/\/cleitonpinheiro.com.br\/site\/author\/cleiton\/"}]}},"views":129,"_links":{"self":[{"href":"https:\/\/cleitonpinheiro.com.br\/site\/wp-json\/wp\/v2\/posts\/77294","targetHints":{"allow":["GET"]}}],"collection":[{"href":"https:\/\/cleitonpinheiro.com.br\/site\/wp-json\/wp\/v2\/posts"}],"about":[{"href":"https:\/\/cleitonpinheiro.com.br\/site\/wp-json\/wp\/v2\/types\/post"}],"author":[{"embeddable":true,"href":"https:\/\/cleitonpinheiro.com.br\/site\/wp-json\/wp\/v2\/users\/10"}],"replies":[{"embeddable":true,"href":"https:\/\/cleitonpinheiro.com.br\/site\/wp-json\/wp\/v2\/comments?post=77294"}],"version-history":[{"count":1,"href":"https:\/\/cleitonpinheiro.com.br\/site\/wp-json\/wp\/v2\/posts\/77294\/revisions"}],"predecessor-version":[{"id":77296,"href":"https:\/\/cleitonpinheiro.com.br\/site\/wp-json\/wp\/v2\/posts\/77294\/revisions\/77296"}],"wp:attachment":[{"href":"https:\/\/cleitonpinheiro.com.br\/site\/wp-json\/wp\/v2\/media?parent=77294"}],"wp:term":[{"taxonomy":"category","embeddable":true,"href":"https:\/\/cleitonpinheiro.com.br\/site\/wp-json\/wp\/v2\/categories?post=77294"},{"taxonomy":"post_tag","embeddable":true,"href":"https:\/\/cleitonpinheiro.com.br\/site\/wp-json\/wp\/v2\/tags?post=77294"}],"curies":[{"name":"wp","href":"https:\/\/api.w.org\/{rel}","templated":true}]}}