{"id":77300,"date":"2024-05-16T15:55:20","date_gmt":"2024-05-16T18:55:20","guid":{"rendered":"https:\/\/cleitonpinheiro.com.br\/site\/?p=77300"},"modified":"2024-05-17T16:01:50","modified_gmt":"2024-05-17T19:01:50","slug":"copese-uft-e-prefeitura-de-palmas-divulgam-resultado-dos-recursos-do-concurso-da-saude","status":"publish","type":"post","link":"https:\/\/cleitonpinheiro.com.br\/site\/copese-uft-e-prefeitura-de-palmas-divulgam-resultado-dos-recursos-do-concurso-da-saude\/","title":{"rendered":"Copese\/UFT e Prefeitura de Palmas divulgam resultado dos recursos do concurso da sa\u00fade"},"content":{"rendered":"\n<figure class=\"wp-block-image size-full\"><img decoding=\"async\" src=\"https:\/\/cleitonpinheiro.com.br\/site\/wp-content\/uploads\/2024\/05\/c48d3ac8-5ce0-428c-ab5f-a989e433b265.jpg\" alt=\"\" class=\"wp-image-77301\"\/><figcaption class=\"wp-element-caption\">Foto: Juliana Carneiro\/Prefeitura de Palmas<\/figcaption><\/figure>\n\n\n\n<p>As respostas aos recursos interpostos contra quest\u00f5es e gabarito provis\u00f3rio das provas de conhecimento gerais e espec\u00edficos do concurso p\u00fablico do Quadro da Sa\u00fade da Prefeitura Municipal de Palmas est\u00e3o dispon\u00edveis. Para consultar\u00a0<a href=\"http:\/\/selecao.uft.edu.br\/externo\/palmas_saude_2024\/index.php?option=com_candidato&amp;view=consulta&amp;tipo=recurso_gabarito\" target=\"_blank\" rel=\"noreferrer noopener\">clique aqui<\/a>\u00a0ou acesse\u00a0<a href=\"http:\/\/copese.uft.edu.br\/\" target=\"_blank\" rel=\"noreferrer noopener\">copese.uft.edu.br<\/a>.<\/p>\n\n\n\n<p>Al\u00e9m disso, a Comiss\u00e3o Permanente de Sele\u00e7\u00e3o (Copese) tamb\u00e9m tornou publico os resultados das bancas de heteroidentifica\u00e7\u00e3o e de multiprofissionais para pessoa com defici\u00eancia (PCD)&nbsp;do&nbsp;concurso do Quadro Geral.<\/p>\n\n\n\n<p>A pr\u00f3xima etapa do concurso para o Quadro da Sa\u00fade ser\u00e1 a convoca\u00e7\u00e3o para as bancas de heteroidentifica\u00e7\u00e3o e banca de per\u00edcia m\u00e9dica com equipe multiprofissional para PCD&nbsp;no dia 29 de maio.<\/p>\n\n\n\n<p><strong>Calend\u00e1rio&nbsp;<\/strong><\/p>\n\n\n\n<p>Conforme o edital de abertura, as pr\u00f3ximas etapas do certame acontecem no m\u00eas de junho. Confira as datas:<\/p>\n\n\n\n<p>03 e 04\/06&nbsp;&#8211; Realiza\u00e7\u00e3o da bancas de heteroidentifica\u00e7\u00e3o e banca de per\u00edcia m\u00e9dica com equipe multiprofissional para PCD<br>05\/06 &#8211; Publica\u00e7\u00e3o do resultado das bancas de heteroidentifica\u00e7\u00e3o e banca de per\u00edcia m\u00e9dica com equipe multiprofissional para PCD&nbsp;<br>06\/06&nbsp;&#8211; Prazo para recurso contra resultado das bancas de heteroidentifica\u00e7\u00e3o e banca de per\u00edcia m\u00e9dica com equipe multiprofissional para PCD&nbsp;<br>12\/06 &#8211; Divulga\u00e7\u00e3o das respostas aos recursos contra resultado das bancas de heteroidentifica\u00e7\u00e3o e banca de per\u00edcia m\u00e9dica com equipe multiprofissional para PCD<br>20\/06 &#8211; Homologa\u00e7\u00e3o do resultado final (data prov\u00e1vel)<br>21\/06 &#8211; Publica\u00e7\u00e3o do resultado final<\/p>\n\n\n\n<p><strong>Relembre<\/strong><\/p>\n\n\n\n<p>O concurso atraiu mais de 28 mil inscri\u00e7\u00f5es homologadas que concorrem a 927 vagas de posse imediata e 2.317 para forma\u00e7\u00e3o de cadastro de reserva. As remunera\u00e7\u00f5es variam de 2.542,03 a R$ 5.084,05, al\u00e9m de&nbsp;gratifica\u00e7\u00f5es.&nbsp;A organiza\u00e7\u00e3o \u00e9 do Instituto 20 de Maio de Ensino, Ci\u00eancia e Tecnologia do Munic\u00edpio de Palmas (IVM), com apoio da Comiss\u00e3o Especial Organizadora dos Concursos P\u00fablicos do Munic\u00edpio de Palmas e execu\u00e7\u00e3o pela Copese da Universidade Federal do Tocantins (UFT).&nbsp;<\/p>\n\n\n\n<p>Texto: Prefeitura de Palmas<\/p>\n","protected":false},"excerpt":{"rendered":"<p>As respostas aos recursos interpostos contra quest\u00f5es e gabarito provis\u00f3rio das provas de conhecimento gerais e espec\u00edficos do concurso p\u00fablico do Quadro da Sa\u00fade da Prefeitura Municipal de Palmas est\u00e3o dispon\u00edveis. Para consultar\u00a0clique aqui\u00a0ou acesse\u00a0copese.uft.edu.br. Al\u00e9m disso, a Comiss\u00e3o Permanente de Sele\u00e7\u00e3o (Copese) tamb\u00e9m tornou publico os resultados das bancas de heteroidentifica\u00e7\u00e3o e de multiprofissionais [&hellip;]<\/p>\n","protected":false},"author":10,"featured_media":0,"comment_status":"open","ping_status":"open","sticky":false,"template":"","format":"standard","meta":{"_acf_changed":false,"footnotes":""},"categories":[25,20,21],"tags":[],"class_list":["post-77300","post","type-post","status-publish","format-standard","hentry","category-funcionalismo","category-noticias-em-destaque","category-todas-noticias"],"acf":[],"yoast_head":"<!-- This site is optimized with the Yoast SEO plugin v24.4 - https:\/\/yoast.com\/wordpress\/plugins\/seo\/ -->\n<title>Copese\/UFT e Prefeitura de Palmas divulgam resultado dos recursos do concurso da sa\u00fade - PORTAL DE NOT\u00cdCIAS CLEITON PINHEIRO<\/title>\n<meta name=\"robots\" content=\"index, follow, max-snippet:-1, max-image-preview:large, max-video-preview:-1\" \/>\n<link rel=\"canonical\" href=\"https:\/\/cleitonpinheiro.com.br\/site\/copese-uft-e-prefeitura-de-palmas-divulgam-resultado-dos-recursos-do-concurso-da-saude\/\" \/>\n<meta property=\"og:locale\" content=\"pt_BR\" \/>\n<meta property=\"og:type\" content=\"article\" \/>\n<meta property=\"og:title\" content=\"Copese\/UFT e Prefeitura de Palmas divulgam resultado dos recursos do concurso da sa\u00fade - PORTAL DE NOT\u00cdCIAS CLEITON PINHEIRO\" \/>\n<meta property=\"og:description\" content=\"As respostas aos recursos interpostos contra quest\u00f5es e gabarito provis\u00f3rio das provas de conhecimento gerais e espec\u00edficos do concurso p\u00fablico do Quadro da Sa\u00fade da Prefeitura Municipal de Palmas est\u00e3o dispon\u00edveis. Para consultar\u00a0clique aqui\u00a0ou acesse\u00a0copese.uft.edu.br. Al\u00e9m disso, a Comiss\u00e3o Permanente de Sele\u00e7\u00e3o (Copese) tamb\u00e9m tornou publico os resultados das bancas de heteroidentifica\u00e7\u00e3o e de multiprofissionais [&hellip;]\" \/>\n<meta property=\"og:url\" content=\"https:\/\/cleitonpinheiro.com.br\/site\/copese-uft-e-prefeitura-de-palmas-divulgam-resultado-dos-recursos-do-concurso-da-saude\/\" \/>\n<meta property=\"og:site_name\" content=\"PORTAL DE NOT\u00cdCIAS CLEITON PINHEIRO\" \/>\n<meta property=\"article:publisher\" content=\"https:\/\/www.facebook.com\/portalcpnoticias\/\" \/>\n<meta property=\"article:published_time\" content=\"2024-05-16T18:55:20+00:00\" \/>\n<meta property=\"article:modified_time\" content=\"2024-05-17T19:01:50+00:00\" \/>\n<meta property=\"og:image\" content=\"https:\/\/cleitonpinheiro.com.br\/site\/wp-content\/uploads\/2024\/05\/c48d3ac8-5ce0-428c-ab5f-a989e433b265.jpg\" \/>\n\t<meta property=\"og:image:width\" content=\"800\" \/>\n\t<meta property=\"og:image:height\" content=\"533\" \/>\n\t<meta property=\"og:image:type\" content=\"image\/jpeg\" \/>\n<meta name=\"author\" content=\"Cleiton Pinheiro\" \/>\n<meta name=\"twitter:card\" content=\"summary_large_image\" \/>\n<meta name=\"twitter:label1\" content=\"Escrito por\" \/>\n\t<meta name=\"twitter:data1\" content=\"Cleiton Pinheiro\" \/>\n\t<meta name=\"twitter:label2\" content=\"Est. tempo de leitura\" \/>\n\t<meta name=\"twitter:data2\" content=\"3 minutos\" \/>\n<script type=\"application\/ld+json\" class=\"yoast-schema-graph\">{\"@context\":\"https:\/\/schema.org\",\"@graph\":[{\"@type\":\"Article\",\"@id\":\"https:\/\/cleitonpinheiro.com.br\/site\/copese-uft-e-prefeitura-de-palmas-divulgam-resultado-dos-recursos-do-concurso-da-saude\/#article\",\"isPartOf\":{\"@id\":\"https:\/\/cleitonpinheiro.com.br\/site\/copese-uft-e-prefeitura-de-palmas-divulgam-resultado-dos-recursos-do-concurso-da-saude\/\"},\"author\":{\"name\":\"Cleiton Pinheiro\",\"@id\":\"https:\/\/cleitonpinheiro.com.br\/site\/#\/schema\/person\/62fd4eb98fcc8bd3fc477aaff264af51\"},\"headline\":\"Copese\/UFT e Prefeitura de Palmas divulgam resultado dos recursos do concurso da sa\u00fade\",\"datePublished\":\"2024-05-16T18:55:20+00:00\",\"dateModified\":\"2024-05-17T19:01:50+00:00\",\"mainEntityOfPage\":{\"@id\":\"https:\/\/cleitonpinheiro.com.br\/site\/copese-uft-e-prefeitura-de-palmas-divulgam-resultado-dos-recursos-do-concurso-da-saude\/\"},\"wordCount\":370,\"commentCount\":0,\"publisher\":{\"@id\":\"https:\/\/cleitonpinheiro.com.br\/site\/#organization\"},\"image\":{\"@id\":\"https:\/\/cleitonpinheiro.com.br\/site\/copese-uft-e-prefeitura-de-palmas-divulgam-resultado-dos-recursos-do-concurso-da-saude\/#primaryimage\"},\"thumbnailUrl\":\"https:\/\/cleitonpinheiro.com.br\/site\/wp-content\/uploads\/2024\/05\/c48d3ac8-5ce0-428c-ab5f-a989e433b265.jpg\",\"articleSection\":[\"FUNCIONALISMO\",\"NOT\u00cdCIAS EM DESTAQUE\",\"TODAS NOTICIAS\"],\"inLanguage\":\"pt-BR\",\"potentialAction\":[{\"@type\":\"CommentAction\",\"name\":\"Comment\",\"target\":[\"https:\/\/cleitonpinheiro.com.br\/site\/copese-uft-e-prefeitura-de-palmas-divulgam-resultado-dos-recursos-do-concurso-da-saude\/#respond\"]}]},{\"@type\":\"WebPage\",\"@id\":\"https:\/\/cleitonpinheiro.com.br\/site\/copese-uft-e-prefeitura-de-palmas-divulgam-resultado-dos-recursos-do-concurso-da-saude\/\",\"url\":\"https:\/\/cleitonpinheiro.com.br\/site\/copese-uft-e-prefeitura-de-palmas-divulgam-resultado-dos-recursos-do-concurso-da-saude\/\",\"name\":\"Copese\/UFT e Prefeitura de Palmas divulgam resultado dos recursos do concurso da sa\u00fade - PORTAL DE NOT\u00cdCIAS CLEITON PINHEIRO\",\"isPartOf\":{\"@id\":\"https:\/\/cleitonpinheiro.com.br\/site\/#website\"},\"primaryImageOfPage\":{\"@id\":\"https:\/\/cleitonpinheiro.com.br\/site\/copese-uft-e-prefeitura-de-palmas-divulgam-resultado-dos-recursos-do-concurso-da-saude\/#primaryimage\"},\"image\":{\"@id\":\"https:\/\/cleitonpinheiro.com.br\/site\/copese-uft-e-prefeitura-de-palmas-divulgam-resultado-dos-recursos-do-concurso-da-saude\/#primaryimage\"},\"thumbnailUrl\":\"https:\/\/cleitonpinheiro.com.br\/site\/wp-content\/uploads\/2024\/05\/c48d3ac8-5ce0-428c-ab5f-a989e433b265.jpg\",\"datePublished\":\"2024-05-16T18:55:20+00:00\",\"dateModified\":\"2024-05-17T19:01:50+00:00\",\"breadcrumb\":{\"@id\":\"https:\/\/cleitonpinheiro.com.br\/site\/copese-uft-e-prefeitura-de-palmas-divulgam-resultado-dos-recursos-do-concurso-da-saude\/#breadcrumb\"},\"inLanguage\":\"pt-BR\",\"potentialAction\":[{\"@type\":\"ReadAction\",\"target\":[\"https:\/\/cleitonpinheiro.com.br\/site\/copese-uft-e-prefeitura-de-palmas-divulgam-resultado-dos-recursos-do-concurso-da-saude\/\"]}]},{\"@type\":\"ImageObject\",\"inLanguage\":\"pt-BR\",\"@id\":\"https:\/\/cleitonpinheiro.com.br\/site\/copese-uft-e-prefeitura-de-palmas-divulgam-resultado-dos-recursos-do-concurso-da-saude\/#primaryimage\",\"url\":\"\",\"contentUrl\":\"\"},{\"@type\":\"BreadcrumbList\",\"@id\":\"https:\/\/cleitonpinheiro.com.br\/site\/copese-uft-e-prefeitura-de-palmas-divulgam-resultado-dos-recursos-do-concurso-da-saude\/#breadcrumb\",\"itemListElement\":[{\"@type\":\"ListItem\",\"position\":1,\"name\":\"In\u00edcio\",\"item\":\"https:\/\/cleitonpinheiro.com.br\/site\/\"},{\"@type\":\"ListItem\",\"position\":2,\"name\":\"Copese\/UFT e Prefeitura de Palmas divulgam resultado dos recursos do concurso da sa\u00fade\"}]},{\"@type\":\"WebSite\",\"@id\":\"https:\/\/cleitonpinheiro.com.br\/site\/#website\",\"url\":\"https:\/\/cleitonpinheiro.com.br\/site\/\",\"name\":\"PORTAL DE NOT\u00cdCIAS CLEITON PINHEIRO\",\"description\":\"FALANDO A VERDADE\",\"publisher\":{\"@id\":\"https:\/\/cleitonpinheiro.com.br\/site\/#organization\"},\"potentialAction\":[{\"@type\":\"SearchAction\",\"target\":{\"@type\":\"EntryPoint\",\"urlTemplate\":\"https:\/\/cleitonpinheiro.com.br\/site\/?s={search_term_string}\"},\"query-input\":{\"@type\":\"PropertyValueSpecification\",\"valueRequired\":true,\"valueName\":\"search_term_string\"}}],\"inLanguage\":\"pt-BR\"},{\"@type\":\"Organization\",\"@id\":\"https:\/\/cleitonpinheiro.com.br\/site\/#organization\",\"name\":\"CPNOT\u00cdCIAS\",\"url\":\"https:\/\/cleitonpinheiro.com.br\/site\/\",\"logo\":{\"@type\":\"ImageObject\",\"inLanguage\":\"pt-BR\",\"@id\":\"https:\/\/cleitonpinheiro.com.br\/site\/#\/schema\/logo\/image\/\",\"url\":\"https:\/\/cleitonpinheiro.com.br\/site\/wp-content\/uploads\/2022\/08\/Logo-pequena-2.png\",\"contentUrl\":\"https:\/\/cleitonpinheiro.com.br\/site\/wp-content\/uploads\/2022\/08\/Logo-pequena-2.png\",\"width\":500,\"height\":500,\"caption\":\"CPNOT\u00cdCIAS\"},\"image\":{\"@id\":\"https:\/\/cleitonpinheiro.com.br\/site\/#\/schema\/logo\/image\/\"},\"sameAs\":[\"https:\/\/www.facebook.com\/portalcpnoticias\/\"]},{\"@type\":\"Person\",\"@id\":\"https:\/\/cleitonpinheiro.com.br\/site\/#\/schema\/person\/62fd4eb98fcc8bd3fc477aaff264af51\",\"name\":\"Cleiton Pinheiro\",\"image\":{\"@type\":\"ImageObject\",\"inLanguage\":\"pt-BR\",\"@id\":\"https:\/\/cleitonpinheiro.com.br\/site\/#\/schema\/person\/image\/\",\"url\":\"https:\/\/secure.gravatar.com\/avatar\/15642ec35b78fe5eed3cfa8e4a3f3211d73a3df4f35f0566b4324958cba1b1b9?s=96&r=g\",\"contentUrl\":\"https:\/\/secure.gravatar.com\/avatar\/15642ec35b78fe5eed3cfa8e4a3f3211d73a3df4f35f0566b4324958cba1b1b9?s=96&r=g\",\"caption\":\"Cleiton Pinheiro\"},\"url\":\"https:\/\/cleitonpinheiro.com.br\/site\/author\/cleiton\/\"}]}<\/script>\n<!-- \/ Yoast SEO plugin. -->","yoast_head_json":{"title":"Copese\/UFT e Prefeitura de Palmas divulgam resultado dos recursos do concurso da sa\u00fade - PORTAL DE NOT\u00cdCIAS CLEITON PINHEIRO","robots":{"index":"index","follow":"follow","max-snippet":"max-snippet:-1","max-image-preview":"max-image-preview:large","max-video-preview":"max-video-preview:-1"},"canonical":"https:\/\/cleitonpinheiro.com.br\/site\/copese-uft-e-prefeitura-de-palmas-divulgam-resultado-dos-recursos-do-concurso-da-saude\/","og_locale":"pt_BR","og_type":"article","og_title":"Copese\/UFT e Prefeitura de Palmas divulgam resultado dos recursos do concurso da sa\u00fade - PORTAL DE NOT\u00cdCIAS CLEITON PINHEIRO","og_description":"As respostas aos recursos interpostos contra quest\u00f5es e gabarito provis\u00f3rio das provas de conhecimento gerais e espec\u00edficos do concurso p\u00fablico do Quadro da Sa\u00fade da Prefeitura Municipal de Palmas est\u00e3o dispon\u00edveis. Para consultar\u00a0clique aqui\u00a0ou acesse\u00a0copese.uft.edu.br. Al\u00e9m disso, a Comiss\u00e3o Permanente de Sele\u00e7\u00e3o (Copese) tamb\u00e9m tornou publico os resultados das bancas de heteroidentifica\u00e7\u00e3o e de multiprofissionais [&hellip;]","og_url":"https:\/\/cleitonpinheiro.com.br\/site\/copese-uft-e-prefeitura-de-palmas-divulgam-resultado-dos-recursos-do-concurso-da-saude\/","og_site_name":"PORTAL DE NOT\u00cdCIAS CLEITON PINHEIRO","article_publisher":"https:\/\/www.facebook.com\/portalcpnoticias\/","article_published_time":"2024-05-16T18:55:20+00:00","article_modified_time":"2024-05-17T19:01:50+00:00","og_image":[{"width":800,"height":533,"url":"https:\/\/cleitonpinheiro.com.br\/site\/wp-content\/uploads\/2024\/05\/c48d3ac8-5ce0-428c-ab5f-a989e433b265.jpg","type":"image\/jpeg"}],"author":"Cleiton Pinheiro","twitter_card":"summary_large_image","twitter_misc":{"Escrito por":"Cleiton Pinheiro","Est. tempo de leitura":"3 minutos"},"schema":{"@context":"https:\/\/schema.org","@graph":[{"@type":"Article","@id":"https:\/\/cleitonpinheiro.com.br\/site\/copese-uft-e-prefeitura-de-palmas-divulgam-resultado-dos-recursos-do-concurso-da-saude\/#article","isPartOf":{"@id":"https:\/\/cleitonpinheiro.com.br\/site\/copese-uft-e-prefeitura-de-palmas-divulgam-resultado-dos-recursos-do-concurso-da-saude\/"},"author":{"name":"Cleiton Pinheiro","@id":"https:\/\/cleitonpinheiro.com.br\/site\/#\/schema\/person\/62fd4eb98fcc8bd3fc477aaff264af51"},"headline":"Copese\/UFT e Prefeitura de Palmas divulgam resultado dos recursos do concurso da sa\u00fade","datePublished":"2024-05-16T18:55:20+00:00","dateModified":"2024-05-17T19:01:50+00:00","mainEntityOfPage":{"@id":"https:\/\/cleitonpinheiro.com.br\/site\/copese-uft-e-prefeitura-de-palmas-divulgam-resultado-dos-recursos-do-concurso-da-saude\/"},"wordCount":370,"commentCount":0,"publisher":{"@id":"https:\/\/cleitonpinheiro.com.br\/site\/#organization"},"image":{"@id":"https:\/\/cleitonpinheiro.com.br\/site\/copese-uft-e-prefeitura-de-palmas-divulgam-resultado-dos-recursos-do-concurso-da-saude\/#primaryimage"},"thumbnailUrl":"https:\/\/cleitonpinheiro.com.br\/site\/wp-content\/uploads\/2024\/05\/c48d3ac8-5ce0-428c-ab5f-a989e433b265.jpg","articleSection":["FUNCIONALISMO","NOT\u00cdCIAS EM DESTAQUE","TODAS NOTICIAS"],"inLanguage":"pt-BR","potentialAction":[{"@type":"CommentAction","name":"Comment","target":["https:\/\/cleitonpinheiro.com.br\/site\/copese-uft-e-prefeitura-de-palmas-divulgam-resultado-dos-recursos-do-concurso-da-saude\/#respond"]}]},{"@type":"WebPage","@id":"https:\/\/cleitonpinheiro.com.br\/site\/copese-uft-e-prefeitura-de-palmas-divulgam-resultado-dos-recursos-do-concurso-da-saude\/","url":"https:\/\/cleitonpinheiro.com.br\/site\/copese-uft-e-prefeitura-de-palmas-divulgam-resultado-dos-recursos-do-concurso-da-saude\/","name":"Copese\/UFT e Prefeitura de Palmas divulgam resultado dos recursos do concurso da sa\u00fade - PORTAL DE NOT\u00cdCIAS CLEITON PINHEIRO","isPartOf":{"@id":"https:\/\/cleitonpinheiro.com.br\/site\/#website"},"primaryImageOfPage":{"@id":"https:\/\/cleitonpinheiro.com.br\/site\/copese-uft-e-prefeitura-de-palmas-divulgam-resultado-dos-recursos-do-concurso-da-saude\/#primaryimage"},"image":{"@id":"https:\/\/cleitonpinheiro.com.br\/site\/copese-uft-e-prefeitura-de-palmas-divulgam-resultado-dos-recursos-do-concurso-da-saude\/#primaryimage"},"thumbnailUrl":"https:\/\/cleitonpinheiro.com.br\/site\/wp-content\/uploads\/2024\/05\/c48d3ac8-5ce0-428c-ab5f-a989e433b265.jpg","datePublished":"2024-05-16T18:55:20+00:00","dateModified":"2024-05-17T19:01:50+00:00","breadcrumb":{"@id":"https:\/\/cleitonpinheiro.com.br\/site\/copese-uft-e-prefeitura-de-palmas-divulgam-resultado-dos-recursos-do-concurso-da-saude\/#breadcrumb"},"inLanguage":"pt-BR","potentialAction":[{"@type":"ReadAction","target":["https:\/\/cleitonpinheiro.com.br\/site\/copese-uft-e-prefeitura-de-palmas-divulgam-resultado-dos-recursos-do-concurso-da-saude\/"]}]},{"@type":"ImageObject","inLanguage":"pt-BR","@id":"https:\/\/cleitonpinheiro.com.br\/site\/copese-uft-e-prefeitura-de-palmas-divulgam-resultado-dos-recursos-do-concurso-da-saude\/#primaryimage","url":"","contentUrl":""},{"@type":"BreadcrumbList","@id":"https:\/\/cleitonpinheiro.com.br\/site\/copese-uft-e-prefeitura-de-palmas-divulgam-resultado-dos-recursos-do-concurso-da-saude\/#breadcrumb","itemListElement":[{"@type":"ListItem","position":1,"name":"In\u00edcio","item":"https:\/\/cleitonpinheiro.com.br\/site\/"},{"@type":"ListItem","position":2,"name":"Copese\/UFT e Prefeitura de Palmas divulgam resultado dos recursos do concurso da sa\u00fade"}]},{"@type":"WebSite","@id":"https:\/\/cleitonpinheiro.com.br\/site\/#website","url":"https:\/\/cleitonpinheiro.com.br\/site\/","name":"PORTAL DE NOT\u00cdCIAS CLEITON PINHEIRO","description":"FALANDO A VERDADE","publisher":{"@id":"https:\/\/cleitonpinheiro.com.br\/site\/#organization"},"potentialAction":[{"@type":"SearchAction","target":{"@type":"EntryPoint","urlTemplate":"https:\/\/cleitonpinheiro.com.br\/site\/?s={search_term_string}"},"query-input":{"@type":"PropertyValueSpecification","valueRequired":true,"valueName":"search_term_string"}}],"inLanguage":"pt-BR"},{"@type":"Organization","@id":"https:\/\/cleitonpinheiro.com.br\/site\/#organization","name":"CPNOT\u00cdCIAS","url":"https:\/\/cleitonpinheiro.com.br\/site\/","logo":{"@type":"ImageObject","inLanguage":"pt-BR","@id":"https:\/\/cleitonpinheiro.com.br\/site\/#\/schema\/logo\/image\/","url":"https:\/\/cleitonpinheiro.com.br\/site\/wp-content\/uploads\/2022\/08\/Logo-pequena-2.png","contentUrl":"https:\/\/cleitonpinheiro.com.br\/site\/wp-content\/uploads\/2022\/08\/Logo-pequena-2.png","width":500,"height":500,"caption":"CPNOT\u00cdCIAS"},"image":{"@id":"https:\/\/cleitonpinheiro.com.br\/site\/#\/schema\/logo\/image\/"},"sameAs":["https:\/\/www.facebook.com\/portalcpnoticias\/"]},{"@type":"Person","@id":"https:\/\/cleitonpinheiro.com.br\/site\/#\/schema\/person\/62fd4eb98fcc8bd3fc477aaff264af51","name":"Cleiton Pinheiro","image":{"@type":"ImageObject","inLanguage":"pt-BR","@id":"https:\/\/cleitonpinheiro.com.br\/site\/#\/schema\/person\/image\/","url":"https:\/\/secure.gravatar.com\/avatar\/15642ec35b78fe5eed3cfa8e4a3f3211d73a3df4f35f0566b4324958cba1b1b9?s=96&r=g","contentUrl":"https:\/\/secure.gravatar.com\/avatar\/15642ec35b78fe5eed3cfa8e4a3f3211d73a3df4f35f0566b4324958cba1b1b9?s=96&r=g","caption":"Cleiton Pinheiro"},"url":"https:\/\/cleitonpinheiro.com.br\/site\/author\/cleiton\/"}]}},"views":165,"_links":{"self":[{"href":"https:\/\/cleitonpinheiro.com.br\/site\/wp-json\/wp\/v2\/posts\/77300","targetHints":{"allow":["GET"]}}],"collection":[{"href":"https:\/\/cleitonpinheiro.com.br\/site\/wp-json\/wp\/v2\/posts"}],"about":[{"href":"https:\/\/cleitonpinheiro.com.br\/site\/wp-json\/wp\/v2\/types\/post"}],"author":[{"embeddable":true,"href":"https:\/\/cleitonpinheiro.com.br\/site\/wp-json\/wp\/v2\/users\/10"}],"replies":[{"embeddable":true,"href":"https:\/\/cleitonpinheiro.com.br\/site\/wp-json\/wp\/v2\/comments?post=77300"}],"version-history":[{"count":1,"href":"https:\/\/cleitonpinheiro.com.br\/site\/wp-json\/wp\/v2\/posts\/77300\/revisions"}],"predecessor-version":[{"id":77302,"href":"https:\/\/cleitonpinheiro.com.br\/site\/wp-json\/wp\/v2\/posts\/77300\/revisions\/77302"}],"wp:attachment":[{"href":"https:\/\/cleitonpinheiro.com.br\/site\/wp-json\/wp\/v2\/media?parent=77300"}],"wp:term":[{"taxonomy":"category","embeddable":true,"href":"https:\/\/cleitonpinheiro.com.br\/site\/wp-json\/wp\/v2\/categories?post=77300"},{"taxonomy":"post_tag","embeddable":true,"href":"https:\/\/cleitonpinheiro.com.br\/site\/wp-json\/wp\/v2\/tags?post=77300"}],"curies":[{"name":"wp","href":"https:\/\/api.w.org\/{rel}","templated":true}]}}