{"id":77303,"date":"2024-05-16T08:02:00","date_gmt":"2024-05-16T11:02:00","guid":{"rendered":"https:\/\/cleitonpinheiro.com.br\/site\/?p=77303"},"modified":"2024-05-17T16:07:28","modified_gmt":"2024-05-17T19:07:28","slug":"prefeita-cinthia-boa-relacao-institucional-torna-a-agrotins-2024-ainda-mais-grandiosa","status":"publish","type":"post","link":"https:\/\/cleitonpinheiro.com.br\/site\/prefeita-cinthia-boa-relacao-institucional-torna-a-agrotins-2024-ainda-mais-grandiosa\/","title":{"rendered":"Prefeita Cinthia: \u201cboa rela\u00e7\u00e3o institucional\u201d torna a Agrotins 2024 ainda mais grandiosa"},"content":{"rendered":"\n<figure class=\"wp-block-image size-full\"><img decoding=\"async\" src=\"https:\/\/cleitonpinheiro.com.br\/site\/wp-content\/uploads\/2024\/05\/c0f75f8b-69d4-4542-a858-bc49bcfed98d.jpg\" alt=\"\" class=\"wp-image-77304\"\/><figcaption class=\"wp-element-caption\">Foto: Edu Fortes\/Prefeitura de Palmas<\/figcaption><\/figure>\n\n\n\n<p>&#8220;Est\u00e3o aqui a infraestrutura, a sa\u00fade, a educa\u00e7\u00e3o, o desenvolvimento econ\u00f4mico, os agentes de tr\u00e2nsito, o desenvolvimento rural, toda a Prefeitura de Palmas atuando em parceria com o governador Wanderlei Barbosa para fazer esse evento t\u00e3o grandioso, que \u00e9 a Agrotins. Um momento de uni\u00e3o e de boa rela\u00e7\u00e3o institucional, onde o resultado positivo beneficia a nossa Capital e o Tocantins&#8221;, destacou a prefeita de Palmas, Cinthia Ribeiro, na abertura da\u00a0\u00a024\u00aa edi\u00e7\u00e3o da Feira de Tecnologia Agropecu\u00e1ria do Tocantins (Agrotins 2024), realizada na manh\u00e3 desta quarta-feira, 15.<\/p>\n\n\n\n<p>Para a Gest\u00e3o Municipal a feira \u00e9 um evento importante para a Capital, que movimenta a rede hoteleira, restaurantes e o turismo; al\u00e9m de enaltecer a import\u00e2ncia do produtor rural. \u201cPreparamos uma programa\u00e7\u00e3o especial na Fazendinha do Calor Humano, que funciona o ano inteiro na Agrotins, com foco no desenvolvimento da produ\u00e7\u00e3o agrotecnol\u00f3gica sustent\u00e1vel. Entre as novidades, a estufa para desenvolvimento de mudas a ser replicada nas hortas comunit\u00e1rias, melhorando o cultivo de hortali\u00e7as na nossa cidade\u201d, detalha Cinthia Ribeiro, que passou o dia na Agrotins.<\/p>\n\n\n\n<p>Com visitas di\u00e1rias das escolas, a Fazendinha tamb\u00e9m apresenta os plantios de mandioca utilizando o res\u00edduo de palha do milho do plantio anterior e de feij\u00e3o para fixar o nitrog\u00eanio no solo e preparar a \u00e1rea para o pr\u00f3ximo cultivo. Tamb\u00e9m est\u00e1 sendo apresentado o experimento de tanques escavados em cons\u00f3rcio com o plantio de banana e maracuj\u00e1. Al\u00e9m de exposi\u00e7\u00e3o de&nbsp;&nbsp;bovinos, mini-vacas, caprinos e p\u00f4neis.&nbsp;<\/p>\n\n\n\n<p>Tamb\u00e9m est\u00e1 presente a Funda\u00e7\u00e3o Municipal de Meio Ambiente (FMA) falando sobre o desenvolvimento sustent\u00e1vel e fazendo a doa\u00e7\u00e3o de mudas de plantas frut\u00edferas. O projeto Germinar, da rede municipal de educa\u00e7\u00e3o, tamb\u00e9m est\u00e1 funcionando dentro da Fazendinha, com visitas di\u00e1rias durante a Agrotins. Mais palestras t\u00e9cnicas do Sebrae, da Embrapa e do Instituto Perene, e exposi\u00e7\u00e3o de produtos de origem da agricultura e cria\u00e7\u00e3o de animais.&nbsp;<\/p>\n\n\n\n<p><strong>At\u00e9 s\u00e1bado<\/strong><\/p>\n\n\n\n<p>Com programa\u00e7\u00e3o at\u00e9 s\u00e1bado, 18, a Agrotins 2024 re\u00fane cerca de 950 expositores. A Ag\u00eancia de Transporte Coletivo de Palmas (ATCP) colocou \u00f4nibus de hora em hora, das 7 \u00e0s 19 horas, com sa\u00edda da Esta\u00e7\u00e3o Java\u00e9 at\u00e9 a Agrotins. Para auxiliar na organiza\u00e7\u00e3o do tr\u00e2nsito, pois a feira concentra um grande n\u00famero de visitantes, a Gest\u00e3o Municipal est\u00e1 com os agentes de tr\u00e2nsito e guardas metropolitanos auxiliando.<\/p>\n\n\n\n<p><strong>Sa\u00fade<\/strong><\/p>\n\n\n\n<p>Para garantir a assist\u00eancia em sa\u00fade para visitantes e expositores da Agrotins, a Secretaria Municipal da Sa\u00fade (Semus) disponibilizou uma equipe para realiza\u00e7\u00e3o de atendimentos, inclusive imuniza\u00e7\u00e3o. Isso inclui, por dia, um m\u00e9dico, dois enfermeiros, quatro t\u00e9cnicos de enfermagem, um farmac\u00eautico, um assistente administrativo, dois motoristas, dois apoios t\u00e9cnicos de urg\u00eancia e emerg\u00eancia, um vacinador e ainda uma ambul\u00e2ncia do Servi\u00e7o de Atendimento M\u00f3vel de Urg\u00eancia (Samu) com um condutor socorrista e mais um t\u00e9cnico de enfermagem.&nbsp;&nbsp;O servi\u00e7o de assist\u00eancia farmac\u00eautica tamb\u00e9m est\u00e1 dispon\u00edvel&nbsp;&nbsp;aos visitantes e aos trabalhadores da feira.<\/p>\n\n\n\n<p>Al\u00e9m disso, para fazer vistorias e educa\u00e7\u00e3o em sa\u00fade com orienta\u00e7\u00f5es, a Vigil\u00e2ncia Sanit\u00e1ria (Visa) est\u00e1 com uma equipe de 12 pessoas atuando diariamente, sendo oito servidores e quatro residentes de sa\u00fade coletiva da Funda\u00e7\u00e3o Escola de Sa\u00fade P\u00fablica (Fesp).&nbsp;<\/p>\n\n\n\n<p><strong>Texto:\u00a0<\/strong>Prefeitura de Palmas<\/p>\n","protected":false},"excerpt":{"rendered":"<p>&#8220;Est\u00e3o aqui a infraestrutura, a sa\u00fade, a educa\u00e7\u00e3o, o desenvolvimento econ\u00f4mico, os agentes de tr\u00e2nsito, o desenvolvimento rural, toda a Prefeitura de Palmas atuando em parceria com o governador Wanderlei Barbosa para fazer esse evento t\u00e3o grandioso, que \u00e9 a Agrotins. Um momento de uni\u00e3o e de boa rela\u00e7\u00e3o institucional, onde o resultado positivo beneficia [&hellip;]<\/p>\n","protected":false},"author":10,"featured_media":0,"comment_status":"open","ping_status":"open","sticky":false,"template":"","format":"standard","meta":{"_acf_changed":false,"footnotes":""},"categories":[8,898,21],"tags":[],"class_list":["post-77303","post","type-post","status-publish","format-standard","hentry","category-estado","category-manchete-segundaria","category-todas-noticias"],"acf":[],"yoast_head":"<!-- This site is optimized with the Yoast SEO plugin v24.4 - https:\/\/yoast.com\/wordpress\/plugins\/seo\/ -->\n<title>Prefeita Cinthia: \u201cboa rela\u00e7\u00e3o institucional\u201d torna a Agrotins 2024 ainda mais grandiosa - PORTAL DE NOT\u00cdCIAS CLEITON PINHEIRO<\/title>\n<meta name=\"robots\" content=\"index, follow, max-snippet:-1, max-image-preview:large, max-video-preview:-1\" \/>\n<link rel=\"canonical\" href=\"https:\/\/cleitonpinheiro.com.br\/site\/prefeita-cinthia-boa-relacao-institucional-torna-a-agrotins-2024-ainda-mais-grandiosa\/\" \/>\n<meta property=\"og:locale\" content=\"pt_BR\" \/>\n<meta property=\"og:type\" content=\"article\" \/>\n<meta property=\"og:title\" content=\"Prefeita Cinthia: \u201cboa rela\u00e7\u00e3o institucional\u201d torna a Agrotins 2024 ainda mais grandiosa - PORTAL DE NOT\u00cdCIAS CLEITON PINHEIRO\" \/>\n<meta property=\"og:description\" content=\"&#8220;Est\u00e3o aqui a infraestrutura, a sa\u00fade, a educa\u00e7\u00e3o, o desenvolvimento econ\u00f4mico, os agentes de tr\u00e2nsito, o desenvolvimento rural, toda a Prefeitura de Palmas atuando em parceria com o governador Wanderlei Barbosa para fazer esse evento t\u00e3o grandioso, que \u00e9 a Agrotins. Um momento de uni\u00e3o e de boa rela\u00e7\u00e3o institucional, onde o resultado positivo beneficia [&hellip;]\" \/>\n<meta property=\"og:url\" content=\"https:\/\/cleitonpinheiro.com.br\/site\/prefeita-cinthia-boa-relacao-institucional-torna-a-agrotins-2024-ainda-mais-grandiosa\/\" \/>\n<meta property=\"og:site_name\" content=\"PORTAL DE NOT\u00cdCIAS CLEITON PINHEIRO\" \/>\n<meta property=\"article:publisher\" content=\"https:\/\/www.facebook.com\/portalcpnoticias\/\" \/>\n<meta property=\"article:published_time\" content=\"2024-05-16T11:02:00+00:00\" \/>\n<meta property=\"article:modified_time\" content=\"2024-05-17T19:07:28+00:00\" \/>\n<meta property=\"og:image\" content=\"https:\/\/cleitonpinheiro.com.br\/site\/wp-content\/uploads\/2024\/05\/c0f75f8b-69d4-4542-a858-bc49bcfed98d.jpg\" \/>\n\t<meta property=\"og:image:width\" content=\"800\" \/>\n\t<meta property=\"og:image:height\" content=\"533\" \/>\n\t<meta property=\"og:image:type\" content=\"image\/jpeg\" \/>\n<meta name=\"author\" content=\"Cleiton Pinheiro\" \/>\n<meta name=\"twitter:card\" content=\"summary_large_image\" \/>\n<meta name=\"twitter:label1\" content=\"Escrito por\" \/>\n\t<meta name=\"twitter:data1\" content=\"Cleiton Pinheiro\" \/>\n\t<meta name=\"twitter:label2\" content=\"Est. tempo de leitura\" \/>\n\t<meta name=\"twitter:data2\" content=\"4 minutos\" \/>\n<script type=\"application\/ld+json\" class=\"yoast-schema-graph\">{\"@context\":\"https:\/\/schema.org\",\"@graph\":[{\"@type\":\"Article\",\"@id\":\"https:\/\/cleitonpinheiro.com.br\/site\/prefeita-cinthia-boa-relacao-institucional-torna-a-agrotins-2024-ainda-mais-grandiosa\/#article\",\"isPartOf\":{\"@id\":\"https:\/\/cleitonpinheiro.com.br\/site\/prefeita-cinthia-boa-relacao-institucional-torna-a-agrotins-2024-ainda-mais-grandiosa\/\"},\"author\":{\"name\":\"Cleiton Pinheiro\",\"@id\":\"https:\/\/cleitonpinheiro.com.br\/site\/#\/schema\/person\/62fd4eb98fcc8bd3fc477aaff264af51\"},\"headline\":\"Prefeita Cinthia: \u201cboa rela\u00e7\u00e3o institucional\u201d torna a Agrotins 2024 ainda mais grandiosa\",\"datePublished\":\"2024-05-16T11:02:00+00:00\",\"dateModified\":\"2024-05-17T19:07:28+00:00\",\"mainEntityOfPage\":{\"@id\":\"https:\/\/cleitonpinheiro.com.br\/site\/prefeita-cinthia-boa-relacao-institucional-torna-a-agrotins-2024-ainda-mais-grandiosa\/\"},\"wordCount\":616,\"commentCount\":0,\"publisher\":{\"@id\":\"https:\/\/cleitonpinheiro.com.br\/site\/#organization\"},\"image\":{\"@id\":\"https:\/\/cleitonpinheiro.com.br\/site\/prefeita-cinthia-boa-relacao-institucional-torna-a-agrotins-2024-ainda-mais-grandiosa\/#primaryimage\"},\"thumbnailUrl\":\"https:\/\/cleitonpinheiro.com.br\/site\/wp-content\/uploads\/2024\/05\/c0f75f8b-69d4-4542-a858-bc49bcfed98d.jpg\",\"articleSection\":[\"ESTADO\",\"MANCHETE SEGUND\u00c1RIA\",\"TODAS NOTICIAS\"],\"inLanguage\":\"pt-BR\",\"potentialAction\":[{\"@type\":\"CommentAction\",\"name\":\"Comment\",\"target\":[\"https:\/\/cleitonpinheiro.com.br\/site\/prefeita-cinthia-boa-relacao-institucional-torna-a-agrotins-2024-ainda-mais-grandiosa\/#respond\"]}]},{\"@type\":\"WebPage\",\"@id\":\"https:\/\/cleitonpinheiro.com.br\/site\/prefeita-cinthia-boa-relacao-institucional-torna-a-agrotins-2024-ainda-mais-grandiosa\/\",\"url\":\"https:\/\/cleitonpinheiro.com.br\/site\/prefeita-cinthia-boa-relacao-institucional-torna-a-agrotins-2024-ainda-mais-grandiosa\/\",\"name\":\"Prefeita Cinthia: \u201cboa rela\u00e7\u00e3o institucional\u201d torna a Agrotins 2024 ainda mais grandiosa - PORTAL DE NOT\u00cdCIAS CLEITON PINHEIRO\",\"isPartOf\":{\"@id\":\"https:\/\/cleitonpinheiro.com.br\/site\/#website\"},\"primaryImageOfPage\":{\"@id\":\"https:\/\/cleitonpinheiro.com.br\/site\/prefeita-cinthia-boa-relacao-institucional-torna-a-agrotins-2024-ainda-mais-grandiosa\/#primaryimage\"},\"image\":{\"@id\":\"https:\/\/cleitonpinheiro.com.br\/site\/prefeita-cinthia-boa-relacao-institucional-torna-a-agrotins-2024-ainda-mais-grandiosa\/#primaryimage\"},\"thumbnailUrl\":\"https:\/\/cleitonpinheiro.com.br\/site\/wp-content\/uploads\/2024\/05\/c0f75f8b-69d4-4542-a858-bc49bcfed98d.jpg\",\"datePublished\":\"2024-05-16T11:02:00+00:00\",\"dateModified\":\"2024-05-17T19:07:28+00:00\",\"breadcrumb\":{\"@id\":\"https:\/\/cleitonpinheiro.com.br\/site\/prefeita-cinthia-boa-relacao-institucional-torna-a-agrotins-2024-ainda-mais-grandiosa\/#breadcrumb\"},\"inLanguage\":\"pt-BR\",\"potentialAction\":[{\"@type\":\"ReadAction\",\"target\":[\"https:\/\/cleitonpinheiro.com.br\/site\/prefeita-cinthia-boa-relacao-institucional-torna-a-agrotins-2024-ainda-mais-grandiosa\/\"]}]},{\"@type\":\"ImageObject\",\"inLanguage\":\"pt-BR\",\"@id\":\"https:\/\/cleitonpinheiro.com.br\/site\/prefeita-cinthia-boa-relacao-institucional-torna-a-agrotins-2024-ainda-mais-grandiosa\/#primaryimage\",\"url\":\"\",\"contentUrl\":\"\"},{\"@type\":\"BreadcrumbList\",\"@id\":\"https:\/\/cleitonpinheiro.com.br\/site\/prefeita-cinthia-boa-relacao-institucional-torna-a-agrotins-2024-ainda-mais-grandiosa\/#breadcrumb\",\"itemListElement\":[{\"@type\":\"ListItem\",\"position\":1,\"name\":\"In\u00edcio\",\"item\":\"https:\/\/cleitonpinheiro.com.br\/site\/\"},{\"@type\":\"ListItem\",\"position\":2,\"name\":\"Prefeita Cinthia: \u201cboa rela\u00e7\u00e3o institucional\u201d torna a Agrotins 2024 ainda mais grandiosa\"}]},{\"@type\":\"WebSite\",\"@id\":\"https:\/\/cleitonpinheiro.com.br\/site\/#website\",\"url\":\"https:\/\/cleitonpinheiro.com.br\/site\/\",\"name\":\"PORTAL DE NOT\u00cdCIAS CLEITON PINHEIRO\",\"description\":\"FALANDO A VERDADE\",\"publisher\":{\"@id\":\"https:\/\/cleitonpinheiro.com.br\/site\/#organization\"},\"potentialAction\":[{\"@type\":\"SearchAction\",\"target\":{\"@type\":\"EntryPoint\",\"urlTemplate\":\"https:\/\/cleitonpinheiro.com.br\/site\/?s={search_term_string}\"},\"query-input\":{\"@type\":\"PropertyValueSpecification\",\"valueRequired\":true,\"valueName\":\"search_term_string\"}}],\"inLanguage\":\"pt-BR\"},{\"@type\":\"Organization\",\"@id\":\"https:\/\/cleitonpinheiro.com.br\/site\/#organization\",\"name\":\"CPNOT\u00cdCIAS\",\"url\":\"https:\/\/cleitonpinheiro.com.br\/site\/\",\"logo\":{\"@type\":\"ImageObject\",\"inLanguage\":\"pt-BR\",\"@id\":\"https:\/\/cleitonpinheiro.com.br\/site\/#\/schema\/logo\/image\/\",\"url\":\"https:\/\/cleitonpinheiro.com.br\/site\/wp-content\/uploads\/2022\/08\/Logo-pequena-2.png\",\"contentUrl\":\"https:\/\/cleitonpinheiro.com.br\/site\/wp-content\/uploads\/2022\/08\/Logo-pequena-2.png\",\"width\":500,\"height\":500,\"caption\":\"CPNOT\u00cdCIAS\"},\"image\":{\"@id\":\"https:\/\/cleitonpinheiro.com.br\/site\/#\/schema\/logo\/image\/\"},\"sameAs\":[\"https:\/\/www.facebook.com\/portalcpnoticias\/\"]},{\"@type\":\"Person\",\"@id\":\"https:\/\/cleitonpinheiro.com.br\/site\/#\/schema\/person\/62fd4eb98fcc8bd3fc477aaff264af51\",\"name\":\"Cleiton Pinheiro\",\"image\":{\"@type\":\"ImageObject\",\"inLanguage\":\"pt-BR\",\"@id\":\"https:\/\/cleitonpinheiro.com.br\/site\/#\/schema\/person\/image\/\",\"url\":\"https:\/\/secure.gravatar.com\/avatar\/15642ec35b78fe5eed3cfa8e4a3f3211d73a3df4f35f0566b4324958cba1b1b9?s=96&r=g\",\"contentUrl\":\"https:\/\/secure.gravatar.com\/avatar\/15642ec35b78fe5eed3cfa8e4a3f3211d73a3df4f35f0566b4324958cba1b1b9?s=96&r=g\",\"caption\":\"Cleiton Pinheiro\"},\"url\":\"https:\/\/cleitonpinheiro.com.br\/site\/author\/cleiton\/\"}]}<\/script>\n<!-- \/ Yoast SEO plugin. -->","yoast_head_json":{"title":"Prefeita Cinthia: \u201cboa rela\u00e7\u00e3o institucional\u201d torna a Agrotins 2024 ainda mais grandiosa - PORTAL DE NOT\u00cdCIAS CLEITON PINHEIRO","robots":{"index":"index","follow":"follow","max-snippet":"max-snippet:-1","max-image-preview":"max-image-preview:large","max-video-preview":"max-video-preview:-1"},"canonical":"https:\/\/cleitonpinheiro.com.br\/site\/prefeita-cinthia-boa-relacao-institucional-torna-a-agrotins-2024-ainda-mais-grandiosa\/","og_locale":"pt_BR","og_type":"article","og_title":"Prefeita Cinthia: \u201cboa rela\u00e7\u00e3o institucional\u201d torna a Agrotins 2024 ainda mais grandiosa - PORTAL DE NOT\u00cdCIAS CLEITON PINHEIRO","og_description":"&#8220;Est\u00e3o aqui a infraestrutura, a sa\u00fade, a educa\u00e7\u00e3o, o desenvolvimento econ\u00f4mico, os agentes de tr\u00e2nsito, o desenvolvimento rural, toda a Prefeitura de Palmas atuando em parceria com o governador Wanderlei Barbosa para fazer esse evento t\u00e3o grandioso, que \u00e9 a Agrotins. Um momento de uni\u00e3o e de boa rela\u00e7\u00e3o institucional, onde o resultado positivo beneficia [&hellip;]","og_url":"https:\/\/cleitonpinheiro.com.br\/site\/prefeita-cinthia-boa-relacao-institucional-torna-a-agrotins-2024-ainda-mais-grandiosa\/","og_site_name":"PORTAL DE NOT\u00cdCIAS CLEITON PINHEIRO","article_publisher":"https:\/\/www.facebook.com\/portalcpnoticias\/","article_published_time":"2024-05-16T11:02:00+00:00","article_modified_time":"2024-05-17T19:07:28+00:00","og_image":[{"width":800,"height":533,"url":"https:\/\/cleitonpinheiro.com.br\/site\/wp-content\/uploads\/2024\/05\/c0f75f8b-69d4-4542-a858-bc49bcfed98d.jpg","type":"image\/jpeg"}],"author":"Cleiton Pinheiro","twitter_card":"summary_large_image","twitter_misc":{"Escrito por":"Cleiton Pinheiro","Est. tempo de leitura":"4 minutos"},"schema":{"@context":"https:\/\/schema.org","@graph":[{"@type":"Article","@id":"https:\/\/cleitonpinheiro.com.br\/site\/prefeita-cinthia-boa-relacao-institucional-torna-a-agrotins-2024-ainda-mais-grandiosa\/#article","isPartOf":{"@id":"https:\/\/cleitonpinheiro.com.br\/site\/prefeita-cinthia-boa-relacao-institucional-torna-a-agrotins-2024-ainda-mais-grandiosa\/"},"author":{"name":"Cleiton Pinheiro","@id":"https:\/\/cleitonpinheiro.com.br\/site\/#\/schema\/person\/62fd4eb98fcc8bd3fc477aaff264af51"},"headline":"Prefeita Cinthia: \u201cboa rela\u00e7\u00e3o institucional\u201d torna a Agrotins 2024 ainda mais grandiosa","datePublished":"2024-05-16T11:02:00+00:00","dateModified":"2024-05-17T19:07:28+00:00","mainEntityOfPage":{"@id":"https:\/\/cleitonpinheiro.com.br\/site\/prefeita-cinthia-boa-relacao-institucional-torna-a-agrotins-2024-ainda-mais-grandiosa\/"},"wordCount":616,"commentCount":0,"publisher":{"@id":"https:\/\/cleitonpinheiro.com.br\/site\/#organization"},"image":{"@id":"https:\/\/cleitonpinheiro.com.br\/site\/prefeita-cinthia-boa-relacao-institucional-torna-a-agrotins-2024-ainda-mais-grandiosa\/#primaryimage"},"thumbnailUrl":"https:\/\/cleitonpinheiro.com.br\/site\/wp-content\/uploads\/2024\/05\/c0f75f8b-69d4-4542-a858-bc49bcfed98d.jpg","articleSection":["ESTADO","MANCHETE SEGUND\u00c1RIA","TODAS NOTICIAS"],"inLanguage":"pt-BR","potentialAction":[{"@type":"CommentAction","name":"Comment","target":["https:\/\/cleitonpinheiro.com.br\/site\/prefeita-cinthia-boa-relacao-institucional-torna-a-agrotins-2024-ainda-mais-grandiosa\/#respond"]}]},{"@type":"WebPage","@id":"https:\/\/cleitonpinheiro.com.br\/site\/prefeita-cinthia-boa-relacao-institucional-torna-a-agrotins-2024-ainda-mais-grandiosa\/","url":"https:\/\/cleitonpinheiro.com.br\/site\/prefeita-cinthia-boa-relacao-institucional-torna-a-agrotins-2024-ainda-mais-grandiosa\/","name":"Prefeita Cinthia: \u201cboa rela\u00e7\u00e3o institucional\u201d torna a Agrotins 2024 ainda mais grandiosa - PORTAL DE NOT\u00cdCIAS CLEITON PINHEIRO","isPartOf":{"@id":"https:\/\/cleitonpinheiro.com.br\/site\/#website"},"primaryImageOfPage":{"@id":"https:\/\/cleitonpinheiro.com.br\/site\/prefeita-cinthia-boa-relacao-institucional-torna-a-agrotins-2024-ainda-mais-grandiosa\/#primaryimage"},"image":{"@id":"https:\/\/cleitonpinheiro.com.br\/site\/prefeita-cinthia-boa-relacao-institucional-torna-a-agrotins-2024-ainda-mais-grandiosa\/#primaryimage"},"thumbnailUrl":"https:\/\/cleitonpinheiro.com.br\/site\/wp-content\/uploads\/2024\/05\/c0f75f8b-69d4-4542-a858-bc49bcfed98d.jpg","datePublished":"2024-05-16T11:02:00+00:00","dateModified":"2024-05-17T19:07:28+00:00","breadcrumb":{"@id":"https:\/\/cleitonpinheiro.com.br\/site\/prefeita-cinthia-boa-relacao-institucional-torna-a-agrotins-2024-ainda-mais-grandiosa\/#breadcrumb"},"inLanguage":"pt-BR","potentialAction":[{"@type":"ReadAction","target":["https:\/\/cleitonpinheiro.com.br\/site\/prefeita-cinthia-boa-relacao-institucional-torna-a-agrotins-2024-ainda-mais-grandiosa\/"]}]},{"@type":"ImageObject","inLanguage":"pt-BR","@id":"https:\/\/cleitonpinheiro.com.br\/site\/prefeita-cinthia-boa-relacao-institucional-torna-a-agrotins-2024-ainda-mais-grandiosa\/#primaryimage","url":"","contentUrl":""},{"@type":"BreadcrumbList","@id":"https:\/\/cleitonpinheiro.com.br\/site\/prefeita-cinthia-boa-relacao-institucional-torna-a-agrotins-2024-ainda-mais-grandiosa\/#breadcrumb","itemListElement":[{"@type":"ListItem","position":1,"name":"In\u00edcio","item":"https:\/\/cleitonpinheiro.com.br\/site\/"},{"@type":"ListItem","position":2,"name":"Prefeita Cinthia: \u201cboa rela\u00e7\u00e3o institucional\u201d torna a Agrotins 2024 ainda mais grandiosa"}]},{"@type":"WebSite","@id":"https:\/\/cleitonpinheiro.com.br\/site\/#website","url":"https:\/\/cleitonpinheiro.com.br\/site\/","name":"PORTAL DE NOT\u00cdCIAS CLEITON PINHEIRO","description":"FALANDO A VERDADE","publisher":{"@id":"https:\/\/cleitonpinheiro.com.br\/site\/#organization"},"potentialAction":[{"@type":"SearchAction","target":{"@type":"EntryPoint","urlTemplate":"https:\/\/cleitonpinheiro.com.br\/site\/?s={search_term_string}"},"query-input":{"@type":"PropertyValueSpecification","valueRequired":true,"valueName":"search_term_string"}}],"inLanguage":"pt-BR"},{"@type":"Organization","@id":"https:\/\/cleitonpinheiro.com.br\/site\/#organization","name":"CPNOT\u00cdCIAS","url":"https:\/\/cleitonpinheiro.com.br\/site\/","logo":{"@type":"ImageObject","inLanguage":"pt-BR","@id":"https:\/\/cleitonpinheiro.com.br\/site\/#\/schema\/logo\/image\/","url":"https:\/\/cleitonpinheiro.com.br\/site\/wp-content\/uploads\/2022\/08\/Logo-pequena-2.png","contentUrl":"https:\/\/cleitonpinheiro.com.br\/site\/wp-content\/uploads\/2022\/08\/Logo-pequena-2.png","width":500,"height":500,"caption":"CPNOT\u00cdCIAS"},"image":{"@id":"https:\/\/cleitonpinheiro.com.br\/site\/#\/schema\/logo\/image\/"},"sameAs":["https:\/\/www.facebook.com\/portalcpnoticias\/"]},{"@type":"Person","@id":"https:\/\/cleitonpinheiro.com.br\/site\/#\/schema\/person\/62fd4eb98fcc8bd3fc477aaff264af51","name":"Cleiton Pinheiro","image":{"@type":"ImageObject","inLanguage":"pt-BR","@id":"https:\/\/cleitonpinheiro.com.br\/site\/#\/schema\/person\/image\/","url":"https:\/\/secure.gravatar.com\/avatar\/15642ec35b78fe5eed3cfa8e4a3f3211d73a3df4f35f0566b4324958cba1b1b9?s=96&r=g","contentUrl":"https:\/\/secure.gravatar.com\/avatar\/15642ec35b78fe5eed3cfa8e4a3f3211d73a3df4f35f0566b4324958cba1b1b9?s=96&r=g","caption":"Cleiton Pinheiro"},"url":"https:\/\/cleitonpinheiro.com.br\/site\/author\/cleiton\/"}]}},"views":162,"_links":{"self":[{"href":"https:\/\/cleitonpinheiro.com.br\/site\/wp-json\/wp\/v2\/posts\/77303","targetHints":{"allow":["GET"]}}],"collection":[{"href":"https:\/\/cleitonpinheiro.com.br\/site\/wp-json\/wp\/v2\/posts"}],"about":[{"href":"https:\/\/cleitonpinheiro.com.br\/site\/wp-json\/wp\/v2\/types\/post"}],"author":[{"embeddable":true,"href":"https:\/\/cleitonpinheiro.com.br\/site\/wp-json\/wp\/v2\/users\/10"}],"replies":[{"embeddable":true,"href":"https:\/\/cleitonpinheiro.com.br\/site\/wp-json\/wp\/v2\/comments?post=77303"}],"version-history":[{"count":1,"href":"https:\/\/cleitonpinheiro.com.br\/site\/wp-json\/wp\/v2\/posts\/77303\/revisions"}],"predecessor-version":[{"id":77305,"href":"https:\/\/cleitonpinheiro.com.br\/site\/wp-json\/wp\/v2\/posts\/77303\/revisions\/77305"}],"wp:attachment":[{"href":"https:\/\/cleitonpinheiro.com.br\/site\/wp-json\/wp\/v2\/media?parent=77303"}],"wp:term":[{"taxonomy":"category","embeddable":true,"href":"https:\/\/cleitonpinheiro.com.br\/site\/wp-json\/wp\/v2\/categories?post=77303"},{"taxonomy":"post_tag","embeddable":true,"href":"https:\/\/cleitonpinheiro.com.br\/site\/wp-json\/wp\/v2\/tags?post=77303"}],"curies":[{"name":"wp","href":"https:\/\/api.w.org\/{rel}","templated":true}]}}