{"id":77306,"date":"2024-05-18T17:07:02","date_gmt":"2024-05-18T20:07:02","guid":{"rendered":"https:\/\/cleitonpinheiro.com.br\/site\/?p=77306"},"modified":"2024-05-18T17:07:06","modified_gmt":"2024-05-18T20:07:06","slug":"palmas-para-o-brincar-promete-divertir-a-criancada-comeca-neste-domingo-19","status":"publish","type":"post","link":"https:\/\/cleitonpinheiro.com.br\/site\/palmas-para-o-brincar-promete-divertir-a-criancada-comeca-neste-domingo-19\/","title":{"rendered":"Palmas para o Brincar promete divertir a crian\u00e7ada; come\u00e7a neste domingo, 19"},"content":{"rendered":"\n<figure class=\"wp-block-image size-full\"><img decoding=\"async\" src=\"https:\/\/cleitonpinheiro.com.br\/site\/wp-content\/uploads\/2024\/05\/d787f1eed2794650a2822fbbeea4e474.jpg\" alt=\"\" class=\"wp-image-77307\"\/><figcaption class=\"wp-element-caption\">Foto: Prefeitura de Palmas<\/figcaption><\/figure>\n\n\n\n<p>Durante uma semana inteirinha, os parques, pra\u00e7as e diversos espa\u00e7os p\u00fablicos destinados a\u00a0crian\u00e7as se tornar\u00e3o palco\u00a0da programa\u00e7\u00e3o do Palmas para o Brincar, um projeto promovido pela Secretaria Municipal da Educa\u00e7\u00e3o (Semed) para sensibilizar e estimular a popula\u00e7\u00e3o palmense sobre a import\u00e2ncia de atividades l\u00fadicas e divertidas na inf\u00e2ncia. Este ano o\u00a0convite feito a todas as fam\u00edlias \u00e9 \u201cVem pra Roda &#8211; No ritmo do brincar\u201d.<\/p>\n\n\n\n<p>A programa\u00e7\u00e3o contempla a Semana Mundial do Brincar, e as festividades do anivers\u00e1rio de 35 anos de Palmas, e&nbsp;come\u00e7ar\u00e1 no domingo,&nbsp;19, seguindo&nbsp;at\u00e9 o dia 29 de maio, em quatro regi\u00f5es diferentes da Capital, al\u00e9m das atividades que ser\u00e3o realizadas de forma simult\u00e2nea&nbsp;em v\u00e1rias unidades educacionais da rede municipal de ensino.&nbsp;<\/p>\n\n\n\n<p>A abertura ocorrer\u00e1 neste pr\u00f3ximo domingo, \u00e0s 8 horas, no Bosque dos Pioneiros, denominada polo \u201cAmigos do Pula Corda\u201d, onde est\u00e3o previstas apresenta\u00e7\u00f5es culturais, anima\u00e7\u00e3o com os palha\u00e7os Batatinha Frita e Cocada e diversas brincadeiras ao ar livre.&nbsp;<\/p>\n\n\n\n<p><strong>Cmeis envolvidos<\/strong><\/p>\n\n\n\n<p>As equipes dos Centros Municipais de Educa\u00e7\u00e3o Infantil (Cmeis)&nbsp;Am\u00e2ncio de Moraes, Cantinho do Saber, Carrossel, Jo\u00e3o e Maria, Matheus Henrique, Mundo Feliz, Pequeninos do Cerrado, Romilda Budke e Sonho Encantado estar\u00e3o com as crian\u00e7as atendidas nessas unidades realizando v\u00e1rias brincadeiras.&nbsp;<\/p>\n\n\n\n<p>O secret\u00e1rio da Educa\u00e7\u00e3o de Palmas, professor F\u00e1bio Chaves, refor\u00e7a que a proposta \u00e9 envolver toda a comunidade em atividades em prol da ludicidade da inf\u00e2ncia. \u201cQueremos que crian\u00e7as, familiares e educadores aproveitem este momento para ocupar espa\u00e7os da nossa cidade, como as pra\u00e7as,&nbsp;parques p\u00fablicos, escolas municipais de Educa\u00e7\u00e3o Infantil, entre outros, para colocar em pr\u00e1tica o direito ao brincar\u201d, lembra, convidando a todos a fortalecer a realiza\u00e7\u00e3o as atividades do projeto.&nbsp;&nbsp;<\/p>\n\n\n\n<p>No decorrer da pr\u00f3xima semana, as atividades recreativas continuar\u00e3o acontecendo em outros polos e tamb\u00e9m nas escolas que ofertam educa\u00e7\u00e3o infantil em Palmas.&nbsp;Confira a programa\u00e7\u00e3o abaixo:<\/p>\n\n\n\n<p><strong>Dia: 19\/05 das&nbsp;8h \u00e0s 10h30<\/strong><\/p>\n\n\n\n<p>Polo 1 &#8211; Amigos do Pula Corda<\/p>\n\n\n\n<p>Local: Pra\u00e7a do Bosque dos Pioneiros<\/p>\n\n\n\n<p>Apresenta\u00e7\u00f5es culturais, anima\u00e7\u00e3o com os palha\u00e7os Batatinha Frita e Cocada e diversas brincadeiras ao ar livre.<\/p>\n\n\n\n<p><strong>Dia: 24\/05 das&nbsp;16h \u00e0s 18h30<\/strong><\/p>\n\n\n\n<p>Polo 2 &#8211; Amigos da Amarelinha&nbsp;<\/p>\n\n\n\n<p>Local: Parque dos Povos Ind\u00edgenas<\/p>\n\n\n\n<p>Apresenta\u00e7\u00f5es culturais e musicais e diversas brincadeiras ao ar livre.<\/p>\n\n\n\n<p><strong>Dia: 24\/05 das&nbsp;17h \u00e0s 19h30<\/strong><\/p>\n\n\n\n<p>Polo 3 &#8211; Amigos do Pega-pega<\/p>\n\n\n\n<p>Local: Gin\u00e1sio Ayrton Senna<\/p>\n\n\n\n<p>Apresenta\u00e7\u00f5es culturais e musicais e diversas brincadeiras ao ar livre.<\/p>\n\n\n\n<p><strong>Dia: 24\/05 das 8h&nbsp;\u00e0s 10h30<\/strong><\/p>\n\n\n\n<p>Polo 4 &#8211; Amigos do Jacarand\u00e1<\/p>\n\n\n\n<p>Local: Pra\u00e7a Ver Tarc\u00edsio Machado (Taquaru\u00e7u)<\/p>\n\n\n\n<p>Apresenta\u00e7\u00f5es culturais e musicais e diversas brincadeiras ao ar livre.<\/p>\n\n\n\n<p><strong>Dia: 28\/05 das&nbsp;8h \u00e0s 10h30<\/strong><\/p>\n\n\n\n<p>Polo 5 &#8211; Amigos do Esconde-Esconde<\/p>\n\n\n\n<p>Local: ETI Sueli Reche (Buritirana)<\/p>\n\n\n\n<p>Apresenta\u00e7\u00f5es culturais e musicais e diversas brincadeiras ao ar livre.<\/p>\n\n\n\n<p><strong>Dia: 29\/05 das&nbsp;8h \u00e0s 10h30<\/strong><\/p>\n\n\n\n<p>Polo 6 &#8211; Amigos da Adoleta<\/p>\n\n\n\n<p>Local: ETI Fid\u00eancio Bogo (Taquaru\u00e7u Grande)<\/p>\n\n\n\n<p>Apresenta\u00e7\u00f5es culturais e musicais e diversas brincadeiras ao ar livre.<\/p>\n\n\n\n<p>Texto: Prefeitura de Palmas<\/p>\n","protected":false},"excerpt":{"rendered":"<p>Durante uma semana inteirinha, os parques, pra\u00e7as e diversos espa\u00e7os p\u00fablicos destinados a\u00a0crian\u00e7as se tornar\u00e3o palco\u00a0da programa\u00e7\u00e3o do Palmas para o Brincar, um projeto promovido pela Secretaria Municipal da Educa\u00e7\u00e3o (Semed) para sensibilizar e estimular a popula\u00e7\u00e3o palmense sobre a import\u00e2ncia de atividades l\u00fadicas e divertidas na inf\u00e2ncia. Este ano o\u00a0convite feito a todas as [&hellip;]<\/p>\n","protected":false},"author":10,"featured_media":0,"comment_status":"open","ping_status":"open","sticky":false,"template":"","format":"standard","meta":{"_acf_changed":false,"footnotes":""},"categories":[22,898,21],"tags":[],"class_list":["post-77306","post","type-post","status-publish","format-standard","hentry","category-cidades","category-manchete-segundaria","category-todas-noticias"],"acf":[],"yoast_head":"<!-- This site is optimized with the Yoast SEO plugin v24.4 - https:\/\/yoast.com\/wordpress\/plugins\/seo\/ -->\n<title>Palmas para o Brincar promete divertir a crian\u00e7ada; come\u00e7a neste domingo, 19 - PORTAL DE NOT\u00cdCIAS CLEITON PINHEIRO<\/title>\n<meta name=\"robots\" content=\"index, follow, max-snippet:-1, max-image-preview:large, max-video-preview:-1\" \/>\n<link rel=\"canonical\" href=\"https:\/\/cleitonpinheiro.com.br\/site\/palmas-para-o-brincar-promete-divertir-a-criancada-comeca-neste-domingo-19\/\" \/>\n<meta property=\"og:locale\" content=\"pt_BR\" \/>\n<meta property=\"og:type\" content=\"article\" \/>\n<meta property=\"og:title\" content=\"Palmas para o Brincar promete divertir a crian\u00e7ada; come\u00e7a neste domingo, 19 - PORTAL DE NOT\u00cdCIAS CLEITON PINHEIRO\" \/>\n<meta property=\"og:description\" content=\"Durante uma semana inteirinha, os parques, pra\u00e7as e diversos espa\u00e7os p\u00fablicos destinados a\u00a0crian\u00e7as se tornar\u00e3o palco\u00a0da programa\u00e7\u00e3o do Palmas para o Brincar, um projeto promovido pela Secretaria Municipal da Educa\u00e7\u00e3o (Semed) para sensibilizar e estimular a popula\u00e7\u00e3o palmense sobre a import\u00e2ncia de atividades l\u00fadicas e divertidas na inf\u00e2ncia. Este ano o\u00a0convite feito a todas as [&hellip;]\" \/>\n<meta property=\"og:url\" content=\"https:\/\/cleitonpinheiro.com.br\/site\/palmas-para-o-brincar-promete-divertir-a-criancada-comeca-neste-domingo-19\/\" \/>\n<meta property=\"og:site_name\" content=\"PORTAL DE NOT\u00cdCIAS CLEITON PINHEIRO\" \/>\n<meta property=\"article:publisher\" content=\"https:\/\/www.facebook.com\/portalcpnoticias\/\" \/>\n<meta property=\"article:published_time\" content=\"2024-05-18T20:07:02+00:00\" \/>\n<meta property=\"article:modified_time\" content=\"2024-05-18T20:07:06+00:00\" \/>\n<meta property=\"og:image\" content=\"https:\/\/cleitonpinheiro.com.br\/site\/wp-content\/uploads\/2024\/05\/d787f1eed2794650a2822fbbeea4e474.jpg\" \/>\n\t<meta property=\"og:image:width\" content=\"800\" \/>\n\t<meta property=\"og:image:height\" content=\"533\" \/>\n\t<meta property=\"og:image:type\" content=\"image\/jpeg\" \/>\n<meta name=\"author\" content=\"Cleiton Pinheiro\" \/>\n<meta name=\"twitter:card\" content=\"summary_large_image\" \/>\n<meta name=\"twitter:label1\" content=\"Escrito por\" \/>\n\t<meta name=\"twitter:data1\" content=\"Cleiton Pinheiro\" \/>\n\t<meta name=\"twitter:label2\" content=\"Est. tempo de leitura\" \/>\n\t<meta name=\"twitter:data2\" content=\"4 minutos\" \/>\n<script type=\"application\/ld+json\" class=\"yoast-schema-graph\">{\"@context\":\"https:\/\/schema.org\",\"@graph\":[{\"@type\":\"Article\",\"@id\":\"https:\/\/cleitonpinheiro.com.br\/site\/palmas-para-o-brincar-promete-divertir-a-criancada-comeca-neste-domingo-19\/#article\",\"isPartOf\":{\"@id\":\"https:\/\/cleitonpinheiro.com.br\/site\/palmas-para-o-brincar-promete-divertir-a-criancada-comeca-neste-domingo-19\/\"},\"author\":{\"name\":\"Cleiton Pinheiro\",\"@id\":\"https:\/\/cleitonpinheiro.com.br\/site\/#\/schema\/person\/62fd4eb98fcc8bd3fc477aaff264af51\"},\"headline\":\"Palmas para o Brincar promete divertir a crian\u00e7ada; come\u00e7a neste domingo, 19\",\"datePublished\":\"2024-05-18T20:07:02+00:00\",\"dateModified\":\"2024-05-18T20:07:06+00:00\",\"mainEntityOfPage\":{\"@id\":\"https:\/\/cleitonpinheiro.com.br\/site\/palmas-para-o-brincar-promete-divertir-a-criancada-comeca-neste-domingo-19\/\"},\"wordCount\":560,\"commentCount\":0,\"publisher\":{\"@id\":\"https:\/\/cleitonpinheiro.com.br\/site\/#organization\"},\"image\":{\"@id\":\"https:\/\/cleitonpinheiro.com.br\/site\/palmas-para-o-brincar-promete-divertir-a-criancada-comeca-neste-domingo-19\/#primaryimage\"},\"thumbnailUrl\":\"https:\/\/cleitonpinheiro.com.br\/site\/wp-content\/uploads\/2024\/05\/d787f1eed2794650a2822fbbeea4e474.jpg\",\"articleSection\":[\"CIDADES\",\"MANCHETE SEGUND\u00c1RIA\",\"TODAS NOTICIAS\"],\"inLanguage\":\"pt-BR\",\"potentialAction\":[{\"@type\":\"CommentAction\",\"name\":\"Comment\",\"target\":[\"https:\/\/cleitonpinheiro.com.br\/site\/palmas-para-o-brincar-promete-divertir-a-criancada-comeca-neste-domingo-19\/#respond\"]}]},{\"@type\":\"WebPage\",\"@id\":\"https:\/\/cleitonpinheiro.com.br\/site\/palmas-para-o-brincar-promete-divertir-a-criancada-comeca-neste-domingo-19\/\",\"url\":\"https:\/\/cleitonpinheiro.com.br\/site\/palmas-para-o-brincar-promete-divertir-a-criancada-comeca-neste-domingo-19\/\",\"name\":\"Palmas para o Brincar promete divertir a crian\u00e7ada; come\u00e7a neste domingo, 19 - PORTAL DE NOT\u00cdCIAS CLEITON PINHEIRO\",\"isPartOf\":{\"@id\":\"https:\/\/cleitonpinheiro.com.br\/site\/#website\"},\"primaryImageOfPage\":{\"@id\":\"https:\/\/cleitonpinheiro.com.br\/site\/palmas-para-o-brincar-promete-divertir-a-criancada-comeca-neste-domingo-19\/#primaryimage\"},\"image\":{\"@id\":\"https:\/\/cleitonpinheiro.com.br\/site\/palmas-para-o-brincar-promete-divertir-a-criancada-comeca-neste-domingo-19\/#primaryimage\"},\"thumbnailUrl\":\"https:\/\/cleitonpinheiro.com.br\/site\/wp-content\/uploads\/2024\/05\/d787f1eed2794650a2822fbbeea4e474.jpg\",\"datePublished\":\"2024-05-18T20:07:02+00:00\",\"dateModified\":\"2024-05-18T20:07:06+00:00\",\"breadcrumb\":{\"@id\":\"https:\/\/cleitonpinheiro.com.br\/site\/palmas-para-o-brincar-promete-divertir-a-criancada-comeca-neste-domingo-19\/#breadcrumb\"},\"inLanguage\":\"pt-BR\",\"potentialAction\":[{\"@type\":\"ReadAction\",\"target\":[\"https:\/\/cleitonpinheiro.com.br\/site\/palmas-para-o-brincar-promete-divertir-a-criancada-comeca-neste-domingo-19\/\"]}]},{\"@type\":\"ImageObject\",\"inLanguage\":\"pt-BR\",\"@id\":\"https:\/\/cleitonpinheiro.com.br\/site\/palmas-para-o-brincar-promete-divertir-a-criancada-comeca-neste-domingo-19\/#primaryimage\",\"url\":\"\",\"contentUrl\":\"\"},{\"@type\":\"BreadcrumbList\",\"@id\":\"https:\/\/cleitonpinheiro.com.br\/site\/palmas-para-o-brincar-promete-divertir-a-criancada-comeca-neste-domingo-19\/#breadcrumb\",\"itemListElement\":[{\"@type\":\"ListItem\",\"position\":1,\"name\":\"In\u00edcio\",\"item\":\"https:\/\/cleitonpinheiro.com.br\/site\/\"},{\"@type\":\"ListItem\",\"position\":2,\"name\":\"Palmas para o Brincar promete divertir a crian\u00e7ada; come\u00e7a neste domingo, 19\"}]},{\"@type\":\"WebSite\",\"@id\":\"https:\/\/cleitonpinheiro.com.br\/site\/#website\",\"url\":\"https:\/\/cleitonpinheiro.com.br\/site\/\",\"name\":\"PORTAL DE NOT\u00cdCIAS CLEITON PINHEIRO\",\"description\":\"FALANDO A VERDADE\",\"publisher\":{\"@id\":\"https:\/\/cleitonpinheiro.com.br\/site\/#organization\"},\"potentialAction\":[{\"@type\":\"SearchAction\",\"target\":{\"@type\":\"EntryPoint\",\"urlTemplate\":\"https:\/\/cleitonpinheiro.com.br\/site\/?s={search_term_string}\"},\"query-input\":{\"@type\":\"PropertyValueSpecification\",\"valueRequired\":true,\"valueName\":\"search_term_string\"}}],\"inLanguage\":\"pt-BR\"},{\"@type\":\"Organization\",\"@id\":\"https:\/\/cleitonpinheiro.com.br\/site\/#organization\",\"name\":\"CPNOT\u00cdCIAS\",\"url\":\"https:\/\/cleitonpinheiro.com.br\/site\/\",\"logo\":{\"@type\":\"ImageObject\",\"inLanguage\":\"pt-BR\",\"@id\":\"https:\/\/cleitonpinheiro.com.br\/site\/#\/schema\/logo\/image\/\",\"url\":\"https:\/\/cleitonpinheiro.com.br\/site\/wp-content\/uploads\/2022\/08\/Logo-pequena-2.png\",\"contentUrl\":\"https:\/\/cleitonpinheiro.com.br\/site\/wp-content\/uploads\/2022\/08\/Logo-pequena-2.png\",\"width\":500,\"height\":500,\"caption\":\"CPNOT\u00cdCIAS\"},\"image\":{\"@id\":\"https:\/\/cleitonpinheiro.com.br\/site\/#\/schema\/logo\/image\/\"},\"sameAs\":[\"https:\/\/www.facebook.com\/portalcpnoticias\/\"]},{\"@type\":\"Person\",\"@id\":\"https:\/\/cleitonpinheiro.com.br\/site\/#\/schema\/person\/62fd4eb98fcc8bd3fc477aaff264af51\",\"name\":\"Cleiton Pinheiro\",\"image\":{\"@type\":\"ImageObject\",\"inLanguage\":\"pt-BR\",\"@id\":\"https:\/\/cleitonpinheiro.com.br\/site\/#\/schema\/person\/image\/\",\"url\":\"https:\/\/secure.gravatar.com\/avatar\/15642ec35b78fe5eed3cfa8e4a3f3211d73a3df4f35f0566b4324958cba1b1b9?s=96&r=g\",\"contentUrl\":\"https:\/\/secure.gravatar.com\/avatar\/15642ec35b78fe5eed3cfa8e4a3f3211d73a3df4f35f0566b4324958cba1b1b9?s=96&r=g\",\"caption\":\"Cleiton Pinheiro\"},\"url\":\"https:\/\/cleitonpinheiro.com.br\/site\/author\/cleiton\/\"}]}<\/script>\n<!-- \/ Yoast SEO plugin. -->","yoast_head_json":{"title":"Palmas para o Brincar promete divertir a crian\u00e7ada; come\u00e7a neste domingo, 19 - PORTAL DE NOT\u00cdCIAS CLEITON PINHEIRO","robots":{"index":"index","follow":"follow","max-snippet":"max-snippet:-1","max-image-preview":"max-image-preview:large","max-video-preview":"max-video-preview:-1"},"canonical":"https:\/\/cleitonpinheiro.com.br\/site\/palmas-para-o-brincar-promete-divertir-a-criancada-comeca-neste-domingo-19\/","og_locale":"pt_BR","og_type":"article","og_title":"Palmas para o Brincar promete divertir a crian\u00e7ada; come\u00e7a neste domingo, 19 - PORTAL DE NOT\u00cdCIAS CLEITON PINHEIRO","og_description":"Durante uma semana inteirinha, os parques, pra\u00e7as e diversos espa\u00e7os p\u00fablicos destinados a\u00a0crian\u00e7as se tornar\u00e3o palco\u00a0da programa\u00e7\u00e3o do Palmas para o Brincar, um projeto promovido pela Secretaria Municipal da Educa\u00e7\u00e3o (Semed) para sensibilizar e estimular a popula\u00e7\u00e3o palmense sobre a import\u00e2ncia de atividades l\u00fadicas e divertidas na inf\u00e2ncia. Este ano o\u00a0convite feito a todas as [&hellip;]","og_url":"https:\/\/cleitonpinheiro.com.br\/site\/palmas-para-o-brincar-promete-divertir-a-criancada-comeca-neste-domingo-19\/","og_site_name":"PORTAL DE NOT\u00cdCIAS CLEITON PINHEIRO","article_publisher":"https:\/\/www.facebook.com\/portalcpnoticias\/","article_published_time":"2024-05-18T20:07:02+00:00","article_modified_time":"2024-05-18T20:07:06+00:00","og_image":[{"width":800,"height":533,"url":"https:\/\/cleitonpinheiro.com.br\/site\/wp-content\/uploads\/2024\/05\/d787f1eed2794650a2822fbbeea4e474.jpg","type":"image\/jpeg"}],"author":"Cleiton Pinheiro","twitter_card":"summary_large_image","twitter_misc":{"Escrito por":"Cleiton Pinheiro","Est. tempo de leitura":"4 minutos"},"schema":{"@context":"https:\/\/schema.org","@graph":[{"@type":"Article","@id":"https:\/\/cleitonpinheiro.com.br\/site\/palmas-para-o-brincar-promete-divertir-a-criancada-comeca-neste-domingo-19\/#article","isPartOf":{"@id":"https:\/\/cleitonpinheiro.com.br\/site\/palmas-para-o-brincar-promete-divertir-a-criancada-comeca-neste-domingo-19\/"},"author":{"name":"Cleiton Pinheiro","@id":"https:\/\/cleitonpinheiro.com.br\/site\/#\/schema\/person\/62fd4eb98fcc8bd3fc477aaff264af51"},"headline":"Palmas para o Brincar promete divertir a crian\u00e7ada; come\u00e7a neste domingo, 19","datePublished":"2024-05-18T20:07:02+00:00","dateModified":"2024-05-18T20:07:06+00:00","mainEntityOfPage":{"@id":"https:\/\/cleitonpinheiro.com.br\/site\/palmas-para-o-brincar-promete-divertir-a-criancada-comeca-neste-domingo-19\/"},"wordCount":560,"commentCount":0,"publisher":{"@id":"https:\/\/cleitonpinheiro.com.br\/site\/#organization"},"image":{"@id":"https:\/\/cleitonpinheiro.com.br\/site\/palmas-para-o-brincar-promete-divertir-a-criancada-comeca-neste-domingo-19\/#primaryimage"},"thumbnailUrl":"https:\/\/cleitonpinheiro.com.br\/site\/wp-content\/uploads\/2024\/05\/d787f1eed2794650a2822fbbeea4e474.jpg","articleSection":["CIDADES","MANCHETE SEGUND\u00c1RIA","TODAS NOTICIAS"],"inLanguage":"pt-BR","potentialAction":[{"@type":"CommentAction","name":"Comment","target":["https:\/\/cleitonpinheiro.com.br\/site\/palmas-para-o-brincar-promete-divertir-a-criancada-comeca-neste-domingo-19\/#respond"]}]},{"@type":"WebPage","@id":"https:\/\/cleitonpinheiro.com.br\/site\/palmas-para-o-brincar-promete-divertir-a-criancada-comeca-neste-domingo-19\/","url":"https:\/\/cleitonpinheiro.com.br\/site\/palmas-para-o-brincar-promete-divertir-a-criancada-comeca-neste-domingo-19\/","name":"Palmas para o Brincar promete divertir a crian\u00e7ada; come\u00e7a neste domingo, 19 - PORTAL DE NOT\u00cdCIAS CLEITON PINHEIRO","isPartOf":{"@id":"https:\/\/cleitonpinheiro.com.br\/site\/#website"},"primaryImageOfPage":{"@id":"https:\/\/cleitonpinheiro.com.br\/site\/palmas-para-o-brincar-promete-divertir-a-criancada-comeca-neste-domingo-19\/#primaryimage"},"image":{"@id":"https:\/\/cleitonpinheiro.com.br\/site\/palmas-para-o-brincar-promete-divertir-a-criancada-comeca-neste-domingo-19\/#primaryimage"},"thumbnailUrl":"https:\/\/cleitonpinheiro.com.br\/site\/wp-content\/uploads\/2024\/05\/d787f1eed2794650a2822fbbeea4e474.jpg","datePublished":"2024-05-18T20:07:02+00:00","dateModified":"2024-05-18T20:07:06+00:00","breadcrumb":{"@id":"https:\/\/cleitonpinheiro.com.br\/site\/palmas-para-o-brincar-promete-divertir-a-criancada-comeca-neste-domingo-19\/#breadcrumb"},"inLanguage":"pt-BR","potentialAction":[{"@type":"ReadAction","target":["https:\/\/cleitonpinheiro.com.br\/site\/palmas-para-o-brincar-promete-divertir-a-criancada-comeca-neste-domingo-19\/"]}]},{"@type":"ImageObject","inLanguage":"pt-BR","@id":"https:\/\/cleitonpinheiro.com.br\/site\/palmas-para-o-brincar-promete-divertir-a-criancada-comeca-neste-domingo-19\/#primaryimage","url":"","contentUrl":""},{"@type":"BreadcrumbList","@id":"https:\/\/cleitonpinheiro.com.br\/site\/palmas-para-o-brincar-promete-divertir-a-criancada-comeca-neste-domingo-19\/#breadcrumb","itemListElement":[{"@type":"ListItem","position":1,"name":"In\u00edcio","item":"https:\/\/cleitonpinheiro.com.br\/site\/"},{"@type":"ListItem","position":2,"name":"Palmas para o Brincar promete divertir a crian\u00e7ada; come\u00e7a neste domingo, 19"}]},{"@type":"WebSite","@id":"https:\/\/cleitonpinheiro.com.br\/site\/#website","url":"https:\/\/cleitonpinheiro.com.br\/site\/","name":"PORTAL DE NOT\u00cdCIAS CLEITON PINHEIRO","description":"FALANDO A VERDADE","publisher":{"@id":"https:\/\/cleitonpinheiro.com.br\/site\/#organization"},"potentialAction":[{"@type":"SearchAction","target":{"@type":"EntryPoint","urlTemplate":"https:\/\/cleitonpinheiro.com.br\/site\/?s={search_term_string}"},"query-input":{"@type":"PropertyValueSpecification","valueRequired":true,"valueName":"search_term_string"}}],"inLanguage":"pt-BR"},{"@type":"Organization","@id":"https:\/\/cleitonpinheiro.com.br\/site\/#organization","name":"CPNOT\u00cdCIAS","url":"https:\/\/cleitonpinheiro.com.br\/site\/","logo":{"@type":"ImageObject","inLanguage":"pt-BR","@id":"https:\/\/cleitonpinheiro.com.br\/site\/#\/schema\/logo\/image\/","url":"https:\/\/cleitonpinheiro.com.br\/site\/wp-content\/uploads\/2022\/08\/Logo-pequena-2.png","contentUrl":"https:\/\/cleitonpinheiro.com.br\/site\/wp-content\/uploads\/2022\/08\/Logo-pequena-2.png","width":500,"height":500,"caption":"CPNOT\u00cdCIAS"},"image":{"@id":"https:\/\/cleitonpinheiro.com.br\/site\/#\/schema\/logo\/image\/"},"sameAs":["https:\/\/www.facebook.com\/portalcpnoticias\/"]},{"@type":"Person","@id":"https:\/\/cleitonpinheiro.com.br\/site\/#\/schema\/person\/62fd4eb98fcc8bd3fc477aaff264af51","name":"Cleiton Pinheiro","image":{"@type":"ImageObject","inLanguage":"pt-BR","@id":"https:\/\/cleitonpinheiro.com.br\/site\/#\/schema\/person\/image\/","url":"https:\/\/secure.gravatar.com\/avatar\/15642ec35b78fe5eed3cfa8e4a3f3211d73a3df4f35f0566b4324958cba1b1b9?s=96&r=g","contentUrl":"https:\/\/secure.gravatar.com\/avatar\/15642ec35b78fe5eed3cfa8e4a3f3211d73a3df4f35f0566b4324958cba1b1b9?s=96&r=g","caption":"Cleiton Pinheiro"},"url":"https:\/\/cleitonpinheiro.com.br\/site\/author\/cleiton\/"}]}},"views":193,"_links":{"self":[{"href":"https:\/\/cleitonpinheiro.com.br\/site\/wp-json\/wp\/v2\/posts\/77306","targetHints":{"allow":["GET"]}}],"collection":[{"href":"https:\/\/cleitonpinheiro.com.br\/site\/wp-json\/wp\/v2\/posts"}],"about":[{"href":"https:\/\/cleitonpinheiro.com.br\/site\/wp-json\/wp\/v2\/types\/post"}],"author":[{"embeddable":true,"href":"https:\/\/cleitonpinheiro.com.br\/site\/wp-json\/wp\/v2\/users\/10"}],"replies":[{"embeddable":true,"href":"https:\/\/cleitonpinheiro.com.br\/site\/wp-json\/wp\/v2\/comments?post=77306"}],"version-history":[{"count":1,"href":"https:\/\/cleitonpinheiro.com.br\/site\/wp-json\/wp\/v2\/posts\/77306\/revisions"}],"predecessor-version":[{"id":77308,"href":"https:\/\/cleitonpinheiro.com.br\/site\/wp-json\/wp\/v2\/posts\/77306\/revisions\/77308"}],"wp:attachment":[{"href":"https:\/\/cleitonpinheiro.com.br\/site\/wp-json\/wp\/v2\/media?parent=77306"}],"wp:term":[{"taxonomy":"category","embeddable":true,"href":"https:\/\/cleitonpinheiro.com.br\/site\/wp-json\/wp\/v2\/categories?post=77306"},{"taxonomy":"post_tag","embeddable":true,"href":"https:\/\/cleitonpinheiro.com.br\/site\/wp-json\/wp\/v2\/tags?post=77306"}],"curies":[{"name":"wp","href":"https:\/\/api.w.org\/{rel}","templated":true}]}}