{"id":77312,"date":"2024-05-16T16:11:56","date_gmt":"2024-05-16T19:11:56","guid":{"rendered":"https:\/\/cleitonpinheiro.com.br\/site\/?p=77312"},"modified":"2024-05-17T16:14:01","modified_gmt":"2024-05-17T19:14:01","slug":"jardim-vitoria-i-recebe-imunizacao-contra-raiva-para-caes-e-gatos-nesta-quinta-16","status":"publish","type":"post","link":"https:\/\/cleitonpinheiro.com.br\/site\/jardim-vitoria-i-recebe-imunizacao-contra-raiva-para-caes-e-gatos-nesta-quinta-16\/","title":{"rendered":"Jardim Vit\u00f3ria I recebe imuniza\u00e7\u00e3o contra raiva para c\u00e3es e gatos nesta quinta, 16"},"content":{"rendered":"\n<figure class=\"wp-block-image size-full\"><img decoding=\"async\" src=\"https:\/\/cleitonpinheiro.com.br\/site\/wp-content\/uploads\/2024\/05\/f2e11e55-94da-4e8a-8dd2-06a7b5739a52.jpg\" alt=\"\" class=\"wp-image-77313\"\/><\/figure>\n\n\n\n<p>Os moradores do setor Jardim Vit\u00f3ria I podem levar seus c\u00e3es e gatos para receber a vacina antirr\u00e1bica nesta quinta-feira, dia 16. A vacina\u00e7\u00e3o ocorrer\u00e1 das 16\u00a0\u00e0s 20 horas na Associa\u00e7\u00e3o de Moradores do Jardim Vit\u00f3ria, localizada na Alameda 23, quadra 32, lote 5, pr\u00f3ximo ao Centro Municipal de Educa\u00e7\u00e3o Infantil (CMEI) Vit\u00f3ria R\u00e9gia.<\/p>\n\n\n\n<p>A mobiliza\u00e7\u00e3o ser\u00e1 realizada tamb\u00e9m ap\u00f3s o expediente comercial para atender tutores que n\u00e3o t\u00eam disponibilidade durante o hor\u00e1rio de trabalho. Para receber a vacina, os pets precisam estar saud\u00e1veis e n\u00e3o ter sido vacinados nos \u00faltimos 12 meses. A vacina\u00e7\u00e3o \u00e9 destinada apenas a animais com mais de tr\u00eas meses de idade.<\/p>\n\n\n\n<p><strong>Texto:\u00a0<\/strong>Prefeitura de Palmas<\/p>\n","protected":false},"excerpt":{"rendered":"<p>Os moradores do setor Jardim Vit\u00f3ria I podem levar seus c\u00e3es e gatos para receber a vacina antirr\u00e1bica nesta quinta-feira, dia 16. A vacina\u00e7\u00e3o ocorrer\u00e1 das 16\u00a0\u00e0s 20 horas na Associa\u00e7\u00e3o de Moradores do Jardim Vit\u00f3ria, localizada na Alameda 23, quadra 32, lote 5, pr\u00f3ximo ao Centro Municipal de Educa\u00e7\u00e3o Infantil (CMEI) Vit\u00f3ria R\u00e9gia. A [&hellip;]<\/p>\n","protected":false},"author":10,"featured_media":0,"comment_status":"open","ping_status":"open","sticky":false,"template":"","format":"standard","meta":{"_acf_changed":false,"footnotes":""},"categories":[22,20,21],"tags":[],"class_list":["post-77312","post","type-post","status-publish","format-standard","hentry","category-cidades","category-noticias-em-destaque","category-todas-noticias"],"acf":[],"yoast_head":"<!-- This site is optimized with the Yoast SEO plugin v24.4 - https:\/\/yoast.com\/wordpress\/plugins\/seo\/ -->\n<title>Jardim Vit\u00f3ria I recebe imuniza\u00e7\u00e3o contra raiva para c\u00e3es e gatos nesta quinta, 16 - PORTAL DE NOT\u00cdCIAS CLEITON PINHEIRO<\/title>\n<meta name=\"robots\" content=\"index, follow, max-snippet:-1, max-image-preview:large, max-video-preview:-1\" \/>\n<link rel=\"canonical\" href=\"https:\/\/cleitonpinheiro.com.br\/site\/jardim-vitoria-i-recebe-imunizacao-contra-raiva-para-caes-e-gatos-nesta-quinta-16\/\" \/>\n<meta property=\"og:locale\" content=\"pt_BR\" \/>\n<meta property=\"og:type\" content=\"article\" \/>\n<meta property=\"og:title\" content=\"Jardim Vit\u00f3ria I recebe imuniza\u00e7\u00e3o contra raiva para c\u00e3es e gatos nesta quinta, 16 - PORTAL DE NOT\u00cdCIAS CLEITON PINHEIRO\" \/>\n<meta property=\"og:description\" content=\"Os moradores do setor Jardim Vit\u00f3ria I podem levar seus c\u00e3es e gatos para receber a vacina antirr\u00e1bica nesta quinta-feira, dia 16. A vacina\u00e7\u00e3o ocorrer\u00e1 das 16\u00a0\u00e0s 20 horas na Associa\u00e7\u00e3o de Moradores do Jardim Vit\u00f3ria, localizada na Alameda 23, quadra 32, lote 5, pr\u00f3ximo ao Centro Municipal de Educa\u00e7\u00e3o Infantil (CMEI) Vit\u00f3ria R\u00e9gia. A [&hellip;]\" \/>\n<meta property=\"og:url\" content=\"https:\/\/cleitonpinheiro.com.br\/site\/jardim-vitoria-i-recebe-imunizacao-contra-raiva-para-caes-e-gatos-nesta-quinta-16\/\" \/>\n<meta property=\"og:site_name\" content=\"PORTAL DE NOT\u00cdCIAS CLEITON PINHEIRO\" \/>\n<meta property=\"article:publisher\" content=\"https:\/\/www.facebook.com\/portalcpnoticias\/\" \/>\n<meta property=\"article:published_time\" content=\"2024-05-16T19:11:56+00:00\" \/>\n<meta property=\"article:modified_time\" content=\"2024-05-17T19:14:01+00:00\" \/>\n<meta property=\"og:image\" content=\"https:\/\/cleitonpinheiro.com.br\/site\/wp-content\/uploads\/2024\/05\/f2e11e55-94da-4e8a-8dd2-06a7b5739a52.jpg\" \/>\n\t<meta property=\"og:image:width\" content=\"800\" \/>\n\t<meta property=\"og:image:height\" content=\"533\" \/>\n\t<meta property=\"og:image:type\" content=\"image\/jpeg\" \/>\n<meta name=\"author\" content=\"Cleiton Pinheiro\" \/>\n<meta name=\"twitter:card\" content=\"summary_large_image\" \/>\n<meta name=\"twitter:label1\" content=\"Escrito por\" \/>\n\t<meta name=\"twitter:data1\" content=\"Cleiton Pinheiro\" \/>\n\t<meta name=\"twitter:label2\" content=\"Est. tempo de leitura\" \/>\n\t<meta name=\"twitter:data2\" content=\"2 minutos\" \/>\n<script type=\"application\/ld+json\" class=\"yoast-schema-graph\">{\"@context\":\"https:\/\/schema.org\",\"@graph\":[{\"@type\":\"Article\",\"@id\":\"https:\/\/cleitonpinheiro.com.br\/site\/jardim-vitoria-i-recebe-imunizacao-contra-raiva-para-caes-e-gatos-nesta-quinta-16\/#article\",\"isPartOf\":{\"@id\":\"https:\/\/cleitonpinheiro.com.br\/site\/jardim-vitoria-i-recebe-imunizacao-contra-raiva-para-caes-e-gatos-nesta-quinta-16\/\"},\"author\":{\"name\":\"Cleiton Pinheiro\",\"@id\":\"https:\/\/cleitonpinheiro.com.br\/site\/#\/schema\/person\/62fd4eb98fcc8bd3fc477aaff264af51\"},\"headline\":\"Jardim Vit\u00f3ria I recebe imuniza\u00e7\u00e3o contra raiva para c\u00e3es e gatos nesta quinta, 16\",\"datePublished\":\"2024-05-16T19:11:56+00:00\",\"dateModified\":\"2024-05-17T19:14:01+00:00\",\"mainEntityOfPage\":{\"@id\":\"https:\/\/cleitonpinheiro.com.br\/site\/jardim-vitoria-i-recebe-imunizacao-contra-raiva-para-caes-e-gatos-nesta-quinta-16\/\"},\"wordCount\":140,\"commentCount\":0,\"publisher\":{\"@id\":\"https:\/\/cleitonpinheiro.com.br\/site\/#organization\"},\"image\":{\"@id\":\"https:\/\/cleitonpinheiro.com.br\/site\/jardim-vitoria-i-recebe-imunizacao-contra-raiva-para-caes-e-gatos-nesta-quinta-16\/#primaryimage\"},\"thumbnailUrl\":\"https:\/\/cleitonpinheiro.com.br\/site\/wp-content\/uploads\/2024\/05\/f2e11e55-94da-4e8a-8dd2-06a7b5739a52.jpg\",\"articleSection\":[\"CIDADES\",\"NOT\u00cdCIAS EM DESTAQUE\",\"TODAS NOTICIAS\"],\"inLanguage\":\"pt-BR\",\"potentialAction\":[{\"@type\":\"CommentAction\",\"name\":\"Comment\",\"target\":[\"https:\/\/cleitonpinheiro.com.br\/site\/jardim-vitoria-i-recebe-imunizacao-contra-raiva-para-caes-e-gatos-nesta-quinta-16\/#respond\"]}]},{\"@type\":\"WebPage\",\"@id\":\"https:\/\/cleitonpinheiro.com.br\/site\/jardim-vitoria-i-recebe-imunizacao-contra-raiva-para-caes-e-gatos-nesta-quinta-16\/\",\"url\":\"https:\/\/cleitonpinheiro.com.br\/site\/jardim-vitoria-i-recebe-imunizacao-contra-raiva-para-caes-e-gatos-nesta-quinta-16\/\",\"name\":\"Jardim Vit\u00f3ria I recebe imuniza\u00e7\u00e3o contra raiva para c\u00e3es e gatos nesta quinta, 16 - PORTAL DE NOT\u00cdCIAS CLEITON PINHEIRO\",\"isPartOf\":{\"@id\":\"https:\/\/cleitonpinheiro.com.br\/site\/#website\"},\"primaryImageOfPage\":{\"@id\":\"https:\/\/cleitonpinheiro.com.br\/site\/jardim-vitoria-i-recebe-imunizacao-contra-raiva-para-caes-e-gatos-nesta-quinta-16\/#primaryimage\"},\"image\":{\"@id\":\"https:\/\/cleitonpinheiro.com.br\/site\/jardim-vitoria-i-recebe-imunizacao-contra-raiva-para-caes-e-gatos-nesta-quinta-16\/#primaryimage\"},\"thumbnailUrl\":\"https:\/\/cleitonpinheiro.com.br\/site\/wp-content\/uploads\/2024\/05\/f2e11e55-94da-4e8a-8dd2-06a7b5739a52.jpg\",\"datePublished\":\"2024-05-16T19:11:56+00:00\",\"dateModified\":\"2024-05-17T19:14:01+00:00\",\"breadcrumb\":{\"@id\":\"https:\/\/cleitonpinheiro.com.br\/site\/jardim-vitoria-i-recebe-imunizacao-contra-raiva-para-caes-e-gatos-nesta-quinta-16\/#breadcrumb\"},\"inLanguage\":\"pt-BR\",\"potentialAction\":[{\"@type\":\"ReadAction\",\"target\":[\"https:\/\/cleitonpinheiro.com.br\/site\/jardim-vitoria-i-recebe-imunizacao-contra-raiva-para-caes-e-gatos-nesta-quinta-16\/\"]}]},{\"@type\":\"ImageObject\",\"inLanguage\":\"pt-BR\",\"@id\":\"https:\/\/cleitonpinheiro.com.br\/site\/jardim-vitoria-i-recebe-imunizacao-contra-raiva-para-caes-e-gatos-nesta-quinta-16\/#primaryimage\",\"url\":\"\",\"contentUrl\":\"\"},{\"@type\":\"BreadcrumbList\",\"@id\":\"https:\/\/cleitonpinheiro.com.br\/site\/jardim-vitoria-i-recebe-imunizacao-contra-raiva-para-caes-e-gatos-nesta-quinta-16\/#breadcrumb\",\"itemListElement\":[{\"@type\":\"ListItem\",\"position\":1,\"name\":\"In\u00edcio\",\"item\":\"https:\/\/cleitonpinheiro.com.br\/site\/\"},{\"@type\":\"ListItem\",\"position\":2,\"name\":\"Jardim Vit\u00f3ria I recebe imuniza\u00e7\u00e3o contra raiva para c\u00e3es e gatos nesta quinta, 16\"}]},{\"@type\":\"WebSite\",\"@id\":\"https:\/\/cleitonpinheiro.com.br\/site\/#website\",\"url\":\"https:\/\/cleitonpinheiro.com.br\/site\/\",\"name\":\"PORTAL DE NOT\u00cdCIAS CLEITON PINHEIRO\",\"description\":\"FALANDO A VERDADE\",\"publisher\":{\"@id\":\"https:\/\/cleitonpinheiro.com.br\/site\/#organization\"},\"potentialAction\":[{\"@type\":\"SearchAction\",\"target\":{\"@type\":\"EntryPoint\",\"urlTemplate\":\"https:\/\/cleitonpinheiro.com.br\/site\/?s={search_term_string}\"},\"query-input\":{\"@type\":\"PropertyValueSpecification\",\"valueRequired\":true,\"valueName\":\"search_term_string\"}}],\"inLanguage\":\"pt-BR\"},{\"@type\":\"Organization\",\"@id\":\"https:\/\/cleitonpinheiro.com.br\/site\/#organization\",\"name\":\"CPNOT\u00cdCIAS\",\"url\":\"https:\/\/cleitonpinheiro.com.br\/site\/\",\"logo\":{\"@type\":\"ImageObject\",\"inLanguage\":\"pt-BR\",\"@id\":\"https:\/\/cleitonpinheiro.com.br\/site\/#\/schema\/logo\/image\/\",\"url\":\"https:\/\/cleitonpinheiro.com.br\/site\/wp-content\/uploads\/2022\/08\/Logo-pequena-2.png\",\"contentUrl\":\"https:\/\/cleitonpinheiro.com.br\/site\/wp-content\/uploads\/2022\/08\/Logo-pequena-2.png\",\"width\":500,\"height\":500,\"caption\":\"CPNOT\u00cdCIAS\"},\"image\":{\"@id\":\"https:\/\/cleitonpinheiro.com.br\/site\/#\/schema\/logo\/image\/\"},\"sameAs\":[\"https:\/\/www.facebook.com\/portalcpnoticias\/\"]},{\"@type\":\"Person\",\"@id\":\"https:\/\/cleitonpinheiro.com.br\/site\/#\/schema\/person\/62fd4eb98fcc8bd3fc477aaff264af51\",\"name\":\"Cleiton Pinheiro\",\"image\":{\"@type\":\"ImageObject\",\"inLanguage\":\"pt-BR\",\"@id\":\"https:\/\/cleitonpinheiro.com.br\/site\/#\/schema\/person\/image\/\",\"url\":\"https:\/\/secure.gravatar.com\/avatar\/15642ec35b78fe5eed3cfa8e4a3f3211d73a3df4f35f0566b4324958cba1b1b9?s=96&r=g\",\"contentUrl\":\"https:\/\/secure.gravatar.com\/avatar\/15642ec35b78fe5eed3cfa8e4a3f3211d73a3df4f35f0566b4324958cba1b1b9?s=96&r=g\",\"caption\":\"Cleiton Pinheiro\"},\"url\":\"https:\/\/cleitonpinheiro.com.br\/site\/author\/cleiton\/\"}]}<\/script>\n<!-- \/ Yoast SEO plugin. -->","yoast_head_json":{"title":"Jardim Vit\u00f3ria I recebe imuniza\u00e7\u00e3o contra raiva para c\u00e3es e gatos nesta quinta, 16 - PORTAL DE NOT\u00cdCIAS CLEITON PINHEIRO","robots":{"index":"index","follow":"follow","max-snippet":"max-snippet:-1","max-image-preview":"max-image-preview:large","max-video-preview":"max-video-preview:-1"},"canonical":"https:\/\/cleitonpinheiro.com.br\/site\/jardim-vitoria-i-recebe-imunizacao-contra-raiva-para-caes-e-gatos-nesta-quinta-16\/","og_locale":"pt_BR","og_type":"article","og_title":"Jardim Vit\u00f3ria I recebe imuniza\u00e7\u00e3o contra raiva para c\u00e3es e gatos nesta quinta, 16 - PORTAL DE NOT\u00cdCIAS CLEITON PINHEIRO","og_description":"Os moradores do setor Jardim Vit\u00f3ria I podem levar seus c\u00e3es e gatos para receber a vacina antirr\u00e1bica nesta quinta-feira, dia 16. A vacina\u00e7\u00e3o ocorrer\u00e1 das 16\u00a0\u00e0s 20 horas na Associa\u00e7\u00e3o de Moradores do Jardim Vit\u00f3ria, localizada na Alameda 23, quadra 32, lote 5, pr\u00f3ximo ao Centro Municipal de Educa\u00e7\u00e3o Infantil (CMEI) Vit\u00f3ria R\u00e9gia. A [&hellip;]","og_url":"https:\/\/cleitonpinheiro.com.br\/site\/jardim-vitoria-i-recebe-imunizacao-contra-raiva-para-caes-e-gatos-nesta-quinta-16\/","og_site_name":"PORTAL DE NOT\u00cdCIAS CLEITON PINHEIRO","article_publisher":"https:\/\/www.facebook.com\/portalcpnoticias\/","article_published_time":"2024-05-16T19:11:56+00:00","article_modified_time":"2024-05-17T19:14:01+00:00","og_image":[{"width":800,"height":533,"url":"https:\/\/cleitonpinheiro.com.br\/site\/wp-content\/uploads\/2024\/05\/f2e11e55-94da-4e8a-8dd2-06a7b5739a52.jpg","type":"image\/jpeg"}],"author":"Cleiton Pinheiro","twitter_card":"summary_large_image","twitter_misc":{"Escrito por":"Cleiton Pinheiro","Est. tempo de leitura":"2 minutos"},"schema":{"@context":"https:\/\/schema.org","@graph":[{"@type":"Article","@id":"https:\/\/cleitonpinheiro.com.br\/site\/jardim-vitoria-i-recebe-imunizacao-contra-raiva-para-caes-e-gatos-nesta-quinta-16\/#article","isPartOf":{"@id":"https:\/\/cleitonpinheiro.com.br\/site\/jardim-vitoria-i-recebe-imunizacao-contra-raiva-para-caes-e-gatos-nesta-quinta-16\/"},"author":{"name":"Cleiton Pinheiro","@id":"https:\/\/cleitonpinheiro.com.br\/site\/#\/schema\/person\/62fd4eb98fcc8bd3fc477aaff264af51"},"headline":"Jardim Vit\u00f3ria I recebe imuniza\u00e7\u00e3o contra raiva para c\u00e3es e gatos nesta quinta, 16","datePublished":"2024-05-16T19:11:56+00:00","dateModified":"2024-05-17T19:14:01+00:00","mainEntityOfPage":{"@id":"https:\/\/cleitonpinheiro.com.br\/site\/jardim-vitoria-i-recebe-imunizacao-contra-raiva-para-caes-e-gatos-nesta-quinta-16\/"},"wordCount":140,"commentCount":0,"publisher":{"@id":"https:\/\/cleitonpinheiro.com.br\/site\/#organization"},"image":{"@id":"https:\/\/cleitonpinheiro.com.br\/site\/jardim-vitoria-i-recebe-imunizacao-contra-raiva-para-caes-e-gatos-nesta-quinta-16\/#primaryimage"},"thumbnailUrl":"https:\/\/cleitonpinheiro.com.br\/site\/wp-content\/uploads\/2024\/05\/f2e11e55-94da-4e8a-8dd2-06a7b5739a52.jpg","articleSection":["CIDADES","NOT\u00cdCIAS EM DESTAQUE","TODAS NOTICIAS"],"inLanguage":"pt-BR","potentialAction":[{"@type":"CommentAction","name":"Comment","target":["https:\/\/cleitonpinheiro.com.br\/site\/jardim-vitoria-i-recebe-imunizacao-contra-raiva-para-caes-e-gatos-nesta-quinta-16\/#respond"]}]},{"@type":"WebPage","@id":"https:\/\/cleitonpinheiro.com.br\/site\/jardim-vitoria-i-recebe-imunizacao-contra-raiva-para-caes-e-gatos-nesta-quinta-16\/","url":"https:\/\/cleitonpinheiro.com.br\/site\/jardim-vitoria-i-recebe-imunizacao-contra-raiva-para-caes-e-gatos-nesta-quinta-16\/","name":"Jardim Vit\u00f3ria I recebe imuniza\u00e7\u00e3o contra raiva para c\u00e3es e gatos nesta quinta, 16 - PORTAL DE NOT\u00cdCIAS CLEITON PINHEIRO","isPartOf":{"@id":"https:\/\/cleitonpinheiro.com.br\/site\/#website"},"primaryImageOfPage":{"@id":"https:\/\/cleitonpinheiro.com.br\/site\/jardim-vitoria-i-recebe-imunizacao-contra-raiva-para-caes-e-gatos-nesta-quinta-16\/#primaryimage"},"image":{"@id":"https:\/\/cleitonpinheiro.com.br\/site\/jardim-vitoria-i-recebe-imunizacao-contra-raiva-para-caes-e-gatos-nesta-quinta-16\/#primaryimage"},"thumbnailUrl":"https:\/\/cleitonpinheiro.com.br\/site\/wp-content\/uploads\/2024\/05\/f2e11e55-94da-4e8a-8dd2-06a7b5739a52.jpg","datePublished":"2024-05-16T19:11:56+00:00","dateModified":"2024-05-17T19:14:01+00:00","breadcrumb":{"@id":"https:\/\/cleitonpinheiro.com.br\/site\/jardim-vitoria-i-recebe-imunizacao-contra-raiva-para-caes-e-gatos-nesta-quinta-16\/#breadcrumb"},"inLanguage":"pt-BR","potentialAction":[{"@type":"ReadAction","target":["https:\/\/cleitonpinheiro.com.br\/site\/jardim-vitoria-i-recebe-imunizacao-contra-raiva-para-caes-e-gatos-nesta-quinta-16\/"]}]},{"@type":"ImageObject","inLanguage":"pt-BR","@id":"https:\/\/cleitonpinheiro.com.br\/site\/jardim-vitoria-i-recebe-imunizacao-contra-raiva-para-caes-e-gatos-nesta-quinta-16\/#primaryimage","url":"","contentUrl":""},{"@type":"BreadcrumbList","@id":"https:\/\/cleitonpinheiro.com.br\/site\/jardim-vitoria-i-recebe-imunizacao-contra-raiva-para-caes-e-gatos-nesta-quinta-16\/#breadcrumb","itemListElement":[{"@type":"ListItem","position":1,"name":"In\u00edcio","item":"https:\/\/cleitonpinheiro.com.br\/site\/"},{"@type":"ListItem","position":2,"name":"Jardim Vit\u00f3ria I recebe imuniza\u00e7\u00e3o contra raiva para c\u00e3es e gatos nesta quinta, 16"}]},{"@type":"WebSite","@id":"https:\/\/cleitonpinheiro.com.br\/site\/#website","url":"https:\/\/cleitonpinheiro.com.br\/site\/","name":"PORTAL DE NOT\u00cdCIAS CLEITON PINHEIRO","description":"FALANDO A VERDADE","publisher":{"@id":"https:\/\/cleitonpinheiro.com.br\/site\/#organization"},"potentialAction":[{"@type":"SearchAction","target":{"@type":"EntryPoint","urlTemplate":"https:\/\/cleitonpinheiro.com.br\/site\/?s={search_term_string}"},"query-input":{"@type":"PropertyValueSpecification","valueRequired":true,"valueName":"search_term_string"}}],"inLanguage":"pt-BR"},{"@type":"Organization","@id":"https:\/\/cleitonpinheiro.com.br\/site\/#organization","name":"CPNOT\u00cdCIAS","url":"https:\/\/cleitonpinheiro.com.br\/site\/","logo":{"@type":"ImageObject","inLanguage":"pt-BR","@id":"https:\/\/cleitonpinheiro.com.br\/site\/#\/schema\/logo\/image\/","url":"https:\/\/cleitonpinheiro.com.br\/site\/wp-content\/uploads\/2022\/08\/Logo-pequena-2.png","contentUrl":"https:\/\/cleitonpinheiro.com.br\/site\/wp-content\/uploads\/2022\/08\/Logo-pequena-2.png","width":500,"height":500,"caption":"CPNOT\u00cdCIAS"},"image":{"@id":"https:\/\/cleitonpinheiro.com.br\/site\/#\/schema\/logo\/image\/"},"sameAs":["https:\/\/www.facebook.com\/portalcpnoticias\/"]},{"@type":"Person","@id":"https:\/\/cleitonpinheiro.com.br\/site\/#\/schema\/person\/62fd4eb98fcc8bd3fc477aaff264af51","name":"Cleiton Pinheiro","image":{"@type":"ImageObject","inLanguage":"pt-BR","@id":"https:\/\/cleitonpinheiro.com.br\/site\/#\/schema\/person\/image\/","url":"https:\/\/secure.gravatar.com\/avatar\/15642ec35b78fe5eed3cfa8e4a3f3211d73a3df4f35f0566b4324958cba1b1b9?s=96&r=g","contentUrl":"https:\/\/secure.gravatar.com\/avatar\/15642ec35b78fe5eed3cfa8e4a3f3211d73a3df4f35f0566b4324958cba1b1b9?s=96&r=g","caption":"Cleiton Pinheiro"},"url":"https:\/\/cleitonpinheiro.com.br\/site\/author\/cleiton\/"}]}},"views":157,"_links":{"self":[{"href":"https:\/\/cleitonpinheiro.com.br\/site\/wp-json\/wp\/v2\/posts\/77312","targetHints":{"allow":["GET"]}}],"collection":[{"href":"https:\/\/cleitonpinheiro.com.br\/site\/wp-json\/wp\/v2\/posts"}],"about":[{"href":"https:\/\/cleitonpinheiro.com.br\/site\/wp-json\/wp\/v2\/types\/post"}],"author":[{"embeddable":true,"href":"https:\/\/cleitonpinheiro.com.br\/site\/wp-json\/wp\/v2\/users\/10"}],"replies":[{"embeddable":true,"href":"https:\/\/cleitonpinheiro.com.br\/site\/wp-json\/wp\/v2\/comments?post=77312"}],"version-history":[{"count":1,"href":"https:\/\/cleitonpinheiro.com.br\/site\/wp-json\/wp\/v2\/posts\/77312\/revisions"}],"predecessor-version":[{"id":77314,"href":"https:\/\/cleitonpinheiro.com.br\/site\/wp-json\/wp\/v2\/posts\/77312\/revisions\/77314"}],"wp:attachment":[{"href":"https:\/\/cleitonpinheiro.com.br\/site\/wp-json\/wp\/v2\/media?parent=77312"}],"wp:term":[{"taxonomy":"category","embeddable":true,"href":"https:\/\/cleitonpinheiro.com.br\/site\/wp-json\/wp\/v2\/categories?post=77312"},{"taxonomy":"post_tag","embeddable":true,"href":"https:\/\/cleitonpinheiro.com.br\/site\/wp-json\/wp\/v2\/tags?post=77312"}],"curies":[{"name":"wp","href":"https:\/\/api.w.org\/{rel}","templated":true}]}}