{"id":77315,"date":"2024-05-18T17:08:25","date_gmt":"2024-05-18T20:08:25","guid":{"rendered":"https:\/\/cleitonpinheiro.com.br\/site\/?p=77315"},"modified":"2024-05-18T17:08:29","modified_gmt":"2024-05-18T20:08:29","slug":"semus-abre-tres-unidades-de-saude-durante-o-final-de-semana-e-feriado-do-dia-20","status":"publish","type":"post","link":"https:\/\/cleitonpinheiro.com.br\/site\/semus-abre-tres-unidades-de-saude-durante-o-final-de-semana-e-feriado-do-dia-20\/","title":{"rendered":"Semus abre tr\u00eas unidades de sa\u00fade durante o final de semana e feriado do dia 20"},"content":{"rendered":"\n<figure class=\"wp-block-image size-full\"><img decoding=\"async\" src=\"https:\/\/cleitonpinheiro.com.br\/site\/wp-content\/uploads\/2024\/05\/bbec3508-6b0d-40e5-91da-bd085c53c9c7.jpg\" alt=\"\" class=\"wp-image-77316\"\/><figcaption class=\"wp-element-caption\">Foto: Francisco Barros\/Prefeitura de Palmas<\/figcaption><\/figure>\n\n\n\n<p>Em resposta ao aumento do fluxo de pacientes com sintomas gripais, v\u00edrus respirat\u00f3rios e arboviroses (<em>zika<\/em>, dengue e\u00a0<em>chikungunya<\/em>), a Secretaria Municipal da Sa\u00fade (Semus) abrir\u00e1 duas Unidades de Sa\u00fade da Fam\u00edlia (USFs) no final de semana e no anivers\u00e1rio da Capital, dia 20 de maio. As USFs do Jos\u00e9 Hermes Rodrigues Damaso (Setor Sul) e da Arno 61 (503 Norte) estar\u00e3o em funcionamento durante esses dias.<\/p>\n\n\n\n<p>Al\u00e9m disso, a USF Walter Pereira Morato, em Taquaru\u00e7u, tamb\u00e9m funcionar\u00e1 durante esses tr\u00eas dias em regime de 24 horas, mas exclusivamente para casos de urg\u00eancia.<\/p>\n\n\n\n<p>As unidades oferecer\u00e3o atendimento m\u00e9dico e de enfermagem, vacina\u00e7\u00e3o e dispensa\u00e7\u00e3o de medicamentos. A medida visa evitar a sobrecarga nas Unidades de Pronto Atendimento (UPAs), direcionando os pacientes com sintomas leves para as USFs abertas.<\/p>\n\n\n\n<p><strong>Texto:\u00a0<\/strong>Prefeitura de Palmas<\/p>\n","protected":false},"excerpt":{"rendered":"<p>Em resposta ao aumento do fluxo de pacientes com sintomas gripais, v\u00edrus respirat\u00f3rios e arboviroses (zika, dengue e\u00a0chikungunya), a Secretaria Municipal da Sa\u00fade (Semus) abrir\u00e1 duas Unidades de Sa\u00fade da Fam\u00edlia (USFs) no final de semana e no anivers\u00e1rio da Capital, dia 20 de maio. As USFs do Jos\u00e9 Hermes Rodrigues Damaso (Setor Sul) e [&hellip;]<\/p>\n","protected":false},"author":10,"featured_media":0,"comment_status":"open","ping_status":"open","sticky":false,"template":"","format":"standard","meta":{"_acf_changed":false,"footnotes":""},"categories":[22,898,21],"tags":[],"class_list":["post-77315","post","type-post","status-publish","format-standard","hentry","category-cidades","category-manchete-segundaria","category-todas-noticias"],"acf":[],"yoast_head":"<!-- This site is optimized with the Yoast SEO plugin v24.4 - https:\/\/yoast.com\/wordpress\/plugins\/seo\/ -->\n<title>Semus abre tr\u00eas unidades de sa\u00fade durante o final de semana e feriado do dia 20 - PORTAL DE NOT\u00cdCIAS CLEITON PINHEIRO<\/title>\n<meta name=\"robots\" content=\"index, follow, max-snippet:-1, max-image-preview:large, max-video-preview:-1\" \/>\n<link rel=\"canonical\" href=\"https:\/\/cleitonpinheiro.com.br\/site\/semus-abre-tres-unidades-de-saude-durante-o-final-de-semana-e-feriado-do-dia-20\/\" \/>\n<meta property=\"og:locale\" content=\"pt_BR\" \/>\n<meta property=\"og:type\" content=\"article\" \/>\n<meta property=\"og:title\" content=\"Semus abre tr\u00eas unidades de sa\u00fade durante o final de semana e feriado do dia 20 - PORTAL DE NOT\u00cdCIAS CLEITON PINHEIRO\" \/>\n<meta property=\"og:description\" content=\"Em resposta ao aumento do fluxo de pacientes com sintomas gripais, v\u00edrus respirat\u00f3rios e arboviroses (zika, dengue e\u00a0chikungunya), a Secretaria Municipal da Sa\u00fade (Semus) abrir\u00e1 duas Unidades de Sa\u00fade da Fam\u00edlia (USFs) no final de semana e no anivers\u00e1rio da Capital, dia 20 de maio. As USFs do Jos\u00e9 Hermes Rodrigues Damaso (Setor Sul) e [&hellip;]\" \/>\n<meta property=\"og:url\" content=\"https:\/\/cleitonpinheiro.com.br\/site\/semus-abre-tres-unidades-de-saude-durante-o-final-de-semana-e-feriado-do-dia-20\/\" \/>\n<meta property=\"og:site_name\" content=\"PORTAL DE NOT\u00cdCIAS CLEITON PINHEIRO\" \/>\n<meta property=\"article:publisher\" content=\"https:\/\/www.facebook.com\/portalcpnoticias\/\" \/>\n<meta property=\"article:published_time\" content=\"2024-05-18T20:08:25+00:00\" \/>\n<meta property=\"article:modified_time\" content=\"2024-05-18T20:08:29+00:00\" \/>\n<meta property=\"og:image\" content=\"https:\/\/cleitonpinheiro.com.br\/site\/wp-content\/uploads\/2024\/05\/bbec3508-6b0d-40e5-91da-bd085c53c9c7.jpg\" \/>\n\t<meta property=\"og:image:width\" content=\"800\" \/>\n\t<meta property=\"og:image:height\" content=\"533\" \/>\n\t<meta property=\"og:image:type\" content=\"image\/jpeg\" \/>\n<meta name=\"author\" content=\"Cleiton Pinheiro\" \/>\n<meta name=\"twitter:card\" content=\"summary_large_image\" \/>\n<meta name=\"twitter:label1\" content=\"Escrito por\" \/>\n\t<meta name=\"twitter:data1\" content=\"Cleiton Pinheiro\" \/>\n\t<meta name=\"twitter:label2\" content=\"Est. tempo de leitura\" \/>\n\t<meta name=\"twitter:data2\" content=\"2 minutos\" \/>\n<script type=\"application\/ld+json\" class=\"yoast-schema-graph\">{\"@context\":\"https:\/\/schema.org\",\"@graph\":[{\"@type\":\"Article\",\"@id\":\"https:\/\/cleitonpinheiro.com.br\/site\/semus-abre-tres-unidades-de-saude-durante-o-final-de-semana-e-feriado-do-dia-20\/#article\",\"isPartOf\":{\"@id\":\"https:\/\/cleitonpinheiro.com.br\/site\/semus-abre-tres-unidades-de-saude-durante-o-final-de-semana-e-feriado-do-dia-20\/\"},\"author\":{\"name\":\"Cleiton Pinheiro\",\"@id\":\"https:\/\/cleitonpinheiro.com.br\/site\/#\/schema\/person\/62fd4eb98fcc8bd3fc477aaff264af51\"},\"headline\":\"Semus abre tr\u00eas unidades de sa\u00fade durante o final de semana e feriado do dia 20\",\"datePublished\":\"2024-05-18T20:08:25+00:00\",\"dateModified\":\"2024-05-18T20:08:29+00:00\",\"mainEntityOfPage\":{\"@id\":\"https:\/\/cleitonpinheiro.com.br\/site\/semus-abre-tres-unidades-de-saude-durante-o-final-de-semana-e-feriado-do-dia-20\/\"},\"wordCount\":167,\"commentCount\":0,\"publisher\":{\"@id\":\"https:\/\/cleitonpinheiro.com.br\/site\/#organization\"},\"image\":{\"@id\":\"https:\/\/cleitonpinheiro.com.br\/site\/semus-abre-tres-unidades-de-saude-durante-o-final-de-semana-e-feriado-do-dia-20\/#primaryimage\"},\"thumbnailUrl\":\"https:\/\/cleitonpinheiro.com.br\/site\/wp-content\/uploads\/2024\/05\/bbec3508-6b0d-40e5-91da-bd085c53c9c7.jpg\",\"articleSection\":[\"CIDADES\",\"MANCHETE SEGUND\u00c1RIA\",\"TODAS NOTICIAS\"],\"inLanguage\":\"pt-BR\",\"potentialAction\":[{\"@type\":\"CommentAction\",\"name\":\"Comment\",\"target\":[\"https:\/\/cleitonpinheiro.com.br\/site\/semus-abre-tres-unidades-de-saude-durante-o-final-de-semana-e-feriado-do-dia-20\/#respond\"]}]},{\"@type\":\"WebPage\",\"@id\":\"https:\/\/cleitonpinheiro.com.br\/site\/semus-abre-tres-unidades-de-saude-durante-o-final-de-semana-e-feriado-do-dia-20\/\",\"url\":\"https:\/\/cleitonpinheiro.com.br\/site\/semus-abre-tres-unidades-de-saude-durante-o-final-de-semana-e-feriado-do-dia-20\/\",\"name\":\"Semus abre tr\u00eas unidades de sa\u00fade durante o final de semana e feriado do dia 20 - PORTAL DE NOT\u00cdCIAS CLEITON PINHEIRO\",\"isPartOf\":{\"@id\":\"https:\/\/cleitonpinheiro.com.br\/site\/#website\"},\"primaryImageOfPage\":{\"@id\":\"https:\/\/cleitonpinheiro.com.br\/site\/semus-abre-tres-unidades-de-saude-durante-o-final-de-semana-e-feriado-do-dia-20\/#primaryimage\"},\"image\":{\"@id\":\"https:\/\/cleitonpinheiro.com.br\/site\/semus-abre-tres-unidades-de-saude-durante-o-final-de-semana-e-feriado-do-dia-20\/#primaryimage\"},\"thumbnailUrl\":\"https:\/\/cleitonpinheiro.com.br\/site\/wp-content\/uploads\/2024\/05\/bbec3508-6b0d-40e5-91da-bd085c53c9c7.jpg\",\"datePublished\":\"2024-05-18T20:08:25+00:00\",\"dateModified\":\"2024-05-18T20:08:29+00:00\",\"breadcrumb\":{\"@id\":\"https:\/\/cleitonpinheiro.com.br\/site\/semus-abre-tres-unidades-de-saude-durante-o-final-de-semana-e-feriado-do-dia-20\/#breadcrumb\"},\"inLanguage\":\"pt-BR\",\"potentialAction\":[{\"@type\":\"ReadAction\",\"target\":[\"https:\/\/cleitonpinheiro.com.br\/site\/semus-abre-tres-unidades-de-saude-durante-o-final-de-semana-e-feriado-do-dia-20\/\"]}]},{\"@type\":\"ImageObject\",\"inLanguage\":\"pt-BR\",\"@id\":\"https:\/\/cleitonpinheiro.com.br\/site\/semus-abre-tres-unidades-de-saude-durante-o-final-de-semana-e-feriado-do-dia-20\/#primaryimage\",\"url\":\"\",\"contentUrl\":\"\"},{\"@type\":\"BreadcrumbList\",\"@id\":\"https:\/\/cleitonpinheiro.com.br\/site\/semus-abre-tres-unidades-de-saude-durante-o-final-de-semana-e-feriado-do-dia-20\/#breadcrumb\",\"itemListElement\":[{\"@type\":\"ListItem\",\"position\":1,\"name\":\"In\u00edcio\",\"item\":\"https:\/\/cleitonpinheiro.com.br\/site\/\"},{\"@type\":\"ListItem\",\"position\":2,\"name\":\"Semus abre tr\u00eas unidades de sa\u00fade durante o final de semana e feriado do dia 20\"}]},{\"@type\":\"WebSite\",\"@id\":\"https:\/\/cleitonpinheiro.com.br\/site\/#website\",\"url\":\"https:\/\/cleitonpinheiro.com.br\/site\/\",\"name\":\"PORTAL DE NOT\u00cdCIAS CLEITON PINHEIRO\",\"description\":\"FALANDO A VERDADE\",\"publisher\":{\"@id\":\"https:\/\/cleitonpinheiro.com.br\/site\/#organization\"},\"potentialAction\":[{\"@type\":\"SearchAction\",\"target\":{\"@type\":\"EntryPoint\",\"urlTemplate\":\"https:\/\/cleitonpinheiro.com.br\/site\/?s={search_term_string}\"},\"query-input\":{\"@type\":\"PropertyValueSpecification\",\"valueRequired\":true,\"valueName\":\"search_term_string\"}}],\"inLanguage\":\"pt-BR\"},{\"@type\":\"Organization\",\"@id\":\"https:\/\/cleitonpinheiro.com.br\/site\/#organization\",\"name\":\"CPNOT\u00cdCIAS\",\"url\":\"https:\/\/cleitonpinheiro.com.br\/site\/\",\"logo\":{\"@type\":\"ImageObject\",\"inLanguage\":\"pt-BR\",\"@id\":\"https:\/\/cleitonpinheiro.com.br\/site\/#\/schema\/logo\/image\/\",\"url\":\"https:\/\/cleitonpinheiro.com.br\/site\/wp-content\/uploads\/2022\/08\/Logo-pequena-2.png\",\"contentUrl\":\"https:\/\/cleitonpinheiro.com.br\/site\/wp-content\/uploads\/2022\/08\/Logo-pequena-2.png\",\"width\":500,\"height\":500,\"caption\":\"CPNOT\u00cdCIAS\"},\"image\":{\"@id\":\"https:\/\/cleitonpinheiro.com.br\/site\/#\/schema\/logo\/image\/\"},\"sameAs\":[\"https:\/\/www.facebook.com\/portalcpnoticias\/\"]},{\"@type\":\"Person\",\"@id\":\"https:\/\/cleitonpinheiro.com.br\/site\/#\/schema\/person\/62fd4eb98fcc8bd3fc477aaff264af51\",\"name\":\"Cleiton Pinheiro\",\"image\":{\"@type\":\"ImageObject\",\"inLanguage\":\"pt-BR\",\"@id\":\"https:\/\/cleitonpinheiro.com.br\/site\/#\/schema\/person\/image\/\",\"url\":\"https:\/\/secure.gravatar.com\/avatar\/15642ec35b78fe5eed3cfa8e4a3f3211d73a3df4f35f0566b4324958cba1b1b9?s=96&r=g\",\"contentUrl\":\"https:\/\/secure.gravatar.com\/avatar\/15642ec35b78fe5eed3cfa8e4a3f3211d73a3df4f35f0566b4324958cba1b1b9?s=96&r=g\",\"caption\":\"Cleiton Pinheiro\"},\"url\":\"https:\/\/cleitonpinheiro.com.br\/site\/author\/cleiton\/\"}]}<\/script>\n<!-- \/ Yoast SEO plugin. -->","yoast_head_json":{"title":"Semus abre tr\u00eas unidades de sa\u00fade durante o final de semana e feriado do dia 20 - PORTAL DE NOT\u00cdCIAS CLEITON PINHEIRO","robots":{"index":"index","follow":"follow","max-snippet":"max-snippet:-1","max-image-preview":"max-image-preview:large","max-video-preview":"max-video-preview:-1"},"canonical":"https:\/\/cleitonpinheiro.com.br\/site\/semus-abre-tres-unidades-de-saude-durante-o-final-de-semana-e-feriado-do-dia-20\/","og_locale":"pt_BR","og_type":"article","og_title":"Semus abre tr\u00eas unidades de sa\u00fade durante o final de semana e feriado do dia 20 - PORTAL DE NOT\u00cdCIAS CLEITON PINHEIRO","og_description":"Em resposta ao aumento do fluxo de pacientes com sintomas gripais, v\u00edrus respirat\u00f3rios e arboviroses (zika, dengue e\u00a0chikungunya), a Secretaria Municipal da Sa\u00fade (Semus) abrir\u00e1 duas Unidades de Sa\u00fade da Fam\u00edlia (USFs) no final de semana e no anivers\u00e1rio da Capital, dia 20 de maio. As USFs do Jos\u00e9 Hermes Rodrigues Damaso (Setor Sul) e [&hellip;]","og_url":"https:\/\/cleitonpinheiro.com.br\/site\/semus-abre-tres-unidades-de-saude-durante-o-final-de-semana-e-feriado-do-dia-20\/","og_site_name":"PORTAL DE NOT\u00cdCIAS CLEITON PINHEIRO","article_publisher":"https:\/\/www.facebook.com\/portalcpnoticias\/","article_published_time":"2024-05-18T20:08:25+00:00","article_modified_time":"2024-05-18T20:08:29+00:00","og_image":[{"width":800,"height":533,"url":"https:\/\/cleitonpinheiro.com.br\/site\/wp-content\/uploads\/2024\/05\/bbec3508-6b0d-40e5-91da-bd085c53c9c7.jpg","type":"image\/jpeg"}],"author":"Cleiton Pinheiro","twitter_card":"summary_large_image","twitter_misc":{"Escrito por":"Cleiton Pinheiro","Est. tempo de leitura":"2 minutos"},"schema":{"@context":"https:\/\/schema.org","@graph":[{"@type":"Article","@id":"https:\/\/cleitonpinheiro.com.br\/site\/semus-abre-tres-unidades-de-saude-durante-o-final-de-semana-e-feriado-do-dia-20\/#article","isPartOf":{"@id":"https:\/\/cleitonpinheiro.com.br\/site\/semus-abre-tres-unidades-de-saude-durante-o-final-de-semana-e-feriado-do-dia-20\/"},"author":{"name":"Cleiton Pinheiro","@id":"https:\/\/cleitonpinheiro.com.br\/site\/#\/schema\/person\/62fd4eb98fcc8bd3fc477aaff264af51"},"headline":"Semus abre tr\u00eas unidades de sa\u00fade durante o final de semana e feriado do dia 20","datePublished":"2024-05-18T20:08:25+00:00","dateModified":"2024-05-18T20:08:29+00:00","mainEntityOfPage":{"@id":"https:\/\/cleitonpinheiro.com.br\/site\/semus-abre-tres-unidades-de-saude-durante-o-final-de-semana-e-feriado-do-dia-20\/"},"wordCount":167,"commentCount":0,"publisher":{"@id":"https:\/\/cleitonpinheiro.com.br\/site\/#organization"},"image":{"@id":"https:\/\/cleitonpinheiro.com.br\/site\/semus-abre-tres-unidades-de-saude-durante-o-final-de-semana-e-feriado-do-dia-20\/#primaryimage"},"thumbnailUrl":"https:\/\/cleitonpinheiro.com.br\/site\/wp-content\/uploads\/2024\/05\/bbec3508-6b0d-40e5-91da-bd085c53c9c7.jpg","articleSection":["CIDADES","MANCHETE SEGUND\u00c1RIA","TODAS NOTICIAS"],"inLanguage":"pt-BR","potentialAction":[{"@type":"CommentAction","name":"Comment","target":["https:\/\/cleitonpinheiro.com.br\/site\/semus-abre-tres-unidades-de-saude-durante-o-final-de-semana-e-feriado-do-dia-20\/#respond"]}]},{"@type":"WebPage","@id":"https:\/\/cleitonpinheiro.com.br\/site\/semus-abre-tres-unidades-de-saude-durante-o-final-de-semana-e-feriado-do-dia-20\/","url":"https:\/\/cleitonpinheiro.com.br\/site\/semus-abre-tres-unidades-de-saude-durante-o-final-de-semana-e-feriado-do-dia-20\/","name":"Semus abre tr\u00eas unidades de sa\u00fade durante o final de semana e feriado do dia 20 - PORTAL DE NOT\u00cdCIAS CLEITON PINHEIRO","isPartOf":{"@id":"https:\/\/cleitonpinheiro.com.br\/site\/#website"},"primaryImageOfPage":{"@id":"https:\/\/cleitonpinheiro.com.br\/site\/semus-abre-tres-unidades-de-saude-durante-o-final-de-semana-e-feriado-do-dia-20\/#primaryimage"},"image":{"@id":"https:\/\/cleitonpinheiro.com.br\/site\/semus-abre-tres-unidades-de-saude-durante-o-final-de-semana-e-feriado-do-dia-20\/#primaryimage"},"thumbnailUrl":"https:\/\/cleitonpinheiro.com.br\/site\/wp-content\/uploads\/2024\/05\/bbec3508-6b0d-40e5-91da-bd085c53c9c7.jpg","datePublished":"2024-05-18T20:08:25+00:00","dateModified":"2024-05-18T20:08:29+00:00","breadcrumb":{"@id":"https:\/\/cleitonpinheiro.com.br\/site\/semus-abre-tres-unidades-de-saude-durante-o-final-de-semana-e-feriado-do-dia-20\/#breadcrumb"},"inLanguage":"pt-BR","potentialAction":[{"@type":"ReadAction","target":["https:\/\/cleitonpinheiro.com.br\/site\/semus-abre-tres-unidades-de-saude-durante-o-final-de-semana-e-feriado-do-dia-20\/"]}]},{"@type":"ImageObject","inLanguage":"pt-BR","@id":"https:\/\/cleitonpinheiro.com.br\/site\/semus-abre-tres-unidades-de-saude-durante-o-final-de-semana-e-feriado-do-dia-20\/#primaryimage","url":"","contentUrl":""},{"@type":"BreadcrumbList","@id":"https:\/\/cleitonpinheiro.com.br\/site\/semus-abre-tres-unidades-de-saude-durante-o-final-de-semana-e-feriado-do-dia-20\/#breadcrumb","itemListElement":[{"@type":"ListItem","position":1,"name":"In\u00edcio","item":"https:\/\/cleitonpinheiro.com.br\/site\/"},{"@type":"ListItem","position":2,"name":"Semus abre tr\u00eas unidades de sa\u00fade durante o final de semana e feriado do dia 20"}]},{"@type":"WebSite","@id":"https:\/\/cleitonpinheiro.com.br\/site\/#website","url":"https:\/\/cleitonpinheiro.com.br\/site\/","name":"PORTAL DE NOT\u00cdCIAS CLEITON PINHEIRO","description":"FALANDO A VERDADE","publisher":{"@id":"https:\/\/cleitonpinheiro.com.br\/site\/#organization"},"potentialAction":[{"@type":"SearchAction","target":{"@type":"EntryPoint","urlTemplate":"https:\/\/cleitonpinheiro.com.br\/site\/?s={search_term_string}"},"query-input":{"@type":"PropertyValueSpecification","valueRequired":true,"valueName":"search_term_string"}}],"inLanguage":"pt-BR"},{"@type":"Organization","@id":"https:\/\/cleitonpinheiro.com.br\/site\/#organization","name":"CPNOT\u00cdCIAS","url":"https:\/\/cleitonpinheiro.com.br\/site\/","logo":{"@type":"ImageObject","inLanguage":"pt-BR","@id":"https:\/\/cleitonpinheiro.com.br\/site\/#\/schema\/logo\/image\/","url":"https:\/\/cleitonpinheiro.com.br\/site\/wp-content\/uploads\/2022\/08\/Logo-pequena-2.png","contentUrl":"https:\/\/cleitonpinheiro.com.br\/site\/wp-content\/uploads\/2022\/08\/Logo-pequena-2.png","width":500,"height":500,"caption":"CPNOT\u00cdCIAS"},"image":{"@id":"https:\/\/cleitonpinheiro.com.br\/site\/#\/schema\/logo\/image\/"},"sameAs":["https:\/\/www.facebook.com\/portalcpnoticias\/"]},{"@type":"Person","@id":"https:\/\/cleitonpinheiro.com.br\/site\/#\/schema\/person\/62fd4eb98fcc8bd3fc477aaff264af51","name":"Cleiton Pinheiro","image":{"@type":"ImageObject","inLanguage":"pt-BR","@id":"https:\/\/cleitonpinheiro.com.br\/site\/#\/schema\/person\/image\/","url":"https:\/\/secure.gravatar.com\/avatar\/15642ec35b78fe5eed3cfa8e4a3f3211d73a3df4f35f0566b4324958cba1b1b9?s=96&r=g","contentUrl":"https:\/\/secure.gravatar.com\/avatar\/15642ec35b78fe5eed3cfa8e4a3f3211d73a3df4f35f0566b4324958cba1b1b9?s=96&r=g","caption":"Cleiton Pinheiro"},"url":"https:\/\/cleitonpinheiro.com.br\/site\/author\/cleiton\/"}]}},"views":192,"_links":{"self":[{"href":"https:\/\/cleitonpinheiro.com.br\/site\/wp-json\/wp\/v2\/posts\/77315","targetHints":{"allow":["GET"]}}],"collection":[{"href":"https:\/\/cleitonpinheiro.com.br\/site\/wp-json\/wp\/v2\/posts"}],"about":[{"href":"https:\/\/cleitonpinheiro.com.br\/site\/wp-json\/wp\/v2\/types\/post"}],"author":[{"embeddable":true,"href":"https:\/\/cleitonpinheiro.com.br\/site\/wp-json\/wp\/v2\/users\/10"}],"replies":[{"embeddable":true,"href":"https:\/\/cleitonpinheiro.com.br\/site\/wp-json\/wp\/v2\/comments?post=77315"}],"version-history":[{"count":1,"href":"https:\/\/cleitonpinheiro.com.br\/site\/wp-json\/wp\/v2\/posts\/77315\/revisions"}],"predecessor-version":[{"id":77317,"href":"https:\/\/cleitonpinheiro.com.br\/site\/wp-json\/wp\/v2\/posts\/77315\/revisions\/77317"}],"wp:attachment":[{"href":"https:\/\/cleitonpinheiro.com.br\/site\/wp-json\/wp\/v2\/media?parent=77315"}],"wp:term":[{"taxonomy":"category","embeddable":true,"href":"https:\/\/cleitonpinheiro.com.br\/site\/wp-json\/wp\/v2\/categories?post=77315"},{"taxonomy":"post_tag","embeddable":true,"href":"https:\/\/cleitonpinheiro.com.br\/site\/wp-json\/wp\/v2\/tags?post=77315"}],"curies":[{"name":"wp","href":"https:\/\/api.w.org\/{rel}","templated":true}]}}